{"id":31611,"date":"2012-05-01T15:16:00","date_gmt":"2012-05-01T15:16:00","guid":{"rendered":"http:\/\/dev.matis.is\/?p=31611"},"modified":"2021-08-24T13:32:00","modified_gmt":"2021-08-24T13:32:00","slug":"islenskir-firdir-natturulegt-lifriki-isafjardardjups-og-tholmork-mengunar-lokaskyrsla-icelandic-fjords-natural-biodiversity-in-isafjardardjup-and-pollution-limits","status":"publish","type":"post","link":"https:\/\/matis.is\/en\/skyrsla\/islenskir-firdir-natturulegt-lifriki-isafjardardjups-og-tholmork-mengunar-lokaskyrsla-icelandic-fjords-natural-biodiversity-in-isafjardardjup-and-pollution-limits\/","title":{"rendered":"Icelandic fjords: The natural ecosystem of \u00cdsafjar\u00f0ardj\u00fapur and tolerance limits for pollution. Lokask\u00fdrsla \/ Icelandic fjords: Natural biodiversity in \u00cdsafjar\u00f0ardj\u00fap and pollution limits"},"content":{"rendered":"<h2 class=\"wp-block-heading\">Icelandic fjords: The natural ecosystem of \u00cdsafjar\u00f0ardj\u00fapur and tolerance limits for pollution. Lokask\u00fdrsla \/ Icelandic fjords: Natural biodiversity in \u00cdsafjar\u00f0ardj\u00fap and pollution limits<\/h2>\n\n\n\n<h4 class=\"wp-block-heading\">The main objective of the project was to define the natural ecosystem of \u00cdsafjar\u00f0ardj\u00fapur and the tolerance limits of pollution, especially with regard to the accumulation of organic matter on the bottom and possible nutrient enrichment. The project investigated the bottom habitat and shed light on possible species that can be used in Iceland to assess the accumulation of organic matter due to human activities, such as aquaculture.<\/h4>\n\n\n\n<p>Knowledge of benthic life in the shallow waters off Iceland is low, both under natural conditions and under stress from, for example, aquaculture. There is also a lack of knowledge about how benthic communities respond to stress from aquaculture, but in one study an attempt has been made to find answers to this regarding low stress. In order to understand which benthic community types exist under natural conditions and which in the case of pollution pollution, the relationship between benthic life inside and outside the area needs to be examined. In this way, it is possible to understand which animal groups are predominant in similar situations.<\/p>\n\n\n\n<p>The main object of the project was to define the natural biodiversity of \u00cdsafjardardj\u00fap, pollution limits, and potential impact of eutrophication. This was done by studying benthic populations at specific locations and define indicator species which can be used in Iceland to estimate accumulation of organic matter which stem from man \u2010 doings, like aquaculture. Knowledge about the benthic live in shallow waters around Iceland is little, both regarding natural circumstances and when there is pressure from man \u2010 doings. Knowledge is also poor about how benthic communities respond to pollution from aquaculture. This study shows the relationships between research stations with regards to kinship between found indicative species.<\/p>","protected":false},"excerpt":{"rendered":"<p>\u00cdslenskir fir\u00f0ir: N\u00e1tt\u00farulegt l\u00edfr\u00edki \u00cdsafjar\u00f0ardj\u00faps og \u00feolm\u00f6rk mengunar. Lokask\u00fdrsla \/ Icelandic fjords: Natural biodiversity in \u00cdsafjar\u00f0ardj\u00fap and pollution limits Meginmarkmi\u00f0 [&hellip;]<\/p>\n","protected":false},"author":1,"featured_media":0,"comment_status":"closed","ping_status":"open","sticky":false,"template":"","format":"standard","meta":{"_acf_changed":false,"_uag_custom_page_level_css":"","site-sidebar-layout":"default","site-content-layout":"","ast-site-content-layout":"default","site-content-style":"default","site-sidebar-style":"default","ast-global-header-display":"","ast-banner-title-visibility":"","ast-main-header-display":"","ast-hfb-above-header-display":"","ast-hfb-below-header-display":"","ast-hfb-mobile-header-display":"","site-post-title":"","ast-breadcrumbs-content":"","ast-featured-img":"","footer-sml-layout":"","ast-disable-related-posts":"","theme-transparent-header-meta":"","adv-header-id-meta":"","stick-header-meta":"","header-above-stick-meta":"","header-main-stick-meta":"","header-below-stick-meta":"","astra-migrate-meta-layouts":"default","ast-page-background-enabled":"default","ast-page-background-meta":{"desktop":{"background-color":"var(--ast-global-color-5)","background-image":"","background-repeat":"repeat","background-position":"center center","background-size":"auto","background-attachment":"scroll","background-type":"","background-media":"","overlay-type":"","overlay-color":"","overlay-opacity":"","overlay-gradient":""},"tablet":{"background-color":"","background-image":"","background-repeat":"repeat","background-position":"center center","background-size":"auto","background-attachment":"scroll","background-type":"","background-media":"","overlay-type":"","overlay-color":"","overlay-opacity":"","overlay-gradient":""},"mobile":{"background-color":"","background-image":"","background-repeat":"repeat","background-position":"center center","background-size":"auto","background-attachment":"scroll","background-type":"","background-media":"","overlay-type":"","overlay-color":"","overlay-opacity":"","overlay-gradient":""}},"ast-content-background-meta":{"desktop":{"background-color":"var(--ast-global-color-4)","background-image":"","background-repeat":"repeat","background-position":"center center","background-size":"auto","background-attachment":"scroll","background-type":"","background-media":"","overlay-type":"","overlay-color":"","overlay-opacity":"","overlay-gradient":""},"tablet":{"background-color":"var(--ast-global-color-4)","background-image":"","background-repeat":"repeat","background-position":"center center","background-size":"auto","background-attachment":"scroll","background-type":"","background-media":"","overlay-type":"","overlay-color":"","overlay-opacity":"","overlay-gradient":""},"mobile":{"background-color":"var(--ast-global-color-4)","background-image":"","background-repeat":"repeat","background-position":"center center","background-size":"auto","background-attachment":"scroll","background-type":"","background-media":"","overlay-type":"","overlay-color":"","overlay-opacity":"","overlay-gradient":""}},"footnotes":""},"categories":[15],"tags":[1032,1033,1034,1035,1036,1037,1038,1039,1040,1041,1042,1043],"class_list":["post-31611","post","type-post","status-publish","format-standard","hentry","category-skyrsla","tag-ahrif-mannsins","tag-eutrophication","tag-indicative-species","tag-isafjardardjup","tag-islenskir-firdir","tag-lifriki","tag-man-doings","tag-natural-biodiversity","tag-naeringarefnaaudgun","tag-pollution-limits","tag-visitegundir","tag-tholmork-mengunar"],"acf":[],"yoast_head":"<!-- This site is optimized with the Yoast SEO plugin v27.4 - https:\/\/yoast.com\/product\/yoast-seo-wordpress\/ -->\n<title>\u00cdslenskir fir\u00f0ir: N\u00e1tt\u00farulegt l\u00edfr\u00edki \u00cdsafjar\u00f0ardj\u00faps og \u00feolm\u00f6rk mengunar. Lokask\u00fdrsla \/ Icelandic fjords: Natural biodiversity in \u00cdsafjar\u00f0ardj\u00fap and pollution limits - Mat\u00eds<\/title>\n<meta name=\"robots\" content=\"index, follow, max-snippet:-1, max-image-preview:large, max-video-preview:-1\" \/>\n<link rel=\"canonical\" href=\"https:\/\/matis.is\/en\/skyrsla\/islenskir-firdir-natturulegt-lifriki-isafjardardjups-og-tholmork-mengunar-lokaskyrsla-icelandic-fjords-natural-biodiversity-in-isafjardardjup-and-pollution-limits\/\" \/>\n<meta property=\"og:locale\" content=\"en_GB\" \/>\n<meta property=\"og:type\" content=\"article\" \/>\n<meta property=\"og:title\" content=\"\u00cdslenskir fir\u00f0ir: N\u00e1tt\u00farulegt l\u00edfr\u00edki \u00cdsafjar\u00f0ardj\u00faps og \u00feolm\u00f6rk mengunar. Lokask\u00fdrsla \/ Icelandic fjords: Natural biodiversity in \u00cdsafjar\u00f0ardj\u00fap and pollution limits - Mat\u00eds\" \/>\n<meta property=\"og:description\" content=\"\u00cdslenskir fir\u00f0ir: N\u00e1tt\u00farulegt l\u00edfr\u00edki \u00cdsafjar\u00f0ardj\u00faps og \u00feolm\u00f6rk mengunar. Lokask\u00fdrsla \/ Icelandic fjords: Natural biodiversity in \u00cdsafjar\u00f0ardj\u00fap and pollution limits Meginmarkmi\u00f0 [&hellip;]\" \/>\n<meta property=\"og:url\" content=\"https:\/\/matis.is\/en\/skyrsla\/islenskir-firdir-natturulegt-lifriki-isafjardardjups-og-tholmork-mengunar-lokaskyrsla-icelandic-fjords-natural-biodiversity-in-isafjardardjup-and-pollution-limits\/\" \/>\n<meta property=\"og:site_name\" content=\"Mat\u00eds\" \/>\n<meta property=\"article:publisher\" content=\"https:\/\/www.facebook.com\/matisiceland\" \/>\n<meta property=\"article:published_time\" content=\"2012-05-01T15:16:00+00:00\" \/>\n<meta property=\"article:modified_time\" content=\"2021-08-24T13:32:00+00:00\" \/>\n<meta name=\"author\" content=\"admin\" \/>\n<meta name=\"twitter:card\" content=\"summary_large_image\" \/>\n<meta name=\"twitter:creator\" content=\"@matisiceland\" \/>\n<meta name=\"twitter:site\" content=\"@matisiceland\" \/>\n<meta name=\"twitter:label1\" content=\"Written by\" \/>\n\t<meta name=\"twitter:data1\" content=\"admin\" \/>\n\t<meta name=\"twitter:label2\" content=\"Estimated reading time\" \/>\n\t<meta name=\"twitter:data2\" content=\"2 minutes\" \/>\n<script type=\"application\/ld+json\" class=\"yoast-schema-graph\">{\"@context\":\"https:\\\/\\\/schema.org\",\"@graph\":[{\"@type\":\"Article\",\"@id\":\"https:\\\/\\\/matis.is\\\/skyrsla\\\/islenskir-firdir-natturulegt-lifriki-isafjardardjups-og-tholmork-mengunar-lokaskyrsla-icelandic-fjords-natural-biodiversity-in-isafjardardjup-and-pollution-limits\\\/#article\",\"isPartOf\":{\"@id\":\"https:\\\/\\\/matis.is\\\/skyrsla\\\/islenskir-firdir-natturulegt-lifriki-isafjardardjups-og-tholmork-mengunar-lokaskyrsla-icelandic-fjords-natural-biodiversity-in-isafjardardjup-and-pollution-limits\\\/\"},\"author\":{\"name\":\"admin\",\"@id\":\"https:\\\/\\\/matis.is\\\/#\\\/schema\\\/person\\\/33b92c850c915c93e67f291e3381a49a\"},\"headline\":\"\u00cdslenskir fir\u00f0ir: N\u00e1tt\u00farulegt l\u00edfr\u00edki \u00cdsafjar\u00f0ardj\u00faps og \u00feolm\u00f6rk mengunar. Lokask\u00fdrsla \\\/ Icelandic fjords: Natural biodiversity in \u00cdsafjar\u00f0ardj\u00fap and pollution limits\",\"datePublished\":\"2012-05-01T15:16:00+00:00\",\"dateModified\":\"2021-08-24T13:32:00+00:00\",\"mainEntityOfPage\":{\"@id\":\"https:\\\/\\\/matis.is\\\/skyrsla\\\/islenskir-firdir-natturulegt-lifriki-isafjardardjups-og-tholmork-mengunar-lokaskyrsla-icelandic-fjords-natural-biodiversity-in-isafjardardjup-and-pollution-limits\\\/\"},\"wordCount\":364,\"publisher\":{\"@id\":\"https:\\\/\\\/matis.is\\\/#organization\"},\"keywords\":[\"\u00c1hrif mannsins\",\"Eutrophication\",\"Indicative species\",\"\u00cdsafjar\u00f0ardj\u00fap\",\"\u00cdslenskir fir\u00f0ir\",\"L\u00edfr\u00edki\",\"Man-doings\",\"Natural biodiversity\",\"N\u00e6ringarefnaau\u00f0gun\",\"Pollution limits\",\"V\u00edsitegundir\",\"\u00deolm\u00f6rk mengunar\"],\"articleSection\":[\"Sk\u00fdrslur\"],\"inLanguage\":\"en-GB\"},{\"@type\":\"WebPage\",\"@id\":\"https:\\\/\\\/matis.is\\\/skyrsla\\\/islenskir-firdir-natturulegt-lifriki-isafjardardjups-og-tholmork-mengunar-lokaskyrsla-icelandic-fjords-natural-biodiversity-in-isafjardardjup-and-pollution-limits\\\/\",\"url\":\"https:\\\/\\\/matis.is\\\/skyrsla\\\/islenskir-firdir-natturulegt-lifriki-isafjardardjups-og-tholmork-mengunar-lokaskyrsla-icelandic-fjords-natural-biodiversity-in-isafjardardjup-and-pollution-limits\\\/\",\"name\":\"\u00cdslenskir fir\u00f0ir: N\u00e1tt\u00farulegt l\u00edfr\u00edki \u00cdsafjar\u00f0ardj\u00faps og \u00feolm\u00f6rk mengunar. Lokask\u00fdrsla \\\/ Icelandic fjords: Natural biodiversity in \u00cdsafjar\u00f0ardj\u00fap and pollution limits - Mat\u00eds\",\"isPartOf\":{\"@id\":\"https:\\\/\\\/matis.is\\\/#website\"},\"datePublished\":\"2012-05-01T15:16:00+00:00\",\"dateModified\":\"2021-08-24T13:32:00+00:00\",\"breadcrumb\":{\"@id\":\"https:\\\/\\\/matis.is\\\/skyrsla\\\/islenskir-firdir-natturulegt-lifriki-isafjardardjups-og-tholmork-mengunar-lokaskyrsla-icelandic-fjords-natural-biodiversity-in-isafjardardjup-and-pollution-limits\\\/#breadcrumb\"},\"inLanguage\":\"en-GB\",\"potentialAction\":[{\"@type\":\"ReadAction\",\"target\":[\"https:\\\/\\\/matis.is\\\/skyrsla\\\/islenskir-firdir-natturulegt-lifriki-isafjardardjups-og-tholmork-mengunar-lokaskyrsla-icelandic-fjords-natural-biodiversity-in-isafjardardjup-and-pollution-limits\\\/\"]}]},{\"@type\":\"BreadcrumbList\",\"@id\":\"https:\\\/\\\/matis.is\\\/skyrsla\\\/islenskir-firdir-natturulegt-lifriki-isafjardardjups-og-tholmork-mengunar-lokaskyrsla-icelandic-fjords-natural-biodiversity-in-isafjardardjup-and-pollution-limits\\\/#breadcrumb\",\"itemListElement\":[{\"@type\":\"ListItem\",\"position\":1,\"name\":\"Home\",\"item\":\"https:\\\/\\\/matis.is\\\/\"},{\"@type\":\"ListItem\",\"position\":2,\"name\":\"\u00cdslenskir fir\u00f0ir: N\u00e1tt\u00farulegt l\u00edfr\u00edki \u00cdsafjar\u00f0ardj\u00faps og \u00feolm\u00f6rk mengunar. Lokask\u00fdrsla \\\/ Icelandic fjords: Natural biodiversity in \u00cdsafjar\u00f0ardj\u00fap and pollution limits\"}]},{\"@type\":\"WebSite\",\"@id\":\"https:\\\/\\\/matis.is\\\/#website\",\"url\":\"https:\\\/\\\/matis.is\\\/\",\"name\":\"Mat\u00eds\",\"description\":\"Ver\u00f0m\u00e6task\u00f6pun, matv\u00e6la\u00f6ryggi og l\u00fd\u00f0heilsa\",\"publisher\":{\"@id\":\"https:\\\/\\\/matis.is\\\/#organization\"},\"potentialAction\":[{\"@type\":\"SearchAction\",\"target\":{\"@type\":\"EntryPoint\",\"urlTemplate\":\"https:\\\/\\\/matis.is\\\/?s={search_term_string}\"},\"query-input\":{\"@type\":\"PropertyValueSpecification\",\"valueRequired\":true,\"valueName\":\"search_term_string\"}}],\"inLanguage\":\"en-GB\"},{\"@type\":\"Organization\",\"@id\":\"https:\\\/\\\/matis.is\\\/#organization\",\"name\":\"Mat\u00eds ohf.\",\"url\":\"https:\\\/\\\/matis.is\\\/\",\"logo\":{\"@type\":\"ImageObject\",\"inLanguage\":\"en-GB\",\"@id\":\"https:\\\/\\\/matis.is\\\/#\\\/schema\\\/logo\\\/image\\\/\",\"url\":\"https:\\\/\\\/matis.is\\\/wp-content\\\/uploads\\\/2021\\\/02\\\/matis_logo_blatthvitt.png\",\"contentUrl\":\"https:\\\/\\\/matis.is\\\/wp-content\\\/uploads\\\/2021\\\/02\\\/matis_logo_blatthvitt.png\",\"width\":1507,\"height\":1507,\"caption\":\"Mat\u00eds ohf.\"},\"image\":{\"@id\":\"https:\\\/\\\/matis.is\\\/#\\\/schema\\\/logo\\\/image\\\/\"},\"sameAs\":[\"https:\\\/\\\/www.facebook.com\\\/matisiceland\",\"https:\\\/\\\/x.com\\\/matisiceland\",\"https:\\\/\\\/www.instagram.com\\\/matisiceland\\\/\",\"https:\\\/\\\/www.linkedin.com\\\/matisiceland\\\/\",\"https:\\\/\\\/www.youtube.com\\\/channel\\\/UCY-frt3uTqgVZW-DLjoo5bA\"]},{\"@type\":\"Person\",\"@id\":\"https:\\\/\\\/matis.is\\\/#\\\/schema\\\/person\\\/33b92c850c915c93e67f291e3381a49a\",\"name\":\"admin\",\"sameAs\":[\"https:\\\/\\\/matis.mareframe.eu\"],\"url\":\"https:\\\/\\\/matis.is\\\/en\\\/author\\\/thormodurmatis-is\\\/\"}]}<\/script>\n<!-- \/ Yoast SEO plugin. -->","yoast_head_json":{"title":"Icelandic fjords: The natural ecosystem of \u00cdsafjar\u00f0ardj\u00fapur and the limits of pollution. Lokask\u00fdrsla \/ Icelandic fjords: Natural biodiversity in \u00cdsafjar\u00f0ardj\u00fap and pollution limits - Mat\u00eds","robots":{"index":"index","follow":"follow","max-snippet":"max-snippet:-1","max-image-preview":"max-image-preview:large","max-video-preview":"max-video-preview:-1"},"canonical":"https:\/\/matis.is\/en\/skyrsla\/islenskir-firdir-natturulegt-lifriki-isafjardardjups-og-tholmork-mengunar-lokaskyrsla-icelandic-fjords-natural-biodiversity-in-isafjardardjup-and-pollution-limits\/","og_locale":"en_GB","og_type":"article","og_title":"\u00cdslenskir fir\u00f0ir: N\u00e1tt\u00farulegt l\u00edfr\u00edki \u00cdsafjar\u00f0ardj\u00faps og \u00feolm\u00f6rk mengunar. Lokask\u00fdrsla \/ Icelandic fjords: Natural biodiversity in \u00cdsafjar\u00f0ardj\u00fap and pollution limits - Mat\u00eds","og_description":"\u00cdslenskir fir\u00f0ir: N\u00e1tt\u00farulegt l\u00edfr\u00edki \u00cdsafjar\u00f0ardj\u00faps og \u00feolm\u00f6rk mengunar. Lokask\u00fdrsla \/ Icelandic fjords: Natural biodiversity in \u00cdsafjar\u00f0ardj\u00fap and pollution limits Meginmarkmi\u00f0 [&hellip;]","og_url":"https:\/\/matis.is\/en\/skyrsla\/islenskir-firdir-natturulegt-lifriki-isafjardardjups-og-tholmork-mengunar-lokaskyrsla-icelandic-fjords-natural-biodiversity-in-isafjardardjup-and-pollution-limits\/","og_site_name":"Mat\u00eds","article_publisher":"https:\/\/www.facebook.com\/matisiceland","article_published_time":"2012-05-01T15:16:00+00:00","article_modified_time":"2021-08-24T13:32:00+00:00","author":"admin","twitter_card":"summary_large_image","twitter_creator":"@matisiceland","twitter_site":"@matisiceland","twitter_misc":{"Written by":"admin","Estimated reading time":"2 minutes"},"schema":{"@context":"https:\/\/schema.org","@graph":[{"@type":"Article","@id":"https:\/\/matis.is\/skyrsla\/islenskir-firdir-natturulegt-lifriki-isafjardardjups-og-tholmork-mengunar-lokaskyrsla-icelandic-fjords-natural-biodiversity-in-isafjardardjup-and-pollution-limits\/#article","isPartOf":{"@id":"https:\/\/matis.is\/skyrsla\/islenskir-firdir-natturulegt-lifriki-isafjardardjups-og-tholmork-mengunar-lokaskyrsla-icelandic-fjords-natural-biodiversity-in-isafjardardjup-and-pollution-limits\/"},"author":{"name":"admin","@id":"https:\/\/matis.is\/#\/schema\/person\/33b92c850c915c93e67f291e3381a49a"},"headline":"\u00cdslenskir fir\u00f0ir: N\u00e1tt\u00farulegt l\u00edfr\u00edki \u00cdsafjar\u00f0ardj\u00faps og \u00feolm\u00f6rk mengunar. Lokask\u00fdrsla \/ Icelandic fjords: Natural biodiversity in \u00cdsafjar\u00f0ardj\u00fap and pollution limits","datePublished":"2012-05-01T15:16:00+00:00","dateModified":"2021-08-24T13:32:00+00:00","mainEntityOfPage":{"@id":"https:\/\/matis.is\/skyrsla\/islenskir-firdir-natturulegt-lifriki-isafjardardjups-og-tholmork-mengunar-lokaskyrsla-icelandic-fjords-natural-biodiversity-in-isafjardardjup-and-pollution-limits\/"},"wordCount":364,"publisher":{"@id":"https:\/\/matis.is\/#organization"},"keywords":["\u00c1hrif mannsins","Eutrophication","Indicative species","\u00cdsafjar\u00f0ardj\u00fap","\u00cdslenskir fir\u00f0ir","L\u00edfr\u00edki","Man-doings","Natural biodiversity","N\u00e6ringarefnaau\u00f0gun","Pollution limits","V\u00edsitegundir","\u00deolm\u00f6rk mengunar"],"articleSection":["Sk\u00fdrslur"],"inLanguage":"en-GB"},{"@type":"WebPage","@id":"https:\/\/matis.is\/skyrsla\/islenskir-firdir-natturulegt-lifriki-isafjardardjups-og-tholmork-mengunar-lokaskyrsla-icelandic-fjords-natural-biodiversity-in-isafjardardjup-and-pollution-limits\/","url":"https:\/\/matis.is\/skyrsla\/islenskir-firdir-natturulegt-lifriki-isafjardardjups-og-tholmork-mengunar-lokaskyrsla-icelandic-fjords-natural-biodiversity-in-isafjardardjup-and-pollution-limits\/","name":"Icelandic fjords: The natural ecosystem of \u00cdsafjar\u00f0ardj\u00fapur and the limits of pollution. Lokask\u00fdrsla \/ Icelandic fjords: Natural biodiversity in \u00cdsafjar\u00f0ardj\u00fap and pollution limits - Mat\u00eds","isPartOf":{"@id":"https:\/\/matis.is\/#website"},"datePublished":"2012-05-01T15:16:00+00:00","dateModified":"2021-08-24T13:32:00+00:00","breadcrumb":{"@id":"https:\/\/matis.is\/skyrsla\/islenskir-firdir-natturulegt-lifriki-isafjardardjups-og-tholmork-mengunar-lokaskyrsla-icelandic-fjords-natural-biodiversity-in-isafjardardjup-and-pollution-limits\/#breadcrumb"},"inLanguage":"en-GB","potentialAction":[{"@type":"ReadAction","target":["https:\/\/matis.is\/skyrsla\/islenskir-firdir-natturulegt-lifriki-isafjardardjups-og-tholmork-mengunar-lokaskyrsla-icelandic-fjords-natural-biodiversity-in-isafjardardjup-and-pollution-limits\/"]}]},{"@type":"BreadcrumbList","@id":"https:\/\/matis.is\/skyrsla\/islenskir-firdir-natturulegt-lifriki-isafjardardjups-og-tholmork-mengunar-lokaskyrsla-icelandic-fjords-natural-biodiversity-in-isafjardardjup-and-pollution-limits\/#breadcrumb","itemListElement":[{"@type":"ListItem","position":1,"name":"Home","item":"https:\/\/matis.is\/"},{"@type":"ListItem","position":2,"name":"\u00cdslenskir fir\u00f0ir: N\u00e1tt\u00farulegt l\u00edfr\u00edki \u00cdsafjar\u00f0ardj\u00faps og \u00feolm\u00f6rk mengunar. Lokask\u00fdrsla \/ Icelandic fjords: Natural biodiversity in \u00cdsafjar\u00f0ardj\u00fap and pollution limits"}]},{"@type":"WebSite","@id":"https:\/\/matis.is\/#website","url":"https:\/\/matis.is\/","name":"Mat\u00eds","description":"Value creation, food security and public health","publisher":{"@id":"https:\/\/matis.is\/#organization"},"potentialAction":[{"@type":"SearchAction","target":{"@type":"EntryPoint","urlTemplate":"https:\/\/matis.is\/?s={search_term_string}"},"query-input":{"@type":"PropertyValueSpecification","valueRequired":true,"valueName":"search_term_string"}}],"inLanguage":"en-GB"},{"@type":"Organization","@id":"https:\/\/matis.is\/#organization","name":"Mat\u00eds ohf.","url":"https:\/\/matis.is\/","logo":{"@type":"ImageObject","inLanguage":"en-GB","@id":"https:\/\/matis.is\/#\/schema\/logo\/image\/","url":"https:\/\/matis.is\/wp-content\/uploads\/2021\/02\/matis_logo_blatthvitt.png","contentUrl":"https:\/\/matis.is\/wp-content\/uploads\/2021\/02\/matis_logo_blatthvitt.png","width":1507,"height":1507,"caption":"Mat\u00eds ohf."},"image":{"@id":"https:\/\/matis.is\/#\/schema\/logo\/image\/"},"sameAs":["https:\/\/www.facebook.com\/matisiceland","https:\/\/x.com\/matisiceland","https:\/\/www.instagram.com\/matisiceland\/","https:\/\/www.linkedin.com\/matisiceland\/","https:\/\/www.youtube.com\/channel\/UCY-frt3uTqgVZW-DLjoo5bA"]},{"@type":"Person","@id":"https:\/\/matis.is\/#\/schema\/person\/33b92c850c915c93e67f291e3381a49a","name":"admin","sameAs":["https:\/\/matis.mareframe.eu"],"url":"https:\/\/matis.is\/en\/author\/thormodurmatis-is\/"}]}},"spectra_custom_meta":{"_edit_last":["1"],"skyrsluhofundar":["\u00deorleifur Eir\u00edksson (NAVE), \u00d3lafur \u00d6gmundarson (Mat\u00eds ohf), Gu\u00f0mundur V. Helgason (H\u00cd), B\u00f6\u00f0var \u00de\u00f3risson (NAVE), \u00deorleifur \u00c1g\u00fastsson (Mat\u00eds ohf)"],"_skyrsluhofundar":["field_5f05a53476361"],"tengill":["https:\/\/matis.is\/wp-content\/uploads\/20-12-I\u0301slenskir-firdir-Lokasky\u0301rsla.pdf"],"_tengill":["field_5f05a55b76362"],"styrktaradili":["Verkefnasj\u00f3\u00f0ur sj\u00e1var\u00fatvegsins"],"_styrktaradili":["field_5f05a57e76363"],"utgafudags":["20120501"],"_utgafudags":["field_5f05a59b76364"],"numer":["20-12"],"_numer":["field_5f05a6fdc098d"],"tengilidur":[""],"_tengilidur":["field_5ef905e0538b2"],"__post_views_count":["15"],"_edit_lock":["1629811921:1"],"_yoast_wpseo_content_score":["30"],"_yoast_wpseo_estimated-reading-time-minutes":["2"],"_yoast_wpseo_primary_category":["15"],"wpmm_postgrid_views":["404"],"_uag_css_file_name":["uag-css-31611.css"],"_uag_page_assets":["a:9:{s:3:\"css\";s:263:\".uag-blocks-common-selector{z-index:var(--z-index-desktop) !important}@media (max-width: 976px){.uag-blocks-common-selector{z-index:var(--z-index-tablet) !important}}@media (max-width: 767px){.uag-blocks-common-selector{z-index:var(--z-index-mobile) !important}}\n\";s:2:\"js\";s:0:\"\";s:18:\"current_block_list\";a:6:{i:0;s:12:\"core\/heading\";i:1;s:14:\"core\/paragraph\";i:2;s:12:\"core\/buttons\";i:3;s:11:\"core\/button\";i:4;s:12:\"core\/columns\";i:5;s:11:\"core\/column\";}s:8:\"uag_flag\";b:0;s:11:\"uag_version\";s:10:\"1777300790\";s:6:\"gfonts\";a:0:{}s:10:\"gfonts_url\";s:0:\"\";s:12:\"gfonts_files\";a:0:{}s:14:\"uag_faq_layout\";b:0;}"]},"uagb_featured_image_src":{"full":false,"thumbnail":false,"medium":false,"medium_large":false,"large":false,"1536x1536":false,"2048x2048":false,"trp-custom-language-flag":false},"uagb_author_info":{"display_name":"admin","author_link":"https:\/\/matis.is\/en\/author\/thormodurmatis-is\/"},"uagb_comment_info":0,"uagb_excerpt":"\u00cdslenskir fir\u00f0ir: N\u00e1tt\u00farulegt l\u00edfr\u00edki \u00cdsafjar\u00f0ardj\u00faps og \u00feolm\u00f6rk mengunar. Lokask\u00fdrsla \/ Icelandic fjords: Natural biodiversity in \u00cdsafjar\u00f0ardj\u00fap and pollution limits Meginmarkmi\u00f0 [&hellip;]","_links":{"self":[{"href":"https:\/\/matis.is\/en\/wp-json\/wp\/v2\/posts\/31611","targetHints":{"allow":["GET"]}}],"collection":[{"href":"https:\/\/matis.is\/en\/wp-json\/wp\/v2\/posts"}],"about":[{"href":"https:\/\/matis.is\/en\/wp-json\/wp\/v2\/types\/post"}],"author":[{"embeddable":true,"href":"https:\/\/matis.is\/en\/wp-json\/wp\/v2\/users\/1"}],"replies":[{"embeddable":true,"href":"https:\/\/matis.is\/en\/wp-json\/wp\/v2\/comments?post=31611"}],"version-history":[{"count":3,"href":"https:\/\/matis.is\/en\/wp-json\/wp\/v2\/posts\/31611\/revisions"}],"predecessor-version":[{"id":42930,"href":"https:\/\/matis.is\/en\/wp-json\/wp\/v2\/posts\/31611\/revisions\/42930"}],"wp:attachment":[{"href":"https:\/\/matis.is\/en\/wp-json\/wp\/v2\/media?parent=31611"}],"wp:term":[{"taxonomy":"category","embeddable":true,"href":"https:\/\/matis.is\/en\/wp-json\/wp\/v2\/categories?post=31611"},{"taxonomy":"post_tag","embeddable":true,"href":"https:\/\/matis.is\/en\/wp-json\/wp\/v2\/tags?post=31611"}],"curies":[{"name":"wp","href":"https:\/\/api.w.org\/{rel}","templated":true}]}}