{"id":31898,"date":"2011-05-01T10:50:00","date_gmt":"2011-05-01T10:50:00","guid":{"rendered":"http:\/\/dev.matis.is\/?p=31898"},"modified":"2011-05-01T10:50:00","modified_gmt":"2011-05-01T10:50:00","slug":"colouring-of-arctic-charr-litun-bleikjuholds","status":"publish","type":"post","link":"https:\/\/matis.is\/en\/skyrsla\/colouring-of-arctic-charr-litun-bleikjuholds\/","title":{"rendered":"Coloring of Arctic charr \/ Coloring of charr hold"},"content":{"rendered":"<h2 class=\"wp-block-heading\">Coloring of Arctic charr \/ Coloring of charr hold<\/h2>\n\n\n\n<p>An experiment was carried out with the aim of evaluating the activity of an organic pigment, Ecotone \u2122, and an inorganic pigment, Lucantin\u00ae Pink, on the coloration of char meat. The effect of 25% and 30% fat in feed on the activity of the pigments was also studied. All experimental items were tested in triplicate. The mean weight of the experimental fish was 564 g at the beginning of the experiment and 1381 g at the end of the experiment after 131 days. The temperature during the experimental period averaged 8 C\u030a and the salinity of the broth was 20 \u2030. The digestibility of astaxanthin in Lucantin\u00ae Pink was much higher than in Ecotone \u2122. The difference in body color measured by different methods turned out to be much smaller, which indicates a better utilization of the color in Lucantin\u00ae Pink. Little effect on body coloration was found by different amounts of fat in the feed and this was true for both pigments. The organic dye is more expensive to buy than the inorganic one and it results in approx. 5.5 % is more expensive to dye char with Ecotone \u2122 compared to Lucantin\u00ae Pink. During the analysis of the color of the feed at the beginning and at the end of the experiment 16 weeks later, it was found that there was a significant loss of color from the feed and that loss appeared to be independent of the type of color.<\/p>\n\n\n\n<p>A feeding trial was conducted to compare the pigmenting efficiency of the biological colorant Ecotone \u2122 containg astaxanthin and prepared from the red yeast Phaffia rhodozyma, and the synthetic colorant Lucantin\u00ae Pink in Arctic charr. Both colorants were incorporated into diets containing either 25 or 30% lipid. All treatments were run in triplicate. The initial average weight of the fish was 564 g and the final weight 1381 g after a trial period of 131 days at 8 C\u030a and 20 \u2030 salinity. The digestibility of astaxanthin seems to be very much dependent upon the astaxanthin source. Differences in flesh color indicate a better utilization of astaxanthin from the synthetic source (Lucantin\u00ae Pink) as compared to the biological source (Ecotone \u2122). There was only a minor effect of lipid content on utilization of the astaxanthin. The biological astaxanthin source is more expensive than the synthetic source, resulting in about 5,5% higher production cost of fish produced with the \u201corganic\u201d colorant Ecotone \u2122 as compared to fish produced with the synthetic source of astaxanthin (Lucantin\u00ae Pink). The astaxanthin content in all diets proved to be very unstable when the feed was stored under conditions that are common in production of Arctic charr (10 - 20 \u030aC indoors). The loss of astaxanthin ranged from 21-40% and tended to be higher in diets containing Ecotone \u2122. Thus, it is very important to avoid high temperatures, light and oxygen during storage of the feed.<\/p>","protected":false},"excerpt":{"rendered":"<p>Colouring of Arctic charr \/ Litun bleikjuholds Tilraun var framkv\u00e6md&nbsp;&nbsp;me\u00f0 \u00fea\u00f0 a\u00f0 markmi\u00f0i a\u00f0 meta virkni l\u00edfr\u00e6ns litarefnis, Ecotone\u2122, og [&hellip;]<\/p>\n","protected":false},"author":1,"featured_media":0,"comment_status":"closed","ping_status":"open","sticky":false,"template":"","format":"standard","meta":{"_acf_changed":false,"_uag_custom_page_level_css":"","site-sidebar-layout":"default","site-content-layout":"","ast-site-content-layout":"default","site-content-style":"default","site-sidebar-style":"default","ast-global-header-display":"","ast-banner-title-visibility":"","ast-main-header-display":"","ast-hfb-above-header-display":"","ast-hfb-below-header-display":"","ast-hfb-mobile-header-display":"","site-post-title":"","ast-breadcrumbs-content":"","ast-featured-img":"","footer-sml-layout":"","ast-disable-related-posts":"","theme-transparent-header-meta":"","adv-header-id-meta":"","stick-header-meta":"","header-above-stick-meta":"","header-main-stick-meta":"","header-below-stick-meta":"","astra-migrate-meta-layouts":"default","ast-page-background-enabled":"default","ast-page-background-meta":{"desktop":{"background-color":"var(--ast-global-color-5)","background-image":"","background-repeat":"repeat","background-position":"center center","background-size":"auto","background-attachment":"scroll","background-type":"","background-media":"","overlay-type":"","overlay-color":"","overlay-opacity":"","overlay-gradient":""},"tablet":{"background-color":"","background-image":"","background-repeat":"repeat","background-position":"center center","background-size":"auto","background-attachment":"scroll","background-type":"","background-media":"","overlay-type":"","overlay-color":"","overlay-opacity":"","overlay-gradient":""},"mobile":{"background-color":"","background-image":"","background-repeat":"repeat","background-position":"center center","background-size":"auto","background-attachment":"scroll","background-type":"","background-media":"","overlay-type":"","overlay-color":"","overlay-opacity":"","overlay-gradient":""}},"ast-content-background-meta":{"desktop":{"background-color":"var(--ast-global-color-4)","background-image":"","background-repeat":"repeat","background-position":"center center","background-size":"auto","background-attachment":"scroll","background-type":"","background-media":"","overlay-type":"","overlay-color":"","overlay-opacity":"","overlay-gradient":""},"tablet":{"background-color":"var(--ast-global-color-4)","background-image":"","background-repeat":"repeat","background-position":"center center","background-size":"auto","background-attachment":"scroll","background-type":"","background-media":"","overlay-type":"","overlay-color":"","overlay-opacity":"","overlay-gradient":""},"mobile":{"background-color":"var(--ast-global-color-4)","background-image":"","background-repeat":"repeat","background-position":"center center","background-size":"auto","background-attachment":"scroll","background-type":"","background-media":"","overlay-type":"","overlay-color":"","overlay-opacity":"","overlay-gradient":""}},"footnotes":""},"categories":[15],"tags":[858,687,1241,769,772,773,774,1242],"class_list":["post-31898","post","type-post","status-publish","format-standard","hentry","category-skyrsla","tag-arctic-charr","tag-bleikjueldi","tag-colorants","tag-feed","tag-flesh-colour","tag-fodur","tag-holdlitur","tag-litarefni"],"acf":[],"yoast_head":"<!-- This site is optimized with the Yoast SEO plugin v27.4 - https:\/\/yoast.com\/product\/yoast-seo-wordpress\/ -->\n<title>Colouring of Arctic charr \/ Litun bleikjuholds - Mat\u00eds<\/title>\n<meta name=\"robots\" content=\"index, follow, max-snippet:-1, max-image-preview:large, max-video-preview:-1\" \/>\n<link rel=\"canonical\" href=\"https:\/\/matis.is\/en\/skyrsla\/colouring-of-arctic-charr-litun-bleikjuholds\/\" \/>\n<meta property=\"og:locale\" content=\"en_GB\" \/>\n<meta property=\"og:type\" content=\"article\" \/>\n<meta property=\"og:title\" content=\"Colouring of Arctic charr \/ Litun bleikjuholds - Mat\u00eds\" \/>\n<meta property=\"og:description\" content=\"Colouring of Arctic charr \/ Litun bleikjuholds Tilraun var framkv\u00e6md&nbsp;&nbsp;me\u00f0 \u00fea\u00f0 a\u00f0 markmi\u00f0i a\u00f0 meta virkni l\u00edfr\u00e6ns litarefnis, Ecotone\u2122, og [&hellip;]\" \/>\n<meta property=\"og:url\" content=\"https:\/\/matis.is\/en\/skyrsla\/colouring-of-arctic-charr-litun-bleikjuholds\/\" \/>\n<meta property=\"og:site_name\" content=\"Mat\u00eds\" \/>\n<meta property=\"article:publisher\" content=\"https:\/\/www.facebook.com\/matisiceland\" \/>\n<meta property=\"article:published_time\" content=\"2011-05-01T10:50:00+00:00\" \/>\n<meta name=\"author\" content=\"admin\" \/>\n<meta name=\"twitter:card\" content=\"summary_large_image\" \/>\n<meta name=\"twitter:creator\" content=\"@matisiceland\" \/>\n<meta name=\"twitter:site\" content=\"@matisiceland\" \/>\n<meta name=\"twitter:label1\" content=\"Written by\" \/>\n\t<meta name=\"twitter:data1\" content=\"admin\" \/>\n\t<meta name=\"twitter:label2\" content=\"Estimated reading time\" \/>\n\t<meta name=\"twitter:data2\" content=\"2 minutes\" \/>\n<script type=\"application\/ld+json\" class=\"yoast-schema-graph\">{\"@context\":\"https:\\\/\\\/schema.org\",\"@graph\":[{\"@type\":\"Article\",\"@id\":\"https:\\\/\\\/matis.is\\\/skyrsla\\\/colouring-of-arctic-charr-litun-bleikjuholds\\\/#article\",\"isPartOf\":{\"@id\":\"https:\\\/\\\/matis.is\\\/skyrsla\\\/colouring-of-arctic-charr-litun-bleikjuholds\\\/\"},\"author\":{\"name\":\"admin\",\"@id\":\"https:\\\/\\\/matis.is\\\/#\\\/schema\\\/person\\\/33b92c850c915c93e67f291e3381a49a\"},\"headline\":\"Colouring of Arctic charr \\\/ Litun bleikjuholds\",\"datePublished\":\"2011-05-01T10:50:00+00:00\",\"mainEntityOfPage\":{\"@id\":\"https:\\\/\\\/matis.is\\\/skyrsla\\\/colouring-of-arctic-charr-litun-bleikjuholds\\\/\"},\"wordCount\":431,\"publisher\":{\"@id\":\"https:\\\/\\\/matis.is\\\/#organization\"},\"keywords\":[\"Arctic charr\",\"Bleikjueldi\",\"Colorants\",\"Feed\",\"Flesh colour\",\"F\u00f3\u00f0ur\",\"Holdlitur\",\"Litarefni\"],\"articleSection\":[\"Sk\u00fdrslur\"],\"inLanguage\":\"en-GB\"},{\"@type\":\"WebPage\",\"@id\":\"https:\\\/\\\/matis.is\\\/skyrsla\\\/colouring-of-arctic-charr-litun-bleikjuholds\\\/\",\"url\":\"https:\\\/\\\/matis.is\\\/skyrsla\\\/colouring-of-arctic-charr-litun-bleikjuholds\\\/\",\"name\":\"Colouring of Arctic charr \\\/ Litun bleikjuholds - Mat\u00eds\",\"isPartOf\":{\"@id\":\"https:\\\/\\\/matis.is\\\/#website\"},\"datePublished\":\"2011-05-01T10:50:00+00:00\",\"breadcrumb\":{\"@id\":\"https:\\\/\\\/matis.is\\\/skyrsla\\\/colouring-of-arctic-charr-litun-bleikjuholds\\\/#breadcrumb\"},\"inLanguage\":\"en-GB\",\"potentialAction\":[{\"@type\":\"ReadAction\",\"target\":[\"https:\\\/\\\/matis.is\\\/skyrsla\\\/colouring-of-arctic-charr-litun-bleikjuholds\\\/\"]}]},{\"@type\":\"BreadcrumbList\",\"@id\":\"https:\\\/\\\/matis.is\\\/skyrsla\\\/colouring-of-arctic-charr-litun-bleikjuholds\\\/#breadcrumb\",\"itemListElement\":[{\"@type\":\"ListItem\",\"position\":1,\"name\":\"Home\",\"item\":\"https:\\\/\\\/matis.is\\\/\"},{\"@type\":\"ListItem\",\"position\":2,\"name\":\"Colouring of Arctic charr \\\/ Litun bleikjuholds\"}]},{\"@type\":\"WebSite\",\"@id\":\"https:\\\/\\\/matis.is\\\/#website\",\"url\":\"https:\\\/\\\/matis.is\\\/\",\"name\":\"Mat\u00eds\",\"description\":\"Ver\u00f0m\u00e6task\u00f6pun, matv\u00e6la\u00f6ryggi og l\u00fd\u00f0heilsa\",\"publisher\":{\"@id\":\"https:\\\/\\\/matis.is\\\/#organization\"},\"potentialAction\":[{\"@type\":\"SearchAction\",\"target\":{\"@type\":\"EntryPoint\",\"urlTemplate\":\"https:\\\/\\\/matis.is\\\/?s={search_term_string}\"},\"query-input\":{\"@type\":\"PropertyValueSpecification\",\"valueRequired\":true,\"valueName\":\"search_term_string\"}}],\"inLanguage\":\"en-GB\"},{\"@type\":\"Organization\",\"@id\":\"https:\\\/\\\/matis.is\\\/#organization\",\"name\":\"Mat\u00eds ohf.\",\"url\":\"https:\\\/\\\/matis.is\\\/\",\"logo\":{\"@type\":\"ImageObject\",\"inLanguage\":\"en-GB\",\"@id\":\"https:\\\/\\\/matis.is\\\/#\\\/schema\\\/logo\\\/image\\\/\",\"url\":\"https:\\\/\\\/matis.is\\\/wp-content\\\/uploads\\\/2021\\\/02\\\/matis_logo_blatthvitt.png\",\"contentUrl\":\"https:\\\/\\\/matis.is\\\/wp-content\\\/uploads\\\/2021\\\/02\\\/matis_logo_blatthvitt.png\",\"width\":1507,\"height\":1507,\"caption\":\"Mat\u00eds ohf.\"},\"image\":{\"@id\":\"https:\\\/\\\/matis.is\\\/#\\\/schema\\\/logo\\\/image\\\/\"},\"sameAs\":[\"https:\\\/\\\/www.facebook.com\\\/matisiceland\",\"https:\\\/\\\/x.com\\\/matisiceland\",\"https:\\\/\\\/www.instagram.com\\\/matisiceland\\\/\",\"https:\\\/\\\/www.linkedin.com\\\/matisiceland\\\/\",\"https:\\\/\\\/www.youtube.com\\\/channel\\\/UCY-frt3uTqgVZW-DLjoo5bA\"]},{\"@type\":\"Person\",\"@id\":\"https:\\\/\\\/matis.is\\\/#\\\/schema\\\/person\\\/33b92c850c915c93e67f291e3381a49a\",\"name\":\"admin\",\"sameAs\":[\"https:\\\/\\\/matis.mareframe.eu\"],\"url\":\"https:\\\/\\\/matis.is\\\/en\\\/author\\\/thormodurmatis-is\\\/\"}]}<\/script>\n<!-- \/ Yoast SEO plugin. -->","yoast_head_json":{"title":"Coloring of Arctic charr - Mat\u00eds","robots":{"index":"index","follow":"follow","max-snippet":"max-snippet:-1","max-image-preview":"max-image-preview:large","max-video-preview":"max-video-preview:-1"},"canonical":"https:\/\/matis.is\/en\/skyrsla\/colouring-of-arctic-charr-litun-bleikjuholds\/","og_locale":"en_GB","og_type":"article","og_title":"Colouring of Arctic charr \/ Litun bleikjuholds - Mat\u00eds","og_description":"Colouring of Arctic charr \/ Litun bleikjuholds Tilraun var framkv\u00e6md&nbsp;&nbsp;me\u00f0 \u00fea\u00f0 a\u00f0 markmi\u00f0i a\u00f0 meta virkni l\u00edfr\u00e6ns litarefnis, Ecotone\u2122, og [&hellip;]","og_url":"https:\/\/matis.is\/en\/skyrsla\/colouring-of-arctic-charr-litun-bleikjuholds\/","og_site_name":"Mat\u00eds","article_publisher":"https:\/\/www.facebook.com\/matisiceland","article_published_time":"2011-05-01T10:50:00+00:00","author":"admin","twitter_card":"summary_large_image","twitter_creator":"@matisiceland","twitter_site":"@matisiceland","twitter_misc":{"Written by":"admin","Estimated reading time":"2 minutes"},"schema":{"@context":"https:\/\/schema.org","@graph":[{"@type":"Article","@id":"https:\/\/matis.is\/skyrsla\/colouring-of-arctic-charr-litun-bleikjuholds\/#article","isPartOf":{"@id":"https:\/\/matis.is\/skyrsla\/colouring-of-arctic-charr-litun-bleikjuholds\/"},"author":{"name":"admin","@id":"https:\/\/matis.is\/#\/schema\/person\/33b92c850c915c93e67f291e3381a49a"},"headline":"Colouring of Arctic charr \/ Litun bleikjuholds","datePublished":"2011-05-01T10:50:00+00:00","mainEntityOfPage":{"@id":"https:\/\/matis.is\/skyrsla\/colouring-of-arctic-charr-litun-bleikjuholds\/"},"wordCount":431,"publisher":{"@id":"https:\/\/matis.is\/#organization"},"keywords":["Arctic charr","Bleikjueldi","Colorants","Feed","Flesh colour","F\u00f3\u00f0ur","Holdlitur","Litarefni"],"articleSection":["Sk\u00fdrslur"],"inLanguage":"en-GB"},{"@type":"WebPage","@id":"https:\/\/matis.is\/skyrsla\/colouring-of-arctic-charr-litun-bleikjuholds\/","url":"https:\/\/matis.is\/skyrsla\/colouring-of-arctic-charr-litun-bleikjuholds\/","name":"Coloring of Arctic charr - Mat\u00eds","isPartOf":{"@id":"https:\/\/matis.is\/#website"},"datePublished":"2011-05-01T10:50:00+00:00","breadcrumb":{"@id":"https:\/\/matis.is\/skyrsla\/colouring-of-arctic-charr-litun-bleikjuholds\/#breadcrumb"},"inLanguage":"en-GB","potentialAction":[{"@type":"ReadAction","target":["https:\/\/matis.is\/skyrsla\/colouring-of-arctic-charr-litun-bleikjuholds\/"]}]},{"@type":"BreadcrumbList","@id":"https:\/\/matis.is\/skyrsla\/colouring-of-arctic-charr-litun-bleikjuholds\/#breadcrumb","itemListElement":[{"@type":"ListItem","position":1,"name":"Home","item":"https:\/\/matis.is\/"},{"@type":"ListItem","position":2,"name":"Colouring of Arctic charr \/ Litun bleikjuholds"}]},{"@type":"WebSite","@id":"https:\/\/matis.is\/#website","url":"https:\/\/matis.is\/","name":"Mat\u00eds","description":"Value creation, food security and public health","publisher":{"@id":"https:\/\/matis.is\/#organization"},"potentialAction":[{"@type":"SearchAction","target":{"@type":"EntryPoint","urlTemplate":"https:\/\/matis.is\/?s={search_term_string}"},"query-input":{"@type":"PropertyValueSpecification","valueRequired":true,"valueName":"search_term_string"}}],"inLanguage":"en-GB"},{"@type":"Organization","@id":"https:\/\/matis.is\/#organization","name":"Mat\u00eds ohf.","url":"https:\/\/matis.is\/","logo":{"@type":"ImageObject","inLanguage":"en-GB","@id":"https:\/\/matis.is\/#\/schema\/logo\/image\/","url":"https:\/\/matis.is\/wp-content\/uploads\/2021\/02\/matis_logo_blatthvitt.png","contentUrl":"https:\/\/matis.is\/wp-content\/uploads\/2021\/02\/matis_logo_blatthvitt.png","width":1507,"height":1507,"caption":"Mat\u00eds ohf."},"image":{"@id":"https:\/\/matis.is\/#\/schema\/logo\/image\/"},"sameAs":["https:\/\/www.facebook.com\/matisiceland","https:\/\/x.com\/matisiceland","https:\/\/www.instagram.com\/matisiceland\/","https:\/\/www.linkedin.com\/matisiceland\/","https:\/\/www.youtube.com\/channel\/UCY-frt3uTqgVZW-DLjoo5bA"]},{"@type":"Person","@id":"https:\/\/matis.is\/#\/schema\/person\/33b92c850c915c93e67f291e3381a49a","name":"admin","sameAs":["https:\/\/matis.mareframe.eu"],"url":"https:\/\/matis.is\/en\/author\/thormodurmatis-is\/"}]}},"spectra_custom_meta":{"_edit_last":["2"],"skyrsluhofundar":["J\u00f3n \u00c1rnason, \u00d3lafur Ingi Sigurgeirsson, Gunnar \u00d6rn Kristj\u00e1nsson, J\u00f3n Kjartan J\u00f3nsson, Turid Synn\u00f8ve Aas and Trine Ytrest\u00f8yl, Manfred Phiscker"],"_skyrsluhofundar":["field_5f05a53476361"],"tengill":["\/wp-content\/uploads\/skyrslur\/11-11-Litun-bleikjuholds.pdf"],"_tengill":["field_5f05a55b76362"],"styrktaradili":["T\u00e6kni\u00fer\u00f3unarsj\u00f3\u00f0ur"],"_styrktaradili":["field_5f05a57e76363"],"utgafudags":["20110501"],"_utgafudags":["field_5f05a59b76364"],"numer":["11-11"],"_numer":["field_5f05a6fdc098d"],"tengilidur":["28194"],"_tengilidur":["field_5ef905e0538b2"],"__post_views_count":["16"],"wpmm_postgrid_views":["467"],"_uag_css_file_name":["uag-css-31898.css"],"_uag_page_assets":["a:9:{s:3:\"css\";s:263:\".uag-blocks-common-selector{z-index:var(--z-index-desktop) !important}@media (max-width: 976px){.uag-blocks-common-selector{z-index:var(--z-index-tablet) !important}}@media (max-width: 767px){.uag-blocks-common-selector{z-index:var(--z-index-mobile) !important}}\n\";s:2:\"js\";s:0:\"\";s:18:\"current_block_list\";a:6:{i:0;s:12:\"core\/heading\";i:1;s:14:\"core\/paragraph\";i:2;s:12:\"core\/buttons\";i:3;s:11:\"core\/button\";i:4;s:12:\"core\/columns\";i:5;s:11:\"core\/column\";}s:8:\"uag_flag\";b:0;s:11:\"uag_version\";s:10:\"1777477098\";s:6:\"gfonts\";a:0:{}s:10:\"gfonts_url\";s:0:\"\";s:12:\"gfonts_files\";a:0:{}s:14:\"uag_faq_layout\";b:0;}"]},"uagb_featured_image_src":{"full":false,"thumbnail":false,"medium":false,"medium_large":false,"large":false,"1536x1536":false,"2048x2048":false,"trp-custom-language-flag":false},"uagb_author_info":{"display_name":"admin","author_link":"https:\/\/matis.is\/en\/author\/thormodurmatis-is\/"},"uagb_comment_info":0,"uagb_excerpt":"Colouring of Arctic charr \/ Litun bleikjuholds Tilraun var framkv\u00e6md&nbsp;&nbsp;me\u00f0 \u00fea\u00f0 a\u00f0 markmi\u00f0i a\u00f0 meta virkni l\u00edfr\u00e6ns litarefnis, Ecotone\u2122, og [&hellip;]","_links":{"self":[{"href":"https:\/\/matis.is\/en\/wp-json\/wp\/v2\/posts\/31898","targetHints":{"allow":["GET"]}}],"collection":[{"href":"https:\/\/matis.is\/en\/wp-json\/wp\/v2\/posts"}],"about":[{"href":"https:\/\/matis.is\/en\/wp-json\/wp\/v2\/types\/post"}],"author":[{"embeddable":true,"href":"https:\/\/matis.is\/en\/wp-json\/wp\/v2\/users\/1"}],"replies":[{"embeddable":true,"href":"https:\/\/matis.is\/en\/wp-json\/wp\/v2\/comments?post=31898"}],"version-history":[{"count":0,"href":"https:\/\/matis.is\/en\/wp-json\/wp\/v2\/posts\/31898\/revisions"}],"wp:attachment":[{"href":"https:\/\/matis.is\/en\/wp-json\/wp\/v2\/media?parent=31898"}],"wp:term":[{"taxonomy":"category","embeddable":true,"href":"https:\/\/matis.is\/en\/wp-json\/wp\/v2\/categories?post=31898"},{"taxonomy":"post_tag","embeddable":true,"href":"https:\/\/matis.is\/en\/wp-json\/wp\/v2\/tags?post=31898"}],"curies":[{"name":"wp","href":"https:\/\/api.w.org\/{rel}","templated":true}]}}