{"id":33638,"date":"2020-12-17T14:12:00","date_gmt":"2020-12-17T14:12:00","guid":{"rendered":"https:\/\/new.matis.is\/?p=33638"},"modified":"2021-09-01T11:00:35","modified_gmt":"2021-09-01T11:00:35","slug":"ungir-neytendur-vilja-sja-matvaelagildi-sin-endurspeglast-i-theim-matvorum-sem-their-kaupa","status":"publish","type":"post","link":"https:\/\/matis.is\/en\/frettir\/ungir-neytendur-vilja-sja-matvaelagildi-sin-endurspeglast-i-theim-matvorum-sem-their-kaupa\/","title":{"rendered":"Young consumers want to see their food value reflected in the food they buy"},"content":{"rendered":"<h4 class=\"wp-block-heading\">Young people&#039;s attitudes towards food, their needs and values are not necessarily the same as those of older people, but young people today are the consumers of the future.<\/h4>\n\n\n\n<p>This autumn, an interesting series of workshops was held where students at the University level and the Icelandic food industry were brought together. The workshops focused on the current pattern of communication and the provision of information to the industry to consumers and the aim was to support the dialogue of the food industry with the consumers of the future. The workshops raised questions such as &quot;What does the next generation of consumers want to know about food and the value chain of food?&quot;, &quot;What are their food values&quot; and &quot;How is information and knowledge enhanced best communicated to them?&quot;<\/p>\n\n\n\n<p>The project was carried out by Mat\u00eds&#039; research and innovation team under the direction of Kolbr\u00fan Sveinsd\u00f3ttir, in collaboration with researchers under the direction of Anna Sigr\u00ed\u00f0ur \u00d3lafsd\u00f3ttir at the School of Education at the University of Iceland. The project was carried out in four European countries (UK, Poland, Finland and Iceland). The workshops were part of a larger project funded by the European Union (within EIT FOOD) and the project is called WeValueFood and is managed by the Institute for Global Food Security, Queen&#039;s University Belfast. The purpose of WeValueFood involves finding ways to increase the understanding and empowerment of young people&#039;s attitudes so that they understand the value and value of food and become more aware of food in a wider context.<\/p>\n\n\n\n<p>Kolbr\u00fan Sveinsd\u00f3ttir from Mat\u00eds led discussions with students. Students who took part in the workshops placed great emphasis on the environmental impact of food, but transparency and honesty are key to a positive image and trust in food producers. They want to see more about how food in Iceland is produced, whether on social media, websites of food companies or with food labels.<\/p>\n\n\n\n<p>The results show that young people want to know more about how food is produced and no less what is involved in the production process from A to Z. The information that young people call for includes confirmed information on everything from origin and eco-labels to cooking and storage instructions, but also information on why plastic is used in packaging, for example.<\/p>\n\n\n\n<p>It is clear that the next generation of consumers wants to see their food value reflected in the foods they choose. Among the values associated with food, environmental protection and opposition to food waste were prominent. In order for young consumers to be able to arrange their purchases in line with their needs and values, transparency and good access to information are needed.<\/p>\n\n\n\n<p>The workshops created an interesting dialogue between students and the food producer, which provided important insights for both consumers and the food industry. It is important to follow the workshops and strengthen the conversation and information flow between consumers and producers to meet the needs of future consumers.<\/p>\n\n\n\n<p><strong><a href=\"https:\/\/www.eitfood.eu\/projects\/wevaluefood-2020\" target=\"_blank\" rel=\"noreferrer noopener\">Information about the WeValueFood project<\/a>.<\/strong><\/p>","protected":false},"excerpt":{"rendered":"<p>Vi\u00f0horf ungs f\u00f3lks til matv\u00e6la, \u00fearfir og gildi \u00feeirra eru ekki endilega \u00feau s\u00f6mu og \u00feeirra sem eldri eru, en [&hellip;]<\/p>\n","protected":false},"author":4,"featured_media":33639,"comment_status":"closed","ping_status":"closed","sticky":false,"template":"templates\/template-cover.php","format":"standard","meta":{"_acf_changed":false,"_uag_custom_page_level_css":"","site-sidebar-layout":"default","site-content-layout":"","ast-site-content-layout":"default","site-content-style":"default","site-sidebar-style":"default","ast-global-header-display":"","ast-banner-title-visibility":"","ast-main-header-display":"","ast-hfb-above-header-display":"","ast-hfb-below-header-display":"","ast-hfb-mobile-header-display":"","site-post-title":"","ast-breadcrumbs-content":"","ast-featured-img":"","footer-sml-layout":"","ast-disable-related-posts":"","theme-transparent-header-meta":"","adv-header-id-meta":"","stick-header-meta":"","header-above-stick-meta":"","header-main-stick-meta":"","header-below-stick-meta":"","astra-migrate-meta-layouts":"default","ast-page-background-enabled":"default","ast-page-background-meta":{"desktop":{"background-color":"var(--ast-global-color-5)","background-image":"","background-repeat":"repeat","background-position":"center center","background-size":"auto","background-attachment":"scroll","background-type":"","background-media":"","overlay-type":"","overlay-color":"","overlay-opacity":"","overlay-gradient":""},"tablet":{"background-color":"","background-image":"","background-repeat":"repeat","background-position":"center center","background-size":"auto","background-attachment":"scroll","background-type":"","background-media":"","overlay-type":"","overlay-color":"","overlay-opacity":"","overlay-gradient":""},"mobile":{"background-color":"","background-image":"","background-repeat":"repeat","background-position":"center center","background-size":"auto","background-attachment":"scroll","background-type":"","background-media":"","overlay-type":"","overlay-color":"","overlay-opacity":"","overlay-gradient":""}},"ast-content-background-meta":{"desktop":{"background-color":"var(--ast-global-color-4)","background-image":"","background-repeat":"repeat","background-position":"center center","background-size":"auto","background-attachment":"scroll","background-type":"","background-media":"","overlay-type":"","overlay-color":"","overlay-opacity":"","overlay-gradient":""},"tablet":{"background-color":"var(--ast-global-color-4)","background-image":"","background-repeat":"repeat","background-position":"center center","background-size":"auto","background-attachment":"scroll","background-type":"","background-media":"","overlay-type":"","overlay-color":"","overlay-opacity":"","overlay-gradient":""},"mobile":{"background-color":"var(--ast-global-color-4)","background-image":"","background-repeat":"repeat","background-position":"center center","background-size":"auto","background-attachment":"scroll","background-type":"","background-media":"","overlay-type":"","overlay-color":"","overlay-opacity":"","overlay-gradient":""}},"footnotes":""},"categories":[1973],"tags":[],"class_list":["post-33638","post","type-post","status-publish","format-standard","has-post-thumbnail","hentry","category-frettir"],"acf":[],"yoast_head":"<!-- This site is optimized with the Yoast SEO plugin v27.4 - https:\/\/yoast.com\/product\/yoast-seo-wordpress\/ -->\n<title>Ungir neytendur vilja sj\u00e1 matv\u00e6lagildi s\u00edn endurspeglast \u00ed \u00feeim matv\u00f6rum sem \u00feeir kaupa - Mat\u00eds<\/title>\n<meta name=\"description\" content=\"Vi\u00f0horf ungs f\u00f3lks til matv\u00e6la, \u00fearfir og gildi \u00feeirra eru ekki endilega \u00feau s\u00f6mu og \u00feeirra sem eldri eru, en ungt f\u00f3lk \u00ed dag eru neytendur framt\u00ed\u00f0arinnar.\" \/>\n<meta name=\"robots\" content=\"index, follow, max-snippet:-1, max-image-preview:large, max-video-preview:-1\" \/>\n<link rel=\"canonical\" href=\"https:\/\/matis.is\/en\/frettir\/ungir-neytendur-vilja-sja-matvaelagildi-sin-endurspeglast-i-theim-matvorum-sem-their-kaupa\/\" \/>\n<meta property=\"og:locale\" content=\"en_GB\" \/>\n<meta property=\"og:type\" content=\"article\" \/>\n<meta property=\"og:title\" content=\"Ungir neytendur vilja sj\u00e1 matv\u00e6lagildi s\u00edn endurspeglast \u00ed \u00feeim matv\u00f6rum sem \u00feeir kaupa - Mat\u00eds\" \/>\n<meta property=\"og:description\" content=\"Vi\u00f0horf ungs f\u00f3lks til matv\u00e6la, \u00fearfir og gildi \u00feeirra eru ekki endilega \u00feau s\u00f6mu og \u00feeirra sem eldri eru, en ungt f\u00f3lk \u00ed dag eru neytendur framt\u00ed\u00f0arinnar.\" \/>\n<meta property=\"og:url\" content=\"https:\/\/matis.is\/en\/frettir\/ungir-neytendur-vilja-sja-matvaelagildi-sin-endurspeglast-i-theim-matvorum-sem-their-kaupa\/\" \/>\n<meta property=\"og:site_name\" content=\"Mat\u00eds\" \/>\n<meta property=\"article:publisher\" content=\"https:\/\/www.facebook.com\/matisiceland\" \/>\n<meta property=\"article:published_time\" content=\"2020-12-17T14:12:00+00:00\" \/>\n<meta property=\"article:modified_time\" content=\"2021-09-01T11:00:35+00:00\" \/>\n<meta property=\"og:image\" content=\"https:\/\/matis.is\/wp-content\/uploads\/2021\/01\/verslun-gangur-matvara_minni.jpg\" \/>\n\t<meta property=\"og:image:width\" content=\"2447\" \/>\n\t<meta property=\"og:image:height\" content=\"1634\" \/>\n\t<meta property=\"og:image:type\" content=\"image\/jpeg\" \/>\n<meta name=\"author\" content=\"\u00cdsey D\u00eds H\u00e1varsd\u00f3ttir\" \/>\n<meta name=\"twitter:card\" content=\"summary_large_image\" \/>\n<meta name=\"twitter:creator\" content=\"@matisiceland\" \/>\n<meta name=\"twitter:site\" content=\"@matisiceland\" \/>\n<meta name=\"twitter:label1\" content=\"Written by\" \/>\n\t<meta name=\"twitter:data1\" content=\"\u00cdsey D\u00eds H\u00e1varsd\u00f3ttir\" \/>\n\t<meta name=\"twitter:label2\" content=\"Estimated reading time\" \/>\n\t<meta name=\"twitter:data2\" content=\"2 minutes\" \/>\n<script type=\"application\/ld+json\" class=\"yoast-schema-graph\">{\"@context\":\"https:\\\/\\\/schema.org\",\"@graph\":[{\"@type\":\"Article\",\"@id\":\"https:\\\/\\\/matis.is\\\/en\\\/frettir\\\/ungir-neytendur-vilja-sja-matvaelagildi-sin-endurspeglast-i-theim-matvorum-sem-their-kaupa\\\/#article\",\"isPartOf\":{\"@id\":\"https:\\\/\\\/matis.is\\\/en\\\/frettir\\\/ungir-neytendur-vilja-sja-matvaelagildi-sin-endurspeglast-i-theim-matvorum-sem-their-kaupa\\\/\"},\"author\":{\"name\":\"\u00cdsey D\u00eds H\u00e1varsd\u00f3ttir\",\"@id\":\"https:\\\/\\\/matis.is\\\/#\\\/schema\\\/person\\\/d0e7799d2105bdd5b7d0620fb5d77b49\"},\"headline\":\"Ungir neytendur vilja sj\u00e1 matv\u00e6lagildi s\u00edn endurspeglast \u00ed \u00feeim matv\u00f6rum sem \u00feeir kaupa\",\"datePublished\":\"2020-12-17T14:12:00+00:00\",\"dateModified\":\"2021-09-01T11:00:35+00:00\",\"mainEntityOfPage\":{\"@id\":\"https:\\\/\\\/matis.is\\\/en\\\/frettir\\\/ungir-neytendur-vilja-sja-matvaelagildi-sin-endurspeglast-i-theim-matvorum-sem-their-kaupa\\\/\"},\"wordCount\":542,\"publisher\":{\"@id\":\"https:\\\/\\\/matis.is\\\/#organization\"},\"image\":{\"@id\":\"https:\\\/\\\/matis.is\\\/en\\\/frettir\\\/ungir-neytendur-vilja-sja-matvaelagildi-sin-endurspeglast-i-theim-matvorum-sem-their-kaupa\\\/#primaryimage\"},\"thumbnailUrl\":\"https:\\\/\\\/matis.is\\\/wp-content\\\/uploads\\\/2021\\\/01\\\/verslun-gangur-matvara_minni.jpg\",\"articleSection\":[\"Fr\u00e9ttir\"],\"inLanguage\":\"en-GB\"},{\"@type\":\"WebPage\",\"@id\":\"https:\\\/\\\/matis.is\\\/en\\\/frettir\\\/ungir-neytendur-vilja-sja-matvaelagildi-sin-endurspeglast-i-theim-matvorum-sem-their-kaupa\\\/\",\"url\":\"https:\\\/\\\/matis.is\\\/en\\\/frettir\\\/ungir-neytendur-vilja-sja-matvaelagildi-sin-endurspeglast-i-theim-matvorum-sem-their-kaupa\\\/\",\"name\":\"Ungir neytendur vilja sj\u00e1 matv\u00e6lagildi s\u00edn endurspeglast \u00ed \u00feeim matv\u00f6rum sem \u00feeir kaupa - Mat\u00eds\",\"isPartOf\":{\"@id\":\"https:\\\/\\\/matis.is\\\/#website\"},\"primaryImageOfPage\":{\"@id\":\"https:\\\/\\\/matis.is\\\/en\\\/frettir\\\/ungir-neytendur-vilja-sja-matvaelagildi-sin-endurspeglast-i-theim-matvorum-sem-their-kaupa\\\/#primaryimage\"},\"image\":{\"@id\":\"https:\\\/\\\/matis.is\\\/en\\\/frettir\\\/ungir-neytendur-vilja-sja-matvaelagildi-sin-endurspeglast-i-theim-matvorum-sem-their-kaupa\\\/#primaryimage\"},\"thumbnailUrl\":\"https:\\\/\\\/matis.is\\\/wp-content\\\/uploads\\\/2021\\\/01\\\/verslun-gangur-matvara_minni.jpg\",\"datePublished\":\"2020-12-17T14:12:00+00:00\",\"dateModified\":\"2021-09-01T11:00:35+00:00\",\"description\":\"Vi\u00f0horf ungs f\u00f3lks til matv\u00e6la, \u00fearfir og gildi \u00feeirra eru ekki endilega \u00feau s\u00f6mu og \u00feeirra sem eldri eru, en ungt f\u00f3lk \u00ed dag eru neytendur framt\u00ed\u00f0arinnar.\",\"breadcrumb\":{\"@id\":\"https:\\\/\\\/matis.is\\\/en\\\/frettir\\\/ungir-neytendur-vilja-sja-matvaelagildi-sin-endurspeglast-i-theim-matvorum-sem-their-kaupa\\\/#breadcrumb\"},\"inLanguage\":\"en-GB\",\"potentialAction\":[{\"@type\":\"ReadAction\",\"target\":[\"https:\\\/\\\/matis.is\\\/en\\\/frettir\\\/ungir-neytendur-vilja-sja-matvaelagildi-sin-endurspeglast-i-theim-matvorum-sem-their-kaupa\\\/\"]}]},{\"@type\":\"ImageObject\",\"inLanguage\":\"en-GB\",\"@id\":\"https:\\\/\\\/matis.is\\\/en\\\/frettir\\\/ungir-neytendur-vilja-sja-matvaelagildi-sin-endurspeglast-i-theim-matvorum-sem-their-kaupa\\\/#primaryimage\",\"url\":\"https:\\\/\\\/matis.is\\\/wp-content\\\/uploads\\\/2021\\\/01\\\/verslun-gangur-matvara_minni.jpg\",\"contentUrl\":\"https:\\\/\\\/matis.is\\\/wp-content\\\/uploads\\\/2021\\\/01\\\/verslun-gangur-matvara_minni.jpg\",\"width\":2447,\"height\":1634},{\"@type\":\"BreadcrumbList\",\"@id\":\"https:\\\/\\\/matis.is\\\/en\\\/frettir\\\/ungir-neytendur-vilja-sja-matvaelagildi-sin-endurspeglast-i-theim-matvorum-sem-their-kaupa\\\/#breadcrumb\",\"itemListElement\":[{\"@type\":\"ListItem\",\"position\":1,\"name\":\"Home\",\"item\":\"https:\\\/\\\/matis.is\\\/\"},{\"@type\":\"ListItem\",\"position\":2,\"name\":\"Ungir neytendur vilja sj\u00e1 matv\u00e6lagildi s\u00edn endurspeglast \u00ed \u00feeim matv\u00f6rum sem \u00feeir kaupa\"}]},{\"@type\":\"WebSite\",\"@id\":\"https:\\\/\\\/matis.is\\\/#website\",\"url\":\"https:\\\/\\\/matis.is\\\/\",\"name\":\"Mat\u00eds\",\"description\":\"Ver\u00f0m\u00e6task\u00f6pun, matv\u00e6la\u00f6ryggi og l\u00fd\u00f0heilsa\",\"publisher\":{\"@id\":\"https:\\\/\\\/matis.is\\\/#organization\"},\"potentialAction\":[{\"@type\":\"SearchAction\",\"target\":{\"@type\":\"EntryPoint\",\"urlTemplate\":\"https:\\\/\\\/matis.is\\\/?s={search_term_string}\"},\"query-input\":{\"@type\":\"PropertyValueSpecification\",\"valueRequired\":true,\"valueName\":\"search_term_string\"}}],\"inLanguage\":\"en-GB\"},{\"@type\":\"Organization\",\"@id\":\"https:\\\/\\\/matis.is\\\/#organization\",\"name\":\"Mat\u00eds ohf.\",\"url\":\"https:\\\/\\\/matis.is\\\/\",\"logo\":{\"@type\":\"ImageObject\",\"inLanguage\":\"en-GB\",\"@id\":\"https:\\\/\\\/matis.is\\\/#\\\/schema\\\/logo\\\/image\\\/\",\"url\":\"https:\\\/\\\/matis.is\\\/wp-content\\\/uploads\\\/2021\\\/02\\\/matis_logo_blatthvitt.png\",\"contentUrl\":\"https:\\\/\\\/matis.is\\\/wp-content\\\/uploads\\\/2021\\\/02\\\/matis_logo_blatthvitt.png\",\"width\":1507,\"height\":1507,\"caption\":\"Mat\u00eds ohf.\"},\"image\":{\"@id\":\"https:\\\/\\\/matis.is\\\/#\\\/schema\\\/logo\\\/image\\\/\"},\"sameAs\":[\"https:\\\/\\\/www.facebook.com\\\/matisiceland\",\"https:\\\/\\\/x.com\\\/matisiceland\",\"https:\\\/\\\/www.instagram.com\\\/matisiceland\\\/\",\"https:\\\/\\\/www.linkedin.com\\\/matisiceland\\\/\",\"https:\\\/\\\/www.youtube.com\\\/channel\\\/UCY-frt3uTqgVZW-DLjoo5bA\"]},{\"@type\":\"Person\",\"@id\":\"https:\\\/\\\/matis.is\\\/#\\\/schema\\\/person\\\/d0e7799d2105bdd5b7d0620fb5d77b49\",\"name\":\"\u00cdsey D\u00eds H\u00e1varsd\u00f3ttir\",\"url\":\"https:\\\/\\\/matis.is\\\/en\\\/author\\\/iseymatis-is\\\/\"}]}<\/script>\n<!-- \/ Yoast SEO plugin. -->","yoast_head_json":{"title":"Young consumers want to see their food value reflected in the food they buy - Mat\u00eds","description":"Young people&#039;s attitudes towards food, their needs and values are not necessarily the same as those of older people, but young people today are the consumers of the future.","robots":{"index":"index","follow":"follow","max-snippet":"max-snippet:-1","max-image-preview":"max-image-preview:large","max-video-preview":"max-video-preview:-1"},"canonical":"https:\/\/matis.is\/en\/frettir\/ungir-neytendur-vilja-sja-matvaelagildi-sin-endurspeglast-i-theim-matvorum-sem-their-kaupa\/","og_locale":"en_GB","og_type":"article","og_title":"Ungir neytendur vilja sj\u00e1 matv\u00e6lagildi s\u00edn endurspeglast \u00ed \u00feeim matv\u00f6rum sem \u00feeir kaupa - Mat\u00eds","og_description":"Vi\u00f0horf ungs f\u00f3lks til matv\u00e6la, \u00fearfir og gildi \u00feeirra eru ekki endilega \u00feau s\u00f6mu og \u00feeirra sem eldri eru, en ungt f\u00f3lk \u00ed dag eru neytendur framt\u00ed\u00f0arinnar.","og_url":"https:\/\/matis.is\/en\/frettir\/ungir-neytendur-vilja-sja-matvaelagildi-sin-endurspeglast-i-theim-matvorum-sem-their-kaupa\/","og_site_name":"Mat\u00eds","article_publisher":"https:\/\/www.facebook.com\/matisiceland","article_published_time":"2020-12-17T14:12:00+00:00","article_modified_time":"2021-09-01T11:00:35+00:00","og_image":[{"width":2447,"height":1634,"url":"https:\/\/matis.is\/wp-content\/uploads\/2021\/01\/verslun-gangur-matvara_minni.jpg","type":"image\/jpeg"}],"author":"\u00cdsey D\u00eds H\u00e1varsd\u00f3ttir","twitter_card":"summary_large_image","twitter_creator":"@matisiceland","twitter_site":"@matisiceland","twitter_misc":{"Written by":"\u00cdsey D\u00eds H\u00e1varsd\u00f3ttir","Estimated reading time":"2 minutes"},"schema":{"@context":"https:\/\/schema.org","@graph":[{"@type":"Article","@id":"https:\/\/matis.is\/en\/frettir\/ungir-neytendur-vilja-sja-matvaelagildi-sin-endurspeglast-i-theim-matvorum-sem-their-kaupa\/#article","isPartOf":{"@id":"https:\/\/matis.is\/en\/frettir\/ungir-neytendur-vilja-sja-matvaelagildi-sin-endurspeglast-i-theim-matvorum-sem-their-kaupa\/"},"author":{"name":"\u00cdsey D\u00eds H\u00e1varsd\u00f3ttir","@id":"https:\/\/matis.is\/#\/schema\/person\/d0e7799d2105bdd5b7d0620fb5d77b49"},"headline":"Ungir neytendur vilja sj\u00e1 matv\u00e6lagildi s\u00edn endurspeglast \u00ed \u00feeim matv\u00f6rum sem \u00feeir kaupa","datePublished":"2020-12-17T14:12:00+00:00","dateModified":"2021-09-01T11:00:35+00:00","mainEntityOfPage":{"@id":"https:\/\/matis.is\/en\/frettir\/ungir-neytendur-vilja-sja-matvaelagildi-sin-endurspeglast-i-theim-matvorum-sem-their-kaupa\/"},"wordCount":542,"publisher":{"@id":"https:\/\/matis.is\/#organization"},"image":{"@id":"https:\/\/matis.is\/en\/frettir\/ungir-neytendur-vilja-sja-matvaelagildi-sin-endurspeglast-i-theim-matvorum-sem-their-kaupa\/#primaryimage"},"thumbnailUrl":"https:\/\/matis.is\/wp-content\/uploads\/2021\/01\/verslun-gangur-matvara_minni.jpg","articleSection":["Fr\u00e9ttir"],"inLanguage":"en-GB"},{"@type":"WebPage","@id":"https:\/\/matis.is\/en\/frettir\/ungir-neytendur-vilja-sja-matvaelagildi-sin-endurspeglast-i-theim-matvorum-sem-their-kaupa\/","url":"https:\/\/matis.is\/en\/frettir\/ungir-neytendur-vilja-sja-matvaelagildi-sin-endurspeglast-i-theim-matvorum-sem-their-kaupa\/","name":"Young consumers want to see their food value reflected in the food they buy - Mat\u00eds","isPartOf":{"@id":"https:\/\/matis.is\/#website"},"primaryImageOfPage":{"@id":"https:\/\/matis.is\/en\/frettir\/ungir-neytendur-vilja-sja-matvaelagildi-sin-endurspeglast-i-theim-matvorum-sem-their-kaupa\/#primaryimage"},"image":{"@id":"https:\/\/matis.is\/en\/frettir\/ungir-neytendur-vilja-sja-matvaelagildi-sin-endurspeglast-i-theim-matvorum-sem-their-kaupa\/#primaryimage"},"thumbnailUrl":"https:\/\/matis.is\/wp-content\/uploads\/2021\/01\/verslun-gangur-matvara_minni.jpg","datePublished":"2020-12-17T14:12:00+00:00","dateModified":"2021-09-01T11:00:35+00:00","description":"Young people&#039;s attitudes towards food, their needs and values are not necessarily the same as those of older people, but young people today are the consumers of the future.","breadcrumb":{"@id":"https:\/\/matis.is\/en\/frettir\/ungir-neytendur-vilja-sja-matvaelagildi-sin-endurspeglast-i-theim-matvorum-sem-their-kaupa\/#breadcrumb"},"inLanguage":"en-GB","potentialAction":[{"@type":"ReadAction","target":["https:\/\/matis.is\/en\/frettir\/ungir-neytendur-vilja-sja-matvaelagildi-sin-endurspeglast-i-theim-matvorum-sem-their-kaupa\/"]}]},{"@type":"ImageObject","inLanguage":"en-GB","@id":"https:\/\/matis.is\/en\/frettir\/ungir-neytendur-vilja-sja-matvaelagildi-sin-endurspeglast-i-theim-matvorum-sem-their-kaupa\/#primaryimage","url":"https:\/\/matis.is\/wp-content\/uploads\/2021\/01\/verslun-gangur-matvara_minni.jpg","contentUrl":"https:\/\/matis.is\/wp-content\/uploads\/2021\/01\/verslun-gangur-matvara_minni.jpg","width":2447,"height":1634},{"@type":"BreadcrumbList","@id":"https:\/\/matis.is\/en\/frettir\/ungir-neytendur-vilja-sja-matvaelagildi-sin-endurspeglast-i-theim-matvorum-sem-their-kaupa\/#breadcrumb","itemListElement":[{"@type":"ListItem","position":1,"name":"Home","item":"https:\/\/matis.is\/"},{"@type":"ListItem","position":2,"name":"Ungir neytendur vilja sj\u00e1 matv\u00e6lagildi s\u00edn endurspeglast \u00ed \u00feeim matv\u00f6rum sem \u00feeir kaupa"}]},{"@type":"WebSite","@id":"https:\/\/matis.is\/#website","url":"https:\/\/matis.is\/","name":"Mat\u00eds","description":"Value creation, food security and public health","publisher":{"@id":"https:\/\/matis.is\/#organization"},"potentialAction":[{"@type":"SearchAction","target":{"@type":"EntryPoint","urlTemplate":"https:\/\/matis.is\/?s={search_term_string}"},"query-input":{"@type":"PropertyValueSpecification","valueRequired":true,"valueName":"search_term_string"}}],"inLanguage":"en-GB"},{"@type":"Organization","@id":"https:\/\/matis.is\/#organization","name":"Mat\u00eds ohf.","url":"https:\/\/matis.is\/","logo":{"@type":"ImageObject","inLanguage":"en-GB","@id":"https:\/\/matis.is\/#\/schema\/logo\/image\/","url":"https:\/\/matis.is\/wp-content\/uploads\/2021\/02\/matis_logo_blatthvitt.png","contentUrl":"https:\/\/matis.is\/wp-content\/uploads\/2021\/02\/matis_logo_blatthvitt.png","width":1507,"height":1507,"caption":"Mat\u00eds ohf."},"image":{"@id":"https:\/\/matis.is\/#\/schema\/logo\/image\/"},"sameAs":["https:\/\/www.facebook.com\/matisiceland","https:\/\/x.com\/matisiceland","https:\/\/www.instagram.com\/matisiceland\/","https:\/\/www.linkedin.com\/matisiceland\/","https:\/\/www.youtube.com\/channel\/UCY-frt3uTqgVZW-DLjoo5bA"]},{"@type":"Person","@id":"https:\/\/matis.is\/#\/schema\/person\/d0e7799d2105bdd5b7d0620fb5d77b49","name":"\u00cdsey D\u00eds H\u00e1varsd\u00f3ttir","url":"https:\/\/matis.is\/en\/author\/iseymatis-is\/"}]}},"spectra_custom_meta":{"_edit_lock":["1630494035:5"],"_thumbnail_id":["33639"],"_wp_page_template":["templates\/template-cover.php"],"_edit_last":["5"],"tengilidur":[""],"_tengilidur":["field_5ef905e0538b2"],"_wp_old_date":["2021-01-07"],"_yoast_wpseo_metadesc":["Vi\u00f0horf ungs f\u00f3lks til matv\u00e6la, \u00fearfir og gildi \u00feeirra eru ekki endilega \u00feau s\u00f6mu og \u00feeirra sem eldri eru, en ungt f\u00f3lk \u00ed dag eru neytendur framt\u00ed\u00f0arinnar."],"_yoast_wpseo_content_score":["30"],"_yoast_wpseo_estimated-reading-time-minutes":["2"],"wpmm_postgrid_views":["480"],"_uag_css_file_name":["uag-css-33638.css"],"_uag_page_assets":["a:9:{s:3:\"css\";s:263:\".uag-blocks-common-selector{z-index:var(--z-index-desktop) !important}@media (max-width: 976px){.uag-blocks-common-selector{z-index:var(--z-index-tablet) !important}}@media (max-width: 767px){.uag-blocks-common-selector{z-index:var(--z-index-mobile) !important}}\n\";s:2:\"js\";s:0:\"\";s:18:\"current_block_list\";a:6:{i:0;s:12:\"core\/heading\";i:1;s:14:\"core\/paragraph\";i:2;s:12:\"core\/buttons\";i:3;s:11:\"core\/button\";i:4;s:12:\"core\/columns\";i:5;s:11:\"core\/column\";}s:8:\"uag_flag\";b:0;s:11:\"uag_version\";s:10:\"1777560172\";s:6:\"gfonts\";a:0:{}s:10:\"gfonts_url\";s:0:\"\";s:12:\"gfonts_files\";a:0:{}s:14:\"uag_faq_layout\";b:0;}"]},"uagb_featured_image_src":{"full":["https:\/\/matis.is\/wp-content\/uploads\/2021\/01\/verslun-gangur-matvara_minni.jpg",2447,1634,false],"thumbnail":["https:\/\/matis.is\/wp-content\/uploads\/2021\/01\/verslun-gangur-matvara_minni-150x150.jpg",150,150,true],"medium":["https:\/\/matis.is\/wp-content\/uploads\/2021\/01\/verslun-gangur-matvara_minni-300x200.jpg",300,200,true],"medium_large":["https:\/\/matis.is\/wp-content\/uploads\/2021\/01\/verslun-gangur-matvara_minni-768x513.jpg",768,513,true],"large":["https:\/\/matis.is\/wp-content\/uploads\/2021\/01\/verslun-gangur-matvara_minni-1024x684.jpg",1024,684,true],"1536x1536":["https:\/\/matis.is\/wp-content\/uploads\/2021\/01\/verslun-gangur-matvara_minni-1536x1026.jpg",1536,1026,true],"2048x2048":["https:\/\/matis.is\/wp-content\/uploads\/2021\/01\/verslun-gangur-matvara_minni-2048x1368.jpg",2048,1368,true],"trp-custom-language-flag":["https:\/\/matis.is\/wp-content\/uploads\/2021\/01\/verslun-gangur-matvara_minni.jpg",18,12,false]},"uagb_author_info":{"display_name":"\u00cdsey D\u00eds H\u00e1varsd\u00f3ttir","author_link":"https:\/\/matis.is\/en\/author\/iseymatis-is\/"},"uagb_comment_info":0,"uagb_excerpt":"Vi\u00f0horf ungs f\u00f3lks til matv\u00e6la, \u00fearfir og gildi \u00feeirra eru ekki endilega \u00feau s\u00f6mu og \u00feeirra sem eldri eru, en [&hellip;]","_links":{"self":[{"href":"https:\/\/matis.is\/en\/wp-json\/wp\/v2\/posts\/33638","targetHints":{"allow":["GET"]}}],"collection":[{"href":"https:\/\/matis.is\/en\/wp-json\/wp\/v2\/posts"}],"about":[{"href":"https:\/\/matis.is\/en\/wp-json\/wp\/v2\/types\/post"}],"author":[{"embeddable":true,"href":"https:\/\/matis.is\/en\/wp-json\/wp\/v2\/users\/4"}],"replies":[{"embeddable":true,"href":"https:\/\/matis.is\/en\/wp-json\/wp\/v2\/comments?post=33638"}],"version-history":[{"count":1,"href":"https:\/\/matis.is\/en\/wp-json\/wp\/v2\/posts\/33638\/revisions"}],"predecessor-version":[{"id":44114,"href":"https:\/\/matis.is\/en\/wp-json\/wp\/v2\/posts\/33638\/revisions\/44114"}],"wp:featuredmedia":[{"embeddable":true,"href":"https:\/\/matis.is\/en\/wp-json\/wp\/v2\/media\/33639"}],"wp:attachment":[{"href":"https:\/\/matis.is\/en\/wp-json\/wp\/v2\/media?parent=33638"}],"wp:term":[{"taxonomy":"category","embeddable":true,"href":"https:\/\/matis.is\/en\/wp-json\/wp\/v2\/categories?post=33638"},{"taxonomy":"post_tag","embeddable":true,"href":"https:\/\/matis.is\/en\/wp-json\/wp\/v2\/tags?post=33638"}],"curies":[{"name":"wp","href":"https:\/\/api.w.org\/{rel}","templated":true}]}}