{"id":33645,"date":"2020-12-14T14:24:00","date_gmt":"2020-12-14T14:24:00","guid":{"rendered":"https:\/\/new.matis.is\/?p=33645"},"modified":"2021-09-01T11:01:41","modified_gmt":"2021-09-01T11:01:41","slug":"north-atlantic-seafood-forum-verdur-einn-merkilegasti-netvidburdur-i-sjavarutvegi-og-fiskeldi-arsins-2021","status":"publish","type":"post","link":"https:\/\/matis.is\/en\/frettir\/north-atlantic-seafood-forum-verdur-einn-merkilegasti-netvidburdur-i-sjavarutvegi-og-fiskeldi-arsins-2021\/","title":{"rendered":"The North Atlantic Seafood Forum will be one of the most significant online events in the fisheries and aquaculture industry in 2021"},"content":{"rendered":"<h2 class=\"wp-block-heading\">Updated news: The NASF board has decided to postpone the event until June 8-10. Further information can be expected here on Mat\u00eds&#039; website in January.<\/h2>\n\n\n\n<h4 class=\"wp-block-heading\">In March every year for the past 15 years, managers and stakeholders in the fisheries and aquaculture industry have flocked to Bergen to attend a conference&nbsp;<a href=\"https:\/\/www.nor-seafood.com\/\">North Atlantic Seafood Forum (NASF)<\/a>.<\/h4>\n\n\n\n<p>The target group of this three-day conference has traditionally been managers in the fisheries, aquaculture and related industries, ie. equipment manufacturers, marketing companies, banks, insurance companies, consulting companies, etc. Although the cost of participation has been significant (the conference fee has been around ISK 150,000 + VAT per participant), between 800 and 1,000 people have attended the event each year, which shows how important this conference is for the target group. Due to COVID, it has now been decided that NASF21 will be an online event, which provides an opportunity to increase the number of participants and reduce the conference fee significantly.<\/p>\n\n\n\n<p>The conference will take place on June 8-10 and is expected to have at least 2,500 participants. The conference fee is around 45,000 ISK + VAT (290 EUR) per participant, but then a volume discount is available for companies that register more participants. This year&#039;s program is particularly successful, a total of 130 presentations will be offered and among those present are Erna Solberg, Prime Minister of Norway, Nina Jensen, Secretary General&nbsp;<a href=\"https:\/\/www.revocean.org\/\">REV Ocean<\/a>, Jong-Gu Lee, Deputy Secretary General&nbsp;<a href=\"https:\/\/www.dongwon.com\/en\">Dongwong Industries<\/a>&nbsp;which is South Korea&#039;s largest fisheries company, Sady Delgado, managing director&nbsp;<a href=\"https:\/\/www.aquachile.com\/\">AquaChile<\/a>, along with presentations from Yongs, Nutrco, Rabobank, Kontali, Pareto etc.<\/p>\n\n\n\n<p><strong><em>As in previous years, the program is divided into the following sections:<\/em><\/strong><\/p>\n\n\n\n<p><strong>On June 8, six seminars will take place:<\/strong><\/p>\n\n\n\n<ul class=\"wp-block-list\"><li>Aqua tech, managed by Sintef<\/li><li>Marsh Insurance, where insurance companies are the target group<\/li><li>Yong leaders summit, where future leaders in the fishing industry are the target group<\/li><li>A seminar on marine research, chaired by the Norwegian Institute of Marine Research<\/li><li>Seminar on research and innovation in the Norwegian fisheries sector, led by Norwegian research funds<\/li><li>Seminar on international research and innovation in the fisheries sector.<\/li><\/ul>\n\n\n\n<p><strong>The program for June 9 is divided into four parts:<\/strong><\/p>\n\n\n\n<ul class=\"wp-block-list\"><li>In the morning, there will be general presentations for all participants at a time, but that part is usually the highlight of the program.<\/li><li>In the afternoon there are three seminars that take place simultaneously, ie.<ul><li>Aquaculture<\/li><li>White fish<\/li><li>Markets (Brexit)<\/li><\/ul><\/li><\/ul>\n\n\n\n<p><strong>The program for June 10 is divided into four parts:<\/strong><\/p>\n\n\n\n<ul class=\"wp-block-list\"><li>Pelagic fish<\/li><li>Markets<\/li><li>Sustainability<\/li><li>Introductions to start-ups and innovation<\/li><\/ul>\n\n\n\n<p>One of the most important part of participating in the NASF has always been the opportunity to gather the main influences in the fisheries sector in one place to establish and maintain partnerships. Good and secure business relationships are always based on personal communication, and NASF has played an important role in this. This time, efforts will be made to meet those needs by offering to connect parties in micro-meetings. Different &quot;packages&quot; are available when it comes to such connections, but the &quot;package&quot; that most people are most likely to choose who is interested in taking advantage of this opportunity costs 500 EUR. For that &quot;package&quot;, the company gets its name and presentation on the &quot;wall&quot; and then all general participants can book a meeting with that company.<\/p>\n\n\n\n<p>There are still very few opportunities to get on the list of speakers or to become sponsors of NASF21.&nbsp;<\/p>\n\n\n\n<p>For further information, contact J\u00f3nas R. Vi\u00f0arsson&nbsp;<a href=\"mailto:jonas@matis.is\">jonas@matis.is<\/a>&nbsp;or by phone 4225107.<\/p>","protected":false},"excerpt":{"rendered":"<p>Uppf\u00e6r\u00f0 fr\u00e9tt: Stj\u00f3rn NASF hefur \u00e1kve\u00f0i\u00f0 a\u00f0 fresta vi\u00f0bur\u00f0inum til 8-10 j\u00fan\u00ed. Frekari fregna ver\u00f0ur a\u00f0 v\u00e6nta h\u00e9r \u00e1 heimas\u00ed\u00f0u [&hellip;]<\/p>\n","protected":false},"author":4,"featured_media":33646,"comment_status":"closed","ping_status":"closed","sticky":false,"template":"templates\/template-cover.php","format":"standard","meta":{"_acf_changed":false,"_uag_custom_page_level_css":"","site-sidebar-layout":"default","site-content-layout":"","ast-site-content-layout":"default","site-content-style":"default","site-sidebar-style":"default","ast-global-header-display":"","ast-banner-title-visibility":"","ast-main-header-display":"","ast-hfb-above-header-display":"","ast-hfb-below-header-display":"","ast-hfb-mobile-header-display":"","site-post-title":"","ast-breadcrumbs-content":"","ast-featured-img":"","footer-sml-layout":"","ast-disable-related-posts":"","theme-transparent-header-meta":"","adv-header-id-meta":"","stick-header-meta":"","header-above-stick-meta":"","header-main-stick-meta":"","header-below-stick-meta":"","astra-migrate-meta-layouts":"default","ast-page-background-enabled":"default","ast-page-background-meta":{"desktop":{"background-color":"var(--ast-global-color-5)","background-image":"","background-repeat":"repeat","background-position":"center center","background-size":"auto","background-attachment":"scroll","background-type":"","background-media":"","overlay-type":"","overlay-color":"","overlay-opacity":"","overlay-gradient":""},"tablet":{"background-color":"","background-image":"","background-repeat":"repeat","background-position":"center center","background-size":"auto","background-attachment":"scroll","background-type":"","background-media":"","overlay-type":"","overlay-color":"","overlay-opacity":"","overlay-gradient":""},"mobile":{"background-color":"","background-image":"","background-repeat":"repeat","background-position":"center center","background-size":"auto","background-attachment":"scroll","background-type":"","background-media":"","overlay-type":"","overlay-color":"","overlay-opacity":"","overlay-gradient":""}},"ast-content-background-meta":{"desktop":{"background-color":"var(--ast-global-color-4)","background-image":"","background-repeat":"repeat","background-position":"center center","background-size":"auto","background-attachment":"scroll","background-type":"","background-media":"","overlay-type":"","overlay-color":"","overlay-opacity":"","overlay-gradient":""},"tablet":{"background-color":"var(--ast-global-color-4)","background-image":"","background-repeat":"repeat","background-position":"center center","background-size":"auto","background-attachment":"scroll","background-type":"","background-media":"","overlay-type":"","overlay-color":"","overlay-opacity":"","overlay-gradient":""},"mobile":{"background-color":"var(--ast-global-color-4)","background-image":"","background-repeat":"repeat","background-position":"center center","background-size":"auto","background-attachment":"scroll","background-type":"","background-media":"","overlay-type":"","overlay-color":"","overlay-opacity":"","overlay-gradient":""}},"footnotes":""},"categories":[1973],"tags":[],"class_list":["post-33645","post","type-post","status-publish","format-standard","has-post-thumbnail","hentry","category-frettir"],"acf":[],"yoast_head":"<!-- This site is optimized with the Yoast SEO plugin v27.4 - https:\/\/yoast.com\/product\/yoast-seo-wordpress\/ -->\n<title>North Atlantic Seafood Forum ver\u00f0ur einn merkilegasti netvi\u00f0bur\u00f0ur \u00ed sj\u00e1var\u00fatvegi og fiskeldi \u00e1rsins 2021 - Mat\u00eds<\/title>\n<meta name=\"description\" content=\"Stj\u00f3rn NASF hefur \u00e1kve\u00f0i\u00f0 a\u00f0 fresta vi\u00f0bur\u00f0inum til 8-10 j\u00fan\u00ed. Frekari fregna ver\u00f0ur a\u00f0 v\u00e6nta h\u00e9r \u00e1 heimas\u00ed\u00f0u Mat\u00eds \u00ed jan\u00faar.\" \/>\n<meta name=\"robots\" content=\"index, follow, max-snippet:-1, max-image-preview:large, max-video-preview:-1\" \/>\n<link rel=\"canonical\" href=\"https:\/\/matis.is\/en\/frettir\/north-atlantic-seafood-forum-verdur-einn-merkilegasti-netvidburdur-i-sjavarutvegi-og-fiskeldi-arsins-2021\/\" \/>\n<meta property=\"og:locale\" content=\"en_GB\" \/>\n<meta property=\"og:type\" content=\"article\" \/>\n<meta property=\"og:title\" content=\"North Atlantic Seafood Forum ver\u00f0ur einn merkilegasti netvi\u00f0bur\u00f0ur \u00ed sj\u00e1var\u00fatvegi og fiskeldi \u00e1rsins 2021 - Mat\u00eds\" \/>\n<meta property=\"og:description\" content=\"Stj\u00f3rn NASF hefur \u00e1kve\u00f0i\u00f0 a\u00f0 fresta vi\u00f0bur\u00f0inum til 8-10 j\u00fan\u00ed. Frekari fregna ver\u00f0ur a\u00f0 v\u00e6nta h\u00e9r \u00e1 heimas\u00ed\u00f0u Mat\u00eds \u00ed jan\u00faar.\" \/>\n<meta property=\"og:url\" content=\"https:\/\/matis.is\/en\/frettir\/north-atlantic-seafood-forum-verdur-einn-merkilegasti-netvidburdur-i-sjavarutvegi-og-fiskeldi-arsins-2021\/\" \/>\n<meta property=\"og:site_name\" content=\"Mat\u00eds\" \/>\n<meta property=\"article:publisher\" content=\"https:\/\/www.facebook.com\/matisiceland\" \/>\n<meta property=\"article:published_time\" content=\"2020-12-14T14:24:00+00:00\" \/>\n<meta property=\"article:modified_time\" content=\"2021-09-01T11:01:41+00:00\" \/>\n<meta property=\"og:image\" content=\"https:\/\/matis.is\/wp-content\/uploads\/2021\/01\/NASF-logo.png\" \/>\n\t<meta property=\"og:image:width\" content=\"1600\" \/>\n\t<meta property=\"og:image:height\" content=\"1869\" \/>\n\t<meta property=\"og:image:type\" content=\"image\/png\" \/>\n<meta name=\"author\" content=\"\u00cdsey D\u00eds H\u00e1varsd\u00f3ttir\" \/>\n<meta name=\"twitter:card\" content=\"summary_large_image\" \/>\n<meta name=\"twitter:creator\" content=\"@matisiceland\" \/>\n<meta name=\"twitter:site\" content=\"@matisiceland\" \/>\n<meta name=\"twitter:label1\" content=\"Written by\" \/>\n\t<meta name=\"twitter:data1\" content=\"\u00cdsey D\u00eds H\u00e1varsd\u00f3ttir\" \/>\n\t<meta name=\"twitter:label2\" content=\"Estimated reading time\" \/>\n\t<meta name=\"twitter:data2\" content=\"3 minutes\" \/>\n<script type=\"application\/ld+json\" class=\"yoast-schema-graph\">{\"@context\":\"https:\\\/\\\/schema.org\",\"@graph\":[{\"@type\":\"Article\",\"@id\":\"https:\\\/\\\/matis.is\\\/frettir\\\/north-atlantic-seafood-forum-verdur-einn-merkilegasti-netvidburdur-i-sjavarutvegi-og-fiskeldi-arsins-2021\\\/#article\",\"isPartOf\":{\"@id\":\"https:\\\/\\\/matis.is\\\/frettir\\\/north-atlantic-seafood-forum-verdur-einn-merkilegasti-netvidburdur-i-sjavarutvegi-og-fiskeldi-arsins-2021\\\/\"},\"author\":{\"name\":\"\u00cdsey D\u00eds H\u00e1varsd\u00f3ttir\",\"@id\":\"https:\\\/\\\/matis.is\\\/#\\\/schema\\\/person\\\/d0e7799d2105bdd5b7d0620fb5d77b49\"},\"headline\":\"North Atlantic Seafood Forum ver\u00f0ur einn merkilegasti netvi\u00f0bur\u00f0ur \u00ed sj\u00e1var\u00fatvegi og fiskeldi \u00e1rsins 2021\",\"datePublished\":\"2020-12-14T14:24:00+00:00\",\"dateModified\":\"2021-09-01T11:01:41+00:00\",\"mainEntityOfPage\":{\"@id\":\"https:\\\/\\\/matis.is\\\/frettir\\\/north-atlantic-seafood-forum-verdur-einn-merkilegasti-netvidburdur-i-sjavarutvegi-og-fiskeldi-arsins-2021\\\/\"},\"wordCount\":656,\"publisher\":{\"@id\":\"https:\\\/\\\/matis.is\\\/#organization\"},\"image\":{\"@id\":\"https:\\\/\\\/matis.is\\\/frettir\\\/north-atlantic-seafood-forum-verdur-einn-merkilegasti-netvidburdur-i-sjavarutvegi-og-fiskeldi-arsins-2021\\\/#primaryimage\"},\"thumbnailUrl\":\"https:\\\/\\\/matis.is\\\/wp-content\\\/uploads\\\/2021\\\/01\\\/NASF-logo.png\",\"articleSection\":[\"Fr\u00e9ttir\"],\"inLanguage\":\"en-GB\"},{\"@type\":\"WebPage\",\"@id\":\"https:\\\/\\\/matis.is\\\/frettir\\\/north-atlantic-seafood-forum-verdur-einn-merkilegasti-netvidburdur-i-sjavarutvegi-og-fiskeldi-arsins-2021\\\/\",\"url\":\"https:\\\/\\\/matis.is\\\/frettir\\\/north-atlantic-seafood-forum-verdur-einn-merkilegasti-netvidburdur-i-sjavarutvegi-og-fiskeldi-arsins-2021\\\/\",\"name\":\"North Atlantic Seafood Forum ver\u00f0ur einn merkilegasti netvi\u00f0bur\u00f0ur \u00ed sj\u00e1var\u00fatvegi og fiskeldi \u00e1rsins 2021 - Mat\u00eds\",\"isPartOf\":{\"@id\":\"https:\\\/\\\/matis.is\\\/#website\"},\"primaryImageOfPage\":{\"@id\":\"https:\\\/\\\/matis.is\\\/frettir\\\/north-atlantic-seafood-forum-verdur-einn-merkilegasti-netvidburdur-i-sjavarutvegi-og-fiskeldi-arsins-2021\\\/#primaryimage\"},\"image\":{\"@id\":\"https:\\\/\\\/matis.is\\\/frettir\\\/north-atlantic-seafood-forum-verdur-einn-merkilegasti-netvidburdur-i-sjavarutvegi-og-fiskeldi-arsins-2021\\\/#primaryimage\"},\"thumbnailUrl\":\"https:\\\/\\\/matis.is\\\/wp-content\\\/uploads\\\/2021\\\/01\\\/NASF-logo.png\",\"datePublished\":\"2020-12-14T14:24:00+00:00\",\"dateModified\":\"2021-09-01T11:01:41+00:00\",\"description\":\"Stj\u00f3rn NASF hefur \u00e1kve\u00f0i\u00f0 a\u00f0 fresta vi\u00f0bur\u00f0inum til 8-10 j\u00fan\u00ed. Frekari fregna ver\u00f0ur a\u00f0 v\u00e6nta h\u00e9r \u00e1 heimas\u00ed\u00f0u Mat\u00eds \u00ed jan\u00faar.\",\"breadcrumb\":{\"@id\":\"https:\\\/\\\/matis.is\\\/frettir\\\/north-atlantic-seafood-forum-verdur-einn-merkilegasti-netvidburdur-i-sjavarutvegi-og-fiskeldi-arsins-2021\\\/#breadcrumb\"},\"inLanguage\":\"en-GB\",\"potentialAction\":[{\"@type\":\"ReadAction\",\"target\":[\"https:\\\/\\\/matis.is\\\/frettir\\\/north-atlantic-seafood-forum-verdur-einn-merkilegasti-netvidburdur-i-sjavarutvegi-og-fiskeldi-arsins-2021\\\/\"]}]},{\"@type\":\"ImageObject\",\"inLanguage\":\"en-GB\",\"@id\":\"https:\\\/\\\/matis.is\\\/frettir\\\/north-atlantic-seafood-forum-verdur-einn-merkilegasti-netvidburdur-i-sjavarutvegi-og-fiskeldi-arsins-2021\\\/#primaryimage\",\"url\":\"https:\\\/\\\/matis.is\\\/wp-content\\\/uploads\\\/2021\\\/01\\\/NASF-logo.png\",\"contentUrl\":\"https:\\\/\\\/matis.is\\\/wp-content\\\/uploads\\\/2021\\\/01\\\/NASF-logo.png\",\"width\":1600,\"height\":1869},{\"@type\":\"BreadcrumbList\",\"@id\":\"https:\\\/\\\/matis.is\\\/frettir\\\/north-atlantic-seafood-forum-verdur-einn-merkilegasti-netvidburdur-i-sjavarutvegi-og-fiskeldi-arsins-2021\\\/#breadcrumb\",\"itemListElement\":[{\"@type\":\"ListItem\",\"position\":1,\"name\":\"Home\",\"item\":\"https:\\\/\\\/matis.is\\\/\"},{\"@type\":\"ListItem\",\"position\":2,\"name\":\"North Atlantic Seafood Forum ver\u00f0ur einn merkilegasti netvi\u00f0bur\u00f0ur \u00ed sj\u00e1var\u00fatvegi og fiskeldi \u00e1rsins 2021\"}]},{\"@type\":\"WebSite\",\"@id\":\"https:\\\/\\\/matis.is\\\/#website\",\"url\":\"https:\\\/\\\/matis.is\\\/\",\"name\":\"Mat\u00eds\",\"description\":\"Ver\u00f0m\u00e6task\u00f6pun, matv\u00e6la\u00f6ryggi og l\u00fd\u00f0heilsa\",\"publisher\":{\"@id\":\"https:\\\/\\\/matis.is\\\/#organization\"},\"potentialAction\":[{\"@type\":\"SearchAction\",\"target\":{\"@type\":\"EntryPoint\",\"urlTemplate\":\"https:\\\/\\\/matis.is\\\/?s={search_term_string}\"},\"query-input\":{\"@type\":\"PropertyValueSpecification\",\"valueRequired\":true,\"valueName\":\"search_term_string\"}}],\"inLanguage\":\"en-GB\"},{\"@type\":\"Organization\",\"@id\":\"https:\\\/\\\/matis.is\\\/#organization\",\"name\":\"Mat\u00eds ohf.\",\"url\":\"https:\\\/\\\/matis.is\\\/\",\"logo\":{\"@type\":\"ImageObject\",\"inLanguage\":\"en-GB\",\"@id\":\"https:\\\/\\\/matis.is\\\/#\\\/schema\\\/logo\\\/image\\\/\",\"url\":\"https:\\\/\\\/matis.is\\\/wp-content\\\/uploads\\\/2021\\\/02\\\/matis_logo_blatthvitt.png\",\"contentUrl\":\"https:\\\/\\\/matis.is\\\/wp-content\\\/uploads\\\/2021\\\/02\\\/matis_logo_blatthvitt.png\",\"width\":1507,\"height\":1507,\"caption\":\"Mat\u00eds ohf.\"},\"image\":{\"@id\":\"https:\\\/\\\/matis.is\\\/#\\\/schema\\\/logo\\\/image\\\/\"},\"sameAs\":[\"https:\\\/\\\/www.facebook.com\\\/matisiceland\",\"https:\\\/\\\/x.com\\\/matisiceland\",\"https:\\\/\\\/www.instagram.com\\\/matisiceland\\\/\",\"https:\\\/\\\/www.linkedin.com\\\/matisiceland\\\/\",\"https:\\\/\\\/www.youtube.com\\\/channel\\\/UCY-frt3uTqgVZW-DLjoo5bA\"]},{\"@type\":\"Person\",\"@id\":\"https:\\\/\\\/matis.is\\\/#\\\/schema\\\/person\\\/d0e7799d2105bdd5b7d0620fb5d77b49\",\"name\":\"\u00cdsey D\u00eds H\u00e1varsd\u00f3ttir\",\"url\":\"https:\\\/\\\/matis.is\\\/en\\\/author\\\/iseymatis-is\\\/\"}]}<\/script>\n<!-- \/ Yoast SEO plugin. -->","yoast_head_json":{"title":"North Atlantic Seafood Forum will be one of the most remarkable online events in the fisheries and aquaculture of 2021 - Mat\u00eds","description":"The NASF Board has decided to postpone the event until June 8-10. Further information can be expected here on Mat\u00eds&#039; website in January.","robots":{"index":"index","follow":"follow","max-snippet":"max-snippet:-1","max-image-preview":"max-image-preview:large","max-video-preview":"max-video-preview:-1"},"canonical":"https:\/\/matis.is\/en\/frettir\/north-atlantic-seafood-forum-verdur-einn-merkilegasti-netvidburdur-i-sjavarutvegi-og-fiskeldi-arsins-2021\/","og_locale":"en_GB","og_type":"article","og_title":"North Atlantic Seafood Forum ver\u00f0ur einn merkilegasti netvi\u00f0bur\u00f0ur \u00ed sj\u00e1var\u00fatvegi og fiskeldi \u00e1rsins 2021 - Mat\u00eds","og_description":"Stj\u00f3rn NASF hefur \u00e1kve\u00f0i\u00f0 a\u00f0 fresta vi\u00f0bur\u00f0inum til 8-10 j\u00fan\u00ed. Frekari fregna ver\u00f0ur a\u00f0 v\u00e6nta h\u00e9r \u00e1 heimas\u00ed\u00f0u Mat\u00eds \u00ed jan\u00faar.","og_url":"https:\/\/matis.is\/en\/frettir\/north-atlantic-seafood-forum-verdur-einn-merkilegasti-netvidburdur-i-sjavarutvegi-og-fiskeldi-arsins-2021\/","og_site_name":"Mat\u00eds","article_publisher":"https:\/\/www.facebook.com\/matisiceland","article_published_time":"2020-12-14T14:24:00+00:00","article_modified_time":"2021-09-01T11:01:41+00:00","og_image":[{"width":1600,"height":1869,"url":"https:\/\/matis.is\/wp-content\/uploads\/2021\/01\/NASF-logo.png","type":"image\/png"}],"author":"\u00cdsey D\u00eds H\u00e1varsd\u00f3ttir","twitter_card":"summary_large_image","twitter_creator":"@matisiceland","twitter_site":"@matisiceland","twitter_misc":{"Written by":"\u00cdsey D\u00eds H\u00e1varsd\u00f3ttir","Estimated reading time":"3 minutes"},"schema":{"@context":"https:\/\/schema.org","@graph":[{"@type":"Article","@id":"https:\/\/matis.is\/frettir\/north-atlantic-seafood-forum-verdur-einn-merkilegasti-netvidburdur-i-sjavarutvegi-og-fiskeldi-arsins-2021\/#article","isPartOf":{"@id":"https:\/\/matis.is\/frettir\/north-atlantic-seafood-forum-verdur-einn-merkilegasti-netvidburdur-i-sjavarutvegi-og-fiskeldi-arsins-2021\/"},"author":{"name":"\u00cdsey D\u00eds H\u00e1varsd\u00f3ttir","@id":"https:\/\/matis.is\/#\/schema\/person\/d0e7799d2105bdd5b7d0620fb5d77b49"},"headline":"North Atlantic Seafood Forum ver\u00f0ur einn merkilegasti netvi\u00f0bur\u00f0ur \u00ed sj\u00e1var\u00fatvegi og fiskeldi \u00e1rsins 2021","datePublished":"2020-12-14T14:24:00+00:00","dateModified":"2021-09-01T11:01:41+00:00","mainEntityOfPage":{"@id":"https:\/\/matis.is\/frettir\/north-atlantic-seafood-forum-verdur-einn-merkilegasti-netvidburdur-i-sjavarutvegi-og-fiskeldi-arsins-2021\/"},"wordCount":656,"publisher":{"@id":"https:\/\/matis.is\/#organization"},"image":{"@id":"https:\/\/matis.is\/frettir\/north-atlantic-seafood-forum-verdur-einn-merkilegasti-netvidburdur-i-sjavarutvegi-og-fiskeldi-arsins-2021\/#primaryimage"},"thumbnailUrl":"https:\/\/matis.is\/wp-content\/uploads\/2021\/01\/NASF-logo.png","articleSection":["Fr\u00e9ttir"],"inLanguage":"en-GB"},{"@type":"WebPage","@id":"https:\/\/matis.is\/frettir\/north-atlantic-seafood-forum-verdur-einn-merkilegasti-netvidburdur-i-sjavarutvegi-og-fiskeldi-arsins-2021\/","url":"https:\/\/matis.is\/frettir\/north-atlantic-seafood-forum-verdur-einn-merkilegasti-netvidburdur-i-sjavarutvegi-og-fiskeldi-arsins-2021\/","name":"North Atlantic Seafood Forum will be one of the most remarkable online events in the fisheries and aquaculture of 2021 - Mat\u00eds","isPartOf":{"@id":"https:\/\/matis.is\/#website"},"primaryImageOfPage":{"@id":"https:\/\/matis.is\/frettir\/north-atlantic-seafood-forum-verdur-einn-merkilegasti-netvidburdur-i-sjavarutvegi-og-fiskeldi-arsins-2021\/#primaryimage"},"image":{"@id":"https:\/\/matis.is\/frettir\/north-atlantic-seafood-forum-verdur-einn-merkilegasti-netvidburdur-i-sjavarutvegi-og-fiskeldi-arsins-2021\/#primaryimage"},"thumbnailUrl":"https:\/\/matis.is\/wp-content\/uploads\/2021\/01\/NASF-logo.png","datePublished":"2020-12-14T14:24:00+00:00","dateModified":"2021-09-01T11:01:41+00:00","description":"The NASF Board has decided to postpone the event until June 8-10. Further information can be expected here on Mat\u00eds&#039; website in January.","breadcrumb":{"@id":"https:\/\/matis.is\/frettir\/north-atlantic-seafood-forum-verdur-einn-merkilegasti-netvidburdur-i-sjavarutvegi-og-fiskeldi-arsins-2021\/#breadcrumb"},"inLanguage":"en-GB","potentialAction":[{"@type":"ReadAction","target":["https:\/\/matis.is\/frettir\/north-atlantic-seafood-forum-verdur-einn-merkilegasti-netvidburdur-i-sjavarutvegi-og-fiskeldi-arsins-2021\/"]}]},{"@type":"ImageObject","inLanguage":"en-GB","@id":"https:\/\/matis.is\/frettir\/north-atlantic-seafood-forum-verdur-einn-merkilegasti-netvidburdur-i-sjavarutvegi-og-fiskeldi-arsins-2021\/#primaryimage","url":"https:\/\/matis.is\/wp-content\/uploads\/2021\/01\/NASF-logo.png","contentUrl":"https:\/\/matis.is\/wp-content\/uploads\/2021\/01\/NASF-logo.png","width":1600,"height":1869},{"@type":"BreadcrumbList","@id":"https:\/\/matis.is\/frettir\/north-atlantic-seafood-forum-verdur-einn-merkilegasti-netvidburdur-i-sjavarutvegi-og-fiskeldi-arsins-2021\/#breadcrumb","itemListElement":[{"@type":"ListItem","position":1,"name":"Home","item":"https:\/\/matis.is\/"},{"@type":"ListItem","position":2,"name":"North Atlantic Seafood Forum ver\u00f0ur einn merkilegasti netvi\u00f0bur\u00f0ur \u00ed sj\u00e1var\u00fatvegi og fiskeldi \u00e1rsins 2021"}]},{"@type":"WebSite","@id":"https:\/\/matis.is\/#website","url":"https:\/\/matis.is\/","name":"Mat\u00eds","description":"Value creation, food security and public health","publisher":{"@id":"https:\/\/matis.is\/#organization"},"potentialAction":[{"@type":"SearchAction","target":{"@type":"EntryPoint","urlTemplate":"https:\/\/matis.is\/?s={search_term_string}"},"query-input":{"@type":"PropertyValueSpecification","valueRequired":true,"valueName":"search_term_string"}}],"inLanguage":"en-GB"},{"@type":"Organization","@id":"https:\/\/matis.is\/#organization","name":"Mat\u00eds ohf.","url":"https:\/\/matis.is\/","logo":{"@type":"ImageObject","inLanguage":"en-GB","@id":"https:\/\/matis.is\/#\/schema\/logo\/image\/","url":"https:\/\/matis.is\/wp-content\/uploads\/2021\/02\/matis_logo_blatthvitt.png","contentUrl":"https:\/\/matis.is\/wp-content\/uploads\/2021\/02\/matis_logo_blatthvitt.png","width":1507,"height":1507,"caption":"Mat\u00eds ohf."},"image":{"@id":"https:\/\/matis.is\/#\/schema\/logo\/image\/"},"sameAs":["https:\/\/www.facebook.com\/matisiceland","https:\/\/x.com\/matisiceland","https:\/\/www.instagram.com\/matisiceland\/","https:\/\/www.linkedin.com\/matisiceland\/","https:\/\/www.youtube.com\/channel\/UCY-frt3uTqgVZW-DLjoo5bA"]},{"@type":"Person","@id":"https:\/\/matis.is\/#\/schema\/person\/d0e7799d2105bdd5b7d0620fb5d77b49","name":"\u00cdsey D\u00eds H\u00e1varsd\u00f3ttir","url":"https:\/\/matis.is\/en\/author\/iseymatis-is\/"}]}},"spectra_custom_meta":{"_edit_lock":["1630494101:5"],"_thumbnail_id":["33646"],"_wp_page_template":["templates\/template-cover.php"],"_edit_last":["5"],"tengilidur":[""],"_tengilidur":["field_5ef905e0538b2"],"_wp_old_date":["2021-01-07"],"_yoast_wpseo_primary_category":["1973"],"_yoast_wpseo_metadesc":["Stj\u00f3rn NASF hefur \u00e1kve\u00f0i\u00f0 a\u00f0 fresta vi\u00f0bur\u00f0inum til 8-10 j\u00fan\u00ed. Frekari fregna ver\u00f0ur a\u00f0 v\u00e6nta h\u00e9r \u00e1 heimas\u00ed\u00f0u Mat\u00eds \u00ed jan\u00faar."],"_yoast_wpseo_content_score":["30"],"_yoast_wpseo_estimated-reading-time-minutes":["3"],"wpmm_postgrid_views":["465"],"_uag_css_file_name":["uag-css-33645.css"],"_uag_page_assets":["a:9:{s:3:\"css\";s:263:\".uag-blocks-common-selector{z-index:var(--z-index-desktop) !important}@media (max-width: 976px){.uag-blocks-common-selector{z-index:var(--z-index-tablet) !important}}@media (max-width: 767px){.uag-blocks-common-selector{z-index:var(--z-index-mobile) !important}}\n\";s:2:\"js\";s:0:\"\";s:18:\"current_block_list\";a:7:{i:0;s:12:\"core\/heading\";i:1;s:14:\"core\/paragraph\";i:2;s:9:\"core\/list\";i:3;s:12:\"core\/buttons\";i:4;s:11:\"core\/button\";i:5;s:12:\"core\/columns\";i:6;s:11:\"core\/column\";}s:8:\"uag_flag\";b:0;s:11:\"uag_version\";s:10:\"1777560172\";s:6:\"gfonts\";a:0:{}s:10:\"gfonts_url\";s:0:\"\";s:12:\"gfonts_files\";a:0:{}s:14:\"uag_faq_layout\";b:0;}"]},"uagb_featured_image_src":{"full":["https:\/\/matis.is\/wp-content\/uploads\/2021\/01\/NASF-logo.png",1600,1869,false],"thumbnail":["https:\/\/matis.is\/wp-content\/uploads\/2021\/01\/NASF-logo-150x150.png",150,150,true],"medium":["https:\/\/matis.is\/wp-content\/uploads\/2021\/01\/NASF-logo-257x300.png",257,300,true],"medium_large":["https:\/\/matis.is\/wp-content\/uploads\/2021\/01\/NASF-logo-768x897.png",768,897,true],"large":["https:\/\/matis.is\/wp-content\/uploads\/2021\/01\/NASF-logo-877x1024.png",877,1024,true],"1536x1536":["https:\/\/matis.is\/wp-content\/uploads\/2021\/01\/NASF-logo-1315x1536.png",1315,1536,true],"2048x2048":["https:\/\/matis.is\/wp-content\/uploads\/2021\/01\/NASF-logo.png",1600,1869,false],"trp-custom-language-flag":["https:\/\/matis.is\/wp-content\/uploads\/2021\/01\/NASF-logo.png",10,12,false]},"uagb_author_info":{"display_name":"\u00cdsey D\u00eds H\u00e1varsd\u00f3ttir","author_link":"https:\/\/matis.is\/en\/author\/iseymatis-is\/"},"uagb_comment_info":0,"uagb_excerpt":"Uppf\u00e6r\u00f0 fr\u00e9tt: Stj\u00f3rn NASF hefur \u00e1kve\u00f0i\u00f0 a\u00f0 fresta vi\u00f0bur\u00f0inum til 8-10 j\u00fan\u00ed. Frekari fregna ver\u00f0ur a\u00f0 v\u00e6nta h\u00e9r \u00e1 heimas\u00ed\u00f0u [&hellip;]","_links":{"self":[{"href":"https:\/\/matis.is\/en\/wp-json\/wp\/v2\/posts\/33645","targetHints":{"allow":["GET"]}}],"collection":[{"href":"https:\/\/matis.is\/en\/wp-json\/wp\/v2\/posts"}],"about":[{"href":"https:\/\/matis.is\/en\/wp-json\/wp\/v2\/types\/post"}],"author":[{"embeddable":true,"href":"https:\/\/matis.is\/en\/wp-json\/wp\/v2\/users\/4"}],"replies":[{"embeddable":true,"href":"https:\/\/matis.is\/en\/wp-json\/wp\/v2\/comments?post=33645"}],"version-history":[{"count":1,"href":"https:\/\/matis.is\/en\/wp-json\/wp\/v2\/posts\/33645\/revisions"}],"predecessor-version":[{"id":44117,"href":"https:\/\/matis.is\/en\/wp-json\/wp\/v2\/posts\/33645\/revisions\/44117"}],"wp:featuredmedia":[{"embeddable":true,"href":"https:\/\/matis.is\/en\/wp-json\/wp\/v2\/media\/33646"}],"wp:attachment":[{"href":"https:\/\/matis.is\/en\/wp-json\/wp\/v2\/media?parent=33645"}],"wp:term":[{"taxonomy":"category","embeddable":true,"href":"https:\/\/matis.is\/en\/wp-json\/wp\/v2\/categories?post=33645"},{"taxonomy":"post_tag","embeddable":true,"href":"https:\/\/matis.is\/en\/wp-json\/wp\/v2\/tags?post=33645"}],"curies":[{"name":"wp","href":"https:\/\/api.w.org\/{rel}","templated":true}]}}