{"id":33698,"date":"2020-11-12T08:54:00","date_gmt":"2020-11-12T08:54:00","guid":{"rendered":"https:\/\/new.matis.is\/?p=33698"},"modified":"2021-09-01T11:11:27","modified_gmt":"2021-09-01T11:11:27","slug":"norraent-verkefni-um-aukaefni-ur-plasti-i-sjo","status":"publish","type":"post","link":"https:\/\/matis.is\/en\/frettir\/norraent-verkefni-um-aukaefni-ur-plasti-i-sjo\/","title":{"rendered":"Nordic project on plastic additives in the sea"},"content":{"rendered":"<h4 class=\"wp-block-heading\">Earlier this year, a joint Nordic project was launched to study plastic additives in the sea. These are collaborative projects between Aarhus University in Denmark, Nofima in Norway and Mat\u00eds in Iceland. The project is funded by a joint Nordic working group on the sea, coastal areas and chemistry under the auspices of the Nordic Council of Ministers, and is expected to be completed in October 2021.<\/h4>\n\n\n\n<p><strong><u>Background:<\/u><\/strong>&nbsp;It is estimated that up to 8 million tonnes of plastic waste will be released into the sea worldwide each year, and emissions are expected to increase in the coming years. Plastic is found in countless products, but a variety of chemical additives are added to the plastic so that it meets certain conditions or has certain properties. Plastic products that end up in the ocean gradually decompose into smaller particles and their structure and chemical composition change due to the decomposition. Chemical additives can be released from the plastic and lead to undesirable effects on the marine environment if they have harmful health effects. It is not yet known what the impact may be on human consumption of seafood and knowledge of what substances are added to the plastic, how much is released into the sea and the risk of these factors to the marine environment is deficient.<\/p>\n\n\n\n<p><strong><u>About the project:<\/u><\/strong>&nbsp;In this Nordic project, the residues of chemical additives in two products made from two common types of plastic, on the one hand polyvinyl chloride (PVC) and on the other hand polyurethane (PUR), will be examined and measured. The plastic will be crushed into micrometer small particles or so-called microplastic and placed, in water-permeable bags, in Samnangerfj\u00f6r\u00f0ur near Bergen in Norway. It will be stored there from June to October 2020. After decomposition in the water, the types and amount of chemical additives in the plastic particles will be determined by chemical analysis methods and compared with the types and amounts in the original plastic. This will provide knowledge of what chemical additives are in the plastic and their possible tendency to be released into the marine environment. Based on the possible effects of the chemical additives on the marine environment and people, a list will be made of the additives that are measured and then ranked according to the risks they entail.<\/p>\n\n\n\n<p><strong><u>Dissemination:<\/u><\/strong>&nbsp;The results will be disseminated in a project report and in the Nordic co - operation network&nbsp;<a href=\"https:\/\/nordmarplastic.com\/\" target=\"_blank\" rel=\"noreferrer noopener\">NordMar plastic<\/a>. The aim is to use the results in teaching materials and as data to build on in various types of decision-making, in the plastics industry, in the plastics industry associations and distributors. In addition, the results will be presented and discussed with the Danish Environment Agency, in scientific articles and on partner websites and their social media.<\/p>\n\n\n\n<p>The project manager of the project is&nbsp;<a href=\"https:\/\/pure.au.dk\/portal\/da\/persons\/patrik-fauser(9d78ed4c-c925-4ecd-a647-bb12d02a7ba3).html\" target=\"_blank\" rel=\"noreferrer noopener\">Patrik Fauser<\/a>&nbsp;at&nbsp;<a href=\"https:\/\/envs.au.dk\/\" target=\"_blank\" rel=\"noreferrer noopener\">Department of Environmental Science&nbsp;<\/a>at Aarhus University and&nbsp;<a href=\"https:\/\/matis.is\/en\/matis_staff\/sophie-jensen\/\">Sophie Jensen<\/a>&nbsp;is a contact at Mat\u00eds. More information can be obtained from them.<\/p>\n\n\n\n<p>The news can also be read in the original language&nbsp;<a href=\"https:\/\/envs.au.dk\/faglige-omraader\/miljoefarlige-stoffer\/olie-og-plast-i-havet\/nordisk-projekt-om-plast-additiver-i-havet\/\" target=\"_blank\" rel=\"noreferrer noopener\">here.<\/a><\/p>","protected":false},"excerpt":{"rendered":"<p>Fyrr \u00e1 \u00feessu \u00e1ri var fari\u00f0 af sta\u00f0 me\u00f0 samnorr\u00e6nt verkefni \u00fear sem ranns\u00f6ku\u00f0 eru aukaefni \u00far plasti \u00ed sj\u00f3. [&hellip;]<\/p>\n","protected":false},"author":4,"featured_media":33700,"comment_status":"closed","ping_status":"closed","sticky":false,"template":"templates\/template-cover.php","format":"standard","meta":{"_acf_changed":false,"_uag_custom_page_level_css":"","site-sidebar-layout":"default","site-content-layout":"","ast-site-content-layout":"default","site-content-style":"default","site-sidebar-style":"default","ast-global-header-display":"","ast-banner-title-visibility":"","ast-main-header-display":"","ast-hfb-above-header-display":"","ast-hfb-below-header-display":"","ast-hfb-mobile-header-display":"","site-post-title":"","ast-breadcrumbs-content":"","ast-featured-img":"","footer-sml-layout":"","ast-disable-related-posts":"","theme-transparent-header-meta":"","adv-header-id-meta":"","stick-header-meta":"","header-above-stick-meta":"","header-main-stick-meta":"","header-below-stick-meta":"","astra-migrate-meta-layouts":"default","ast-page-background-enabled":"default","ast-page-background-meta":{"desktop":{"background-color":"var(--ast-global-color-5)","background-image":"","background-repeat":"repeat","background-position":"center center","background-size":"auto","background-attachment":"scroll","background-type":"","background-media":"","overlay-type":"","overlay-color":"","overlay-opacity":"","overlay-gradient":""},"tablet":{"background-color":"","background-image":"","background-repeat":"repeat","background-position":"center center","background-size":"auto","background-attachment":"scroll","background-type":"","background-media":"","overlay-type":"","overlay-color":"","overlay-opacity":"","overlay-gradient":""},"mobile":{"background-color":"","background-image":"","background-repeat":"repeat","background-position":"center center","background-size":"auto","background-attachment":"scroll","background-type":"","background-media":"","overlay-type":"","overlay-color":"","overlay-opacity":"","overlay-gradient":""}},"ast-content-background-meta":{"desktop":{"background-color":"var(--ast-global-color-4)","background-image":"","background-repeat":"repeat","background-position":"center center","background-size":"auto","background-attachment":"scroll","background-type":"","background-media":"","overlay-type":"","overlay-color":"","overlay-opacity":"","overlay-gradient":""},"tablet":{"background-color":"var(--ast-global-color-4)","background-image":"","background-repeat":"repeat","background-position":"center center","background-size":"auto","background-attachment":"scroll","background-type":"","background-media":"","overlay-type":"","overlay-color":"","overlay-opacity":"","overlay-gradient":""},"mobile":{"background-color":"var(--ast-global-color-4)","background-image":"","background-repeat":"repeat","background-position":"center center","background-size":"auto","background-attachment":"scroll","background-type":"","background-media":"","overlay-type":"","overlay-color":"","overlay-opacity":"","overlay-gradient":""}},"footnotes":""},"categories":[1973],"tags":[],"class_list":["post-33698","post","type-post","status-publish","format-standard","has-post-thumbnail","hentry","category-frettir"],"acf":[],"yoast_head":"<!-- This site is optimized with the Yoast SEO plugin v27.4 - https:\/\/yoast.com\/product\/yoast-seo-wordpress\/ -->\n<title>Norr\u00e6nt verkefni um aukaefni \u00far plasti \u00ed sj\u00f3 - Mat\u00eds<\/title>\n<meta name=\"description\" content=\"Fyrr \u00e1 \u00feessu \u00e1ri var fari\u00f0 af sta\u00f0 me\u00f0 samnorr\u00e6nt verkefni \u00fear sem ranns\u00f6ku\u00f0 eru aukaefni \u00far plasti \u00ed sj\u00f3.\" \/>\n<meta name=\"robots\" content=\"index, follow, max-snippet:-1, max-image-preview:large, max-video-preview:-1\" \/>\n<link rel=\"canonical\" href=\"https:\/\/matis.is\/en\/frettir\/norraent-verkefni-um-aukaefni-ur-plasti-i-sjo\/\" \/>\n<meta property=\"og:locale\" content=\"en_GB\" \/>\n<meta property=\"og:type\" content=\"article\" \/>\n<meta property=\"og:title\" content=\"Norr\u00e6nt verkefni um aukaefni \u00far plasti \u00ed sj\u00f3 - Mat\u00eds\" \/>\n<meta property=\"og:description\" content=\"Fyrr \u00e1 \u00feessu \u00e1ri var fari\u00f0 af sta\u00f0 me\u00f0 samnorr\u00e6nt verkefni \u00fear sem ranns\u00f6ku\u00f0 eru aukaefni \u00far plasti \u00ed sj\u00f3.\" \/>\n<meta property=\"og:url\" content=\"https:\/\/matis.is\/en\/frettir\/norraent-verkefni-um-aukaefni-ur-plasti-i-sjo\/\" \/>\n<meta property=\"og:site_name\" content=\"Mat\u00eds\" \/>\n<meta property=\"article:publisher\" content=\"https:\/\/www.facebook.com\/matisiceland\" \/>\n<meta property=\"article:published_time\" content=\"2020-11-12T08:54:00+00:00\" \/>\n<meta property=\"article:modified_time\" content=\"2021-09-01T11:11:27+00:00\" \/>\n<meta property=\"og:image\" content=\"https:\/\/matis.is\/wp-content\/uploads\/2021\/01\/plast-i-hafinu-minni.jpg\" \/>\n\t<meta property=\"og:image:width\" content=\"2449\" \/>\n\t<meta property=\"og:image:height\" content=\"1632\" \/>\n\t<meta property=\"og:image:type\" content=\"image\/jpeg\" \/>\n<meta name=\"author\" content=\"\u00cdsey D\u00eds H\u00e1varsd\u00f3ttir\" \/>\n<meta name=\"twitter:card\" content=\"summary_large_image\" \/>\n<meta name=\"twitter:creator\" content=\"@matisiceland\" \/>\n<meta name=\"twitter:site\" content=\"@matisiceland\" \/>\n<meta name=\"twitter:label1\" content=\"Written by\" \/>\n\t<meta name=\"twitter:data1\" content=\"\u00cdsey D\u00eds H\u00e1varsd\u00f3ttir\" \/>\n\t<meta name=\"twitter:label2\" content=\"Estimated reading time\" \/>\n\t<meta name=\"twitter:data2\" content=\"2 minutes\" \/>\n<script type=\"application\/ld+json\" class=\"yoast-schema-graph\">{\"@context\":\"https:\\\/\\\/schema.org\",\"@graph\":[{\"@type\":\"Article\",\"@id\":\"https:\\\/\\\/matis.is\\\/frettir\\\/norraent-verkefni-um-aukaefni-ur-plasti-i-sjo\\\/#article\",\"isPartOf\":{\"@id\":\"https:\\\/\\\/matis.is\\\/frettir\\\/norraent-verkefni-um-aukaefni-ur-plasti-i-sjo\\\/\"},\"author\":{\"name\":\"\u00cdsey D\u00eds H\u00e1varsd\u00f3ttir\",\"@id\":\"https:\\\/\\\/matis.is\\\/#\\\/schema\\\/person\\\/d0e7799d2105bdd5b7d0620fb5d77b49\"},\"headline\":\"Norr\u00e6nt verkefni um aukaefni \u00far plasti \u00ed sj\u00f3\",\"datePublished\":\"2020-11-12T08:54:00+00:00\",\"dateModified\":\"2021-09-01T11:11:27+00:00\",\"mainEntityOfPage\":{\"@id\":\"https:\\\/\\\/matis.is\\\/frettir\\\/norraent-verkefni-um-aukaefni-ur-plasti-i-sjo\\\/\"},\"wordCount\":541,\"publisher\":{\"@id\":\"https:\\\/\\\/matis.is\\\/#organization\"},\"image\":{\"@id\":\"https:\\\/\\\/matis.is\\\/frettir\\\/norraent-verkefni-um-aukaefni-ur-plasti-i-sjo\\\/#primaryimage\"},\"thumbnailUrl\":\"https:\\\/\\\/matis.is\\\/wp-content\\\/uploads\\\/2021\\\/01\\\/plast-i-hafinu-minni.jpg\",\"articleSection\":[\"Fr\u00e9ttir\"],\"inLanguage\":\"en-GB\"},{\"@type\":\"WebPage\",\"@id\":\"https:\\\/\\\/matis.is\\\/frettir\\\/norraent-verkefni-um-aukaefni-ur-plasti-i-sjo\\\/\",\"url\":\"https:\\\/\\\/matis.is\\\/frettir\\\/norraent-verkefni-um-aukaefni-ur-plasti-i-sjo\\\/\",\"name\":\"Norr\u00e6nt verkefni um aukaefni \u00far plasti \u00ed sj\u00f3 - Mat\u00eds\",\"isPartOf\":{\"@id\":\"https:\\\/\\\/matis.is\\\/#website\"},\"primaryImageOfPage\":{\"@id\":\"https:\\\/\\\/matis.is\\\/frettir\\\/norraent-verkefni-um-aukaefni-ur-plasti-i-sjo\\\/#primaryimage\"},\"image\":{\"@id\":\"https:\\\/\\\/matis.is\\\/frettir\\\/norraent-verkefni-um-aukaefni-ur-plasti-i-sjo\\\/#primaryimage\"},\"thumbnailUrl\":\"https:\\\/\\\/matis.is\\\/wp-content\\\/uploads\\\/2021\\\/01\\\/plast-i-hafinu-minni.jpg\",\"datePublished\":\"2020-11-12T08:54:00+00:00\",\"dateModified\":\"2021-09-01T11:11:27+00:00\",\"description\":\"Fyrr \u00e1 \u00feessu \u00e1ri var fari\u00f0 af sta\u00f0 me\u00f0 samnorr\u00e6nt verkefni \u00fear sem ranns\u00f6ku\u00f0 eru aukaefni \u00far plasti \u00ed sj\u00f3.\",\"breadcrumb\":{\"@id\":\"https:\\\/\\\/matis.is\\\/frettir\\\/norraent-verkefni-um-aukaefni-ur-plasti-i-sjo\\\/#breadcrumb\"},\"inLanguage\":\"en-GB\",\"potentialAction\":[{\"@type\":\"ReadAction\",\"target\":[\"https:\\\/\\\/matis.is\\\/frettir\\\/norraent-verkefni-um-aukaefni-ur-plasti-i-sjo\\\/\"]}]},{\"@type\":\"ImageObject\",\"inLanguage\":\"en-GB\",\"@id\":\"https:\\\/\\\/matis.is\\\/frettir\\\/norraent-verkefni-um-aukaefni-ur-plasti-i-sjo\\\/#primaryimage\",\"url\":\"https:\\\/\\\/matis.is\\\/wp-content\\\/uploads\\\/2021\\\/01\\\/plast-i-hafinu-minni.jpg\",\"contentUrl\":\"https:\\\/\\\/matis.is\\\/wp-content\\\/uploads\\\/2021\\\/01\\\/plast-i-hafinu-minni.jpg\",\"width\":2449,\"height\":1632},{\"@type\":\"BreadcrumbList\",\"@id\":\"https:\\\/\\\/matis.is\\\/frettir\\\/norraent-verkefni-um-aukaefni-ur-plasti-i-sjo\\\/#breadcrumb\",\"itemListElement\":[{\"@type\":\"ListItem\",\"position\":1,\"name\":\"Home\",\"item\":\"https:\\\/\\\/matis.is\\\/\"},{\"@type\":\"ListItem\",\"position\":2,\"name\":\"Norr\u00e6nt verkefni um aukaefni \u00far plasti \u00ed sj\u00f3\"}]},{\"@type\":\"WebSite\",\"@id\":\"https:\\\/\\\/matis.is\\\/#website\",\"url\":\"https:\\\/\\\/matis.is\\\/\",\"name\":\"Mat\u00eds\",\"description\":\"Ver\u00f0m\u00e6task\u00f6pun, matv\u00e6la\u00f6ryggi og l\u00fd\u00f0heilsa\",\"publisher\":{\"@id\":\"https:\\\/\\\/matis.is\\\/#organization\"},\"potentialAction\":[{\"@type\":\"SearchAction\",\"target\":{\"@type\":\"EntryPoint\",\"urlTemplate\":\"https:\\\/\\\/matis.is\\\/?s={search_term_string}\"},\"query-input\":{\"@type\":\"PropertyValueSpecification\",\"valueRequired\":true,\"valueName\":\"search_term_string\"}}],\"inLanguage\":\"en-GB\"},{\"@type\":\"Organization\",\"@id\":\"https:\\\/\\\/matis.is\\\/#organization\",\"name\":\"Mat\u00eds ohf.\",\"url\":\"https:\\\/\\\/matis.is\\\/\",\"logo\":{\"@type\":\"ImageObject\",\"inLanguage\":\"en-GB\",\"@id\":\"https:\\\/\\\/matis.is\\\/#\\\/schema\\\/logo\\\/image\\\/\",\"url\":\"https:\\\/\\\/matis.is\\\/wp-content\\\/uploads\\\/2021\\\/02\\\/matis_logo_blatthvitt.png\",\"contentUrl\":\"https:\\\/\\\/matis.is\\\/wp-content\\\/uploads\\\/2021\\\/02\\\/matis_logo_blatthvitt.png\",\"width\":1507,\"height\":1507,\"caption\":\"Mat\u00eds ohf.\"},\"image\":{\"@id\":\"https:\\\/\\\/matis.is\\\/#\\\/schema\\\/logo\\\/image\\\/\"},\"sameAs\":[\"https:\\\/\\\/www.facebook.com\\\/matisiceland\",\"https:\\\/\\\/x.com\\\/matisiceland\",\"https:\\\/\\\/www.instagram.com\\\/matisiceland\\\/\",\"https:\\\/\\\/www.linkedin.com\\\/matisiceland\\\/\",\"https:\\\/\\\/www.youtube.com\\\/channel\\\/UCY-frt3uTqgVZW-DLjoo5bA\"]},{\"@type\":\"Person\",\"@id\":\"https:\\\/\\\/matis.is\\\/#\\\/schema\\\/person\\\/d0e7799d2105bdd5b7d0620fb5d77b49\",\"name\":\"\u00cdsey D\u00eds H\u00e1varsd\u00f3ttir\",\"url\":\"https:\\\/\\\/matis.is\\\/en\\\/author\\\/iseymatis-is\\\/\"}]}<\/script>\n<!-- \/ Yoast SEO plugin. -->","yoast_head_json":{"title":"Nordic project on plastic additives in the sea - Mat\u00eds","description":"Earlier this year, a joint Nordic project was launched to study plastic additives in the sea.","robots":{"index":"index","follow":"follow","max-snippet":"max-snippet:-1","max-image-preview":"max-image-preview:large","max-video-preview":"max-video-preview:-1"},"canonical":"https:\/\/matis.is\/en\/frettir\/norraent-verkefni-um-aukaefni-ur-plasti-i-sjo\/","og_locale":"en_GB","og_type":"article","og_title":"Norr\u00e6nt verkefni um aukaefni \u00far plasti \u00ed sj\u00f3 - Mat\u00eds","og_description":"Fyrr \u00e1 \u00feessu \u00e1ri var fari\u00f0 af sta\u00f0 me\u00f0 samnorr\u00e6nt verkefni \u00fear sem ranns\u00f6ku\u00f0 eru aukaefni \u00far plasti \u00ed sj\u00f3.","og_url":"https:\/\/matis.is\/en\/frettir\/norraent-verkefni-um-aukaefni-ur-plasti-i-sjo\/","og_site_name":"Mat\u00eds","article_publisher":"https:\/\/www.facebook.com\/matisiceland","article_published_time":"2020-11-12T08:54:00+00:00","article_modified_time":"2021-09-01T11:11:27+00:00","og_image":[{"width":2449,"height":1632,"url":"https:\/\/matis.is\/wp-content\/uploads\/2021\/01\/plast-i-hafinu-minni.jpg","type":"image\/jpeg"}],"author":"\u00cdsey D\u00eds H\u00e1varsd\u00f3ttir","twitter_card":"summary_large_image","twitter_creator":"@matisiceland","twitter_site":"@matisiceland","twitter_misc":{"Written by":"\u00cdsey D\u00eds H\u00e1varsd\u00f3ttir","Estimated reading time":"2 minutes"},"schema":{"@context":"https:\/\/schema.org","@graph":[{"@type":"Article","@id":"https:\/\/matis.is\/frettir\/norraent-verkefni-um-aukaefni-ur-plasti-i-sjo\/#article","isPartOf":{"@id":"https:\/\/matis.is\/frettir\/norraent-verkefni-um-aukaefni-ur-plasti-i-sjo\/"},"author":{"name":"\u00cdsey D\u00eds H\u00e1varsd\u00f3ttir","@id":"https:\/\/matis.is\/#\/schema\/person\/d0e7799d2105bdd5b7d0620fb5d77b49"},"headline":"Norr\u00e6nt verkefni um aukaefni \u00far plasti \u00ed sj\u00f3","datePublished":"2020-11-12T08:54:00+00:00","dateModified":"2021-09-01T11:11:27+00:00","mainEntityOfPage":{"@id":"https:\/\/matis.is\/frettir\/norraent-verkefni-um-aukaefni-ur-plasti-i-sjo\/"},"wordCount":541,"publisher":{"@id":"https:\/\/matis.is\/#organization"},"image":{"@id":"https:\/\/matis.is\/frettir\/norraent-verkefni-um-aukaefni-ur-plasti-i-sjo\/#primaryimage"},"thumbnailUrl":"https:\/\/matis.is\/wp-content\/uploads\/2021\/01\/plast-i-hafinu-minni.jpg","articleSection":["Fr\u00e9ttir"],"inLanguage":"en-GB"},{"@type":"WebPage","@id":"https:\/\/matis.is\/frettir\/norraent-verkefni-um-aukaefni-ur-plasti-i-sjo\/","url":"https:\/\/matis.is\/frettir\/norraent-verkefni-um-aukaefni-ur-plasti-i-sjo\/","name":"Nordic project on plastic additives in the sea - Mat\u00eds","isPartOf":{"@id":"https:\/\/matis.is\/#website"},"primaryImageOfPage":{"@id":"https:\/\/matis.is\/frettir\/norraent-verkefni-um-aukaefni-ur-plasti-i-sjo\/#primaryimage"},"image":{"@id":"https:\/\/matis.is\/frettir\/norraent-verkefni-um-aukaefni-ur-plasti-i-sjo\/#primaryimage"},"thumbnailUrl":"https:\/\/matis.is\/wp-content\/uploads\/2021\/01\/plast-i-hafinu-minni.jpg","datePublished":"2020-11-12T08:54:00+00:00","dateModified":"2021-09-01T11:11:27+00:00","description":"Earlier this year, a joint Nordic project was launched to study plastic additives in the sea.","breadcrumb":{"@id":"https:\/\/matis.is\/frettir\/norraent-verkefni-um-aukaefni-ur-plasti-i-sjo\/#breadcrumb"},"inLanguage":"en-GB","potentialAction":[{"@type":"ReadAction","target":["https:\/\/matis.is\/frettir\/norraent-verkefni-um-aukaefni-ur-plasti-i-sjo\/"]}]},{"@type":"ImageObject","inLanguage":"en-GB","@id":"https:\/\/matis.is\/frettir\/norraent-verkefni-um-aukaefni-ur-plasti-i-sjo\/#primaryimage","url":"https:\/\/matis.is\/wp-content\/uploads\/2021\/01\/plast-i-hafinu-minni.jpg","contentUrl":"https:\/\/matis.is\/wp-content\/uploads\/2021\/01\/plast-i-hafinu-minni.jpg","width":2449,"height":1632},{"@type":"BreadcrumbList","@id":"https:\/\/matis.is\/frettir\/norraent-verkefni-um-aukaefni-ur-plasti-i-sjo\/#breadcrumb","itemListElement":[{"@type":"ListItem","position":1,"name":"Home","item":"https:\/\/matis.is\/"},{"@type":"ListItem","position":2,"name":"Norr\u00e6nt verkefni um aukaefni \u00far plasti \u00ed sj\u00f3"}]},{"@type":"WebSite","@id":"https:\/\/matis.is\/#website","url":"https:\/\/matis.is\/","name":"Mat\u00eds","description":"Value creation, food security and public health","publisher":{"@id":"https:\/\/matis.is\/#organization"},"potentialAction":[{"@type":"SearchAction","target":{"@type":"EntryPoint","urlTemplate":"https:\/\/matis.is\/?s={search_term_string}"},"query-input":{"@type":"PropertyValueSpecification","valueRequired":true,"valueName":"search_term_string"}}],"inLanguage":"en-GB"},{"@type":"Organization","@id":"https:\/\/matis.is\/#organization","name":"Mat\u00eds ohf.","url":"https:\/\/matis.is\/","logo":{"@type":"ImageObject","inLanguage":"en-GB","@id":"https:\/\/matis.is\/#\/schema\/logo\/image\/","url":"https:\/\/matis.is\/wp-content\/uploads\/2021\/02\/matis_logo_blatthvitt.png","contentUrl":"https:\/\/matis.is\/wp-content\/uploads\/2021\/02\/matis_logo_blatthvitt.png","width":1507,"height":1507,"caption":"Mat\u00eds ohf."},"image":{"@id":"https:\/\/matis.is\/#\/schema\/logo\/image\/"},"sameAs":["https:\/\/www.facebook.com\/matisiceland","https:\/\/x.com\/matisiceland","https:\/\/www.instagram.com\/matisiceland\/","https:\/\/www.linkedin.com\/matisiceland\/","https:\/\/www.youtube.com\/channel\/UCY-frt3uTqgVZW-DLjoo5bA"]},{"@type":"Person","@id":"https:\/\/matis.is\/#\/schema\/person\/d0e7799d2105bdd5b7d0620fb5d77b49","name":"\u00cdsey D\u00eds H\u00e1varsd\u00f3ttir","url":"https:\/\/matis.is\/en\/author\/iseymatis-is\/"}]}},"spectra_custom_meta":{"_edit_lock":["1630494687:5"],"_wp_page_template":["templates\/template-cover.php"],"_edit_last":["5"],"tengilidur":[""],"_tengilidur":["field_5ef905e0538b2"],"_thumbnail_id":["33700"],"_wp_old_date":["2021-01-08","2020-11-10"],"_yoast_wpseo_primary_category":["1973"],"_yoast_wpseo_content_score":["30"],"_yoast_wpseo_estimated-reading-time-minutes":["2"],"_yoast_wpseo_metadesc":["Fyrr \u00e1 \u00feessu \u00e1ri var fari\u00f0 af sta\u00f0 me\u00f0 samnorr\u00e6nt verkefni \u00fear sem ranns\u00f6ku\u00f0 eru aukaefni \u00far plasti \u00ed sj\u00f3."],"wpmm_postgrid_views":["544"],"_uag_css_file_name":["uag-css-33698.css"],"_uag_page_assets":["a:9:{s:3:\"css\";s:263:\".uag-blocks-common-selector{z-index:var(--z-index-desktop) !important}@media (max-width: 976px){.uag-blocks-common-selector{z-index:var(--z-index-tablet) !important}}@media (max-width: 767px){.uag-blocks-common-selector{z-index:var(--z-index-mobile) !important}}\n\";s:2:\"js\";s:0:\"\";s:18:\"current_block_list\";a:6:{i:0;s:12:\"core\/heading\";i:1;s:14:\"core\/paragraph\";i:2;s:12:\"core\/buttons\";i:3;s:11:\"core\/button\";i:4;s:12:\"core\/columns\";i:5;s:11:\"core\/column\";}s:8:\"uag_flag\";b:0;s:11:\"uag_version\";s:10:\"1777040860\";s:6:\"gfonts\";a:0:{}s:10:\"gfonts_url\";s:0:\"\";s:12:\"gfonts_files\";a:0:{}s:14:\"uag_faq_layout\";b:0;}"]},"uagb_featured_image_src":{"full":["https:\/\/matis.is\/wp-content\/uploads\/2021\/01\/plast-i-hafinu-minni.jpg",2449,1632,false],"thumbnail":["https:\/\/matis.is\/wp-content\/uploads\/2021\/01\/plast-i-hafinu-minni-150x150.jpg",150,150,true],"medium":["https:\/\/matis.is\/wp-content\/uploads\/2021\/01\/plast-i-hafinu-minni-300x200.jpg",300,200,true],"medium_large":["https:\/\/matis.is\/wp-content\/uploads\/2021\/01\/plast-i-hafinu-minni-768x512.jpg",768,512,true],"large":["https:\/\/matis.is\/wp-content\/uploads\/2021\/01\/plast-i-hafinu-minni-1024x682.jpg",1024,682,true],"1536x1536":["https:\/\/matis.is\/wp-content\/uploads\/2021\/01\/plast-i-hafinu-minni-1536x1024.jpg",1536,1024,true],"2048x2048":["https:\/\/matis.is\/wp-content\/uploads\/2021\/01\/plast-i-hafinu-minni-2048x1365.jpg",2048,1365,true],"trp-custom-language-flag":["https:\/\/matis.is\/wp-content\/uploads\/2021\/01\/plast-i-hafinu-minni.jpg",18,12,false]},"uagb_author_info":{"display_name":"\u00cdsey D\u00eds H\u00e1varsd\u00f3ttir","author_link":"https:\/\/matis.is\/en\/author\/iseymatis-is\/"},"uagb_comment_info":0,"uagb_excerpt":"Fyrr \u00e1 \u00feessu \u00e1ri var fari\u00f0 af sta\u00f0 me\u00f0 samnorr\u00e6nt verkefni \u00fear sem ranns\u00f6ku\u00f0 eru aukaefni \u00far plasti \u00ed sj\u00f3. [&hellip;]","_links":{"self":[{"href":"https:\/\/matis.is\/en\/wp-json\/wp\/v2\/posts\/33698","targetHints":{"allow":["GET"]}}],"collection":[{"href":"https:\/\/matis.is\/en\/wp-json\/wp\/v2\/posts"}],"about":[{"href":"https:\/\/matis.is\/en\/wp-json\/wp\/v2\/types\/post"}],"author":[{"embeddable":true,"href":"https:\/\/matis.is\/en\/wp-json\/wp\/v2\/users\/4"}],"replies":[{"embeddable":true,"href":"https:\/\/matis.is\/en\/wp-json\/wp\/v2\/comments?post=33698"}],"version-history":[{"count":2,"href":"https:\/\/matis.is\/en\/wp-json\/wp\/v2\/posts\/33698\/revisions"}],"predecessor-version":[{"id":44129,"href":"https:\/\/matis.is\/en\/wp-json\/wp\/v2\/posts\/33698\/revisions\/44129"}],"wp:featuredmedia":[{"embeddable":true,"href":"https:\/\/matis.is\/en\/wp-json\/wp\/v2\/media\/33700"}],"wp:attachment":[{"href":"https:\/\/matis.is\/en\/wp-json\/wp\/v2\/media?parent=33698"}],"wp:term":[{"taxonomy":"category","embeddable":true,"href":"https:\/\/matis.is\/en\/wp-json\/wp\/v2\/categories?post=33698"},{"taxonomy":"post_tag","embeddable":true,"href":"https:\/\/matis.is\/en\/wp-json\/wp\/v2\/tags?post=33698"}],"curies":[{"name":"wp","href":"https:\/\/api.w.org\/{rel}","templated":true}]}}