{"id":33925,"date":"2021-01-11T14:18:00","date_gmt":"2021-01-11T14:18:00","guid":{"rendered":"https:\/\/new.matis.is\/?p=33925"},"modified":"2021-09-01T10:58:18","modified_gmt":"2021-09-01T10:58:18","slug":"nyr-vettvangur-fyrir-nyskopun-og-rannsoknir-a-sudurlandi","status":"publish","type":"post","link":"https:\/\/matis.is\/en\/frettir\/nyr-vettvangur-fyrir-nyskopun-og-rannsoknir-a-sudurlandi\/","title":{"rendered":"A new platform for innovation and research in the South"},"content":{"rendered":"<h4 class=\"wp-block-heading\">Ork\u00eddea is a collaborative project on innovation in the South under the auspices of Landsvirkjun, the Association of Southern Municipalities, the Agricultural University of Iceland and the Minister of Fisheries and Agriculture.&nbsp;<\/h4>\n\n\n\n<p>Helga Gunnlaugsd\u00f3ttir, who previously worked for Mat\u00eds, most recently as head of the public health and food safety division, is research and development manager at Ork\u00eddeu.<\/p>\n\n\n\n<p>The project is about building energy-related opportunities for the future in the South, for example in food production and biotechnology, sustainable use of resources, start-up activities and preparing areas to receive energy-related innovation.<\/p>\n\n\n\n<p>Ork\u00eddeu is based in Selfoss, but more information can be found at&nbsp;<a href=\"https:\/\/orkidea.is\/\" target=\"_blank\" rel=\"noreferrer noopener\">orkidea.is&nbsp;<\/a><\/p>\n\n\n\n<h3 class=\"wp-block-heading\">Startup Orchid<\/h3>\n\n\n\n<p>Startup Ork\u00eddea is a joint project of Icelandic Startups and Ork\u00eddeu. It is a unique platform for the development of business ideas and innovative projects for more established companies working on sustainable solutions in the field of high-tech food production and biotechnology.&nbsp;<\/p>\n\n\n\n<p>The implementation of the project is in the hands of Icelandic Startups, which has for many years assisted entrepreneurs in speeding up the process from the time an idea ignites until business begins to flourish. Icelandic Startups works closely with entrepreneurs, universities, investors, the business community, interest groups and the public sector to strengthen entrepreneurship and build the innovation environment in Iceland.<\/p>\n\n\n\n<h3 class=\"wp-block-heading\">Applications for Startup Orkidea are open until January 24, 2021.<\/h3>\n\n\n\n<p>See more here:&nbsp;<a href=\"https:\/\/www.startuporkidea.is\/\" target=\"_blank\" rel=\"noreferrer noopener\">https:\/\/www.startuporkidea.is\/<\/a><\/p>","protected":false},"excerpt":{"rendered":"<p>Ork\u00eddea er samstarfsverkefni um n\u00fdsk\u00f6pun \u00e1 Su\u00f0urlandi \u00e1 vegum Landsvirkjunar, Samtaka sunnlenskra sveitarf\u00e9laga, Landb\u00fana\u00f0arh\u00e1sk\u00f3la \u00cdslands og sj\u00e1var\u00fatvegs- og landb\u00fana\u00f0arr\u00e1\u00f0herra.&nbsp; Helga [&hellip;]<\/p>\n","protected":false},"author":4,"featured_media":33926,"comment_status":"closed","ping_status":"closed","sticky":false,"template":"templates\/template-cover.php","format":"standard","meta":{"_acf_changed":false,"_uag_custom_page_level_css":"","site-sidebar-layout":"default","site-content-layout":"","ast-site-content-layout":"default","site-content-style":"default","site-sidebar-style":"default","ast-global-header-display":"","ast-banner-title-visibility":"","ast-main-header-display":"","ast-hfb-above-header-display":"","ast-hfb-below-header-display":"","ast-hfb-mobile-header-display":"","site-post-title":"","ast-breadcrumbs-content":"","ast-featured-img":"","footer-sml-layout":"","ast-disable-related-posts":"","theme-transparent-header-meta":"","adv-header-id-meta":"","stick-header-meta":"","header-above-stick-meta":"","header-main-stick-meta":"","header-below-stick-meta":"","astra-migrate-meta-layouts":"default","ast-page-background-enabled":"default","ast-page-background-meta":{"desktop":{"background-color":"var(--ast-global-color-5)","background-image":"","background-repeat":"repeat","background-position":"center center","background-size":"auto","background-attachment":"scroll","background-type":"","background-media":"","overlay-type":"","overlay-color":"","overlay-opacity":"","overlay-gradient":""},"tablet":{"background-color":"","background-image":"","background-repeat":"repeat","background-position":"center center","background-size":"auto","background-attachment":"scroll","background-type":"","background-media":"","overlay-type":"","overlay-color":"","overlay-opacity":"","overlay-gradient":""},"mobile":{"background-color":"","background-image":"","background-repeat":"repeat","background-position":"center center","background-size":"auto","background-attachment":"scroll","background-type":"","background-media":"","overlay-type":"","overlay-color":"","overlay-opacity":"","overlay-gradient":""}},"ast-content-background-meta":{"desktop":{"background-color":"var(--ast-global-color-4)","background-image":"","background-repeat":"repeat","background-position":"center center","background-size":"auto","background-attachment":"scroll","background-type":"","background-media":"","overlay-type":"","overlay-color":"","overlay-opacity":"","overlay-gradient":""},"tablet":{"background-color":"var(--ast-global-color-4)","background-image":"","background-repeat":"repeat","background-position":"center center","background-size":"auto","background-attachment":"scroll","background-type":"","background-media":"","overlay-type":"","overlay-color":"","overlay-opacity":"","overlay-gradient":""},"mobile":{"background-color":"var(--ast-global-color-4)","background-image":"","background-repeat":"repeat","background-position":"center center","background-size":"auto","background-attachment":"scroll","background-type":"","background-media":"","overlay-type":"","overlay-color":"","overlay-opacity":"","overlay-gradient":""}},"footnotes":""},"categories":[1973],"tags":[93,620],"class_list":["post-33925","post","type-post","status-publish","format-standard","has-post-thumbnail","hentry","category-frettir","tag-landbunadur","tag-sjavarutvegur"],"acf":[],"yoast_head":"<!-- This site is optimized with the Yoast SEO plugin v27.4 - https:\/\/yoast.com\/product\/yoast-seo-wordpress\/ -->\n<title>N\u00fdr vettvangur fyrir n\u00fdsk\u00f6pun og ranns\u00f3knir \u00e1 Su\u00f0urlandi - Mat\u00eds<\/title>\n<meta name=\"description\" content=\"Ork\u00eddea er samstarfsverkefni um n\u00fdsk\u00f6pun \u00e1 Su\u00f0urlandi \u00e1 vegum Landsvirkjunar, Samtaka sunnlenskra sveitarf\u00e9laga, Landb\u00fana\u00f0arh\u00e1sk\u00f3la \u00cdslands og sj\u00e1var\u00fatvegs- og landb\u00fana\u00f0arr\u00e1\u00f0herra.\" \/>\n<meta name=\"robots\" content=\"index, follow, max-snippet:-1, max-image-preview:large, max-video-preview:-1\" \/>\n<link rel=\"canonical\" href=\"https:\/\/matis.is\/en\/frettir\/nyr-vettvangur-fyrir-nyskopun-og-rannsoknir-a-sudurlandi\/\" \/>\n<meta property=\"og:locale\" content=\"en_GB\" \/>\n<meta property=\"og:type\" content=\"article\" \/>\n<meta property=\"og:title\" content=\"N\u00fdr vettvangur fyrir n\u00fdsk\u00f6pun og ranns\u00f3knir \u00e1 Su\u00f0urlandi - Mat\u00eds\" \/>\n<meta property=\"og:description\" content=\"Ork\u00eddea er samstarfsverkefni um n\u00fdsk\u00f6pun \u00e1 Su\u00f0urlandi \u00e1 vegum Landsvirkjunar, Samtaka sunnlenskra sveitarf\u00e9laga, Landb\u00fana\u00f0arh\u00e1sk\u00f3la \u00cdslands og sj\u00e1var\u00fatvegs- og landb\u00fana\u00f0arr\u00e1\u00f0herra.\" \/>\n<meta property=\"og:url\" content=\"https:\/\/matis.is\/en\/frettir\/nyr-vettvangur-fyrir-nyskopun-og-rannsoknir-a-sudurlandi\/\" \/>\n<meta property=\"og:site_name\" content=\"Mat\u00eds\" \/>\n<meta property=\"article:publisher\" content=\"https:\/\/www.facebook.com\/matisiceland\" \/>\n<meta property=\"article:published_time\" content=\"2021-01-11T14:18:00+00:00\" \/>\n<meta property=\"article:modified_time\" content=\"2021-09-01T10:58:18+00:00\" \/>\n<meta property=\"og:image\" content=\"https:\/\/matis.is\/wp-content\/uploads\/2021\/01\/orkidea-logo.jpg\" \/>\n\t<meta property=\"og:image:width\" content=\"2400\" \/>\n\t<meta property=\"og:image:height\" content=\"1256\" \/>\n\t<meta property=\"og:image:type\" content=\"image\/jpeg\" \/>\n<meta name=\"author\" content=\"\u00cdsey D\u00eds H\u00e1varsd\u00f3ttir\" \/>\n<meta name=\"twitter:card\" content=\"summary_large_image\" \/>\n<meta name=\"twitter:creator\" content=\"@matisiceland\" \/>\n<meta name=\"twitter:site\" content=\"@matisiceland\" \/>\n<meta name=\"twitter:label1\" content=\"Written by\" \/>\n\t<meta name=\"twitter:data1\" content=\"\u00cdsey D\u00eds H\u00e1varsd\u00f3ttir\" \/>\n\t<meta name=\"twitter:label2\" content=\"Estimated reading time\" \/>\n\t<meta name=\"twitter:data2\" content=\"1 minute\" \/>\n<script type=\"application\/ld+json\" class=\"yoast-schema-graph\">{\"@context\":\"https:\\\/\\\/schema.org\",\"@graph\":[{\"@type\":\"Article\",\"@id\":\"https:\\\/\\\/matis.is\\\/frettir\\\/nyr-vettvangur-fyrir-nyskopun-og-rannsoknir-a-sudurlandi\\\/#article\",\"isPartOf\":{\"@id\":\"https:\\\/\\\/matis.is\\\/frettir\\\/nyr-vettvangur-fyrir-nyskopun-og-rannsoknir-a-sudurlandi\\\/\"},\"author\":{\"name\":\"\u00cdsey D\u00eds H\u00e1varsd\u00f3ttir\",\"@id\":\"https:\\\/\\\/matis.is\\\/#\\\/schema\\\/person\\\/d0e7799d2105bdd5b7d0620fb5d77b49\"},\"headline\":\"N\u00fdr vettvangur fyrir n\u00fdsk\u00f6pun og ranns\u00f3knir \u00e1 Su\u00f0urlandi\",\"datePublished\":\"2021-01-11T14:18:00+00:00\",\"dateModified\":\"2021-09-01T10:58:18+00:00\",\"mainEntityOfPage\":{\"@id\":\"https:\\\/\\\/matis.is\\\/frettir\\\/nyr-vettvangur-fyrir-nyskopun-og-rannsoknir-a-sudurlandi\\\/\"},\"wordCount\":289,\"publisher\":{\"@id\":\"https:\\\/\\\/matis.is\\\/#organization\"},\"image\":{\"@id\":\"https:\\\/\\\/matis.is\\\/frettir\\\/nyr-vettvangur-fyrir-nyskopun-og-rannsoknir-a-sudurlandi\\\/#primaryimage\"},\"thumbnailUrl\":\"https:\\\/\\\/matis.is\\\/wp-content\\\/uploads\\\/2021\\\/01\\\/orkidea-logo.jpg\",\"keywords\":[\"Landb\u00fana\u00f0ur\",\"Sj\u00e1var\u00fatvegur\"],\"articleSection\":[\"Fr\u00e9ttir\"],\"inLanguage\":\"en-GB\"},{\"@type\":\"WebPage\",\"@id\":\"https:\\\/\\\/matis.is\\\/frettir\\\/nyr-vettvangur-fyrir-nyskopun-og-rannsoknir-a-sudurlandi\\\/\",\"url\":\"https:\\\/\\\/matis.is\\\/frettir\\\/nyr-vettvangur-fyrir-nyskopun-og-rannsoknir-a-sudurlandi\\\/\",\"name\":\"N\u00fdr vettvangur fyrir n\u00fdsk\u00f6pun og ranns\u00f3knir \u00e1 Su\u00f0urlandi - Mat\u00eds\",\"isPartOf\":{\"@id\":\"https:\\\/\\\/matis.is\\\/#website\"},\"primaryImageOfPage\":{\"@id\":\"https:\\\/\\\/matis.is\\\/frettir\\\/nyr-vettvangur-fyrir-nyskopun-og-rannsoknir-a-sudurlandi\\\/#primaryimage\"},\"image\":{\"@id\":\"https:\\\/\\\/matis.is\\\/frettir\\\/nyr-vettvangur-fyrir-nyskopun-og-rannsoknir-a-sudurlandi\\\/#primaryimage\"},\"thumbnailUrl\":\"https:\\\/\\\/matis.is\\\/wp-content\\\/uploads\\\/2021\\\/01\\\/orkidea-logo.jpg\",\"datePublished\":\"2021-01-11T14:18:00+00:00\",\"dateModified\":\"2021-09-01T10:58:18+00:00\",\"description\":\"Ork\u00eddea er samstarfsverkefni um n\u00fdsk\u00f6pun \u00e1 Su\u00f0urlandi \u00e1 vegum Landsvirkjunar, Samtaka sunnlenskra sveitarf\u00e9laga, Landb\u00fana\u00f0arh\u00e1sk\u00f3la \u00cdslands og sj\u00e1var\u00fatvegs- og landb\u00fana\u00f0arr\u00e1\u00f0herra.\",\"breadcrumb\":{\"@id\":\"https:\\\/\\\/matis.is\\\/frettir\\\/nyr-vettvangur-fyrir-nyskopun-og-rannsoknir-a-sudurlandi\\\/#breadcrumb\"},\"inLanguage\":\"en-GB\",\"potentialAction\":[{\"@type\":\"ReadAction\",\"target\":[\"https:\\\/\\\/matis.is\\\/frettir\\\/nyr-vettvangur-fyrir-nyskopun-og-rannsoknir-a-sudurlandi\\\/\"]}]},{\"@type\":\"ImageObject\",\"inLanguage\":\"en-GB\",\"@id\":\"https:\\\/\\\/matis.is\\\/frettir\\\/nyr-vettvangur-fyrir-nyskopun-og-rannsoknir-a-sudurlandi\\\/#primaryimage\",\"url\":\"https:\\\/\\\/matis.is\\\/wp-content\\\/uploads\\\/2021\\\/01\\\/orkidea-logo.jpg\",\"contentUrl\":\"https:\\\/\\\/matis.is\\\/wp-content\\\/uploads\\\/2021\\\/01\\\/orkidea-logo.jpg\",\"width\":2400,\"height\":1256},{\"@type\":\"BreadcrumbList\",\"@id\":\"https:\\\/\\\/matis.is\\\/frettir\\\/nyr-vettvangur-fyrir-nyskopun-og-rannsoknir-a-sudurlandi\\\/#breadcrumb\",\"itemListElement\":[{\"@type\":\"ListItem\",\"position\":1,\"name\":\"Home\",\"item\":\"https:\\\/\\\/matis.is\\\/\"},{\"@type\":\"ListItem\",\"position\":2,\"name\":\"N\u00fdr vettvangur fyrir n\u00fdsk\u00f6pun og ranns\u00f3knir \u00e1 Su\u00f0urlandi\"}]},{\"@type\":\"WebSite\",\"@id\":\"https:\\\/\\\/matis.is\\\/#website\",\"url\":\"https:\\\/\\\/matis.is\\\/\",\"name\":\"Mat\u00eds\",\"description\":\"Ver\u00f0m\u00e6task\u00f6pun, matv\u00e6la\u00f6ryggi og l\u00fd\u00f0heilsa\",\"publisher\":{\"@id\":\"https:\\\/\\\/matis.is\\\/#organization\"},\"potentialAction\":[{\"@type\":\"SearchAction\",\"target\":{\"@type\":\"EntryPoint\",\"urlTemplate\":\"https:\\\/\\\/matis.is\\\/?s={search_term_string}\"},\"query-input\":{\"@type\":\"PropertyValueSpecification\",\"valueRequired\":true,\"valueName\":\"search_term_string\"}}],\"inLanguage\":\"en-GB\"},{\"@type\":\"Organization\",\"@id\":\"https:\\\/\\\/matis.is\\\/#organization\",\"name\":\"Mat\u00eds ohf.\",\"url\":\"https:\\\/\\\/matis.is\\\/\",\"logo\":{\"@type\":\"ImageObject\",\"inLanguage\":\"en-GB\",\"@id\":\"https:\\\/\\\/matis.is\\\/#\\\/schema\\\/logo\\\/image\\\/\",\"url\":\"https:\\\/\\\/matis.is\\\/wp-content\\\/uploads\\\/2021\\\/02\\\/matis_logo_blatthvitt.png\",\"contentUrl\":\"https:\\\/\\\/matis.is\\\/wp-content\\\/uploads\\\/2021\\\/02\\\/matis_logo_blatthvitt.png\",\"width\":1507,\"height\":1507,\"caption\":\"Mat\u00eds ohf.\"},\"image\":{\"@id\":\"https:\\\/\\\/matis.is\\\/#\\\/schema\\\/logo\\\/image\\\/\"},\"sameAs\":[\"https:\\\/\\\/www.facebook.com\\\/matisiceland\",\"https:\\\/\\\/x.com\\\/matisiceland\",\"https:\\\/\\\/www.instagram.com\\\/matisiceland\\\/\",\"https:\\\/\\\/www.linkedin.com\\\/matisiceland\\\/\",\"https:\\\/\\\/www.youtube.com\\\/channel\\\/UCY-frt3uTqgVZW-DLjoo5bA\"]},{\"@type\":\"Person\",\"@id\":\"https:\\\/\\\/matis.is\\\/#\\\/schema\\\/person\\\/d0e7799d2105bdd5b7d0620fb5d77b49\",\"name\":\"\u00cdsey D\u00eds H\u00e1varsd\u00f3ttir\",\"url\":\"https:\\\/\\\/matis.is\\\/en\\\/author\\\/iseymatis-is\\\/\"}]}<\/script>\n<!-- \/ Yoast SEO plugin. -->","yoast_head_json":{"title":"A new platform for innovation and research in the South - Mat\u00eds","description":"Ork\u00eddea is a collaborative project on innovation in the South under the auspices of Landsvirkjun, the Association of Southern Municipalities, the Agricultural University of Iceland and the Minister of Fisheries and Agriculture.","robots":{"index":"index","follow":"follow","max-snippet":"max-snippet:-1","max-image-preview":"max-image-preview:large","max-video-preview":"max-video-preview:-1"},"canonical":"https:\/\/matis.is\/en\/frettir\/nyr-vettvangur-fyrir-nyskopun-og-rannsoknir-a-sudurlandi\/","og_locale":"en_GB","og_type":"article","og_title":"N\u00fdr vettvangur fyrir n\u00fdsk\u00f6pun og ranns\u00f3knir \u00e1 Su\u00f0urlandi - Mat\u00eds","og_description":"Ork\u00eddea er samstarfsverkefni um n\u00fdsk\u00f6pun \u00e1 Su\u00f0urlandi \u00e1 vegum Landsvirkjunar, Samtaka sunnlenskra sveitarf\u00e9laga, Landb\u00fana\u00f0arh\u00e1sk\u00f3la \u00cdslands og sj\u00e1var\u00fatvegs- og landb\u00fana\u00f0arr\u00e1\u00f0herra.","og_url":"https:\/\/matis.is\/en\/frettir\/nyr-vettvangur-fyrir-nyskopun-og-rannsoknir-a-sudurlandi\/","og_site_name":"Mat\u00eds","article_publisher":"https:\/\/www.facebook.com\/matisiceland","article_published_time":"2021-01-11T14:18:00+00:00","article_modified_time":"2021-09-01T10:58:18+00:00","og_image":[{"width":2400,"height":1256,"url":"https:\/\/matis.is\/wp-content\/uploads\/2021\/01\/orkidea-logo.jpg","type":"image\/jpeg"}],"author":"\u00cdsey D\u00eds H\u00e1varsd\u00f3ttir","twitter_card":"summary_large_image","twitter_creator":"@matisiceland","twitter_site":"@matisiceland","twitter_misc":{"Written by":"\u00cdsey D\u00eds H\u00e1varsd\u00f3ttir","Estimated reading time":"1 minute"},"schema":{"@context":"https:\/\/schema.org","@graph":[{"@type":"Article","@id":"https:\/\/matis.is\/frettir\/nyr-vettvangur-fyrir-nyskopun-og-rannsoknir-a-sudurlandi\/#article","isPartOf":{"@id":"https:\/\/matis.is\/frettir\/nyr-vettvangur-fyrir-nyskopun-og-rannsoknir-a-sudurlandi\/"},"author":{"name":"\u00cdsey D\u00eds H\u00e1varsd\u00f3ttir","@id":"https:\/\/matis.is\/#\/schema\/person\/d0e7799d2105bdd5b7d0620fb5d77b49"},"headline":"N\u00fdr vettvangur fyrir n\u00fdsk\u00f6pun og ranns\u00f3knir \u00e1 Su\u00f0urlandi","datePublished":"2021-01-11T14:18:00+00:00","dateModified":"2021-09-01T10:58:18+00:00","mainEntityOfPage":{"@id":"https:\/\/matis.is\/frettir\/nyr-vettvangur-fyrir-nyskopun-og-rannsoknir-a-sudurlandi\/"},"wordCount":289,"publisher":{"@id":"https:\/\/matis.is\/#organization"},"image":{"@id":"https:\/\/matis.is\/frettir\/nyr-vettvangur-fyrir-nyskopun-og-rannsoknir-a-sudurlandi\/#primaryimage"},"thumbnailUrl":"https:\/\/matis.is\/wp-content\/uploads\/2021\/01\/orkidea-logo.jpg","keywords":["Landb\u00fana\u00f0ur","Sj\u00e1var\u00fatvegur"],"articleSection":["Fr\u00e9ttir"],"inLanguage":"en-GB"},{"@type":"WebPage","@id":"https:\/\/matis.is\/frettir\/nyr-vettvangur-fyrir-nyskopun-og-rannsoknir-a-sudurlandi\/","url":"https:\/\/matis.is\/frettir\/nyr-vettvangur-fyrir-nyskopun-og-rannsoknir-a-sudurlandi\/","name":"A new platform for innovation and research in the South - Mat\u00eds","isPartOf":{"@id":"https:\/\/matis.is\/#website"},"primaryImageOfPage":{"@id":"https:\/\/matis.is\/frettir\/nyr-vettvangur-fyrir-nyskopun-og-rannsoknir-a-sudurlandi\/#primaryimage"},"image":{"@id":"https:\/\/matis.is\/frettir\/nyr-vettvangur-fyrir-nyskopun-og-rannsoknir-a-sudurlandi\/#primaryimage"},"thumbnailUrl":"https:\/\/matis.is\/wp-content\/uploads\/2021\/01\/orkidea-logo.jpg","datePublished":"2021-01-11T14:18:00+00:00","dateModified":"2021-09-01T10:58:18+00:00","description":"Ork\u00eddea is a collaborative project on innovation in the South under the auspices of Landsvirkjun, the Association of Southern Municipalities, the Agricultural University of Iceland and the Minister of Fisheries and Agriculture.","breadcrumb":{"@id":"https:\/\/matis.is\/frettir\/nyr-vettvangur-fyrir-nyskopun-og-rannsoknir-a-sudurlandi\/#breadcrumb"},"inLanguage":"en-GB","potentialAction":[{"@type":"ReadAction","target":["https:\/\/matis.is\/frettir\/nyr-vettvangur-fyrir-nyskopun-og-rannsoknir-a-sudurlandi\/"]}]},{"@type":"ImageObject","inLanguage":"en-GB","@id":"https:\/\/matis.is\/frettir\/nyr-vettvangur-fyrir-nyskopun-og-rannsoknir-a-sudurlandi\/#primaryimage","url":"https:\/\/matis.is\/wp-content\/uploads\/2021\/01\/orkidea-logo.jpg","contentUrl":"https:\/\/matis.is\/wp-content\/uploads\/2021\/01\/orkidea-logo.jpg","width":2400,"height":1256},{"@type":"BreadcrumbList","@id":"https:\/\/matis.is\/frettir\/nyr-vettvangur-fyrir-nyskopun-og-rannsoknir-a-sudurlandi\/#breadcrumb","itemListElement":[{"@type":"ListItem","position":1,"name":"Home","item":"https:\/\/matis.is\/"},{"@type":"ListItem","position":2,"name":"N\u00fdr vettvangur fyrir n\u00fdsk\u00f6pun og ranns\u00f3knir \u00e1 Su\u00f0urlandi"}]},{"@type":"WebSite","@id":"https:\/\/matis.is\/#website","url":"https:\/\/matis.is\/","name":"Mat\u00eds","description":"Value creation, food security and public health","publisher":{"@id":"https:\/\/matis.is\/#organization"},"potentialAction":[{"@type":"SearchAction","target":{"@type":"EntryPoint","urlTemplate":"https:\/\/matis.is\/?s={search_term_string}"},"query-input":{"@type":"PropertyValueSpecification","valueRequired":true,"valueName":"search_term_string"}}],"inLanguage":"en-GB"},{"@type":"Organization","@id":"https:\/\/matis.is\/#organization","name":"Mat\u00eds ohf.","url":"https:\/\/matis.is\/","logo":{"@type":"ImageObject","inLanguage":"en-GB","@id":"https:\/\/matis.is\/#\/schema\/logo\/image\/","url":"https:\/\/matis.is\/wp-content\/uploads\/2021\/02\/matis_logo_blatthvitt.png","contentUrl":"https:\/\/matis.is\/wp-content\/uploads\/2021\/02\/matis_logo_blatthvitt.png","width":1507,"height":1507,"caption":"Mat\u00eds ohf."},"image":{"@id":"https:\/\/matis.is\/#\/schema\/logo\/image\/"},"sameAs":["https:\/\/www.facebook.com\/matisiceland","https:\/\/x.com\/matisiceland","https:\/\/www.instagram.com\/matisiceland\/","https:\/\/www.linkedin.com\/matisiceland\/","https:\/\/www.youtube.com\/channel\/UCY-frt3uTqgVZW-DLjoo5bA"]},{"@type":"Person","@id":"https:\/\/matis.is\/#\/schema\/person\/d0e7799d2105bdd5b7d0620fb5d77b49","name":"\u00cdsey D\u00eds H\u00e1varsd\u00f3ttir","url":"https:\/\/matis.is\/en\/author\/iseymatis-is\/"}]}},"spectra_custom_meta":{"_edit_lock":["1630493767:5"],"_wp_old_date":["2021-01-12"],"_thumbnail_id":["33926"],"_wp_page_template":["templates\/template-cover.php"],"_edit_last":["5"],"tengilidur":[""],"_tengilidur":["field_5ef905e0538b2"],"_yoast_wpseo_primary_category":["1973"],"_yoast_wpseo_metadesc":["Ork\u00eddea er samstarfsverkefni um n\u00fdsk\u00f6pun \u00e1 Su\u00f0urlandi \u00e1 vegum Landsvirkjunar, Samtaka sunnlenskra sveitarf\u00e9laga, Landb\u00fana\u00f0arh\u00e1sk\u00f3la \u00cdslands og sj\u00e1var\u00fatvegs- og landb\u00fana\u00f0arr\u00e1\u00f0herra."],"_yoast_wpseo_content_score":["60"],"_yoast_wpseo_estimated-reading-time-minutes":["1"],"wpmm_postgrid_views":["521"],"_uag_css_file_name":["uag-css-33925.css"],"_uag_page_assets":["a:9:{s:3:\"css\";s:263:\".uag-blocks-common-selector{z-index:var(--z-index-desktop) !important}@media (max-width: 976px){.uag-blocks-common-selector{z-index:var(--z-index-tablet) !important}}@media (max-width: 767px){.uag-blocks-common-selector{z-index:var(--z-index-mobile) !important}}\n\";s:2:\"js\";s:0:\"\";s:18:\"current_block_list\";a:6:{i:0;s:12:\"core\/heading\";i:1;s:14:\"core\/paragraph\";i:2;s:12:\"core\/buttons\";i:3;s:11:\"core\/button\";i:4;s:12:\"core\/columns\";i:5;s:11:\"core\/column\";}s:8:\"uag_flag\";b:0;s:11:\"uag_version\";s:10:\"1777560172\";s:6:\"gfonts\";a:0:{}s:10:\"gfonts_url\";s:0:\"\";s:12:\"gfonts_files\";a:0:{}s:14:\"uag_faq_layout\";b:0;}"]},"uagb_featured_image_src":{"full":["https:\/\/matis.is\/wp-content\/uploads\/2021\/01\/orkidea-logo.jpg",2400,1256,false],"thumbnail":["https:\/\/matis.is\/wp-content\/uploads\/2021\/01\/orkidea-logo-150x150.jpg",150,150,true],"medium":["https:\/\/matis.is\/wp-content\/uploads\/2021\/01\/orkidea-logo-300x157.jpg",300,157,true],"medium_large":["https:\/\/matis.is\/wp-content\/uploads\/2021\/01\/orkidea-logo-768x402.jpg",768,402,true],"large":["https:\/\/matis.is\/wp-content\/uploads\/2021\/01\/orkidea-logo-1024x536.jpg",1024,536,true],"1536x1536":["https:\/\/matis.is\/wp-content\/uploads\/2021\/01\/orkidea-logo-1536x804.jpg",1536,804,true],"2048x2048":["https:\/\/matis.is\/wp-content\/uploads\/2021\/01\/orkidea-logo-2048x1072.jpg",2048,1072,true],"trp-custom-language-flag":["https:\/\/matis.is\/wp-content\/uploads\/2021\/01\/orkidea-logo.jpg",18,9,false]},"uagb_author_info":{"display_name":"\u00cdsey D\u00eds H\u00e1varsd\u00f3ttir","author_link":"https:\/\/matis.is\/en\/author\/iseymatis-is\/"},"uagb_comment_info":0,"uagb_excerpt":"Ork\u00eddea er samstarfsverkefni um n\u00fdsk\u00f6pun \u00e1 Su\u00f0urlandi \u00e1 vegum Landsvirkjunar, Samtaka sunnlenskra sveitarf\u00e9laga, Landb\u00fana\u00f0arh\u00e1sk\u00f3la \u00cdslands og sj\u00e1var\u00fatvegs- og landb\u00fana\u00f0arr\u00e1\u00f0herra.&nbsp; Helga [&hellip;]","_links":{"self":[{"href":"https:\/\/matis.is\/en\/wp-json\/wp\/v2\/posts\/33925","targetHints":{"allow":["GET"]}}],"collection":[{"href":"https:\/\/matis.is\/en\/wp-json\/wp\/v2\/posts"}],"about":[{"href":"https:\/\/matis.is\/en\/wp-json\/wp\/v2\/types\/post"}],"author":[{"embeddable":true,"href":"https:\/\/matis.is\/en\/wp-json\/wp\/v2\/users\/4"}],"replies":[{"embeddable":true,"href":"https:\/\/matis.is\/en\/wp-json\/wp\/v2\/comments?post=33925"}],"version-history":[{"count":1,"href":"https:\/\/matis.is\/en\/wp-json\/wp\/v2\/posts\/33925\/revisions"}],"predecessor-version":[{"id":44108,"href":"https:\/\/matis.is\/en\/wp-json\/wp\/v2\/posts\/33925\/revisions\/44108"}],"wp:featuredmedia":[{"embeddable":true,"href":"https:\/\/matis.is\/en\/wp-json\/wp\/v2\/media\/33926"}],"wp:attachment":[{"href":"https:\/\/matis.is\/en\/wp-json\/wp\/v2\/media?parent=33925"}],"wp:term":[{"taxonomy":"category","embeddable":true,"href":"https:\/\/matis.is\/en\/wp-json\/wp\/v2\/categories?post=33925"},{"taxonomy":"post_tag","embeddable":true,"href":"https:\/\/matis.is\/en\/wp-json\/wp\/v2\/tags?post=33925"}],"curies":[{"name":"wp","href":"https:\/\/api.w.org\/{rel}","templated":true}]}}