{"id":34809,"date":"2021-02-01T11:54:00","date_gmt":"2021-02-01T11:54:00","guid":{"rendered":"https:\/\/new.matis.is\/?p=34809"},"modified":"2021-09-01T10:56:14","modified_gmt":"2021-09-01T10:56:14","slug":"matis-og-hafrannsoknastofnun-throa-nyjar-adferdir-til-lodnuleitar","status":"publish","type":"post","link":"https:\/\/matis.is\/en\/frettir\/matis-og-hafrannsoknastofnun-throa-nyjar-adferdir-til-lodnuleitar\/","title":{"rendered":"Mat\u00eds and the Marine Research Institute are developing new methods for capelin exploration"},"content":{"rendered":"\n<h4 class=\"wp-block-heading\"><strong>eCAP \u2013 Lo\u00f0nuleit me\u00f0 umhverfiserf\u00f0aefni (eDNA)&nbsp;<\/strong>er samstarfsverkefni Hafranns\u00f3knastofnunar og Mat\u00eds sem mi\u00f0ar a\u00f0 \u00fer\u00f3un n\u00fdrra erf\u00f0afr\u00e6\u00f0ilegra a\u00f0fer\u00f0a til lo\u00f0nuleitar. Undanfarin \u00ferj\u00fa \u00e1r hefur gengi\u00f0 illa a\u00f0 finna lo\u00f0nu \u00ed n\u00e6gu magni svo unnt s\u00e9 a\u00f0 gefa \u00fat vei\u00f0ikv\u00f3ta. Tali\u00f0 er a\u00f0 umhverfisbreytingar \u00ed hafinu vi\u00f0 \u00cdsland valdi \u00fev\u00ed a\u00f0 lo\u00f0nan vir\u00f0ist n\u00fa hafa a\u00f0ra dreifingu og f\u00e6\u00f0ufar en \u00e1\u00f0ur.<\/h4>\n\n\n\n<p>eCAP mi\u00f0ar a\u00f0 \u00fer\u00f3un erf\u00f0afr\u00e6\u00f0ilegra a\u00f0fer\u00f0a til lo\u00f0nuleitar. \u00deessar a\u00f0fer\u00f0ir ganga \u00fat \u00e1 a\u00f0 safna umhverfiserf\u00f0aefni \u00far sj\u00f3s\u00fdnum sem tekin eru \u00e1 mismunandi d\u00fdpi \u00ed lo\u00f0nulei\u00f0\u00f6ngrum Hafranns\u00f3knastofnunar. Umhverfiserf\u00f0aefni eru DNA sameindir sem losna fr\u00e1 l\u00edfverum \u00ed hafinu t.d. fr\u00e1 sl\u00edmi, skinni e\u00f0a \u00far saur og h\u00e6gt er a\u00f0 s\u00eda \u00far sj\u00f3s\u00fdninu. Eftir a\u00f0 b\u00fai\u00f0 er a\u00f0 einangra erf\u00f0aefni\u00f0 eru notu\u00f0 s\u00e9rh\u00e6f\u00f0 lo\u00f0nu erf\u00f0am\u00f6rk til \u00feess a\u00f0 greina hvort og hversu miki\u00f0 lo\u00f0nu erf\u00f0aefni er \u00ed s\u00fdninu. Me\u00f0 \u00feessu m\u00e1 \u00e1kvar\u00f0a hvort lo\u00f0na er e\u00f0a hefur veri\u00f0 \u00e1 leitarsv\u00e6\u00f0i og au\u00f0velda leitina. eCAP verkefni\u00f0 leitast einnig vi\u00f0 a\u00f0 gera \u00feessar a\u00f0fer\u00f0ir einfaldar og flj\u00f3tvirkar \u00feannig a\u00f0 h\u00e6gt s\u00e9 a\u00f0 gera \u00feetta um bor\u00f0 \u00ed vei\u00f0iskipum af \u00e1h\u00f6fn.<\/p>\n\n\n\n<p>Fyrsta skrefi\u00f0 \u00ed eCAP var a\u00f0 finna erf\u00f0am\u00f6rk sem eru algerlega s\u00e9rh\u00e6f\u00f0 fyrir lo\u00f0nu. Gu\u00f0bj\u00f6rg \u00d3lafsd\u00f3ttir s\u00e9rfr\u00e6\u00f0ingur hj\u00e1 Mat\u00eds hefur \u00feegar hanna\u00f0 \u00feessi erf\u00f0am\u00f6rk. N\u00e6sta stig verkefnisins er a\u00f0 nota erf\u00f0am\u00f6rkin til \u00feess a\u00f0 greina lo\u00f0nu \u00ed sj\u00f3s\u00fdnum sem tekin hafa veri\u00f0 \u00ed lei\u00f0\u00f6ngrum Hafranns\u00f3knarstofnunar og bera \u00fe\u00e6r ni\u00f0urst\u00f6\u00f0ur saman vi\u00f0 bergm\u00e1lsm\u00e6lingar \u00far s\u00f6mu lei\u00f0\u00f6ngrum. Gert er r\u00e1\u00f0 fyrir a\u00f0 a\u00f0fer\u00f0in ver\u00f0i kominn \u00ed gagni\u00f0 eftir um tv\u00f6 \u00e1r og eru v\u00edsindamenn Hafranns\u00f3knastofnunar og Mat\u00eds og vonandi lo\u00f0nusj\u00f3menn spenntir fyrir n\u00fdrri a\u00f0fer\u00f0 til lo\u00f0nuleitar.<\/p>\n\n\n\n<p>Verkefni\u00f0 er styrkt af T\u00e6kni\u00fer\u00f3unarsj\u00f3\u00f0i Rann\u00eds til \u00feriggja \u00e1ra. N\u00e1nari uppl\u00fdsingar um verkefni\u00f0 veitir verkefnastj\u00f3ri eCAP, Dr. Christophe Pampoulie, erf\u00f0afr\u00e6\u00f0ingur \u00e1 Hafranns\u00f3knastofnun, christophe.s.pampoulie[hj\u00e1]hafogvatn.is.<\/p>\n\n\n\n<div class=\"wp-block-image\"><figure class=\"aligncenter size-large\"><img loading=\"lazy\" decoding=\"async\" width=\"1024\" height=\"305\" src=\"https:\/\/new.matis.is\/wp-content\/uploads\/2021\/02\/matis_rann_haf-1024x305.png\" alt=\"\" class=\"wp-image-34810\" srcset=\"https:\/\/matis.is\/wp-content\/uploads\/2021\/02\/matis_rann_haf-1024x305.png 1024w, https:\/\/matis.is\/wp-content\/uploads\/2021\/02\/matis_rann_haf-300x89.png 300w, https:\/\/matis.is\/wp-content\/uploads\/2021\/02\/matis_rann_haf-768x229.png 768w, https:\/\/matis.is\/wp-content\/uploads\/2021\/02\/matis_rann_haf-1536x457.png 1536w, https:\/\/matis.is\/wp-content\/uploads\/2021\/02\/matis_rann_haf-2048x610.png 2048w, https:\/\/matis.is\/wp-content\/uploads\/2021\/02\/matis_rann_haf-1200x357.png 1200w, https:\/\/matis.is\/wp-content\/uploads\/2021\/02\/matis_rann_haf-1980x589.png 1980w\" sizes=\"auto, (max-width: 1024px) 100vw, 1024px\" \/><\/figure><\/div>\n","protected":false},"excerpt":{"rendered":"<p>eCAP \u2013 Lo\u00f0nuleit me\u00f0 umhverfiserf\u00f0aefni (eDNA)&nbsp;er samstarfsverkefni Hafranns\u00f3knastofnunar og Mat\u00eds sem mi\u00f0ar a\u00f0 \u00fer\u00f3un n\u00fdrra erf\u00f0afr\u00e6\u00f0ilegra a\u00f0fer\u00f0a til lo\u00f0nuleitar. Undanfarin [&hellip;]<\/p>\n","protected":false},"author":4,"featured_media":34811,"comment_status":"closed","ping_status":"closed","sticky":false,"template":"templates\/template-cover.php","format":"standard","meta":{"_acf_changed":false,"_uag_custom_page_level_css":"","site-sidebar-layout":"default","site-content-layout":"","ast-site-content-layout":"default","site-content-style":"default","site-sidebar-style":"default","ast-global-header-display":"","ast-banner-title-visibility":"","ast-main-header-display":"","ast-hfb-above-header-display":"","ast-hfb-below-header-display":"","ast-hfb-mobile-header-display":"","site-post-title":"","ast-breadcrumbs-content":"","ast-featured-img":"","footer-sml-layout":"","ast-disable-related-posts":"","theme-transparent-header-meta":"","adv-header-id-meta":"","stick-header-meta":"","header-above-stick-meta":"","header-main-stick-meta":"","header-below-stick-meta":"","astra-migrate-meta-layouts":"default","ast-page-background-enabled":"default","ast-page-background-meta":{"desktop":{"background-color":"var(--ast-global-color-5)","background-image":"","background-repeat":"repeat","background-position":"center center","background-size":"auto","background-attachment":"scroll","background-type":"","background-media":"","overlay-type":"","overlay-color":"","overlay-opacity":"","overlay-gradient":""},"tablet":{"background-color":"","background-image":"","background-repeat":"repeat","background-position":"center center","background-size":"auto","background-attachment":"scroll","background-type":"","background-media":"","overlay-type":"","overlay-color":"","overlay-opacity":"","overlay-gradient":""},"mobile":{"background-color":"","background-image":"","background-repeat":"repeat","background-position":"center center","background-size":"auto","background-attachment":"scroll","background-type":"","background-media":"","overlay-type":"","overlay-color":"","overlay-opacity":"","overlay-gradient":""}},"ast-content-background-meta":{"desktop":{"background-color":"var(--ast-global-color-4)","background-image":"","background-repeat":"repeat","background-position":"center center","background-size":"auto","background-attachment":"scroll","background-type":"","background-media":"","overlay-type":"","overlay-color":"","overlay-opacity":"","overlay-gradient":""},"tablet":{"background-color":"var(--ast-global-color-4)","background-image":"","background-repeat":"repeat","background-position":"center center","background-size":"auto","background-attachment":"scroll","background-type":"","background-media":"","overlay-type":"","overlay-color":"","overlay-opacity":"","overlay-gradient":""},"mobile":{"background-color":"var(--ast-global-color-4)","background-image":"","background-repeat":"repeat","background-position":"center center","background-size":"auto","background-attachment":"scroll","background-type":"","background-media":"","overlay-type":"","overlay-color":"","overlay-opacity":"","overlay-gradient":""}},"footnotes":""},"categories":[1973],"tags":[],"class_list":["post-34809","post","type-post","status-publish","format-standard","has-post-thumbnail","hentry","category-frettir"],"acf":[],"yoast_head":"<!-- This site is optimized with the Yoast SEO plugin v27.4 - https:\/\/yoast.com\/product\/yoast-seo-wordpress\/ -->\n<title>Mat\u00eds og Hafranns\u00f3knastofnun \u00fer\u00f3a n\u00fdjar a\u00f0fer\u00f0ir til lo\u00f0nuleitar - Mat\u00eds<\/title>\n<meta name=\"description\" content=\"eCAP \u2013 Lo\u00f0nuleit me\u00f0 umhverfiserf\u00f0aefni (eDNA) er samstarfsverkefni Hafranns\u00f3knastofnunar og Mat\u00eds sem mi\u00f0ar a\u00f0 \u00fer\u00f3un n\u00fdrra erf\u00f0afr\u00e6\u00f0ilegra a\u00f0fer\u00f0a til lo\u00f0nuleitar. Undanfarin \u00ferj\u00fa \u00e1r hefur gengi\u00f0 illa a\u00f0 finna lo\u00f0nu \u00ed n\u00e6gu magni svo unnt s\u00e9 a\u00f0 gefa \u00fat vei\u00f0ikv\u00f3ta. Tali\u00f0 er a\u00f0 umhverfisbreytingar \u00ed hafinu vi\u00f0 \u00cdsland valdi \u00fev\u00ed a\u00f0 lo\u00f0nan vir\u00f0ist n\u00fa hafa a\u00f0ra dreifingu og f\u00e6\u00f0ufar en \u00e1\u00f0ur.\" \/>\n<meta name=\"robots\" content=\"index, follow, max-snippet:-1, max-image-preview:large, max-video-preview:-1\" \/>\n<link rel=\"canonical\" href=\"https:\/\/matis.is\/en\/frettir\/matis-og-hafrannsoknastofnun-throa-nyjar-adferdir-til-lodnuleitar\/\" \/>\n<meta property=\"og:locale\" content=\"en_GB\" \/>\n<meta property=\"og:type\" content=\"article\" \/>\n<meta property=\"og:title\" content=\"Mat\u00eds og Hafranns\u00f3knastofnun \u00fer\u00f3a n\u00fdjar a\u00f0fer\u00f0ir til lo\u00f0nuleitar - Mat\u00eds\" \/>\n<meta property=\"og:description\" content=\"eCAP \u2013 Lo\u00f0nuleit me\u00f0 umhverfiserf\u00f0aefni (eDNA) er samstarfsverkefni Hafranns\u00f3knastofnunar og Mat\u00eds sem mi\u00f0ar a\u00f0 \u00fer\u00f3un n\u00fdrra erf\u00f0afr\u00e6\u00f0ilegra a\u00f0fer\u00f0a til lo\u00f0nuleitar. Undanfarin \u00ferj\u00fa \u00e1r hefur gengi\u00f0 illa a\u00f0 finna lo\u00f0nu \u00ed n\u00e6gu magni svo unnt s\u00e9 a\u00f0 gefa \u00fat vei\u00f0ikv\u00f3ta. Tali\u00f0 er a\u00f0 umhverfisbreytingar \u00ed hafinu vi\u00f0 \u00cdsland valdi \u00fev\u00ed a\u00f0 lo\u00f0nan vir\u00f0ist n\u00fa hafa a\u00f0ra dreifingu og f\u00e6\u00f0ufar en \u00e1\u00f0ur.\" \/>\n<meta property=\"og:url\" content=\"https:\/\/matis.is\/en\/frettir\/matis-og-hafrannsoknastofnun-throa-nyjar-adferdir-til-lodnuleitar\/\" \/>\n<meta property=\"og:site_name\" content=\"Mat\u00eds\" \/>\n<meta property=\"article:publisher\" content=\"https:\/\/www.facebook.com\/matisiceland\" \/>\n<meta property=\"article:published_time\" content=\"2021-02-01T11:54:00+00:00\" \/>\n<meta property=\"article:modified_time\" content=\"2021-09-01T10:56:14+00:00\" \/>\n<meta property=\"og:image\" content=\"https:\/\/matis.is\/wp-content\/uploads\/2021\/02\/eCap-mynd.png\" \/>\n\t<meta property=\"og:image:width\" content=\"451\" \/>\n\t<meta property=\"og:image:height\" content=\"229\" \/>\n\t<meta property=\"og:image:type\" content=\"image\/png\" \/>\n<meta name=\"author\" content=\"\u00cdsey D\u00eds H\u00e1varsd\u00f3ttir\" \/>\n<meta name=\"twitter:card\" content=\"summary_large_image\" \/>\n<meta name=\"twitter:creator\" content=\"@matisiceland\" \/>\n<meta name=\"twitter:site\" content=\"@matisiceland\" \/>\n<meta name=\"twitter:label1\" content=\"Written by\" \/>\n\t<meta name=\"twitter:data1\" content=\"\u00cdsey D\u00eds H\u00e1varsd\u00f3ttir\" \/>\n\t<meta name=\"twitter:label2\" content=\"Estimated reading time\" \/>\n\t<meta name=\"twitter:data2\" content=\"2 minutes\" \/>\n<script type=\"application\/ld+json\" class=\"yoast-schema-graph\">{\"@context\":\"https:\\\/\\\/schema.org\",\"@graph\":[{\"@type\":\"Article\",\"@id\":\"https:\\\/\\\/matis.is\\\/frettir\\\/matis-og-hafrannsoknastofnun-throa-nyjar-adferdir-til-lodnuleitar\\\/#article\",\"isPartOf\":{\"@id\":\"https:\\\/\\\/matis.is\\\/frettir\\\/matis-og-hafrannsoknastofnun-throa-nyjar-adferdir-til-lodnuleitar\\\/\"},\"author\":{\"name\":\"\u00cdsey D\u00eds H\u00e1varsd\u00f3ttir\",\"@id\":\"https:\\\/\\\/matis.is\\\/#\\\/schema\\\/person\\\/d0e7799d2105bdd5b7d0620fb5d77b49\"},\"headline\":\"Mat\u00eds og Hafranns\u00f3knastofnun \u00fer\u00f3a n\u00fdjar a\u00f0fer\u00f0ir til lo\u00f0nuleitar\",\"datePublished\":\"2021-02-01T11:54:00+00:00\",\"dateModified\":\"2021-09-01T10:56:14+00:00\",\"mainEntityOfPage\":{\"@id\":\"https:\\\/\\\/matis.is\\\/frettir\\\/matis-og-hafrannsoknastofnun-throa-nyjar-adferdir-til-lodnuleitar\\\/\"},\"wordCount\":404,\"publisher\":{\"@id\":\"https:\\\/\\\/matis.is\\\/#organization\"},\"image\":{\"@id\":\"https:\\\/\\\/matis.is\\\/frettir\\\/matis-og-hafrannsoknastofnun-throa-nyjar-adferdir-til-lodnuleitar\\\/#primaryimage\"},\"thumbnailUrl\":\"https:\\\/\\\/matis.is\\\/wp-content\\\/uploads\\\/2021\\\/02\\\/eCap-mynd.png\",\"articleSection\":[\"Fr\u00e9ttir\"],\"inLanguage\":\"en-GB\"},{\"@type\":\"WebPage\",\"@id\":\"https:\\\/\\\/matis.is\\\/frettir\\\/matis-og-hafrannsoknastofnun-throa-nyjar-adferdir-til-lodnuleitar\\\/\",\"url\":\"https:\\\/\\\/matis.is\\\/frettir\\\/matis-og-hafrannsoknastofnun-throa-nyjar-adferdir-til-lodnuleitar\\\/\",\"name\":\"Mat\u00eds og Hafranns\u00f3knastofnun \u00fer\u00f3a n\u00fdjar a\u00f0fer\u00f0ir til lo\u00f0nuleitar - Mat\u00eds\",\"isPartOf\":{\"@id\":\"https:\\\/\\\/matis.is\\\/#website\"},\"primaryImageOfPage\":{\"@id\":\"https:\\\/\\\/matis.is\\\/frettir\\\/matis-og-hafrannsoknastofnun-throa-nyjar-adferdir-til-lodnuleitar\\\/#primaryimage\"},\"image\":{\"@id\":\"https:\\\/\\\/matis.is\\\/frettir\\\/matis-og-hafrannsoknastofnun-throa-nyjar-adferdir-til-lodnuleitar\\\/#primaryimage\"},\"thumbnailUrl\":\"https:\\\/\\\/matis.is\\\/wp-content\\\/uploads\\\/2021\\\/02\\\/eCap-mynd.png\",\"datePublished\":\"2021-02-01T11:54:00+00:00\",\"dateModified\":\"2021-09-01T10:56:14+00:00\",\"description\":\"eCAP \u2013 Lo\u00f0nuleit me\u00f0 umhverfiserf\u00f0aefni (eDNA) er samstarfsverkefni Hafranns\u00f3knastofnunar og Mat\u00eds sem mi\u00f0ar a\u00f0 \u00fer\u00f3un n\u00fdrra erf\u00f0afr\u00e6\u00f0ilegra a\u00f0fer\u00f0a til lo\u00f0nuleitar. Undanfarin \u00ferj\u00fa \u00e1r hefur gengi\u00f0 illa a\u00f0 finna lo\u00f0nu \u00ed n\u00e6gu magni svo unnt s\u00e9 a\u00f0 gefa \u00fat vei\u00f0ikv\u00f3ta. Tali\u00f0 er a\u00f0 umhverfisbreytingar \u00ed hafinu vi\u00f0 \u00cdsland valdi \u00fev\u00ed a\u00f0 lo\u00f0nan vir\u00f0ist n\u00fa hafa a\u00f0ra dreifingu og f\u00e6\u00f0ufar en \u00e1\u00f0ur.\",\"breadcrumb\":{\"@id\":\"https:\\\/\\\/matis.is\\\/frettir\\\/matis-og-hafrannsoknastofnun-throa-nyjar-adferdir-til-lodnuleitar\\\/#breadcrumb\"},\"inLanguage\":\"en-GB\",\"potentialAction\":[{\"@type\":\"ReadAction\",\"target\":[\"https:\\\/\\\/matis.is\\\/frettir\\\/matis-og-hafrannsoknastofnun-throa-nyjar-adferdir-til-lodnuleitar\\\/\"]}]},{\"@type\":\"ImageObject\",\"inLanguage\":\"en-GB\",\"@id\":\"https:\\\/\\\/matis.is\\\/frettir\\\/matis-og-hafrannsoknastofnun-throa-nyjar-adferdir-til-lodnuleitar\\\/#primaryimage\",\"url\":\"https:\\\/\\\/matis.is\\\/wp-content\\\/uploads\\\/2021\\\/02\\\/eCap-mynd.png\",\"contentUrl\":\"https:\\\/\\\/matis.is\\\/wp-content\\\/uploads\\\/2021\\\/02\\\/eCap-mynd.png\",\"width\":451,\"height\":229},{\"@type\":\"BreadcrumbList\",\"@id\":\"https:\\\/\\\/matis.is\\\/frettir\\\/matis-og-hafrannsoknastofnun-throa-nyjar-adferdir-til-lodnuleitar\\\/#breadcrumb\",\"itemListElement\":[{\"@type\":\"ListItem\",\"position\":1,\"name\":\"Home\",\"item\":\"https:\\\/\\\/matis.is\\\/\"},{\"@type\":\"ListItem\",\"position\":2,\"name\":\"Mat\u00eds og Hafranns\u00f3knastofnun \u00fer\u00f3a n\u00fdjar a\u00f0fer\u00f0ir til lo\u00f0nuleitar\"}]},{\"@type\":\"WebSite\",\"@id\":\"https:\\\/\\\/matis.is\\\/#website\",\"url\":\"https:\\\/\\\/matis.is\\\/\",\"name\":\"Mat\u00eds\",\"description\":\"Ver\u00f0m\u00e6task\u00f6pun, matv\u00e6la\u00f6ryggi og l\u00fd\u00f0heilsa\",\"publisher\":{\"@id\":\"https:\\\/\\\/matis.is\\\/#organization\"},\"potentialAction\":[{\"@type\":\"SearchAction\",\"target\":{\"@type\":\"EntryPoint\",\"urlTemplate\":\"https:\\\/\\\/matis.is\\\/?s={search_term_string}\"},\"query-input\":{\"@type\":\"PropertyValueSpecification\",\"valueRequired\":true,\"valueName\":\"search_term_string\"}}],\"inLanguage\":\"en-GB\"},{\"@type\":\"Organization\",\"@id\":\"https:\\\/\\\/matis.is\\\/#organization\",\"name\":\"Mat\u00eds ohf.\",\"url\":\"https:\\\/\\\/matis.is\\\/\",\"logo\":{\"@type\":\"ImageObject\",\"inLanguage\":\"en-GB\",\"@id\":\"https:\\\/\\\/matis.is\\\/#\\\/schema\\\/logo\\\/image\\\/\",\"url\":\"https:\\\/\\\/matis.is\\\/wp-content\\\/uploads\\\/2021\\\/02\\\/matis_logo_blatthvitt.png\",\"contentUrl\":\"https:\\\/\\\/matis.is\\\/wp-content\\\/uploads\\\/2021\\\/02\\\/matis_logo_blatthvitt.png\",\"width\":1507,\"height\":1507,\"caption\":\"Mat\u00eds ohf.\"},\"image\":{\"@id\":\"https:\\\/\\\/matis.is\\\/#\\\/schema\\\/logo\\\/image\\\/\"},\"sameAs\":[\"https:\\\/\\\/www.facebook.com\\\/matisiceland\",\"https:\\\/\\\/x.com\\\/matisiceland\",\"https:\\\/\\\/www.instagram.com\\\/matisiceland\\\/\",\"https:\\\/\\\/www.linkedin.com\\\/matisiceland\\\/\",\"https:\\\/\\\/www.youtube.com\\\/channel\\\/UCY-frt3uTqgVZW-DLjoo5bA\"]},{\"@type\":\"Person\",\"@id\":\"https:\\\/\\\/matis.is\\\/#\\\/schema\\\/person\\\/d0e7799d2105bdd5b7d0620fb5d77b49\",\"name\":\"\u00cdsey D\u00eds H\u00e1varsd\u00f3ttir\",\"url\":\"https:\\\/\\\/matis.is\\\/en\\\/author\\\/iseymatis-is\\\/\"}]}<\/script>\n<!-- \/ Yoast SEO plugin. -->","yoast_head_json":{"title":"Mat\u00eds and the Marine Research Institute are developing new methods for capelin exploration - Mat\u00eds","description":"eCAP - Capelin research with environmental genetic material (eDNA) is a joint project of the Marine Research Institute and Mat\u00eds that aims to develop new genetic methods for capelin research. For the past three years, it has been difficult to find enough capelin to be able to issue fishing quotas. It is believed that environmental changes in the sea off Iceland mean that capelin now appears to have a different distribution and diet than before.","robots":{"index":"index","follow":"follow","max-snippet":"max-snippet:-1","max-image-preview":"max-image-preview:large","max-video-preview":"max-video-preview:-1"},"canonical":"https:\/\/matis.is\/en\/frettir\/matis-og-hafrannsoknastofnun-throa-nyjar-adferdir-til-lodnuleitar\/","og_locale":"en_GB","og_type":"article","og_title":"Mat\u00eds og Hafranns\u00f3knastofnun \u00fer\u00f3a n\u00fdjar a\u00f0fer\u00f0ir til lo\u00f0nuleitar - Mat\u00eds","og_description":"eCAP \u2013 Lo\u00f0nuleit me\u00f0 umhverfiserf\u00f0aefni (eDNA) er samstarfsverkefni Hafranns\u00f3knastofnunar og Mat\u00eds sem mi\u00f0ar a\u00f0 \u00fer\u00f3un n\u00fdrra erf\u00f0afr\u00e6\u00f0ilegra a\u00f0fer\u00f0a til lo\u00f0nuleitar. Undanfarin \u00ferj\u00fa \u00e1r hefur gengi\u00f0 illa a\u00f0 finna lo\u00f0nu \u00ed n\u00e6gu magni svo unnt s\u00e9 a\u00f0 gefa \u00fat vei\u00f0ikv\u00f3ta. Tali\u00f0 er a\u00f0 umhverfisbreytingar \u00ed hafinu vi\u00f0 \u00cdsland valdi \u00fev\u00ed a\u00f0 lo\u00f0nan vir\u00f0ist n\u00fa hafa a\u00f0ra dreifingu og f\u00e6\u00f0ufar en \u00e1\u00f0ur.","og_url":"https:\/\/matis.is\/en\/frettir\/matis-og-hafrannsoknastofnun-throa-nyjar-adferdir-til-lodnuleitar\/","og_site_name":"Mat\u00eds","article_publisher":"https:\/\/www.facebook.com\/matisiceland","article_published_time":"2021-02-01T11:54:00+00:00","article_modified_time":"2021-09-01T10:56:14+00:00","og_image":[{"width":451,"height":229,"url":"https:\/\/matis.is\/wp-content\/uploads\/2021\/02\/eCap-mynd.png","type":"image\/png"}],"author":"\u00cdsey D\u00eds H\u00e1varsd\u00f3ttir","twitter_card":"summary_large_image","twitter_creator":"@matisiceland","twitter_site":"@matisiceland","twitter_misc":{"Written by":"\u00cdsey D\u00eds H\u00e1varsd\u00f3ttir","Estimated reading time":"2 minutes"},"schema":{"@context":"https:\/\/schema.org","@graph":[{"@type":"Article","@id":"https:\/\/matis.is\/frettir\/matis-og-hafrannsoknastofnun-throa-nyjar-adferdir-til-lodnuleitar\/#article","isPartOf":{"@id":"https:\/\/matis.is\/frettir\/matis-og-hafrannsoknastofnun-throa-nyjar-adferdir-til-lodnuleitar\/"},"author":{"name":"\u00cdsey D\u00eds H\u00e1varsd\u00f3ttir","@id":"https:\/\/matis.is\/#\/schema\/person\/d0e7799d2105bdd5b7d0620fb5d77b49"},"headline":"Mat\u00eds og Hafranns\u00f3knastofnun \u00fer\u00f3a n\u00fdjar a\u00f0fer\u00f0ir til lo\u00f0nuleitar","datePublished":"2021-02-01T11:54:00+00:00","dateModified":"2021-09-01T10:56:14+00:00","mainEntityOfPage":{"@id":"https:\/\/matis.is\/frettir\/matis-og-hafrannsoknastofnun-throa-nyjar-adferdir-til-lodnuleitar\/"},"wordCount":404,"publisher":{"@id":"https:\/\/matis.is\/#organization"},"image":{"@id":"https:\/\/matis.is\/frettir\/matis-og-hafrannsoknastofnun-throa-nyjar-adferdir-til-lodnuleitar\/#primaryimage"},"thumbnailUrl":"https:\/\/matis.is\/wp-content\/uploads\/2021\/02\/eCap-mynd.png","articleSection":["Fr\u00e9ttir"],"inLanguage":"en-GB"},{"@type":"WebPage","@id":"https:\/\/matis.is\/frettir\/matis-og-hafrannsoknastofnun-throa-nyjar-adferdir-til-lodnuleitar\/","url":"https:\/\/matis.is\/frettir\/matis-og-hafrannsoknastofnun-throa-nyjar-adferdir-til-lodnuleitar\/","name":"Mat\u00eds and the Marine Research Institute are developing new methods for capelin exploration - Mat\u00eds","isPartOf":{"@id":"https:\/\/matis.is\/#website"},"primaryImageOfPage":{"@id":"https:\/\/matis.is\/frettir\/matis-og-hafrannsoknastofnun-throa-nyjar-adferdir-til-lodnuleitar\/#primaryimage"},"image":{"@id":"https:\/\/matis.is\/frettir\/matis-og-hafrannsoknastofnun-throa-nyjar-adferdir-til-lodnuleitar\/#primaryimage"},"thumbnailUrl":"https:\/\/matis.is\/wp-content\/uploads\/2021\/02\/eCap-mynd.png","datePublished":"2021-02-01T11:54:00+00:00","dateModified":"2021-09-01T10:56:14+00:00","description":"eCAP - Capelin research with environmental genetic material (eDNA) is a joint project of the Marine Research Institute and Mat\u00eds that aims to develop new genetic methods for capelin research. For the past three years, it has been difficult to find enough capelin to be able to issue fishing quotas. It is believed that environmental changes in the sea off Iceland mean that capelin now appears to have a different distribution and diet than before.","breadcrumb":{"@id":"https:\/\/matis.is\/frettir\/matis-og-hafrannsoknastofnun-throa-nyjar-adferdir-til-lodnuleitar\/#breadcrumb"},"inLanguage":"en-GB","potentialAction":[{"@type":"ReadAction","target":["https:\/\/matis.is\/frettir\/matis-og-hafrannsoknastofnun-throa-nyjar-adferdir-til-lodnuleitar\/"]}]},{"@type":"ImageObject","inLanguage":"en-GB","@id":"https:\/\/matis.is\/frettir\/matis-og-hafrannsoknastofnun-throa-nyjar-adferdir-til-lodnuleitar\/#primaryimage","url":"https:\/\/matis.is\/wp-content\/uploads\/2021\/02\/eCap-mynd.png","contentUrl":"https:\/\/matis.is\/wp-content\/uploads\/2021\/02\/eCap-mynd.png","width":451,"height":229},{"@type":"BreadcrumbList","@id":"https:\/\/matis.is\/frettir\/matis-og-hafrannsoknastofnun-throa-nyjar-adferdir-til-lodnuleitar\/#breadcrumb","itemListElement":[{"@type":"ListItem","position":1,"name":"Home","item":"https:\/\/matis.is\/"},{"@type":"ListItem","position":2,"name":"Mat\u00eds og Hafranns\u00f3knastofnun \u00fer\u00f3a n\u00fdjar a\u00f0fer\u00f0ir til lo\u00f0nuleitar"}]},{"@type":"WebSite","@id":"https:\/\/matis.is\/#website","url":"https:\/\/matis.is\/","name":"Mat\u00eds","description":"Value creation, food security and public health","publisher":{"@id":"https:\/\/matis.is\/#organization"},"potentialAction":[{"@type":"SearchAction","target":{"@type":"EntryPoint","urlTemplate":"https:\/\/matis.is\/?s={search_term_string}"},"query-input":{"@type":"PropertyValueSpecification","valueRequired":true,"valueName":"search_term_string"}}],"inLanguage":"en-GB"},{"@type":"Organization","@id":"https:\/\/matis.is\/#organization","name":"Mat\u00eds ohf.","url":"https:\/\/matis.is\/","logo":{"@type":"ImageObject","inLanguage":"en-GB","@id":"https:\/\/matis.is\/#\/schema\/logo\/image\/","url":"https:\/\/matis.is\/wp-content\/uploads\/2021\/02\/matis_logo_blatthvitt.png","contentUrl":"https:\/\/matis.is\/wp-content\/uploads\/2021\/02\/matis_logo_blatthvitt.png","width":1507,"height":1507,"caption":"Mat\u00eds ohf."},"image":{"@id":"https:\/\/matis.is\/#\/schema\/logo\/image\/"},"sameAs":["https:\/\/www.facebook.com\/matisiceland","https:\/\/x.com\/matisiceland","https:\/\/www.instagram.com\/matisiceland\/","https:\/\/www.linkedin.com\/matisiceland\/","https:\/\/www.youtube.com\/channel\/UCY-frt3uTqgVZW-DLjoo5bA"]},{"@type":"Person","@id":"https:\/\/matis.is\/#\/schema\/person\/d0e7799d2105bdd5b7d0620fb5d77b49","name":"\u00cdsey D\u00eds H\u00e1varsd\u00f3ttir","url":"https:\/\/matis.is\/en\/author\/iseymatis-is\/"}]}},"spectra_custom_meta":{"_edit_lock":["1630493775:5"],"_wp_old_date":["2021-02-03"],"_thumbnail_id":["34811"],"_wp_page_template":["templates\/template-cover.php"],"_edit_last":["5"],"tengilidur":[""],"_tengilidur":["field_5ef905e0538b2"],"_yoast_wpseo_metadesc":["eCAP \u2013 Lo\u00f0nuleit me\u00f0 umhverfiserf\u00f0aefni (eDNA) er samstarfsverkefni Hafranns\u00f3knastofnunar og Mat\u00eds sem mi\u00f0ar a\u00f0 \u00fer\u00f3un n\u00fdrra erf\u00f0afr\u00e6\u00f0ilegra a\u00f0fer\u00f0a til lo\u00f0nuleitar. Undanfarin \u00ferj\u00fa \u00e1r hefur gengi\u00f0 illa a\u00f0 finna lo\u00f0nu \u00ed n\u00e6gu magni svo unnt s\u00e9 a\u00f0 gefa \u00fat vei\u00f0ikv\u00f3ta. Tali\u00f0 er a\u00f0 umhverfisbreytingar \u00ed hafinu vi\u00f0 \u00cdsland valdi \u00fev\u00ed a\u00f0 lo\u00f0nan vir\u00f0ist n\u00fa hafa a\u00f0ra dreifingu og f\u00e6\u00f0ufar en \u00e1\u00f0ur."],"_yoast_wpseo_content_score":["30"],"_yoast_wpseo_estimated-reading-time-minutes":["2"],"wpmm_postgrid_views":["511"],"_uag_css_file_name":["uag-css-34809.css"],"_uag_page_assets":["a:9:{s:3:\"css\";s:263:\".uag-blocks-common-selector{z-index:var(--z-index-desktop) !important}@media (max-width: 976px){.uag-blocks-common-selector{z-index:var(--z-index-tablet) !important}}@media (max-width: 767px){.uag-blocks-common-selector{z-index:var(--z-index-mobile) !important}}\n\";s:2:\"js\";s:0:\"\";s:18:\"current_block_list\";a:7:{i:0;s:12:\"core\/heading\";i:1;s:14:\"core\/paragraph\";i:2;s:10:\"core\/image\";i:3;s:12:\"core\/buttons\";i:4;s:11:\"core\/button\";i:5;s:12:\"core\/columns\";i:6;s:11:\"core\/column\";}s:8:\"uag_flag\";b:0;s:11:\"uag_version\";s:10:\"1777560172\";s:6:\"gfonts\";a:0:{}s:10:\"gfonts_url\";s:0:\"\";s:12:\"gfonts_files\";a:0:{}s:14:\"uag_faq_layout\";b:0;}"]},"uagb_featured_image_src":{"full":["https:\/\/matis.is\/wp-content\/uploads\/2021\/02\/eCap-mynd.png",451,229,false],"thumbnail":["https:\/\/matis.is\/wp-content\/uploads\/2021\/02\/eCap-mynd-150x150.png",150,150,true],"medium":["https:\/\/matis.is\/wp-content\/uploads\/2021\/02\/eCap-mynd-300x152.png",300,152,true],"medium_large":["https:\/\/matis.is\/wp-content\/uploads\/2021\/02\/eCap-mynd.png",451,229,false],"large":["https:\/\/matis.is\/wp-content\/uploads\/2021\/02\/eCap-mynd.png",451,229,false],"1536x1536":["https:\/\/matis.is\/wp-content\/uploads\/2021\/02\/eCap-mynd.png",451,229,false],"2048x2048":["https:\/\/matis.is\/wp-content\/uploads\/2021\/02\/eCap-mynd.png",451,229,false],"trp-custom-language-flag":["https:\/\/matis.is\/wp-content\/uploads\/2021\/02\/eCap-mynd.png",18,9,false]},"uagb_author_info":{"display_name":"\u00cdsey D\u00eds H\u00e1varsd\u00f3ttir","author_link":"https:\/\/matis.is\/en\/author\/iseymatis-is\/"},"uagb_comment_info":0,"uagb_excerpt":"eCAP \u2013 Lo\u00f0nuleit me\u00f0 umhverfiserf\u00f0aefni (eDNA)&nbsp;er samstarfsverkefni Hafranns\u00f3knastofnunar og Mat\u00eds sem mi\u00f0ar a\u00f0 \u00fer\u00f3un n\u00fdrra erf\u00f0afr\u00e6\u00f0ilegra a\u00f0fer\u00f0a til lo\u00f0nuleitar. Undanfarin [&hellip;]","_links":{"self":[{"href":"https:\/\/matis.is\/en\/wp-json\/wp\/v2\/posts\/34809","targetHints":{"allow":["GET"]}}],"collection":[{"href":"https:\/\/matis.is\/en\/wp-json\/wp\/v2\/posts"}],"about":[{"href":"https:\/\/matis.is\/en\/wp-json\/wp\/v2\/types\/post"}],"author":[{"embeddable":true,"href":"https:\/\/matis.is\/en\/wp-json\/wp\/v2\/users\/4"}],"replies":[{"embeddable":true,"href":"https:\/\/matis.is\/en\/wp-json\/wp\/v2\/comments?post=34809"}],"version-history":[{"count":1,"href":"https:\/\/matis.is\/en\/wp-json\/wp\/v2\/posts\/34809\/revisions"}],"predecessor-version":[{"id":44103,"href":"https:\/\/matis.is\/en\/wp-json\/wp\/v2\/posts\/34809\/revisions\/44103"}],"wp:featuredmedia":[{"embeddable":true,"href":"https:\/\/matis.is\/en\/wp-json\/wp\/v2\/media\/34811"}],"wp:attachment":[{"href":"https:\/\/matis.is\/en\/wp-json\/wp\/v2\/media?parent=34809"}],"wp:term":[{"taxonomy":"category","embeddable":true,"href":"https:\/\/matis.is\/en\/wp-json\/wp\/v2\/categories?post=34809"},{"taxonomy":"post_tag","embeddable":true,"href":"https:\/\/matis.is\/en\/wp-json\/wp\/v2\/tags?post=34809"}],"curies":[{"name":"wp","href":"https:\/\/api.w.org\/{rel}","templated":true}]}}