{"id":34813,"date":"2021-02-02T12:02:00","date_gmt":"2021-02-02T12:02:00","guid":{"rendered":"https:\/\/new.matis.is\/?p=34813"},"modified":"2021-09-29T13:25:17","modified_gmt":"2021-09-29T13:25:17","slug":"nidurstodur-sivirkrar-voktunar-a-oaeskilegum-efnum-i-sjavarfangi-ur-audlindinni-2020","status":"publish","type":"post","link":"https:\/\/matis.is\/en\/frettir\/nidurstodur-sivirkrar-voktunar-a-oaeskilegum-efnum-i-sjavarfangi-ur-audlindinni-2020\/","title":{"rendered":"Results of continuous monitoring of undesirable substances in seafood from the 2020 resource"},"content":{"rendered":"<h4 class=\"wp-block-heading\">The results of monitoring of undesirable substances in edible parts of seafood for the year 2020 are now available. Systematic monitoring has been going on, intermittently, since 2003 and Mat\u00eds ohf. Responsible for data collection and publication of reports due to it.&nbsp;<\/h4>\n\n\n\n<p>The aim of the project is to demonstrate the position of Icelandic seafood in terms of safety and health and to use the data in the risk assessment of food to ensure the interests of consumers and public health. The project builds a knowledge base on the amount of undesirable substances in economically important species and marine products. This is defined as a long-term project where expansion and revision are constantly needed.&nbsp;<\/p>\n\n\n\n<p>The results for 2020 show that all samples of marine products for human consumption were well below the EU maximum values for persistent organic pollutants and heavy metals. The concentration of so-called ICES6-PCBs turned out to be low in edible parts of seafood, compared to the EU maximum value according to Regulation no. 1259\/2011. The results also showed that the concentration of heavy metals, such as cadmium (Cd), lead (Pb) and mercury (Hg) in Icelandic seafood was always below the EU maximum values.&nbsp;<\/p>\n\n\n\n<p>The full report can be read here:\u00a0<a href=\"https:\/\/matis.is\/en\/skyrsla\/nidurstodur-sivirkrar-voktunar-a-oaeskilegum-efnum-i-sjavarfangi-ur-audlindinni-2020-2\/\">Results of continuous monitoring of undesirable substances in seafood from the 2020 resource<\/a><\/p>","protected":false},"excerpt":{"rendered":"<p>N\u00fa liggja fyrir ni\u00f0urst\u00f6\u00f0ur v\u00f6ktunar \u00e1 \u00f3\u00e6skilegum efnum \u00ed&nbsp;\u00e6tum hluta sj\u00e1varfangs fyrir \u00e1ri\u00f0 2020. Kerfisbundin v\u00f6ktun hefur sta\u00f0i\u00f0 yfir, me\u00f0 [&hellip;]<\/p>\n","protected":false},"author":4,"featured_media":33900,"comment_status":"closed","ping_status":"closed","sticky":false,"template":"templates\/template-cover.php","format":"standard","meta":{"_acf_changed":false,"_uag_custom_page_level_css":"","site-sidebar-layout":"default","site-content-layout":"","ast-site-content-layout":"default","site-content-style":"default","site-sidebar-style":"default","ast-global-header-display":"","ast-banner-title-visibility":"","ast-main-header-display":"","ast-hfb-above-header-display":"","ast-hfb-below-header-display":"","ast-hfb-mobile-header-display":"","site-post-title":"","ast-breadcrumbs-content":"","ast-featured-img":"","footer-sml-layout":"","ast-disable-related-posts":"","theme-transparent-header-meta":"","adv-header-id-meta":"","stick-header-meta":"","header-above-stick-meta":"","header-main-stick-meta":"","header-below-stick-meta":"","astra-migrate-meta-layouts":"default","ast-page-background-enabled":"default","ast-page-background-meta":{"desktop":{"background-color":"var(--ast-global-color-5)","background-image":"","background-repeat":"repeat","background-position":"center center","background-size":"auto","background-attachment":"scroll","background-type":"","background-media":"","overlay-type":"","overlay-color":"","overlay-opacity":"","overlay-gradient":""},"tablet":{"background-color":"","background-image":"","background-repeat":"repeat","background-position":"center center","background-size":"auto","background-attachment":"scroll","background-type":"","background-media":"","overlay-type":"","overlay-color":"","overlay-opacity":"","overlay-gradient":""},"mobile":{"background-color":"","background-image":"","background-repeat":"repeat","background-position":"center center","background-size":"auto","background-attachment":"scroll","background-type":"","background-media":"","overlay-type":"","overlay-color":"","overlay-opacity":"","overlay-gradient":""}},"ast-content-background-meta":{"desktop":{"background-color":"var(--ast-global-color-4)","background-image":"","background-repeat":"repeat","background-position":"center center","background-size":"auto","background-attachment":"scroll","background-type":"","background-media":"","overlay-type":"","overlay-color":"","overlay-opacity":"","overlay-gradient":""},"tablet":{"background-color":"var(--ast-global-color-4)","background-image":"","background-repeat":"repeat","background-position":"center center","background-size":"auto","background-attachment":"scroll","background-type":"","background-media":"","overlay-type":"","overlay-color":"","overlay-opacity":"","overlay-gradient":""},"mobile":{"background-color":"var(--ast-global-color-4)","background-image":"","background-repeat":"repeat","background-position":"center center","background-size":"auto","background-attachment":"scroll","background-type":"","background-media":"","overlay-type":"","overlay-color":"","overlay-opacity":"","overlay-gradient":""}},"footnotes":""},"categories":[1973],"tags":[],"class_list":["post-34813","post","type-post","status-publish","format-standard","has-post-thumbnail","hentry","category-frettir"],"acf":[],"yoast_head":"<!-- This site is optimized with the Yoast SEO plugin v27.4 - https:\/\/yoast.com\/product\/yoast-seo-wordpress\/ -->\n<title>Ni\u00f0urst\u00f6\u00f0ur s\u00edvirkrar v\u00f6ktunar \u00e1 \u00f3\u00e6skilegum efnum \u00ed sj\u00e1varfangi \u00far au\u00f0lindinni 2020 - Mat\u00eds<\/title>\n<meta name=\"description\" content=\"N\u00fa liggja fyrir ni\u00f0urst\u00f6\u00f0ur v\u00f6ktunar \u00e1 \u00f3\u00e6skilegum efnum \u00ed \u00e6tum hluta sj\u00e1varfangs fyrir \u00e1ri\u00f0 2020. Kerfisbundin v\u00f6ktun hefur sta\u00f0i\u00f0 yfir, me\u00f0 hl\u00e9um, fr\u00e1 \u00e1rinu 2003 og Mat\u00eds ohf. S\u00e9r um gagnas\u00f6fnun og \u00fatg\u00e1fu \u00e1 sk\u00fdrslum vegna hennar.\" \/>\n<meta name=\"robots\" content=\"index, follow, max-snippet:-1, max-image-preview:large, max-video-preview:-1\" \/>\n<link rel=\"canonical\" href=\"https:\/\/matis.is\/en\/frettir\/nidurstodur-sivirkrar-voktunar-a-oaeskilegum-efnum-i-sjavarfangi-ur-audlindinni-2020\/\" \/>\n<meta property=\"og:locale\" content=\"en_GB\" \/>\n<meta property=\"og:type\" content=\"article\" \/>\n<meta property=\"og:title\" content=\"Ni\u00f0urst\u00f6\u00f0ur s\u00edvirkrar v\u00f6ktunar \u00e1 \u00f3\u00e6skilegum efnum \u00ed sj\u00e1varfangi \u00far au\u00f0lindinni 2020 - Mat\u00eds\" \/>\n<meta property=\"og:description\" content=\"N\u00fa liggja fyrir ni\u00f0urst\u00f6\u00f0ur v\u00f6ktunar \u00e1 \u00f3\u00e6skilegum efnum \u00ed \u00e6tum hluta sj\u00e1varfangs fyrir \u00e1ri\u00f0 2020. Kerfisbundin v\u00f6ktun hefur sta\u00f0i\u00f0 yfir, me\u00f0 hl\u00e9um, fr\u00e1 \u00e1rinu 2003 og Mat\u00eds ohf. S\u00e9r um gagnas\u00f6fnun og \u00fatg\u00e1fu \u00e1 sk\u00fdrslum vegna hennar.\" \/>\n<meta property=\"og:url\" content=\"https:\/\/matis.is\/en\/frettir\/nidurstodur-sivirkrar-voktunar-a-oaeskilegum-efnum-i-sjavarfangi-ur-audlindinni-2020\/\" \/>\n<meta property=\"og:site_name\" content=\"Mat\u00eds\" \/>\n<meta property=\"article:publisher\" content=\"https:\/\/www.facebook.com\/matisiceland\" \/>\n<meta property=\"article:published_time\" content=\"2021-02-02T12:02:00+00:00\" \/>\n<meta property=\"article:modified_time\" content=\"2021-09-29T13:25:17+00:00\" \/>\n<meta property=\"og:image\" content=\"https:\/\/matis.is\/wp-content\/uploads\/2021\/01\/sjor-KristinEdda_IMG_3167-minni.jpg\" \/>\n\t<meta property=\"og:image:width\" content=\"2449\" \/>\n\t<meta property=\"og:image:height\" content=\"1633\" \/>\n\t<meta property=\"og:image:type\" content=\"image\/jpeg\" \/>\n<meta name=\"author\" content=\"\u00cdsey D\u00eds H\u00e1varsd\u00f3ttir\" \/>\n<meta name=\"twitter:card\" content=\"summary_large_image\" \/>\n<meta name=\"twitter:creator\" content=\"@matisiceland\" \/>\n<meta name=\"twitter:site\" content=\"@matisiceland\" \/>\n<meta name=\"twitter:label1\" content=\"Written by\" \/>\n\t<meta name=\"twitter:data1\" content=\"\u00cdsey D\u00eds H\u00e1varsd\u00f3ttir\" \/>\n\t<meta name=\"twitter:label2\" content=\"Estimated reading time\" \/>\n\t<meta name=\"twitter:data2\" content=\"1 minute\" \/>\n<script type=\"application\/ld+json\" class=\"yoast-schema-graph\">{\"@context\":\"https:\\\/\\\/schema.org\",\"@graph\":[{\"@type\":\"Article\",\"@id\":\"https:\\\/\\\/matis.is\\\/frettir\\\/nidurstodur-sivirkrar-voktunar-a-oaeskilegum-efnum-i-sjavarfangi-ur-audlindinni-2020\\\/#article\",\"isPartOf\":{\"@id\":\"https:\\\/\\\/matis.is\\\/frettir\\\/nidurstodur-sivirkrar-voktunar-a-oaeskilegum-efnum-i-sjavarfangi-ur-audlindinni-2020\\\/\"},\"author\":{\"name\":\"\u00cdsey D\u00eds H\u00e1varsd\u00f3ttir\",\"@id\":\"https:\\\/\\\/matis.is\\\/#\\\/schema\\\/person\\\/d0e7799d2105bdd5b7d0620fb5d77b49\"},\"headline\":\"Ni\u00f0urst\u00f6\u00f0ur s\u00edvirkrar v\u00f6ktunar \u00e1 \u00f3\u00e6skilegum efnum \u00ed sj\u00e1varfangi \u00far au\u00f0lindinni 2020\",\"datePublished\":\"2021-02-02T12:02:00+00:00\",\"dateModified\":\"2021-09-29T13:25:17+00:00\",\"mainEntityOfPage\":{\"@id\":\"https:\\\/\\\/matis.is\\\/frettir\\\/nidurstodur-sivirkrar-voktunar-a-oaeskilegum-efnum-i-sjavarfangi-ur-audlindinni-2020\\\/\"},\"wordCount\":247,\"publisher\":{\"@id\":\"https:\\\/\\\/matis.is\\\/#organization\"},\"image\":{\"@id\":\"https:\\\/\\\/matis.is\\\/frettir\\\/nidurstodur-sivirkrar-voktunar-a-oaeskilegum-efnum-i-sjavarfangi-ur-audlindinni-2020\\\/#primaryimage\"},\"thumbnailUrl\":\"https:\\\/\\\/matis.is\\\/wp-content\\\/uploads\\\/2021\\\/01\\\/sjor-KristinEdda_IMG_3167-minni.jpg\",\"articleSection\":[\"Fr\u00e9ttir\"],\"inLanguage\":\"en-GB\"},{\"@type\":\"WebPage\",\"@id\":\"https:\\\/\\\/matis.is\\\/frettir\\\/nidurstodur-sivirkrar-voktunar-a-oaeskilegum-efnum-i-sjavarfangi-ur-audlindinni-2020\\\/\",\"url\":\"https:\\\/\\\/matis.is\\\/frettir\\\/nidurstodur-sivirkrar-voktunar-a-oaeskilegum-efnum-i-sjavarfangi-ur-audlindinni-2020\\\/\",\"name\":\"Ni\u00f0urst\u00f6\u00f0ur s\u00edvirkrar v\u00f6ktunar \u00e1 \u00f3\u00e6skilegum efnum \u00ed sj\u00e1varfangi \u00far au\u00f0lindinni 2020 - Mat\u00eds\",\"isPartOf\":{\"@id\":\"https:\\\/\\\/matis.is\\\/#website\"},\"primaryImageOfPage\":{\"@id\":\"https:\\\/\\\/matis.is\\\/frettir\\\/nidurstodur-sivirkrar-voktunar-a-oaeskilegum-efnum-i-sjavarfangi-ur-audlindinni-2020\\\/#primaryimage\"},\"image\":{\"@id\":\"https:\\\/\\\/matis.is\\\/frettir\\\/nidurstodur-sivirkrar-voktunar-a-oaeskilegum-efnum-i-sjavarfangi-ur-audlindinni-2020\\\/#primaryimage\"},\"thumbnailUrl\":\"https:\\\/\\\/matis.is\\\/wp-content\\\/uploads\\\/2021\\\/01\\\/sjor-KristinEdda_IMG_3167-minni.jpg\",\"datePublished\":\"2021-02-02T12:02:00+00:00\",\"dateModified\":\"2021-09-29T13:25:17+00:00\",\"description\":\"N\u00fa liggja fyrir ni\u00f0urst\u00f6\u00f0ur v\u00f6ktunar \u00e1 \u00f3\u00e6skilegum efnum \u00ed \u00e6tum hluta sj\u00e1varfangs fyrir \u00e1ri\u00f0 2020. Kerfisbundin v\u00f6ktun hefur sta\u00f0i\u00f0 yfir, me\u00f0 hl\u00e9um, fr\u00e1 \u00e1rinu 2003 og Mat\u00eds ohf. S\u00e9r um gagnas\u00f6fnun og \u00fatg\u00e1fu \u00e1 sk\u00fdrslum vegna hennar.\",\"breadcrumb\":{\"@id\":\"https:\\\/\\\/matis.is\\\/frettir\\\/nidurstodur-sivirkrar-voktunar-a-oaeskilegum-efnum-i-sjavarfangi-ur-audlindinni-2020\\\/#breadcrumb\"},\"inLanguage\":\"en-GB\",\"potentialAction\":[{\"@type\":\"ReadAction\",\"target\":[\"https:\\\/\\\/matis.is\\\/frettir\\\/nidurstodur-sivirkrar-voktunar-a-oaeskilegum-efnum-i-sjavarfangi-ur-audlindinni-2020\\\/\"]}]},{\"@type\":\"ImageObject\",\"inLanguage\":\"en-GB\",\"@id\":\"https:\\\/\\\/matis.is\\\/frettir\\\/nidurstodur-sivirkrar-voktunar-a-oaeskilegum-efnum-i-sjavarfangi-ur-audlindinni-2020\\\/#primaryimage\",\"url\":\"https:\\\/\\\/matis.is\\\/wp-content\\\/uploads\\\/2021\\\/01\\\/sjor-KristinEdda_IMG_3167-minni.jpg\",\"contentUrl\":\"https:\\\/\\\/matis.is\\\/wp-content\\\/uploads\\\/2021\\\/01\\\/sjor-KristinEdda_IMG_3167-minni.jpg\",\"width\":2449,\"height\":1633},{\"@type\":\"BreadcrumbList\",\"@id\":\"https:\\\/\\\/matis.is\\\/frettir\\\/nidurstodur-sivirkrar-voktunar-a-oaeskilegum-efnum-i-sjavarfangi-ur-audlindinni-2020\\\/#breadcrumb\",\"itemListElement\":[{\"@type\":\"ListItem\",\"position\":1,\"name\":\"Home\",\"item\":\"https:\\\/\\\/matis.is\\\/\"},{\"@type\":\"ListItem\",\"position\":2,\"name\":\"Ni\u00f0urst\u00f6\u00f0ur s\u00edvirkrar v\u00f6ktunar \u00e1 \u00f3\u00e6skilegum efnum \u00ed sj\u00e1varfangi \u00far au\u00f0lindinni 2020\"}]},{\"@type\":\"WebSite\",\"@id\":\"https:\\\/\\\/matis.is\\\/#website\",\"url\":\"https:\\\/\\\/matis.is\\\/\",\"name\":\"Mat\u00eds\",\"description\":\"Ver\u00f0m\u00e6task\u00f6pun, matv\u00e6la\u00f6ryggi og l\u00fd\u00f0heilsa\",\"publisher\":{\"@id\":\"https:\\\/\\\/matis.is\\\/#organization\"},\"potentialAction\":[{\"@type\":\"SearchAction\",\"target\":{\"@type\":\"EntryPoint\",\"urlTemplate\":\"https:\\\/\\\/matis.is\\\/?s={search_term_string}\"},\"query-input\":{\"@type\":\"PropertyValueSpecification\",\"valueRequired\":true,\"valueName\":\"search_term_string\"}}],\"inLanguage\":\"en-GB\"},{\"@type\":\"Organization\",\"@id\":\"https:\\\/\\\/matis.is\\\/#organization\",\"name\":\"Mat\u00eds ohf.\",\"url\":\"https:\\\/\\\/matis.is\\\/\",\"logo\":{\"@type\":\"ImageObject\",\"inLanguage\":\"en-GB\",\"@id\":\"https:\\\/\\\/matis.is\\\/#\\\/schema\\\/logo\\\/image\\\/\",\"url\":\"https:\\\/\\\/matis.is\\\/wp-content\\\/uploads\\\/2021\\\/02\\\/matis_logo_blatthvitt.png\",\"contentUrl\":\"https:\\\/\\\/matis.is\\\/wp-content\\\/uploads\\\/2021\\\/02\\\/matis_logo_blatthvitt.png\",\"width\":1507,\"height\":1507,\"caption\":\"Mat\u00eds ohf.\"},\"image\":{\"@id\":\"https:\\\/\\\/matis.is\\\/#\\\/schema\\\/logo\\\/image\\\/\"},\"sameAs\":[\"https:\\\/\\\/www.facebook.com\\\/matisiceland\",\"https:\\\/\\\/x.com\\\/matisiceland\",\"https:\\\/\\\/www.instagram.com\\\/matisiceland\\\/\",\"https:\\\/\\\/www.linkedin.com\\\/matisiceland\\\/\",\"https:\\\/\\\/www.youtube.com\\\/channel\\\/UCY-frt3uTqgVZW-DLjoo5bA\"]},{\"@type\":\"Person\",\"@id\":\"https:\\\/\\\/matis.is\\\/#\\\/schema\\\/person\\\/d0e7799d2105bdd5b7d0620fb5d77b49\",\"name\":\"\u00cdsey D\u00eds H\u00e1varsd\u00f3ttir\",\"url\":\"https:\\\/\\\/matis.is\\\/en\\\/author\\\/iseymatis-is\\\/\"}]}<\/script>\n<!-- \/ Yoast SEO plugin. -->","yoast_head_json":{"title":"Results of continuous monitoring of undesirable substances in seafood from the resource 2020 - Mat\u00eds","description":"The results of monitoring of undesirable substances in edible parts of seafood for the year 2020 are now available. Systematic monitoring has been going on, intermittently, since 2003 and Mat\u00eds ohf. Responsible for data collection and publication of reports for it.","robots":{"index":"index","follow":"follow","max-snippet":"max-snippet:-1","max-image-preview":"max-image-preview:large","max-video-preview":"max-video-preview:-1"},"canonical":"https:\/\/matis.is\/en\/frettir\/nidurstodur-sivirkrar-voktunar-a-oaeskilegum-efnum-i-sjavarfangi-ur-audlindinni-2020\/","og_locale":"en_GB","og_type":"article","og_title":"Ni\u00f0urst\u00f6\u00f0ur s\u00edvirkrar v\u00f6ktunar \u00e1 \u00f3\u00e6skilegum efnum \u00ed sj\u00e1varfangi \u00far au\u00f0lindinni 2020 - Mat\u00eds","og_description":"N\u00fa liggja fyrir ni\u00f0urst\u00f6\u00f0ur v\u00f6ktunar \u00e1 \u00f3\u00e6skilegum efnum \u00ed \u00e6tum hluta sj\u00e1varfangs fyrir \u00e1ri\u00f0 2020. Kerfisbundin v\u00f6ktun hefur sta\u00f0i\u00f0 yfir, me\u00f0 hl\u00e9um, fr\u00e1 \u00e1rinu 2003 og Mat\u00eds ohf. S\u00e9r um gagnas\u00f6fnun og \u00fatg\u00e1fu \u00e1 sk\u00fdrslum vegna hennar.","og_url":"https:\/\/matis.is\/en\/frettir\/nidurstodur-sivirkrar-voktunar-a-oaeskilegum-efnum-i-sjavarfangi-ur-audlindinni-2020\/","og_site_name":"Mat\u00eds","article_publisher":"https:\/\/www.facebook.com\/matisiceland","article_published_time":"2021-02-02T12:02:00+00:00","article_modified_time":"2021-09-29T13:25:17+00:00","og_image":[{"width":2449,"height":1633,"url":"https:\/\/matis.is\/wp-content\/uploads\/2021\/01\/sjor-KristinEdda_IMG_3167-minni.jpg","type":"image\/jpeg"}],"author":"\u00cdsey D\u00eds H\u00e1varsd\u00f3ttir","twitter_card":"summary_large_image","twitter_creator":"@matisiceland","twitter_site":"@matisiceland","twitter_misc":{"Written by":"\u00cdsey D\u00eds H\u00e1varsd\u00f3ttir","Estimated reading time":"1 minute"},"schema":{"@context":"https:\/\/schema.org","@graph":[{"@type":"Article","@id":"https:\/\/matis.is\/frettir\/nidurstodur-sivirkrar-voktunar-a-oaeskilegum-efnum-i-sjavarfangi-ur-audlindinni-2020\/#article","isPartOf":{"@id":"https:\/\/matis.is\/frettir\/nidurstodur-sivirkrar-voktunar-a-oaeskilegum-efnum-i-sjavarfangi-ur-audlindinni-2020\/"},"author":{"name":"\u00cdsey D\u00eds H\u00e1varsd\u00f3ttir","@id":"https:\/\/matis.is\/#\/schema\/person\/d0e7799d2105bdd5b7d0620fb5d77b49"},"headline":"Ni\u00f0urst\u00f6\u00f0ur s\u00edvirkrar v\u00f6ktunar \u00e1 \u00f3\u00e6skilegum efnum \u00ed sj\u00e1varfangi \u00far au\u00f0lindinni 2020","datePublished":"2021-02-02T12:02:00+00:00","dateModified":"2021-09-29T13:25:17+00:00","mainEntityOfPage":{"@id":"https:\/\/matis.is\/frettir\/nidurstodur-sivirkrar-voktunar-a-oaeskilegum-efnum-i-sjavarfangi-ur-audlindinni-2020\/"},"wordCount":247,"publisher":{"@id":"https:\/\/matis.is\/#organization"},"image":{"@id":"https:\/\/matis.is\/frettir\/nidurstodur-sivirkrar-voktunar-a-oaeskilegum-efnum-i-sjavarfangi-ur-audlindinni-2020\/#primaryimage"},"thumbnailUrl":"https:\/\/matis.is\/wp-content\/uploads\/2021\/01\/sjor-KristinEdda_IMG_3167-minni.jpg","articleSection":["Fr\u00e9ttir"],"inLanguage":"en-GB"},{"@type":"WebPage","@id":"https:\/\/matis.is\/frettir\/nidurstodur-sivirkrar-voktunar-a-oaeskilegum-efnum-i-sjavarfangi-ur-audlindinni-2020\/","url":"https:\/\/matis.is\/frettir\/nidurstodur-sivirkrar-voktunar-a-oaeskilegum-efnum-i-sjavarfangi-ur-audlindinni-2020\/","name":"Results of continuous monitoring of undesirable substances in seafood from the resource 2020 - Mat\u00eds","isPartOf":{"@id":"https:\/\/matis.is\/#website"},"primaryImageOfPage":{"@id":"https:\/\/matis.is\/frettir\/nidurstodur-sivirkrar-voktunar-a-oaeskilegum-efnum-i-sjavarfangi-ur-audlindinni-2020\/#primaryimage"},"image":{"@id":"https:\/\/matis.is\/frettir\/nidurstodur-sivirkrar-voktunar-a-oaeskilegum-efnum-i-sjavarfangi-ur-audlindinni-2020\/#primaryimage"},"thumbnailUrl":"https:\/\/matis.is\/wp-content\/uploads\/2021\/01\/sjor-KristinEdda_IMG_3167-minni.jpg","datePublished":"2021-02-02T12:02:00+00:00","dateModified":"2021-09-29T13:25:17+00:00","description":"The results of monitoring of undesirable substances in edible parts of seafood for the year 2020 are now available. Systematic monitoring has been going on, intermittently, since 2003 and Mat\u00eds ohf. Responsible for data collection and publication of reports for it.","breadcrumb":{"@id":"https:\/\/matis.is\/frettir\/nidurstodur-sivirkrar-voktunar-a-oaeskilegum-efnum-i-sjavarfangi-ur-audlindinni-2020\/#breadcrumb"},"inLanguage":"en-GB","potentialAction":[{"@type":"ReadAction","target":["https:\/\/matis.is\/frettir\/nidurstodur-sivirkrar-voktunar-a-oaeskilegum-efnum-i-sjavarfangi-ur-audlindinni-2020\/"]}]},{"@type":"ImageObject","inLanguage":"en-GB","@id":"https:\/\/matis.is\/frettir\/nidurstodur-sivirkrar-voktunar-a-oaeskilegum-efnum-i-sjavarfangi-ur-audlindinni-2020\/#primaryimage","url":"https:\/\/matis.is\/wp-content\/uploads\/2021\/01\/sjor-KristinEdda_IMG_3167-minni.jpg","contentUrl":"https:\/\/matis.is\/wp-content\/uploads\/2021\/01\/sjor-KristinEdda_IMG_3167-minni.jpg","width":2449,"height":1633},{"@type":"BreadcrumbList","@id":"https:\/\/matis.is\/frettir\/nidurstodur-sivirkrar-voktunar-a-oaeskilegum-efnum-i-sjavarfangi-ur-audlindinni-2020\/#breadcrumb","itemListElement":[{"@type":"ListItem","position":1,"name":"Home","item":"https:\/\/matis.is\/"},{"@type":"ListItem","position":2,"name":"Ni\u00f0urst\u00f6\u00f0ur s\u00edvirkrar v\u00f6ktunar \u00e1 \u00f3\u00e6skilegum efnum \u00ed sj\u00e1varfangi \u00far au\u00f0lindinni 2020"}]},{"@type":"WebSite","@id":"https:\/\/matis.is\/#website","url":"https:\/\/matis.is\/","name":"Mat\u00eds","description":"Value creation, food security and public health","publisher":{"@id":"https:\/\/matis.is\/#organization"},"potentialAction":[{"@type":"SearchAction","target":{"@type":"EntryPoint","urlTemplate":"https:\/\/matis.is\/?s={search_term_string}"},"query-input":{"@type":"PropertyValueSpecification","valueRequired":true,"valueName":"search_term_string"}}],"inLanguage":"en-GB"},{"@type":"Organization","@id":"https:\/\/matis.is\/#organization","name":"Mat\u00eds ohf.","url":"https:\/\/matis.is\/","logo":{"@type":"ImageObject","inLanguage":"en-GB","@id":"https:\/\/matis.is\/#\/schema\/logo\/image\/","url":"https:\/\/matis.is\/wp-content\/uploads\/2021\/02\/matis_logo_blatthvitt.png","contentUrl":"https:\/\/matis.is\/wp-content\/uploads\/2021\/02\/matis_logo_blatthvitt.png","width":1507,"height":1507,"caption":"Mat\u00eds ohf."},"image":{"@id":"https:\/\/matis.is\/#\/schema\/logo\/image\/"},"sameAs":["https:\/\/www.facebook.com\/matisiceland","https:\/\/x.com\/matisiceland","https:\/\/www.instagram.com\/matisiceland\/","https:\/\/www.linkedin.com\/matisiceland\/","https:\/\/www.youtube.com\/channel\/UCY-frt3uTqgVZW-DLjoo5bA"]},{"@type":"Person","@id":"https:\/\/matis.is\/#\/schema\/person\/d0e7799d2105bdd5b7d0620fb5d77b49","name":"\u00cdsey D\u00eds H\u00e1varsd\u00f3ttir","url":"https:\/\/matis.is\/en\/author\/iseymatis-is\/"}]}},"spectra_custom_meta":{"_edit_lock":["1632921918:5"],"_wp_old_date":["2021-02-03"],"_thumbnail_id":["33900"],"_wp_page_template":["templates\/template-cover.php"],"_edit_last":["5"],"tengilidur":["28291"],"_tengilidur":["field_5ef905e0538b2"],"_yoast_wpseo_primary_category":["1973"],"_yoast_wpseo_metadesc":["N\u00fa liggja fyrir ni\u00f0urst\u00f6\u00f0ur v\u00f6ktunar \u00e1 \u00f3\u00e6skilegum efnum \u00ed \u00e6tum hluta sj\u00e1varfangs fyrir \u00e1ri\u00f0 2020. Kerfisbundin v\u00f6ktun hefur sta\u00f0i\u00f0 yfir, me\u00f0 hl\u00e9um, fr\u00e1 \u00e1rinu 2003 og Mat\u00eds ohf. S\u00e9r um gagnas\u00f6fnun og \u00fatg\u00e1fu \u00e1 sk\u00fdrslum vegna hennar."],"_yoast_wpseo_content_score":["90"],"_yoast_wpseo_estimated-reading-time-minutes":["1"],"wpmm_postgrid_views":["483"],"_uag_css_file_name":["uag-css-34813.css"],"_uag_page_assets":["a:9:{s:3:\"css\";s:263:\".uag-blocks-common-selector{z-index:var(--z-index-desktop) !important}@media (max-width: 976px){.uag-blocks-common-selector{z-index:var(--z-index-tablet) !important}}@media (max-width: 767px){.uag-blocks-common-selector{z-index:var(--z-index-mobile) !important}}\n\";s:2:\"js\";s:0:\"\";s:18:\"current_block_list\";a:6:{i:0;s:12:\"core\/heading\";i:1;s:14:\"core\/paragraph\";i:2;s:12:\"core\/buttons\";i:3;s:11:\"core\/button\";i:4;s:12:\"core\/columns\";i:5;s:11:\"core\/column\";}s:8:\"uag_flag\";b:0;s:11:\"uag_version\";s:10:\"1777560172\";s:6:\"gfonts\";a:0:{}s:10:\"gfonts_url\";s:0:\"\";s:12:\"gfonts_files\";a:0:{}s:14:\"uag_faq_layout\";b:0;}"]},"uagb_featured_image_src":{"full":["https:\/\/matis.is\/wp-content\/uploads\/2021\/01\/sjor-KristinEdda_IMG_3167-minni.jpg",2449,1633,false],"thumbnail":["https:\/\/matis.is\/wp-content\/uploads\/2021\/01\/sjor-KristinEdda_IMG_3167-minni-150x150.jpg",150,150,true],"medium":["https:\/\/matis.is\/wp-content\/uploads\/2021\/01\/sjor-KristinEdda_IMG_3167-minni-300x200.jpg",300,200,true],"medium_large":["https:\/\/matis.is\/wp-content\/uploads\/2021\/01\/sjor-KristinEdda_IMG_3167-minni-768x512.jpg",768,512,true],"large":["https:\/\/matis.is\/wp-content\/uploads\/2021\/01\/sjor-KristinEdda_IMG_3167-minni-1024x683.jpg",1024,683,true],"1536x1536":["https:\/\/matis.is\/wp-content\/uploads\/2021\/01\/sjor-KristinEdda_IMG_3167-minni-1536x1024.jpg",1536,1024,true],"2048x2048":["https:\/\/matis.is\/wp-content\/uploads\/2021\/01\/sjor-KristinEdda_IMG_3167-minni-2048x1366.jpg",2048,1366,true],"trp-custom-language-flag":["https:\/\/matis.is\/wp-content\/uploads\/2021\/01\/sjor-KristinEdda_IMG_3167-minni.jpg",18,12,false]},"uagb_author_info":{"display_name":"\u00cdsey D\u00eds H\u00e1varsd\u00f3ttir","author_link":"https:\/\/matis.is\/en\/author\/iseymatis-is\/"},"uagb_comment_info":0,"uagb_excerpt":"N\u00fa liggja fyrir ni\u00f0urst\u00f6\u00f0ur v\u00f6ktunar \u00e1 \u00f3\u00e6skilegum efnum \u00ed&nbsp;\u00e6tum hluta sj\u00e1varfangs fyrir \u00e1ri\u00f0 2020. Kerfisbundin v\u00f6ktun hefur sta\u00f0i\u00f0 yfir, me\u00f0 [&hellip;]","_links":{"self":[{"href":"https:\/\/matis.is\/en\/wp-json\/wp\/v2\/posts\/34813","targetHints":{"allow":["GET"]}}],"collection":[{"href":"https:\/\/matis.is\/en\/wp-json\/wp\/v2\/posts"}],"about":[{"href":"https:\/\/matis.is\/en\/wp-json\/wp\/v2\/types\/post"}],"author":[{"embeddable":true,"href":"https:\/\/matis.is\/en\/wp-json\/wp\/v2\/users\/4"}],"replies":[{"embeddable":true,"href":"https:\/\/matis.is\/en\/wp-json\/wp\/v2\/comments?post=34813"}],"version-history":[{"count":2,"href":"https:\/\/matis.is\/en\/wp-json\/wp\/v2\/posts\/34813\/revisions"}],"predecessor-version":[{"id":44766,"href":"https:\/\/matis.is\/en\/wp-json\/wp\/v2\/posts\/34813\/revisions\/44766"}],"wp:featuredmedia":[{"embeddable":true,"href":"https:\/\/matis.is\/en\/wp-json\/wp\/v2\/media\/33900"}],"wp:attachment":[{"href":"https:\/\/matis.is\/en\/wp-json\/wp\/v2\/media?parent=34813"}],"wp:term":[{"taxonomy":"category","embeddable":true,"href":"https:\/\/matis.is\/en\/wp-json\/wp\/v2\/categories?post=34813"},{"taxonomy":"post_tag","embeddable":true,"href":"https:\/\/matis.is\/en\/wp-json\/wp\/v2\/tags?post=34813"}],"curies":[{"name":"wp","href":"https:\/\/api.w.org\/{rel}","templated":true}]}}