{"id":34925,"date":"2019-09-09T10:40:00","date_gmt":"2019-09-09T10:40:00","guid":{"rendered":"https:\/\/new.matis.is\/?p=34925"},"modified":"2021-06-02T11:25:14","modified_gmt":"2021-06-02T11:25:14","slug":"saltfiskvika-fer-vel-af-stad","status":"publish","type":"post","link":"https:\/\/matis.is\/en\/frettir\/saltfiskvika-fer-vel-af-stad\/","title":{"rendered":"Saltfish Week is off to a good start"},"content":{"rendered":"<h4 class=\"wp-block-heading\">Saltfish Week started last week and it has started well. Thirteen restaurants around the country offer gourmet salted fish dishes, each with its own format.<\/h4>\n\n\n\n<p>There is a long history and tradition for the processing of salted fish in this country, but before that the salt was used primarily to extend the shelf life. Today, however, the salt is used to produce a gourmet product that is very popular in southern Europe and goes by the name bacalao, baccal\u00e1 or bacalhau. Icelandic salted fish is known for its excellent quality and plays an important role in food traditions, not least at Easter and Christmas.&nbsp;<\/p>\n\n\n\n<p><strong>A trip for two to Barcelona to win<\/strong><\/p>\n\n\n\n<p>Everyone who takes part in the Saltfish Week has the opportunity to win a trip for two to Barcelona. All you have to do is order a salted fish dish at one of the restaurants participating in the week, post a photo of the dish on Instagram and post&nbsp;<strong>#saltfiskvika<\/strong>.<\/p>\n\n\n\n<p><a href=\"https:\/\/gamla.matis.is\/media\/baeklingar\/ISS-92461_Saltfiskflyer_IS-6-.pdf\" target=\"_blank\" rel=\"noreferrer noopener\">Here<\/a>\u00a0You can get the main information about the restaurants that take part in Saltfiskvik.<\/p>\n\n\n\n<p>All further information can be found at&nbsp;<a rel=\"noreferrer noopener\" href=\"https:\/\/sjomat.org\/saltfiskvika\/\" target=\"_blank\">saltfiskvika.is<\/a>.<\/p>\n\n\n\n<figure class=\"wp-block-image size-large\"><img loading=\"lazy\" decoding=\"async\" width=\"1024\" height=\"372\" src=\"https:\/\/new.matis.is\/wp-content\/uploads\/2021\/02\/saltfiskvika-1024x372.jpg\" alt=\"\" class=\"wp-image-34927\" srcset=\"https:\/\/matis.is\/wp-content\/uploads\/2021\/02\/saltfiskvika-1024x372.jpg 1024w, https:\/\/matis.is\/wp-content\/uploads\/2021\/02\/saltfiskvika-300x109.jpg 300w, https:\/\/matis.is\/wp-content\/uploads\/2021\/02\/saltfiskvika-768x279.jpg 768w, https:\/\/matis.is\/wp-content\/uploads\/2021\/02\/saltfiskvika.jpg 1100w\" sizes=\"auto, (max-width: 1024px) 100vw, 1024px\" \/><\/figure>","protected":false},"excerpt":{"rendered":"<p>Saltfiskvika h\u00f3fst \u00ed s\u00ed\u00f0ustu viku og hefur h\u00fan fari\u00f0 vel af sta\u00f0. \u00derett\u00e1n veitingasta\u00f0ir \u00ed kringum landi\u00f0 bj\u00f3\u00f0a upp \u00e1 [&hellip;]<\/p>\n","protected":false},"author":4,"featured_media":34927,"comment_status":"closed","ping_status":"closed","sticky":false,"template":"templates\/template-cover.php","format":"standard","meta":{"_acf_changed":false,"_uag_custom_page_level_css":"","site-sidebar-layout":"default","site-content-layout":"","ast-site-content-layout":"default","site-content-style":"default","site-sidebar-style":"default","ast-global-header-display":"","ast-banner-title-visibility":"","ast-main-header-display":"","ast-hfb-above-header-display":"","ast-hfb-below-header-display":"","ast-hfb-mobile-header-display":"","site-post-title":"","ast-breadcrumbs-content":"","ast-featured-img":"","footer-sml-layout":"","ast-disable-related-posts":"","theme-transparent-header-meta":"","adv-header-id-meta":"","stick-header-meta":"","header-above-stick-meta":"","header-main-stick-meta":"","header-below-stick-meta":"","astra-migrate-meta-layouts":"default","ast-page-background-enabled":"default","ast-page-background-meta":{"desktop":{"background-color":"var(--ast-global-color-5)","background-image":"","background-repeat":"repeat","background-position":"center center","background-size":"auto","background-attachment":"scroll","background-type":"","background-media":"","overlay-type":"","overlay-color":"","overlay-opacity":"","overlay-gradient":""},"tablet":{"background-color":"","background-image":"","background-repeat":"repeat","background-position":"center center","background-size":"auto","background-attachment":"scroll","background-type":"","background-media":"","overlay-type":"","overlay-color":"","overlay-opacity":"","overlay-gradient":""},"mobile":{"background-color":"","background-image":"","background-repeat":"repeat","background-position":"center center","background-size":"auto","background-attachment":"scroll","background-type":"","background-media":"","overlay-type":"","overlay-color":"","overlay-opacity":"","overlay-gradient":""}},"ast-content-background-meta":{"desktop":{"background-color":"var(--ast-global-color-4)","background-image":"","background-repeat":"repeat","background-position":"center center","background-size":"auto","background-attachment":"scroll","background-type":"","background-media":"","overlay-type":"","overlay-color":"","overlay-opacity":"","overlay-gradient":""},"tablet":{"background-color":"var(--ast-global-color-4)","background-image":"","background-repeat":"repeat","background-position":"center center","background-size":"auto","background-attachment":"scroll","background-type":"","background-media":"","overlay-type":"","overlay-color":"","overlay-opacity":"","overlay-gradient":""},"mobile":{"background-color":"var(--ast-global-color-4)","background-image":"","background-repeat":"repeat","background-position":"center center","background-size":"auto","background-attachment":"scroll","background-type":"","background-media":"","overlay-type":"","overlay-color":"","overlay-opacity":"","overlay-gradient":""}},"footnotes":""},"categories":[1973],"tags":[],"class_list":["post-34925","post","type-post","status-publish","format-standard","has-post-thumbnail","hentry","category-frettir"],"acf":[],"yoast_head":"<!-- This site is optimized with the Yoast SEO plugin v27.4 - https:\/\/yoast.com\/product\/yoast-seo-wordpress\/ -->\n<title>Saltfiskvika fer vel af sta\u00f0 - Mat\u00eds<\/title>\n<meta name=\"robots\" content=\"index, follow, max-snippet:-1, max-image-preview:large, max-video-preview:-1\" \/>\n<link rel=\"canonical\" href=\"https:\/\/matis.is\/en\/frettir\/saltfiskvika-fer-vel-af-stad\/\" \/>\n<meta property=\"og:locale\" content=\"en_GB\" \/>\n<meta property=\"og:type\" content=\"article\" \/>\n<meta property=\"og:title\" content=\"Saltfiskvika fer vel af sta\u00f0 - Mat\u00eds\" \/>\n<meta property=\"og:description\" content=\"Saltfiskvika h\u00f3fst \u00ed s\u00ed\u00f0ustu viku og hefur h\u00fan fari\u00f0 vel af sta\u00f0. \u00derett\u00e1n veitingasta\u00f0ir \u00ed kringum landi\u00f0 bj\u00f3\u00f0a upp \u00e1 [&hellip;]\" \/>\n<meta property=\"og:url\" content=\"https:\/\/matis.is\/en\/frettir\/saltfiskvika-fer-vel-af-stad\/\" \/>\n<meta property=\"og:site_name\" content=\"Mat\u00eds\" \/>\n<meta property=\"article:publisher\" content=\"https:\/\/www.facebook.com\/matisiceland\" \/>\n<meta property=\"article:published_time\" content=\"2019-09-09T10:40:00+00:00\" \/>\n<meta property=\"article:modified_time\" content=\"2021-06-02T11:25:14+00:00\" \/>\n<meta property=\"og:image\" content=\"https:\/\/matis.is\/wp-content\/uploads\/2021\/02\/saltfiskvika.jpg\" \/>\n\t<meta property=\"og:image:width\" content=\"1100\" \/>\n\t<meta property=\"og:image:height\" content=\"400\" \/>\n\t<meta property=\"og:image:type\" content=\"image\/jpeg\" \/>\n<meta name=\"author\" content=\"\u00cdsey D\u00eds H\u00e1varsd\u00f3ttir\" \/>\n<meta name=\"twitter:card\" content=\"summary_large_image\" \/>\n<meta name=\"twitter:creator\" content=\"@matisiceland\" \/>\n<meta name=\"twitter:site\" content=\"@matisiceland\" \/>\n<meta name=\"twitter:label1\" content=\"Written by\" \/>\n\t<meta name=\"twitter:data1\" content=\"\u00cdsey D\u00eds H\u00e1varsd\u00f3ttir\" \/>\n\t<meta name=\"twitter:label2\" content=\"Estimated reading time\" \/>\n\t<meta name=\"twitter:data2\" content=\"1 minute\" \/>\n<script type=\"application\/ld+json\" class=\"yoast-schema-graph\">{\"@context\":\"https:\\\/\\\/schema.org\",\"@graph\":[{\"@type\":\"Article\",\"@id\":\"https:\\\/\\\/matis.is\\\/en\\\/frettir\\\/saltfiskvika-fer-vel-af-stad\\\/#article\",\"isPartOf\":{\"@id\":\"https:\\\/\\\/matis.is\\\/en\\\/frettir\\\/saltfiskvika-fer-vel-af-stad\\\/\"},\"author\":{\"name\":\"\u00cdsey D\u00eds H\u00e1varsd\u00f3ttir\",\"@id\":\"https:\\\/\\\/matis.is\\\/#\\\/schema\\\/person\\\/d0e7799d2105bdd5b7d0620fb5d77b49\"},\"headline\":\"Saltfiskvika fer vel af sta\u00f0\",\"datePublished\":\"2019-09-09T10:40:00+00:00\",\"dateModified\":\"2021-06-02T11:25:14+00:00\",\"mainEntityOfPage\":{\"@id\":\"https:\\\/\\\/matis.is\\\/en\\\/frettir\\\/saltfiskvika-fer-vel-af-stad\\\/\"},\"wordCount\":208,\"publisher\":{\"@id\":\"https:\\\/\\\/matis.is\\\/#organization\"},\"image\":{\"@id\":\"https:\\\/\\\/matis.is\\\/en\\\/frettir\\\/saltfiskvika-fer-vel-af-stad\\\/#primaryimage\"},\"thumbnailUrl\":\"https:\\\/\\\/matis.is\\\/wp-content\\\/uploads\\\/2021\\\/02\\\/saltfiskvika.jpg\",\"articleSection\":[\"Fr\u00e9ttir\"],\"inLanguage\":\"en-GB\"},{\"@type\":\"WebPage\",\"@id\":\"https:\\\/\\\/matis.is\\\/en\\\/frettir\\\/saltfiskvika-fer-vel-af-stad\\\/\",\"url\":\"https:\\\/\\\/matis.is\\\/en\\\/frettir\\\/saltfiskvika-fer-vel-af-stad\\\/\",\"name\":\"Saltfiskvika fer vel af sta\u00f0 - Mat\u00eds\",\"isPartOf\":{\"@id\":\"https:\\\/\\\/matis.is\\\/#website\"},\"primaryImageOfPage\":{\"@id\":\"https:\\\/\\\/matis.is\\\/en\\\/frettir\\\/saltfiskvika-fer-vel-af-stad\\\/#primaryimage\"},\"image\":{\"@id\":\"https:\\\/\\\/matis.is\\\/en\\\/frettir\\\/saltfiskvika-fer-vel-af-stad\\\/#primaryimage\"},\"thumbnailUrl\":\"https:\\\/\\\/matis.is\\\/wp-content\\\/uploads\\\/2021\\\/02\\\/saltfiskvika.jpg\",\"datePublished\":\"2019-09-09T10:40:00+00:00\",\"dateModified\":\"2021-06-02T11:25:14+00:00\",\"breadcrumb\":{\"@id\":\"https:\\\/\\\/matis.is\\\/en\\\/frettir\\\/saltfiskvika-fer-vel-af-stad\\\/#breadcrumb\"},\"inLanguage\":\"en-GB\",\"potentialAction\":[{\"@type\":\"ReadAction\",\"target\":[\"https:\\\/\\\/matis.is\\\/en\\\/frettir\\\/saltfiskvika-fer-vel-af-stad\\\/\"]}]},{\"@type\":\"ImageObject\",\"inLanguage\":\"en-GB\",\"@id\":\"https:\\\/\\\/matis.is\\\/en\\\/frettir\\\/saltfiskvika-fer-vel-af-stad\\\/#primaryimage\",\"url\":\"https:\\\/\\\/matis.is\\\/wp-content\\\/uploads\\\/2021\\\/02\\\/saltfiskvika.jpg\",\"contentUrl\":\"https:\\\/\\\/matis.is\\\/wp-content\\\/uploads\\\/2021\\\/02\\\/saltfiskvika.jpg\",\"width\":1100,\"height\":400},{\"@type\":\"BreadcrumbList\",\"@id\":\"https:\\\/\\\/matis.is\\\/en\\\/frettir\\\/saltfiskvika-fer-vel-af-stad\\\/#breadcrumb\",\"itemListElement\":[{\"@type\":\"ListItem\",\"position\":1,\"name\":\"Home\",\"item\":\"https:\\\/\\\/matis.is\\\/\"},{\"@type\":\"ListItem\",\"position\":2,\"name\":\"Saltfiskvika fer vel af sta\u00f0\"}]},{\"@type\":\"WebSite\",\"@id\":\"https:\\\/\\\/matis.is\\\/#website\",\"url\":\"https:\\\/\\\/matis.is\\\/\",\"name\":\"Mat\u00eds\",\"description\":\"Ver\u00f0m\u00e6task\u00f6pun, matv\u00e6la\u00f6ryggi og l\u00fd\u00f0heilsa\",\"publisher\":{\"@id\":\"https:\\\/\\\/matis.is\\\/#organization\"},\"potentialAction\":[{\"@type\":\"SearchAction\",\"target\":{\"@type\":\"EntryPoint\",\"urlTemplate\":\"https:\\\/\\\/matis.is\\\/?s={search_term_string}\"},\"query-input\":{\"@type\":\"PropertyValueSpecification\",\"valueRequired\":true,\"valueName\":\"search_term_string\"}}],\"inLanguage\":\"en-GB\"},{\"@type\":\"Organization\",\"@id\":\"https:\\\/\\\/matis.is\\\/#organization\",\"name\":\"Mat\u00eds ohf.\",\"url\":\"https:\\\/\\\/matis.is\\\/\",\"logo\":{\"@type\":\"ImageObject\",\"inLanguage\":\"en-GB\",\"@id\":\"https:\\\/\\\/matis.is\\\/#\\\/schema\\\/logo\\\/image\\\/\",\"url\":\"https:\\\/\\\/matis.is\\\/wp-content\\\/uploads\\\/2021\\\/02\\\/matis_logo_blatthvitt.png\",\"contentUrl\":\"https:\\\/\\\/matis.is\\\/wp-content\\\/uploads\\\/2021\\\/02\\\/matis_logo_blatthvitt.png\",\"width\":1507,\"height\":1507,\"caption\":\"Mat\u00eds ohf.\"},\"image\":{\"@id\":\"https:\\\/\\\/matis.is\\\/#\\\/schema\\\/logo\\\/image\\\/\"},\"sameAs\":[\"https:\\\/\\\/www.facebook.com\\\/matisiceland\",\"https:\\\/\\\/x.com\\\/matisiceland\",\"https:\\\/\\\/www.instagram.com\\\/matisiceland\\\/\",\"https:\\\/\\\/www.linkedin.com\\\/matisiceland\\\/\",\"https:\\\/\\\/www.youtube.com\\\/channel\\\/UCY-frt3uTqgVZW-DLjoo5bA\"]},{\"@type\":\"Person\",\"@id\":\"https:\\\/\\\/matis.is\\\/#\\\/schema\\\/person\\\/d0e7799d2105bdd5b7d0620fb5d77b49\",\"name\":\"\u00cdsey D\u00eds H\u00e1varsd\u00f3ttir\",\"url\":\"https:\\\/\\\/matis.is\\\/en\\\/author\\\/iseymatis-is\\\/\"}]}<\/script>\n<!-- \/ Yoast SEO plugin. -->","yoast_head_json":{"title":"Saltfish Week is off to a good start - Mat\u00eds","robots":{"index":"index","follow":"follow","max-snippet":"max-snippet:-1","max-image-preview":"max-image-preview:large","max-video-preview":"max-video-preview:-1"},"canonical":"https:\/\/matis.is\/en\/frettir\/saltfiskvika-fer-vel-af-stad\/","og_locale":"en_GB","og_type":"article","og_title":"Saltfiskvika fer vel af sta\u00f0 - Mat\u00eds","og_description":"Saltfiskvika h\u00f3fst \u00ed s\u00ed\u00f0ustu viku og hefur h\u00fan fari\u00f0 vel af sta\u00f0. \u00derett\u00e1n veitingasta\u00f0ir \u00ed kringum landi\u00f0 bj\u00f3\u00f0a upp \u00e1 [&hellip;]","og_url":"https:\/\/matis.is\/en\/frettir\/saltfiskvika-fer-vel-af-stad\/","og_site_name":"Mat\u00eds","article_publisher":"https:\/\/www.facebook.com\/matisiceland","article_published_time":"2019-09-09T10:40:00+00:00","article_modified_time":"2021-06-02T11:25:14+00:00","og_image":[{"width":1100,"height":400,"url":"https:\/\/matis.is\/wp-content\/uploads\/2021\/02\/saltfiskvika.jpg","type":"image\/jpeg"}],"author":"\u00cdsey D\u00eds H\u00e1varsd\u00f3ttir","twitter_card":"summary_large_image","twitter_creator":"@matisiceland","twitter_site":"@matisiceland","twitter_misc":{"Written by":"\u00cdsey D\u00eds H\u00e1varsd\u00f3ttir","Estimated reading time":"1 minute"},"schema":{"@context":"https:\/\/schema.org","@graph":[{"@type":"Article","@id":"https:\/\/matis.is\/en\/frettir\/saltfiskvika-fer-vel-af-stad\/#article","isPartOf":{"@id":"https:\/\/matis.is\/en\/frettir\/saltfiskvika-fer-vel-af-stad\/"},"author":{"name":"\u00cdsey D\u00eds H\u00e1varsd\u00f3ttir","@id":"https:\/\/matis.is\/#\/schema\/person\/d0e7799d2105bdd5b7d0620fb5d77b49"},"headline":"Saltfiskvika fer vel af sta\u00f0","datePublished":"2019-09-09T10:40:00+00:00","dateModified":"2021-06-02T11:25:14+00:00","mainEntityOfPage":{"@id":"https:\/\/matis.is\/en\/frettir\/saltfiskvika-fer-vel-af-stad\/"},"wordCount":208,"publisher":{"@id":"https:\/\/matis.is\/#organization"},"image":{"@id":"https:\/\/matis.is\/en\/frettir\/saltfiskvika-fer-vel-af-stad\/#primaryimage"},"thumbnailUrl":"https:\/\/matis.is\/wp-content\/uploads\/2021\/02\/saltfiskvika.jpg","articleSection":["Fr\u00e9ttir"],"inLanguage":"en-GB"},{"@type":"WebPage","@id":"https:\/\/matis.is\/en\/frettir\/saltfiskvika-fer-vel-af-stad\/","url":"https:\/\/matis.is\/en\/frettir\/saltfiskvika-fer-vel-af-stad\/","name":"Saltfish Week is off to a good start - Mat\u00eds","isPartOf":{"@id":"https:\/\/matis.is\/#website"},"primaryImageOfPage":{"@id":"https:\/\/matis.is\/en\/frettir\/saltfiskvika-fer-vel-af-stad\/#primaryimage"},"image":{"@id":"https:\/\/matis.is\/en\/frettir\/saltfiskvika-fer-vel-af-stad\/#primaryimage"},"thumbnailUrl":"https:\/\/matis.is\/wp-content\/uploads\/2021\/02\/saltfiskvika.jpg","datePublished":"2019-09-09T10:40:00+00:00","dateModified":"2021-06-02T11:25:14+00:00","breadcrumb":{"@id":"https:\/\/matis.is\/en\/frettir\/saltfiskvika-fer-vel-af-stad\/#breadcrumb"},"inLanguage":"en-GB","potentialAction":[{"@type":"ReadAction","target":["https:\/\/matis.is\/en\/frettir\/saltfiskvika-fer-vel-af-stad\/"]}]},{"@type":"ImageObject","inLanguage":"en-GB","@id":"https:\/\/matis.is\/en\/frettir\/saltfiskvika-fer-vel-af-stad\/#primaryimage","url":"https:\/\/matis.is\/wp-content\/uploads\/2021\/02\/saltfiskvika.jpg","contentUrl":"https:\/\/matis.is\/wp-content\/uploads\/2021\/02\/saltfiskvika.jpg","width":1100,"height":400},{"@type":"BreadcrumbList","@id":"https:\/\/matis.is\/en\/frettir\/saltfiskvika-fer-vel-af-stad\/#breadcrumb","itemListElement":[{"@type":"ListItem","position":1,"name":"Home","item":"https:\/\/matis.is\/"},{"@type":"ListItem","position":2,"name":"Saltfiskvika fer vel af sta\u00f0"}]},{"@type":"WebSite","@id":"https:\/\/matis.is\/#website","url":"https:\/\/matis.is\/","name":"Mat\u00eds","description":"Value creation, food security and public health","publisher":{"@id":"https:\/\/matis.is\/#organization"},"potentialAction":[{"@type":"SearchAction","target":{"@type":"EntryPoint","urlTemplate":"https:\/\/matis.is\/?s={search_term_string}"},"query-input":{"@type":"PropertyValueSpecification","valueRequired":true,"valueName":"search_term_string"}}],"inLanguage":"en-GB"},{"@type":"Organization","@id":"https:\/\/matis.is\/#organization","name":"Mat\u00eds ohf.","url":"https:\/\/matis.is\/","logo":{"@type":"ImageObject","inLanguage":"en-GB","@id":"https:\/\/matis.is\/#\/schema\/logo\/image\/","url":"https:\/\/matis.is\/wp-content\/uploads\/2021\/02\/matis_logo_blatthvitt.png","contentUrl":"https:\/\/matis.is\/wp-content\/uploads\/2021\/02\/matis_logo_blatthvitt.png","width":1507,"height":1507,"caption":"Mat\u00eds ohf."},"image":{"@id":"https:\/\/matis.is\/#\/schema\/logo\/image\/"},"sameAs":["https:\/\/www.facebook.com\/matisiceland","https:\/\/x.com\/matisiceland","https:\/\/www.instagram.com\/matisiceland\/","https:\/\/www.linkedin.com\/matisiceland\/","https:\/\/www.youtube.com\/channel\/UCY-frt3uTqgVZW-DLjoo5bA"]},{"@type":"Person","@id":"https:\/\/matis.is\/#\/schema\/person\/d0e7799d2105bdd5b7d0620fb5d77b49","name":"\u00cdsey D\u00eds H\u00e1varsd\u00f3ttir","url":"https:\/\/matis.is\/en\/author\/iseymatis-is\/"}]}},"spectra_custom_meta":{"_edit_lock":["1622633037:5"],"_wp_old_date":["2021-02-04"],"_thumbnail_id":["34927"],"_wp_page_template":["templates\/template-cover.php"],"_edit_last":["5"],"tengilidur":["28212"],"_tengilidur":["field_5ef905e0538b2"],"_yoast_wpseo_primary_category":["1973"],"_yoast_wpseo_content_score":["30"],"_yoast_wpseo_estimated-reading-time-minutes":["1"],"wpmm_postgrid_views":["449"],"_uag_css_file_name":["uag-css-34925.css"],"_uag_page_assets":["a:9:{s:3:\"css\";s:263:\".uag-blocks-common-selector{z-index:var(--z-index-desktop) !important}@media (max-width: 976px){.uag-blocks-common-selector{z-index:var(--z-index-tablet) !important}}@media (max-width: 767px){.uag-blocks-common-selector{z-index:var(--z-index-mobile) !important}}\n\";s:2:\"js\";s:0:\"\";s:18:\"current_block_list\";a:7:{i:0;s:12:\"core\/heading\";i:1;s:14:\"core\/paragraph\";i:2;s:10:\"core\/image\";i:3;s:12:\"core\/buttons\";i:4;s:11:\"core\/button\";i:5;s:12:\"core\/columns\";i:6;s:11:\"core\/column\";}s:8:\"uag_flag\";b:0;s:11:\"uag_version\";s:10:\"1777300790\";s:6:\"gfonts\";a:0:{}s:10:\"gfonts_url\";s:0:\"\";s:12:\"gfonts_files\";a:0:{}s:14:\"uag_faq_layout\";b:0;}"]},"uagb_featured_image_src":{"full":["https:\/\/matis.is\/wp-content\/uploads\/2021\/02\/saltfiskvika.jpg",1100,400,false],"thumbnail":["https:\/\/matis.is\/wp-content\/uploads\/2021\/02\/saltfiskvika-150x150.jpg",150,150,true],"medium":["https:\/\/matis.is\/wp-content\/uploads\/2021\/02\/saltfiskvika-300x109.jpg",300,109,true],"medium_large":["https:\/\/matis.is\/wp-content\/uploads\/2021\/02\/saltfiskvika-768x279.jpg",768,279,true],"large":["https:\/\/matis.is\/wp-content\/uploads\/2021\/02\/saltfiskvika-1024x372.jpg",1024,372,true],"1536x1536":["https:\/\/matis.is\/wp-content\/uploads\/2021\/02\/saltfiskvika.jpg",1100,400,false],"2048x2048":["https:\/\/matis.is\/wp-content\/uploads\/2021\/02\/saltfiskvika.jpg",1100,400,false],"trp-custom-language-flag":["https:\/\/matis.is\/wp-content\/uploads\/2021\/02\/saltfiskvika.jpg",18,7,false]},"uagb_author_info":{"display_name":"\u00cdsey D\u00eds H\u00e1varsd\u00f3ttir","author_link":"https:\/\/matis.is\/en\/author\/iseymatis-is\/"},"uagb_comment_info":0,"uagb_excerpt":"Saltfiskvika h\u00f3fst \u00ed s\u00ed\u00f0ustu viku og hefur h\u00fan fari\u00f0 vel af sta\u00f0. \u00derett\u00e1n veitingasta\u00f0ir \u00ed kringum landi\u00f0 bj\u00f3\u00f0a upp \u00e1 [&hellip;]","_links":{"self":[{"href":"https:\/\/matis.is\/en\/wp-json\/wp\/v2\/posts\/34925","targetHints":{"allow":["GET"]}}],"collection":[{"href":"https:\/\/matis.is\/en\/wp-json\/wp\/v2\/posts"}],"about":[{"href":"https:\/\/matis.is\/en\/wp-json\/wp\/v2\/types\/post"}],"author":[{"embeddable":true,"href":"https:\/\/matis.is\/en\/wp-json\/wp\/v2\/users\/4"}],"replies":[{"embeddable":true,"href":"https:\/\/matis.is\/en\/wp-json\/wp\/v2\/comments?post=34925"}],"version-history":[{"count":2,"href":"https:\/\/matis.is\/en\/wp-json\/wp\/v2\/posts\/34925\/revisions"}],"predecessor-version":[{"id":37875,"href":"https:\/\/matis.is\/en\/wp-json\/wp\/v2\/posts\/34925\/revisions\/37875"}],"wp:featuredmedia":[{"embeddable":true,"href":"https:\/\/matis.is\/en\/wp-json\/wp\/v2\/media\/34927"}],"wp:attachment":[{"href":"https:\/\/matis.is\/en\/wp-json\/wp\/v2\/media?parent=34925"}],"wp:term":[{"taxonomy":"category","embeddable":true,"href":"https:\/\/matis.is\/en\/wp-json\/wp\/v2\/categories?post=34925"},{"taxonomy":"post_tag","embeddable":true,"href":"https:\/\/matis.is\/en\/wp-json\/wp\/v2\/tags?post=34925"}],"curies":[{"name":"wp","href":"https:\/\/api.w.org\/{rel}","templated":true}]}}