{"id":38509,"date":"2021-06-07T16:30:06","date_gmt":"2021-06-07T16:30:06","guid":{"rendered":"https:\/\/matis.is\/?p=38509"},"modified":"2021-06-07T16:30:07","modified_gmt":"2021-06-07T16:30:07","slug":"effect-of-rearing-temperatures-on-the-growth-and-maturation-of-arctic-charr-salvelinus-alpinus-during-juvenile-and-on-growing-periods","status":"publish","type":"post","link":"https:\/\/matis.is\/en\/greinar\/effect-of-rearing-temperatures-on-the-growth-and-maturation-of-arctic-charr-salvelinus-alpinus-during-juvenile-and-on-growing-periods\/","title":{"rendered":"Effect of rearing temperatures on the growth and maturation of Arctic charr (Salvelinus alpinus) during juvenile and on-growing periods"},"content":{"rendered":"<p>The effect of rearing temperature on the growth and maturation of Arctic charr (<em>Salvelinus alpinus<\/em>) was investigated. Arctic charr juveniles were reared for 6 months (phase I, October \u2013 April, size range 20\u2013500 g) at constant temperatures of 9, 12 and 15 \u00b0 C and according to two temperature-step groups (<em>T<\/em><sub>step<\/sub>) ie fish transferred from 15 to 12 \u00b0 C or from 12 to 9 \u00b0 C. All the previous treatments were then reared either at 7 \u00b0 C or at 12 \u00b0 C for an additional 4 months (phase II, size range 300\u20131000 g) and then slaughtered in August 2008. The overall growth rate was the highest at a constant temperature of 15 \u00b0 C for the first 6 months of the trial, with the fish in this group being 44% and 78% heavier than the fish reared at a constant temperature of 12 or 9 \u00b0 C respectively. Arctic charr showed a negative response in terms of the growth rate when transferred from higher to lower temperatures, especially for groups previously reared at 15 \u00b0 C. There was a trend for higher gonadosomatic index values at the end of the experiment for groups of fish that were exposed to higher rearing temperatures during the juvenile phase ie 4.18% (\u00b1 0.79) and 7.29% (\u00b1 0.89), for the temperature groups of 12 and 15 \u00b0 C, respectively, compared with 2.49% (\u00b1 0.74) for the 9 \u00b0 C group. Our results suggest that for the production of fish&gt; 1000 g, moderate or low temperatures (here 9 \u00b0 C) should be applied during the juvenile phase in order to reduce the negative effects arising from maturation. Farmers with access to heat sources should accordingly choose more moderate rearing temperatures during the juvenile stage, especially if the fish is to be moved down in the temperature regime during the on-growing period.<\/p>\n\n\n\n<p><strong><a href=\"https:\/\/onlinelibrary.wiley.com\/doi\/abs\/10.1111\/j.1365-2109.2010.02615.x\">Hedges to branch<\/a><\/strong><\/p>","protected":false},"excerpt":{"rendered":"<p>The effect of rearing temperature on the growth and maturation of Arctic charr (Salvelinus alpinus) was investigated. Arctic charr juveniles [&hellip;]<\/p>\n","protected":false},"author":1,"featured_media":0,"comment_status":"closed","ping_status":"closed","sticky":false,"template":"template-greinar.php","format":"standard","meta":{"_acf_changed":false,"_uag_custom_page_level_css":"","site-sidebar-layout":"default","site-content-layout":"","ast-site-content-layout":"default","site-content-style":"default","site-sidebar-style":"default","ast-global-header-display":"","ast-banner-title-visibility":"","ast-main-header-display":"","ast-hfb-above-header-display":"","ast-hfb-below-header-display":"","ast-hfb-mobile-header-display":"","site-post-title":"","ast-breadcrumbs-content":"","ast-featured-img":"","footer-sml-layout":"","ast-disable-related-posts":"","theme-transparent-header-meta":"","adv-header-id-meta":"","stick-header-meta":"","header-above-stick-meta":"","header-main-stick-meta":"","header-below-stick-meta":"","astra-migrate-meta-layouts":"default","ast-page-background-enabled":"default","ast-page-background-meta":{"desktop":{"background-color":"var(--ast-global-color-5)","background-image":"","background-repeat":"repeat","background-position":"center center","background-size":"auto","background-attachment":"scroll","background-type":"","background-media":"","overlay-type":"","overlay-color":"","overlay-opacity":"","overlay-gradient":""},"tablet":{"background-color":"","background-image":"","background-repeat":"repeat","background-position":"center center","background-size":"auto","background-attachment":"scroll","background-type":"","background-media":"","overlay-type":"","overlay-color":"","overlay-opacity":"","overlay-gradient":""},"mobile":{"background-color":"","background-image":"","background-repeat":"repeat","background-position":"center center","background-size":"auto","background-attachment":"scroll","background-type":"","background-media":"","overlay-type":"","overlay-color":"","overlay-opacity":"","overlay-gradient":""}},"ast-content-background-meta":{"desktop":{"background-color":"var(--ast-global-color-4)","background-image":"","background-repeat":"repeat","background-position":"center center","background-size":"auto","background-attachment":"scroll","background-type":"","background-media":"","overlay-type":"","overlay-color":"","overlay-opacity":"","overlay-gradient":""},"tablet":{"background-color":"var(--ast-global-color-4)","background-image":"","background-repeat":"repeat","background-position":"center center","background-size":"auto","background-attachment":"scroll","background-type":"","background-media":"","overlay-type":"","overlay-color":"","overlay-opacity":"","overlay-gradient":""},"mobile":{"background-color":"var(--ast-global-color-4)","background-image":"","background-repeat":"repeat","background-position":"center center","background-size":"auto","background-attachment":"scroll","background-type":"","background-media":"","overlay-type":"","overlay-color":"","overlay-opacity":"","overlay-gradient":""}},"footnotes":""},"categories":[2011],"tags":[],"class_list":["post-38509","post","type-post","status-publish","format-standard","hentry","category-greinar"],"acf":[],"yoast_head":"<!-- This site is optimized with the Yoast SEO plugin v27.4 - https:\/\/yoast.com\/product\/yoast-seo-wordpress\/ -->\n<title>Effect of rearing temperatures on the growth and maturation of Arctic charr (Salvelinus alpinus) during juvenile and on-growing periods - Mat\u00eds<\/title>\n<meta name=\"robots\" content=\"index, follow, max-snippet:-1, max-image-preview:large, max-video-preview:-1\" \/>\n<link rel=\"canonical\" href=\"https:\/\/matis.is\/en\/greinar\/effect-of-rearing-temperatures-on-the-growth-and-maturation-of-arctic-charr-salvelinus-alpinus-during-juvenile-and-on-growing-periods\/\" \/>\n<meta property=\"og:locale\" content=\"en_GB\" \/>\n<meta property=\"og:type\" content=\"article\" \/>\n<meta property=\"og:title\" content=\"Effect of rearing temperatures on the growth and maturation of Arctic charr (Salvelinus alpinus) during juvenile and on-growing periods - Mat\u00eds\" \/>\n<meta property=\"og:description\" content=\"The effect of rearing temperature on the growth and maturation of Arctic charr (Salvelinus alpinus) was investigated. Arctic charr juveniles [&hellip;]\" \/>\n<meta property=\"og:url\" content=\"https:\/\/matis.is\/en\/greinar\/effect-of-rearing-temperatures-on-the-growth-and-maturation-of-arctic-charr-salvelinus-alpinus-during-juvenile-and-on-growing-periods\/\" \/>\n<meta property=\"og:site_name\" content=\"Mat\u00eds\" \/>\n<meta property=\"article:publisher\" content=\"https:\/\/www.facebook.com\/matisiceland\" \/>\n<meta property=\"article:published_time\" content=\"2021-06-07T16:30:06+00:00\" \/>\n<meta property=\"article:modified_time\" content=\"2021-06-07T16:30:07+00:00\" \/>\n<meta name=\"author\" content=\"admin\" \/>\n<meta name=\"twitter:card\" content=\"summary_large_image\" \/>\n<meta name=\"twitter:creator\" content=\"@matisiceland\" \/>\n<meta name=\"twitter:site\" content=\"@matisiceland\" \/>\n<meta name=\"twitter:label1\" content=\"Written by\" \/>\n\t<meta name=\"twitter:data1\" content=\"admin\" \/>\n\t<meta name=\"twitter:label2\" content=\"Estimated reading time\" \/>\n\t<meta name=\"twitter:data2\" content=\"2 minutes\" \/>\n<script type=\"application\/ld+json\" class=\"yoast-schema-graph\">{\"@context\":\"https:\\\/\\\/schema.org\",\"@graph\":[{\"@type\":\"Article\",\"@id\":\"https:\\\/\\\/matis.is\\\/greinar\\\/effect-of-rearing-temperatures-on-the-growth-and-maturation-of-arctic-charr-salvelinus-alpinus-during-juvenile-and-on-growing-periods\\\/#article\",\"isPartOf\":{\"@id\":\"https:\\\/\\\/matis.is\\\/greinar\\\/effect-of-rearing-temperatures-on-the-growth-and-maturation-of-arctic-charr-salvelinus-alpinus-during-juvenile-and-on-growing-periods\\\/\"},\"author\":{\"name\":\"admin\",\"@id\":\"https:\\\/\\\/matis.is\\\/#\\\/schema\\\/person\\\/33b92c850c915c93e67f291e3381a49a\"},\"headline\":\"Effect of rearing temperatures on the growth and maturation of Arctic charr (Salvelinus alpinus) during juvenile and on-growing periods\",\"datePublished\":\"2021-06-07T16:30:06+00:00\",\"dateModified\":\"2021-06-07T16:30:07+00:00\",\"mainEntityOfPage\":{\"@id\":\"https:\\\/\\\/matis.is\\\/greinar\\\/effect-of-rearing-temperatures-on-the-growth-and-maturation-of-arctic-charr-salvelinus-alpinus-during-juvenile-and-on-growing-periods\\\/\"},\"wordCount\":286,\"publisher\":{\"@id\":\"https:\\\/\\\/matis.is\\\/#organization\"},\"articleSection\":[\"Greinar\"],\"inLanguage\":\"en-GB\"},{\"@type\":\"WebPage\",\"@id\":\"https:\\\/\\\/matis.is\\\/greinar\\\/effect-of-rearing-temperatures-on-the-growth-and-maturation-of-arctic-charr-salvelinus-alpinus-during-juvenile-and-on-growing-periods\\\/\",\"url\":\"https:\\\/\\\/matis.is\\\/greinar\\\/effect-of-rearing-temperatures-on-the-growth-and-maturation-of-arctic-charr-salvelinus-alpinus-during-juvenile-and-on-growing-periods\\\/\",\"name\":\"Effect of rearing temperatures on the growth and maturation of Arctic charr (Salvelinus alpinus) during juvenile and on-growing periods - Mat\u00eds\",\"isPartOf\":{\"@id\":\"https:\\\/\\\/matis.is\\\/#website\"},\"datePublished\":\"2021-06-07T16:30:06+00:00\",\"dateModified\":\"2021-06-07T16:30:07+00:00\",\"breadcrumb\":{\"@id\":\"https:\\\/\\\/matis.is\\\/greinar\\\/effect-of-rearing-temperatures-on-the-growth-and-maturation-of-arctic-charr-salvelinus-alpinus-during-juvenile-and-on-growing-periods\\\/#breadcrumb\"},\"inLanguage\":\"en-GB\",\"potentialAction\":[{\"@type\":\"ReadAction\",\"target\":[\"https:\\\/\\\/matis.is\\\/greinar\\\/effect-of-rearing-temperatures-on-the-growth-and-maturation-of-arctic-charr-salvelinus-alpinus-during-juvenile-and-on-growing-periods\\\/\"]}]},{\"@type\":\"BreadcrumbList\",\"@id\":\"https:\\\/\\\/matis.is\\\/greinar\\\/effect-of-rearing-temperatures-on-the-growth-and-maturation-of-arctic-charr-salvelinus-alpinus-during-juvenile-and-on-growing-periods\\\/#breadcrumb\",\"itemListElement\":[{\"@type\":\"ListItem\",\"position\":1,\"name\":\"Home\",\"item\":\"https:\\\/\\\/matis.is\\\/\"},{\"@type\":\"ListItem\",\"position\":2,\"name\":\"Effect of rearing temperatures on the growth and maturation of Arctic charr (Salvelinus alpinus) during juvenile and on-growing periods\"}]},{\"@type\":\"WebSite\",\"@id\":\"https:\\\/\\\/matis.is\\\/#website\",\"url\":\"https:\\\/\\\/matis.is\\\/\",\"name\":\"Mat\u00eds\",\"description\":\"Ver\u00f0m\u00e6task\u00f6pun, matv\u00e6la\u00f6ryggi og l\u00fd\u00f0heilsa\",\"publisher\":{\"@id\":\"https:\\\/\\\/matis.is\\\/#organization\"},\"potentialAction\":[{\"@type\":\"SearchAction\",\"target\":{\"@type\":\"EntryPoint\",\"urlTemplate\":\"https:\\\/\\\/matis.is\\\/?s={search_term_string}\"},\"query-input\":{\"@type\":\"PropertyValueSpecification\",\"valueRequired\":true,\"valueName\":\"search_term_string\"}}],\"inLanguage\":\"en-GB\"},{\"@type\":\"Organization\",\"@id\":\"https:\\\/\\\/matis.is\\\/#organization\",\"name\":\"Mat\u00eds ohf.\",\"url\":\"https:\\\/\\\/matis.is\\\/\",\"logo\":{\"@type\":\"ImageObject\",\"inLanguage\":\"en-GB\",\"@id\":\"https:\\\/\\\/matis.is\\\/#\\\/schema\\\/logo\\\/image\\\/\",\"url\":\"https:\\\/\\\/matis.is\\\/wp-content\\\/uploads\\\/2021\\\/02\\\/matis_logo_blatthvitt.png\",\"contentUrl\":\"https:\\\/\\\/matis.is\\\/wp-content\\\/uploads\\\/2021\\\/02\\\/matis_logo_blatthvitt.png\",\"width\":1507,\"height\":1507,\"caption\":\"Mat\u00eds ohf.\"},\"image\":{\"@id\":\"https:\\\/\\\/matis.is\\\/#\\\/schema\\\/logo\\\/image\\\/\"},\"sameAs\":[\"https:\\\/\\\/www.facebook.com\\\/matisiceland\",\"https:\\\/\\\/x.com\\\/matisiceland\",\"https:\\\/\\\/www.instagram.com\\\/matisiceland\\\/\",\"https:\\\/\\\/www.linkedin.com\\\/matisiceland\\\/\",\"https:\\\/\\\/www.youtube.com\\\/channel\\\/UCY-frt3uTqgVZW-DLjoo5bA\"]},{\"@type\":\"Person\",\"@id\":\"https:\\\/\\\/matis.is\\\/#\\\/schema\\\/person\\\/33b92c850c915c93e67f291e3381a49a\",\"name\":\"admin\",\"sameAs\":[\"https:\\\/\\\/matis.mareframe.eu\"],\"url\":\"https:\\\/\\\/matis.is\\\/en\\\/author\\\/thormodurmatis-is\\\/\"}]}<\/script>\n<!-- \/ Yoast SEO plugin. -->","yoast_head_json":{"title":"Effect of rearing temperatures on the growth and maturation of Arctic charr (Salvelinus alpinus) during juvenile and on-growing periods - Mat\u00eds","robots":{"index":"index","follow":"follow","max-snippet":"max-snippet:-1","max-image-preview":"max-image-preview:large","max-video-preview":"max-video-preview:-1"},"canonical":"https:\/\/matis.is\/en\/greinar\/effect-of-rearing-temperatures-on-the-growth-and-maturation-of-arctic-charr-salvelinus-alpinus-during-juvenile-and-on-growing-periods\/","og_locale":"en_GB","og_type":"article","og_title":"Effect of rearing temperatures on the growth and maturation of Arctic charr (Salvelinus alpinus) during juvenile and on-growing periods - Mat\u00eds","og_description":"The effect of rearing temperature on the growth and maturation of Arctic charr (Salvelinus alpinus) was investigated. Arctic charr juveniles [&hellip;]","og_url":"https:\/\/matis.is\/en\/greinar\/effect-of-rearing-temperatures-on-the-growth-and-maturation-of-arctic-charr-salvelinus-alpinus-during-juvenile-and-on-growing-periods\/","og_site_name":"Mat\u00eds","article_publisher":"https:\/\/www.facebook.com\/matisiceland","article_published_time":"2021-06-07T16:30:06+00:00","article_modified_time":"2021-06-07T16:30:07+00:00","author":"admin","twitter_card":"summary_large_image","twitter_creator":"@matisiceland","twitter_site":"@matisiceland","twitter_misc":{"Written by":"admin","Estimated reading time":"2 minutes"},"schema":{"@context":"https:\/\/schema.org","@graph":[{"@type":"Article","@id":"https:\/\/matis.is\/greinar\/effect-of-rearing-temperatures-on-the-growth-and-maturation-of-arctic-charr-salvelinus-alpinus-during-juvenile-and-on-growing-periods\/#article","isPartOf":{"@id":"https:\/\/matis.is\/greinar\/effect-of-rearing-temperatures-on-the-growth-and-maturation-of-arctic-charr-salvelinus-alpinus-during-juvenile-and-on-growing-periods\/"},"author":{"name":"admin","@id":"https:\/\/matis.is\/#\/schema\/person\/33b92c850c915c93e67f291e3381a49a"},"headline":"Effect of rearing temperatures on the growth and maturation of Arctic charr (Salvelinus alpinus) during juvenile and on-growing periods","datePublished":"2021-06-07T16:30:06+00:00","dateModified":"2021-06-07T16:30:07+00:00","mainEntityOfPage":{"@id":"https:\/\/matis.is\/greinar\/effect-of-rearing-temperatures-on-the-growth-and-maturation-of-arctic-charr-salvelinus-alpinus-during-juvenile-and-on-growing-periods\/"},"wordCount":286,"publisher":{"@id":"https:\/\/matis.is\/#organization"},"articleSection":["Greinar"],"inLanguage":"en-GB"},{"@type":"WebPage","@id":"https:\/\/matis.is\/greinar\/effect-of-rearing-temperatures-on-the-growth-and-maturation-of-arctic-charr-salvelinus-alpinus-during-juvenile-and-on-growing-periods\/","url":"https:\/\/matis.is\/greinar\/effect-of-rearing-temperatures-on-the-growth-and-maturation-of-arctic-charr-salvelinus-alpinus-during-juvenile-and-on-growing-periods\/","name":"Effect of rearing temperatures on the growth and maturation of Arctic charr (Salvelinus alpinus) during juvenile and on-growing periods - Mat\u00eds","isPartOf":{"@id":"https:\/\/matis.is\/#website"},"datePublished":"2021-06-07T16:30:06+00:00","dateModified":"2021-06-07T16:30:07+00:00","breadcrumb":{"@id":"https:\/\/matis.is\/greinar\/effect-of-rearing-temperatures-on-the-growth-and-maturation-of-arctic-charr-salvelinus-alpinus-during-juvenile-and-on-growing-periods\/#breadcrumb"},"inLanguage":"en-GB","potentialAction":[{"@type":"ReadAction","target":["https:\/\/matis.is\/greinar\/effect-of-rearing-temperatures-on-the-growth-and-maturation-of-arctic-charr-salvelinus-alpinus-during-juvenile-and-on-growing-periods\/"]}]},{"@type":"BreadcrumbList","@id":"https:\/\/matis.is\/greinar\/effect-of-rearing-temperatures-on-the-growth-and-maturation-of-arctic-charr-salvelinus-alpinus-during-juvenile-and-on-growing-periods\/#breadcrumb","itemListElement":[{"@type":"ListItem","position":1,"name":"Home","item":"https:\/\/matis.is\/"},{"@type":"ListItem","position":2,"name":"Effect of rearing temperatures on the growth and maturation of Arctic charr (Salvelinus alpinus) during juvenile and on-growing periods"}]},{"@type":"WebSite","@id":"https:\/\/matis.is\/#website","url":"https:\/\/matis.is\/","name":"Mat\u00eds","description":"Value creation, food security and public health","publisher":{"@id":"https:\/\/matis.is\/#organization"},"potentialAction":[{"@type":"SearchAction","target":{"@type":"EntryPoint","urlTemplate":"https:\/\/matis.is\/?s={search_term_string}"},"query-input":{"@type":"PropertyValueSpecification","valueRequired":true,"valueName":"search_term_string"}}],"inLanguage":"en-GB"},{"@type":"Organization","@id":"https:\/\/matis.is\/#organization","name":"Mat\u00eds ohf.","url":"https:\/\/matis.is\/","logo":{"@type":"ImageObject","inLanguage":"en-GB","@id":"https:\/\/matis.is\/#\/schema\/logo\/image\/","url":"https:\/\/matis.is\/wp-content\/uploads\/2021\/02\/matis_logo_blatthvitt.png","contentUrl":"https:\/\/matis.is\/wp-content\/uploads\/2021\/02\/matis_logo_blatthvitt.png","width":1507,"height":1507,"caption":"Mat\u00eds ohf."},"image":{"@id":"https:\/\/matis.is\/#\/schema\/logo\/image\/"},"sameAs":["https:\/\/www.facebook.com\/matisiceland","https:\/\/x.com\/matisiceland","https:\/\/www.instagram.com\/matisiceland\/","https:\/\/www.linkedin.com\/matisiceland\/","https:\/\/www.youtube.com\/channel\/UCY-frt3uTqgVZW-DLjoo5bA"]},{"@type":"Person","@id":"https:\/\/matis.is\/#\/schema\/person\/33b92c850c915c93e67f291e3381a49a","name":"admin","sameAs":["https:\/\/matis.mareframe.eu"],"url":"https:\/\/matis.is\/en\/author\/thormodurmatis-is\/"}]}},"spectra_custom_meta":{"_edit_lock":["1623083552:5"],"_wp_page_template":["template-greinar.php"],"_edit_last":["5"],"_yoast_wpseo_content_score":["30"],"_yoast_wpseo_estimated-reading-time-minutes":["2"],"authors":["Snorri Gunnarsson, Albert K. Imsland,\u00a0J\u00f3n \u00c1rnason, Arn\u00fe\u00f3r G\u00fastavsson, Ing\u00f3lfur Arnarson, J\u00f3n Kjartan J\u00f3nsson, Atle Foss, Sigurd Stefansson and Helgi Thorarensen"],"_authors":["field_60a287218a0ab"],"publication":["Aquaculture"],"_publication":["field_60a287738a0ac"],"edition":["42"],"_edition":["field_60a287918a0ad"],"page":["221-229"],"_page":["field_60a2879f8a0ae"],"year":["2011"],"_year":["field_60a287a58a0af"],"link":[""],"_link":["field_60a287aa8a0b0"],"orcidid":[""],"_orcidid":["field_60a287c28a0b1"],"matis_tengilidur":["a:1:{i:0;s:5:\"28194\";}"],"_matis_tengilidur":["field_60a65b61f4532"],"tengilidur":[""],"_tengilidur":["field_5ef905e0538b2"],"_yoast_wpseo_primary_category":["2011"],"wpmm_postgrid_views":["524"],"_uag_css_file_name":["uag-css-38509.css"],"_uag_page_assets":["a:9:{s:3:\"css\";s:263:\".uag-blocks-common-selector{z-index:var(--z-index-desktop) !important}@media (max-width: 976px){.uag-blocks-common-selector{z-index:var(--z-index-tablet) !important}}@media (max-width: 767px){.uag-blocks-common-selector{z-index:var(--z-index-mobile) !important}}\n\";s:2:\"js\";s:0:\"\";s:18:\"current_block_list\";a:6:{i:0;s:14:\"core\/paragraph\";i:1;s:12:\"core\/buttons\";i:2;s:11:\"core\/button\";i:3;s:12:\"core\/heading\";i:4;s:12:\"core\/columns\";i:5;s:11:\"core\/column\";}s:8:\"uag_flag\";b:0;s:11:\"uag_version\";s:10:\"1777300790\";s:6:\"gfonts\";a:0:{}s:10:\"gfonts_url\";s:0:\"\";s:12:\"gfonts_files\";a:0:{}s:14:\"uag_faq_layout\";b:0;}"]},"uagb_featured_image_src":{"full":false,"thumbnail":false,"medium":false,"medium_large":false,"large":false,"1536x1536":false,"2048x2048":false,"trp-custom-language-flag":false},"uagb_author_info":{"display_name":"admin","author_link":"https:\/\/matis.is\/en\/author\/thormodurmatis-is\/"},"uagb_comment_info":0,"uagb_excerpt":"The effect of rearing temperature on the growth and maturation of Arctic charr (Salvelinus alpinus) was investigated. Arctic charr juveniles [&hellip;]","_links":{"self":[{"href":"https:\/\/matis.is\/en\/wp-json\/wp\/v2\/posts\/38509","targetHints":{"allow":["GET"]}}],"collection":[{"href":"https:\/\/matis.is\/en\/wp-json\/wp\/v2\/posts"}],"about":[{"href":"https:\/\/matis.is\/en\/wp-json\/wp\/v2\/types\/post"}],"author":[{"embeddable":true,"href":"https:\/\/matis.is\/en\/wp-json\/wp\/v2\/users\/1"}],"replies":[{"embeddable":true,"href":"https:\/\/matis.is\/en\/wp-json\/wp\/v2\/comments?post=38509"}],"version-history":[{"count":2,"href":"https:\/\/matis.is\/en\/wp-json\/wp\/v2\/posts\/38509\/revisions"}],"predecessor-version":[{"id":38511,"href":"https:\/\/matis.is\/en\/wp-json\/wp\/v2\/posts\/38509\/revisions\/38511"}],"wp:attachment":[{"href":"https:\/\/matis.is\/en\/wp-json\/wp\/v2\/media?parent=38509"}],"wp:term":[{"taxonomy":"category","embeddable":true,"href":"https:\/\/matis.is\/en\/wp-json\/wp\/v2\/categories?post=38509"},{"taxonomy":"post_tag","embeddable":true,"href":"https:\/\/matis.is\/en\/wp-json\/wp\/v2\/tags?post=38509"}],"curies":[{"name":"wp","href":"https:\/\/api.w.org\/{rel}","templated":true}]}}