{"id":39585,"date":"2021-06-18T14:14:18","date_gmt":"2021-06-18T14:14:18","guid":{"rendered":"https:\/\/matis.is\/?p=39585"},"modified":"2021-09-01T10:43:11","modified_gmt":"2021-09-01T10:43:11","slug":"matis-a-austfjordum","status":"publish","type":"post","link":"https:\/\/matis.is\/en\/frettir\/matis-a-austfjordum\/","title":{"rendered":"Mat\u00eds in the Eastfjords"},"content":{"rendered":"<h4 class=\"wp-block-heading\">Oddur M\u00e1r Gunnarsson, CEO of Mat\u00eds, \u00deorsteinn Sigur\u00f0sson, CEO of the Marine Research Institute and Kristj\u00e1n \u00de\u00f3r J\u00fal\u00edusson, Minister of Fisheries and Agriculture, set out with an escort east to land on 16 June. The reason for the trip was a visit to M\u00falinn in Neskaupsta\u00f0ur. It was decided to make good use of the trip and visit some of the main workplaces in the East Fjords.<\/h4>\n\n\n\n<p>The first place the party visited was Eskja&#039;s new and magnificent pelagic processing plant in Eskifj\u00f6r\u00f0ur. \u00deorstein Kristj\u00e1nsson, CEO of Eskja, led an informative tour with others about the building, which is huge and high-tech. Next was held at Egersund in Iceland, which is also located in Eskifj\u00f6r\u00f0ur. Egersund is a leading company in the field of sales, fishing gear manufacturing and repair of float trawls and seines and the group got to know people in the various jobs.<\/p>\n\n\n\n<div class=\"wp-block-image\"><figure class=\"aligncenter size-large\"><img loading=\"lazy\" decoding=\"async\" width=\"1024\" height=\"768\" src=\"https:\/\/matis.is\/wp-content\/uploads\/matis_aust2-1024x768.png\" alt=\"\" class=\"wp-image-39587\" srcset=\"https:\/\/matis.is\/wp-content\/uploads\/matis_aust2-1024x768.png 1024w, https:\/\/matis.is\/wp-content\/uploads\/matis_aust2-300x225.png 300w, https:\/\/matis.is\/wp-content\/uploads\/matis_aust2-768x576.png 768w, https:\/\/matis.is\/wp-content\/uploads\/matis_aust2.png 1030w\" sizes=\"auto, (max-width: 1024px) 100vw, 1024px\" \/><\/figure><\/div>\n\n\n\n<p>Next, the company Laxar fiskeldi was visited and held out in the fish farms of those located in Rey\u00f0arfj\u00f6r\u00f0ur. The docks were inspected and Jens Gar\u00f0ar Helgason, managing director, along with other staff also offered a cup of coffee outside in a barge which was welcome in the sleet which did not fit well with the date on the calendar. The visit to Eskifj\u00f6r\u00f0ur was crowned with lunch at Randulffssj\u00f3h\u00fas.<\/p>\n\n\n\n<p>In the afternoon we visited Nor\u00f0fj\u00f6r\u00f0ur and visited M\u00falinn, a cooperative house in Neskaupsta\u00f0ur. Many staff gathered in M\u00falan and the group from the south was given a tour of the house, which is all the most magnificent. The Minister addressed the meeting at the beginning and Oddur M\u00e1r and \u00deorsteinn Sigur\u00f0sson did the same. Stef\u00e1n \u00de\u00f3r Eysteinsson finally told about the construction and infrastructure of a new biomass plant that Mat\u00eds is setting up on site in collaboration with S\u00edldarvinnslan.<\/p>\n\n\n\n<p>After the ceremony in M\u00falan, B\u00f6rkur, S\u00edldarvinnslan&#039;s new ship, was inspected. Gunn\u00fe\u00f3r B. Ingvason, CEO of S\u00edldarvinnslan, guided the group around the ship and told about the infrastructure that is one of the most perfect that happens.<\/p>\n\n\n\n<p>The trip was all the most enjoyable and it is clear that the possibilities for collaboration with companies in the Eastfjords are many and varied.<\/p>","protected":false},"excerpt":{"rendered":"<p>Oddur M\u00e1r Gunnarsson, forstj\u00f3ri Mat\u00eds, \u00deorsteinn Sigur\u00f0sson, forstj\u00f3ri Hafranns\u00f3knarstofnunar og Kristj\u00e1n \u00de\u00f3r J\u00fal\u00edusson, Sj\u00e1var\u00fatvegs- og landb\u00fana\u00f0arr\u00e1\u00f0herra, brug\u00f0u s\u00e9r \u00e1samt fylgdarli\u00f0i [&hellip;]<\/p>\n","protected":false},"author":1,"featured_media":39586,"comment_status":"closed","ping_status":"closed","sticky":false,"template":"templates\/template-cover.php","format":"standard","meta":{"_acf_changed":false,"_uag_custom_page_level_css":"","site-sidebar-layout":"default","site-content-layout":"","ast-site-content-layout":"default","site-content-style":"default","site-sidebar-style":"default","ast-global-header-display":"","ast-banner-title-visibility":"","ast-main-header-display":"","ast-hfb-above-header-display":"","ast-hfb-below-header-display":"","ast-hfb-mobile-header-display":"","site-post-title":"","ast-breadcrumbs-content":"","ast-featured-img":"","footer-sml-layout":"","ast-disable-related-posts":"","theme-transparent-header-meta":"","adv-header-id-meta":"","stick-header-meta":"","header-above-stick-meta":"","header-main-stick-meta":"","header-below-stick-meta":"","astra-migrate-meta-layouts":"default","ast-page-background-enabled":"default","ast-page-background-meta":{"desktop":{"background-color":"var(--ast-global-color-5)","background-image":"","background-repeat":"repeat","background-position":"center center","background-size":"auto","background-attachment":"scroll","background-type":"","background-media":"","overlay-type":"","overlay-color":"","overlay-opacity":"","overlay-gradient":""},"tablet":{"background-color":"","background-image":"","background-repeat":"repeat","background-position":"center center","background-size":"auto","background-attachment":"scroll","background-type":"","background-media":"","overlay-type":"","overlay-color":"","overlay-opacity":"","overlay-gradient":""},"mobile":{"background-color":"","background-image":"","background-repeat":"repeat","background-position":"center center","background-size":"auto","background-attachment":"scroll","background-type":"","background-media":"","overlay-type":"","overlay-color":"","overlay-opacity":"","overlay-gradient":""}},"ast-content-background-meta":{"desktop":{"background-color":"var(--ast-global-color-4)","background-image":"","background-repeat":"repeat","background-position":"center center","background-size":"auto","background-attachment":"scroll","background-type":"","background-media":"","overlay-type":"","overlay-color":"","overlay-opacity":"","overlay-gradient":""},"tablet":{"background-color":"var(--ast-global-color-4)","background-image":"","background-repeat":"repeat","background-position":"center center","background-size":"auto","background-attachment":"scroll","background-type":"","background-media":"","overlay-type":"","overlay-color":"","overlay-opacity":"","overlay-gradient":""},"mobile":{"background-color":"var(--ast-global-color-4)","background-image":"","background-repeat":"repeat","background-position":"center center","background-size":"auto","background-attachment":"scroll","background-type":"","background-media":"","overlay-type":"","overlay-color":"","overlay-opacity":"","overlay-gradient":""}},"footnotes":""},"categories":[1973],"tags":[],"class_list":["post-39585","post","type-post","status-publish","format-standard","has-post-thumbnail","hentry","category-frettir"],"acf":[],"yoast_head":"<!-- This site is optimized with the Yoast SEO plugin v27.4 - https:\/\/yoast.com\/product\/yoast-seo-wordpress\/ -->\n<title>Mat\u00eds \u00e1 Austfj\u00f6r\u00f0um - Mat\u00eds<\/title>\n<meta name=\"description\" content=\"Oddur M\u00e1r Gunnarsson, forstj\u00f3ri Mat\u00eds, \u00deorsteinn Sigur\u00f0sson, forstj\u00f3ri Hafranns\u00f3knarstofnunar og Kristj\u00e1n \u00de\u00f3r J\u00fal\u00edusson, Sj\u00e1var\u00fatvegs- og landb\u00fana\u00f0arr\u00e1\u00f0herra, brug\u00f0u s\u00e9r \u00e1samt fylgdarli\u00f0i austur \u00e1 land \u00feann 16. J\u00fan\u00ed s\u00ed\u00f0astli\u00f0inn. Tilefni fer\u00f0arinnar var heims\u00f3kn \u00ed M\u00falann \u00ed Neskaupsta\u00f0. \u00c1kve\u00f0i\u00f0 var a\u00f0 n\u00fdta fer\u00f0ina vel og heims\u00e6kja nokkra af helstu vinnust\u00f6\u00f0um Austfjar\u00f0a.\" \/>\n<meta name=\"robots\" content=\"index, follow, max-snippet:-1, max-image-preview:large, max-video-preview:-1\" \/>\n<link rel=\"canonical\" href=\"https:\/\/matis.is\/en\/frettir\/matis-a-austfjordum\/\" \/>\n<meta property=\"og:locale\" content=\"en_GB\" \/>\n<meta property=\"og:type\" content=\"article\" \/>\n<meta property=\"og:title\" content=\"Mat\u00eds \u00e1 Austfj\u00f6r\u00f0um - Mat\u00eds\" \/>\n<meta property=\"og:description\" content=\"Oddur M\u00e1r Gunnarsson, forstj\u00f3ri Mat\u00eds, \u00deorsteinn Sigur\u00f0sson, forstj\u00f3ri Hafranns\u00f3knarstofnunar og Kristj\u00e1n \u00de\u00f3r J\u00fal\u00edusson, Sj\u00e1var\u00fatvegs- og landb\u00fana\u00f0arr\u00e1\u00f0herra, brug\u00f0u s\u00e9r \u00e1samt fylgdarli\u00f0i austur \u00e1 land \u00feann 16. J\u00fan\u00ed s\u00ed\u00f0astli\u00f0inn. Tilefni fer\u00f0arinnar var heims\u00f3kn \u00ed M\u00falann \u00ed Neskaupsta\u00f0. \u00c1kve\u00f0i\u00f0 var a\u00f0 n\u00fdta fer\u00f0ina vel og heims\u00e6kja nokkra af helstu vinnust\u00f6\u00f0um Austfjar\u00f0a.\" \/>\n<meta property=\"og:url\" content=\"https:\/\/matis.is\/en\/frettir\/matis-a-austfjordum\/\" \/>\n<meta property=\"og:site_name\" content=\"Mat\u00eds\" \/>\n<meta property=\"article:publisher\" content=\"https:\/\/www.facebook.com\/matisiceland\" \/>\n<meta property=\"article:published_time\" content=\"2021-06-18T14:14:18+00:00\" \/>\n<meta property=\"article:modified_time\" content=\"2021-09-01T10:43:11+00:00\" \/>\n<meta property=\"og:image\" content=\"https:\/\/matis.is\/wp-content\/uploads\/matis_aust.png\" \/>\n\t<meta property=\"og:image:width\" content=\"888\" \/>\n\t<meta property=\"og:image:height\" content=\"666\" \/>\n\t<meta property=\"og:image:type\" content=\"image\/png\" \/>\n<meta name=\"author\" content=\"admin\" \/>\n<meta name=\"twitter:card\" content=\"summary_large_image\" \/>\n<meta name=\"twitter:creator\" content=\"@matisiceland\" \/>\n<meta name=\"twitter:site\" content=\"@matisiceland\" \/>\n<meta name=\"twitter:label1\" content=\"Written by\" \/>\n\t<meta name=\"twitter:data1\" content=\"admin\" \/>\n\t<meta name=\"twitter:label2\" content=\"Estimated reading time\" \/>\n\t<meta name=\"twitter:data2\" content=\"2 minutes\" \/>\n<script type=\"application\/ld+json\" class=\"yoast-schema-graph\">{\"@context\":\"https:\\\/\\\/schema.org\",\"@graph\":[{\"@type\":\"Article\",\"@id\":\"https:\\\/\\\/matis.is\\\/frettir\\\/matis-a-austfjordum\\\/#article\",\"isPartOf\":{\"@id\":\"https:\\\/\\\/matis.is\\\/frettir\\\/matis-a-austfjordum\\\/\"},\"author\":{\"name\":\"admin\",\"@id\":\"https:\\\/\\\/matis.is\\\/#\\\/schema\\\/person\\\/33b92c850c915c93e67f291e3381a49a\"},\"headline\":\"Mat\u00eds \u00e1 Austfj\u00f6r\u00f0um\",\"datePublished\":\"2021-06-18T14:14:18+00:00\",\"dateModified\":\"2021-09-01T10:43:11+00:00\",\"mainEntityOfPage\":{\"@id\":\"https:\\\/\\\/matis.is\\\/frettir\\\/matis-a-austfjordum\\\/\"},\"wordCount\":412,\"publisher\":{\"@id\":\"https:\\\/\\\/matis.is\\\/#organization\"},\"image\":{\"@id\":\"https:\\\/\\\/matis.is\\\/frettir\\\/matis-a-austfjordum\\\/#primaryimage\"},\"thumbnailUrl\":\"https:\\\/\\\/matis.is\\\/wp-content\\\/uploads\\\/matis_aust.png\",\"articleSection\":[\"Fr\u00e9ttir\"],\"inLanguage\":\"en-GB\"},{\"@type\":\"WebPage\",\"@id\":\"https:\\\/\\\/matis.is\\\/frettir\\\/matis-a-austfjordum\\\/\",\"url\":\"https:\\\/\\\/matis.is\\\/frettir\\\/matis-a-austfjordum\\\/\",\"name\":\"Mat\u00eds \u00e1 Austfj\u00f6r\u00f0um - Mat\u00eds\",\"isPartOf\":{\"@id\":\"https:\\\/\\\/matis.is\\\/#website\"},\"primaryImageOfPage\":{\"@id\":\"https:\\\/\\\/matis.is\\\/frettir\\\/matis-a-austfjordum\\\/#primaryimage\"},\"image\":{\"@id\":\"https:\\\/\\\/matis.is\\\/frettir\\\/matis-a-austfjordum\\\/#primaryimage\"},\"thumbnailUrl\":\"https:\\\/\\\/matis.is\\\/wp-content\\\/uploads\\\/matis_aust.png\",\"datePublished\":\"2021-06-18T14:14:18+00:00\",\"dateModified\":\"2021-09-01T10:43:11+00:00\",\"description\":\"Oddur M\u00e1r Gunnarsson, forstj\u00f3ri Mat\u00eds, \u00deorsteinn Sigur\u00f0sson, forstj\u00f3ri Hafranns\u00f3knarstofnunar og Kristj\u00e1n \u00de\u00f3r J\u00fal\u00edusson, Sj\u00e1var\u00fatvegs- og landb\u00fana\u00f0arr\u00e1\u00f0herra, brug\u00f0u s\u00e9r \u00e1samt fylgdarli\u00f0i austur \u00e1 land \u00feann 16. J\u00fan\u00ed s\u00ed\u00f0astli\u00f0inn. Tilefni fer\u00f0arinnar var heims\u00f3kn \u00ed M\u00falann \u00ed Neskaupsta\u00f0. \u00c1kve\u00f0i\u00f0 var a\u00f0 n\u00fdta fer\u00f0ina vel og heims\u00e6kja nokkra af helstu vinnust\u00f6\u00f0um Austfjar\u00f0a.\",\"breadcrumb\":{\"@id\":\"https:\\\/\\\/matis.is\\\/frettir\\\/matis-a-austfjordum\\\/#breadcrumb\"},\"inLanguage\":\"en-GB\",\"potentialAction\":[{\"@type\":\"ReadAction\",\"target\":[\"https:\\\/\\\/matis.is\\\/frettir\\\/matis-a-austfjordum\\\/\"]}]},{\"@type\":\"ImageObject\",\"inLanguage\":\"en-GB\",\"@id\":\"https:\\\/\\\/matis.is\\\/frettir\\\/matis-a-austfjordum\\\/#primaryimage\",\"url\":\"https:\\\/\\\/matis.is\\\/wp-content\\\/uploads\\\/matis_aust.png\",\"contentUrl\":\"https:\\\/\\\/matis.is\\\/wp-content\\\/uploads\\\/matis_aust.png\",\"width\":888,\"height\":666},{\"@type\":\"BreadcrumbList\",\"@id\":\"https:\\\/\\\/matis.is\\\/frettir\\\/matis-a-austfjordum\\\/#breadcrumb\",\"itemListElement\":[{\"@type\":\"ListItem\",\"position\":1,\"name\":\"Home\",\"item\":\"https:\\\/\\\/matis.is\\\/\"},{\"@type\":\"ListItem\",\"position\":2,\"name\":\"Mat\u00eds \u00e1 Austfj\u00f6r\u00f0um\"}]},{\"@type\":\"WebSite\",\"@id\":\"https:\\\/\\\/matis.is\\\/#website\",\"url\":\"https:\\\/\\\/matis.is\\\/\",\"name\":\"Mat\u00eds\",\"description\":\"Ver\u00f0m\u00e6task\u00f6pun, matv\u00e6la\u00f6ryggi og l\u00fd\u00f0heilsa\",\"publisher\":{\"@id\":\"https:\\\/\\\/matis.is\\\/#organization\"},\"potentialAction\":[{\"@type\":\"SearchAction\",\"target\":{\"@type\":\"EntryPoint\",\"urlTemplate\":\"https:\\\/\\\/matis.is\\\/?s={search_term_string}\"},\"query-input\":{\"@type\":\"PropertyValueSpecification\",\"valueRequired\":true,\"valueName\":\"search_term_string\"}}],\"inLanguage\":\"en-GB\"},{\"@type\":\"Organization\",\"@id\":\"https:\\\/\\\/matis.is\\\/#organization\",\"name\":\"Mat\u00eds ohf.\",\"url\":\"https:\\\/\\\/matis.is\\\/\",\"logo\":{\"@type\":\"ImageObject\",\"inLanguage\":\"en-GB\",\"@id\":\"https:\\\/\\\/matis.is\\\/#\\\/schema\\\/logo\\\/image\\\/\",\"url\":\"https:\\\/\\\/matis.is\\\/wp-content\\\/uploads\\\/2021\\\/02\\\/matis_logo_blatthvitt.png\",\"contentUrl\":\"https:\\\/\\\/matis.is\\\/wp-content\\\/uploads\\\/2021\\\/02\\\/matis_logo_blatthvitt.png\",\"width\":1507,\"height\":1507,\"caption\":\"Mat\u00eds ohf.\"},\"image\":{\"@id\":\"https:\\\/\\\/matis.is\\\/#\\\/schema\\\/logo\\\/image\\\/\"},\"sameAs\":[\"https:\\\/\\\/www.facebook.com\\\/matisiceland\",\"https:\\\/\\\/x.com\\\/matisiceland\",\"https:\\\/\\\/www.instagram.com\\\/matisiceland\\\/\",\"https:\\\/\\\/www.linkedin.com\\\/matisiceland\\\/\",\"https:\\\/\\\/www.youtube.com\\\/channel\\\/UCY-frt3uTqgVZW-DLjoo5bA\"]},{\"@type\":\"Person\",\"@id\":\"https:\\\/\\\/matis.is\\\/#\\\/schema\\\/person\\\/33b92c850c915c93e67f291e3381a49a\",\"name\":\"admin\",\"sameAs\":[\"https:\\\/\\\/matis.mareframe.eu\"],\"url\":\"https:\\\/\\\/matis.is\\\/en\\\/author\\\/thormodurmatis-is\\\/\"}]}<\/script>\n<!-- \/ Yoast SEO plugin. -->","yoast_head_json":{"title":"Mat\u00eds in the Eastfjords - Mat\u00eds","description":"Oddur M\u00e1r Gunnarsson, CEO of Mat\u00eds, \u00deorsteinn Sigur\u00f0sson, CEO of the Marine Research Institute and Kristj\u00e1n \u00de\u00f3r J\u00fal\u00edusson, Minister of Fisheries and Agriculture, set out with an escort east to land on 16 June. The reason for the trip was a visit to M\u00falinn in Neskaupsta\u00f0ur. It was decided to make good use of the trip and visit some of the main workplaces in the East Fjords.","robots":{"index":"index","follow":"follow","max-snippet":"max-snippet:-1","max-image-preview":"max-image-preview:large","max-video-preview":"max-video-preview:-1"},"canonical":"https:\/\/matis.is\/en\/frettir\/matis-a-austfjordum\/","og_locale":"en_GB","og_type":"article","og_title":"Mat\u00eds \u00e1 Austfj\u00f6r\u00f0um - Mat\u00eds","og_description":"Oddur M\u00e1r Gunnarsson, forstj\u00f3ri Mat\u00eds, \u00deorsteinn Sigur\u00f0sson, forstj\u00f3ri Hafranns\u00f3knarstofnunar og Kristj\u00e1n \u00de\u00f3r J\u00fal\u00edusson, Sj\u00e1var\u00fatvegs- og landb\u00fana\u00f0arr\u00e1\u00f0herra, brug\u00f0u s\u00e9r \u00e1samt fylgdarli\u00f0i austur \u00e1 land \u00feann 16. J\u00fan\u00ed s\u00ed\u00f0astli\u00f0inn. Tilefni fer\u00f0arinnar var heims\u00f3kn \u00ed M\u00falann \u00ed Neskaupsta\u00f0. \u00c1kve\u00f0i\u00f0 var a\u00f0 n\u00fdta fer\u00f0ina vel og heims\u00e6kja nokkra af helstu vinnust\u00f6\u00f0um Austfjar\u00f0a.","og_url":"https:\/\/matis.is\/en\/frettir\/matis-a-austfjordum\/","og_site_name":"Mat\u00eds","article_publisher":"https:\/\/www.facebook.com\/matisiceland","article_published_time":"2021-06-18T14:14:18+00:00","article_modified_time":"2021-09-01T10:43:11+00:00","og_image":[{"width":888,"height":666,"url":"https:\/\/matis.is\/wp-content\/uploads\/matis_aust.png","type":"image\/png"}],"author":"admin","twitter_card":"summary_large_image","twitter_creator":"@matisiceland","twitter_site":"@matisiceland","twitter_misc":{"Written by":"admin","Estimated reading time":"2 minutes"},"schema":{"@context":"https:\/\/schema.org","@graph":[{"@type":"Article","@id":"https:\/\/matis.is\/frettir\/matis-a-austfjordum\/#article","isPartOf":{"@id":"https:\/\/matis.is\/frettir\/matis-a-austfjordum\/"},"author":{"name":"admin","@id":"https:\/\/matis.is\/#\/schema\/person\/33b92c850c915c93e67f291e3381a49a"},"headline":"Mat\u00eds \u00e1 Austfj\u00f6r\u00f0um","datePublished":"2021-06-18T14:14:18+00:00","dateModified":"2021-09-01T10:43:11+00:00","mainEntityOfPage":{"@id":"https:\/\/matis.is\/frettir\/matis-a-austfjordum\/"},"wordCount":412,"publisher":{"@id":"https:\/\/matis.is\/#organization"},"image":{"@id":"https:\/\/matis.is\/frettir\/matis-a-austfjordum\/#primaryimage"},"thumbnailUrl":"https:\/\/matis.is\/wp-content\/uploads\/matis_aust.png","articleSection":["Fr\u00e9ttir"],"inLanguage":"en-GB"},{"@type":"WebPage","@id":"https:\/\/matis.is\/frettir\/matis-a-austfjordum\/","url":"https:\/\/matis.is\/frettir\/matis-a-austfjordum\/","name":"Mat\u00eds in the Eastfjords - Mat\u00eds","isPartOf":{"@id":"https:\/\/matis.is\/#website"},"primaryImageOfPage":{"@id":"https:\/\/matis.is\/frettir\/matis-a-austfjordum\/#primaryimage"},"image":{"@id":"https:\/\/matis.is\/frettir\/matis-a-austfjordum\/#primaryimage"},"thumbnailUrl":"https:\/\/matis.is\/wp-content\/uploads\/matis_aust.png","datePublished":"2021-06-18T14:14:18+00:00","dateModified":"2021-09-01T10:43:11+00:00","description":"Oddur M\u00e1r Gunnarsson, CEO of Mat\u00eds, \u00deorsteinn Sigur\u00f0sson, CEO of the Marine Research Institute and Kristj\u00e1n \u00de\u00f3r J\u00fal\u00edusson, Minister of Fisheries and Agriculture, set out with an escort east to land on 16 June. The reason for the trip was a visit to M\u00falinn in Neskaupsta\u00f0ur. It was decided to make good use of the trip and visit some of the main workplaces in the East Fjords.","breadcrumb":{"@id":"https:\/\/matis.is\/frettir\/matis-a-austfjordum\/#breadcrumb"},"inLanguage":"en-GB","potentialAction":[{"@type":"ReadAction","target":["https:\/\/matis.is\/frettir\/matis-a-austfjordum\/"]}]},{"@type":"ImageObject","inLanguage":"en-GB","@id":"https:\/\/matis.is\/frettir\/matis-a-austfjordum\/#primaryimage","url":"https:\/\/matis.is\/wp-content\/uploads\/matis_aust.png","contentUrl":"https:\/\/matis.is\/wp-content\/uploads\/matis_aust.png","width":888,"height":666},{"@type":"BreadcrumbList","@id":"https:\/\/matis.is\/frettir\/matis-a-austfjordum\/#breadcrumb","itemListElement":[{"@type":"ListItem","position":1,"name":"Home","item":"https:\/\/matis.is\/"},{"@type":"ListItem","position":2,"name":"Mat\u00eds \u00e1 Austfj\u00f6r\u00f0um"}]},{"@type":"WebSite","@id":"https:\/\/matis.is\/#website","url":"https:\/\/matis.is\/","name":"Mat\u00eds","description":"Value creation, food security and public health","publisher":{"@id":"https:\/\/matis.is\/#organization"},"potentialAction":[{"@type":"SearchAction","target":{"@type":"EntryPoint","urlTemplate":"https:\/\/matis.is\/?s={search_term_string}"},"query-input":{"@type":"PropertyValueSpecification","valueRequired":true,"valueName":"search_term_string"}}],"inLanguage":"en-GB"},{"@type":"Organization","@id":"https:\/\/matis.is\/#organization","name":"Mat\u00eds ohf.","url":"https:\/\/matis.is\/","logo":{"@type":"ImageObject","inLanguage":"en-GB","@id":"https:\/\/matis.is\/#\/schema\/logo\/image\/","url":"https:\/\/matis.is\/wp-content\/uploads\/2021\/02\/matis_logo_blatthvitt.png","contentUrl":"https:\/\/matis.is\/wp-content\/uploads\/2021\/02\/matis_logo_blatthvitt.png","width":1507,"height":1507,"caption":"Mat\u00eds ohf."},"image":{"@id":"https:\/\/matis.is\/#\/schema\/logo\/image\/"},"sameAs":["https:\/\/www.facebook.com\/matisiceland","https:\/\/x.com\/matisiceland","https:\/\/www.instagram.com\/matisiceland\/","https:\/\/www.linkedin.com\/matisiceland\/","https:\/\/www.youtube.com\/channel\/UCY-frt3uTqgVZW-DLjoo5bA"]},{"@type":"Person","@id":"https:\/\/matis.is\/#\/schema\/person\/33b92c850c915c93e67f291e3381a49a","name":"admin","sameAs":["https:\/\/matis.mareframe.eu"],"url":"https:\/\/matis.is\/en\/author\/thormodurmatis-is\/"}]}},"spectra_custom_meta":{"_edit_lock":["1630492991:5"],"_thumbnail_id":["39586"],"_wp_page_template":["templates\/template-cover.php"],"_edit_last":["5"],"tengilidur":[""],"_tengilidur":["field_5ef905e0538b2"],"_yoast_wpseo_primary_category":["1973"],"_yoast_wpseo_content_score":["60"],"_yoast_wpseo_estimated-reading-time-minutes":["2"],"_yoast_wpseo_metadesc":["Oddur M\u00e1r Gunnarsson, forstj\u00f3ri Mat\u00eds, \u00deorsteinn Sigur\u00f0sson, forstj\u00f3ri Hafranns\u00f3knarstofnunar og Kristj\u00e1n \u00de\u00f3r J\u00fal\u00edusson, Sj\u00e1var\u00fatvegs- og landb\u00fana\u00f0arr\u00e1\u00f0herra, brug\u00f0u s\u00e9r \u00e1samt fylgdarli\u00f0i austur \u00e1 land \u00feann 16. J\u00fan\u00ed s\u00ed\u00f0astli\u00f0inn. Tilefni fer\u00f0arinnar var heims\u00f3kn \u00ed M\u00falann \u00ed Neskaupsta\u00f0. \u00c1kve\u00f0i\u00f0 var a\u00f0 n\u00fdta fer\u00f0ina vel og heims\u00e6kja nokkra af helstu vinnust\u00f6\u00f0um Austfjar\u00f0a."],"wpmm_postgrid_views":["589"],"_uag_css_file_name":["uag-css-39585.css"],"_uag_page_assets":["a:9:{s:3:\"css\";s:263:\".uag-blocks-common-selector{z-index:var(--z-index-desktop) !important}@media (max-width: 976px){.uag-blocks-common-selector{z-index:var(--z-index-tablet) !important}}@media (max-width: 767px){.uag-blocks-common-selector{z-index:var(--z-index-mobile) !important}}\n\";s:2:\"js\";s:0:\"\";s:18:\"current_block_list\";a:7:{i:0;s:12:\"core\/heading\";i:1;s:14:\"core\/paragraph\";i:2;s:10:\"core\/image\";i:3;s:12:\"core\/buttons\";i:4;s:11:\"core\/button\";i:5;s:12:\"core\/columns\";i:6;s:11:\"core\/column\";}s:8:\"uag_flag\";b:0;s:11:\"uag_version\";s:10:\"1777300790\";s:6:\"gfonts\";a:0:{}s:10:\"gfonts_url\";s:0:\"\";s:12:\"gfonts_files\";a:0:{}s:14:\"uag_faq_layout\";b:0;}"]},"uagb_featured_image_src":{"full":["https:\/\/matis.is\/wp-content\/uploads\/matis_aust.png",888,666,false],"thumbnail":["https:\/\/matis.is\/wp-content\/uploads\/matis_aust-150x150.png",150,150,true],"medium":["https:\/\/matis.is\/wp-content\/uploads\/matis_aust-300x225.png",300,225,true],"medium_large":["https:\/\/matis.is\/wp-content\/uploads\/matis_aust-768x576.png",768,576,true],"large":["https:\/\/matis.is\/wp-content\/uploads\/matis_aust.png",888,666,false],"1536x1536":["https:\/\/matis.is\/wp-content\/uploads\/matis_aust.png",888,666,false],"2048x2048":["https:\/\/matis.is\/wp-content\/uploads\/matis_aust.png",888,666,false],"trp-custom-language-flag":["https:\/\/matis.is\/wp-content\/uploads\/matis_aust.png",16,12,false]},"uagb_author_info":{"display_name":"admin","author_link":"https:\/\/matis.is\/en\/author\/thormodurmatis-is\/"},"uagb_comment_info":0,"uagb_excerpt":"Oddur M\u00e1r Gunnarsson, forstj\u00f3ri Mat\u00eds, \u00deorsteinn Sigur\u00f0sson, forstj\u00f3ri Hafranns\u00f3knarstofnunar og Kristj\u00e1n \u00de\u00f3r J\u00fal\u00edusson, Sj\u00e1var\u00fatvegs- og landb\u00fana\u00f0arr\u00e1\u00f0herra, brug\u00f0u s\u00e9r \u00e1samt fylgdarli\u00f0i [&hellip;]","_links":{"self":[{"href":"https:\/\/matis.is\/en\/wp-json\/wp\/v2\/posts\/39585","targetHints":{"allow":["GET"]}}],"collection":[{"href":"https:\/\/matis.is\/en\/wp-json\/wp\/v2\/posts"}],"about":[{"href":"https:\/\/matis.is\/en\/wp-json\/wp\/v2\/types\/post"}],"author":[{"embeddable":true,"href":"https:\/\/matis.is\/en\/wp-json\/wp\/v2\/users\/1"}],"replies":[{"embeddable":true,"href":"https:\/\/matis.is\/en\/wp-json\/wp\/v2\/comments?post=39585"}],"version-history":[{"count":3,"href":"https:\/\/matis.is\/en\/wp-json\/wp\/v2\/posts\/39585\/revisions"}],"predecessor-version":[{"id":39811,"href":"https:\/\/matis.is\/en\/wp-json\/wp\/v2\/posts\/39585\/revisions\/39811"}],"wp:featuredmedia":[{"embeddable":true,"href":"https:\/\/matis.is\/en\/wp-json\/wp\/v2\/media\/39586"}],"wp:attachment":[{"href":"https:\/\/matis.is\/en\/wp-json\/wp\/v2\/media?parent=39585"}],"wp:term":[{"taxonomy":"category","embeddable":true,"href":"https:\/\/matis.is\/en\/wp-json\/wp\/v2\/categories?post=39585"},{"taxonomy":"post_tag","embeddable":true,"href":"https:\/\/matis.is\/en\/wp-json\/wp\/v2\/tags?post=39585"}],"curies":[{"name":"wp","href":"https:\/\/api.w.org\/{rel}","templated":true}]}}