{"id":39593,"date":"2018-10-30T14:21:00","date_gmt":"2018-10-30T14:21:00","guid":{"rendered":"https:\/\/matis.is\/?p=39593"},"modified":"2021-08-12T12:11:50","modified_gmt":"2021-08-12T12:11:50","slug":"upptokur-fra-matvaeladegi-mni","status":"publish","type":"post","link":"https:\/\/matis.is\/en\/uncategorized\/upptokur-fra-matvaeladegi-mni\/","title":{"rendered":"Recordings from MN\u00cd&#039;s food day"},"content":{"rendered":"<h4 class=\"wp-block-heading\">Food Day of the Icelandic Food and Nutrition Association took place on 25 October. The agenda was to discuss food policy for Iceland from as many angles as possible, and numerous speakers with their perspectives and organizations came to the meeting.&nbsp;<\/h4>\n\n\n\n<p>A lively discussion ensued, as it seems to everyone when it comes to formulating food policy for Iceland. More than 100 people attended the day.&nbsp;<\/p>\n\n\n\n<p>Food Day was welcomed for the work that lies ahead in setting a food policy for Iceland, but the Minister of Fisheries and Agriculture put together a group that will put together this policy and it is expected that this work will be completed by the end of 2019.&nbsp;<\/p>\n\n\n\n<p>Fj\u00f6reggi\u00f0 was also handed over, but the prize is awarded for a praiseworthy initiative in the field of food and nutrition. This time it was Rj\u00f3mab\u00fai\u00f0 in Erpssta\u00f0ir that received Fj\u00f6reggi\u00f0.&nbsp;<\/p>\n\n\n\n<h4 class=\"wp-block-heading\">Recordings and slides (where applicable)<\/h4>\n\n\n\n<figure class=\"wp-block-table\"><table><tbody><tr><td><strong>Lecturer and topic<\/strong><\/td><td><strong>Recording starts and ends approx.<\/strong><\/td><td><strong>Slides (pptx)<\/strong><\/td><\/tr><tr><td>Moderator | Hr\u00f6nn \u00d3l\u00edna J\u00f6rundsd\u00f3ttir, Mat\u00eds.<\/td><td><a href=\"https:\/\/gamla.matis.is\/media\/frettir\/1_Hronn_Olina_Jorundsdottir.wav\" target=\"_blank\" rel=\"noreferrer noopener\">13:00 - 13:02<\/a><\/td><td>&nbsp;<\/td><\/tr><tr><td>Sentence | The Prime Minister, Katr\u00edn Jakobsd\u00f3ttir.<\/td><td><a href=\"https:\/\/gamla.matis.is\/media\/frettir\/2_Katrin_Jakobsdottir.wav\">13:02 - 13:15<\/a><\/td><td>&nbsp;<\/td><\/tr><tr><td>Delivery of Fj\u00f6reggsinn | Gu\u00f0r\u00fan Hafsteinsd\u00f3ttir, Confederation of Icelandic Industries.<\/td><td><a href=\"https:\/\/gamla.matis.is\/media\/frettir\/3_Gudrun_Hafsteinsdottir.wav\">13:15 - 13:30<\/a><\/td><td>&nbsp;<\/td><\/tr><tr><td>Arnlj\u00f3tur Bjarki Bergsson, Mat\u00eds.<\/td><td><a href=\"https:\/\/gamla.matis.is\/media\/frettir\/4_Arnljotur_Bjarki_Bergsson.wav\" target=\"_blank\" rel=\"noreferrer noopener\">13:30 - 13:40<\/a><\/td><td>Food policy in the context of the bioeconomy; West Nordic Bioeconomy Panel.<\/td><\/tr><tr><td>Krist\u00edn Vala Ragnarsd\u00f3ttir, University of Iceland.<\/td><td><a href=\"https:\/\/gamla.matis.is\/media\/frettir\/5_Kristin_Vala_Ragnarsdottir.wav\" target=\"_blank\" rel=\"noreferrer noopener\">13:40 - 13:51<\/a><\/td><td><a href=\"https:\/\/gamla.matis.is\/media\/fyrirlestrar\/5_Kristin_Vala_Ragnarsdottir.pdf\" target=\"_blank\" rel=\"noreferrer noopener\">Can we pursue food policy without sustainability thinking?<\/a><\/td><\/tr><tr><td>J\u00f3na Bj\u00f6rg Hl\u00f6\u00f0versd\u00f3ttir, Association of Young Farmers.<\/td><td><a href=\"https:\/\/gamla.matis.is\/media\/frettir\/6_Jona_Bjorg_Hlodversdottir.wav\" target=\"_blank\" rel=\"noreferrer noopener\">13:51 - 14:02<\/a>&nbsp;<\/td><td><a href=\"https:\/\/gamla.matis.is\/media\/fyrirlestrar\/6_JonaBjorg_Fyrir-hverja-er-matvaelastefna-SUB.pdf\" target=\"_blank\" rel=\"noreferrer noopener\">Who is food policy for?<\/a><\/td><\/tr><tr><td>Magn\u00fas \u00d3li \u00d3lafsson, Innnes.<\/td><td>14:02 - 14:12\u00a0<\/td><td><a href=\"https:\/\/gamla.matis.is\/media\/fyrirlestrar\/7_Magnus-Oli_Innnes.pdf\" target=\"_blank\" rel=\"noreferrer noopener\">Do importers&#039; views fit into Iceland&#039;s food policy?<\/a><\/td><\/tr><tr><td>Kristj\u00e1n \u00de\u00f3rarinsson, Association of companies in the fisheries sector.<\/td><td>14:12 - 14:22\u00a0<\/td><td><a href=\"https:\/\/gamla.matis.is\/media\/fyrirlestrar\/8_Kristjan-Thorarinsson_Matvaelastefna-Sameiginlegir-thaettir.pdf\" target=\"_blank\" rel=\"noreferrer noopener\">Food policy: common elements.<\/a><\/td><\/tr><tr><td>Ari Edwald, Mj\u00f3lkursamsalan.<\/td><td>14:22 - 14:33\u00a0<\/td><td><a href=\"https:\/\/gamla.matis.is\/media\/fyrirlestrar\/9_Ari-Edwald_Hvatar-til-aukinnar-hraefnanytingar.pdf\" target=\"_blank\" rel=\"noreferrer noopener\">Incentives for increased raw material utilization.<\/a><\/td><\/tr><tr><td>Coffee.<\/td><td>14:33 - 15:00<\/td><td>&nbsp;<\/td><\/tr><tr><td>S\u00e6mundur Sveinsson, LHB\u00cd.<\/td><td>15:00 - 15:10\u00a0<\/td><td><a href=\"https:\/\/gamla.matis.is\/media\/fyrirlestrar\/10_Saemundur-Sveinsson_Sjalfbaer_landbunadur_Saemundur_Sveinsson.pdf\" target=\"_blank\" rel=\"noreferrer noopener\">Sustainable agriculture? The World Goals? What can the Agricultural University of Iceland do?<\/a><\/td><\/tr><tr><td>Axel Helgason, National Association of Small Boat Owners.<\/td><td>15:10 - 15:20\u00a0<\/td><td>Consumer choices and their responsibility towards the environment.<\/td><\/tr><tr><td>Brynd\u00eds Eva Birgisd\u00f3ttir, Laboratory of Nutrition.<\/td><td>15:20 - 15:31\u00a0<\/td><td><a href=\"https:\/\/gamla.matis.is\/media\/fyrirlestrar\/12-Bryndis_eva_Birgisdottir_MATVAELASTEFNA-BEB.pdf\" target=\"_blank\" rel=\"noreferrer noopener\">Food policy - A policy for food enjoyment and improved public health.<\/a><\/td><\/tr><tr><td>Harpa J\u00fal\u00edusd\u00f3ttir, United Nations in Iceland.<\/td><td>15:31 - 15:42\u00a0<\/td><td><a href=\"https:\/\/gamla.matis.is\/media\/fyrirlestrar\/13_Harpa-Juliusdottir_2018-Matvaelastefna-Heimsmarkmids.pdf\" target=\"_blank\" rel=\"noreferrer noopener\">United Nations Global Goals and Sustainable Development.<\/a><\/td><\/tr><tr><td>Panel discussion.<\/td><td><a href=\"https:\/\/gamla.matis.is\/media\/fyrirlestrar\/14_Pallbordsumraedur.wav\" target=\"_blank\" rel=\"noreferrer noopener\">15:42 - 16:12<\/a><\/td><td>&nbsp;<\/td><\/tr><tr><td>Hr\u00f6nn \u00d3l\u00edna J\u00f6rundsd\u00f3ttir, Mat\u00eds.<\/td><td>16:12 - 16:24<\/td><td>&nbsp;<\/td><\/tr><\/tbody><\/table><\/figure>","protected":false},"excerpt":{"rendered":"<p>Matv\u00e6ladagur Matv\u00e6la- og n\u00e6ringarfr\u00e6\u00f0af\u00e9lags \u00cdslands f\u00f3r fram 25. okt\u00f3ber. \u00c1 dagskr\u00e1nni var a\u00f0 fjalla um matv\u00e6lastefnu fyrir \u00cdsland fr\u00e1 sem [&hellip;]<\/p>\n","protected":false},"author":1,"featured_media":39595,"comment_status":"closed","ping_status":"closed","sticky":false,"template":"templates\/template-cover.php","format":"standard","meta":{"_acf_changed":false,"_uag_custom_page_level_css":"","site-sidebar-layout":"default","site-content-layout":"","ast-site-content-layout":"default","site-content-style":"default","site-sidebar-style":"default","ast-global-header-display":"","ast-banner-title-visibility":"","ast-main-header-display":"","ast-hfb-above-header-display":"","ast-hfb-below-header-display":"","ast-hfb-mobile-header-display":"","site-post-title":"","ast-breadcrumbs-content":"","ast-featured-img":"","footer-sml-layout":"","ast-disable-related-posts":"","theme-transparent-header-meta":"","adv-header-id-meta":"","stick-header-meta":"","header-above-stick-meta":"","header-main-stick-meta":"","header-below-stick-meta":"","astra-migrate-meta-layouts":"default","ast-page-background-enabled":"default","ast-page-background-meta":{"desktop":{"background-color":"var(--ast-global-color-5)","background-image":"","background-repeat":"repeat","background-position":"center center","background-size":"auto","background-attachment":"scroll","background-type":"","background-media":"","overlay-type":"","overlay-color":"","overlay-opacity":"","overlay-gradient":""},"tablet":{"background-color":"","background-image":"","background-repeat":"repeat","background-position":"center center","background-size":"auto","background-attachment":"scroll","background-type":"","background-media":"","overlay-type":"","overlay-color":"","overlay-opacity":"","overlay-gradient":""},"mobile":{"background-color":"","background-image":"","background-repeat":"repeat","background-position":"center center","background-size":"auto","background-attachment":"scroll","background-type":"","background-media":"","overlay-type":"","overlay-color":"","overlay-opacity":"","overlay-gradient":""}},"ast-content-background-meta":{"desktop":{"background-color":"var(--ast-global-color-4)","background-image":"","background-repeat":"repeat","background-position":"center center","background-size":"auto","background-attachment":"scroll","background-type":"","background-media":"","overlay-type":"","overlay-color":"","overlay-opacity":"","overlay-gradient":""},"tablet":{"background-color":"var(--ast-global-color-4)","background-image":"","background-repeat":"repeat","background-position":"center center","background-size":"auto","background-attachment":"scroll","background-type":"","background-media":"","overlay-type":"","overlay-color":"","overlay-opacity":"","overlay-gradient":""},"mobile":{"background-color":"var(--ast-global-color-4)","background-image":"","background-repeat":"repeat","background-position":"center center","background-size":"auto","background-attachment":"scroll","background-type":"","background-media":"","overlay-type":"","overlay-color":"","overlay-opacity":"","overlay-gradient":""}},"footnotes":""},"categories":[1973,1],"tags":[],"class_list":["post-39593","post","type-post","status-publish","format-standard","has-post-thumbnail","hentry","category-frettir","category-uncategorized"],"acf":[],"yoast_head":"<!-- This site is optimized with the Yoast SEO plugin v27.4 - https:\/\/yoast.com\/product\/yoast-seo-wordpress\/ -->\n<title>Uppt\u00f6kur fr\u00e1 matv\u00e6ladegi MN\u00cd - Mat\u00eds<\/title>\n<meta name=\"robots\" content=\"index, follow, max-snippet:-1, max-image-preview:large, max-video-preview:-1\" \/>\n<link rel=\"canonical\" href=\"https:\/\/matis.is\/en\/uncategorized\/upptokur-fra-matvaeladegi-mni\/\" \/>\n<meta property=\"og:locale\" content=\"en_GB\" \/>\n<meta property=\"og:type\" content=\"article\" \/>\n<meta property=\"og:title\" content=\"Uppt\u00f6kur fr\u00e1 matv\u00e6ladegi MN\u00cd - Mat\u00eds\" \/>\n<meta property=\"og:description\" content=\"Matv\u00e6ladagur Matv\u00e6la- og n\u00e6ringarfr\u00e6\u00f0af\u00e9lags \u00cdslands f\u00f3r fram 25. okt\u00f3ber. \u00c1 dagskr\u00e1nni var a\u00f0 fjalla um matv\u00e6lastefnu fyrir \u00cdsland fr\u00e1 sem [&hellip;]\" \/>\n<meta property=\"og:url\" content=\"https:\/\/matis.is\/en\/uncategorized\/upptokur-fra-matvaeladegi-mni\/\" \/>\n<meta property=\"og:site_name\" content=\"Mat\u00eds\" \/>\n<meta property=\"article:publisher\" content=\"https:\/\/www.facebook.com\/matisiceland\" \/>\n<meta property=\"article:published_time\" content=\"2018-10-30T14:21:00+00:00\" \/>\n<meta property=\"article:modified_time\" content=\"2021-08-12T12:11:50+00:00\" \/>\n<meta property=\"og:image\" content=\"https:\/\/matis.is\/wp-content\/uploads\/mni_forsaetisradherra_1500x630_web.jpg\" \/>\n\t<meta property=\"og:image:width\" content=\"1155\" \/>\n\t<meta property=\"og:image:height\" content=\"420\" \/>\n\t<meta property=\"og:image:type\" content=\"image\/jpeg\" \/>\n<meta name=\"author\" content=\"admin\" \/>\n<meta name=\"twitter:card\" content=\"summary_large_image\" \/>\n<meta name=\"twitter:creator\" content=\"@matisiceland\" \/>\n<meta name=\"twitter:site\" content=\"@matisiceland\" \/>\n<meta name=\"twitter:label1\" content=\"Written by\" \/>\n\t<meta name=\"twitter:data1\" content=\"admin\" \/>\n\t<meta name=\"twitter:label2\" content=\"Estimated reading time\" \/>\n\t<meta name=\"twitter:data2\" content=\"2 minutes\" \/>\n<script type=\"application\/ld+json\" class=\"yoast-schema-graph\">{\"@context\":\"https:\\\/\\\/schema.org\",\"@graph\":[{\"@type\":\"Article\",\"@id\":\"https:\\\/\\\/matis.is\\\/uncategorized\\\/upptokur-fra-matvaeladegi-mni\\\/#article\",\"isPartOf\":{\"@id\":\"https:\\\/\\\/matis.is\\\/uncategorized\\\/upptokur-fra-matvaeladegi-mni\\\/\"},\"author\":{\"name\":\"admin\",\"@id\":\"https:\\\/\\\/matis.is\\\/#\\\/schema\\\/person\\\/33b92c850c915c93e67f291e3381a49a\"},\"headline\":\"Uppt\u00f6kur fr\u00e1 matv\u00e6ladegi MN\u00cd\",\"datePublished\":\"2018-10-30T14:21:00+00:00\",\"dateModified\":\"2021-08-12T12:11:50+00:00\",\"mainEntityOfPage\":{\"@id\":\"https:\\\/\\\/matis.is\\\/uncategorized\\\/upptokur-fra-matvaeladegi-mni\\\/\"},\"wordCount\":402,\"publisher\":{\"@id\":\"https:\\\/\\\/matis.is\\\/#organization\"},\"image\":{\"@id\":\"https:\\\/\\\/matis.is\\\/uncategorized\\\/upptokur-fra-matvaeladegi-mni\\\/#primaryimage\"},\"thumbnailUrl\":\"https:\\\/\\\/matis.is\\\/wp-content\\\/uploads\\\/mni_forsaetisradherra_1500x630_web.jpg\",\"articleSection\":[\"Fr\u00e9ttir\",\"Uncategorized\"],\"inLanguage\":\"en-GB\"},{\"@type\":\"WebPage\",\"@id\":\"https:\\\/\\\/matis.is\\\/uncategorized\\\/upptokur-fra-matvaeladegi-mni\\\/\",\"url\":\"https:\\\/\\\/matis.is\\\/uncategorized\\\/upptokur-fra-matvaeladegi-mni\\\/\",\"name\":\"Uppt\u00f6kur fr\u00e1 matv\u00e6ladegi MN\u00cd - Mat\u00eds\",\"isPartOf\":{\"@id\":\"https:\\\/\\\/matis.is\\\/#website\"},\"primaryImageOfPage\":{\"@id\":\"https:\\\/\\\/matis.is\\\/uncategorized\\\/upptokur-fra-matvaeladegi-mni\\\/#primaryimage\"},\"image\":{\"@id\":\"https:\\\/\\\/matis.is\\\/uncategorized\\\/upptokur-fra-matvaeladegi-mni\\\/#primaryimage\"},\"thumbnailUrl\":\"https:\\\/\\\/matis.is\\\/wp-content\\\/uploads\\\/mni_forsaetisradherra_1500x630_web.jpg\",\"datePublished\":\"2018-10-30T14:21:00+00:00\",\"dateModified\":\"2021-08-12T12:11:50+00:00\",\"breadcrumb\":{\"@id\":\"https:\\\/\\\/matis.is\\\/uncategorized\\\/upptokur-fra-matvaeladegi-mni\\\/#breadcrumb\"},\"inLanguage\":\"en-GB\",\"potentialAction\":[{\"@type\":\"ReadAction\",\"target\":[\"https:\\\/\\\/matis.is\\\/uncategorized\\\/upptokur-fra-matvaeladegi-mni\\\/\"]}]},{\"@type\":\"ImageObject\",\"inLanguage\":\"en-GB\",\"@id\":\"https:\\\/\\\/matis.is\\\/uncategorized\\\/upptokur-fra-matvaeladegi-mni\\\/#primaryimage\",\"url\":\"https:\\\/\\\/matis.is\\\/wp-content\\\/uploads\\\/mni_forsaetisradherra_1500x630_web.jpg\",\"contentUrl\":\"https:\\\/\\\/matis.is\\\/wp-content\\\/uploads\\\/mni_forsaetisradherra_1500x630_web.jpg\",\"width\":1155,\"height\":420},{\"@type\":\"BreadcrumbList\",\"@id\":\"https:\\\/\\\/matis.is\\\/uncategorized\\\/upptokur-fra-matvaeladegi-mni\\\/#breadcrumb\",\"itemListElement\":[{\"@type\":\"ListItem\",\"position\":1,\"name\":\"Home\",\"item\":\"https:\\\/\\\/matis.is\\\/\"},{\"@type\":\"ListItem\",\"position\":2,\"name\":\"Uppt\u00f6kur fr\u00e1 matv\u00e6ladegi MN\u00cd\"}]},{\"@type\":\"WebSite\",\"@id\":\"https:\\\/\\\/matis.is\\\/#website\",\"url\":\"https:\\\/\\\/matis.is\\\/\",\"name\":\"Mat\u00eds\",\"description\":\"Ver\u00f0m\u00e6task\u00f6pun, matv\u00e6la\u00f6ryggi og l\u00fd\u00f0heilsa\",\"publisher\":{\"@id\":\"https:\\\/\\\/matis.is\\\/#organization\"},\"potentialAction\":[{\"@type\":\"SearchAction\",\"target\":{\"@type\":\"EntryPoint\",\"urlTemplate\":\"https:\\\/\\\/matis.is\\\/?s={search_term_string}\"},\"query-input\":{\"@type\":\"PropertyValueSpecification\",\"valueRequired\":true,\"valueName\":\"search_term_string\"}}],\"inLanguage\":\"en-GB\"},{\"@type\":\"Organization\",\"@id\":\"https:\\\/\\\/matis.is\\\/#organization\",\"name\":\"Mat\u00eds ohf.\",\"url\":\"https:\\\/\\\/matis.is\\\/\",\"logo\":{\"@type\":\"ImageObject\",\"inLanguage\":\"en-GB\",\"@id\":\"https:\\\/\\\/matis.is\\\/#\\\/schema\\\/logo\\\/image\\\/\",\"url\":\"https:\\\/\\\/matis.is\\\/wp-content\\\/uploads\\\/2021\\\/02\\\/matis_logo_blatthvitt.png\",\"contentUrl\":\"https:\\\/\\\/matis.is\\\/wp-content\\\/uploads\\\/2021\\\/02\\\/matis_logo_blatthvitt.png\",\"width\":1507,\"height\":1507,\"caption\":\"Mat\u00eds ohf.\"},\"image\":{\"@id\":\"https:\\\/\\\/matis.is\\\/#\\\/schema\\\/logo\\\/image\\\/\"},\"sameAs\":[\"https:\\\/\\\/www.facebook.com\\\/matisiceland\",\"https:\\\/\\\/x.com\\\/matisiceland\",\"https:\\\/\\\/www.instagram.com\\\/matisiceland\\\/\",\"https:\\\/\\\/www.linkedin.com\\\/matisiceland\\\/\",\"https:\\\/\\\/www.youtube.com\\\/channel\\\/UCY-frt3uTqgVZW-DLjoo5bA\"]},{\"@type\":\"Person\",\"@id\":\"https:\\\/\\\/matis.is\\\/#\\\/schema\\\/person\\\/33b92c850c915c93e67f291e3381a49a\",\"name\":\"admin\",\"sameAs\":[\"https:\\\/\\\/matis.mareframe.eu\"],\"url\":\"https:\\\/\\\/matis.is\\\/en\\\/author\\\/thormodurmatis-is\\\/\"}]}<\/script>\n<!-- \/ Yoast SEO plugin. -->","yoast_head_json":{"title":"Recordings from MN\u00cd - Mat\u00eds food day","robots":{"index":"index","follow":"follow","max-snippet":"max-snippet:-1","max-image-preview":"max-image-preview:large","max-video-preview":"max-video-preview:-1"},"canonical":"https:\/\/matis.is\/en\/uncategorized\/upptokur-fra-matvaeladegi-mni\/","og_locale":"en_GB","og_type":"article","og_title":"Uppt\u00f6kur fr\u00e1 matv\u00e6ladegi MN\u00cd - Mat\u00eds","og_description":"Matv\u00e6ladagur Matv\u00e6la- og n\u00e6ringarfr\u00e6\u00f0af\u00e9lags \u00cdslands f\u00f3r fram 25. okt\u00f3ber. \u00c1 dagskr\u00e1nni var a\u00f0 fjalla um matv\u00e6lastefnu fyrir \u00cdsland fr\u00e1 sem [&hellip;]","og_url":"https:\/\/matis.is\/en\/uncategorized\/upptokur-fra-matvaeladegi-mni\/","og_site_name":"Mat\u00eds","article_publisher":"https:\/\/www.facebook.com\/matisiceland","article_published_time":"2018-10-30T14:21:00+00:00","article_modified_time":"2021-08-12T12:11:50+00:00","og_image":[{"width":1155,"height":420,"url":"https:\/\/matis.is\/wp-content\/uploads\/mni_forsaetisradherra_1500x630_web.jpg","type":"image\/jpeg"}],"author":"admin","twitter_card":"summary_large_image","twitter_creator":"@matisiceland","twitter_site":"@matisiceland","twitter_misc":{"Written by":"admin","Estimated reading time":"2 minutes"},"schema":{"@context":"https:\/\/schema.org","@graph":[{"@type":"Article","@id":"https:\/\/matis.is\/uncategorized\/upptokur-fra-matvaeladegi-mni\/#article","isPartOf":{"@id":"https:\/\/matis.is\/uncategorized\/upptokur-fra-matvaeladegi-mni\/"},"author":{"name":"admin","@id":"https:\/\/matis.is\/#\/schema\/person\/33b92c850c915c93e67f291e3381a49a"},"headline":"Uppt\u00f6kur fr\u00e1 matv\u00e6ladegi MN\u00cd","datePublished":"2018-10-30T14:21:00+00:00","dateModified":"2021-08-12T12:11:50+00:00","mainEntityOfPage":{"@id":"https:\/\/matis.is\/uncategorized\/upptokur-fra-matvaeladegi-mni\/"},"wordCount":402,"publisher":{"@id":"https:\/\/matis.is\/#organization"},"image":{"@id":"https:\/\/matis.is\/uncategorized\/upptokur-fra-matvaeladegi-mni\/#primaryimage"},"thumbnailUrl":"https:\/\/matis.is\/wp-content\/uploads\/mni_forsaetisradherra_1500x630_web.jpg","articleSection":["Fr\u00e9ttir","Uncategorized"],"inLanguage":"en-GB"},{"@type":"WebPage","@id":"https:\/\/matis.is\/uncategorized\/upptokur-fra-matvaeladegi-mni\/","url":"https:\/\/matis.is\/uncategorized\/upptokur-fra-matvaeladegi-mni\/","name":"Recordings from MN\u00cd - Mat\u00eds food day","isPartOf":{"@id":"https:\/\/matis.is\/#website"},"primaryImageOfPage":{"@id":"https:\/\/matis.is\/uncategorized\/upptokur-fra-matvaeladegi-mni\/#primaryimage"},"image":{"@id":"https:\/\/matis.is\/uncategorized\/upptokur-fra-matvaeladegi-mni\/#primaryimage"},"thumbnailUrl":"https:\/\/matis.is\/wp-content\/uploads\/mni_forsaetisradherra_1500x630_web.jpg","datePublished":"2018-10-30T14:21:00+00:00","dateModified":"2021-08-12T12:11:50+00:00","breadcrumb":{"@id":"https:\/\/matis.is\/uncategorized\/upptokur-fra-matvaeladegi-mni\/#breadcrumb"},"inLanguage":"en-GB","potentialAction":[{"@type":"ReadAction","target":["https:\/\/matis.is\/uncategorized\/upptokur-fra-matvaeladegi-mni\/"]}]},{"@type":"ImageObject","inLanguage":"en-GB","@id":"https:\/\/matis.is\/uncategorized\/upptokur-fra-matvaeladegi-mni\/#primaryimage","url":"https:\/\/matis.is\/wp-content\/uploads\/mni_forsaetisradherra_1500x630_web.jpg","contentUrl":"https:\/\/matis.is\/wp-content\/uploads\/mni_forsaetisradherra_1500x630_web.jpg","width":1155,"height":420},{"@type":"BreadcrumbList","@id":"https:\/\/matis.is\/uncategorized\/upptokur-fra-matvaeladegi-mni\/#breadcrumb","itemListElement":[{"@type":"ListItem","position":1,"name":"Home","item":"https:\/\/matis.is\/"},{"@type":"ListItem","position":2,"name":"Uppt\u00f6kur fr\u00e1 matv\u00e6ladegi MN\u00cd"}]},{"@type":"WebSite","@id":"https:\/\/matis.is\/#website","url":"https:\/\/matis.is\/","name":"Mat\u00eds","description":"Value creation, food security and public health","publisher":{"@id":"https:\/\/matis.is\/#organization"},"potentialAction":[{"@type":"SearchAction","target":{"@type":"EntryPoint","urlTemplate":"https:\/\/matis.is\/?s={search_term_string}"},"query-input":{"@type":"PropertyValueSpecification","valueRequired":true,"valueName":"search_term_string"}}],"inLanguage":"en-GB"},{"@type":"Organization","@id":"https:\/\/matis.is\/#organization","name":"Mat\u00eds ohf.","url":"https:\/\/matis.is\/","logo":{"@type":"ImageObject","inLanguage":"en-GB","@id":"https:\/\/matis.is\/#\/schema\/logo\/image\/","url":"https:\/\/matis.is\/wp-content\/uploads\/2021\/02\/matis_logo_blatthvitt.png","contentUrl":"https:\/\/matis.is\/wp-content\/uploads\/2021\/02\/matis_logo_blatthvitt.png","width":1507,"height":1507,"caption":"Mat\u00eds ohf."},"image":{"@id":"https:\/\/matis.is\/#\/schema\/logo\/image\/"},"sameAs":["https:\/\/www.facebook.com\/matisiceland","https:\/\/x.com\/matisiceland","https:\/\/www.instagram.com\/matisiceland\/","https:\/\/www.linkedin.com\/matisiceland\/","https:\/\/www.youtube.com\/channel\/UCY-frt3uTqgVZW-DLjoo5bA"]},{"@type":"Person","@id":"https:\/\/matis.is\/#\/schema\/person\/33b92c850c915c93e67f291e3381a49a","name":"admin","sameAs":["https:\/\/matis.mareframe.eu"],"url":"https:\/\/matis.is\/en\/author\/thormodurmatis-is\/"}]}},"spectra_custom_meta":{"_edit_lock":["1628770310:5"],"_edit_last":["5"],"tengilidur":[""],"_tengilidur":["field_5ef905e0538b2"],"_yoast_wpseo_content_score":["60"],"_yoast_wpseo_estimated-reading-time-minutes":["2"],"_wp_old_date":["2021-06-18"],"_thumbnail_id":["39595"],"_wp_page_template":["templates\/template-cover.php"],"_yoast_wpseo_primary_category":["1"],"enclosure":["https:\/\/gamla.matis.is\/media\/frettir\/1_Hronn_Olina_Jorundsdottir.wav\n35603882\naudio\/wav\n","https:\/\/gamla.matis.is\/media\/frettir\/2_Katrin_Jakobsdottir.wav\n234915506\naudio\/wav\n","https:\/\/gamla.matis.is\/media\/frettir\/3_Gudrun_Hafsteinsdottir.wav\n354590990\naudio\/wav\n","https:\/\/gamla.matis.is\/media\/frettir\/4_Arnljotur_Bjarki_Bergsson.wav\n172232722\naudio\/wav\n","https:\/\/gamla.matis.is\/media\/frettir\/5_Kristin_Vala_Ragnarsdottir.wav\n162957578\naudio\/wav\n","https:\/\/gamla.matis.is\/media\/frettir\/6_Jona_Bjorg_Hlodversdottir.wav\n196047370\naudio\/wav\n","https:\/\/gamla.matis.is\/media\/fyrirlestrar\/14_Pallbordsumraedur.wav\n477635632\naudio\/wav\n"],"wpmm_postgrid_views":["473"],"_uag_css_file_name":["uag-css-39593.css"],"_uag_page_assets":["a:9:{s:3:\"css\";s:263:\".uag-blocks-common-selector{z-index:var(--z-index-desktop) !important}@media (max-width: 976px){.uag-blocks-common-selector{z-index:var(--z-index-tablet) !important}}@media (max-width: 767px){.uag-blocks-common-selector{z-index:var(--z-index-mobile) !important}}\n\";s:2:\"js\";s:0:\"\";s:18:\"current_block_list\";a:7:{i:0;s:12:\"core\/heading\";i:1;s:14:\"core\/paragraph\";i:2;s:10:\"core\/table\";i:3;s:12:\"core\/buttons\";i:4;s:11:\"core\/button\";i:5;s:12:\"core\/columns\";i:6;s:11:\"core\/column\";}s:8:\"uag_flag\";b:0;s:11:\"uag_version\";s:10:\"1777477098\";s:6:\"gfonts\";a:0:{}s:10:\"gfonts_url\";s:0:\"\";s:12:\"gfonts_files\";a:0:{}s:14:\"uag_faq_layout\";b:0;}"]},"uagb_featured_image_src":{"full":["https:\/\/matis.is\/wp-content\/uploads\/mni_forsaetisradherra_1500x630_web.jpg",1155,420,false],"thumbnail":["https:\/\/matis.is\/wp-content\/uploads\/mni_forsaetisradherra_1500x630_web-150x150.jpg",150,150,true],"medium":["https:\/\/matis.is\/wp-content\/uploads\/mni_forsaetisradherra_1500x630_web-300x109.jpg",300,109,true],"medium_large":["https:\/\/matis.is\/wp-content\/uploads\/mni_forsaetisradherra_1500x630_web-768x279.jpg",768,279,true],"large":["https:\/\/matis.is\/wp-content\/uploads\/mni_forsaetisradherra_1500x630_web-1024x372.jpg",1024,372,true],"1536x1536":["https:\/\/matis.is\/wp-content\/uploads\/mni_forsaetisradherra_1500x630_web.jpg",1155,420,false],"2048x2048":["https:\/\/matis.is\/wp-content\/uploads\/mni_forsaetisradherra_1500x630_web.jpg",1155,420,false],"trp-custom-language-flag":["https:\/\/matis.is\/wp-content\/uploads\/mni_forsaetisradherra_1500x630_web.jpg",18,7,false]},"uagb_author_info":{"display_name":"admin","author_link":"https:\/\/matis.is\/en\/author\/thormodurmatis-is\/"},"uagb_comment_info":0,"uagb_excerpt":"Matv\u00e6ladagur Matv\u00e6la- og n\u00e6ringarfr\u00e6\u00f0af\u00e9lags \u00cdslands f\u00f3r fram 25. okt\u00f3ber. \u00c1 dagskr\u00e1nni var a\u00f0 fjalla um matv\u00e6lastefnu fyrir \u00cdsland fr\u00e1 sem [&hellip;]","_links":{"self":[{"href":"https:\/\/matis.is\/en\/wp-json\/wp\/v2\/posts\/39593","targetHints":{"allow":["GET"]}}],"collection":[{"href":"https:\/\/matis.is\/en\/wp-json\/wp\/v2\/posts"}],"about":[{"href":"https:\/\/matis.is\/en\/wp-json\/wp\/v2\/types\/post"}],"author":[{"embeddable":true,"href":"https:\/\/matis.is\/en\/wp-json\/wp\/v2\/users\/1"}],"replies":[{"embeddable":true,"href":"https:\/\/matis.is\/en\/wp-json\/wp\/v2\/comments?post=39593"}],"version-history":[{"count":2,"href":"https:\/\/matis.is\/en\/wp-json\/wp\/v2\/posts\/39593\/revisions"}],"predecessor-version":[{"id":42333,"href":"https:\/\/matis.is\/en\/wp-json\/wp\/v2\/posts\/39593\/revisions\/42333"}],"wp:featuredmedia":[{"embeddable":true,"href":"https:\/\/matis.is\/en\/wp-json\/wp\/v2\/media\/39595"}],"wp:attachment":[{"href":"https:\/\/matis.is\/en\/wp-json\/wp\/v2\/media?parent=39593"}],"wp:term":[{"taxonomy":"category","embeddable":true,"href":"https:\/\/matis.is\/en\/wp-json\/wp\/v2\/categories?post=39593"},{"taxonomy":"post_tag","embeddable":true,"href":"https:\/\/matis.is\/en\/wp-json\/wp\/v2\/tags?post=39593"}],"curies":[{"name":"wp","href":"https:\/\/api.w.org\/{rel}","templated":true}]}}