{"id":39655,"date":"2018-10-03T15:18:00","date_gmt":"2018-10-03T15:18:00","guid":{"rendered":"https:\/\/matis.is\/?p=39655"},"modified":"2021-06-18T15:20:46","modified_gmt":"2021-06-18T15:20:46","slug":"laerum-af-svium-og-styrkjum-stodu-islensks-kjots-i-samkeppni-vid-innflutning-og-onnur-matvaeli-a-markadi","status":"publish","type":"post","link":"https:\/\/matis.is\/en\/frettir\/laerum-af-svium-og-styrkjum-stodu-islensks-kjots-i-samkeppni-vid-innflutning-og-onnur-matvaeli-a-markadi\/","title":{"rendered":"Learn from Sweden and strengthen the position of Icelandic meat in competition with imports and other foods on the market"},"content":{"rendered":"<h4 class=\"wp-block-heading\">Elin Stenberg, PhD student at the Institute for Animal Environment and Health at the Swedish University of Agricultural Sciences in Skara, will be at Mat\u00eds for the next six weeks, where she will work with Mat\u00eds staff and the University of Iceland on research into the effects of slaughtering methods and freezing on lamb quality in Iceland.&nbsp;<\/h4>\n\n\n\n<p>Elin will be involved in all activities; slaughter, measurements and sampling in slaughterhouses, sensory assessment, texture measurements, NMR measurements, statistical results, reporting and articles. In this way, the collaboration with Mat\u00eds \/ H\u00cd and the work in Iceland will be useful and become part of her doctoral project.<\/p>\n\n\n\n<p>El\u00edn&#039;s doctoral project is part of Interreg \u00d6resund, Kattegat, Skagerak (European Regional Development Fund), a project funded by 120 million and aimed at better describing the quality of beef and lamb to strengthen its position in competition with imports and other foods on the market. . El\u00edn&#039;s travels and stays are funded by the Nordic Network of Meat Science, in which Gu\u00f0j\u00f3n \u00deorkelsson and Mar\u00eda Gu\u00f0j\u00f3nsd\u00f3ttir participate (and are funded by NKJ, Nordic Joint Committee for Agricultural and Food Research).<\/p>\n\n\n\n<h4 class=\"wp-block-heading\">There is a great benefit from this collaboration for meat research in Iceland:&nbsp;<\/h4>\n\n\n\n<ul class=\"wp-block-list\"><li>The collaboration supports research on meat in Iceland for the benefit of producers, processing and consumers.<\/li><li>Access to expertise and measuring equipment that is lacking in Iceland.<\/li><li>Training of new professionals in the field.<\/li><li>Easier access to international collaborations to promote and fund research.<\/li><\/ul>\n\n\n\n<h4 class=\"wp-block-heading\">Detailed information about Elina and her research project:<\/h4>\n\n\n\n<ul class=\"wp-block-list\"><li><a href=\"https:\/\/resurs.slu.se\/valmaende-djur-och-bra-kott\/\" target=\"_blank\" rel=\"noreferrer noopener\">https:\/\/resurs.slu.se\/valmaende-djur-och-bra-kott\/<\/a><\/li><li><a href=\"https:\/\/interreg-oks.eu\/projektbank\/projekt\/efterfragedriveninnovationforhogrekvalitetpanotochlammkott.5.4cbfacee1552393503eaf27.html\" target=\"_blank\" rel=\"noreferrer noopener\">https:\/\/interreg-oks.eu\/projektbank\/projekt\/efterfragedriveninnovationforhogrekvalitetpanotochlammkott.5.4cbfacee1552393503eaf27.html<\/a><\/li><\/ul>","protected":false},"excerpt":{"rendered":"<p>Elin Stenberg doktorsnemi vi\u00f0 Institut f\u00f6r husdjurens milj\u00f6 och h\u00e4lsa vi\u00f0 Landb\u00fana\u00f0arh\u00e1sk\u00f3la Sv\u00ed\u00fej\u00f3\u00f0ar \u00ed Skara&nbsp;ver\u00f0ur n\u00e6stu sex vikurnar \u00e1 Mat\u00eds [&hellip;]<\/p>\n","protected":false},"author":1,"featured_media":39656,"comment_status":"closed","ping_status":"closed","sticky":false,"template":"templates\/template-cover.php","format":"standard","meta":{"_acf_changed":false,"_uag_custom_page_level_css":"","site-sidebar-layout":"default","site-content-layout":"","ast-site-content-layout":"default","site-content-style":"default","site-sidebar-style":"default","ast-global-header-display":"","ast-banner-title-visibility":"","ast-main-header-display":"","ast-hfb-above-header-display":"","ast-hfb-below-header-display":"","ast-hfb-mobile-header-display":"","site-post-title":"","ast-breadcrumbs-content":"","ast-featured-img":"","footer-sml-layout":"","ast-disable-related-posts":"","theme-transparent-header-meta":"","adv-header-id-meta":"","stick-header-meta":"","header-above-stick-meta":"","header-main-stick-meta":"","header-below-stick-meta":"","astra-migrate-meta-layouts":"default","ast-page-background-enabled":"default","ast-page-background-meta":{"desktop":{"background-color":"var(--ast-global-color-5)","background-image":"","background-repeat":"repeat","background-position":"center center","background-size":"auto","background-attachment":"scroll","background-type":"","background-media":"","overlay-type":"","overlay-color":"","overlay-opacity":"","overlay-gradient":""},"tablet":{"background-color":"","background-image":"","background-repeat":"repeat","background-position":"center center","background-size":"auto","background-attachment":"scroll","background-type":"","background-media":"","overlay-type":"","overlay-color":"","overlay-opacity":"","overlay-gradient":""},"mobile":{"background-color":"","background-image":"","background-repeat":"repeat","background-position":"center center","background-size":"auto","background-attachment":"scroll","background-type":"","background-media":"","overlay-type":"","overlay-color":"","overlay-opacity":"","overlay-gradient":""}},"ast-content-background-meta":{"desktop":{"background-color":"var(--ast-global-color-4)","background-image":"","background-repeat":"repeat","background-position":"center center","background-size":"auto","background-attachment":"scroll","background-type":"","background-media":"","overlay-type":"","overlay-color":"","overlay-opacity":"","overlay-gradient":""},"tablet":{"background-color":"var(--ast-global-color-4)","background-image":"","background-repeat":"repeat","background-position":"center center","background-size":"auto","background-attachment":"scroll","background-type":"","background-media":"","overlay-type":"","overlay-color":"","overlay-opacity":"","overlay-gradient":""},"mobile":{"background-color":"var(--ast-global-color-4)","background-image":"","background-repeat":"repeat","background-position":"center center","background-size":"auto","background-attachment":"scroll","background-type":"","background-media":"","overlay-type":"","overlay-color":"","overlay-opacity":"","overlay-gradient":""}},"footnotes":""},"categories":[1973],"tags":[],"class_list":["post-39655","post","type-post","status-publish","format-standard","has-post-thumbnail","hentry","category-frettir"],"acf":[],"yoast_head":"<!-- This site is optimized with the Yoast SEO plugin v27.4 - https:\/\/yoast.com\/product\/yoast-seo-wordpress\/ -->\n<title>L\u00e6rum af Sv\u00edum og styrkjum st\u00f6\u00f0u \u00edslensks kj\u00f6ts \u00ed samkeppni vi\u00f0 innflutning og \u00f6nnur matv\u00e6li \u00e1 marka\u00f0i - Mat\u00eds<\/title>\n<meta name=\"robots\" content=\"index, follow, max-snippet:-1, max-image-preview:large, max-video-preview:-1\" \/>\n<link rel=\"canonical\" href=\"https:\/\/matis.is\/en\/frettir\/laerum-af-svium-og-styrkjum-stodu-islensks-kjots-i-samkeppni-vid-innflutning-og-onnur-matvaeli-a-markadi\/\" \/>\n<meta property=\"og:locale\" content=\"en_GB\" \/>\n<meta property=\"og:type\" content=\"article\" \/>\n<meta property=\"og:title\" content=\"L\u00e6rum af Sv\u00edum og styrkjum st\u00f6\u00f0u \u00edslensks kj\u00f6ts \u00ed samkeppni vi\u00f0 innflutning og \u00f6nnur matv\u00e6li \u00e1 marka\u00f0i - Mat\u00eds\" \/>\n<meta property=\"og:description\" content=\"Elin Stenberg doktorsnemi vi\u00f0 Institut f\u00f6r husdjurens milj\u00f6 och h\u00e4lsa vi\u00f0 Landb\u00fana\u00f0arh\u00e1sk\u00f3la Sv\u00ed\u00fej\u00f3\u00f0ar \u00ed Skara&nbsp;ver\u00f0ur n\u00e6stu sex vikurnar \u00e1 Mat\u00eds [&hellip;]\" \/>\n<meta property=\"og:url\" content=\"https:\/\/matis.is\/en\/frettir\/laerum-af-svium-og-styrkjum-stodu-islensks-kjots-i-samkeppni-vid-innflutning-og-onnur-matvaeli-a-markadi\/\" \/>\n<meta property=\"og:site_name\" content=\"Mat\u00eds\" \/>\n<meta property=\"article:publisher\" content=\"https:\/\/www.facebook.com\/matisiceland\" \/>\n<meta property=\"article:published_time\" content=\"2018-10-03T15:18:00+00:00\" \/>\n<meta property=\"article:modified_time\" content=\"2021-06-18T15:20:46+00:00\" \/>\n<meta property=\"og:image\" content=\"https:\/\/matis.is\/wp-content\/uploads\/elin_stenberg_1500x630_web.jpg\" \/>\n\t<meta property=\"og:image:width\" content=\"1120\" \/>\n\t<meta property=\"og:image:height\" content=\"407\" \/>\n\t<meta property=\"og:image:type\" content=\"image\/jpeg\" \/>\n<meta name=\"author\" content=\"admin\" \/>\n<meta name=\"twitter:card\" content=\"summary_large_image\" \/>\n<meta name=\"twitter:creator\" content=\"@matisiceland\" \/>\n<meta name=\"twitter:site\" content=\"@matisiceland\" \/>\n<meta name=\"twitter:label1\" content=\"Written by\" \/>\n\t<meta name=\"twitter:data1\" content=\"admin\" \/>\n\t<meta name=\"twitter:label2\" content=\"Estimated reading time\" \/>\n\t<meta name=\"twitter:data2\" content=\"1 minute\" \/>\n<script type=\"application\/ld+json\" class=\"yoast-schema-graph\">{\"@context\":\"https:\\\/\\\/schema.org\",\"@graph\":[{\"@type\":\"Article\",\"@id\":\"https:\\\/\\\/matis.is\\\/frettir\\\/laerum-af-svium-og-styrkjum-stodu-islensks-kjots-i-samkeppni-vid-innflutning-og-onnur-matvaeli-a-markadi\\\/#article\",\"isPartOf\":{\"@id\":\"https:\\\/\\\/matis.is\\\/frettir\\\/laerum-af-svium-og-styrkjum-stodu-islensks-kjots-i-samkeppni-vid-innflutning-og-onnur-matvaeli-a-markadi\\\/\"},\"author\":{\"name\":\"admin\",\"@id\":\"https:\\\/\\\/matis.is\\\/#\\\/schema\\\/person\\\/33b92c850c915c93e67f291e3381a49a\"},\"headline\":\"L\u00e6rum af Sv\u00edum og styrkjum st\u00f6\u00f0u \u00edslensks kj\u00f6ts \u00ed samkeppni vi\u00f0 innflutning og \u00f6nnur matv\u00e6li \u00e1 marka\u00f0i\",\"datePublished\":\"2018-10-03T15:18:00+00:00\",\"dateModified\":\"2021-06-18T15:20:46+00:00\",\"mainEntityOfPage\":{\"@id\":\"https:\\\/\\\/matis.is\\\/frettir\\\/laerum-af-svium-og-styrkjum-stodu-islensks-kjots-i-samkeppni-vid-innflutning-og-onnur-matvaeli-a-markadi\\\/\"},\"wordCount\":321,\"publisher\":{\"@id\":\"https:\\\/\\\/matis.is\\\/#organization\"},\"image\":{\"@id\":\"https:\\\/\\\/matis.is\\\/frettir\\\/laerum-af-svium-og-styrkjum-stodu-islensks-kjots-i-samkeppni-vid-innflutning-og-onnur-matvaeli-a-markadi\\\/#primaryimage\"},\"thumbnailUrl\":\"https:\\\/\\\/matis.is\\\/wp-content\\\/uploads\\\/elin_stenberg_1500x630_web.jpg\",\"articleSection\":[\"Fr\u00e9ttir\"],\"inLanguage\":\"en-GB\"},{\"@type\":\"WebPage\",\"@id\":\"https:\\\/\\\/matis.is\\\/frettir\\\/laerum-af-svium-og-styrkjum-stodu-islensks-kjots-i-samkeppni-vid-innflutning-og-onnur-matvaeli-a-markadi\\\/\",\"url\":\"https:\\\/\\\/matis.is\\\/frettir\\\/laerum-af-svium-og-styrkjum-stodu-islensks-kjots-i-samkeppni-vid-innflutning-og-onnur-matvaeli-a-markadi\\\/\",\"name\":\"L\u00e6rum af Sv\u00edum og styrkjum st\u00f6\u00f0u \u00edslensks kj\u00f6ts \u00ed samkeppni vi\u00f0 innflutning og \u00f6nnur matv\u00e6li \u00e1 marka\u00f0i - Mat\u00eds\",\"isPartOf\":{\"@id\":\"https:\\\/\\\/matis.is\\\/#website\"},\"primaryImageOfPage\":{\"@id\":\"https:\\\/\\\/matis.is\\\/frettir\\\/laerum-af-svium-og-styrkjum-stodu-islensks-kjots-i-samkeppni-vid-innflutning-og-onnur-matvaeli-a-markadi\\\/#primaryimage\"},\"image\":{\"@id\":\"https:\\\/\\\/matis.is\\\/frettir\\\/laerum-af-svium-og-styrkjum-stodu-islensks-kjots-i-samkeppni-vid-innflutning-og-onnur-matvaeli-a-markadi\\\/#primaryimage\"},\"thumbnailUrl\":\"https:\\\/\\\/matis.is\\\/wp-content\\\/uploads\\\/elin_stenberg_1500x630_web.jpg\",\"datePublished\":\"2018-10-03T15:18:00+00:00\",\"dateModified\":\"2021-06-18T15:20:46+00:00\",\"breadcrumb\":{\"@id\":\"https:\\\/\\\/matis.is\\\/frettir\\\/laerum-af-svium-og-styrkjum-stodu-islensks-kjots-i-samkeppni-vid-innflutning-og-onnur-matvaeli-a-markadi\\\/#breadcrumb\"},\"inLanguage\":\"en-GB\",\"potentialAction\":[{\"@type\":\"ReadAction\",\"target\":[\"https:\\\/\\\/matis.is\\\/frettir\\\/laerum-af-svium-og-styrkjum-stodu-islensks-kjots-i-samkeppni-vid-innflutning-og-onnur-matvaeli-a-markadi\\\/\"]}]},{\"@type\":\"ImageObject\",\"inLanguage\":\"en-GB\",\"@id\":\"https:\\\/\\\/matis.is\\\/frettir\\\/laerum-af-svium-og-styrkjum-stodu-islensks-kjots-i-samkeppni-vid-innflutning-og-onnur-matvaeli-a-markadi\\\/#primaryimage\",\"url\":\"https:\\\/\\\/matis.is\\\/wp-content\\\/uploads\\\/elin_stenberg_1500x630_web.jpg\",\"contentUrl\":\"https:\\\/\\\/matis.is\\\/wp-content\\\/uploads\\\/elin_stenberg_1500x630_web.jpg\",\"width\":1120,\"height\":407},{\"@type\":\"BreadcrumbList\",\"@id\":\"https:\\\/\\\/matis.is\\\/frettir\\\/laerum-af-svium-og-styrkjum-stodu-islensks-kjots-i-samkeppni-vid-innflutning-og-onnur-matvaeli-a-markadi\\\/#breadcrumb\",\"itemListElement\":[{\"@type\":\"ListItem\",\"position\":1,\"name\":\"Home\",\"item\":\"https:\\\/\\\/matis.is\\\/\"},{\"@type\":\"ListItem\",\"position\":2,\"name\":\"L\u00e6rum af Sv\u00edum og styrkjum st\u00f6\u00f0u \u00edslensks kj\u00f6ts \u00ed samkeppni vi\u00f0 innflutning og \u00f6nnur matv\u00e6li \u00e1 marka\u00f0i\"}]},{\"@type\":\"WebSite\",\"@id\":\"https:\\\/\\\/matis.is\\\/#website\",\"url\":\"https:\\\/\\\/matis.is\\\/\",\"name\":\"Mat\u00eds\",\"description\":\"Ver\u00f0m\u00e6task\u00f6pun, matv\u00e6la\u00f6ryggi og l\u00fd\u00f0heilsa\",\"publisher\":{\"@id\":\"https:\\\/\\\/matis.is\\\/#organization\"},\"potentialAction\":[{\"@type\":\"SearchAction\",\"target\":{\"@type\":\"EntryPoint\",\"urlTemplate\":\"https:\\\/\\\/matis.is\\\/?s={search_term_string}\"},\"query-input\":{\"@type\":\"PropertyValueSpecification\",\"valueRequired\":true,\"valueName\":\"search_term_string\"}}],\"inLanguage\":\"en-GB\"},{\"@type\":\"Organization\",\"@id\":\"https:\\\/\\\/matis.is\\\/#organization\",\"name\":\"Mat\u00eds ohf.\",\"url\":\"https:\\\/\\\/matis.is\\\/\",\"logo\":{\"@type\":\"ImageObject\",\"inLanguage\":\"en-GB\",\"@id\":\"https:\\\/\\\/matis.is\\\/#\\\/schema\\\/logo\\\/image\\\/\",\"url\":\"https:\\\/\\\/matis.is\\\/wp-content\\\/uploads\\\/2021\\\/02\\\/matis_logo_blatthvitt.png\",\"contentUrl\":\"https:\\\/\\\/matis.is\\\/wp-content\\\/uploads\\\/2021\\\/02\\\/matis_logo_blatthvitt.png\",\"width\":1507,\"height\":1507,\"caption\":\"Mat\u00eds ohf.\"},\"image\":{\"@id\":\"https:\\\/\\\/matis.is\\\/#\\\/schema\\\/logo\\\/image\\\/\"},\"sameAs\":[\"https:\\\/\\\/www.facebook.com\\\/matisiceland\",\"https:\\\/\\\/x.com\\\/matisiceland\",\"https:\\\/\\\/www.instagram.com\\\/matisiceland\\\/\",\"https:\\\/\\\/www.linkedin.com\\\/matisiceland\\\/\",\"https:\\\/\\\/www.youtube.com\\\/channel\\\/UCY-frt3uTqgVZW-DLjoo5bA\"]},{\"@type\":\"Person\",\"@id\":\"https:\\\/\\\/matis.is\\\/#\\\/schema\\\/person\\\/33b92c850c915c93e67f291e3381a49a\",\"name\":\"admin\",\"sameAs\":[\"https:\\\/\\\/matis.mareframe.eu\"],\"url\":\"https:\\\/\\\/matis.is\\\/en\\\/author\\\/thormodurmatis-is\\\/\"}]}<\/script>\n<!-- \/ Yoast SEO plugin. -->","yoast_head_json":{"title":"Learn from Sweden and strengthen the position of Icelandic meat in competition with imports and other foods on the market - Mat\u00eds","robots":{"index":"index","follow":"follow","max-snippet":"max-snippet:-1","max-image-preview":"max-image-preview:large","max-video-preview":"max-video-preview:-1"},"canonical":"https:\/\/matis.is\/en\/frettir\/laerum-af-svium-og-styrkjum-stodu-islensks-kjots-i-samkeppni-vid-innflutning-og-onnur-matvaeli-a-markadi\/","og_locale":"en_GB","og_type":"article","og_title":"L\u00e6rum af Sv\u00edum og styrkjum st\u00f6\u00f0u \u00edslensks kj\u00f6ts \u00ed samkeppni vi\u00f0 innflutning og \u00f6nnur matv\u00e6li \u00e1 marka\u00f0i - Mat\u00eds","og_description":"Elin Stenberg doktorsnemi vi\u00f0 Institut f\u00f6r husdjurens milj\u00f6 och h\u00e4lsa vi\u00f0 Landb\u00fana\u00f0arh\u00e1sk\u00f3la Sv\u00ed\u00fej\u00f3\u00f0ar \u00ed Skara&nbsp;ver\u00f0ur n\u00e6stu sex vikurnar \u00e1 Mat\u00eds [&hellip;]","og_url":"https:\/\/matis.is\/en\/frettir\/laerum-af-svium-og-styrkjum-stodu-islensks-kjots-i-samkeppni-vid-innflutning-og-onnur-matvaeli-a-markadi\/","og_site_name":"Mat\u00eds","article_publisher":"https:\/\/www.facebook.com\/matisiceland","article_published_time":"2018-10-03T15:18:00+00:00","article_modified_time":"2021-06-18T15:20:46+00:00","og_image":[{"width":1120,"height":407,"url":"https:\/\/matis.is\/wp-content\/uploads\/elin_stenberg_1500x630_web.jpg","type":"image\/jpeg"}],"author":"admin","twitter_card":"summary_large_image","twitter_creator":"@matisiceland","twitter_site":"@matisiceland","twitter_misc":{"Written by":"admin","Estimated reading time":"1 minute"},"schema":{"@context":"https:\/\/schema.org","@graph":[{"@type":"Article","@id":"https:\/\/matis.is\/frettir\/laerum-af-svium-og-styrkjum-stodu-islensks-kjots-i-samkeppni-vid-innflutning-og-onnur-matvaeli-a-markadi\/#article","isPartOf":{"@id":"https:\/\/matis.is\/frettir\/laerum-af-svium-og-styrkjum-stodu-islensks-kjots-i-samkeppni-vid-innflutning-og-onnur-matvaeli-a-markadi\/"},"author":{"name":"admin","@id":"https:\/\/matis.is\/#\/schema\/person\/33b92c850c915c93e67f291e3381a49a"},"headline":"L\u00e6rum af Sv\u00edum og styrkjum st\u00f6\u00f0u \u00edslensks kj\u00f6ts \u00ed samkeppni vi\u00f0 innflutning og \u00f6nnur matv\u00e6li \u00e1 marka\u00f0i","datePublished":"2018-10-03T15:18:00+00:00","dateModified":"2021-06-18T15:20:46+00:00","mainEntityOfPage":{"@id":"https:\/\/matis.is\/frettir\/laerum-af-svium-og-styrkjum-stodu-islensks-kjots-i-samkeppni-vid-innflutning-og-onnur-matvaeli-a-markadi\/"},"wordCount":321,"publisher":{"@id":"https:\/\/matis.is\/#organization"},"image":{"@id":"https:\/\/matis.is\/frettir\/laerum-af-svium-og-styrkjum-stodu-islensks-kjots-i-samkeppni-vid-innflutning-og-onnur-matvaeli-a-markadi\/#primaryimage"},"thumbnailUrl":"https:\/\/matis.is\/wp-content\/uploads\/elin_stenberg_1500x630_web.jpg","articleSection":["Fr\u00e9ttir"],"inLanguage":"en-GB"},{"@type":"WebPage","@id":"https:\/\/matis.is\/frettir\/laerum-af-svium-og-styrkjum-stodu-islensks-kjots-i-samkeppni-vid-innflutning-og-onnur-matvaeli-a-markadi\/","url":"https:\/\/matis.is\/frettir\/laerum-af-svium-og-styrkjum-stodu-islensks-kjots-i-samkeppni-vid-innflutning-og-onnur-matvaeli-a-markadi\/","name":"Learn from Sweden and strengthen the position of Icelandic meat in competition with imports and other foods on the market - Mat\u00eds","isPartOf":{"@id":"https:\/\/matis.is\/#website"},"primaryImageOfPage":{"@id":"https:\/\/matis.is\/frettir\/laerum-af-svium-og-styrkjum-stodu-islensks-kjots-i-samkeppni-vid-innflutning-og-onnur-matvaeli-a-markadi\/#primaryimage"},"image":{"@id":"https:\/\/matis.is\/frettir\/laerum-af-svium-og-styrkjum-stodu-islensks-kjots-i-samkeppni-vid-innflutning-og-onnur-matvaeli-a-markadi\/#primaryimage"},"thumbnailUrl":"https:\/\/matis.is\/wp-content\/uploads\/elin_stenberg_1500x630_web.jpg","datePublished":"2018-10-03T15:18:00+00:00","dateModified":"2021-06-18T15:20:46+00:00","breadcrumb":{"@id":"https:\/\/matis.is\/frettir\/laerum-af-svium-og-styrkjum-stodu-islensks-kjots-i-samkeppni-vid-innflutning-og-onnur-matvaeli-a-markadi\/#breadcrumb"},"inLanguage":"en-GB","potentialAction":[{"@type":"ReadAction","target":["https:\/\/matis.is\/frettir\/laerum-af-svium-og-styrkjum-stodu-islensks-kjots-i-samkeppni-vid-innflutning-og-onnur-matvaeli-a-markadi\/"]}]},{"@type":"ImageObject","inLanguage":"en-GB","@id":"https:\/\/matis.is\/frettir\/laerum-af-svium-og-styrkjum-stodu-islensks-kjots-i-samkeppni-vid-innflutning-og-onnur-matvaeli-a-markadi\/#primaryimage","url":"https:\/\/matis.is\/wp-content\/uploads\/elin_stenberg_1500x630_web.jpg","contentUrl":"https:\/\/matis.is\/wp-content\/uploads\/elin_stenberg_1500x630_web.jpg","width":1120,"height":407},{"@type":"BreadcrumbList","@id":"https:\/\/matis.is\/frettir\/laerum-af-svium-og-styrkjum-stodu-islensks-kjots-i-samkeppni-vid-innflutning-og-onnur-matvaeli-a-markadi\/#breadcrumb","itemListElement":[{"@type":"ListItem","position":1,"name":"Home","item":"https:\/\/matis.is\/"},{"@type":"ListItem","position":2,"name":"L\u00e6rum af Sv\u00edum og styrkjum st\u00f6\u00f0u \u00edslensks kj\u00f6ts \u00ed samkeppni vi\u00f0 innflutning og \u00f6nnur matv\u00e6li \u00e1 marka\u00f0i"}]},{"@type":"WebSite","@id":"https:\/\/matis.is\/#website","url":"https:\/\/matis.is\/","name":"Mat\u00eds","description":"Value creation, food security and public health","publisher":{"@id":"https:\/\/matis.is\/#organization"},"potentialAction":[{"@type":"SearchAction","target":{"@type":"EntryPoint","urlTemplate":"https:\/\/matis.is\/?s={search_term_string}"},"query-input":{"@type":"PropertyValueSpecification","valueRequired":true,"valueName":"search_term_string"}}],"inLanguage":"en-GB"},{"@type":"Organization","@id":"https:\/\/matis.is\/#organization","name":"Mat\u00eds ohf.","url":"https:\/\/matis.is\/","logo":{"@type":"ImageObject","inLanguage":"en-GB","@id":"https:\/\/matis.is\/#\/schema\/logo\/image\/","url":"https:\/\/matis.is\/wp-content\/uploads\/2021\/02\/matis_logo_blatthvitt.png","contentUrl":"https:\/\/matis.is\/wp-content\/uploads\/2021\/02\/matis_logo_blatthvitt.png","width":1507,"height":1507,"caption":"Mat\u00eds ohf."},"image":{"@id":"https:\/\/matis.is\/#\/schema\/logo\/image\/"},"sameAs":["https:\/\/www.facebook.com\/matisiceland","https:\/\/x.com\/matisiceland","https:\/\/www.instagram.com\/matisiceland\/","https:\/\/www.linkedin.com\/matisiceland\/","https:\/\/www.youtube.com\/channel\/UCY-frt3uTqgVZW-DLjoo5bA"]},{"@type":"Person","@id":"https:\/\/matis.is\/#\/schema\/person\/33b92c850c915c93e67f291e3381a49a","name":"admin","sameAs":["https:\/\/matis.mareframe.eu"],"url":"https:\/\/matis.is\/en\/author\/thormodurmatis-is\/"}]}},"spectra_custom_meta":{"_edit_lock":["1624029647:5"],"_thumbnail_id":["39656"],"_wp_page_template":["templates\/template-cover.php"],"_edit_last":["5"],"tengilidur":[""],"_tengilidur":["field_5ef905e0538b2"],"_yoast_wpseo_primary_category":["1973"],"_yoast_wpseo_content_score":["60"],"_yoast_wpseo_estimated-reading-time-minutes":["1"],"wpmm_postgrid_views":["396"],"_uag_css_file_name":["uag-css-39655.css"],"_uag_page_assets":["a:9:{s:3:\"css\";s:263:\".uag-blocks-common-selector{z-index:var(--z-index-desktop) !important}@media (max-width: 976px){.uag-blocks-common-selector{z-index:var(--z-index-tablet) !important}}@media (max-width: 767px){.uag-blocks-common-selector{z-index:var(--z-index-mobile) !important}}\n\";s:2:\"js\";s:0:\"\";s:18:\"current_block_list\";a:7:{i:0;s:12:\"core\/heading\";i:1;s:14:\"core\/paragraph\";i:2;s:9:\"core\/list\";i:3;s:12:\"core\/buttons\";i:4;s:11:\"core\/button\";i:5;s:12:\"core\/columns\";i:6;s:11:\"core\/column\";}s:8:\"uag_flag\";b:0;s:11:\"uag_version\";s:10:\"1777300790\";s:6:\"gfonts\";a:0:{}s:10:\"gfonts_url\";s:0:\"\";s:12:\"gfonts_files\";a:0:{}s:14:\"uag_faq_layout\";b:0;}"]},"uagb_featured_image_src":{"full":["https:\/\/matis.is\/wp-content\/uploads\/elin_stenberg_1500x630_web.jpg",1120,407,false],"thumbnail":["https:\/\/matis.is\/wp-content\/uploads\/elin_stenberg_1500x630_web-150x150.jpg",150,150,true],"medium":["https:\/\/matis.is\/wp-content\/uploads\/elin_stenberg_1500x630_web-300x109.jpg",300,109,true],"medium_large":["https:\/\/matis.is\/wp-content\/uploads\/elin_stenberg_1500x630_web-768x279.jpg",768,279,true],"large":["https:\/\/matis.is\/wp-content\/uploads\/elin_stenberg_1500x630_web-1024x372.jpg",1024,372,true],"1536x1536":["https:\/\/matis.is\/wp-content\/uploads\/elin_stenberg_1500x630_web.jpg",1120,407,false],"2048x2048":["https:\/\/matis.is\/wp-content\/uploads\/elin_stenberg_1500x630_web.jpg",1120,407,false],"trp-custom-language-flag":["https:\/\/matis.is\/wp-content\/uploads\/elin_stenberg_1500x630_web.jpg",18,7,false]},"uagb_author_info":{"display_name":"admin","author_link":"https:\/\/matis.is\/en\/author\/thormodurmatis-is\/"},"uagb_comment_info":0,"uagb_excerpt":"Elin Stenberg doktorsnemi vi\u00f0 Institut f\u00f6r husdjurens milj\u00f6 och h\u00e4lsa vi\u00f0 Landb\u00fana\u00f0arh\u00e1sk\u00f3la Sv\u00ed\u00fej\u00f3\u00f0ar \u00ed Skara&nbsp;ver\u00f0ur n\u00e6stu sex vikurnar \u00e1 Mat\u00eds [&hellip;]","_links":{"self":[{"href":"https:\/\/matis.is\/en\/wp-json\/wp\/v2\/posts\/39655","targetHints":{"allow":["GET"]}}],"collection":[{"href":"https:\/\/matis.is\/en\/wp-json\/wp\/v2\/posts"}],"about":[{"href":"https:\/\/matis.is\/en\/wp-json\/wp\/v2\/types\/post"}],"author":[{"embeddable":true,"href":"https:\/\/matis.is\/en\/wp-json\/wp\/v2\/users\/1"}],"replies":[{"embeddable":true,"href":"https:\/\/matis.is\/en\/wp-json\/wp\/v2\/comments?post=39655"}],"version-history":[{"count":1,"href":"https:\/\/matis.is\/en\/wp-json\/wp\/v2\/posts\/39655\/revisions"}],"predecessor-version":[{"id":39657,"href":"https:\/\/matis.is\/en\/wp-json\/wp\/v2\/posts\/39655\/revisions\/39657"}],"wp:featuredmedia":[{"embeddable":true,"href":"https:\/\/matis.is\/en\/wp-json\/wp\/v2\/media\/39656"}],"wp:attachment":[{"href":"https:\/\/matis.is\/en\/wp-json\/wp\/v2\/media?parent=39655"}],"wp:term":[{"taxonomy":"category","embeddable":true,"href":"https:\/\/matis.is\/en\/wp-json\/wp\/v2\/categories?post=39655"},{"taxonomy":"post_tag","embeddable":true,"href":"https:\/\/matis.is\/en\/wp-json\/wp\/v2\/tags?post=39655"}],"curies":[{"name":"wp","href":"https:\/\/api.w.org\/{rel}","templated":true}]}}