{"id":39747,"date":"2021-06-25T11:49:37","date_gmt":"2021-06-25T11:49:37","guid":{"rendered":"https:\/\/matis.is\/?p=39747"},"modified":"2021-09-01T10:42:49","modified_gmt":"2021-09-01T10:42:49","slug":"eit-food-inspire-sumarskolar-i-nyskopun-2021","status":"publish","type":"post","link":"https:\/\/matis.is\/en\/frettir\/eit-food-inspire-sumarskolar-i-nyskopun-2021\/","title":{"rendered":"EIT Food Inspire - summer schools in innovation 2021"},"content":{"rendered":"<h4 class=\"wp-block-heading\">The purpose of the Inspire summer schools under the auspices of EIT Food is to train students and young people in the labor market in innovation and to become entrepreneurs. Students will be trained in product development and business planning for new ideas and new opportunities related to current global food issues. In this way, they are prepared to face the challenges and changes that lie ahead in food production in the coming decades. In 2021, 6 summer schools will be offered, each of which will take about 3 weeks. Mat\u00eds will take part in summer schools about aquaculture and new protein sources in food that take place in late summer.&nbsp;<\/h4>\n\n\n\n<p>Applications have already been opened for summer school for new protein sources of the future!<\/p>\n\n\n\n<p>We encourage master&#039;s and doctoral students to study summer school alone and draw attention to the fact that most universities value these courses as 4 ECTS credits.&nbsp;<\/p>\n\n\n\n<p>Further information:&nbsp;<a href=\"https:\/\/www.eitfood.eu\/projects\/inspire\">https:\/\/www.eitfood.eu\/projects\/inspire<\/a><\/p>\n\n\n\n<div class=\"wp-block-buttons is-layout-flex wp-block-buttons-is-layout-flex\">\n<div class=\"wp-block-button\"><a class=\"wp-block-button__link\" href=\"https:\/\/apply.eitfood.eu\/courses\/course\/88-protein-future?_ga=2.218980505.1064211982.1624358232-1744927209.1599671539\" target=\"_blank\" rel=\"noreferrer noopener\">Apply here<\/a><\/div>\n<\/div>\n\n\n\n<p>\/\/ English version \/\/<\/p>\n\n\n\n<h2 class=\"wp-block-heading\">Protein for Future - summer school 2021.<\/h2>\n\n\n\n<h4 class=\"wp-block-heading\">Do you want to develop new ideas on the future proteins in our diet to counteract some of the causes of climate change through entrepreneurial capacity training in a 3 week summer school starting August 16th and ending September 3rd?&nbsp;<\/h4>\n\n\n\n<p>You will be taught how new and alternative proteins, like plant, cell and insect based proteins, can be integrated in our food systems. You will work and be coached in teams. You will end up in new business ideas that will be pitched in front of professional jury. Critical questions on how to develop a sustainable future food system will be addressed. How can new and alternative food proteins be integrated into our food systems? What are the technological obstacles, and what are the regulatory and consumer \/ market related barriers? How do we design and develop alternative proteins and how can we develop and formulate alternative protein based food products.<\/p>\n\n\n\n<p>More information:&nbsp;<a href=\"https:\/\/www.eitfood.eu\/projects\/inspire\">https:\/\/www.eitfood.eu\/projects\/inspire<\/a><\/p>\n\n\n\n<div class=\"wp-block-buttons is-layout-flex wp-block-buttons-is-layout-flex\">\n<div class=\"wp-block-button\"><a class=\"wp-block-button__link\" href=\"https:\/\/apply.eitfood.eu\/courses\/course\/88-protein-future?_ga=2.218980505.1064211982.1624358232-1744927209.1599671539\" target=\"_blank\" rel=\"noreferrer noopener\">APPLY HERE<\/a><\/div>\n<\/div>\n\n\n\n<figure class=\"wp-block-image size-large\"><img loading=\"lazy\" decoding=\"async\" width=\"714\" height=\"296\" src=\"https:\/\/matis.is\/wp-content\/uploads\/image001.png\" alt=\"\" class=\"wp-image-39748\" srcset=\"https:\/\/matis.is\/wp-content\/uploads\/image001.png 714w, https:\/\/matis.is\/wp-content\/uploads\/image001-300x124.png 300w\" sizes=\"auto, (max-width: 714px) 100vw, 714px\" \/><\/figure>","protected":false},"excerpt":{"rendered":"<p>Tilgangur Inspire sumarsk\u00f3lanna \u00e1 vegum EIT Food er a\u00f0 \u00fej\u00e1lfa nemendur og ungt f\u00f3lk \u00e1 vinnumarka\u00f0i \u00ed n\u00fdsk\u00f6pun og a\u00f0 [&hellip;]<\/p>\n","protected":false},"author":1,"featured_media":39749,"comment_status":"closed","ping_status":"closed","sticky":false,"template":"templates\/template-cover.php","format":"standard","meta":{"_acf_changed":false,"_uag_custom_page_level_css":"","site-sidebar-layout":"default","site-content-layout":"","ast-site-content-layout":"default","site-content-style":"default","site-sidebar-style":"default","ast-global-header-display":"","ast-banner-title-visibility":"","ast-main-header-display":"","ast-hfb-above-header-display":"","ast-hfb-below-header-display":"","ast-hfb-mobile-header-display":"","site-post-title":"","ast-breadcrumbs-content":"","ast-featured-img":"","footer-sml-layout":"","ast-disable-related-posts":"","theme-transparent-header-meta":"","adv-header-id-meta":"","stick-header-meta":"","header-above-stick-meta":"","header-main-stick-meta":"","header-below-stick-meta":"","astra-migrate-meta-layouts":"default","ast-page-background-enabled":"default","ast-page-background-meta":{"desktop":{"background-color":"var(--ast-global-color-5)","background-image":"","background-repeat":"repeat","background-position":"center center","background-size":"auto","background-attachment":"scroll","background-type":"","background-media":"","overlay-type":"","overlay-color":"","overlay-opacity":"","overlay-gradient":""},"tablet":{"background-color":"","background-image":"","background-repeat":"repeat","background-position":"center center","background-size":"auto","background-attachment":"scroll","background-type":"","background-media":"","overlay-type":"","overlay-color":"","overlay-opacity":"","overlay-gradient":""},"mobile":{"background-color":"","background-image":"","background-repeat":"repeat","background-position":"center center","background-size":"auto","background-attachment":"scroll","background-type":"","background-media":"","overlay-type":"","overlay-color":"","overlay-opacity":"","overlay-gradient":""}},"ast-content-background-meta":{"desktop":{"background-color":"var(--ast-global-color-4)","background-image":"","background-repeat":"repeat","background-position":"center center","background-size":"auto","background-attachment":"scroll","background-type":"","background-media":"","overlay-type":"","overlay-color":"","overlay-opacity":"","overlay-gradient":""},"tablet":{"background-color":"var(--ast-global-color-4)","background-image":"","background-repeat":"repeat","background-position":"center center","background-size":"auto","background-attachment":"scroll","background-type":"","background-media":"","overlay-type":"","overlay-color":"","overlay-opacity":"","overlay-gradient":""},"mobile":{"background-color":"var(--ast-global-color-4)","background-image":"","background-repeat":"repeat","background-position":"center center","background-size":"auto","background-attachment":"scroll","background-type":"","background-media":"","overlay-type":"","overlay-color":"","overlay-opacity":"","overlay-gradient":""}},"footnotes":""},"categories":[1973,1995],"tags":[],"class_list":["post-39747","post","type-post","status-publish","format-standard","has-post-thumbnail","hentry","category-frettir","category-vidburdir"],"acf":[],"yoast_head":"<!-- This site is optimized with the Yoast SEO plugin v27.4 - https:\/\/yoast.com\/product\/yoast-seo-wordpress\/ -->\n<title>EIT Food Inspire - sumarsk\u00f3lar \u00ed n\u00fdsk\u00f6pun 2021 - Mat\u00eds<\/title>\n<meta name=\"description\" content=\"Tilgangur Inspire sumarsk\u00f3lanna \u00e1 vegum EIT Food er a\u00f0 \u00fej\u00e1lfa nemendur og ungt f\u00f3lk \u00e1 vinnumarka\u00f0i \u00ed n\u00fdsk\u00f6pun og a\u00f0 ver\u00f0a frumkv\u00f6\u00f0lar. Nemendur ver\u00f0a \u00fej\u00e1lfa\u00f0ir \u00ed v\u00f6ru\u00fer\u00f3un og ger\u00f0 vi\u00f0skipta\u00e1\u00e6tlana um n\u00fdja hugmyndir og n\u00fd t\u00e6kif\u00e6ri sem tengjast atri\u00f0um sem eru efst \u00e1 baugi \u00ed tengslum vi\u00f0 matv\u00e6li \u00ed heiminum \u00ed dag. \u00deannig eru \u00feeir undirb\u00fanir til a\u00f0 takast \u00e1 vi\u00f0 \u00fe\u00e6r \u00e1skoranir og breytingar sem fram undan eru \u00ed matv\u00e6laframlei\u00f0slu \u00e1 n\u00e6stu \u00e1ratugum. \u00c1ri\u00f0 2021 er bo\u00f0i\u00f0 upp \u00e1 6 sumarsk\u00f3la en hver \u00feeirra tekur um 3 vikur. Mat\u00eds mun taka \u00fe\u00e1tt \u00ed sumarsk\u00f3lum um fiskeldi og n\u00fdja pr\u00f3teingjafa \u00ed matv\u00e6lum sem fara fram s\u00ed\u00f0la sumars.\" \/>\n<meta name=\"robots\" content=\"index, follow, max-snippet:-1, max-image-preview:large, max-video-preview:-1\" \/>\n<link rel=\"canonical\" href=\"https:\/\/matis.is\/en\/frettir\/eit-food-inspire-sumarskolar-i-nyskopun-2021\/\" \/>\n<meta property=\"og:locale\" content=\"en_GB\" \/>\n<meta property=\"og:type\" content=\"article\" \/>\n<meta property=\"og:title\" content=\"EIT Food Inspire - sumarsk\u00f3lar \u00ed n\u00fdsk\u00f6pun 2021 - Mat\u00eds\" \/>\n<meta property=\"og:description\" content=\"Tilgangur Inspire sumarsk\u00f3lanna \u00e1 vegum EIT Food er a\u00f0 \u00fej\u00e1lfa nemendur og ungt f\u00f3lk \u00e1 vinnumarka\u00f0i \u00ed n\u00fdsk\u00f6pun og a\u00f0 ver\u00f0a frumkv\u00f6\u00f0lar. Nemendur ver\u00f0a \u00fej\u00e1lfa\u00f0ir \u00ed v\u00f6ru\u00fer\u00f3un og ger\u00f0 vi\u00f0skipta\u00e1\u00e6tlana um n\u00fdja hugmyndir og n\u00fd t\u00e6kif\u00e6ri sem tengjast atri\u00f0um sem eru efst \u00e1 baugi \u00ed tengslum vi\u00f0 matv\u00e6li \u00ed heiminum \u00ed dag. \u00deannig eru \u00feeir undirb\u00fanir til a\u00f0 takast \u00e1 vi\u00f0 \u00fe\u00e6r \u00e1skoranir og breytingar sem fram undan eru \u00ed matv\u00e6laframlei\u00f0slu \u00e1 n\u00e6stu \u00e1ratugum. \u00c1ri\u00f0 2021 er bo\u00f0i\u00f0 upp \u00e1 6 sumarsk\u00f3la en hver \u00feeirra tekur um 3 vikur. Mat\u00eds mun taka \u00fe\u00e1tt \u00ed sumarsk\u00f3lum um fiskeldi og n\u00fdja pr\u00f3teingjafa \u00ed matv\u00e6lum sem fara fram s\u00ed\u00f0la sumars.\" \/>\n<meta property=\"og:url\" content=\"https:\/\/matis.is\/en\/frettir\/eit-food-inspire-sumarskolar-i-nyskopun-2021\/\" \/>\n<meta property=\"og:site_name\" content=\"Mat\u00eds\" \/>\n<meta property=\"article:publisher\" content=\"https:\/\/www.facebook.com\/matisiceland\" \/>\n<meta property=\"article:published_time\" content=\"2021-06-25T11:49:37+00:00\" \/>\n<meta property=\"article:modified_time\" content=\"2021-09-01T10:42:49+00:00\" \/>\n<meta property=\"og:image\" content=\"https:\/\/matis.is\/wp-content\/uploads\/LinkedIn-Protein-for-the-Future.jpg\" \/>\n\t<meta property=\"og:image:width\" content=\"2500\" \/>\n\t<meta property=\"og:image:height\" content=\"1308\" \/>\n\t<meta property=\"og:image:type\" content=\"image\/jpeg\" \/>\n<meta name=\"author\" content=\"admin\" \/>\n<meta name=\"twitter:card\" content=\"summary_large_image\" \/>\n<meta name=\"twitter:creator\" content=\"@matisiceland\" \/>\n<meta name=\"twitter:site\" content=\"@matisiceland\" \/>\n<meta name=\"twitter:label1\" content=\"Written by\" \/>\n\t<meta name=\"twitter:data1\" content=\"admin\" \/>\n\t<meta name=\"twitter:label2\" content=\"Estimated reading time\" \/>\n\t<meta name=\"twitter:data2\" content=\"2 minutes\" \/>\n<script type=\"application\/ld+json\" class=\"yoast-schema-graph\">{\"@context\":\"https:\\\/\\\/schema.org\",\"@graph\":[{\"@type\":\"Article\",\"@id\":\"https:\\\/\\\/matis.is\\\/en\\\/frettir\\\/eit-food-inspire-sumarskolar-i-nyskopun-2021\\\/#article\",\"isPartOf\":{\"@id\":\"https:\\\/\\\/matis.is\\\/en\\\/frettir\\\/eit-food-inspire-sumarskolar-i-nyskopun-2021\\\/\"},\"author\":{\"name\":\"admin\",\"@id\":\"https:\\\/\\\/matis.is\\\/#\\\/schema\\\/person\\\/33b92c850c915c93e67f291e3381a49a\"},\"headline\":\"EIT Food Inspire &#8211; sumarsk\u00f3lar \u00ed n\u00fdsk\u00f6pun 2021\",\"datePublished\":\"2021-06-25T11:49:37+00:00\",\"dateModified\":\"2021-09-01T10:42:49+00:00\",\"mainEntityOfPage\":{\"@id\":\"https:\\\/\\\/matis.is\\\/en\\\/frettir\\\/eit-food-inspire-sumarskolar-i-nyskopun-2021\\\/\"},\"wordCount\":366,\"publisher\":{\"@id\":\"https:\\\/\\\/matis.is\\\/#organization\"},\"image\":{\"@id\":\"https:\\\/\\\/matis.is\\\/en\\\/frettir\\\/eit-food-inspire-sumarskolar-i-nyskopun-2021\\\/#primaryimage\"},\"thumbnailUrl\":\"https:\\\/\\\/matis.is\\\/wp-content\\\/uploads\\\/LinkedIn-Protein-for-the-Future.jpg\",\"articleSection\":[\"Fr\u00e9ttir\",\"Vi\u00f0bur\u00f0ir\"],\"inLanguage\":\"en-GB\"},{\"@type\":\"WebPage\",\"@id\":\"https:\\\/\\\/matis.is\\\/en\\\/frettir\\\/eit-food-inspire-sumarskolar-i-nyskopun-2021\\\/\",\"url\":\"https:\\\/\\\/matis.is\\\/en\\\/frettir\\\/eit-food-inspire-sumarskolar-i-nyskopun-2021\\\/\",\"name\":\"EIT Food Inspire - sumarsk\u00f3lar \u00ed n\u00fdsk\u00f6pun 2021 - Mat\u00eds\",\"isPartOf\":{\"@id\":\"https:\\\/\\\/matis.is\\\/#website\"},\"primaryImageOfPage\":{\"@id\":\"https:\\\/\\\/matis.is\\\/en\\\/frettir\\\/eit-food-inspire-sumarskolar-i-nyskopun-2021\\\/#primaryimage\"},\"image\":{\"@id\":\"https:\\\/\\\/matis.is\\\/en\\\/frettir\\\/eit-food-inspire-sumarskolar-i-nyskopun-2021\\\/#primaryimage\"},\"thumbnailUrl\":\"https:\\\/\\\/matis.is\\\/wp-content\\\/uploads\\\/LinkedIn-Protein-for-the-Future.jpg\",\"datePublished\":\"2021-06-25T11:49:37+00:00\",\"dateModified\":\"2021-09-01T10:42:49+00:00\",\"description\":\"Tilgangur Inspire sumarsk\u00f3lanna \u00e1 vegum EIT Food er a\u00f0 \u00fej\u00e1lfa nemendur og ungt f\u00f3lk \u00e1 vinnumarka\u00f0i \u00ed n\u00fdsk\u00f6pun og a\u00f0 ver\u00f0a frumkv\u00f6\u00f0lar. Nemendur ver\u00f0a \u00fej\u00e1lfa\u00f0ir \u00ed v\u00f6ru\u00fer\u00f3un og ger\u00f0 vi\u00f0skipta\u00e1\u00e6tlana um n\u00fdja hugmyndir og n\u00fd t\u00e6kif\u00e6ri sem tengjast atri\u00f0um sem eru efst \u00e1 baugi \u00ed tengslum vi\u00f0 matv\u00e6li \u00ed heiminum \u00ed dag. \u00deannig eru \u00feeir undirb\u00fanir til a\u00f0 takast \u00e1 vi\u00f0 \u00fe\u00e6r \u00e1skoranir og breytingar sem fram undan eru \u00ed matv\u00e6laframlei\u00f0slu \u00e1 n\u00e6stu \u00e1ratugum. \u00c1ri\u00f0 2021 er bo\u00f0i\u00f0 upp \u00e1 6 sumarsk\u00f3la en hver \u00feeirra tekur um 3 vikur. Mat\u00eds mun taka \u00fe\u00e1tt \u00ed sumarsk\u00f3lum um fiskeldi og n\u00fdja pr\u00f3teingjafa \u00ed matv\u00e6lum sem fara fram s\u00ed\u00f0la sumars.\",\"breadcrumb\":{\"@id\":\"https:\\\/\\\/matis.is\\\/en\\\/frettir\\\/eit-food-inspire-sumarskolar-i-nyskopun-2021\\\/#breadcrumb\"},\"inLanguage\":\"en-GB\",\"potentialAction\":[{\"@type\":\"ReadAction\",\"target\":[\"https:\\\/\\\/matis.is\\\/en\\\/frettir\\\/eit-food-inspire-sumarskolar-i-nyskopun-2021\\\/\"]}]},{\"@type\":\"ImageObject\",\"inLanguage\":\"en-GB\",\"@id\":\"https:\\\/\\\/matis.is\\\/en\\\/frettir\\\/eit-food-inspire-sumarskolar-i-nyskopun-2021\\\/#primaryimage\",\"url\":\"https:\\\/\\\/matis.is\\\/wp-content\\\/uploads\\\/LinkedIn-Protein-for-the-Future.jpg\",\"contentUrl\":\"https:\\\/\\\/matis.is\\\/wp-content\\\/uploads\\\/LinkedIn-Protein-for-the-Future.jpg\",\"width\":2500,\"height\":1308},{\"@type\":\"BreadcrumbList\",\"@id\":\"https:\\\/\\\/matis.is\\\/en\\\/frettir\\\/eit-food-inspire-sumarskolar-i-nyskopun-2021\\\/#breadcrumb\",\"itemListElement\":[{\"@type\":\"ListItem\",\"position\":1,\"name\":\"Home\",\"item\":\"https:\\\/\\\/matis.is\\\/\"},{\"@type\":\"ListItem\",\"position\":2,\"name\":\"EIT Food Inspire &#8211; sumarsk\u00f3lar \u00ed n\u00fdsk\u00f6pun 2021\"}]},{\"@type\":\"WebSite\",\"@id\":\"https:\\\/\\\/matis.is\\\/#website\",\"url\":\"https:\\\/\\\/matis.is\\\/\",\"name\":\"Mat\u00eds\",\"description\":\"Ver\u00f0m\u00e6task\u00f6pun, matv\u00e6la\u00f6ryggi og l\u00fd\u00f0heilsa\",\"publisher\":{\"@id\":\"https:\\\/\\\/matis.is\\\/#organization\"},\"potentialAction\":[{\"@type\":\"SearchAction\",\"target\":{\"@type\":\"EntryPoint\",\"urlTemplate\":\"https:\\\/\\\/matis.is\\\/?s={search_term_string}\"},\"query-input\":{\"@type\":\"PropertyValueSpecification\",\"valueRequired\":true,\"valueName\":\"search_term_string\"}}],\"inLanguage\":\"en-GB\"},{\"@type\":\"Organization\",\"@id\":\"https:\\\/\\\/matis.is\\\/#organization\",\"name\":\"Mat\u00eds ohf.\",\"url\":\"https:\\\/\\\/matis.is\\\/\",\"logo\":{\"@type\":\"ImageObject\",\"inLanguage\":\"en-GB\",\"@id\":\"https:\\\/\\\/matis.is\\\/#\\\/schema\\\/logo\\\/image\\\/\",\"url\":\"https:\\\/\\\/matis.is\\\/wp-content\\\/uploads\\\/2021\\\/02\\\/matis_logo_blatthvitt.png\",\"contentUrl\":\"https:\\\/\\\/matis.is\\\/wp-content\\\/uploads\\\/2021\\\/02\\\/matis_logo_blatthvitt.png\",\"width\":1507,\"height\":1507,\"caption\":\"Mat\u00eds ohf.\"},\"image\":{\"@id\":\"https:\\\/\\\/matis.is\\\/#\\\/schema\\\/logo\\\/image\\\/\"},\"sameAs\":[\"https:\\\/\\\/www.facebook.com\\\/matisiceland\",\"https:\\\/\\\/x.com\\\/matisiceland\",\"https:\\\/\\\/www.instagram.com\\\/matisiceland\\\/\",\"https:\\\/\\\/www.linkedin.com\\\/matisiceland\\\/\",\"https:\\\/\\\/www.youtube.com\\\/channel\\\/UCY-frt3uTqgVZW-DLjoo5bA\"]},{\"@type\":\"Person\",\"@id\":\"https:\\\/\\\/matis.is\\\/#\\\/schema\\\/person\\\/33b92c850c915c93e67f291e3381a49a\",\"name\":\"admin\",\"sameAs\":[\"https:\\\/\\\/matis.mareframe.eu\"],\"url\":\"https:\\\/\\\/matis.is\\\/en\\\/author\\\/thormodurmatis-is\\\/\"}]}<\/script>\n<!-- \/ Yoast SEO plugin. -->","yoast_head_json":{"title":"EIT Food Inspire - summer schools in innovation 2021 - Mat\u00eds","description":"The purpose of the Inspire summer schools under the auspices of EIT Food is to train students and young people in the labor market in innovation and to become entrepreneurs. Students will be trained in product development and business planning for new ideas and new opportunities related to current global food issues. In this way, they are prepared to face the challenges and changes that lie ahead in food production in the coming decades. In 2021, 6 summer schools will be offered, each of which will take about 3 weeks. Mat\u00eds will take part in summer schools about aquaculture and new protein sources in food that take place in late summer.","robots":{"index":"index","follow":"follow","max-snippet":"max-snippet:-1","max-image-preview":"max-image-preview:large","max-video-preview":"max-video-preview:-1"},"canonical":"https:\/\/matis.is\/en\/frettir\/eit-food-inspire-sumarskolar-i-nyskopun-2021\/","og_locale":"en_GB","og_type":"article","og_title":"EIT Food Inspire - sumarsk\u00f3lar \u00ed n\u00fdsk\u00f6pun 2021 - Mat\u00eds","og_description":"Tilgangur Inspire sumarsk\u00f3lanna \u00e1 vegum EIT Food er a\u00f0 \u00fej\u00e1lfa nemendur og ungt f\u00f3lk \u00e1 vinnumarka\u00f0i \u00ed n\u00fdsk\u00f6pun og a\u00f0 ver\u00f0a frumkv\u00f6\u00f0lar. Nemendur ver\u00f0a \u00fej\u00e1lfa\u00f0ir \u00ed v\u00f6ru\u00fer\u00f3un og ger\u00f0 vi\u00f0skipta\u00e1\u00e6tlana um n\u00fdja hugmyndir og n\u00fd t\u00e6kif\u00e6ri sem tengjast atri\u00f0um sem eru efst \u00e1 baugi \u00ed tengslum vi\u00f0 matv\u00e6li \u00ed heiminum \u00ed dag. \u00deannig eru \u00feeir undirb\u00fanir til a\u00f0 takast \u00e1 vi\u00f0 \u00fe\u00e6r \u00e1skoranir og breytingar sem fram undan eru \u00ed matv\u00e6laframlei\u00f0slu \u00e1 n\u00e6stu \u00e1ratugum. \u00c1ri\u00f0 2021 er bo\u00f0i\u00f0 upp \u00e1 6 sumarsk\u00f3la en hver \u00feeirra tekur um 3 vikur. Mat\u00eds mun taka \u00fe\u00e1tt \u00ed sumarsk\u00f3lum um fiskeldi og n\u00fdja pr\u00f3teingjafa \u00ed matv\u00e6lum sem fara fram s\u00ed\u00f0la sumars.","og_url":"https:\/\/matis.is\/en\/frettir\/eit-food-inspire-sumarskolar-i-nyskopun-2021\/","og_site_name":"Mat\u00eds","article_publisher":"https:\/\/www.facebook.com\/matisiceland","article_published_time":"2021-06-25T11:49:37+00:00","article_modified_time":"2021-09-01T10:42:49+00:00","og_image":[{"width":2500,"height":1308,"url":"https:\/\/matis.is\/wp-content\/uploads\/LinkedIn-Protein-for-the-Future.jpg","type":"image\/jpeg"}],"author":"admin","twitter_card":"summary_large_image","twitter_creator":"@matisiceland","twitter_site":"@matisiceland","twitter_misc":{"Written by":"admin","Estimated reading time":"2 minutes"},"schema":{"@context":"https:\/\/schema.org","@graph":[{"@type":"Article","@id":"https:\/\/matis.is\/en\/frettir\/eit-food-inspire-sumarskolar-i-nyskopun-2021\/#article","isPartOf":{"@id":"https:\/\/matis.is\/en\/frettir\/eit-food-inspire-sumarskolar-i-nyskopun-2021\/"},"author":{"name":"admin","@id":"https:\/\/matis.is\/#\/schema\/person\/33b92c850c915c93e67f291e3381a49a"},"headline":"EIT Food Inspire &#8211; sumarsk\u00f3lar \u00ed n\u00fdsk\u00f6pun 2021","datePublished":"2021-06-25T11:49:37+00:00","dateModified":"2021-09-01T10:42:49+00:00","mainEntityOfPage":{"@id":"https:\/\/matis.is\/en\/frettir\/eit-food-inspire-sumarskolar-i-nyskopun-2021\/"},"wordCount":366,"publisher":{"@id":"https:\/\/matis.is\/#organization"},"image":{"@id":"https:\/\/matis.is\/en\/frettir\/eit-food-inspire-sumarskolar-i-nyskopun-2021\/#primaryimage"},"thumbnailUrl":"https:\/\/matis.is\/wp-content\/uploads\/LinkedIn-Protein-for-the-Future.jpg","articleSection":["Fr\u00e9ttir","Vi\u00f0bur\u00f0ir"],"inLanguage":"en-GB"},{"@type":"WebPage","@id":"https:\/\/matis.is\/en\/frettir\/eit-food-inspire-sumarskolar-i-nyskopun-2021\/","url":"https:\/\/matis.is\/en\/frettir\/eit-food-inspire-sumarskolar-i-nyskopun-2021\/","name":"EIT Food Inspire - summer schools in innovation 2021 - Mat\u00eds","isPartOf":{"@id":"https:\/\/matis.is\/#website"},"primaryImageOfPage":{"@id":"https:\/\/matis.is\/en\/frettir\/eit-food-inspire-sumarskolar-i-nyskopun-2021\/#primaryimage"},"image":{"@id":"https:\/\/matis.is\/en\/frettir\/eit-food-inspire-sumarskolar-i-nyskopun-2021\/#primaryimage"},"thumbnailUrl":"https:\/\/matis.is\/wp-content\/uploads\/LinkedIn-Protein-for-the-Future.jpg","datePublished":"2021-06-25T11:49:37+00:00","dateModified":"2021-09-01T10:42:49+00:00","description":"The purpose of the Inspire summer schools under the auspices of EIT Food is to train students and young people in the labor market in innovation and to become entrepreneurs. Students will be trained in product development and business planning for new ideas and new opportunities related to current global food issues. In this way, they are prepared to face the challenges and changes that lie ahead in food production in the coming decades. In 2021, 6 summer schools will be offered, each of which will take about 3 weeks. Mat\u00eds will take part in summer schools about aquaculture and new protein sources in food that take place in late summer.","breadcrumb":{"@id":"https:\/\/matis.is\/en\/frettir\/eit-food-inspire-sumarskolar-i-nyskopun-2021\/#breadcrumb"},"inLanguage":"en-GB","potentialAction":[{"@type":"ReadAction","target":["https:\/\/matis.is\/en\/frettir\/eit-food-inspire-sumarskolar-i-nyskopun-2021\/"]}]},{"@type":"ImageObject","inLanguage":"en-GB","@id":"https:\/\/matis.is\/en\/frettir\/eit-food-inspire-sumarskolar-i-nyskopun-2021\/#primaryimage","url":"https:\/\/matis.is\/wp-content\/uploads\/LinkedIn-Protein-for-the-Future.jpg","contentUrl":"https:\/\/matis.is\/wp-content\/uploads\/LinkedIn-Protein-for-the-Future.jpg","width":2500,"height":1308},{"@type":"BreadcrumbList","@id":"https:\/\/matis.is\/en\/frettir\/eit-food-inspire-sumarskolar-i-nyskopun-2021\/#breadcrumb","itemListElement":[{"@type":"ListItem","position":1,"name":"Home","item":"https:\/\/matis.is\/"},{"@type":"ListItem","position":2,"name":"EIT Food Inspire &#8211; sumarsk\u00f3lar \u00ed n\u00fdsk\u00f6pun 2021"}]},{"@type":"WebSite","@id":"https:\/\/matis.is\/#website","url":"https:\/\/matis.is\/","name":"Mat\u00eds","description":"Value creation, food security and public health","publisher":{"@id":"https:\/\/matis.is\/#organization"},"potentialAction":[{"@type":"SearchAction","target":{"@type":"EntryPoint","urlTemplate":"https:\/\/matis.is\/?s={search_term_string}"},"query-input":{"@type":"PropertyValueSpecification","valueRequired":true,"valueName":"search_term_string"}}],"inLanguage":"en-GB"},{"@type":"Organization","@id":"https:\/\/matis.is\/#organization","name":"Mat\u00eds ohf.","url":"https:\/\/matis.is\/","logo":{"@type":"ImageObject","inLanguage":"en-GB","@id":"https:\/\/matis.is\/#\/schema\/logo\/image\/","url":"https:\/\/matis.is\/wp-content\/uploads\/2021\/02\/matis_logo_blatthvitt.png","contentUrl":"https:\/\/matis.is\/wp-content\/uploads\/2021\/02\/matis_logo_blatthvitt.png","width":1507,"height":1507,"caption":"Mat\u00eds ohf."},"image":{"@id":"https:\/\/matis.is\/#\/schema\/logo\/image\/"},"sameAs":["https:\/\/www.facebook.com\/matisiceland","https:\/\/x.com\/matisiceland","https:\/\/www.instagram.com\/matisiceland\/","https:\/\/www.linkedin.com\/matisiceland\/","https:\/\/www.youtube.com\/channel\/UCY-frt3uTqgVZW-DLjoo5bA"]},{"@type":"Person","@id":"https:\/\/matis.is\/#\/schema\/person\/33b92c850c915c93e67f291e3381a49a","name":"admin","sameAs":["https:\/\/matis.mareframe.eu"],"url":"https:\/\/matis.is\/en\/author\/thormodurmatis-is\/"}]}},"spectra_custom_meta":{"_edit_lock":["1630492970:5"],"_thumbnail_id":["39749"],"_edit_last":["5"],"tengilidur":[""],"_tengilidur":["field_5ef905e0538b2"],"_yoast_wpseo_primary_category":["1973"],"_yoast_wpseo_content_score":["30"],"_yoast_wpseo_estimated-reading-time-minutes":["2"],"_wp_page_template":["templates\/template-cover.php"],"_yoast_wpseo_metadesc":["Tilgangur Inspire sumarsk\u00f3lanna \u00e1 vegum EIT Food er a\u00f0 \u00fej\u00e1lfa nemendur og ungt f\u00f3lk \u00e1 vinnumarka\u00f0i \u00ed n\u00fdsk\u00f6pun og a\u00f0 ver\u00f0a frumkv\u00f6\u00f0lar. Nemendur ver\u00f0a \u00fej\u00e1lfa\u00f0ir \u00ed v\u00f6ru\u00fer\u00f3un og ger\u00f0 vi\u00f0skipta\u00e1\u00e6tlana um n\u00fdja hugmyndir og n\u00fd t\u00e6kif\u00e6ri sem tengjast atri\u00f0um sem eru efst \u00e1 baugi \u00ed tengslum vi\u00f0 matv\u00e6li \u00ed heiminum \u00ed dag. \u00deannig eru \u00feeir undirb\u00fanir til a\u00f0 takast \u00e1 vi\u00f0 \u00fe\u00e6r \u00e1skoranir og breytingar sem fram undan eru \u00ed matv\u00e6laframlei\u00f0slu \u00e1 n\u00e6stu \u00e1ratugum. \u00c1ri\u00f0 2021 er bo\u00f0i\u00f0 upp \u00e1 6 sumarsk\u00f3la en hver \u00feeirra tekur um 3 vikur. Mat\u00eds mun taka \u00fe\u00e1tt \u00ed sumarsk\u00f3lum um fiskeldi og n\u00fdja pr\u00f3teingjafa \u00ed matv\u00e6lum sem fara fram s\u00ed\u00f0la sumars."],"wpmm_postgrid_views":["545"],"_uag_css_file_name":["uag-css-39747.css"],"_uag_page_assets":["a:9:{s:3:\"css\";s:263:\".uag-blocks-common-selector{z-index:var(--z-index-desktop) !important}@media (max-width: 976px){.uag-blocks-common-selector{z-index:var(--z-index-tablet) !important}}@media (max-width: 767px){.uag-blocks-common-selector{z-index:var(--z-index-mobile) !important}}\n\";s:2:\"js\";s:0:\"\";s:18:\"current_block_list\";a:7:{i:0;s:12:\"core\/heading\";i:1;s:14:\"core\/paragraph\";i:2;s:12:\"core\/buttons\";i:3;s:11:\"core\/button\";i:4;s:10:\"core\/image\";i:5;s:12:\"core\/columns\";i:6;s:11:\"core\/column\";}s:8:\"uag_flag\";b:0;s:11:\"uag_version\";s:10:\"1777300790\";s:6:\"gfonts\";a:0:{}s:10:\"gfonts_url\";s:0:\"\";s:12:\"gfonts_files\";a:0:{}s:14:\"uag_faq_layout\";b:0;}"]},"uagb_featured_image_src":{"full":["https:\/\/matis.is\/wp-content\/uploads\/LinkedIn-Protein-for-the-Future.jpg",2500,1308,false],"thumbnail":["https:\/\/matis.is\/wp-content\/uploads\/LinkedIn-Protein-for-the-Future-150x150.jpg",150,150,true],"medium":["https:\/\/matis.is\/wp-content\/uploads\/LinkedIn-Protein-for-the-Future-300x157.jpg",300,157,true],"medium_large":["https:\/\/matis.is\/wp-content\/uploads\/LinkedIn-Protein-for-the-Future-768x402.jpg",768,402,true],"large":["https:\/\/matis.is\/wp-content\/uploads\/LinkedIn-Protein-for-the-Future-1024x536.jpg",1024,536,true],"1536x1536":["https:\/\/matis.is\/wp-content\/uploads\/LinkedIn-Protein-for-the-Future-1536x804.jpg",1536,804,true],"2048x2048":["https:\/\/matis.is\/wp-content\/uploads\/LinkedIn-Protein-for-the-Future-2048x1072.jpg",2048,1072,true],"trp-custom-language-flag":["https:\/\/matis.is\/wp-content\/uploads\/LinkedIn-Protein-for-the-Future.jpg",18,9,false]},"uagb_author_info":{"display_name":"admin","author_link":"https:\/\/matis.is\/en\/author\/thormodurmatis-is\/"},"uagb_comment_info":0,"uagb_excerpt":"Tilgangur Inspire sumarsk\u00f3lanna \u00e1 vegum EIT Food er a\u00f0 \u00fej\u00e1lfa nemendur og ungt f\u00f3lk \u00e1 vinnumarka\u00f0i \u00ed n\u00fdsk\u00f6pun og a\u00f0 [&hellip;]","_links":{"self":[{"href":"https:\/\/matis.is\/en\/wp-json\/wp\/v2\/posts\/39747","targetHints":{"allow":["GET"]}}],"collection":[{"href":"https:\/\/matis.is\/en\/wp-json\/wp\/v2\/posts"}],"about":[{"href":"https:\/\/matis.is\/en\/wp-json\/wp\/v2\/types\/post"}],"author":[{"embeddable":true,"href":"https:\/\/matis.is\/en\/wp-json\/wp\/v2\/users\/1"}],"replies":[{"embeddable":true,"href":"https:\/\/matis.is\/en\/wp-json\/wp\/v2\/comments?post=39747"}],"version-history":[{"count":7,"href":"https:\/\/matis.is\/en\/wp-json\/wp\/v2\/posts\/39747\/revisions"}],"predecessor-version":[{"id":44087,"href":"https:\/\/matis.is\/en\/wp-json\/wp\/v2\/posts\/39747\/revisions\/44087"}],"wp:featuredmedia":[{"embeddable":true,"href":"https:\/\/matis.is\/en\/wp-json\/wp\/v2\/media\/39749"}],"wp:attachment":[{"href":"https:\/\/matis.is\/en\/wp-json\/wp\/v2\/media?parent=39747"}],"wp:term":[{"taxonomy":"category","embeddable":true,"href":"https:\/\/matis.is\/en\/wp-json\/wp\/v2\/categories?post=39747"},{"taxonomy":"post_tag","embeddable":true,"href":"https:\/\/matis.is\/en\/wp-json\/wp\/v2\/tags?post=39747"}],"curies":[{"name":"wp","href":"https:\/\/api.w.org\/{rel}","templated":true}]}}