{"id":40044,"date":"2018-04-03T10:06:00","date_gmt":"2018-04-03T10:06:00","guid":{"rendered":"https:\/\/matis.is\/?p=40044"},"modified":"2021-07-12T10:12:02","modified_gmt":"2021-07-12T10:12:02","slug":"umhverfishatid-i-norraena-husinu-gerum-heimilin-graenni","status":"publish","type":"post","link":"https:\/\/matis.is\/en\/frettir\/umhverfishatid-i-norraena-husinu-gerum-heimilin-graenni\/","title":{"rendered":"Nordic House Environment Festival - Make homes greener!"},"content":{"rendered":"<h4 class=\"wp-block-heading\">The weekend 7.-8. April, a varied environmental program will be offered at the Nordic House for guests of all ages. The goal is to present simple and fun solutions that promote environmentally friendly and greener homes.<\/h4>\n\n\n\n<p>Workshops, lectures, seminars, presentations, design exhibitions and documentaries will be offered, among other things. The events have in common to present ways to make better use of the values all around us and reduce waste in various areas.<\/p>\n\n\n\n<p>Our homes - houses and gardens - are small ecosystems where we set the rules!<\/p>\n\n\n\n<p><strong>The main partners are: Gar\u00f0yrkjuf\u00e9lag \u00cdslands, Landvernd, Listah\u00e1sk\u00f3li \u00cdslands, Mat\u00eds, Sorpa, Umhverfisstofnun and Vakandi. The Nordic Focus is involved in planning and sponsoring the environmental festival.<\/strong><\/p>\n\n\n\n<p>Participation is free and everyone is welcome as long as accommodation allows. No registration required - just come! \ud83d\ude42<\/p>\n\n\n\n<p>More about the event can be found at&nbsp;<a href=\"https:\/\/www.facebook.com\/events\/404903303305210\/?event_time_id=404903309971876\" target=\"_blank\" rel=\"noreferrer noopener\">Facebook<\/a>.&nbsp;<\/p>\n\n\n\n<h3 class=\"wp-block-heading\"><strong>Events for children \/ families<\/strong><\/h3>\n\n\n\n<ul class=\"wp-block-list\"><li><strong>Landvern Environmental School<\/strong>, Sunday<\/li><li><strong>A visit to the greenhouse to Grandma Nature<\/strong>, plant and get good advice for the garden, Saturday and Sunday at 13-16<\/li><li><strong>The Wonder Workshop<\/strong>, want to create a weird fish or an alien? You choose! in the workshop, work will be done with textile material that is produced during production in Iceland, Saturday at 14-16 (registration)<\/li><li><strong>The spring works in Vatnsm\u00fdri,&nbsp;<\/strong>bird protection stands for celebration in the bird sanctuary in Vatnsm\u00fdri, a walk for good! Saturday at 13-17.<\/li><\/ul>\n\n\n\n<h3 class=\"wp-block-heading\"><strong>Other events<\/strong><\/h3>\n\n\n\n<ul class=\"wp-block-list\"><li><strong>This is how we reduce food waste \/ Lectures<\/strong>: Selina Juul from&nbsp;<a href=\"http:\/\/stopspildafmad.org\/\" target=\"_blank\" rel=\"noreferrer noopener\">Stop Food Waste<\/a>&nbsp;and Klaus B. Pedersen from&nbsp;<a href=\"https:\/\/toogoodtogo.com\/\" target=\"_blank\" rel=\"noreferrer noopener\">Too Good To Go<\/a>. Both have received the Nordic Council&#039;s Environment Prize for their excellent results in the fight against food waste, Saturday at 16-17. Chat and taste after the lectures.<\/li><li><strong>Sauerkraut for gourmets:<\/strong>&nbsp;Dagn\u00fd Hermannsd\u00f3ttir teaches guests about both ancient and modern methods of pickling vegetables. Guests get the opportunity to taste unique samples from Dagn\u00fd&#039;s garden! Sunday.<\/li><li><strong>Advanced course in composting<\/strong>: Gar\u00f0yrkjuf\u00e9lag \u00cdslands runs a course in composting and introduces simple methods that are suitable for both the kitchen and the garden. Sunday.<\/li><li><strong>All-Icelandic flatbread: food talk and taste<\/strong>, Sveinn Kjartansson TV chef and Flatb\u00f6kusamsteypan talk about pizza as the perfect flexible recipe AND how to use Icelandic ingredients in an original way, Sunday at 15-17.<\/li><\/ul>\n\n\n\n<h3 class=\"wp-block-heading\"><strong>Documentaries<\/strong><\/h3>\n\n\n\n<ul class=\"wp-block-list\"><li><strong>Just Eat It: A Food Waste Story<\/strong>, award-winning documentary on food waste, Friday 6 April and Sunday 8 April at 18. \/\/&nbsp;<a href=\"http:\/\/www.foodwastemovie.com\/\" target=\"_blank\" rel=\"noreferrer noopener\">http:\/\/www.foodwastemovie.com<\/a><\/li><li><strong>The flatbread conglomerate<\/strong>, at the festival it will be possible to see a short documentary about the Flatb\u00f6kusamsteypan&#039;s urgent food project.<\/li><\/ul>\n\n\n\n<p><strong>Runs on Saturday and Sunday from 13-17<\/strong><\/p>\n\n\n\n<h3 class=\"wp-block-heading\"><strong>Educational and presentation booths<\/strong><\/h3>\n\n\n\n<ul class=\"wp-block-list\"><li><a href=\"https:\/\/www.facebook.com\/ArcticBarley\/\" target=\"_blank\" rel=\"noreferrer noopener\">Arctic Barley<\/a><\/li><li><a href=\"http:\/\/www.fuglavernd.is\/\" target=\"_blank\" rel=\"noreferrer noopener\">Bird protection<\/a><\/li><li><a href=\"http:\/\/www.gardurinn.is\/\" target=\"_blank\" rel=\"noreferrer noopener\">Icelandic Horticultural Society<\/a><\/li><li><a href=\"https:\/\/graenviska.is\/\" target=\"_blank\" rel=\"noreferrer noopener\">Graenviska.is<\/a><\/li><li><a href=\"https:\/\/ibn.is\/\" target=\"_blank\" rel=\"noreferrer noopener\">Available to nature<\/a><\/li><li><a href=\"https:\/\/klaran.is\/\" target=\"_blank\" rel=\"noreferrer noopener\">Klaran.is<\/a><\/li><li><a href=\"http:\/\/www.landvernd.is\/\" target=\"_blank\" rel=\"noreferrer noopener\">Land protection<\/a><\/li><li><a href=\"https:\/\/www.facebook.com\/ljotukartoflurnar\/\" target=\"_blank\" rel=\"noreferrer noopener\">The ugly potatoes<\/a><\/li><li><a href=\"https:\/\/gamla.matis.is\/\">Mat\u00eds<\/a><\/li><li><a href=\"http:\/\/www.mena.is\/\" target=\"_blank\" rel=\"noreferrer noopener\">mena.is<\/a><\/li><li><a href=\"https:\/\/mistur.is\/\" target=\"_blank\" rel=\"noreferrer noopener\">Mistur.is<\/a><\/li><li><a href=\"http:\/\/www.sorpa.is\/\" target=\"_blank\" rel=\"noreferrer noopener\">Sorpa<\/a><\/li><li><a href=\"http:\/\/www.rit.is\/\" target=\"_blank\" rel=\"noreferrer noopener\">The cottage and the garden<\/a><\/li><li><a href=\"http:\/\/www.surkal.is\/\" target=\"_blank\" rel=\"noreferrer noopener\">Sauerkraut for gourmets<\/a><\/li><li><a href=\"http:\/\/www.ruv.is\/frett\/ljott-graenmeti-i-nyja-voru\" target=\"_blank\" rel=\"noreferrer noopener\">Ugly<\/a><\/li><li><a href=\"https:\/\/www.ust.is\/\" target=\"_blank\" rel=\"noreferrer noopener\">Environment Agency<\/a><\/li><li><a href=\"http:\/\/www.verandi.is\/\" target=\"_blank\" rel=\"noreferrer noopener\">Verandi<\/a>&nbsp;(Saturday)<\/li><\/ul>\n\n\n\n<h3 class=\"wp-block-heading\"><strong>Food design: An exhibition organized by design students at the Iceland Academy of the Arts<\/strong><\/h3>\n\n\n\n<p>The theme of the exhibition is food, food experience, food design, underutilized raw materials and innovation. An original, beautiful and thought-provoking show from aspiring product designers.<\/p>\n\n\n\n<h3 class=\"wp-block-heading\"><strong>Sewing workshop: sew your own shopping bag<\/strong><\/h3>\n\n\n\n<p>The Icelandic Women&#039;s Association opens a sewing workshop at the Nordic House. Do you have pieces of fabric, strong fabric or curtains at home that deserve new life? Take the materials with you and sew your own shopping bags - or let others enjoy them!<\/p>\n\n\n\n<p>You can send inquiries to&nbsp;<a href=\"mailto:info@nordichouse.is\">kristini@nordichouse.is<\/a><\/p>","protected":false},"excerpt":{"rendered":"<p>Helgina 7.-8. apr\u00edl ver\u00f0ur bo\u00f0i\u00f0 upp \u00e1 fj\u00f6lbreytta umhverfisdagskr\u00e1 \u00ed Norr\u00e6na h\u00fasinu fyrir gesti \u00e1 \u00f6llum aldri. Markmi\u00f0i\u00f0 er a\u00f0 [&hellip;]<\/p>\n","protected":false},"author":1,"featured_media":40045,"comment_status":"closed","ping_status":"closed","sticky":false,"template":"templates\/template-cover.php","format":"standard","meta":{"_acf_changed":false,"_uag_custom_page_level_css":"","site-sidebar-layout":"default","site-content-layout":"","ast-site-content-layout":"default","site-content-style":"default","site-sidebar-style":"default","ast-global-header-display":"","ast-banner-title-visibility":"","ast-main-header-display":"","ast-hfb-above-header-display":"","ast-hfb-below-header-display":"","ast-hfb-mobile-header-display":"","site-post-title":"","ast-breadcrumbs-content":"","ast-featured-img":"","footer-sml-layout":"","ast-disable-related-posts":"","theme-transparent-header-meta":"","adv-header-id-meta":"","stick-header-meta":"","header-above-stick-meta":"","header-main-stick-meta":"","header-below-stick-meta":"","astra-migrate-meta-layouts":"default","ast-page-background-enabled":"default","ast-page-background-meta":{"desktop":{"background-color":"var(--ast-global-color-5)","background-image":"","background-repeat":"repeat","background-position":"center center","background-size":"auto","background-attachment":"scroll","background-type":"","background-media":"","overlay-type":"","overlay-color":"","overlay-opacity":"","overlay-gradient":""},"tablet":{"background-color":"","background-image":"","background-repeat":"repeat","background-position":"center center","background-size":"auto","background-attachment":"scroll","background-type":"","background-media":"","overlay-type":"","overlay-color":"","overlay-opacity":"","overlay-gradient":""},"mobile":{"background-color":"","background-image":"","background-repeat":"repeat","background-position":"center center","background-size":"auto","background-attachment":"scroll","background-type":"","background-media":"","overlay-type":"","overlay-color":"","overlay-opacity":"","overlay-gradient":""}},"ast-content-background-meta":{"desktop":{"background-color":"var(--ast-global-color-4)","background-image":"","background-repeat":"repeat","background-position":"center center","background-size":"auto","background-attachment":"scroll","background-type":"","background-media":"","overlay-type":"","overlay-color":"","overlay-opacity":"","overlay-gradient":""},"tablet":{"background-color":"var(--ast-global-color-4)","background-image":"","background-repeat":"repeat","background-position":"center center","background-size":"auto","background-attachment":"scroll","background-type":"","background-media":"","overlay-type":"","overlay-color":"","overlay-opacity":"","overlay-gradient":""},"mobile":{"background-color":"var(--ast-global-color-4)","background-image":"","background-repeat":"repeat","background-position":"center center","background-size":"auto","background-attachment":"scroll","background-type":"","background-media":"","overlay-type":"","overlay-color":"","overlay-opacity":"","overlay-gradient":""}},"footnotes":""},"categories":[1973],"tags":[],"class_list":["post-40044","post","type-post","status-publish","format-standard","has-post-thumbnail","hentry","category-frettir"],"acf":[],"yoast_head":"<!-- This site is optimized with the Yoast SEO plugin v27.4 - https:\/\/yoast.com\/product\/yoast-seo-wordpress\/ -->\n<title>Umhverfish\u00e1t\u00ed\u00f0 \u00ed Norr\u00e6na h\u00fasinu - Gerum heimilin gr\u00e6nni! - Mat\u00eds<\/title>\n<meta name=\"robots\" content=\"index, follow, max-snippet:-1, max-image-preview:large, max-video-preview:-1\" \/>\n<link rel=\"canonical\" href=\"https:\/\/matis.is\/en\/frettir\/umhverfishatid-i-norraena-husinu-gerum-heimilin-graenni\/\" \/>\n<meta property=\"og:locale\" content=\"en_GB\" \/>\n<meta property=\"og:type\" content=\"article\" \/>\n<meta property=\"og:title\" content=\"Umhverfish\u00e1t\u00ed\u00f0 \u00ed Norr\u00e6na h\u00fasinu - Gerum heimilin gr\u00e6nni! - Mat\u00eds\" \/>\n<meta property=\"og:description\" content=\"Helgina 7.-8. apr\u00edl ver\u00f0ur bo\u00f0i\u00f0 upp \u00e1 fj\u00f6lbreytta umhverfisdagskr\u00e1 \u00ed Norr\u00e6na h\u00fasinu fyrir gesti \u00e1 \u00f6llum aldri. Markmi\u00f0i\u00f0 er a\u00f0 [&hellip;]\" \/>\n<meta property=\"og:url\" content=\"https:\/\/matis.is\/en\/frettir\/umhverfishatid-i-norraena-husinu-gerum-heimilin-graenni\/\" \/>\n<meta property=\"og:site_name\" content=\"Mat\u00eds\" \/>\n<meta property=\"article:publisher\" content=\"https:\/\/www.facebook.com\/matisiceland\" \/>\n<meta property=\"article:published_time\" content=\"2018-04-03T10:06:00+00:00\" \/>\n<meta property=\"article:modified_time\" content=\"2021-07-12T10:12:02+00:00\" \/>\n<meta property=\"og:image\" content=\"https:\/\/matis.is\/wp-content\/uploads\/Norraena.husid_Umhverfishatid_1500x630_web.jpg\" \/>\n\t<meta property=\"og:image:width\" content=\"1155\" \/>\n\t<meta property=\"og:image:height\" content=\"420\" \/>\n\t<meta property=\"og:image:type\" content=\"image\/jpeg\" \/>\n<meta name=\"author\" content=\"admin\" \/>\n<meta name=\"twitter:card\" content=\"summary_large_image\" \/>\n<meta name=\"twitter:creator\" content=\"@matisiceland\" \/>\n<meta name=\"twitter:site\" content=\"@matisiceland\" \/>\n<meta name=\"twitter:label1\" content=\"Written by\" \/>\n\t<meta name=\"twitter:data1\" content=\"admin\" \/>\n\t<meta name=\"twitter:label2\" content=\"Estimated reading time\" \/>\n\t<meta name=\"twitter:data2\" content=\"3 minutes\" \/>\n<script type=\"application\/ld+json\" class=\"yoast-schema-graph\">{\"@context\":\"https:\\\/\\\/schema.org\",\"@graph\":[{\"@type\":\"Article\",\"@id\":\"https:\\\/\\\/matis.is\\\/frettir\\\/umhverfishatid-i-norraena-husinu-gerum-heimilin-graenni\\\/#article\",\"isPartOf\":{\"@id\":\"https:\\\/\\\/matis.is\\\/frettir\\\/umhverfishatid-i-norraena-husinu-gerum-heimilin-graenni\\\/\"},\"author\":{\"name\":\"admin\",\"@id\":\"https:\\\/\\\/matis.is\\\/#\\\/schema\\\/person\\\/33b92c850c915c93e67f291e3381a49a\"},\"headline\":\"Umhverfish\u00e1t\u00ed\u00f0 \u00ed Norr\u00e6na h\u00fasinu &#8211; Gerum heimilin gr\u00e6nni!\",\"datePublished\":\"2018-04-03T10:06:00+00:00\",\"dateModified\":\"2021-07-12T10:12:02+00:00\",\"mainEntityOfPage\":{\"@id\":\"https:\\\/\\\/matis.is\\\/frettir\\\/umhverfishatid-i-norraena-husinu-gerum-heimilin-graenni\\\/\"},\"wordCount\":659,\"publisher\":{\"@id\":\"https:\\\/\\\/matis.is\\\/#organization\"},\"image\":{\"@id\":\"https:\\\/\\\/matis.is\\\/frettir\\\/umhverfishatid-i-norraena-husinu-gerum-heimilin-graenni\\\/#primaryimage\"},\"thumbnailUrl\":\"https:\\\/\\\/matis.is\\\/wp-content\\\/uploads\\\/Norraena.husid_Umhverfishatid_1500x630_web.jpg\",\"articleSection\":[\"Fr\u00e9ttir\"],\"inLanguage\":\"en-GB\"},{\"@type\":\"WebPage\",\"@id\":\"https:\\\/\\\/matis.is\\\/frettir\\\/umhverfishatid-i-norraena-husinu-gerum-heimilin-graenni\\\/\",\"url\":\"https:\\\/\\\/matis.is\\\/frettir\\\/umhverfishatid-i-norraena-husinu-gerum-heimilin-graenni\\\/\",\"name\":\"Umhverfish\u00e1t\u00ed\u00f0 \u00ed Norr\u00e6na h\u00fasinu - Gerum heimilin gr\u00e6nni! - Mat\u00eds\",\"isPartOf\":{\"@id\":\"https:\\\/\\\/matis.is\\\/#website\"},\"primaryImageOfPage\":{\"@id\":\"https:\\\/\\\/matis.is\\\/frettir\\\/umhverfishatid-i-norraena-husinu-gerum-heimilin-graenni\\\/#primaryimage\"},\"image\":{\"@id\":\"https:\\\/\\\/matis.is\\\/frettir\\\/umhverfishatid-i-norraena-husinu-gerum-heimilin-graenni\\\/#primaryimage\"},\"thumbnailUrl\":\"https:\\\/\\\/matis.is\\\/wp-content\\\/uploads\\\/Norraena.husid_Umhverfishatid_1500x630_web.jpg\",\"datePublished\":\"2018-04-03T10:06:00+00:00\",\"dateModified\":\"2021-07-12T10:12:02+00:00\",\"breadcrumb\":{\"@id\":\"https:\\\/\\\/matis.is\\\/frettir\\\/umhverfishatid-i-norraena-husinu-gerum-heimilin-graenni\\\/#breadcrumb\"},\"inLanguage\":\"en-GB\",\"potentialAction\":[{\"@type\":\"ReadAction\",\"target\":[\"https:\\\/\\\/matis.is\\\/frettir\\\/umhverfishatid-i-norraena-husinu-gerum-heimilin-graenni\\\/\"]}]},{\"@type\":\"ImageObject\",\"inLanguage\":\"en-GB\",\"@id\":\"https:\\\/\\\/matis.is\\\/frettir\\\/umhverfishatid-i-norraena-husinu-gerum-heimilin-graenni\\\/#primaryimage\",\"url\":\"https:\\\/\\\/matis.is\\\/wp-content\\\/uploads\\\/Norraena.husid_Umhverfishatid_1500x630_web.jpg\",\"contentUrl\":\"https:\\\/\\\/matis.is\\\/wp-content\\\/uploads\\\/Norraena.husid_Umhverfishatid_1500x630_web.jpg\",\"width\":1155,\"height\":420},{\"@type\":\"BreadcrumbList\",\"@id\":\"https:\\\/\\\/matis.is\\\/frettir\\\/umhverfishatid-i-norraena-husinu-gerum-heimilin-graenni\\\/#breadcrumb\",\"itemListElement\":[{\"@type\":\"ListItem\",\"position\":1,\"name\":\"Home\",\"item\":\"https:\\\/\\\/matis.is\\\/\"},{\"@type\":\"ListItem\",\"position\":2,\"name\":\"Umhverfish\u00e1t\u00ed\u00f0 \u00ed Norr\u00e6na h\u00fasinu &#8211; Gerum heimilin gr\u00e6nni!\"}]},{\"@type\":\"WebSite\",\"@id\":\"https:\\\/\\\/matis.is\\\/#website\",\"url\":\"https:\\\/\\\/matis.is\\\/\",\"name\":\"Mat\u00eds\",\"description\":\"Ver\u00f0m\u00e6task\u00f6pun, matv\u00e6la\u00f6ryggi og l\u00fd\u00f0heilsa\",\"publisher\":{\"@id\":\"https:\\\/\\\/matis.is\\\/#organization\"},\"potentialAction\":[{\"@type\":\"SearchAction\",\"target\":{\"@type\":\"EntryPoint\",\"urlTemplate\":\"https:\\\/\\\/matis.is\\\/?s={search_term_string}\"},\"query-input\":{\"@type\":\"PropertyValueSpecification\",\"valueRequired\":true,\"valueName\":\"search_term_string\"}}],\"inLanguage\":\"en-GB\"},{\"@type\":\"Organization\",\"@id\":\"https:\\\/\\\/matis.is\\\/#organization\",\"name\":\"Mat\u00eds ohf.\",\"url\":\"https:\\\/\\\/matis.is\\\/\",\"logo\":{\"@type\":\"ImageObject\",\"inLanguage\":\"en-GB\",\"@id\":\"https:\\\/\\\/matis.is\\\/#\\\/schema\\\/logo\\\/image\\\/\",\"url\":\"https:\\\/\\\/matis.is\\\/wp-content\\\/uploads\\\/2021\\\/02\\\/matis_logo_blatthvitt.png\",\"contentUrl\":\"https:\\\/\\\/matis.is\\\/wp-content\\\/uploads\\\/2021\\\/02\\\/matis_logo_blatthvitt.png\",\"width\":1507,\"height\":1507,\"caption\":\"Mat\u00eds ohf.\"},\"image\":{\"@id\":\"https:\\\/\\\/matis.is\\\/#\\\/schema\\\/logo\\\/image\\\/\"},\"sameAs\":[\"https:\\\/\\\/www.facebook.com\\\/matisiceland\",\"https:\\\/\\\/x.com\\\/matisiceland\",\"https:\\\/\\\/www.instagram.com\\\/matisiceland\\\/\",\"https:\\\/\\\/www.linkedin.com\\\/matisiceland\\\/\",\"https:\\\/\\\/www.youtube.com\\\/channel\\\/UCY-frt3uTqgVZW-DLjoo5bA\"]},{\"@type\":\"Person\",\"@id\":\"https:\\\/\\\/matis.is\\\/#\\\/schema\\\/person\\\/33b92c850c915c93e67f291e3381a49a\",\"name\":\"admin\",\"sameAs\":[\"https:\\\/\\\/matis.mareframe.eu\"],\"url\":\"https:\\\/\\\/matis.is\\\/en\\\/author\\\/thormodurmatis-is\\\/\"}]}<\/script>\n<!-- \/ Yoast SEO plugin. -->","yoast_head_json":{"title":"Nordic House Environment Festival - Make homes greener! - Mat\u00eds","robots":{"index":"index","follow":"follow","max-snippet":"max-snippet:-1","max-image-preview":"max-image-preview:large","max-video-preview":"max-video-preview:-1"},"canonical":"https:\/\/matis.is\/en\/frettir\/umhverfishatid-i-norraena-husinu-gerum-heimilin-graenni\/","og_locale":"en_GB","og_type":"article","og_title":"Umhverfish\u00e1t\u00ed\u00f0 \u00ed Norr\u00e6na h\u00fasinu - Gerum heimilin gr\u00e6nni! - Mat\u00eds","og_description":"Helgina 7.-8. apr\u00edl ver\u00f0ur bo\u00f0i\u00f0 upp \u00e1 fj\u00f6lbreytta umhverfisdagskr\u00e1 \u00ed Norr\u00e6na h\u00fasinu fyrir gesti \u00e1 \u00f6llum aldri. Markmi\u00f0i\u00f0 er a\u00f0 [&hellip;]","og_url":"https:\/\/matis.is\/en\/frettir\/umhverfishatid-i-norraena-husinu-gerum-heimilin-graenni\/","og_site_name":"Mat\u00eds","article_publisher":"https:\/\/www.facebook.com\/matisiceland","article_published_time":"2018-04-03T10:06:00+00:00","article_modified_time":"2021-07-12T10:12:02+00:00","og_image":[{"width":1155,"height":420,"url":"https:\/\/matis.is\/wp-content\/uploads\/Norraena.husid_Umhverfishatid_1500x630_web.jpg","type":"image\/jpeg"}],"author":"admin","twitter_card":"summary_large_image","twitter_creator":"@matisiceland","twitter_site":"@matisiceland","twitter_misc":{"Written by":"admin","Estimated reading time":"3 minutes"},"schema":{"@context":"https:\/\/schema.org","@graph":[{"@type":"Article","@id":"https:\/\/matis.is\/frettir\/umhverfishatid-i-norraena-husinu-gerum-heimilin-graenni\/#article","isPartOf":{"@id":"https:\/\/matis.is\/frettir\/umhverfishatid-i-norraena-husinu-gerum-heimilin-graenni\/"},"author":{"name":"admin","@id":"https:\/\/matis.is\/#\/schema\/person\/33b92c850c915c93e67f291e3381a49a"},"headline":"Umhverfish\u00e1t\u00ed\u00f0 \u00ed Norr\u00e6na h\u00fasinu &#8211; Gerum heimilin gr\u00e6nni!","datePublished":"2018-04-03T10:06:00+00:00","dateModified":"2021-07-12T10:12:02+00:00","mainEntityOfPage":{"@id":"https:\/\/matis.is\/frettir\/umhverfishatid-i-norraena-husinu-gerum-heimilin-graenni\/"},"wordCount":659,"publisher":{"@id":"https:\/\/matis.is\/#organization"},"image":{"@id":"https:\/\/matis.is\/frettir\/umhverfishatid-i-norraena-husinu-gerum-heimilin-graenni\/#primaryimage"},"thumbnailUrl":"https:\/\/matis.is\/wp-content\/uploads\/Norraena.husid_Umhverfishatid_1500x630_web.jpg","articleSection":["Fr\u00e9ttir"],"inLanguage":"en-GB"},{"@type":"WebPage","@id":"https:\/\/matis.is\/frettir\/umhverfishatid-i-norraena-husinu-gerum-heimilin-graenni\/","url":"https:\/\/matis.is\/frettir\/umhverfishatid-i-norraena-husinu-gerum-heimilin-graenni\/","name":"Nordic House Environment Festival - Make homes greener! - Mat\u00eds","isPartOf":{"@id":"https:\/\/matis.is\/#website"},"primaryImageOfPage":{"@id":"https:\/\/matis.is\/frettir\/umhverfishatid-i-norraena-husinu-gerum-heimilin-graenni\/#primaryimage"},"image":{"@id":"https:\/\/matis.is\/frettir\/umhverfishatid-i-norraena-husinu-gerum-heimilin-graenni\/#primaryimage"},"thumbnailUrl":"https:\/\/matis.is\/wp-content\/uploads\/Norraena.husid_Umhverfishatid_1500x630_web.jpg","datePublished":"2018-04-03T10:06:00+00:00","dateModified":"2021-07-12T10:12:02+00:00","breadcrumb":{"@id":"https:\/\/matis.is\/frettir\/umhverfishatid-i-norraena-husinu-gerum-heimilin-graenni\/#breadcrumb"},"inLanguage":"en-GB","potentialAction":[{"@type":"ReadAction","target":["https:\/\/matis.is\/frettir\/umhverfishatid-i-norraena-husinu-gerum-heimilin-graenni\/"]}]},{"@type":"ImageObject","inLanguage":"en-GB","@id":"https:\/\/matis.is\/frettir\/umhverfishatid-i-norraena-husinu-gerum-heimilin-graenni\/#primaryimage","url":"https:\/\/matis.is\/wp-content\/uploads\/Norraena.husid_Umhverfishatid_1500x630_web.jpg","contentUrl":"https:\/\/matis.is\/wp-content\/uploads\/Norraena.husid_Umhverfishatid_1500x630_web.jpg","width":1155,"height":420},{"@type":"BreadcrumbList","@id":"https:\/\/matis.is\/frettir\/umhverfishatid-i-norraena-husinu-gerum-heimilin-graenni\/#breadcrumb","itemListElement":[{"@type":"ListItem","position":1,"name":"Home","item":"https:\/\/matis.is\/"},{"@type":"ListItem","position":2,"name":"Umhverfish\u00e1t\u00ed\u00f0 \u00ed Norr\u00e6na h\u00fasinu &#8211; Gerum heimilin gr\u00e6nni!"}]},{"@type":"WebSite","@id":"https:\/\/matis.is\/#website","url":"https:\/\/matis.is\/","name":"Mat\u00eds","description":"Value creation, food security and public health","publisher":{"@id":"https:\/\/matis.is\/#organization"},"potentialAction":[{"@type":"SearchAction","target":{"@type":"EntryPoint","urlTemplate":"https:\/\/matis.is\/?s={search_term_string}"},"query-input":{"@type":"PropertyValueSpecification","valueRequired":true,"valueName":"search_term_string"}}],"inLanguage":"en-GB"},{"@type":"Organization","@id":"https:\/\/matis.is\/#organization","name":"Mat\u00eds ohf.","url":"https:\/\/matis.is\/","logo":{"@type":"ImageObject","inLanguage":"en-GB","@id":"https:\/\/matis.is\/#\/schema\/logo\/image\/","url":"https:\/\/matis.is\/wp-content\/uploads\/2021\/02\/matis_logo_blatthvitt.png","contentUrl":"https:\/\/matis.is\/wp-content\/uploads\/2021\/02\/matis_logo_blatthvitt.png","width":1507,"height":1507,"caption":"Mat\u00eds ohf."},"image":{"@id":"https:\/\/matis.is\/#\/schema\/logo\/image\/"},"sameAs":["https:\/\/www.facebook.com\/matisiceland","https:\/\/x.com\/matisiceland","https:\/\/www.instagram.com\/matisiceland\/","https:\/\/www.linkedin.com\/matisiceland\/","https:\/\/www.youtube.com\/channel\/UCY-frt3uTqgVZW-DLjoo5bA"]},{"@type":"Person","@id":"https:\/\/matis.is\/#\/schema\/person\/33b92c850c915c93e67f291e3381a49a","name":"admin","sameAs":["https:\/\/matis.mareframe.eu"],"url":"https:\/\/matis.is\/en\/author\/thormodurmatis-is\/"}]}},"spectra_custom_meta":{"_edit_lock":["1626084728:5"],"_wp_old_date":["2021-07-12"],"_thumbnail_id":["40045"],"_wp_page_template":["templates\/template-cover.php"],"_edit_last":["5"],"tengilidur":[""],"_tengilidur":["field_5ef905e0538b2"],"_yoast_wpseo_primary_category":["1973"],"_yoast_wpseo_content_score":["60"],"_yoast_wpseo_estimated-reading-time-minutes":["3"],"wpmm_postgrid_views":["475"],"_uag_css_file_name":["uag-css-40044.css"],"_uag_page_assets":["a:9:{s:3:\"css\";s:263:\".uag-blocks-common-selector{z-index:var(--z-index-desktop) !important}@media (max-width: 976px){.uag-blocks-common-selector{z-index:var(--z-index-tablet) !important}}@media (max-width: 767px){.uag-blocks-common-selector{z-index:var(--z-index-mobile) !important}}\n\";s:2:\"js\";s:0:\"\";s:18:\"current_block_list\";a:7:{i:0;s:12:\"core\/heading\";i:1;s:14:\"core\/paragraph\";i:2;s:9:\"core\/list\";i:3;s:12:\"core\/buttons\";i:4;s:11:\"core\/button\";i:5;s:12:\"core\/columns\";i:6;s:11:\"core\/column\";}s:8:\"uag_flag\";b:0;s:11:\"uag_version\";s:10:\"1777477098\";s:6:\"gfonts\";a:0:{}s:10:\"gfonts_url\";s:0:\"\";s:12:\"gfonts_files\";a:0:{}s:14:\"uag_faq_layout\";b:0;}"]},"uagb_featured_image_src":{"full":["https:\/\/matis.is\/wp-content\/uploads\/Norraena.husid_Umhverfishatid_1500x630_web.jpg",1155,420,false],"thumbnail":["https:\/\/matis.is\/wp-content\/uploads\/Norraena.husid_Umhverfishatid_1500x630_web-150x150.jpg",150,150,true],"medium":["https:\/\/matis.is\/wp-content\/uploads\/Norraena.husid_Umhverfishatid_1500x630_web-300x109.jpg",300,109,true],"medium_large":["https:\/\/matis.is\/wp-content\/uploads\/Norraena.husid_Umhverfishatid_1500x630_web-768x279.jpg",768,279,true],"large":["https:\/\/matis.is\/wp-content\/uploads\/Norraena.husid_Umhverfishatid_1500x630_web-1024x372.jpg",1024,372,true],"1536x1536":["https:\/\/matis.is\/wp-content\/uploads\/Norraena.husid_Umhverfishatid_1500x630_web.jpg",1155,420,false],"2048x2048":["https:\/\/matis.is\/wp-content\/uploads\/Norraena.husid_Umhverfishatid_1500x630_web.jpg",1155,420,false],"trp-custom-language-flag":["https:\/\/matis.is\/wp-content\/uploads\/Norraena.husid_Umhverfishatid_1500x630_web.jpg",18,7,false]},"uagb_author_info":{"display_name":"admin","author_link":"https:\/\/matis.is\/en\/author\/thormodurmatis-is\/"},"uagb_comment_info":0,"uagb_excerpt":"Helgina 7.-8. apr\u00edl ver\u00f0ur bo\u00f0i\u00f0 upp \u00e1 fj\u00f6lbreytta umhverfisdagskr\u00e1 \u00ed Norr\u00e6na h\u00fasinu fyrir gesti \u00e1 \u00f6llum aldri. Markmi\u00f0i\u00f0 er a\u00f0 [&hellip;]","_links":{"self":[{"href":"https:\/\/matis.is\/en\/wp-json\/wp\/v2\/posts\/40044","targetHints":{"allow":["GET"]}}],"collection":[{"href":"https:\/\/matis.is\/en\/wp-json\/wp\/v2\/posts"}],"about":[{"href":"https:\/\/matis.is\/en\/wp-json\/wp\/v2\/types\/post"}],"author":[{"embeddable":true,"href":"https:\/\/matis.is\/en\/wp-json\/wp\/v2\/users\/1"}],"replies":[{"embeddable":true,"href":"https:\/\/matis.is\/en\/wp-json\/wp\/v2\/comments?post=40044"}],"version-history":[{"count":1,"href":"https:\/\/matis.is\/en\/wp-json\/wp\/v2\/posts\/40044\/revisions"}],"predecessor-version":[{"id":40046,"href":"https:\/\/matis.is\/en\/wp-json\/wp\/v2\/posts\/40044\/revisions\/40046"}],"wp:featuredmedia":[{"embeddable":true,"href":"https:\/\/matis.is\/en\/wp-json\/wp\/v2\/media\/40045"}],"wp:attachment":[{"href":"https:\/\/matis.is\/en\/wp-json\/wp\/v2\/media?parent=40044"}],"wp:term":[{"taxonomy":"category","embeddable":true,"href":"https:\/\/matis.is\/en\/wp-json\/wp\/v2\/categories?post=40044"},{"taxonomy":"post_tag","embeddable":true,"href":"https:\/\/matis.is\/en\/wp-json\/wp\/v2\/tags?post=40044"}],"curies":[{"name":"wp","href":"https:\/\/api.w.org\/{rel}","templated":true}]}}