{"id":40213,"date":"2017-12-18T14:31:00","date_gmt":"2017-12-18T14:31:00","guid":{"rendered":"https:\/\/matis.is\/?p=40213"},"modified":"2021-07-16T14:33:14","modified_gmt":"2021-07-16T14:33:14","slug":"samstarf-um-menntun-er-lidur-i-verdmaetaskopun","status":"publish","type":"post","link":"https:\/\/matis.is\/en\/frettir\/samstarf-um-menntun-er-lidur-i-verdmaetaskopun\/","title":{"rendered":"Collaboration on education is part of value creation"},"content":{"rendered":"<h4 class=\"wp-block-heading\">Recently, J\u00f3n Atli Benediktsson, Rector of the University of Iceland, and Sveinn Margeirsson, CEO of Mat\u00eds, wrote an article that was published in Fr\u00e9ttabla\u00f0i\u00f0 on 30 November.<\/h4>\n\n\n\n<p>There is a good and successful collaboration between Mat\u00eds and the University of Iceland. An agreement is in force on teaching and research, and it covers, among other things, the sharing of resources and infrastructure, co-operation on research and the development of human resources with the aim of being at the forefront of key areas of Icelandic society.<br><br>The agreement between the University of Iceland and Mat\u00eds laid the foundation for the strengthening of theoretical and practical education in the field of food research and food safety, as well as co-operation in other fields of teaching and research. A total of 64 master&#039;s and 23 doctoral projects have been carried out at Mat\u00eds since 2007, most of them with the University of Iceland.<\/p>\n\n\n\n<p>Sustainable food production is the key to fulfillment&nbsp;<a href=\"http:\/\/un.is\/heimsmarkmidin\" target=\"_blank\" rel=\"noreferrer noopener\">global goals of the United Nations<\/a>. The collaboration between Mat\u00eds and the University of Iceland also includes a collaboration with the United Nations University&#039;s Fisheries School, which operates in Iceland and has supported five doctoral students to complete their studies at the Faculty of Food and Nutrition at the University of Iceland in collaboration with Mat\u00eds. Iceland is one of the leading fisheries nations in the world and certainly has a lot to contribute to increased food security and welfare in developing countries.<br><br>With valuable experience in the bag and an unwavering belief in the value of science for development, Mat\u00eds and the University of Iceland aim for continued strong collaboration in the coming years. Among the priorities of this co-operation will be the necessary infrastructure development in the field of food and research aimed at the sustainable utilization of life resources on land and at sea.<\/p>\n\n\n\n<p><a href=\"http:\/\/www.visir.is\/g\/2017171139993\" target=\"_blank\" rel=\"noreferrer noopener\">The article can be read in its entirety here<\/a>.<\/p>","protected":false},"excerpt":{"rendered":"<p>N\u00fdlega ritu\u00f0u J\u00f3n Atli Benediktsson rektor H\u00e1sk\u00f3la \u00cdslands og Sveinn Margeirsson forstj\u00f3ri Mat\u00eds grein sem birtist \u00ed Fr\u00e9ttabla\u00f0inu 30. n\u00f3vember [&hellip;]<\/p>\n","protected":false},"author":1,"featured_media":40214,"comment_status":"closed","ping_status":"closed","sticky":false,"template":"templates\/template-cover.php","format":"standard","meta":{"_acf_changed":false,"_uag_custom_page_level_css":"","site-sidebar-layout":"default","site-content-layout":"","ast-site-content-layout":"default","site-content-style":"default","site-sidebar-style":"default","ast-global-header-display":"","ast-banner-title-visibility":"","ast-main-header-display":"","ast-hfb-above-header-display":"","ast-hfb-below-header-display":"","ast-hfb-mobile-header-display":"","site-post-title":"","ast-breadcrumbs-content":"","ast-featured-img":"","footer-sml-layout":"","ast-disable-related-posts":"","theme-transparent-header-meta":"","adv-header-id-meta":"","stick-header-meta":"","header-above-stick-meta":"","header-main-stick-meta":"","header-below-stick-meta":"","astra-migrate-meta-layouts":"default","ast-page-background-enabled":"default","ast-page-background-meta":{"desktop":{"background-color":"var(--ast-global-color-5)","background-image":"","background-repeat":"repeat","background-position":"center center","background-size":"auto","background-attachment":"scroll","background-type":"","background-media":"","overlay-type":"","overlay-color":"","overlay-opacity":"","overlay-gradient":""},"tablet":{"background-color":"","background-image":"","background-repeat":"repeat","background-position":"center center","background-size":"auto","background-attachment":"scroll","background-type":"","background-media":"","overlay-type":"","overlay-color":"","overlay-opacity":"","overlay-gradient":""},"mobile":{"background-color":"","background-image":"","background-repeat":"repeat","background-position":"center center","background-size":"auto","background-attachment":"scroll","background-type":"","background-media":"","overlay-type":"","overlay-color":"","overlay-opacity":"","overlay-gradient":""}},"ast-content-background-meta":{"desktop":{"background-color":"var(--ast-global-color-4)","background-image":"","background-repeat":"repeat","background-position":"center center","background-size":"auto","background-attachment":"scroll","background-type":"","background-media":"","overlay-type":"","overlay-color":"","overlay-opacity":"","overlay-gradient":""},"tablet":{"background-color":"var(--ast-global-color-4)","background-image":"","background-repeat":"repeat","background-position":"center center","background-size":"auto","background-attachment":"scroll","background-type":"","background-media":"","overlay-type":"","overlay-color":"","overlay-opacity":"","overlay-gradient":""},"mobile":{"background-color":"var(--ast-global-color-4)","background-image":"","background-repeat":"repeat","background-position":"center center","background-size":"auto","background-attachment":"scroll","background-type":"","background-media":"","overlay-type":"","overlay-color":"","overlay-opacity":"","overlay-gradient":""}},"footnotes":""},"categories":[1973],"tags":[],"class_list":["post-40213","post","type-post","status-publish","format-standard","has-post-thumbnail","hentry","category-frettir"],"acf":[],"yoast_head":"<!-- This site is optimized with the Yoast SEO plugin v27.4 - https:\/\/yoast.com\/product\/yoast-seo-wordpress\/ -->\n<title>Samstarf um menntun er li\u00f0ur \u00ed ver\u00f0m\u00e6task\u00f6pun - Mat\u00eds<\/title>\n<meta name=\"robots\" content=\"index, follow, max-snippet:-1, max-image-preview:large, max-video-preview:-1\" \/>\n<link rel=\"canonical\" href=\"https:\/\/matis.is\/en\/frettir\/samstarf-um-menntun-er-lidur-i-verdmaetaskopun\/\" \/>\n<meta property=\"og:locale\" content=\"en_GB\" \/>\n<meta property=\"og:type\" content=\"article\" \/>\n<meta property=\"og:title\" content=\"Samstarf um menntun er li\u00f0ur \u00ed ver\u00f0m\u00e6task\u00f6pun - Mat\u00eds\" \/>\n<meta property=\"og:description\" content=\"N\u00fdlega ritu\u00f0u J\u00f3n Atli Benediktsson rektor H\u00e1sk\u00f3la \u00cdslands og Sveinn Margeirsson forstj\u00f3ri Mat\u00eds grein sem birtist \u00ed Fr\u00e9ttabla\u00f0inu 30. n\u00f3vember [&hellip;]\" \/>\n<meta property=\"og:url\" content=\"https:\/\/matis.is\/en\/frettir\/samstarf-um-menntun-er-lidur-i-verdmaetaskopun\/\" \/>\n<meta property=\"og:site_name\" content=\"Mat\u00eds\" \/>\n<meta property=\"article:publisher\" content=\"https:\/\/www.facebook.com\/matisiceland\" \/>\n<meta property=\"article:published_time\" content=\"2017-12-18T14:31:00+00:00\" \/>\n<meta property=\"article:modified_time\" content=\"2021-07-16T14:33:14+00:00\" \/>\n<meta property=\"og:image\" content=\"https:\/\/matis.is\/wp-content\/uploads\/Timalina_isl_2016_Rammi.png\" \/>\n\t<meta property=\"og:image:width\" content=\"2560\" \/>\n\t<meta property=\"og:image:height\" content=\"1508\" \/>\n\t<meta property=\"og:image:type\" content=\"image\/png\" \/>\n<meta name=\"author\" content=\"admin\" \/>\n<meta name=\"twitter:card\" content=\"summary_large_image\" \/>\n<meta name=\"twitter:creator\" content=\"@matisiceland\" \/>\n<meta name=\"twitter:site\" content=\"@matisiceland\" \/>\n<meta name=\"twitter:label1\" content=\"Written by\" \/>\n\t<meta name=\"twitter:data1\" content=\"admin\" \/>\n\t<meta name=\"twitter:label2\" content=\"Estimated reading time\" \/>\n\t<meta name=\"twitter:data2\" content=\"2 minutes\" \/>\n<script type=\"application\/ld+json\" class=\"yoast-schema-graph\">{\"@context\":\"https:\\\/\\\/schema.org\",\"@graph\":[{\"@type\":\"Article\",\"@id\":\"https:\\\/\\\/matis.is\\\/en\\\/frettir\\\/samstarf-um-menntun-er-lidur-i-verdmaetaskopun\\\/#article\",\"isPartOf\":{\"@id\":\"https:\\\/\\\/matis.is\\\/en\\\/frettir\\\/samstarf-um-menntun-er-lidur-i-verdmaetaskopun\\\/\"},\"author\":{\"name\":\"admin\",\"@id\":\"https:\\\/\\\/matis.is\\\/#\\\/schema\\\/person\\\/33b92c850c915c93e67f291e3381a49a\"},\"headline\":\"Samstarf um menntun er li\u00f0ur \u00ed ver\u00f0m\u00e6task\u00f6pun\",\"datePublished\":\"2017-12-18T14:31:00+00:00\",\"dateModified\":\"2021-07-16T14:33:14+00:00\",\"mainEntityOfPage\":{\"@id\":\"https:\\\/\\\/matis.is\\\/en\\\/frettir\\\/samstarf-um-menntun-er-lidur-i-verdmaetaskopun\\\/\"},\"wordCount\":338,\"publisher\":{\"@id\":\"https:\\\/\\\/matis.is\\\/#organization\"},\"image\":{\"@id\":\"https:\\\/\\\/matis.is\\\/en\\\/frettir\\\/samstarf-um-menntun-er-lidur-i-verdmaetaskopun\\\/#primaryimage\"},\"thumbnailUrl\":\"https:\\\/\\\/matis.is\\\/wp-content\\\/uploads\\\/Timalina_isl_2016_Rammi.png\",\"articleSection\":[\"Fr\u00e9ttir\"],\"inLanguage\":\"en-GB\"},{\"@type\":\"WebPage\",\"@id\":\"https:\\\/\\\/matis.is\\\/en\\\/frettir\\\/samstarf-um-menntun-er-lidur-i-verdmaetaskopun\\\/\",\"url\":\"https:\\\/\\\/matis.is\\\/en\\\/frettir\\\/samstarf-um-menntun-er-lidur-i-verdmaetaskopun\\\/\",\"name\":\"Samstarf um menntun er li\u00f0ur \u00ed ver\u00f0m\u00e6task\u00f6pun - Mat\u00eds\",\"isPartOf\":{\"@id\":\"https:\\\/\\\/matis.is\\\/#website\"},\"primaryImageOfPage\":{\"@id\":\"https:\\\/\\\/matis.is\\\/en\\\/frettir\\\/samstarf-um-menntun-er-lidur-i-verdmaetaskopun\\\/#primaryimage\"},\"image\":{\"@id\":\"https:\\\/\\\/matis.is\\\/en\\\/frettir\\\/samstarf-um-menntun-er-lidur-i-verdmaetaskopun\\\/#primaryimage\"},\"thumbnailUrl\":\"https:\\\/\\\/matis.is\\\/wp-content\\\/uploads\\\/Timalina_isl_2016_Rammi.png\",\"datePublished\":\"2017-12-18T14:31:00+00:00\",\"dateModified\":\"2021-07-16T14:33:14+00:00\",\"breadcrumb\":{\"@id\":\"https:\\\/\\\/matis.is\\\/en\\\/frettir\\\/samstarf-um-menntun-er-lidur-i-verdmaetaskopun\\\/#breadcrumb\"},\"inLanguage\":\"en-GB\",\"potentialAction\":[{\"@type\":\"ReadAction\",\"target\":[\"https:\\\/\\\/matis.is\\\/en\\\/frettir\\\/samstarf-um-menntun-er-lidur-i-verdmaetaskopun\\\/\"]}]},{\"@type\":\"ImageObject\",\"inLanguage\":\"en-GB\",\"@id\":\"https:\\\/\\\/matis.is\\\/en\\\/frettir\\\/samstarf-um-menntun-er-lidur-i-verdmaetaskopun\\\/#primaryimage\",\"url\":\"https:\\\/\\\/matis.is\\\/wp-content\\\/uploads\\\/Timalina_isl_2016_Rammi.png\",\"contentUrl\":\"https:\\\/\\\/matis.is\\\/wp-content\\\/uploads\\\/Timalina_isl_2016_Rammi.png\",\"width\":2560,\"height\":1508},{\"@type\":\"BreadcrumbList\",\"@id\":\"https:\\\/\\\/matis.is\\\/en\\\/frettir\\\/samstarf-um-menntun-er-lidur-i-verdmaetaskopun\\\/#breadcrumb\",\"itemListElement\":[{\"@type\":\"ListItem\",\"position\":1,\"name\":\"Home\",\"item\":\"https:\\\/\\\/matis.is\\\/\"},{\"@type\":\"ListItem\",\"position\":2,\"name\":\"Samstarf um menntun er li\u00f0ur \u00ed ver\u00f0m\u00e6task\u00f6pun\"}]},{\"@type\":\"WebSite\",\"@id\":\"https:\\\/\\\/matis.is\\\/#website\",\"url\":\"https:\\\/\\\/matis.is\\\/\",\"name\":\"Mat\u00eds\",\"description\":\"Ver\u00f0m\u00e6task\u00f6pun, matv\u00e6la\u00f6ryggi og l\u00fd\u00f0heilsa\",\"publisher\":{\"@id\":\"https:\\\/\\\/matis.is\\\/#organization\"},\"potentialAction\":[{\"@type\":\"SearchAction\",\"target\":{\"@type\":\"EntryPoint\",\"urlTemplate\":\"https:\\\/\\\/matis.is\\\/?s={search_term_string}\"},\"query-input\":{\"@type\":\"PropertyValueSpecification\",\"valueRequired\":true,\"valueName\":\"search_term_string\"}}],\"inLanguage\":\"en-GB\"},{\"@type\":\"Organization\",\"@id\":\"https:\\\/\\\/matis.is\\\/#organization\",\"name\":\"Mat\u00eds ohf.\",\"url\":\"https:\\\/\\\/matis.is\\\/\",\"logo\":{\"@type\":\"ImageObject\",\"inLanguage\":\"en-GB\",\"@id\":\"https:\\\/\\\/matis.is\\\/#\\\/schema\\\/logo\\\/image\\\/\",\"url\":\"https:\\\/\\\/matis.is\\\/wp-content\\\/uploads\\\/2021\\\/02\\\/matis_logo_blatthvitt.png\",\"contentUrl\":\"https:\\\/\\\/matis.is\\\/wp-content\\\/uploads\\\/2021\\\/02\\\/matis_logo_blatthvitt.png\",\"width\":1507,\"height\":1507,\"caption\":\"Mat\u00eds ohf.\"},\"image\":{\"@id\":\"https:\\\/\\\/matis.is\\\/#\\\/schema\\\/logo\\\/image\\\/\"},\"sameAs\":[\"https:\\\/\\\/www.facebook.com\\\/matisiceland\",\"https:\\\/\\\/x.com\\\/matisiceland\",\"https:\\\/\\\/www.instagram.com\\\/matisiceland\\\/\",\"https:\\\/\\\/www.linkedin.com\\\/matisiceland\\\/\",\"https:\\\/\\\/www.youtube.com\\\/channel\\\/UCY-frt3uTqgVZW-DLjoo5bA\"]},{\"@type\":\"Person\",\"@id\":\"https:\\\/\\\/matis.is\\\/#\\\/schema\\\/person\\\/33b92c850c915c93e67f291e3381a49a\",\"name\":\"admin\",\"sameAs\":[\"https:\\\/\\\/matis.mareframe.eu\"],\"url\":\"https:\\\/\\\/matis.is\\\/en\\\/author\\\/thormodurmatis-is\\\/\"}]}<\/script>\n<!-- \/ Yoast SEO plugin. -->","yoast_head_json":{"title":"Collaboration on education is part of value creation - Mat\u00eds","robots":{"index":"index","follow":"follow","max-snippet":"max-snippet:-1","max-image-preview":"max-image-preview:large","max-video-preview":"max-video-preview:-1"},"canonical":"https:\/\/matis.is\/en\/frettir\/samstarf-um-menntun-er-lidur-i-verdmaetaskopun\/","og_locale":"en_GB","og_type":"article","og_title":"Samstarf um menntun er li\u00f0ur \u00ed ver\u00f0m\u00e6task\u00f6pun - Mat\u00eds","og_description":"N\u00fdlega ritu\u00f0u J\u00f3n Atli Benediktsson rektor H\u00e1sk\u00f3la \u00cdslands og Sveinn Margeirsson forstj\u00f3ri Mat\u00eds grein sem birtist \u00ed Fr\u00e9ttabla\u00f0inu 30. n\u00f3vember [&hellip;]","og_url":"https:\/\/matis.is\/en\/frettir\/samstarf-um-menntun-er-lidur-i-verdmaetaskopun\/","og_site_name":"Mat\u00eds","article_publisher":"https:\/\/www.facebook.com\/matisiceland","article_published_time":"2017-12-18T14:31:00+00:00","article_modified_time":"2021-07-16T14:33:14+00:00","og_image":[{"width":2560,"height":1508,"url":"https:\/\/matis.is\/wp-content\/uploads\/Timalina_isl_2016_Rammi.png","type":"image\/png"}],"author":"admin","twitter_card":"summary_large_image","twitter_creator":"@matisiceland","twitter_site":"@matisiceland","twitter_misc":{"Written by":"admin","Estimated reading time":"2 minutes"},"schema":{"@context":"https:\/\/schema.org","@graph":[{"@type":"Article","@id":"https:\/\/matis.is\/en\/frettir\/samstarf-um-menntun-er-lidur-i-verdmaetaskopun\/#article","isPartOf":{"@id":"https:\/\/matis.is\/en\/frettir\/samstarf-um-menntun-er-lidur-i-verdmaetaskopun\/"},"author":{"name":"admin","@id":"https:\/\/matis.is\/#\/schema\/person\/33b92c850c915c93e67f291e3381a49a"},"headline":"Samstarf um menntun er li\u00f0ur \u00ed ver\u00f0m\u00e6task\u00f6pun","datePublished":"2017-12-18T14:31:00+00:00","dateModified":"2021-07-16T14:33:14+00:00","mainEntityOfPage":{"@id":"https:\/\/matis.is\/en\/frettir\/samstarf-um-menntun-er-lidur-i-verdmaetaskopun\/"},"wordCount":338,"publisher":{"@id":"https:\/\/matis.is\/#organization"},"image":{"@id":"https:\/\/matis.is\/en\/frettir\/samstarf-um-menntun-er-lidur-i-verdmaetaskopun\/#primaryimage"},"thumbnailUrl":"https:\/\/matis.is\/wp-content\/uploads\/Timalina_isl_2016_Rammi.png","articleSection":["Fr\u00e9ttir"],"inLanguage":"en-GB"},{"@type":"WebPage","@id":"https:\/\/matis.is\/en\/frettir\/samstarf-um-menntun-er-lidur-i-verdmaetaskopun\/","url":"https:\/\/matis.is\/en\/frettir\/samstarf-um-menntun-er-lidur-i-verdmaetaskopun\/","name":"Collaboration on education is part of value creation - Mat\u00eds","isPartOf":{"@id":"https:\/\/matis.is\/#website"},"primaryImageOfPage":{"@id":"https:\/\/matis.is\/en\/frettir\/samstarf-um-menntun-er-lidur-i-verdmaetaskopun\/#primaryimage"},"image":{"@id":"https:\/\/matis.is\/en\/frettir\/samstarf-um-menntun-er-lidur-i-verdmaetaskopun\/#primaryimage"},"thumbnailUrl":"https:\/\/matis.is\/wp-content\/uploads\/Timalina_isl_2016_Rammi.png","datePublished":"2017-12-18T14:31:00+00:00","dateModified":"2021-07-16T14:33:14+00:00","breadcrumb":{"@id":"https:\/\/matis.is\/en\/frettir\/samstarf-um-menntun-er-lidur-i-verdmaetaskopun\/#breadcrumb"},"inLanguage":"en-GB","potentialAction":[{"@type":"ReadAction","target":["https:\/\/matis.is\/en\/frettir\/samstarf-um-menntun-er-lidur-i-verdmaetaskopun\/"]}]},{"@type":"ImageObject","inLanguage":"en-GB","@id":"https:\/\/matis.is\/en\/frettir\/samstarf-um-menntun-er-lidur-i-verdmaetaskopun\/#primaryimage","url":"https:\/\/matis.is\/wp-content\/uploads\/Timalina_isl_2016_Rammi.png","contentUrl":"https:\/\/matis.is\/wp-content\/uploads\/Timalina_isl_2016_Rammi.png","width":2560,"height":1508},{"@type":"BreadcrumbList","@id":"https:\/\/matis.is\/en\/frettir\/samstarf-um-menntun-er-lidur-i-verdmaetaskopun\/#breadcrumb","itemListElement":[{"@type":"ListItem","position":1,"name":"Home","item":"https:\/\/matis.is\/"},{"@type":"ListItem","position":2,"name":"Samstarf um menntun er li\u00f0ur \u00ed ver\u00f0m\u00e6task\u00f6pun"}]},{"@type":"WebSite","@id":"https:\/\/matis.is\/#website","url":"https:\/\/matis.is\/","name":"Mat\u00eds","description":"Value creation, food security and public health","publisher":{"@id":"https:\/\/matis.is\/#organization"},"potentialAction":[{"@type":"SearchAction","target":{"@type":"EntryPoint","urlTemplate":"https:\/\/matis.is\/?s={search_term_string}"},"query-input":{"@type":"PropertyValueSpecification","valueRequired":true,"valueName":"search_term_string"}}],"inLanguage":"en-GB"},{"@type":"Organization","@id":"https:\/\/matis.is\/#organization","name":"Mat\u00eds ohf.","url":"https:\/\/matis.is\/","logo":{"@type":"ImageObject","inLanguage":"en-GB","@id":"https:\/\/matis.is\/#\/schema\/logo\/image\/","url":"https:\/\/matis.is\/wp-content\/uploads\/2021\/02\/matis_logo_blatthvitt.png","contentUrl":"https:\/\/matis.is\/wp-content\/uploads\/2021\/02\/matis_logo_blatthvitt.png","width":1507,"height":1507,"caption":"Mat\u00eds ohf."},"image":{"@id":"https:\/\/matis.is\/#\/schema\/logo\/image\/"},"sameAs":["https:\/\/www.facebook.com\/matisiceland","https:\/\/x.com\/matisiceland","https:\/\/www.instagram.com\/matisiceland\/","https:\/\/www.linkedin.com\/matisiceland\/","https:\/\/www.youtube.com\/channel\/UCY-frt3uTqgVZW-DLjoo5bA"]},{"@type":"Person","@id":"https:\/\/matis.is\/#\/schema\/person\/33b92c850c915c93e67f291e3381a49a","name":"admin","sameAs":["https:\/\/matis.mareframe.eu"],"url":"https:\/\/matis.is\/en\/author\/thormodurmatis-is\/"}]}},"spectra_custom_meta":{"_edit_lock":["1626446007:5"],"_wp_old_date":["2021-07-16"],"_thumbnail_id":["40214"],"_wp_page_template":["templates\/template-cover.php"],"_edit_last":["5"],"tengilidur":[""],"_tengilidur":["field_5ef905e0538b2"],"_yoast_wpseo_primary_category":["1973"],"_yoast_wpseo_content_score":["30"],"_yoast_wpseo_estimated-reading-time-minutes":["2"],"wpmm_postgrid_views":["441"],"_uag_css_file_name":["uag-css-40213.css"],"_uag_page_assets":["a:9:{s:3:\"css\";s:263:\".uag-blocks-common-selector{z-index:var(--z-index-desktop) !important}@media (max-width: 976px){.uag-blocks-common-selector{z-index:var(--z-index-tablet) !important}}@media (max-width: 767px){.uag-blocks-common-selector{z-index:var(--z-index-mobile) !important}}\n\";s:2:\"js\";s:0:\"\";s:18:\"current_block_list\";a:6:{i:0;s:12:\"core\/heading\";i:1;s:14:\"core\/paragraph\";i:2;s:12:\"core\/buttons\";i:3;s:11:\"core\/button\";i:4;s:12:\"core\/columns\";i:5;s:11:\"core\/column\";}s:8:\"uag_flag\";b:0;s:11:\"uag_version\";s:10:\"1777477098\";s:6:\"gfonts\";a:0:{}s:10:\"gfonts_url\";s:0:\"\";s:12:\"gfonts_files\";a:0:{}s:14:\"uag_faq_layout\";b:0;}"]},"uagb_featured_image_src":{"full":["https:\/\/matis.is\/wp-content\/uploads\/Timalina_isl_2016_Rammi.png",2560,1508,false],"thumbnail":["https:\/\/matis.is\/wp-content\/uploads\/Timalina_isl_2016_Rammi-150x150.png",150,150,true],"medium":["https:\/\/matis.is\/wp-content\/uploads\/Timalina_isl_2016_Rammi-300x177.png",300,177,true],"medium_large":["https:\/\/matis.is\/wp-content\/uploads\/Timalina_isl_2016_Rammi-768x452.png",768,452,true],"large":["https:\/\/matis.is\/wp-content\/uploads\/Timalina_isl_2016_Rammi-1024x603.png",1024,603,true],"1536x1536":["https:\/\/matis.is\/wp-content\/uploads\/Timalina_isl_2016_Rammi-1536x905.png",1536,905,true],"2048x2048":["https:\/\/matis.is\/wp-content\/uploads\/Timalina_isl_2016_Rammi-2048x1207.png",2048,1207,true],"trp-custom-language-flag":["https:\/\/matis.is\/wp-content\/uploads\/Timalina_isl_2016_Rammi.png",18,12,false]},"uagb_author_info":{"display_name":"admin","author_link":"https:\/\/matis.is\/en\/author\/thormodurmatis-is\/"},"uagb_comment_info":0,"uagb_excerpt":"N\u00fdlega ritu\u00f0u J\u00f3n Atli Benediktsson rektor H\u00e1sk\u00f3la \u00cdslands og Sveinn Margeirsson forstj\u00f3ri Mat\u00eds grein sem birtist \u00ed Fr\u00e9ttabla\u00f0inu 30. n\u00f3vember [&hellip;]","_links":{"self":[{"href":"https:\/\/matis.is\/en\/wp-json\/wp\/v2\/posts\/40213","targetHints":{"allow":["GET"]}}],"collection":[{"href":"https:\/\/matis.is\/en\/wp-json\/wp\/v2\/posts"}],"about":[{"href":"https:\/\/matis.is\/en\/wp-json\/wp\/v2\/types\/post"}],"author":[{"embeddable":true,"href":"https:\/\/matis.is\/en\/wp-json\/wp\/v2\/users\/1"}],"replies":[{"embeddable":true,"href":"https:\/\/matis.is\/en\/wp-json\/wp\/v2\/comments?post=40213"}],"version-history":[{"count":1,"href":"https:\/\/matis.is\/en\/wp-json\/wp\/v2\/posts\/40213\/revisions"}],"predecessor-version":[{"id":40215,"href":"https:\/\/matis.is\/en\/wp-json\/wp\/v2\/posts\/40213\/revisions\/40215"}],"wp:featuredmedia":[{"embeddable":true,"href":"https:\/\/matis.is\/en\/wp-json\/wp\/v2\/media\/40214"}],"wp:attachment":[{"href":"https:\/\/matis.is\/en\/wp-json\/wp\/v2\/media?parent=40213"}],"wp:term":[{"taxonomy":"category","embeddable":true,"href":"https:\/\/matis.is\/en\/wp-json\/wp\/v2\/categories?post=40213"},{"taxonomy":"post_tag","embeddable":true,"href":"https:\/\/matis.is\/en\/wp-json\/wp\/v2\/tags?post=40213"}],"curies":[{"name":"wp","href":"https:\/\/api.w.org\/{rel}","templated":true}]}}