{"id":40255,"date":"2017-11-15T15:26:00","date_gmt":"2017-11-15T15:26:00","guid":{"rendered":"https:\/\/matis.is\/?p=40255"},"modified":"2021-09-07T10:40:10","modified_gmt":"2021-09-07T10:40:10","slug":"sildarlysid-fra-margildi-komid-a-markad-a-islandi","status":"publish","type":"post","link":"https:\/\/matis.is\/en\/frettir\/sildarlysid-fra-margildi-komid-a-markad-a-islandi\/","title":{"rendered":"Herring halibut from Margildur has been launched in Iceland"},"content":{"rendered":"<h4 class=\"wp-block-heading\">Finally, you can get herring halibut from Margildur with a mild orange flavor under the Fisherman brand in the Hagkaup, Fr\u00fa Lauga and Fisherman fish shop near Hagamel. The latest news is that Lithuania&#039;s first order for distribution in the Baltic States is ready for shipment.<\/h4>\n\n\n\n<p>Margildi has previously sold herring halibut to the United States and Norway with good reception. In recent years, Fisherman has built up a fun and powerful tourism industry in Su\u00f0ureyri and now produces fish dishes and various food products under the Fisherman brand.<\/p>\n\n\n\n<p>Margildi&#039;s herring oil is rich in omega-3 fatty acids, vitamins A, D and E and has come out well in consumer testing due to its mild taste, as well as its natural stability. This summer, the herring halibut from Margild received the coveted iTQi &quot;<em>Superior Taste Award<\/em>&quot;Food Quality Award&quot; where 135 international chefs and foodies agreed that herring halibut was a good food.<\/p>\n\n\n\n<p>Margildi is an entrepreneurial company based in Mat\u00eds&#039; premises at V\u00ednlandslei\u00f0, has developed a new patent-pending processing method, so-called rapid cold cleaning, which makes it possible to process fish oil for human consumption from pelagic species such as capelin, herring and mackerel. Margildi has been working on its innovation for several years in collaboration with numerous parties, including Mat\u00eds, with grants from AVS, T\u00e6kni\u00fer\u00f3unarsj\u00f3\u00f0ur and Uppbyggingarsj\u00f3\u00f0ur.<\/p>\n\n\n\n<p>See more at:\u00a0<a href=\"https:\/\/www.fisherman.is\/\" target=\"_blank\" rel=\"noreferrer noopener\">https:\/\/www.fisherman.is\/<\/a><\/p>\n\n\n\n<p><a href=\"https:\/\/www.facebook.com\/fishermaniceland\/?fref=ts\">https:\/\/www.facebook.com\/fishermaniceland\/?fref=ts<\/a><\/p>","protected":false},"excerpt":{"rendered":"<p>Loksins er h\u00e6gt a\u00f0 f\u00e1 s\u00edldarl\u00fdsi fr\u00e1 Margildi me\u00f0 v\u00e6gu appels\u00ednubrag\u00f0i undir merkjum Fisherman \u00ed verslunum Hagkaupa, Fr\u00fa Laugu og [&hellip;]<\/p>\n","protected":false},"author":1,"featured_media":40256,"comment_status":"closed","ping_status":"closed","sticky":false,"template":"templates\/template-cover.php","format":"standard","meta":{"_acf_changed":false,"_uag_custom_page_level_css":"","site-sidebar-layout":"default","site-content-layout":"","ast-site-content-layout":"default","site-content-style":"default","site-sidebar-style":"default","ast-global-header-display":"","ast-banner-title-visibility":"","ast-main-header-display":"","ast-hfb-above-header-display":"","ast-hfb-below-header-display":"","ast-hfb-mobile-header-display":"","site-post-title":"","ast-breadcrumbs-content":"","ast-featured-img":"","footer-sml-layout":"","ast-disable-related-posts":"","theme-transparent-header-meta":"","adv-header-id-meta":"","stick-header-meta":"","header-above-stick-meta":"","header-main-stick-meta":"","header-below-stick-meta":"","astra-migrate-meta-layouts":"default","ast-page-background-enabled":"default","ast-page-background-meta":{"desktop":{"background-color":"var(--ast-global-color-5)","background-image":"","background-repeat":"repeat","background-position":"center center","background-size":"auto","background-attachment":"scroll","background-type":"","background-media":"","overlay-type":"","overlay-color":"","overlay-opacity":"","overlay-gradient":""},"tablet":{"background-color":"","background-image":"","background-repeat":"repeat","background-position":"center center","background-size":"auto","background-attachment":"scroll","background-type":"","background-media":"","overlay-type":"","overlay-color":"","overlay-opacity":"","overlay-gradient":""},"mobile":{"background-color":"","background-image":"","background-repeat":"repeat","background-position":"center center","background-size":"auto","background-attachment":"scroll","background-type":"","background-media":"","overlay-type":"","overlay-color":"","overlay-opacity":"","overlay-gradient":""}},"ast-content-background-meta":{"desktop":{"background-color":"var(--ast-global-color-4)","background-image":"","background-repeat":"repeat","background-position":"center center","background-size":"auto","background-attachment":"scroll","background-type":"","background-media":"","overlay-type":"","overlay-color":"","overlay-opacity":"","overlay-gradient":""},"tablet":{"background-color":"var(--ast-global-color-4)","background-image":"","background-repeat":"repeat","background-position":"center center","background-size":"auto","background-attachment":"scroll","background-type":"","background-media":"","overlay-type":"","overlay-color":"","overlay-opacity":"","overlay-gradient":""},"mobile":{"background-color":"var(--ast-global-color-4)","background-image":"","background-repeat":"repeat","background-position":"center center","background-size":"auto","background-attachment":"scroll","background-type":"","background-media":"","overlay-type":"","overlay-color":"","overlay-opacity":"","overlay-gradient":""}},"footnotes":""},"categories":[1973],"tags":[],"class_list":["post-40255","post","type-post","status-publish","format-standard","has-post-thumbnail","hentry","category-frettir"],"acf":[],"yoast_head":"<!-- This site is optimized with the Yoast SEO plugin v27.4 - https:\/\/yoast.com\/product\/yoast-seo-wordpress\/ -->\n<title>S\u00edldarl\u00fdsi\u00f0 fr\u00e1 Margildi komi\u00f0 \u00e1 marka\u00f0 \u00e1 \u00cdslandi - Mat\u00eds<\/title>\n<meta name=\"robots\" content=\"index, follow, max-snippet:-1, max-image-preview:large, max-video-preview:-1\" \/>\n<link rel=\"canonical\" href=\"https:\/\/matis.is\/en\/frettir\/sildarlysid-fra-margildi-komid-a-markad-a-islandi\/\" \/>\n<meta property=\"og:locale\" content=\"en_GB\" \/>\n<meta property=\"og:type\" content=\"article\" \/>\n<meta property=\"og:title\" content=\"S\u00edldarl\u00fdsi\u00f0 fr\u00e1 Margildi komi\u00f0 \u00e1 marka\u00f0 \u00e1 \u00cdslandi - Mat\u00eds\" \/>\n<meta property=\"og:description\" content=\"Loksins er h\u00e6gt a\u00f0 f\u00e1 s\u00edldarl\u00fdsi fr\u00e1 Margildi me\u00f0 v\u00e6gu appels\u00ednubrag\u00f0i undir merkjum Fisherman \u00ed verslunum Hagkaupa, Fr\u00fa Laugu og [&hellip;]\" \/>\n<meta property=\"og:url\" content=\"https:\/\/matis.is\/en\/frettir\/sildarlysid-fra-margildi-komid-a-markad-a-islandi\/\" \/>\n<meta property=\"og:site_name\" content=\"Mat\u00eds\" \/>\n<meta property=\"article:publisher\" content=\"https:\/\/www.facebook.com\/matisiceland\" \/>\n<meta property=\"article:published_time\" content=\"2017-11-15T15:26:00+00:00\" \/>\n<meta property=\"article:modified_time\" content=\"2021-09-07T10:40:10+00:00\" \/>\n<meta property=\"og:image\" content=\"https:\/\/matis.is\/wp-content\/uploads\/vef_1_Sildarlysi_appelsinu_m_speglun_breid-scaled.jpg\" \/>\n\t<meta property=\"og:image:width\" content=\"2560\" \/>\n\t<meta property=\"og:image:height\" content=\"763\" \/>\n\t<meta property=\"og:image:type\" content=\"image\/jpeg\" \/>\n<meta name=\"author\" content=\"admin\" \/>\n<meta name=\"twitter:card\" content=\"summary_large_image\" \/>\n<meta name=\"twitter:creator\" content=\"@matisiceland\" \/>\n<meta name=\"twitter:site\" content=\"@matisiceland\" \/>\n<meta name=\"twitter:label1\" content=\"Written by\" \/>\n\t<meta name=\"twitter:data1\" content=\"admin\" \/>\n\t<meta name=\"twitter:label2\" content=\"Estimated reading time\" \/>\n\t<meta name=\"twitter:data2\" content=\"1 minute\" \/>\n<script type=\"application\/ld+json\" class=\"yoast-schema-graph\">{\"@context\":\"https:\\\/\\\/schema.org\",\"@graph\":[{\"@type\":\"Article\",\"@id\":\"https:\\\/\\\/matis.is\\\/frettir\\\/sildarlysid-fra-margildi-komid-a-markad-a-islandi\\\/#article\",\"isPartOf\":{\"@id\":\"https:\\\/\\\/matis.is\\\/frettir\\\/sildarlysid-fra-margildi-komid-a-markad-a-islandi\\\/\"},\"author\":{\"name\":\"admin\",\"@id\":\"https:\\\/\\\/matis.is\\\/#\\\/schema\\\/person\\\/33b92c850c915c93e67f291e3381a49a\"},\"headline\":\"S\u00edldarl\u00fdsi\u00f0 fr\u00e1 Margildi komi\u00f0 \u00e1 marka\u00f0 \u00e1 \u00cdslandi\",\"datePublished\":\"2017-11-15T15:26:00+00:00\",\"dateModified\":\"2021-09-07T10:40:10+00:00\",\"mainEntityOfPage\":{\"@id\":\"https:\\\/\\\/matis.is\\\/frettir\\\/sildarlysid-fra-margildi-komid-a-markad-a-islandi\\\/\"},\"wordCount\":285,\"publisher\":{\"@id\":\"https:\\\/\\\/matis.is\\\/#organization\"},\"image\":{\"@id\":\"https:\\\/\\\/matis.is\\\/frettir\\\/sildarlysid-fra-margildi-komid-a-markad-a-islandi\\\/#primaryimage\"},\"thumbnailUrl\":\"https:\\\/\\\/matis.is\\\/wp-content\\\/uploads\\\/vef_1_Sildarlysi_appelsinu_m_speglun_breid-scaled.jpg\",\"articleSection\":[\"Fr\u00e9ttir\"],\"inLanguage\":\"en-GB\"},{\"@type\":\"WebPage\",\"@id\":\"https:\\\/\\\/matis.is\\\/frettir\\\/sildarlysid-fra-margildi-komid-a-markad-a-islandi\\\/\",\"url\":\"https:\\\/\\\/matis.is\\\/frettir\\\/sildarlysid-fra-margildi-komid-a-markad-a-islandi\\\/\",\"name\":\"S\u00edldarl\u00fdsi\u00f0 fr\u00e1 Margildi komi\u00f0 \u00e1 marka\u00f0 \u00e1 \u00cdslandi - Mat\u00eds\",\"isPartOf\":{\"@id\":\"https:\\\/\\\/matis.is\\\/#website\"},\"primaryImageOfPage\":{\"@id\":\"https:\\\/\\\/matis.is\\\/frettir\\\/sildarlysid-fra-margildi-komid-a-markad-a-islandi\\\/#primaryimage\"},\"image\":{\"@id\":\"https:\\\/\\\/matis.is\\\/frettir\\\/sildarlysid-fra-margildi-komid-a-markad-a-islandi\\\/#primaryimage\"},\"thumbnailUrl\":\"https:\\\/\\\/matis.is\\\/wp-content\\\/uploads\\\/vef_1_Sildarlysi_appelsinu_m_speglun_breid-scaled.jpg\",\"datePublished\":\"2017-11-15T15:26:00+00:00\",\"dateModified\":\"2021-09-07T10:40:10+00:00\",\"breadcrumb\":{\"@id\":\"https:\\\/\\\/matis.is\\\/frettir\\\/sildarlysid-fra-margildi-komid-a-markad-a-islandi\\\/#breadcrumb\"},\"inLanguage\":\"en-GB\",\"potentialAction\":[{\"@type\":\"ReadAction\",\"target\":[\"https:\\\/\\\/matis.is\\\/frettir\\\/sildarlysid-fra-margildi-komid-a-markad-a-islandi\\\/\"]}]},{\"@type\":\"ImageObject\",\"inLanguage\":\"en-GB\",\"@id\":\"https:\\\/\\\/matis.is\\\/frettir\\\/sildarlysid-fra-margildi-komid-a-markad-a-islandi\\\/#primaryimage\",\"url\":\"https:\\\/\\\/matis.is\\\/wp-content\\\/uploads\\\/vef_1_Sildarlysi_appelsinu_m_speglun_breid-scaled.jpg\",\"contentUrl\":\"https:\\\/\\\/matis.is\\\/wp-content\\\/uploads\\\/vef_1_Sildarlysi_appelsinu_m_speglun_breid-scaled.jpg\",\"width\":2560,\"height\":763},{\"@type\":\"BreadcrumbList\",\"@id\":\"https:\\\/\\\/matis.is\\\/frettir\\\/sildarlysid-fra-margildi-komid-a-markad-a-islandi\\\/#breadcrumb\",\"itemListElement\":[{\"@type\":\"ListItem\",\"position\":1,\"name\":\"Home\",\"item\":\"https:\\\/\\\/matis.is\\\/\"},{\"@type\":\"ListItem\",\"position\":2,\"name\":\"S\u00edldarl\u00fdsi\u00f0 fr\u00e1 Margildi komi\u00f0 \u00e1 marka\u00f0 \u00e1 \u00cdslandi\"}]},{\"@type\":\"WebSite\",\"@id\":\"https:\\\/\\\/matis.is\\\/#website\",\"url\":\"https:\\\/\\\/matis.is\\\/\",\"name\":\"Mat\u00eds\",\"description\":\"Ver\u00f0m\u00e6task\u00f6pun, matv\u00e6la\u00f6ryggi og l\u00fd\u00f0heilsa\",\"publisher\":{\"@id\":\"https:\\\/\\\/matis.is\\\/#organization\"},\"potentialAction\":[{\"@type\":\"SearchAction\",\"target\":{\"@type\":\"EntryPoint\",\"urlTemplate\":\"https:\\\/\\\/matis.is\\\/?s={search_term_string}\"},\"query-input\":{\"@type\":\"PropertyValueSpecification\",\"valueRequired\":true,\"valueName\":\"search_term_string\"}}],\"inLanguage\":\"en-GB\"},{\"@type\":\"Organization\",\"@id\":\"https:\\\/\\\/matis.is\\\/#organization\",\"name\":\"Mat\u00eds ohf.\",\"url\":\"https:\\\/\\\/matis.is\\\/\",\"logo\":{\"@type\":\"ImageObject\",\"inLanguage\":\"en-GB\",\"@id\":\"https:\\\/\\\/matis.is\\\/#\\\/schema\\\/logo\\\/image\\\/\",\"url\":\"https:\\\/\\\/matis.is\\\/wp-content\\\/uploads\\\/2021\\\/02\\\/matis_logo_blatthvitt.png\",\"contentUrl\":\"https:\\\/\\\/matis.is\\\/wp-content\\\/uploads\\\/2021\\\/02\\\/matis_logo_blatthvitt.png\",\"width\":1507,\"height\":1507,\"caption\":\"Mat\u00eds ohf.\"},\"image\":{\"@id\":\"https:\\\/\\\/matis.is\\\/#\\\/schema\\\/logo\\\/image\\\/\"},\"sameAs\":[\"https:\\\/\\\/www.facebook.com\\\/matisiceland\",\"https:\\\/\\\/x.com\\\/matisiceland\",\"https:\\\/\\\/www.instagram.com\\\/matisiceland\\\/\",\"https:\\\/\\\/www.linkedin.com\\\/matisiceland\\\/\",\"https:\\\/\\\/www.youtube.com\\\/channel\\\/UCY-frt3uTqgVZW-DLjoo5bA\"]},{\"@type\":\"Person\",\"@id\":\"https:\\\/\\\/matis.is\\\/#\\\/schema\\\/person\\\/33b92c850c915c93e67f291e3381a49a\",\"name\":\"admin\",\"sameAs\":[\"https:\\\/\\\/matis.mareframe.eu\"],\"url\":\"https:\\\/\\\/matis.is\\\/en\\\/author\\\/thormodurmatis-is\\\/\"}]}<\/script>\n<!-- \/ Yoast SEO plugin. -->","yoast_head_json":{"title":"Herring halibut from Margildur launched on the market in Iceland - Mat\u00eds","robots":{"index":"index","follow":"follow","max-snippet":"max-snippet:-1","max-image-preview":"max-image-preview:large","max-video-preview":"max-video-preview:-1"},"canonical":"https:\/\/matis.is\/en\/frettir\/sildarlysid-fra-margildi-komid-a-markad-a-islandi\/","og_locale":"en_GB","og_type":"article","og_title":"S\u00edldarl\u00fdsi\u00f0 fr\u00e1 Margildi komi\u00f0 \u00e1 marka\u00f0 \u00e1 \u00cdslandi - Mat\u00eds","og_description":"Loksins er h\u00e6gt a\u00f0 f\u00e1 s\u00edldarl\u00fdsi fr\u00e1 Margildi me\u00f0 v\u00e6gu appels\u00ednubrag\u00f0i undir merkjum Fisherman \u00ed verslunum Hagkaupa, Fr\u00fa Laugu og [&hellip;]","og_url":"https:\/\/matis.is\/en\/frettir\/sildarlysid-fra-margildi-komid-a-markad-a-islandi\/","og_site_name":"Mat\u00eds","article_publisher":"https:\/\/www.facebook.com\/matisiceland","article_published_time":"2017-11-15T15:26:00+00:00","article_modified_time":"2021-09-07T10:40:10+00:00","og_image":[{"width":2560,"height":763,"url":"https:\/\/matis.is\/wp-content\/uploads\/vef_1_Sildarlysi_appelsinu_m_speglun_breid-scaled.jpg","type":"image\/jpeg"}],"author":"admin","twitter_card":"summary_large_image","twitter_creator":"@matisiceland","twitter_site":"@matisiceland","twitter_misc":{"Written by":"admin","Estimated reading time":"1 minute"},"schema":{"@context":"https:\/\/schema.org","@graph":[{"@type":"Article","@id":"https:\/\/matis.is\/frettir\/sildarlysid-fra-margildi-komid-a-markad-a-islandi\/#article","isPartOf":{"@id":"https:\/\/matis.is\/frettir\/sildarlysid-fra-margildi-komid-a-markad-a-islandi\/"},"author":{"name":"admin","@id":"https:\/\/matis.is\/#\/schema\/person\/33b92c850c915c93e67f291e3381a49a"},"headline":"S\u00edldarl\u00fdsi\u00f0 fr\u00e1 Margildi komi\u00f0 \u00e1 marka\u00f0 \u00e1 \u00cdslandi","datePublished":"2017-11-15T15:26:00+00:00","dateModified":"2021-09-07T10:40:10+00:00","mainEntityOfPage":{"@id":"https:\/\/matis.is\/frettir\/sildarlysid-fra-margildi-komid-a-markad-a-islandi\/"},"wordCount":285,"publisher":{"@id":"https:\/\/matis.is\/#organization"},"image":{"@id":"https:\/\/matis.is\/frettir\/sildarlysid-fra-margildi-komid-a-markad-a-islandi\/#primaryimage"},"thumbnailUrl":"https:\/\/matis.is\/wp-content\/uploads\/vef_1_Sildarlysi_appelsinu_m_speglun_breid-scaled.jpg","articleSection":["Fr\u00e9ttir"],"inLanguage":"en-GB"},{"@type":"WebPage","@id":"https:\/\/matis.is\/frettir\/sildarlysid-fra-margildi-komid-a-markad-a-islandi\/","url":"https:\/\/matis.is\/frettir\/sildarlysid-fra-margildi-komid-a-markad-a-islandi\/","name":"Herring halibut from Margildur launched on the market in Iceland - Mat\u00eds","isPartOf":{"@id":"https:\/\/matis.is\/#website"},"primaryImageOfPage":{"@id":"https:\/\/matis.is\/frettir\/sildarlysid-fra-margildi-komid-a-markad-a-islandi\/#primaryimage"},"image":{"@id":"https:\/\/matis.is\/frettir\/sildarlysid-fra-margildi-komid-a-markad-a-islandi\/#primaryimage"},"thumbnailUrl":"https:\/\/matis.is\/wp-content\/uploads\/vef_1_Sildarlysi_appelsinu_m_speglun_breid-scaled.jpg","datePublished":"2017-11-15T15:26:00+00:00","dateModified":"2021-09-07T10:40:10+00:00","breadcrumb":{"@id":"https:\/\/matis.is\/frettir\/sildarlysid-fra-margildi-komid-a-markad-a-islandi\/#breadcrumb"},"inLanguage":"en-GB","potentialAction":[{"@type":"ReadAction","target":["https:\/\/matis.is\/frettir\/sildarlysid-fra-margildi-komid-a-markad-a-islandi\/"]}]},{"@type":"ImageObject","inLanguage":"en-GB","@id":"https:\/\/matis.is\/frettir\/sildarlysid-fra-margildi-komid-a-markad-a-islandi\/#primaryimage","url":"https:\/\/matis.is\/wp-content\/uploads\/vef_1_Sildarlysi_appelsinu_m_speglun_breid-scaled.jpg","contentUrl":"https:\/\/matis.is\/wp-content\/uploads\/vef_1_Sildarlysi_appelsinu_m_speglun_breid-scaled.jpg","width":2560,"height":763},{"@type":"BreadcrumbList","@id":"https:\/\/matis.is\/frettir\/sildarlysid-fra-margildi-komid-a-markad-a-islandi\/#breadcrumb","itemListElement":[{"@type":"ListItem","position":1,"name":"Home","item":"https:\/\/matis.is\/"},{"@type":"ListItem","position":2,"name":"S\u00edldarl\u00fdsi\u00f0 fr\u00e1 Margildi komi\u00f0 \u00e1 marka\u00f0 \u00e1 \u00cdslandi"}]},{"@type":"WebSite","@id":"https:\/\/matis.is\/#website","url":"https:\/\/matis.is\/","name":"Mat\u00eds","description":"Value creation, food security and public health","publisher":{"@id":"https:\/\/matis.is\/#organization"},"potentialAction":[{"@type":"SearchAction","target":{"@type":"EntryPoint","urlTemplate":"https:\/\/matis.is\/?s={search_term_string}"},"query-input":{"@type":"PropertyValueSpecification","valueRequired":true,"valueName":"search_term_string"}}],"inLanguage":"en-GB"},{"@type":"Organization","@id":"https:\/\/matis.is\/#organization","name":"Mat\u00eds ohf.","url":"https:\/\/matis.is\/","logo":{"@type":"ImageObject","inLanguage":"en-GB","@id":"https:\/\/matis.is\/#\/schema\/logo\/image\/","url":"https:\/\/matis.is\/wp-content\/uploads\/2021\/02\/matis_logo_blatthvitt.png","contentUrl":"https:\/\/matis.is\/wp-content\/uploads\/2021\/02\/matis_logo_blatthvitt.png","width":1507,"height":1507,"caption":"Mat\u00eds ohf."},"image":{"@id":"https:\/\/matis.is\/#\/schema\/logo\/image\/"},"sameAs":["https:\/\/www.facebook.com\/matisiceland","https:\/\/x.com\/matisiceland","https:\/\/www.instagram.com\/matisiceland\/","https:\/\/www.linkedin.com\/matisiceland\/","https:\/\/www.youtube.com\/channel\/UCY-frt3uTqgVZW-DLjoo5bA"]},{"@type":"Person","@id":"https:\/\/matis.is\/#\/schema\/person\/33b92c850c915c93e67f291e3381a49a","name":"admin","sameAs":["https:\/\/matis.mareframe.eu"],"url":"https:\/\/matis.is\/en\/author\/thormodurmatis-is\/"}]}},"spectra_custom_meta":{"_edit_lock":["1631011211:5"],"_oembed_b1efc713a6ce0b19e8a94cb3e677cfef":["{{unknown}}"],"_wp_old_date":["2021-07-16"],"_thumbnail_id":["40256"],"_wp_page_template":["templates\/template-cover.php"],"_edit_last":["5"],"_yoast_wpseo_content_score":["30"],"_yoast_wpseo_estimated-reading-time-minutes":["1"],"tengilidur":["28316"],"_tengilidur":["field_5ef905e0538b2"],"_yoast_wpseo_primary_category":["1973"],"wpmm_postgrid_views":["586"],"_uag_css_file_name":["uag-css-40255.css"],"_uag_page_assets":["a:9:{s:3:\"css\";s:263:\".uag-blocks-common-selector{z-index:var(--z-index-desktop) !important}@media (max-width: 976px){.uag-blocks-common-selector{z-index:var(--z-index-tablet) !important}}@media (max-width: 767px){.uag-blocks-common-selector{z-index:var(--z-index-mobile) !important}}\n\";s:2:\"js\";s:0:\"\";s:18:\"current_block_list\";a:6:{i:0;s:12:\"core\/heading\";i:1;s:14:\"core\/paragraph\";i:2;s:12:\"core\/buttons\";i:3;s:11:\"core\/button\";i:4;s:12:\"core\/columns\";i:5;s:11:\"core\/column\";}s:8:\"uag_flag\";b:0;s:11:\"uag_version\";s:10:\"1777477098\";s:6:\"gfonts\";a:0:{}s:10:\"gfonts_url\";s:0:\"\";s:12:\"gfonts_files\";a:0:{}s:14:\"uag_faq_layout\";b:0;}"]},"uagb_featured_image_src":{"full":["https:\/\/matis.is\/wp-content\/uploads\/vef_1_Sildarlysi_appelsinu_m_speglun_breid-scaled.jpg",2560,763,false],"thumbnail":["https:\/\/matis.is\/wp-content\/uploads\/vef_1_Sildarlysi_appelsinu_m_speglun_breid-150x150.jpg",150,150,true],"medium":["https:\/\/matis.is\/wp-content\/uploads\/vef_1_Sildarlysi_appelsinu_m_speglun_breid-300x89.jpg",300,89,true],"medium_large":["https:\/\/matis.is\/wp-content\/uploads\/vef_1_Sildarlysi_appelsinu_m_speglun_breid-768x229.jpg",768,229,true],"large":["https:\/\/matis.is\/wp-content\/uploads\/vef_1_Sildarlysi_appelsinu_m_speglun_breid-1024x305.jpg",1024,305,true],"1536x1536":["https:\/\/matis.is\/wp-content\/uploads\/vef_1_Sildarlysi_appelsinu_m_speglun_breid-1536x458.jpg",1536,458,true],"2048x2048":["https:\/\/matis.is\/wp-content\/uploads\/vef_1_Sildarlysi_appelsinu_m_speglun_breid-2048x611.jpg",2048,611,true],"trp-custom-language-flag":["https:\/\/matis.is\/wp-content\/uploads\/vef_1_Sildarlysi_appelsinu_m_speglun_breid-scaled.jpg",18,5,false]},"uagb_author_info":{"display_name":"admin","author_link":"https:\/\/matis.is\/en\/author\/thormodurmatis-is\/"},"uagb_comment_info":0,"uagb_excerpt":"Loksins er h\u00e6gt a\u00f0 f\u00e1 s\u00edldarl\u00fdsi fr\u00e1 Margildi me\u00f0 v\u00e6gu appels\u00ednubrag\u00f0i undir merkjum Fisherman \u00ed verslunum Hagkaupa, Fr\u00fa Laugu og [&hellip;]","_links":{"self":[{"href":"https:\/\/matis.is\/en\/wp-json\/wp\/v2\/posts\/40255","targetHints":{"allow":["GET"]}}],"collection":[{"href":"https:\/\/matis.is\/en\/wp-json\/wp\/v2\/posts"}],"about":[{"href":"https:\/\/matis.is\/en\/wp-json\/wp\/v2\/types\/post"}],"author":[{"embeddable":true,"href":"https:\/\/matis.is\/en\/wp-json\/wp\/v2\/users\/1"}],"replies":[{"embeddable":true,"href":"https:\/\/matis.is\/en\/wp-json\/wp\/v2\/comments?post=40255"}],"version-history":[{"count":3,"href":"https:\/\/matis.is\/en\/wp-json\/wp\/v2\/posts\/40255\/revisions"}],"predecessor-version":[{"id":44385,"href":"https:\/\/matis.is\/en\/wp-json\/wp\/v2\/posts\/40255\/revisions\/44385"}],"wp:featuredmedia":[{"embeddable":true,"href":"https:\/\/matis.is\/en\/wp-json\/wp\/v2\/media\/40256"}],"wp:attachment":[{"href":"https:\/\/matis.is\/en\/wp-json\/wp\/v2\/media?parent=40255"}],"wp:term":[{"taxonomy":"category","embeddable":true,"href":"https:\/\/matis.is\/en\/wp-json\/wp\/v2\/categories?post=40255"},{"taxonomy":"post_tag","embeddable":true,"href":"https:\/\/matis.is\/en\/wp-json\/wp\/v2\/tags?post=40255"}],"curies":[{"name":"wp","href":"https:\/\/api.w.org\/{rel}","templated":true}]}}