{"id":40265,"date":"2017-11-01T15:33:00","date_gmt":"2017-11-01T15:33:00","guid":{"rendered":"https:\/\/matis.is\/?p=40265"},"modified":"2021-07-16T15:34:51","modified_gmt":"2021-07-16T15:34:51","slug":"efling-matvaelaframleidslu-og-rannsokna-sama-hvernig-rikisstjornin-verdur","status":"publish","type":"post","link":"https:\/\/matis.is\/en\/frettir\/efling-matvaelaframleidslu-og-rannsokna-sama-hvernig-rikisstjornin-verdur\/","title":{"rendered":"Promotion of food production and research - no matter what the government&#039;s!"},"content":{"rendered":"<h4 class=\"wp-block-heading\">At a meeting on increased value creation in agriculture, held in Hvanneyri on increasing the value of agricultural products, held by the Association of Young Farmers, the Agricultural University of Iceland and Mat\u00eds recently, it was discussed how relatively simple short-term measures can have a positive long-term effect.<\/h4>\n\n\n\n<p>There was a lot of talk about transferring knowledge and methodology from the fisheries sector in the light of the experience of the Increased Value of the Seafood Support Fund (AVS) and the Technology Development Fund and adapting it to agriculture. As previously stated, the value of exported marine products compared to landed catch has increased as a result of a systematic emphasis on increased value. There was also talk of announced cuts in funding for food research (12%), which is the responsibility of the Minister of Fisheries and Agriculture and beyond the budgetary restraint target (2%).<\/p>\n\n\n\n<p>There was talk of both private and public investment in research and development compared to what is happening in Europe, America and Japan.<\/p>\n\n\n\n<p>S\u00e6mundur Sveinsson, rector of the Agricultural University of Iceland, summed up his closing remarks and, after hearing from the candidates, he thought that no matter what the government does, we will have a government that intends to have a strong agricultural university and a strong Mat\u00eds, which are two key factors necessary to strengthen food production and its value in Iceland.<\/p>","protected":false},"excerpt":{"rendered":"<p>\u00c1 fundi um aukna ver\u00f0m\u00e6task\u00f6pun \u00ed landb\u00fana\u00f0i, sem haldinn var \u00e1 Hvanneyri um auki\u00f0 vir\u00f0i landb\u00fana\u00f0arafur\u00f0a, haldinn af Samt\u00f6kum ungra [&hellip;]<\/p>\n","protected":false},"author":1,"featured_media":40266,"comment_status":"closed","ping_status":"closed","sticky":false,"template":"templates\/template-cover.php","format":"standard","meta":{"_acf_changed":false,"_uag_custom_page_level_css":"","site-sidebar-layout":"default","site-content-layout":"","ast-site-content-layout":"default","site-content-style":"default","site-sidebar-style":"default","ast-global-header-display":"","ast-banner-title-visibility":"","ast-main-header-display":"","ast-hfb-above-header-display":"","ast-hfb-below-header-display":"","ast-hfb-mobile-header-display":"","site-post-title":"","ast-breadcrumbs-content":"","ast-featured-img":"","footer-sml-layout":"","ast-disable-related-posts":"","theme-transparent-header-meta":"","adv-header-id-meta":"","stick-header-meta":"","header-above-stick-meta":"","header-main-stick-meta":"","header-below-stick-meta":"","astra-migrate-meta-layouts":"default","ast-page-background-enabled":"default","ast-page-background-meta":{"desktop":{"background-color":"var(--ast-global-color-5)","background-image":"","background-repeat":"repeat","background-position":"center center","background-size":"auto","background-attachment":"scroll","background-type":"","background-media":"","overlay-type":"","overlay-color":"","overlay-opacity":"","overlay-gradient":""},"tablet":{"background-color":"","background-image":"","background-repeat":"repeat","background-position":"center center","background-size":"auto","background-attachment":"scroll","background-type":"","background-media":"","overlay-type":"","overlay-color":"","overlay-opacity":"","overlay-gradient":""},"mobile":{"background-color":"","background-image":"","background-repeat":"repeat","background-position":"center center","background-size":"auto","background-attachment":"scroll","background-type":"","background-media":"","overlay-type":"","overlay-color":"","overlay-opacity":"","overlay-gradient":""}},"ast-content-background-meta":{"desktop":{"background-color":"var(--ast-global-color-4)","background-image":"","background-repeat":"repeat","background-position":"center center","background-size":"auto","background-attachment":"scroll","background-type":"","background-media":"","overlay-type":"","overlay-color":"","overlay-opacity":"","overlay-gradient":""},"tablet":{"background-color":"var(--ast-global-color-4)","background-image":"","background-repeat":"repeat","background-position":"center center","background-size":"auto","background-attachment":"scroll","background-type":"","background-media":"","overlay-type":"","overlay-color":"","overlay-opacity":"","overlay-gradient":""},"mobile":{"background-color":"var(--ast-global-color-4)","background-image":"","background-repeat":"repeat","background-position":"center center","background-size":"auto","background-attachment":"scroll","background-type":"","background-media":"","overlay-type":"","overlay-color":"","overlay-opacity":"","overlay-gradient":""}},"footnotes":""},"categories":[1973],"tags":[],"class_list":["post-40265","post","type-post","status-publish","format-standard","has-post-thumbnail","hentry","category-frettir"],"acf":[],"yoast_head":"<!-- This site is optimized with the Yoast SEO plugin v27.4 - https:\/\/yoast.com\/product\/yoast-seo-wordpress\/ -->\n<title>Efling matv\u00e6laframlei\u00f0slu og ranns\u00f3kna - sama hvernig r\u00edkisstj\u00f3rnin ver\u00f0ur! - Mat\u00eds<\/title>\n<meta name=\"robots\" content=\"index, follow, max-snippet:-1, max-image-preview:large, max-video-preview:-1\" \/>\n<link rel=\"canonical\" href=\"https:\/\/matis.is\/en\/frettir\/efling-matvaelaframleidslu-og-rannsokna-sama-hvernig-rikisstjornin-verdur\/\" \/>\n<meta property=\"og:locale\" content=\"en_GB\" \/>\n<meta property=\"og:type\" content=\"article\" \/>\n<meta property=\"og:title\" content=\"Efling matv\u00e6laframlei\u00f0slu og ranns\u00f3kna - sama hvernig r\u00edkisstj\u00f3rnin ver\u00f0ur! - Mat\u00eds\" \/>\n<meta property=\"og:description\" content=\"\u00c1 fundi um aukna ver\u00f0m\u00e6task\u00f6pun \u00ed landb\u00fana\u00f0i, sem haldinn var \u00e1 Hvanneyri um auki\u00f0 vir\u00f0i landb\u00fana\u00f0arafur\u00f0a, haldinn af Samt\u00f6kum ungra [&hellip;]\" \/>\n<meta property=\"og:url\" content=\"https:\/\/matis.is\/en\/frettir\/efling-matvaelaframleidslu-og-rannsokna-sama-hvernig-rikisstjornin-verdur\/\" \/>\n<meta property=\"og:site_name\" content=\"Mat\u00eds\" \/>\n<meta property=\"article:publisher\" content=\"https:\/\/www.facebook.com\/matisiceland\" \/>\n<meta property=\"article:published_time\" content=\"2017-11-01T15:33:00+00:00\" \/>\n<meta property=\"article:modified_time\" content=\"2021-07-16T15:34:51+00:00\" \/>\n<meta property=\"og:image\" content=\"https:\/\/matis.is\/wp-content\/uploads\/Hvanneyri_1-scaled.jpg\" \/>\n\t<meta property=\"og:image:width\" content=\"2560\" \/>\n\t<meta property=\"og:image:height\" content=\"1440\" \/>\n\t<meta property=\"og:image:type\" content=\"image\/jpeg\" \/>\n<meta name=\"author\" content=\"admin\" \/>\n<meta name=\"twitter:card\" content=\"summary_large_image\" \/>\n<meta name=\"twitter:creator\" content=\"@matisiceland\" \/>\n<meta name=\"twitter:site\" content=\"@matisiceland\" \/>\n<meta name=\"twitter:label1\" content=\"Written by\" \/>\n\t<meta name=\"twitter:data1\" content=\"admin\" \/>\n\t<meta name=\"twitter:label2\" content=\"Estimated reading time\" \/>\n\t<meta name=\"twitter:data2\" content=\"1 minute\" \/>\n<script type=\"application\/ld+json\" class=\"yoast-schema-graph\">{\"@context\":\"https:\\\/\\\/schema.org\",\"@graph\":[{\"@type\":\"Article\",\"@id\":\"https:\\\/\\\/matis.is\\\/frettir\\\/efling-matvaelaframleidslu-og-rannsokna-sama-hvernig-rikisstjornin-verdur\\\/#article\",\"isPartOf\":{\"@id\":\"https:\\\/\\\/matis.is\\\/frettir\\\/efling-matvaelaframleidslu-og-rannsokna-sama-hvernig-rikisstjornin-verdur\\\/\"},\"author\":{\"name\":\"admin\",\"@id\":\"https:\\\/\\\/matis.is\\\/#\\\/schema\\\/person\\\/33b92c850c915c93e67f291e3381a49a\"},\"headline\":\"Efling matv\u00e6laframlei\u00f0slu og ranns\u00f3kna &#8211; sama hvernig r\u00edkisstj\u00f3rnin ver\u00f0ur!\",\"datePublished\":\"2017-11-01T15:33:00+00:00\",\"dateModified\":\"2021-07-16T15:34:51+00:00\",\"mainEntityOfPage\":{\"@id\":\"https:\\\/\\\/matis.is\\\/frettir\\\/efling-matvaelaframleidslu-og-rannsokna-sama-hvernig-rikisstjornin-verdur\\\/\"},\"wordCount\":295,\"publisher\":{\"@id\":\"https:\\\/\\\/matis.is\\\/#organization\"},\"image\":{\"@id\":\"https:\\\/\\\/matis.is\\\/frettir\\\/efling-matvaelaframleidslu-og-rannsokna-sama-hvernig-rikisstjornin-verdur\\\/#primaryimage\"},\"thumbnailUrl\":\"https:\\\/\\\/matis.is\\\/wp-content\\\/uploads\\\/Hvanneyri_1-scaled.jpg\",\"articleSection\":[\"Fr\u00e9ttir\"],\"inLanguage\":\"en-GB\"},{\"@type\":\"WebPage\",\"@id\":\"https:\\\/\\\/matis.is\\\/frettir\\\/efling-matvaelaframleidslu-og-rannsokna-sama-hvernig-rikisstjornin-verdur\\\/\",\"url\":\"https:\\\/\\\/matis.is\\\/frettir\\\/efling-matvaelaframleidslu-og-rannsokna-sama-hvernig-rikisstjornin-verdur\\\/\",\"name\":\"Efling matv\u00e6laframlei\u00f0slu og ranns\u00f3kna - sama hvernig r\u00edkisstj\u00f3rnin ver\u00f0ur! - Mat\u00eds\",\"isPartOf\":{\"@id\":\"https:\\\/\\\/matis.is\\\/#website\"},\"primaryImageOfPage\":{\"@id\":\"https:\\\/\\\/matis.is\\\/frettir\\\/efling-matvaelaframleidslu-og-rannsokna-sama-hvernig-rikisstjornin-verdur\\\/#primaryimage\"},\"image\":{\"@id\":\"https:\\\/\\\/matis.is\\\/frettir\\\/efling-matvaelaframleidslu-og-rannsokna-sama-hvernig-rikisstjornin-verdur\\\/#primaryimage\"},\"thumbnailUrl\":\"https:\\\/\\\/matis.is\\\/wp-content\\\/uploads\\\/Hvanneyri_1-scaled.jpg\",\"datePublished\":\"2017-11-01T15:33:00+00:00\",\"dateModified\":\"2021-07-16T15:34:51+00:00\",\"breadcrumb\":{\"@id\":\"https:\\\/\\\/matis.is\\\/frettir\\\/efling-matvaelaframleidslu-og-rannsokna-sama-hvernig-rikisstjornin-verdur\\\/#breadcrumb\"},\"inLanguage\":\"en-GB\",\"potentialAction\":[{\"@type\":\"ReadAction\",\"target\":[\"https:\\\/\\\/matis.is\\\/frettir\\\/efling-matvaelaframleidslu-og-rannsokna-sama-hvernig-rikisstjornin-verdur\\\/\"]}]},{\"@type\":\"ImageObject\",\"inLanguage\":\"en-GB\",\"@id\":\"https:\\\/\\\/matis.is\\\/frettir\\\/efling-matvaelaframleidslu-og-rannsokna-sama-hvernig-rikisstjornin-verdur\\\/#primaryimage\",\"url\":\"https:\\\/\\\/matis.is\\\/wp-content\\\/uploads\\\/Hvanneyri_1-scaled.jpg\",\"contentUrl\":\"https:\\\/\\\/matis.is\\\/wp-content\\\/uploads\\\/Hvanneyri_1-scaled.jpg\",\"width\":2560,\"height\":1440},{\"@type\":\"BreadcrumbList\",\"@id\":\"https:\\\/\\\/matis.is\\\/frettir\\\/efling-matvaelaframleidslu-og-rannsokna-sama-hvernig-rikisstjornin-verdur\\\/#breadcrumb\",\"itemListElement\":[{\"@type\":\"ListItem\",\"position\":1,\"name\":\"Home\",\"item\":\"https:\\\/\\\/matis.is\\\/\"},{\"@type\":\"ListItem\",\"position\":2,\"name\":\"Efling matv\u00e6laframlei\u00f0slu og ranns\u00f3kna &#8211; sama hvernig r\u00edkisstj\u00f3rnin ver\u00f0ur!\"}]},{\"@type\":\"WebSite\",\"@id\":\"https:\\\/\\\/matis.is\\\/#website\",\"url\":\"https:\\\/\\\/matis.is\\\/\",\"name\":\"Mat\u00eds\",\"description\":\"Ver\u00f0m\u00e6task\u00f6pun, matv\u00e6la\u00f6ryggi og l\u00fd\u00f0heilsa\",\"publisher\":{\"@id\":\"https:\\\/\\\/matis.is\\\/#organization\"},\"potentialAction\":[{\"@type\":\"SearchAction\",\"target\":{\"@type\":\"EntryPoint\",\"urlTemplate\":\"https:\\\/\\\/matis.is\\\/?s={search_term_string}\"},\"query-input\":{\"@type\":\"PropertyValueSpecification\",\"valueRequired\":true,\"valueName\":\"search_term_string\"}}],\"inLanguage\":\"en-GB\"},{\"@type\":\"Organization\",\"@id\":\"https:\\\/\\\/matis.is\\\/#organization\",\"name\":\"Mat\u00eds ohf.\",\"url\":\"https:\\\/\\\/matis.is\\\/\",\"logo\":{\"@type\":\"ImageObject\",\"inLanguage\":\"en-GB\",\"@id\":\"https:\\\/\\\/matis.is\\\/#\\\/schema\\\/logo\\\/image\\\/\",\"url\":\"https:\\\/\\\/matis.is\\\/wp-content\\\/uploads\\\/2021\\\/02\\\/matis_logo_blatthvitt.png\",\"contentUrl\":\"https:\\\/\\\/matis.is\\\/wp-content\\\/uploads\\\/2021\\\/02\\\/matis_logo_blatthvitt.png\",\"width\":1507,\"height\":1507,\"caption\":\"Mat\u00eds ohf.\"},\"image\":{\"@id\":\"https:\\\/\\\/matis.is\\\/#\\\/schema\\\/logo\\\/image\\\/\"},\"sameAs\":[\"https:\\\/\\\/www.facebook.com\\\/matisiceland\",\"https:\\\/\\\/x.com\\\/matisiceland\",\"https:\\\/\\\/www.instagram.com\\\/matisiceland\\\/\",\"https:\\\/\\\/www.linkedin.com\\\/matisiceland\\\/\",\"https:\\\/\\\/www.youtube.com\\\/channel\\\/UCY-frt3uTqgVZW-DLjoo5bA\"]},{\"@type\":\"Person\",\"@id\":\"https:\\\/\\\/matis.is\\\/#\\\/schema\\\/person\\\/33b92c850c915c93e67f291e3381a49a\",\"name\":\"admin\",\"sameAs\":[\"https:\\\/\\\/matis.mareframe.eu\"],\"url\":\"https:\\\/\\\/matis.is\\\/en\\\/author\\\/thormodurmatis-is\\\/\"}]}<\/script>\n<!-- \/ Yoast SEO plugin. -->","yoast_head_json":{"title":"Promotion of food production and research - no matter what the government does! - Mat\u00eds","robots":{"index":"index","follow":"follow","max-snippet":"max-snippet:-1","max-image-preview":"max-image-preview:large","max-video-preview":"max-video-preview:-1"},"canonical":"https:\/\/matis.is\/en\/frettir\/efling-matvaelaframleidslu-og-rannsokna-sama-hvernig-rikisstjornin-verdur\/","og_locale":"en_GB","og_type":"article","og_title":"Efling matv\u00e6laframlei\u00f0slu og ranns\u00f3kna - sama hvernig r\u00edkisstj\u00f3rnin ver\u00f0ur! - Mat\u00eds","og_description":"\u00c1 fundi um aukna ver\u00f0m\u00e6task\u00f6pun \u00ed landb\u00fana\u00f0i, sem haldinn var \u00e1 Hvanneyri um auki\u00f0 vir\u00f0i landb\u00fana\u00f0arafur\u00f0a, haldinn af Samt\u00f6kum ungra [&hellip;]","og_url":"https:\/\/matis.is\/en\/frettir\/efling-matvaelaframleidslu-og-rannsokna-sama-hvernig-rikisstjornin-verdur\/","og_site_name":"Mat\u00eds","article_publisher":"https:\/\/www.facebook.com\/matisiceland","article_published_time":"2017-11-01T15:33:00+00:00","article_modified_time":"2021-07-16T15:34:51+00:00","og_image":[{"width":2560,"height":1440,"url":"https:\/\/matis.is\/wp-content\/uploads\/Hvanneyri_1-scaled.jpg","type":"image\/jpeg"}],"author":"admin","twitter_card":"summary_large_image","twitter_creator":"@matisiceland","twitter_site":"@matisiceland","twitter_misc":{"Written by":"admin","Estimated reading time":"1 minute"},"schema":{"@context":"https:\/\/schema.org","@graph":[{"@type":"Article","@id":"https:\/\/matis.is\/frettir\/efling-matvaelaframleidslu-og-rannsokna-sama-hvernig-rikisstjornin-verdur\/#article","isPartOf":{"@id":"https:\/\/matis.is\/frettir\/efling-matvaelaframleidslu-og-rannsokna-sama-hvernig-rikisstjornin-verdur\/"},"author":{"name":"admin","@id":"https:\/\/matis.is\/#\/schema\/person\/33b92c850c915c93e67f291e3381a49a"},"headline":"Efling matv\u00e6laframlei\u00f0slu og ranns\u00f3kna &#8211; sama hvernig r\u00edkisstj\u00f3rnin ver\u00f0ur!","datePublished":"2017-11-01T15:33:00+00:00","dateModified":"2021-07-16T15:34:51+00:00","mainEntityOfPage":{"@id":"https:\/\/matis.is\/frettir\/efling-matvaelaframleidslu-og-rannsokna-sama-hvernig-rikisstjornin-verdur\/"},"wordCount":295,"publisher":{"@id":"https:\/\/matis.is\/#organization"},"image":{"@id":"https:\/\/matis.is\/frettir\/efling-matvaelaframleidslu-og-rannsokna-sama-hvernig-rikisstjornin-verdur\/#primaryimage"},"thumbnailUrl":"https:\/\/matis.is\/wp-content\/uploads\/Hvanneyri_1-scaled.jpg","articleSection":["Fr\u00e9ttir"],"inLanguage":"en-GB"},{"@type":"WebPage","@id":"https:\/\/matis.is\/frettir\/efling-matvaelaframleidslu-og-rannsokna-sama-hvernig-rikisstjornin-verdur\/","url":"https:\/\/matis.is\/frettir\/efling-matvaelaframleidslu-og-rannsokna-sama-hvernig-rikisstjornin-verdur\/","name":"Promotion of food production and research - no matter what the government does! - Mat\u00eds","isPartOf":{"@id":"https:\/\/matis.is\/#website"},"primaryImageOfPage":{"@id":"https:\/\/matis.is\/frettir\/efling-matvaelaframleidslu-og-rannsokna-sama-hvernig-rikisstjornin-verdur\/#primaryimage"},"image":{"@id":"https:\/\/matis.is\/frettir\/efling-matvaelaframleidslu-og-rannsokna-sama-hvernig-rikisstjornin-verdur\/#primaryimage"},"thumbnailUrl":"https:\/\/matis.is\/wp-content\/uploads\/Hvanneyri_1-scaled.jpg","datePublished":"2017-11-01T15:33:00+00:00","dateModified":"2021-07-16T15:34:51+00:00","breadcrumb":{"@id":"https:\/\/matis.is\/frettir\/efling-matvaelaframleidslu-og-rannsokna-sama-hvernig-rikisstjornin-verdur\/#breadcrumb"},"inLanguage":"en-GB","potentialAction":[{"@type":"ReadAction","target":["https:\/\/matis.is\/frettir\/efling-matvaelaframleidslu-og-rannsokna-sama-hvernig-rikisstjornin-verdur\/"]}]},{"@type":"ImageObject","inLanguage":"en-GB","@id":"https:\/\/matis.is\/frettir\/efling-matvaelaframleidslu-og-rannsokna-sama-hvernig-rikisstjornin-verdur\/#primaryimage","url":"https:\/\/matis.is\/wp-content\/uploads\/Hvanneyri_1-scaled.jpg","contentUrl":"https:\/\/matis.is\/wp-content\/uploads\/Hvanneyri_1-scaled.jpg","width":2560,"height":1440},{"@type":"BreadcrumbList","@id":"https:\/\/matis.is\/frettir\/efling-matvaelaframleidslu-og-rannsokna-sama-hvernig-rikisstjornin-verdur\/#breadcrumb","itemListElement":[{"@type":"ListItem","position":1,"name":"Home","item":"https:\/\/matis.is\/"},{"@type":"ListItem","position":2,"name":"Efling matv\u00e6laframlei\u00f0slu og ranns\u00f3kna &#8211; sama hvernig r\u00edkisstj\u00f3rnin ver\u00f0ur!"}]},{"@type":"WebSite","@id":"https:\/\/matis.is\/#website","url":"https:\/\/matis.is\/","name":"Mat\u00eds","description":"Value creation, food security and public health","publisher":{"@id":"https:\/\/matis.is\/#organization"},"potentialAction":[{"@type":"SearchAction","target":{"@type":"EntryPoint","urlTemplate":"https:\/\/matis.is\/?s={search_term_string}"},"query-input":{"@type":"PropertyValueSpecification","valueRequired":true,"valueName":"search_term_string"}}],"inLanguage":"en-GB"},{"@type":"Organization","@id":"https:\/\/matis.is\/#organization","name":"Mat\u00eds ohf.","url":"https:\/\/matis.is\/","logo":{"@type":"ImageObject","inLanguage":"en-GB","@id":"https:\/\/matis.is\/#\/schema\/logo\/image\/","url":"https:\/\/matis.is\/wp-content\/uploads\/2021\/02\/matis_logo_blatthvitt.png","contentUrl":"https:\/\/matis.is\/wp-content\/uploads\/2021\/02\/matis_logo_blatthvitt.png","width":1507,"height":1507,"caption":"Mat\u00eds ohf."},"image":{"@id":"https:\/\/matis.is\/#\/schema\/logo\/image\/"},"sameAs":["https:\/\/www.facebook.com\/matisiceland","https:\/\/x.com\/matisiceland","https:\/\/www.instagram.com\/matisiceland\/","https:\/\/www.linkedin.com\/matisiceland\/","https:\/\/www.youtube.com\/channel\/UCY-frt3uTqgVZW-DLjoo5bA"]},{"@type":"Person","@id":"https:\/\/matis.is\/#\/schema\/person\/33b92c850c915c93e67f291e3381a49a","name":"admin","sameAs":["https:\/\/matis.mareframe.eu"],"url":"https:\/\/matis.is\/en\/author\/thormodurmatis-is\/"}]}},"spectra_custom_meta":{"_edit_lock":["1626449691:5"],"_wp_old_date":["2021-07-16"],"_thumbnail_id":["40266"],"_wp_page_template":["templates\/template-cover.php"],"_edit_last":["5"],"tengilidur":[""],"_tengilidur":["field_5ef905e0538b2"],"_yoast_wpseo_primary_category":["1973"],"_yoast_wpseo_content_score":["30"],"_yoast_wpseo_estimated-reading-time-minutes":["1"],"wpmm_postgrid_views":["357"],"_uag_css_file_name":["uag-css-40265.css"],"_uag_page_assets":["a:9:{s:3:\"css\";s:263:\".uag-blocks-common-selector{z-index:var(--z-index-desktop) !important}@media (max-width: 976px){.uag-blocks-common-selector{z-index:var(--z-index-tablet) !important}}@media (max-width: 767px){.uag-blocks-common-selector{z-index:var(--z-index-mobile) !important}}\n\";s:2:\"js\";s:0:\"\";s:18:\"current_block_list\";a:6:{i:0;s:12:\"core\/heading\";i:1;s:14:\"core\/paragraph\";i:2;s:12:\"core\/buttons\";i:3;s:11:\"core\/button\";i:4;s:12:\"core\/columns\";i:5;s:11:\"core\/column\";}s:8:\"uag_flag\";b:0;s:11:\"uag_version\";s:10:\"1777477098\";s:6:\"gfonts\";a:0:{}s:10:\"gfonts_url\";s:0:\"\";s:12:\"gfonts_files\";a:0:{}s:14:\"uag_faq_layout\";b:0;}"]},"uagb_featured_image_src":{"full":["https:\/\/matis.is\/wp-content\/uploads\/Hvanneyri_1-scaled.jpg",2560,1440,false],"thumbnail":["https:\/\/matis.is\/wp-content\/uploads\/Hvanneyri_1-150x150.jpg",150,150,true],"medium":["https:\/\/matis.is\/wp-content\/uploads\/Hvanneyri_1-300x169.jpg",300,169,true],"medium_large":["https:\/\/matis.is\/wp-content\/uploads\/Hvanneyri_1-768x432.jpg",768,432,true],"large":["https:\/\/matis.is\/wp-content\/uploads\/Hvanneyri_1-1024x576.jpg",1024,576,true],"1536x1536":["https:\/\/matis.is\/wp-content\/uploads\/Hvanneyri_1-1536x864.jpg",1536,864,true],"2048x2048":["https:\/\/matis.is\/wp-content\/uploads\/Hvanneyri_1-2048x1152.jpg",2048,1152,true],"trp-custom-language-flag":["https:\/\/matis.is\/wp-content\/uploads\/Hvanneyri_1-scaled.jpg",18,10,false]},"uagb_author_info":{"display_name":"admin","author_link":"https:\/\/matis.is\/en\/author\/thormodurmatis-is\/"},"uagb_comment_info":0,"uagb_excerpt":"\u00c1 fundi um aukna ver\u00f0m\u00e6task\u00f6pun \u00ed landb\u00fana\u00f0i, sem haldinn var \u00e1 Hvanneyri um auki\u00f0 vir\u00f0i landb\u00fana\u00f0arafur\u00f0a, haldinn af Samt\u00f6kum ungra [&hellip;]","_links":{"self":[{"href":"https:\/\/matis.is\/en\/wp-json\/wp\/v2\/posts\/40265","targetHints":{"allow":["GET"]}}],"collection":[{"href":"https:\/\/matis.is\/en\/wp-json\/wp\/v2\/posts"}],"about":[{"href":"https:\/\/matis.is\/en\/wp-json\/wp\/v2\/types\/post"}],"author":[{"embeddable":true,"href":"https:\/\/matis.is\/en\/wp-json\/wp\/v2\/users\/1"}],"replies":[{"embeddable":true,"href":"https:\/\/matis.is\/en\/wp-json\/wp\/v2\/comments?post=40265"}],"version-history":[{"count":1,"href":"https:\/\/matis.is\/en\/wp-json\/wp\/v2\/posts\/40265\/revisions"}],"predecessor-version":[{"id":40267,"href":"https:\/\/matis.is\/en\/wp-json\/wp\/v2\/posts\/40265\/revisions\/40267"}],"wp:featuredmedia":[{"embeddable":true,"href":"https:\/\/matis.is\/en\/wp-json\/wp\/v2\/media\/40266"}],"wp:attachment":[{"href":"https:\/\/matis.is\/en\/wp-json\/wp\/v2\/media?parent=40265"}],"wp:term":[{"taxonomy":"category","embeddable":true,"href":"https:\/\/matis.is\/en\/wp-json\/wp\/v2\/categories?post=40265"},{"taxonomy":"post_tag","embeddable":true,"href":"https:\/\/matis.is\/en\/wp-json\/wp\/v2\/tags?post=40265"}],"curies":[{"name":"wp","href":"https:\/\/api.w.org\/{rel}","templated":true}]}}