{"id":40453,"date":"2017-04-17T08:54:00","date_gmt":"2017-04-17T08:54:00","guid":{"rendered":"https:\/\/matis.is\/?p=40453"},"modified":"2021-07-20T08:56:30","modified_gmt":"2021-07-20T08:56:30","slug":"visindaganga-a-degi-jardar-i-midborg-reykjavikur-stondum-vord-um-visindin","status":"publish","type":"post","link":"https:\/\/matis.is\/en\/frettir\/visindaganga-a-degi-jardar-i-midborg-reykjavikur-stondum-vord-um-visindin\/","title":{"rendered":"Science walk on Earth Day in downtown Reykjav\u00edk - Protecting science!"},"content":{"rendered":"<h4 class=\"wp-block-heading\">The March for Science takes place in the center of Reykjav\u00edk on Earth Day, Saturday 22 April at 13. The aim of the march is to show solidarity with scientists and at the same time celebrate science as an important pillar in a democratic society. A meeting will be held in I\u00f0n\u00f3 after the walk where the dangers to scientific work and scientists will be discussed.<\/h4>\n\n\n\n<p>The idea for the Science Walk was sparked by scientists and science enthusiasts in the United States at the end of January, but will be held in support of science in Washington DC on April 22. The idea spread around the world and an international movement was created that will stand for similar tunnels in many countries. In Iceland, scientists and science enthusiasts are leading the march.&nbsp;<br><br>The movement&#039;s goal is, among other things, to draw attention to science as one of the pillars of a democratic society that serves the common interests of nations and promotes, among other things, informed decisions in the public interest.<br><br>The scientific process takes place in the shadow of the changes that have taken place in the environment of scientists and the scientific stance in decision-making in the United States since the Donald Trump administration took over in that country in January. The policies of the new authorities will have far-reaching implications around the world, limiting the ability of scientists to conduct research and share their knowledge and discoveries. Therefore, we face a possible future where people not only disregard scientific knowledge but try to completely eliminate it.&nbsp;<\/p>\n\n\n\n<p>Science is more widespread than in the United States. In Iceland, there is a financial plan under the auspices of the government for the next five years, which assumes that the university system will continue to be short of funds and cuts in competitive funds next year. A number of academics and scientists have also been laid off from public universities in Denmark.<br><br>The purpose of the Science Walk is also to celebrate science, the role it plays in the lives of all of us, and to emphasize the need to respect and encourage research that contributes to our greater understanding of the world. That is why we need to protect science.&nbsp;<br><br>Science enthusiasts of all ages are encouraged to attend the walk. We will gather at Sk\u00f3lav\u00f6r\u00f0uholt by the statue of Leifur Eir\u00edksson from where we will walk down Sk\u00f3lav\u00f6r\u00f0ust\u00edgur and Bankastr\u00e6ti, along Austurstr\u00e6ti, over Austurv\u00f6llur and to I\u00f0n\u00f3. There will be a panel discussion starting with short presentations from scientists, who will discuss the dangers facing science in the United States and beyond and its impact on the outside world.<br><br>Further information about the march can be found on her Facebook page in Iceland: https:\/\/www.facebook.com\/events\/608584169266237\/<\/p>\n\n\n\n<p>and the website of the international movement:&nbsp;<a href=\"https:\/\/l.facebook.com\/l.php?u=https%3A%2F%2Fwww.marchforscience.com%2F&amp;h=ATNuwQMXddVLZr-wv05I-yfzyL2DzpdwLV04rE4x6zmJTTcnEd6xqA5zRqf8g7YR1kwl6Pu55LKapBfeKEeC05xl-pN9iPjet74LdyAA0d9Cn4UCicWQy6OgWH3Ggu_6zxU&amp;enc=AZNzTkrk67C_YDI-5Q5CNqK7JMuTlr22fsKTzOinxWpRi5VUAOK4u8A8toBL0_IBXV8&amp;s=1\" target=\"_blank\" rel=\"noreferrer noopener\">https:\/\/www.marchforscience.com\/<\/a><\/p>","protected":false},"excerpt":{"rendered":"<p>V\u00edsindagangan (e. March for Science) fer fram \u00ed mi\u00f0b\u00e6 Reykjav\u00edkur \u00e1 Degi Jar\u00f0ar, laugardaginn 22. apr\u00edl kl. 13. Markmi\u00f0 g\u00f6ngunnar [&hellip;]<\/p>\n","protected":false},"author":1,"featured_media":40454,"comment_status":"closed","ping_status":"closed","sticky":false,"template":"templates\/template-cover.php","format":"standard","meta":{"_acf_changed":false,"_uag_custom_page_level_css":"","site-sidebar-layout":"default","site-content-layout":"","ast-site-content-layout":"default","site-content-style":"default","site-sidebar-style":"default","ast-global-header-display":"","ast-banner-title-visibility":"","ast-main-header-display":"","ast-hfb-above-header-display":"","ast-hfb-below-header-display":"","ast-hfb-mobile-header-display":"","site-post-title":"","ast-breadcrumbs-content":"","ast-featured-img":"","footer-sml-layout":"","ast-disable-related-posts":"","theme-transparent-header-meta":"","adv-header-id-meta":"","stick-header-meta":"","header-above-stick-meta":"","header-main-stick-meta":"","header-below-stick-meta":"","astra-migrate-meta-layouts":"default","ast-page-background-enabled":"default","ast-page-background-meta":{"desktop":{"background-color":"var(--ast-global-color-5)","background-image":"","background-repeat":"repeat","background-position":"center center","background-size":"auto","background-attachment":"scroll","background-type":"","background-media":"","overlay-type":"","overlay-color":"","overlay-opacity":"","overlay-gradient":""},"tablet":{"background-color":"","background-image":"","background-repeat":"repeat","background-position":"center center","background-size":"auto","background-attachment":"scroll","background-type":"","background-media":"","overlay-type":"","overlay-color":"","overlay-opacity":"","overlay-gradient":""},"mobile":{"background-color":"","background-image":"","background-repeat":"repeat","background-position":"center center","background-size":"auto","background-attachment":"scroll","background-type":"","background-media":"","overlay-type":"","overlay-color":"","overlay-opacity":"","overlay-gradient":""}},"ast-content-background-meta":{"desktop":{"background-color":"var(--ast-global-color-4)","background-image":"","background-repeat":"repeat","background-position":"center center","background-size":"auto","background-attachment":"scroll","background-type":"","background-media":"","overlay-type":"","overlay-color":"","overlay-opacity":"","overlay-gradient":""},"tablet":{"background-color":"var(--ast-global-color-4)","background-image":"","background-repeat":"repeat","background-position":"center center","background-size":"auto","background-attachment":"scroll","background-type":"","background-media":"","overlay-type":"","overlay-color":"","overlay-opacity":"","overlay-gradient":""},"mobile":{"background-color":"var(--ast-global-color-4)","background-image":"","background-repeat":"repeat","background-position":"center center","background-size":"auto","background-attachment":"scroll","background-type":"","background-media":"","overlay-type":"","overlay-color":"","overlay-opacity":"","overlay-gradient":""}},"footnotes":""},"categories":[1973],"tags":[],"class_list":["post-40453","post","type-post","status-publish","format-standard","has-post-thumbnail","hentry","category-frettir"],"acf":[],"yoast_head":"<!-- This site is optimized with the Yoast SEO plugin v27.4 - https:\/\/yoast.com\/product\/yoast-seo-wordpress\/ -->\n<title>V\u00edsindaganga \u00e1 Degi Jar\u00f0ar \u00ed mi\u00f0borg Reykjav\u00edkur - St\u00f6ndum v\u00f6r\u00f0 um v\u00edsindin! - Mat\u00eds<\/title>\n<meta name=\"robots\" content=\"index, follow, max-snippet:-1, max-image-preview:large, max-video-preview:-1\" \/>\n<link rel=\"canonical\" href=\"https:\/\/matis.is\/en\/frettir\/visindaganga-a-degi-jardar-i-midborg-reykjavikur-stondum-vord-um-visindin\/\" \/>\n<meta property=\"og:locale\" content=\"en_GB\" \/>\n<meta property=\"og:type\" content=\"article\" \/>\n<meta property=\"og:title\" content=\"V\u00edsindaganga \u00e1 Degi Jar\u00f0ar \u00ed mi\u00f0borg Reykjav\u00edkur - St\u00f6ndum v\u00f6r\u00f0 um v\u00edsindin! - Mat\u00eds\" \/>\n<meta property=\"og:description\" content=\"V\u00edsindagangan (e. March for Science) fer fram \u00ed mi\u00f0b\u00e6 Reykjav\u00edkur \u00e1 Degi Jar\u00f0ar, laugardaginn 22. apr\u00edl kl. 13. Markmi\u00f0 g\u00f6ngunnar [&hellip;]\" \/>\n<meta property=\"og:url\" content=\"https:\/\/matis.is\/en\/frettir\/visindaganga-a-degi-jardar-i-midborg-reykjavikur-stondum-vord-um-visindin\/\" \/>\n<meta property=\"og:site_name\" content=\"Mat\u00eds\" \/>\n<meta property=\"article:publisher\" content=\"https:\/\/www.facebook.com\/matisiceland\" \/>\n<meta property=\"article:published_time\" content=\"2017-04-17T08:54:00+00:00\" \/>\n<meta property=\"article:modified_time\" content=\"2021-07-20T08:56:30+00:00\" \/>\n<meta property=\"og:image\" content=\"https:\/\/matis.is\/wp-content\/uploads\/visindagangan.jpg\" \/>\n\t<meta property=\"og:image:width\" content=\"575\" \/>\n\t<meta property=\"og:image:height\" content=\"323\" \/>\n\t<meta property=\"og:image:type\" content=\"image\/jpeg\" \/>\n<meta name=\"author\" content=\"admin\" \/>\n<meta name=\"twitter:card\" content=\"summary_large_image\" \/>\n<meta name=\"twitter:creator\" content=\"@matisiceland\" \/>\n<meta name=\"twitter:site\" content=\"@matisiceland\" \/>\n<meta name=\"twitter:label1\" content=\"Written by\" \/>\n\t<meta name=\"twitter:data1\" content=\"admin\" \/>\n\t<meta name=\"twitter:label2\" content=\"Estimated reading time\" \/>\n\t<meta name=\"twitter:data2\" content=\"2 minutes\" \/>\n<script type=\"application\/ld+json\" class=\"yoast-schema-graph\">{\"@context\":\"https:\\\/\\\/schema.org\",\"@graph\":[{\"@type\":\"Article\",\"@id\":\"https:\\\/\\\/matis.is\\\/frettir\\\/visindaganga-a-degi-jardar-i-midborg-reykjavikur-stondum-vord-um-visindin\\\/#article\",\"isPartOf\":{\"@id\":\"https:\\\/\\\/matis.is\\\/frettir\\\/visindaganga-a-degi-jardar-i-midborg-reykjavikur-stondum-vord-um-visindin\\\/\"},\"author\":{\"name\":\"admin\",\"@id\":\"https:\\\/\\\/matis.is\\\/#\\\/schema\\\/person\\\/33b92c850c915c93e67f291e3381a49a\"},\"headline\":\"V\u00edsindaganga \u00e1 Degi Jar\u00f0ar \u00ed mi\u00f0borg Reykjav\u00edkur &#8211; St\u00f6ndum v\u00f6r\u00f0 um v\u00edsindin!\",\"datePublished\":\"2017-04-17T08:54:00+00:00\",\"dateModified\":\"2021-07-20T08:56:30+00:00\",\"mainEntityOfPage\":{\"@id\":\"https:\\\/\\\/matis.is\\\/frettir\\\/visindaganga-a-degi-jardar-i-midborg-reykjavikur-stondum-vord-um-visindin\\\/\"},\"wordCount\":559,\"publisher\":{\"@id\":\"https:\\\/\\\/matis.is\\\/#organization\"},\"image\":{\"@id\":\"https:\\\/\\\/matis.is\\\/frettir\\\/visindaganga-a-degi-jardar-i-midborg-reykjavikur-stondum-vord-um-visindin\\\/#primaryimage\"},\"thumbnailUrl\":\"https:\\\/\\\/matis.is\\\/wp-content\\\/uploads\\\/visindagangan.jpg\",\"articleSection\":[\"Fr\u00e9ttir\"],\"inLanguage\":\"en-GB\"},{\"@type\":\"WebPage\",\"@id\":\"https:\\\/\\\/matis.is\\\/frettir\\\/visindaganga-a-degi-jardar-i-midborg-reykjavikur-stondum-vord-um-visindin\\\/\",\"url\":\"https:\\\/\\\/matis.is\\\/frettir\\\/visindaganga-a-degi-jardar-i-midborg-reykjavikur-stondum-vord-um-visindin\\\/\",\"name\":\"V\u00edsindaganga \u00e1 Degi Jar\u00f0ar \u00ed mi\u00f0borg Reykjav\u00edkur - St\u00f6ndum v\u00f6r\u00f0 um v\u00edsindin! - Mat\u00eds\",\"isPartOf\":{\"@id\":\"https:\\\/\\\/matis.is\\\/#website\"},\"primaryImageOfPage\":{\"@id\":\"https:\\\/\\\/matis.is\\\/frettir\\\/visindaganga-a-degi-jardar-i-midborg-reykjavikur-stondum-vord-um-visindin\\\/#primaryimage\"},\"image\":{\"@id\":\"https:\\\/\\\/matis.is\\\/frettir\\\/visindaganga-a-degi-jardar-i-midborg-reykjavikur-stondum-vord-um-visindin\\\/#primaryimage\"},\"thumbnailUrl\":\"https:\\\/\\\/matis.is\\\/wp-content\\\/uploads\\\/visindagangan.jpg\",\"datePublished\":\"2017-04-17T08:54:00+00:00\",\"dateModified\":\"2021-07-20T08:56:30+00:00\",\"breadcrumb\":{\"@id\":\"https:\\\/\\\/matis.is\\\/frettir\\\/visindaganga-a-degi-jardar-i-midborg-reykjavikur-stondum-vord-um-visindin\\\/#breadcrumb\"},\"inLanguage\":\"en-GB\",\"potentialAction\":[{\"@type\":\"ReadAction\",\"target\":[\"https:\\\/\\\/matis.is\\\/frettir\\\/visindaganga-a-degi-jardar-i-midborg-reykjavikur-stondum-vord-um-visindin\\\/\"]}]},{\"@type\":\"ImageObject\",\"inLanguage\":\"en-GB\",\"@id\":\"https:\\\/\\\/matis.is\\\/frettir\\\/visindaganga-a-degi-jardar-i-midborg-reykjavikur-stondum-vord-um-visindin\\\/#primaryimage\",\"url\":\"https:\\\/\\\/matis.is\\\/wp-content\\\/uploads\\\/visindagangan.jpg\",\"contentUrl\":\"https:\\\/\\\/matis.is\\\/wp-content\\\/uploads\\\/visindagangan.jpg\",\"width\":575,\"height\":323},{\"@type\":\"BreadcrumbList\",\"@id\":\"https:\\\/\\\/matis.is\\\/frettir\\\/visindaganga-a-degi-jardar-i-midborg-reykjavikur-stondum-vord-um-visindin\\\/#breadcrumb\",\"itemListElement\":[{\"@type\":\"ListItem\",\"position\":1,\"name\":\"Home\",\"item\":\"https:\\\/\\\/matis.is\\\/\"},{\"@type\":\"ListItem\",\"position\":2,\"name\":\"V\u00edsindaganga \u00e1 Degi Jar\u00f0ar \u00ed mi\u00f0borg Reykjav\u00edkur &#8211; St\u00f6ndum v\u00f6r\u00f0 um v\u00edsindin!\"}]},{\"@type\":\"WebSite\",\"@id\":\"https:\\\/\\\/matis.is\\\/#website\",\"url\":\"https:\\\/\\\/matis.is\\\/\",\"name\":\"Mat\u00eds\",\"description\":\"Ver\u00f0m\u00e6task\u00f6pun, matv\u00e6la\u00f6ryggi og l\u00fd\u00f0heilsa\",\"publisher\":{\"@id\":\"https:\\\/\\\/matis.is\\\/#organization\"},\"potentialAction\":[{\"@type\":\"SearchAction\",\"target\":{\"@type\":\"EntryPoint\",\"urlTemplate\":\"https:\\\/\\\/matis.is\\\/?s={search_term_string}\"},\"query-input\":{\"@type\":\"PropertyValueSpecification\",\"valueRequired\":true,\"valueName\":\"search_term_string\"}}],\"inLanguage\":\"en-GB\"},{\"@type\":\"Organization\",\"@id\":\"https:\\\/\\\/matis.is\\\/#organization\",\"name\":\"Mat\u00eds ohf.\",\"url\":\"https:\\\/\\\/matis.is\\\/\",\"logo\":{\"@type\":\"ImageObject\",\"inLanguage\":\"en-GB\",\"@id\":\"https:\\\/\\\/matis.is\\\/#\\\/schema\\\/logo\\\/image\\\/\",\"url\":\"https:\\\/\\\/matis.is\\\/wp-content\\\/uploads\\\/2021\\\/02\\\/matis_logo_blatthvitt.png\",\"contentUrl\":\"https:\\\/\\\/matis.is\\\/wp-content\\\/uploads\\\/2021\\\/02\\\/matis_logo_blatthvitt.png\",\"width\":1507,\"height\":1507,\"caption\":\"Mat\u00eds ohf.\"},\"image\":{\"@id\":\"https:\\\/\\\/matis.is\\\/#\\\/schema\\\/logo\\\/image\\\/\"},\"sameAs\":[\"https:\\\/\\\/www.facebook.com\\\/matisiceland\",\"https:\\\/\\\/x.com\\\/matisiceland\",\"https:\\\/\\\/www.instagram.com\\\/matisiceland\\\/\",\"https:\\\/\\\/www.linkedin.com\\\/matisiceland\\\/\",\"https:\\\/\\\/www.youtube.com\\\/channel\\\/UCY-frt3uTqgVZW-DLjoo5bA\"]},{\"@type\":\"Person\",\"@id\":\"https:\\\/\\\/matis.is\\\/#\\\/schema\\\/person\\\/33b92c850c915c93e67f291e3381a49a\",\"name\":\"admin\",\"sameAs\":[\"https:\\\/\\\/matis.mareframe.eu\"],\"url\":\"https:\\\/\\\/matis.is\\\/en\\\/author\\\/thormodurmatis-is\\\/\"}]}<\/script>\n<!-- \/ Yoast SEO plugin. -->","yoast_head_json":{"title":"Science Walk on Earth Day in the center of Reykjav\u00edk - Let&#039;s protect science! - Mat\u00eds","robots":{"index":"index","follow":"follow","max-snippet":"max-snippet:-1","max-image-preview":"max-image-preview:large","max-video-preview":"max-video-preview:-1"},"canonical":"https:\/\/matis.is\/en\/frettir\/visindaganga-a-degi-jardar-i-midborg-reykjavikur-stondum-vord-um-visindin\/","og_locale":"en_GB","og_type":"article","og_title":"V\u00edsindaganga \u00e1 Degi Jar\u00f0ar \u00ed mi\u00f0borg Reykjav\u00edkur - St\u00f6ndum v\u00f6r\u00f0 um v\u00edsindin! - Mat\u00eds","og_description":"V\u00edsindagangan (e. March for Science) fer fram \u00ed mi\u00f0b\u00e6 Reykjav\u00edkur \u00e1 Degi Jar\u00f0ar, laugardaginn 22. apr\u00edl kl. 13. Markmi\u00f0 g\u00f6ngunnar [&hellip;]","og_url":"https:\/\/matis.is\/en\/frettir\/visindaganga-a-degi-jardar-i-midborg-reykjavikur-stondum-vord-um-visindin\/","og_site_name":"Mat\u00eds","article_publisher":"https:\/\/www.facebook.com\/matisiceland","article_published_time":"2017-04-17T08:54:00+00:00","article_modified_time":"2021-07-20T08:56:30+00:00","og_image":[{"width":575,"height":323,"url":"https:\/\/matis.is\/wp-content\/uploads\/visindagangan.jpg","type":"image\/jpeg"}],"author":"admin","twitter_card":"summary_large_image","twitter_creator":"@matisiceland","twitter_site":"@matisiceland","twitter_misc":{"Written by":"admin","Estimated reading time":"2 minutes"},"schema":{"@context":"https:\/\/schema.org","@graph":[{"@type":"Article","@id":"https:\/\/matis.is\/frettir\/visindaganga-a-degi-jardar-i-midborg-reykjavikur-stondum-vord-um-visindin\/#article","isPartOf":{"@id":"https:\/\/matis.is\/frettir\/visindaganga-a-degi-jardar-i-midborg-reykjavikur-stondum-vord-um-visindin\/"},"author":{"name":"admin","@id":"https:\/\/matis.is\/#\/schema\/person\/33b92c850c915c93e67f291e3381a49a"},"headline":"V\u00edsindaganga \u00e1 Degi Jar\u00f0ar \u00ed mi\u00f0borg Reykjav\u00edkur &#8211; St\u00f6ndum v\u00f6r\u00f0 um v\u00edsindin!","datePublished":"2017-04-17T08:54:00+00:00","dateModified":"2021-07-20T08:56:30+00:00","mainEntityOfPage":{"@id":"https:\/\/matis.is\/frettir\/visindaganga-a-degi-jardar-i-midborg-reykjavikur-stondum-vord-um-visindin\/"},"wordCount":559,"publisher":{"@id":"https:\/\/matis.is\/#organization"},"image":{"@id":"https:\/\/matis.is\/frettir\/visindaganga-a-degi-jardar-i-midborg-reykjavikur-stondum-vord-um-visindin\/#primaryimage"},"thumbnailUrl":"https:\/\/matis.is\/wp-content\/uploads\/visindagangan.jpg","articleSection":["Fr\u00e9ttir"],"inLanguage":"en-GB"},{"@type":"WebPage","@id":"https:\/\/matis.is\/frettir\/visindaganga-a-degi-jardar-i-midborg-reykjavikur-stondum-vord-um-visindin\/","url":"https:\/\/matis.is\/frettir\/visindaganga-a-degi-jardar-i-midborg-reykjavikur-stondum-vord-um-visindin\/","name":"Science Walk on Earth Day in the center of Reykjav\u00edk - Let&#039;s protect science! - Mat\u00eds","isPartOf":{"@id":"https:\/\/matis.is\/#website"},"primaryImageOfPage":{"@id":"https:\/\/matis.is\/frettir\/visindaganga-a-degi-jardar-i-midborg-reykjavikur-stondum-vord-um-visindin\/#primaryimage"},"image":{"@id":"https:\/\/matis.is\/frettir\/visindaganga-a-degi-jardar-i-midborg-reykjavikur-stondum-vord-um-visindin\/#primaryimage"},"thumbnailUrl":"https:\/\/matis.is\/wp-content\/uploads\/visindagangan.jpg","datePublished":"2017-04-17T08:54:00+00:00","dateModified":"2021-07-20T08:56:30+00:00","breadcrumb":{"@id":"https:\/\/matis.is\/frettir\/visindaganga-a-degi-jardar-i-midborg-reykjavikur-stondum-vord-um-visindin\/#breadcrumb"},"inLanguage":"en-GB","potentialAction":[{"@type":"ReadAction","target":["https:\/\/matis.is\/frettir\/visindaganga-a-degi-jardar-i-midborg-reykjavikur-stondum-vord-um-visindin\/"]}]},{"@type":"ImageObject","inLanguage":"en-GB","@id":"https:\/\/matis.is\/frettir\/visindaganga-a-degi-jardar-i-midborg-reykjavikur-stondum-vord-um-visindin\/#primaryimage","url":"https:\/\/matis.is\/wp-content\/uploads\/visindagangan.jpg","contentUrl":"https:\/\/matis.is\/wp-content\/uploads\/visindagangan.jpg","width":575,"height":323},{"@type":"BreadcrumbList","@id":"https:\/\/matis.is\/frettir\/visindaganga-a-degi-jardar-i-midborg-reykjavikur-stondum-vord-um-visindin\/#breadcrumb","itemListElement":[{"@type":"ListItem","position":1,"name":"Home","item":"https:\/\/matis.is\/"},{"@type":"ListItem","position":2,"name":"V\u00edsindaganga \u00e1 Degi Jar\u00f0ar \u00ed mi\u00f0borg Reykjav\u00edkur &#8211; St\u00f6ndum v\u00f6r\u00f0 um v\u00edsindin!"}]},{"@type":"WebSite","@id":"https:\/\/matis.is\/#website","url":"https:\/\/matis.is\/","name":"Mat\u00eds","description":"Value creation, food security and public health","publisher":{"@id":"https:\/\/matis.is\/#organization"},"potentialAction":[{"@type":"SearchAction","target":{"@type":"EntryPoint","urlTemplate":"https:\/\/matis.is\/?s={search_term_string}"},"query-input":{"@type":"PropertyValueSpecification","valueRequired":true,"valueName":"search_term_string"}}],"inLanguage":"en-GB"},{"@type":"Organization","@id":"https:\/\/matis.is\/#organization","name":"Mat\u00eds ohf.","url":"https:\/\/matis.is\/","logo":{"@type":"ImageObject","inLanguage":"en-GB","@id":"https:\/\/matis.is\/#\/schema\/logo\/image\/","url":"https:\/\/matis.is\/wp-content\/uploads\/2021\/02\/matis_logo_blatthvitt.png","contentUrl":"https:\/\/matis.is\/wp-content\/uploads\/2021\/02\/matis_logo_blatthvitt.png","width":1507,"height":1507,"caption":"Mat\u00eds ohf."},"image":{"@id":"https:\/\/matis.is\/#\/schema\/logo\/image\/"},"sameAs":["https:\/\/www.facebook.com\/matisiceland","https:\/\/x.com\/matisiceland","https:\/\/www.instagram.com\/matisiceland\/","https:\/\/www.linkedin.com\/matisiceland\/","https:\/\/www.youtube.com\/channel\/UCY-frt3uTqgVZW-DLjoo5bA"]},{"@type":"Person","@id":"https:\/\/matis.is\/#\/schema\/person\/33b92c850c915c93e67f291e3381a49a","name":"admin","sameAs":["https:\/\/matis.mareframe.eu"],"url":"https:\/\/matis.is\/en\/author\/thormodurmatis-is\/"}]}},"spectra_custom_meta":{"_edit_lock":["1626771405:5"],"_wp_old_date":["2021-07-20"],"_thumbnail_id":["40454"],"_wp_page_template":["templates\/template-cover.php"],"_edit_last":["5"],"tengilidur":[""],"_tengilidur":["field_5ef905e0538b2"],"_yoast_wpseo_primary_category":["1973"],"_yoast_wpseo_content_score":["30"],"_yoast_wpseo_estimated-reading-time-minutes":["2"],"wpmm_postgrid_views":["298"],"_uag_css_file_name":["uag-css-40453.css"],"_uag_page_assets":["a:9:{s:3:\"css\";s:263:\".uag-blocks-common-selector{z-index:var(--z-index-desktop) !important}@media (max-width: 976px){.uag-blocks-common-selector{z-index:var(--z-index-tablet) !important}}@media (max-width: 767px){.uag-blocks-common-selector{z-index:var(--z-index-mobile) !important}}\n\";s:2:\"js\";s:0:\"\";s:18:\"current_block_list\";a:6:{i:0;s:12:\"core\/heading\";i:1;s:14:\"core\/paragraph\";i:2;s:12:\"core\/buttons\";i:3;s:11:\"core\/button\";i:4;s:12:\"core\/columns\";i:5;s:11:\"core\/column\";}s:8:\"uag_flag\";b:0;s:11:\"uag_version\";s:10:\"1777300790\";s:6:\"gfonts\";a:0:{}s:10:\"gfonts_url\";s:0:\"\";s:12:\"gfonts_files\";a:0:{}s:14:\"uag_faq_layout\";b:0;}"]},"uagb_featured_image_src":{"full":["https:\/\/matis.is\/wp-content\/uploads\/visindagangan.jpg",575,323,false],"thumbnail":["https:\/\/matis.is\/wp-content\/uploads\/visindagangan-150x150.jpg",150,150,true],"medium":["https:\/\/matis.is\/wp-content\/uploads\/visindagangan-300x169.jpg",300,169,true],"medium_large":["https:\/\/matis.is\/wp-content\/uploads\/visindagangan.jpg",575,323,false],"large":["https:\/\/matis.is\/wp-content\/uploads\/visindagangan.jpg",575,323,false],"1536x1536":["https:\/\/matis.is\/wp-content\/uploads\/visindagangan.jpg",575,323,false],"2048x2048":["https:\/\/matis.is\/wp-content\/uploads\/visindagangan.jpg",575,323,false],"trp-custom-language-flag":["https:\/\/matis.is\/wp-content\/uploads\/visindagangan.jpg",18,10,false]},"uagb_author_info":{"display_name":"admin","author_link":"https:\/\/matis.is\/en\/author\/thormodurmatis-is\/"},"uagb_comment_info":0,"uagb_excerpt":"V\u00edsindagangan (e. March for Science) fer fram \u00ed mi\u00f0b\u00e6 Reykjav\u00edkur \u00e1 Degi Jar\u00f0ar, laugardaginn 22. apr\u00edl kl. 13. Markmi\u00f0 g\u00f6ngunnar [&hellip;]","_links":{"self":[{"href":"https:\/\/matis.is\/en\/wp-json\/wp\/v2\/posts\/40453","targetHints":{"allow":["GET"]}}],"collection":[{"href":"https:\/\/matis.is\/en\/wp-json\/wp\/v2\/posts"}],"about":[{"href":"https:\/\/matis.is\/en\/wp-json\/wp\/v2\/types\/post"}],"author":[{"embeddable":true,"href":"https:\/\/matis.is\/en\/wp-json\/wp\/v2\/users\/1"}],"replies":[{"embeddable":true,"href":"https:\/\/matis.is\/en\/wp-json\/wp\/v2\/comments?post=40453"}],"version-history":[{"count":1,"href":"https:\/\/matis.is\/en\/wp-json\/wp\/v2\/posts\/40453\/revisions"}],"predecessor-version":[{"id":40455,"href":"https:\/\/matis.is\/en\/wp-json\/wp\/v2\/posts\/40453\/revisions\/40455"}],"wp:featuredmedia":[{"embeddable":true,"href":"https:\/\/matis.is\/en\/wp-json\/wp\/v2\/media\/40454"}],"wp:attachment":[{"href":"https:\/\/matis.is\/en\/wp-json\/wp\/v2\/media?parent=40453"}],"wp:term":[{"taxonomy":"category","embeddable":true,"href":"https:\/\/matis.is\/en\/wp-json\/wp\/v2\/categories?post=40453"},{"taxonomy":"post_tag","embeddable":true,"href":"https:\/\/matis.is\/en\/wp-json\/wp\/v2\/tags?post=40453"}],"curies":[{"name":"wp","href":"https:\/\/api.w.org\/{rel}","templated":true}]}}