{"id":40456,"date":"2017-04-12T08:56:00","date_gmt":"2017-04-12T08:56:00","guid":{"rendered":"https:\/\/matis.is\/?p=40456"},"modified":"2021-07-20T08:59:16","modified_gmt":"2021-07-20T08:59:16","slug":"laerdomur-dreginn-af-reynslu-islendinga","status":"publish","type":"post","link":"https:\/\/matis.is\/en\/frettir\/laerdomur-dreginn-af-reynslu-islendinga\/","title":{"rendered":"Lessons learned from the experience of Icelanders"},"content":{"rendered":"<h4 class=\"wp-block-heading\">It is important to respect nature by utilizing wild species in a sustainable way. It is sensible to respect the raw material by utilizing what is extracted from the sea, making the most of the catch. Society is also respected by making the most of what is taken for processing.<br>The utilization of the fish caught has long been discussed. The emphasis has been on quality and the emphasis on quantity has diminished. Responsible management of marine resources has far-reaching positive consequences. Icelanders&#039; access to marine resources has improved significantly and is now considered a model. Efforts are being made to handle Icelandic seafood.&nbsp;<\/h4>\n\n\n\n<p>Mat\u00eds has, along&nbsp;<a href=\"http:\/\/www.sfs.is\/\" target=\"_blank\" rel=\"noreferrer noopener\">Association of companies in the fishing industry<\/a>&nbsp;(SFS),&nbsp;<a href=\"http:\/\/www.hampidjan.is\/\" target=\"_blank\" rel=\"noreferrer noopener\">Hampidjan<\/a>&nbsp;and&nbsp;<a href=\"http:\/\/www.marel.is\/\" target=\"_blank\" rel=\"noreferrer noopener\">Marel<\/a>, be an active participant in&nbsp;<a href=\"http:\/\/www.discardless.eu\/\" target=\"_blank\" rel=\"noreferrer noopener\">DiscardLess<\/a>&nbsp;the project led by the Danish University of Technology&nbsp;<a href=\"http:\/\/www.dtu.dk\/\" target=\"_blank\" rel=\"noreferrer noopener\">DTU<\/a>&nbsp;from the beginning (March 2015). The project is intended to facilitate the implementation of the discard ban that is being implemented within the European fishing fleet. European leaders and other stakeholders look to Iceland and other countries that have experience of working under a ban on eviction, and therefore Iceland&#039;s contribution is important in the project, in addition to which Mat\u00eds leads one work package and has a key role in several other work packages.&nbsp;<\/p>\n\n\n\n<p>Among the measures taken by the Icelandic government with a view to curbing discards are flexibility in the transfer of catch quotas, the authorization to land by-catches outside catch quotas where the majority of catch value goes to the Fisheries Project Fund, rules on the proportion of heads of land processed by vessels in accordance with the cargo space of the popular vessels, such as the rules for landing grayling and&nbsp;<a href=\"http:\/\/www.fiskistofa.is\/fiskveidistjorn\/stjornfiskveida\/grasleppa\/\" target=\"_blank\" rel=\"noreferrer noopener\">obligations<\/a>&nbsp;on the landing of cod liver, saithe, ling, anglerfish and anglerfish as well as cod and saithe roe (for grayling fishing). Increased emphasis on the utilization of catch for value creation has led to liver being taken into account when dividing catch value according to Art. share exchange system.<\/p>\n\n\n\n<p>From March 6 to 10, the annual meeting of the DiscardLess project took place in Rome. The meeting in Rome was&nbsp;<a href=\"http:\/\/www.discardless.eu\/home\/presentation\/discardless-stakeholders-conference-in-fao-rome-on-9-10-march-2017\" target=\"_blank\" rel=\"noreferrer noopener\">second annual meeting<\/a>&nbsp;in DiscardLess and he marks that the project is now half over. From Mat\u00eds, J\u00f3nas R\u00fanar Vi\u00f0arsson and Kristinn \u00d3lafsson took part in the meeting, which was considered to be extremely successful. The meeting was held at headquarters&nbsp;<a href=\"http:\/\/www.fao.org\/\" target=\"_blank\" rel=\"noreferrer noopener\">FAO<\/a>&nbsp;and was attended by 60 participants and about 50 stakeholders who were involved in the meeting agenda in various ways. Iceland had its representative in the group of stakeholders, Kristj\u00e1n \u00de\u00f3rarinsson from SFS, who represented the Icelandic fishing industry at the meeting and spoke on behalf of fishing companies that have operated under a discard ban for more than three decades. Kristj\u00e1n gave an interesting speech that attracted a lot of attention, where he explained the effects of the discard ban on the Icelandic fishing industry. What about a somewhat different tone than had been heard from his colleagues in Europe, who had complained a lot about the ban. Kristj\u00e1n argued that the ban was a great step forward for the Icelandic fishing industry and that it was in fact the duty of those who are trusted with natural resources to take good care of it.<\/p>\n\n\n\n<p>J\u00f3nas went over some of the most important points that can be learned from the Icelanders&#039; experience of the discard ban, almost four decades of tireless efforts to improve access to marine resources and increased sustainability. J\u00f3nas focused on the issues that are easily transferable and can be utilized in diverse fisheries across the coasts of European countries. J\u00f3nas also showed the development that has taken place off the coast of Iceland in the case of haddock. As well as proposals for improved facilities on board fishing vessels in the Bay of Biscay so that crews can make the catch and bring all the catch ashore.<\/p>\n\n\n\n<p>Here is a very short video that refers to Icelanders&#039; utilization of marine resources.<\/p>\n\n\n\n<figure class=\"wp-block-embed is-type-video is-provider-youtube wp-block-embed-youtube wp-embed-aspect-16-9 wp-has-aspect-ratio\"><div class=\"wp-block-embed__wrapper\">\n<iframe loading=\"lazy\" title=\"Icelandic Cod Fish Utilization\" width=\"500\" height=\"281\" src=\"https:\/\/www.youtube.com\/embed\/fcvAgZ5nSos?feature=oembed\" frameborder=\"0\" allow=\"accelerometer; autoplay; clipboard-write; encrypted-media; gyroscope; picture-in-picture; web-share\" referrerpolicy=\"strict-origin-when-cross-origin\" allowfullscreen><\/iframe>\n<\/div><figcaption>Utilization<\/figcaption><\/figure>\n\n\n\n<p>For further information\u00a0<a href=\"https:\/\/gamla.matis.is\/um-matis-ohf\/starfsfolk\/svid\/persona\/108\/fyrirtaeki\/1\">J\u00f3nas R. Vi\u00f0arsson<\/a>\u00a0professional leader in the Safe Food Chain.<\/p>","protected":false},"excerpt":{"rendered":"<p>Mikilv\u00e6gt er a\u00f0 vir\u00f0a n\u00e1tt\u00faruna me\u00f0 \u00fev\u00ed a\u00f0 n\u00fdta villta stofna \u00e1 sj\u00e1lfb\u00e6ran h\u00e1tt. Skynsamlegt er a\u00f0 vir\u00f0a hr\u00e1efni\u00f0 me\u00f0 [&hellip;]<\/p>\n","protected":false},"author":1,"featured_media":40305,"comment_status":"closed","ping_status":"closed","sticky":false,"template":"templates\/template-cover.php","format":"standard","meta":{"_acf_changed":false,"_uag_custom_page_level_css":"","site-sidebar-layout":"default","site-content-layout":"","ast-site-content-layout":"default","site-content-style":"default","site-sidebar-style":"default","ast-global-header-display":"","ast-banner-title-visibility":"","ast-main-header-display":"","ast-hfb-above-header-display":"","ast-hfb-below-header-display":"","ast-hfb-mobile-header-display":"","site-post-title":"","ast-breadcrumbs-content":"","ast-featured-img":"","footer-sml-layout":"","ast-disable-related-posts":"","theme-transparent-header-meta":"","adv-header-id-meta":"","stick-header-meta":"","header-above-stick-meta":"","header-main-stick-meta":"","header-below-stick-meta":"","astra-migrate-meta-layouts":"default","ast-page-background-enabled":"default","ast-page-background-meta":{"desktop":{"background-color":"var(--ast-global-color-5)","background-image":"","background-repeat":"repeat","background-position":"center center","background-size":"auto","background-attachment":"scroll","background-type":"","background-media":"","overlay-type":"","overlay-color":"","overlay-opacity":"","overlay-gradient":""},"tablet":{"background-color":"","background-image":"","background-repeat":"repeat","background-position":"center center","background-size":"auto","background-attachment":"scroll","background-type":"","background-media":"","overlay-type":"","overlay-color":"","overlay-opacity":"","overlay-gradient":""},"mobile":{"background-color":"","background-image":"","background-repeat":"repeat","background-position":"center center","background-size":"auto","background-attachment":"scroll","background-type":"","background-media":"","overlay-type":"","overlay-color":"","overlay-opacity":"","overlay-gradient":""}},"ast-content-background-meta":{"desktop":{"background-color":"var(--ast-global-color-4)","background-image":"","background-repeat":"repeat","background-position":"center center","background-size":"auto","background-attachment":"scroll","background-type":"","background-media":"","overlay-type":"","overlay-color":"","overlay-opacity":"","overlay-gradient":""},"tablet":{"background-color":"var(--ast-global-color-4)","background-image":"","background-repeat":"repeat","background-position":"center center","background-size":"auto","background-attachment":"scroll","background-type":"","background-media":"","overlay-type":"","overlay-color":"","overlay-opacity":"","overlay-gradient":""},"mobile":{"background-color":"var(--ast-global-color-4)","background-image":"","background-repeat":"repeat","background-position":"center center","background-size":"auto","background-attachment":"scroll","background-type":"","background-media":"","overlay-type":"","overlay-color":"","overlay-opacity":"","overlay-gradient":""}},"footnotes":""},"categories":[1973],"tags":[],"class_list":["post-40456","post","type-post","status-publish","format-standard","has-post-thumbnail","hentry","category-frettir"],"acf":[],"yoast_head":"<!-- This site is optimized with the Yoast SEO plugin v27.4 - https:\/\/yoast.com\/product\/yoast-seo-wordpress\/ -->\n<title>L\u00e6rd\u00f3mur dreginn af reynslu \u00cdslendinga - Mat\u00eds<\/title>\n<meta name=\"robots\" content=\"index, follow, max-snippet:-1, max-image-preview:large, max-video-preview:-1\" \/>\n<link rel=\"canonical\" href=\"https:\/\/matis.is\/en\/frettir\/laerdomur-dreginn-af-reynslu-islendinga\/\" \/>\n<meta property=\"og:locale\" content=\"en_GB\" \/>\n<meta property=\"og:type\" content=\"article\" \/>\n<meta property=\"og:title\" content=\"L\u00e6rd\u00f3mur dreginn af reynslu \u00cdslendinga - Mat\u00eds\" \/>\n<meta property=\"og:description\" content=\"Mikilv\u00e6gt er a\u00f0 vir\u00f0a n\u00e1tt\u00faruna me\u00f0 \u00fev\u00ed a\u00f0 n\u00fdta villta stofna \u00e1 sj\u00e1lfb\u00e6ran h\u00e1tt. Skynsamlegt er a\u00f0 vir\u00f0a hr\u00e1efni\u00f0 me\u00f0 [&hellip;]\" \/>\n<meta property=\"og:url\" content=\"https:\/\/matis.is\/en\/frettir\/laerdomur-dreginn-af-reynslu-islendinga\/\" \/>\n<meta property=\"og:site_name\" content=\"Mat\u00eds\" \/>\n<meta property=\"article:publisher\" content=\"https:\/\/www.facebook.com\/matisiceland\" \/>\n<meta property=\"article:published_time\" content=\"2017-04-12T08:56:00+00:00\" \/>\n<meta property=\"article:modified_time\" content=\"2021-07-20T08:59:16+00:00\" \/>\n<meta property=\"og:image\" content=\"https:\/\/matis.is\/wp-content\/uploads\/discardless.jpg\" \/>\n\t<meta property=\"og:image:width\" content=\"275\" \/>\n\t<meta property=\"og:image:height\" content=\"183\" \/>\n\t<meta property=\"og:image:type\" content=\"image\/jpeg\" \/>\n<meta name=\"author\" content=\"admin\" \/>\n<meta name=\"twitter:card\" content=\"summary_large_image\" \/>\n<meta name=\"twitter:creator\" content=\"@matisiceland\" \/>\n<meta name=\"twitter:site\" content=\"@matisiceland\" \/>\n<meta name=\"twitter:label1\" content=\"Written by\" \/>\n\t<meta name=\"twitter:data1\" content=\"admin\" \/>\n\t<meta name=\"twitter:label2\" content=\"Estimated reading time\" \/>\n\t<meta name=\"twitter:data2\" content=\"3 minutes\" \/>\n<script type=\"application\/ld+json\" class=\"yoast-schema-graph\">{\"@context\":\"https:\\\/\\\/schema.org\",\"@graph\":[{\"@type\":\"Article\",\"@id\":\"https:\\\/\\\/matis.is\\\/frettir\\\/laerdomur-dreginn-af-reynslu-islendinga\\\/#article\",\"isPartOf\":{\"@id\":\"https:\\\/\\\/matis.is\\\/frettir\\\/laerdomur-dreginn-af-reynslu-islendinga\\\/\"},\"author\":{\"name\":\"admin\",\"@id\":\"https:\\\/\\\/matis.is\\\/#\\\/schema\\\/person\\\/33b92c850c915c93e67f291e3381a49a\"},\"headline\":\"L\u00e6rd\u00f3mur dreginn af reynslu \u00cdslendinga\",\"datePublished\":\"2017-04-12T08:56:00+00:00\",\"dateModified\":\"2021-07-20T08:59:16+00:00\",\"mainEntityOfPage\":{\"@id\":\"https:\\\/\\\/matis.is\\\/frettir\\\/laerdomur-dreginn-af-reynslu-islendinga\\\/\"},\"wordCount\":774,\"publisher\":{\"@id\":\"https:\\\/\\\/matis.is\\\/#organization\"},\"image\":{\"@id\":\"https:\\\/\\\/matis.is\\\/frettir\\\/laerdomur-dreginn-af-reynslu-islendinga\\\/#primaryimage\"},\"thumbnailUrl\":\"https:\\\/\\\/matis.is\\\/wp-content\\\/uploads\\\/discardless.jpg\",\"articleSection\":[\"Fr\u00e9ttir\"],\"inLanguage\":\"en-GB\"},{\"@type\":\"WebPage\",\"@id\":\"https:\\\/\\\/matis.is\\\/frettir\\\/laerdomur-dreginn-af-reynslu-islendinga\\\/\",\"url\":\"https:\\\/\\\/matis.is\\\/frettir\\\/laerdomur-dreginn-af-reynslu-islendinga\\\/\",\"name\":\"L\u00e6rd\u00f3mur dreginn af reynslu \u00cdslendinga - Mat\u00eds\",\"isPartOf\":{\"@id\":\"https:\\\/\\\/matis.is\\\/#website\"},\"primaryImageOfPage\":{\"@id\":\"https:\\\/\\\/matis.is\\\/frettir\\\/laerdomur-dreginn-af-reynslu-islendinga\\\/#primaryimage\"},\"image\":{\"@id\":\"https:\\\/\\\/matis.is\\\/frettir\\\/laerdomur-dreginn-af-reynslu-islendinga\\\/#primaryimage\"},\"thumbnailUrl\":\"https:\\\/\\\/matis.is\\\/wp-content\\\/uploads\\\/discardless.jpg\",\"datePublished\":\"2017-04-12T08:56:00+00:00\",\"dateModified\":\"2021-07-20T08:59:16+00:00\",\"breadcrumb\":{\"@id\":\"https:\\\/\\\/matis.is\\\/frettir\\\/laerdomur-dreginn-af-reynslu-islendinga\\\/#breadcrumb\"},\"inLanguage\":\"en-GB\",\"potentialAction\":[{\"@type\":\"ReadAction\",\"target\":[\"https:\\\/\\\/matis.is\\\/frettir\\\/laerdomur-dreginn-af-reynslu-islendinga\\\/\"]}]},{\"@type\":\"ImageObject\",\"inLanguage\":\"en-GB\",\"@id\":\"https:\\\/\\\/matis.is\\\/frettir\\\/laerdomur-dreginn-af-reynslu-islendinga\\\/#primaryimage\",\"url\":\"https:\\\/\\\/matis.is\\\/wp-content\\\/uploads\\\/discardless.jpg\",\"contentUrl\":\"https:\\\/\\\/matis.is\\\/wp-content\\\/uploads\\\/discardless.jpg\",\"width\":275,\"height\":183},{\"@type\":\"BreadcrumbList\",\"@id\":\"https:\\\/\\\/matis.is\\\/frettir\\\/laerdomur-dreginn-af-reynslu-islendinga\\\/#breadcrumb\",\"itemListElement\":[{\"@type\":\"ListItem\",\"position\":1,\"name\":\"Home\",\"item\":\"https:\\\/\\\/matis.is\\\/\"},{\"@type\":\"ListItem\",\"position\":2,\"name\":\"L\u00e6rd\u00f3mur dreginn af reynslu \u00cdslendinga\"}]},{\"@type\":\"WebSite\",\"@id\":\"https:\\\/\\\/matis.is\\\/#website\",\"url\":\"https:\\\/\\\/matis.is\\\/\",\"name\":\"Mat\u00eds\",\"description\":\"Ver\u00f0m\u00e6task\u00f6pun, matv\u00e6la\u00f6ryggi og l\u00fd\u00f0heilsa\",\"publisher\":{\"@id\":\"https:\\\/\\\/matis.is\\\/#organization\"},\"potentialAction\":[{\"@type\":\"SearchAction\",\"target\":{\"@type\":\"EntryPoint\",\"urlTemplate\":\"https:\\\/\\\/matis.is\\\/?s={search_term_string}\"},\"query-input\":{\"@type\":\"PropertyValueSpecification\",\"valueRequired\":true,\"valueName\":\"search_term_string\"}}],\"inLanguage\":\"en-GB\"},{\"@type\":\"Organization\",\"@id\":\"https:\\\/\\\/matis.is\\\/#organization\",\"name\":\"Mat\u00eds ohf.\",\"url\":\"https:\\\/\\\/matis.is\\\/\",\"logo\":{\"@type\":\"ImageObject\",\"inLanguage\":\"en-GB\",\"@id\":\"https:\\\/\\\/matis.is\\\/#\\\/schema\\\/logo\\\/image\\\/\",\"url\":\"https:\\\/\\\/matis.is\\\/wp-content\\\/uploads\\\/2021\\\/02\\\/matis_logo_blatthvitt.png\",\"contentUrl\":\"https:\\\/\\\/matis.is\\\/wp-content\\\/uploads\\\/2021\\\/02\\\/matis_logo_blatthvitt.png\",\"width\":1507,\"height\":1507,\"caption\":\"Mat\u00eds ohf.\"},\"image\":{\"@id\":\"https:\\\/\\\/matis.is\\\/#\\\/schema\\\/logo\\\/image\\\/\"},\"sameAs\":[\"https:\\\/\\\/www.facebook.com\\\/matisiceland\",\"https:\\\/\\\/x.com\\\/matisiceland\",\"https:\\\/\\\/www.instagram.com\\\/matisiceland\\\/\",\"https:\\\/\\\/www.linkedin.com\\\/matisiceland\\\/\",\"https:\\\/\\\/www.youtube.com\\\/channel\\\/UCY-frt3uTqgVZW-DLjoo5bA\"]},{\"@type\":\"Person\",\"@id\":\"https:\\\/\\\/matis.is\\\/#\\\/schema\\\/person\\\/33b92c850c915c93e67f291e3381a49a\",\"name\":\"admin\",\"sameAs\":[\"https:\\\/\\\/matis.mareframe.eu\"],\"url\":\"https:\\\/\\\/matis.is\\\/en\\\/author\\\/thormodurmatis-is\\\/\"}]}<\/script>\n<!-- \/ Yoast SEO plugin. -->","yoast_head_json":{"title":"Lessons learned from the experience of Icelanders - Mat\u00eds","robots":{"index":"index","follow":"follow","max-snippet":"max-snippet:-1","max-image-preview":"max-image-preview:large","max-video-preview":"max-video-preview:-1"},"canonical":"https:\/\/matis.is\/en\/frettir\/laerdomur-dreginn-af-reynslu-islendinga\/","og_locale":"en_GB","og_type":"article","og_title":"L\u00e6rd\u00f3mur dreginn af reynslu \u00cdslendinga - Mat\u00eds","og_description":"Mikilv\u00e6gt er a\u00f0 vir\u00f0a n\u00e1tt\u00faruna me\u00f0 \u00fev\u00ed a\u00f0 n\u00fdta villta stofna \u00e1 sj\u00e1lfb\u00e6ran h\u00e1tt. Skynsamlegt er a\u00f0 vir\u00f0a hr\u00e1efni\u00f0 me\u00f0 [&hellip;]","og_url":"https:\/\/matis.is\/en\/frettir\/laerdomur-dreginn-af-reynslu-islendinga\/","og_site_name":"Mat\u00eds","article_publisher":"https:\/\/www.facebook.com\/matisiceland","article_published_time":"2017-04-12T08:56:00+00:00","article_modified_time":"2021-07-20T08:59:16+00:00","og_image":[{"width":275,"height":183,"url":"https:\/\/matis.is\/wp-content\/uploads\/discardless.jpg","type":"image\/jpeg"}],"author":"admin","twitter_card":"summary_large_image","twitter_creator":"@matisiceland","twitter_site":"@matisiceland","twitter_misc":{"Written by":"admin","Estimated reading time":"3 minutes"},"schema":{"@context":"https:\/\/schema.org","@graph":[{"@type":"Article","@id":"https:\/\/matis.is\/frettir\/laerdomur-dreginn-af-reynslu-islendinga\/#article","isPartOf":{"@id":"https:\/\/matis.is\/frettir\/laerdomur-dreginn-af-reynslu-islendinga\/"},"author":{"name":"admin","@id":"https:\/\/matis.is\/#\/schema\/person\/33b92c850c915c93e67f291e3381a49a"},"headline":"L\u00e6rd\u00f3mur dreginn af reynslu \u00cdslendinga","datePublished":"2017-04-12T08:56:00+00:00","dateModified":"2021-07-20T08:59:16+00:00","mainEntityOfPage":{"@id":"https:\/\/matis.is\/frettir\/laerdomur-dreginn-af-reynslu-islendinga\/"},"wordCount":774,"publisher":{"@id":"https:\/\/matis.is\/#organization"},"image":{"@id":"https:\/\/matis.is\/frettir\/laerdomur-dreginn-af-reynslu-islendinga\/#primaryimage"},"thumbnailUrl":"https:\/\/matis.is\/wp-content\/uploads\/discardless.jpg","articleSection":["Fr\u00e9ttir"],"inLanguage":"en-GB"},{"@type":"WebPage","@id":"https:\/\/matis.is\/frettir\/laerdomur-dreginn-af-reynslu-islendinga\/","url":"https:\/\/matis.is\/frettir\/laerdomur-dreginn-af-reynslu-islendinga\/","name":"Lessons learned from the experience of Icelanders - Mat\u00eds","isPartOf":{"@id":"https:\/\/matis.is\/#website"},"primaryImageOfPage":{"@id":"https:\/\/matis.is\/frettir\/laerdomur-dreginn-af-reynslu-islendinga\/#primaryimage"},"image":{"@id":"https:\/\/matis.is\/frettir\/laerdomur-dreginn-af-reynslu-islendinga\/#primaryimage"},"thumbnailUrl":"https:\/\/matis.is\/wp-content\/uploads\/discardless.jpg","datePublished":"2017-04-12T08:56:00+00:00","dateModified":"2021-07-20T08:59:16+00:00","breadcrumb":{"@id":"https:\/\/matis.is\/frettir\/laerdomur-dreginn-af-reynslu-islendinga\/#breadcrumb"},"inLanguage":"en-GB","potentialAction":[{"@type":"ReadAction","target":["https:\/\/matis.is\/frettir\/laerdomur-dreginn-af-reynslu-islendinga\/"]}]},{"@type":"ImageObject","inLanguage":"en-GB","@id":"https:\/\/matis.is\/frettir\/laerdomur-dreginn-af-reynslu-islendinga\/#primaryimage","url":"https:\/\/matis.is\/wp-content\/uploads\/discardless.jpg","contentUrl":"https:\/\/matis.is\/wp-content\/uploads\/discardless.jpg","width":275,"height":183},{"@type":"BreadcrumbList","@id":"https:\/\/matis.is\/frettir\/laerdomur-dreginn-af-reynslu-islendinga\/#breadcrumb","itemListElement":[{"@type":"ListItem","position":1,"name":"Home","item":"https:\/\/matis.is\/"},{"@type":"ListItem","position":2,"name":"L\u00e6rd\u00f3mur dreginn af reynslu \u00cdslendinga"}]},{"@type":"WebSite","@id":"https:\/\/matis.is\/#website","url":"https:\/\/matis.is\/","name":"Mat\u00eds","description":"Value creation, food security and public health","publisher":{"@id":"https:\/\/matis.is\/#organization"},"potentialAction":[{"@type":"SearchAction","target":{"@type":"EntryPoint","urlTemplate":"https:\/\/matis.is\/?s={search_term_string}"},"query-input":{"@type":"PropertyValueSpecification","valueRequired":true,"valueName":"search_term_string"}}],"inLanguage":"en-GB"},{"@type":"Organization","@id":"https:\/\/matis.is\/#organization","name":"Mat\u00eds ohf.","url":"https:\/\/matis.is\/","logo":{"@type":"ImageObject","inLanguage":"en-GB","@id":"https:\/\/matis.is\/#\/schema\/logo\/image\/","url":"https:\/\/matis.is\/wp-content\/uploads\/2021\/02\/matis_logo_blatthvitt.png","contentUrl":"https:\/\/matis.is\/wp-content\/uploads\/2021\/02\/matis_logo_blatthvitt.png","width":1507,"height":1507,"caption":"Mat\u00eds ohf."},"image":{"@id":"https:\/\/matis.is\/#\/schema\/logo\/image\/"},"sameAs":["https:\/\/www.facebook.com\/matisiceland","https:\/\/x.com\/matisiceland","https:\/\/www.instagram.com\/matisiceland\/","https:\/\/www.linkedin.com\/matisiceland\/","https:\/\/www.youtube.com\/channel\/UCY-frt3uTqgVZW-DLjoo5bA"]},{"@type":"Person","@id":"https:\/\/matis.is\/#\/schema\/person\/33b92c850c915c93e67f291e3381a49a","name":"admin","sameAs":["https:\/\/matis.mareframe.eu"],"url":"https:\/\/matis.is\/en\/author\/thormodurmatis-is\/"}]}},"spectra_custom_meta":{"_edit_lock":["1626771556:5"],"_oembed_d40402104cea831c3ca623ab441fea9f":["<iframe title=\"Icelandic Cod Fish Utilization\" width=\"580\" height=\"326\" src=\"https:\/\/www.youtube.com\/embed\/fcvAgZ5nSos?feature=oembed\" frameborder=\"0\" allow=\"accelerometer; autoplay; clipboard-write; encrypted-media; gyroscope; picture-in-picture\" allowfullscreen><\/iframe>"],"_oembed_time_d40402104cea831c3ca623ab441fea9f":["1626771469"],"_wp_old_date":["2021-07-20"],"_thumbnail_id":["40305"],"_wp_page_template":["templates\/template-cover.php"],"_edit_last":["5"],"tengilidur":[""],"_tengilidur":["field_5ef905e0538b2"],"_yoast_wpseo_primary_category":["1973"],"_yoast_wpseo_content_score":["30"],"_yoast_wpseo_estimated-reading-time-minutes":["3"],"wpmm_postgrid_views":["328"],"_oembed_a1e239a755320aee2e1db27b81d23871":["<iframe title=\"Icelandic Cod Fish Utilization\" width=\"580\" height=\"326\" src=\"https:\/\/www.youtube.com\/embed\/fcvAgZ5nSos?feature=oembed\" frameborder=\"0\" allow=\"accelerometer; autoplay; clipboard-write; encrypted-media; gyroscope; picture-in-picture; web-share\" referrerpolicy=\"strict-origin-when-cross-origin\" allowfullscreen><\/iframe>"],"_oembed_time_a1e239a755320aee2e1db27b81d23871":["1714161870"],"_oembed_09aa97fac2eee38baa29051c3d916eee":["<iframe title=\"Icelandic Cod Fish Utilization\" width=\"1200\" height=\"675\" src=\"https:\/\/www.youtube.com\/embed\/fcvAgZ5nSos?feature=oembed\" frameborder=\"0\" allow=\"accelerometer; autoplay; clipboard-write; encrypted-media; gyroscope; picture-in-picture; web-share\" referrerpolicy=\"strict-origin-when-cross-origin\" allowfullscreen><\/iframe>"],"_oembed_time_09aa97fac2eee38baa29051c3d916eee":["1770318091"],"_uag_css_file_name":["uag-css-40456.css"],"_oembed_2f7ebe522f481b1321e1e83ab4f92fcb":["<iframe title=\"Icelandic Cod Fish Utilization\" width=\"500\" height=\"281\" src=\"https:\/\/www.youtube.com\/embed\/fcvAgZ5nSos?feature=oembed\" frameborder=\"0\" allow=\"accelerometer; autoplay; clipboard-write; encrypted-media; gyroscope; picture-in-picture; web-share\" referrerpolicy=\"strict-origin-when-cross-origin\" allowfullscreen><\/iframe>"],"_oembed_time_2f7ebe522f481b1321e1e83ab4f92fcb":["1770614363"],"_uag_page_assets":["a:9:{s:3:\"css\";s:263:\".uag-blocks-common-selector{z-index:var(--z-index-desktop) !important}@media (max-width: 976px){.uag-blocks-common-selector{z-index:var(--z-index-tablet) !important}}@media (max-width: 767px){.uag-blocks-common-selector{z-index:var(--z-index-mobile) !important}}\n\";s:2:\"js\";s:0:\"\";s:18:\"current_block_list\";a:7:{i:0;s:12:\"core\/heading\";i:1;s:14:\"core\/paragraph\";i:2;s:10:\"core\/embed\";i:3;s:12:\"core\/buttons\";i:4;s:11:\"core\/button\";i:5;s:12:\"core\/columns\";i:6;s:11:\"core\/column\";}s:8:\"uag_flag\";b:0;s:11:\"uag_version\";s:10:\"1777300790\";s:6:\"gfonts\";a:0:{}s:10:\"gfonts_url\";s:0:\"\";s:12:\"gfonts_files\";a:0:{}s:14:\"uag_faq_layout\";b:0;}"]},"uagb_featured_image_src":{"full":["https:\/\/matis.is\/wp-content\/uploads\/discardless.jpg",275,183,false],"thumbnail":["https:\/\/matis.is\/wp-content\/uploads\/discardless-150x150.jpg",150,150,true],"medium":["https:\/\/matis.is\/wp-content\/uploads\/discardless.jpg",275,183,false],"medium_large":["https:\/\/matis.is\/wp-content\/uploads\/discardless.jpg",275,183,false],"large":["https:\/\/matis.is\/wp-content\/uploads\/discardless.jpg",275,183,false],"1536x1536":["https:\/\/matis.is\/wp-content\/uploads\/discardless.jpg",275,183,false],"2048x2048":["https:\/\/matis.is\/wp-content\/uploads\/discardless.jpg",275,183,false],"trp-custom-language-flag":["https:\/\/matis.is\/wp-content\/uploads\/discardless.jpg",18,12,false]},"uagb_author_info":{"display_name":"admin","author_link":"https:\/\/matis.is\/en\/author\/thormodurmatis-is\/"},"uagb_comment_info":0,"uagb_excerpt":"Mikilv\u00e6gt er a\u00f0 vir\u00f0a n\u00e1tt\u00faruna me\u00f0 \u00fev\u00ed a\u00f0 n\u00fdta villta stofna \u00e1 sj\u00e1lfb\u00e6ran h\u00e1tt. Skynsamlegt er a\u00f0 vir\u00f0a hr\u00e1efni\u00f0 me\u00f0 [&hellip;]","_links":{"self":[{"href":"https:\/\/matis.is\/en\/wp-json\/wp\/v2\/posts\/40456","targetHints":{"allow":["GET"]}}],"collection":[{"href":"https:\/\/matis.is\/en\/wp-json\/wp\/v2\/posts"}],"about":[{"href":"https:\/\/matis.is\/en\/wp-json\/wp\/v2\/types\/post"}],"author":[{"embeddable":true,"href":"https:\/\/matis.is\/en\/wp-json\/wp\/v2\/users\/1"}],"replies":[{"embeddable":true,"href":"https:\/\/matis.is\/en\/wp-json\/wp\/v2\/comments?post=40456"}],"version-history":[{"count":1,"href":"https:\/\/matis.is\/en\/wp-json\/wp\/v2\/posts\/40456\/revisions"}],"predecessor-version":[{"id":40457,"href":"https:\/\/matis.is\/en\/wp-json\/wp\/v2\/posts\/40456\/revisions\/40457"}],"wp:featuredmedia":[{"embeddable":true,"href":"https:\/\/matis.is\/en\/wp-json\/wp\/v2\/media\/40305"}],"wp:attachment":[{"href":"https:\/\/matis.is\/en\/wp-json\/wp\/v2\/media?parent=40456"}],"wp:term":[{"taxonomy":"category","embeddable":true,"href":"https:\/\/matis.is\/en\/wp-json\/wp\/v2\/categories?post=40456"},{"taxonomy":"post_tag","embeddable":true,"href":"https:\/\/matis.is\/en\/wp-json\/wp\/v2\/tags?post=40456"}],"curies":[{"name":"wp","href":"https:\/\/api.w.org\/{rel}","templated":true}]}}