{"id":40471,"date":"2017-04-04T09:13:00","date_gmt":"2017-04-04T09:13:00","guid":{"rendered":"https:\/\/matis.is\/?p=40471"},"modified":"2021-08-24T12:11:07","modified_gmt":"2021-08-24T12:11:07","slug":"thekking-og-faerni-i-matvaelagreinum","status":"publish","type":"post","link":"https:\/\/matis.is\/en\/frettir\/thekking-og-faerni-i-matvaelagreinum\/","title":{"rendered":"Knowledge and skills in the food industry"},"content":{"rendered":"<h4 class=\"wp-block-heading\">A co-operation forum on Matv\u00e6lalandi\u00f0 \u00cdsland will hold a conference at H\u00f3tel Saga on Thursday 6 April, where ways to strengthen knowledge and skills within the food industry will be discussed. Since its establishment, Mat\u00eds has emphasized close co-operation with stakeholders on the development of food industries in Iceland with the aim of increasing value creation, improving food security and public health. Mat\u00eds is a proud participant in the co-operation platform Matv\u00e6lalandi\u00f0 \u00cdsland. &nbsp;<\/h4>\n\n\n\n<p>11.30&nbsp;&nbsp;&nbsp;&nbsp;&nbsp;<em>Lunch refreshment in collaboration with the grill&#039;s master chefs<br><\/em>12.00<em>&nbsp;&nbsp;&nbsp;&nbsp; Presentation and presentation of the Ecotrophelia \u00cdsland award.&nbsp;<\/em>\u00deorger\u00f0ur Katr\u00edn Gunnarsd\u00f3ttir,&nbsp;<a href=\"http:\/\/www.anr.is\/\" target=\"_blank\" rel=\"noreferrer noopener\">Minister of Fisheries and Agriculture<\/a><br><em>Technology revolutionizes the food industry -&nbsp;<\/em>H\u00f6r\u00f0ur Kristinsson, Director of Research and Innovation&nbsp;<a href=\"https:\/\/gamla.matis.is\/\">Mat\u00eds<\/a><\/p>\n\n\n\n<p><em><strong>New methods of communicating education to employees&nbsp;<\/strong><br><\/em><em><a href=\"http:\/\/www.securitas.is\/\" target=\"_blank\" rel=\"noreferrer noopener\">Overheating training - how do I reach employees?<\/a>&nbsp;&nbsp;- Hl\u00edf B\u00f6\u00f0varsd\u00f3ttir, Managing Director of Securitas&#039; Human Resources Division<br><\/em><a href=\"http:\/\/www.hi.is\/\" target=\"_blank\" rel=\"noreferrer noopener\">New ways of disseminating teaching material<\/a>&nbsp;- Hr\u00f3bjartur \u00c1rnason, lecturer at the School of Education at the University of Iceland<br><em><a href=\"http:\/\/icelandairhotels.is\/\" target=\"_blank\" rel=\"noreferrer noopener\">Workplace learning and education in Icelandair hotels<\/a>&nbsp;<\/em>- Erla \u00d3sk \u00c1sgeirsd\u00f3ttir, Director of Personnel and Quality at Icelandair Hotels<br><em><a href=\"http:\/\/menntanet.is\/\" target=\"_blank\" rel=\"noreferrer noopener\">Fisheries education network<\/a>&nbsp;<\/em>- Hallveig \u00d3lafsd\u00f3ttir, economist at SFS<\/p>\n\n\n\n<p><em>Pause<\/em><\/p>\n\n\n\n<p><em><strong>Experiences from companies<\/strong><br><a href=\"http:\/\/www.nordlenska.is\/\" target=\"_blank\" rel=\"noreferrer noopener\">Quality, safety and profitability in production<\/a>\u00a0<\/em>- B\u00e1ra Eyfj\u00f6r\u00f0 Heimisd\u00f3ttir, Quality Manager at Nor\u00f0lenski<br><em><a href=\"http:\/\/www.fiskt.is\/\" target=\"_blank\" rel=\"noreferrer noopener\">Who buys our fish, are we on the right track?<\/a>\u00a0<\/em>Klemenz S\u00e6mundsson and \u00c1sd\u00eds Vilborg P\u00e1lsd\u00f3ttir, project managers at the Icelandic School of Fisheries \u00a0<br><em><a href=\"http:\/\/hafur.bondi.is\/radstefnur\/matvaelalandid-2017\/starfsthjalfunaraetlun\/index.html\" target=\"_blank\" rel=\"noreferrer noopener\">Vocational training program<\/a>\u00a0<\/em>- A\u00f0alhei\u00f0ur H\u00e9\u00f0insd\u00f3ttir, Chairman of the Board of Kaffit\u00e1r<br><a href=\"http:\/\/www.rml.is\/\" target=\"_blank\" rel=\"noreferrer noopener\">Advice to farmers - New challenges in a changing environment\u00a0<\/a>- Vignir Sigur\u00f0sson, Director of the Agricultural Advisory Center \u00a0<\/p>\n\n\n\n<p><em>Panel discussion with the participation of young people<\/em><em>&nbsp;from various disciplines.<br><\/em><a href=\"http:\/\/www.gaedabakstur.is\/\" target=\"_blank\" rel=\"noreferrer noopener\">Lilja Rut Traustad\u00f3ttir<\/a>, Quality Manager of Quality Baking<br><a href=\"https:\/\/www.bocusedor.is\/portfolio_category\/2017\/\" target=\"_blank\" rel=\"noreferrer noopener\">Viktor \u00d6rn Andr\u00e9sson<\/a>, chef, 3rd place in Bocuse d&#039;Or 2017<br><a href=\"http:\/\/www.ungurbondi.is\/\" target=\"_blank\" rel=\"noreferrer noopener\">Einar Freyr El\u00ednarson<\/a>, chairman of the Young Farmers&#039; Association and board member of the Agricultural Advisory Center<br><a href=\"http:\/\/www.wise.is\/\" target=\"_blank\" rel=\"noreferrer noopener\">Eyr\u00fan Sif Sk\u00falad\u00f3ttir<\/a>, consultant at Wise<br><a href=\"http:\/\/www.dominos.is\/\" target=\"_blank\" rel=\"noreferrer noopener\">Anna Fr\u00ed\u00f0a G\u00edslad\u00f3ttir<\/a>, Dominos Marketing Manager<\/p>\n\n\n\n<p>16:00 &nbsp;&nbsp;&nbsp;&nbsp;<em>Conference closing<\/em><\/p>\n\n\n\n<p>Presenter and conference director: P\u00e9tur H. P\u00e1lsson, managing director&nbsp;<a href=\"http:\/\/www.visirhf.is\/\" target=\"_blank\" rel=\"noreferrer noopener\">V\u00edsis&nbsp;<\/a><\/p>","protected":false},"excerpt":{"rendered":"<p>Samstarfsvettvangur um Matv\u00e6lalandi\u00f0 \u00cdsland efnir til r\u00e1\u00f0stefnu \u00e1 H\u00f3tel S\u00f6gu fimmtudaginn 6. apr\u00edl \u00fear sem fjalla\u00f0 ver\u00f0ur um lei\u00f0ir til [&hellip;]<\/p>\n","protected":false},"author":1,"featured_media":39514,"comment_status":"closed","ping_status":"closed","sticky":false,"template":"templates\/template-cover.php","format":"standard","meta":{"_acf_changed":false,"_uag_custom_page_level_css":"","site-sidebar-layout":"default","site-content-layout":"","ast-site-content-layout":"default","site-content-style":"default","site-sidebar-style":"default","ast-global-header-display":"","ast-banner-title-visibility":"","ast-main-header-display":"","ast-hfb-above-header-display":"","ast-hfb-below-header-display":"","ast-hfb-mobile-header-display":"","site-post-title":"","ast-breadcrumbs-content":"","ast-featured-img":"","footer-sml-layout":"","ast-disable-related-posts":"","theme-transparent-header-meta":"","adv-header-id-meta":"","stick-header-meta":"","header-above-stick-meta":"","header-main-stick-meta":"","header-below-stick-meta":"","astra-migrate-meta-layouts":"default","ast-page-background-enabled":"default","ast-page-background-meta":{"desktop":{"background-color":"var(--ast-global-color-5)","background-image":"","background-repeat":"repeat","background-position":"center center","background-size":"auto","background-attachment":"scroll","background-type":"","background-media":"","overlay-type":"","overlay-color":"","overlay-opacity":"","overlay-gradient":""},"tablet":{"background-color":"","background-image":"","background-repeat":"repeat","background-position":"center center","background-size":"auto","background-attachment":"scroll","background-type":"","background-media":"","overlay-type":"","overlay-color":"","overlay-opacity":"","overlay-gradient":""},"mobile":{"background-color":"","background-image":"","background-repeat":"repeat","background-position":"center center","background-size":"auto","background-attachment":"scroll","background-type":"","background-media":"","overlay-type":"","overlay-color":"","overlay-opacity":"","overlay-gradient":""}},"ast-content-background-meta":{"desktop":{"background-color":"var(--ast-global-color-4)","background-image":"","background-repeat":"repeat","background-position":"center center","background-size":"auto","background-attachment":"scroll","background-type":"","background-media":"","overlay-type":"","overlay-color":"","overlay-opacity":"","overlay-gradient":""},"tablet":{"background-color":"var(--ast-global-color-4)","background-image":"","background-repeat":"repeat","background-position":"center center","background-size":"auto","background-attachment":"scroll","background-type":"","background-media":"","overlay-type":"","overlay-color":"","overlay-opacity":"","overlay-gradient":""},"mobile":{"background-color":"var(--ast-global-color-4)","background-image":"","background-repeat":"repeat","background-position":"center center","background-size":"auto","background-attachment":"scroll","background-type":"","background-media":"","overlay-type":"","overlay-color":"","overlay-opacity":"","overlay-gradient":""}},"footnotes":""},"categories":[1973],"tags":[],"class_list":["post-40471","post","type-post","status-publish","format-standard","has-post-thumbnail","hentry","category-frettir"],"acf":[],"yoast_head":"<!-- This site is optimized with the Yoast SEO plugin v27.4 - https:\/\/yoast.com\/product\/yoast-seo-wordpress\/ -->\n<title>\u00deekking og f\u00e6rni \u00ed matv\u00e6lagreinum - Mat\u00eds<\/title>\n<meta name=\"robots\" content=\"index, follow, max-snippet:-1, max-image-preview:large, max-video-preview:-1\" \/>\n<link rel=\"canonical\" href=\"https:\/\/matis.is\/en\/frettir\/thekking-og-faerni-i-matvaelagreinum\/\" \/>\n<meta property=\"og:locale\" content=\"en_GB\" \/>\n<meta property=\"og:type\" content=\"article\" \/>\n<meta property=\"og:title\" content=\"\u00deekking og f\u00e6rni \u00ed matv\u00e6lagreinum - Mat\u00eds\" \/>\n<meta property=\"og:description\" content=\"Samstarfsvettvangur um Matv\u00e6lalandi\u00f0 \u00cdsland efnir til r\u00e1\u00f0stefnu \u00e1 H\u00f3tel S\u00f6gu fimmtudaginn 6. apr\u00edl \u00fear sem fjalla\u00f0 ver\u00f0ur um lei\u00f0ir til [&hellip;]\" \/>\n<meta property=\"og:url\" content=\"https:\/\/matis.is\/en\/frettir\/thekking-og-faerni-i-matvaelagreinum\/\" \/>\n<meta property=\"og:site_name\" content=\"Mat\u00eds\" \/>\n<meta property=\"article:publisher\" content=\"https:\/\/www.facebook.com\/matisiceland\" \/>\n<meta property=\"article:published_time\" content=\"2017-04-04T09:13:00+00:00\" \/>\n<meta property=\"article:modified_time\" content=\"2021-08-24T12:11:07+00:00\" \/>\n<meta property=\"og:image\" content=\"https:\/\/matis.is\/wp-content\/uploads\/hus-matis.jpg\" \/>\n\t<meta property=\"og:image:width\" content=\"900\" \/>\n\t<meta property=\"og:image:height\" content=\"420\" \/>\n\t<meta property=\"og:image:type\" content=\"image\/jpeg\" \/>\n<meta name=\"author\" content=\"admin\" \/>\n<meta name=\"twitter:card\" content=\"summary_large_image\" \/>\n<meta name=\"twitter:creator\" content=\"@matisiceland\" \/>\n<meta name=\"twitter:site\" content=\"@matisiceland\" \/>\n<meta name=\"twitter:label1\" content=\"Written by\" \/>\n\t<meta name=\"twitter:data1\" content=\"admin\" \/>\n\t<meta name=\"twitter:label2\" content=\"Estimated reading time\" \/>\n\t<meta name=\"twitter:data2\" content=\"2 minutes\" \/>\n<script type=\"application\/ld+json\" class=\"yoast-schema-graph\">{\"@context\":\"https:\\\/\\\/schema.org\",\"@graph\":[{\"@type\":\"Article\",\"@id\":\"https:\\\/\\\/matis.is\\\/frettir\\\/thekking-og-faerni-i-matvaelagreinum\\\/#article\",\"isPartOf\":{\"@id\":\"https:\\\/\\\/matis.is\\\/frettir\\\/thekking-og-faerni-i-matvaelagreinum\\\/\"},\"author\":{\"name\":\"admin\",\"@id\":\"https:\\\/\\\/matis.is\\\/#\\\/schema\\\/person\\\/33b92c850c915c93e67f291e3381a49a\"},\"headline\":\"\u00deekking og f\u00e6rni \u00ed matv\u00e6lagreinum\",\"datePublished\":\"2017-04-04T09:13:00+00:00\",\"dateModified\":\"2021-08-24T12:11:07+00:00\",\"mainEntityOfPage\":{\"@id\":\"https:\\\/\\\/matis.is\\\/frettir\\\/thekking-og-faerni-i-matvaelagreinum\\\/\"},\"wordCount\":429,\"publisher\":{\"@id\":\"https:\\\/\\\/matis.is\\\/#organization\"},\"image\":{\"@id\":\"https:\\\/\\\/matis.is\\\/frettir\\\/thekking-og-faerni-i-matvaelagreinum\\\/#primaryimage\"},\"thumbnailUrl\":\"https:\\\/\\\/matis.is\\\/wp-content\\\/uploads\\\/hus-matis.jpg\",\"articleSection\":[\"Fr\u00e9ttir\"],\"inLanguage\":\"en-GB\"},{\"@type\":\"WebPage\",\"@id\":\"https:\\\/\\\/matis.is\\\/frettir\\\/thekking-og-faerni-i-matvaelagreinum\\\/\",\"url\":\"https:\\\/\\\/matis.is\\\/frettir\\\/thekking-og-faerni-i-matvaelagreinum\\\/\",\"name\":\"\u00deekking og f\u00e6rni \u00ed matv\u00e6lagreinum - Mat\u00eds\",\"isPartOf\":{\"@id\":\"https:\\\/\\\/matis.is\\\/#website\"},\"primaryImageOfPage\":{\"@id\":\"https:\\\/\\\/matis.is\\\/frettir\\\/thekking-og-faerni-i-matvaelagreinum\\\/#primaryimage\"},\"image\":{\"@id\":\"https:\\\/\\\/matis.is\\\/frettir\\\/thekking-og-faerni-i-matvaelagreinum\\\/#primaryimage\"},\"thumbnailUrl\":\"https:\\\/\\\/matis.is\\\/wp-content\\\/uploads\\\/hus-matis.jpg\",\"datePublished\":\"2017-04-04T09:13:00+00:00\",\"dateModified\":\"2021-08-24T12:11:07+00:00\",\"breadcrumb\":{\"@id\":\"https:\\\/\\\/matis.is\\\/frettir\\\/thekking-og-faerni-i-matvaelagreinum\\\/#breadcrumb\"},\"inLanguage\":\"en-GB\",\"potentialAction\":[{\"@type\":\"ReadAction\",\"target\":[\"https:\\\/\\\/matis.is\\\/frettir\\\/thekking-og-faerni-i-matvaelagreinum\\\/\"]}]},{\"@type\":\"ImageObject\",\"inLanguage\":\"en-GB\",\"@id\":\"https:\\\/\\\/matis.is\\\/frettir\\\/thekking-og-faerni-i-matvaelagreinum\\\/#primaryimage\",\"url\":\"https:\\\/\\\/matis.is\\\/wp-content\\\/uploads\\\/hus-matis.jpg\",\"contentUrl\":\"https:\\\/\\\/matis.is\\\/wp-content\\\/uploads\\\/hus-matis.jpg\",\"width\":900,\"height\":420},{\"@type\":\"BreadcrumbList\",\"@id\":\"https:\\\/\\\/matis.is\\\/frettir\\\/thekking-og-faerni-i-matvaelagreinum\\\/#breadcrumb\",\"itemListElement\":[{\"@type\":\"ListItem\",\"position\":1,\"name\":\"Home\",\"item\":\"https:\\\/\\\/matis.is\\\/\"},{\"@type\":\"ListItem\",\"position\":2,\"name\":\"\u00deekking og f\u00e6rni \u00ed matv\u00e6lagreinum\"}]},{\"@type\":\"WebSite\",\"@id\":\"https:\\\/\\\/matis.is\\\/#website\",\"url\":\"https:\\\/\\\/matis.is\\\/\",\"name\":\"Mat\u00eds\",\"description\":\"Ver\u00f0m\u00e6task\u00f6pun, matv\u00e6la\u00f6ryggi og l\u00fd\u00f0heilsa\",\"publisher\":{\"@id\":\"https:\\\/\\\/matis.is\\\/#organization\"},\"potentialAction\":[{\"@type\":\"SearchAction\",\"target\":{\"@type\":\"EntryPoint\",\"urlTemplate\":\"https:\\\/\\\/matis.is\\\/?s={search_term_string}\"},\"query-input\":{\"@type\":\"PropertyValueSpecification\",\"valueRequired\":true,\"valueName\":\"search_term_string\"}}],\"inLanguage\":\"en-GB\"},{\"@type\":\"Organization\",\"@id\":\"https:\\\/\\\/matis.is\\\/#organization\",\"name\":\"Mat\u00eds ohf.\",\"url\":\"https:\\\/\\\/matis.is\\\/\",\"logo\":{\"@type\":\"ImageObject\",\"inLanguage\":\"en-GB\",\"@id\":\"https:\\\/\\\/matis.is\\\/#\\\/schema\\\/logo\\\/image\\\/\",\"url\":\"https:\\\/\\\/matis.is\\\/wp-content\\\/uploads\\\/2021\\\/02\\\/matis_logo_blatthvitt.png\",\"contentUrl\":\"https:\\\/\\\/matis.is\\\/wp-content\\\/uploads\\\/2021\\\/02\\\/matis_logo_blatthvitt.png\",\"width\":1507,\"height\":1507,\"caption\":\"Mat\u00eds ohf.\"},\"image\":{\"@id\":\"https:\\\/\\\/matis.is\\\/#\\\/schema\\\/logo\\\/image\\\/\"},\"sameAs\":[\"https:\\\/\\\/www.facebook.com\\\/matisiceland\",\"https:\\\/\\\/x.com\\\/matisiceland\",\"https:\\\/\\\/www.instagram.com\\\/matisiceland\\\/\",\"https:\\\/\\\/www.linkedin.com\\\/matisiceland\\\/\",\"https:\\\/\\\/www.youtube.com\\\/channel\\\/UCY-frt3uTqgVZW-DLjoo5bA\"]},{\"@type\":\"Person\",\"@id\":\"https:\\\/\\\/matis.is\\\/#\\\/schema\\\/person\\\/33b92c850c915c93e67f291e3381a49a\",\"name\":\"admin\",\"sameAs\":[\"https:\\\/\\\/matis.mareframe.eu\"],\"url\":\"https:\\\/\\\/matis.is\\\/en\\\/author\\\/thormodurmatis-is\\\/\"}]}<\/script>\n<!-- \/ Yoast SEO plugin. -->","yoast_head_json":{"title":"Knowledge and skills in the food industry - Mat\u00eds","robots":{"index":"index","follow":"follow","max-snippet":"max-snippet:-1","max-image-preview":"max-image-preview:large","max-video-preview":"max-video-preview:-1"},"canonical":"https:\/\/matis.is\/en\/frettir\/thekking-og-faerni-i-matvaelagreinum\/","og_locale":"en_GB","og_type":"article","og_title":"\u00deekking og f\u00e6rni \u00ed matv\u00e6lagreinum - Mat\u00eds","og_description":"Samstarfsvettvangur um Matv\u00e6lalandi\u00f0 \u00cdsland efnir til r\u00e1\u00f0stefnu \u00e1 H\u00f3tel S\u00f6gu fimmtudaginn 6. apr\u00edl \u00fear sem fjalla\u00f0 ver\u00f0ur um lei\u00f0ir til [&hellip;]","og_url":"https:\/\/matis.is\/en\/frettir\/thekking-og-faerni-i-matvaelagreinum\/","og_site_name":"Mat\u00eds","article_publisher":"https:\/\/www.facebook.com\/matisiceland","article_published_time":"2017-04-04T09:13:00+00:00","article_modified_time":"2021-08-24T12:11:07+00:00","og_image":[{"width":900,"height":420,"url":"https:\/\/matis.is\/wp-content\/uploads\/hus-matis.jpg","type":"image\/jpeg"}],"author":"admin","twitter_card":"summary_large_image","twitter_creator":"@matisiceland","twitter_site":"@matisiceland","twitter_misc":{"Written by":"admin","Estimated reading time":"2 minutes"},"schema":{"@context":"https:\/\/schema.org","@graph":[{"@type":"Article","@id":"https:\/\/matis.is\/frettir\/thekking-og-faerni-i-matvaelagreinum\/#article","isPartOf":{"@id":"https:\/\/matis.is\/frettir\/thekking-og-faerni-i-matvaelagreinum\/"},"author":{"name":"admin","@id":"https:\/\/matis.is\/#\/schema\/person\/33b92c850c915c93e67f291e3381a49a"},"headline":"\u00deekking og f\u00e6rni \u00ed matv\u00e6lagreinum","datePublished":"2017-04-04T09:13:00+00:00","dateModified":"2021-08-24T12:11:07+00:00","mainEntityOfPage":{"@id":"https:\/\/matis.is\/frettir\/thekking-og-faerni-i-matvaelagreinum\/"},"wordCount":429,"publisher":{"@id":"https:\/\/matis.is\/#organization"},"image":{"@id":"https:\/\/matis.is\/frettir\/thekking-og-faerni-i-matvaelagreinum\/#primaryimage"},"thumbnailUrl":"https:\/\/matis.is\/wp-content\/uploads\/hus-matis.jpg","articleSection":["Fr\u00e9ttir"],"inLanguage":"en-GB"},{"@type":"WebPage","@id":"https:\/\/matis.is\/frettir\/thekking-og-faerni-i-matvaelagreinum\/","url":"https:\/\/matis.is\/frettir\/thekking-og-faerni-i-matvaelagreinum\/","name":"Knowledge and skills in the food industry - Mat\u00eds","isPartOf":{"@id":"https:\/\/matis.is\/#website"},"primaryImageOfPage":{"@id":"https:\/\/matis.is\/frettir\/thekking-og-faerni-i-matvaelagreinum\/#primaryimage"},"image":{"@id":"https:\/\/matis.is\/frettir\/thekking-og-faerni-i-matvaelagreinum\/#primaryimage"},"thumbnailUrl":"https:\/\/matis.is\/wp-content\/uploads\/hus-matis.jpg","datePublished":"2017-04-04T09:13:00+00:00","dateModified":"2021-08-24T12:11:07+00:00","breadcrumb":{"@id":"https:\/\/matis.is\/frettir\/thekking-og-faerni-i-matvaelagreinum\/#breadcrumb"},"inLanguage":"en-GB","potentialAction":[{"@type":"ReadAction","target":["https:\/\/matis.is\/frettir\/thekking-og-faerni-i-matvaelagreinum\/"]}]},{"@type":"ImageObject","inLanguage":"en-GB","@id":"https:\/\/matis.is\/frettir\/thekking-og-faerni-i-matvaelagreinum\/#primaryimage","url":"https:\/\/matis.is\/wp-content\/uploads\/hus-matis.jpg","contentUrl":"https:\/\/matis.is\/wp-content\/uploads\/hus-matis.jpg","width":900,"height":420},{"@type":"BreadcrumbList","@id":"https:\/\/matis.is\/frettir\/thekking-og-faerni-i-matvaelagreinum\/#breadcrumb","itemListElement":[{"@type":"ListItem","position":1,"name":"Home","item":"https:\/\/matis.is\/"},{"@type":"ListItem","position":2,"name":"\u00deekking og f\u00e6rni \u00ed matv\u00e6lagreinum"}]},{"@type":"WebSite","@id":"https:\/\/matis.is\/#website","url":"https:\/\/matis.is\/","name":"Mat\u00eds","description":"Value creation, food security and public health","publisher":{"@id":"https:\/\/matis.is\/#organization"},"potentialAction":[{"@type":"SearchAction","target":{"@type":"EntryPoint","urlTemplate":"https:\/\/matis.is\/?s={search_term_string}"},"query-input":{"@type":"PropertyValueSpecification","valueRequired":true,"valueName":"search_term_string"}}],"inLanguage":"en-GB"},{"@type":"Organization","@id":"https:\/\/matis.is\/#organization","name":"Mat\u00eds ohf.","url":"https:\/\/matis.is\/","logo":{"@type":"ImageObject","inLanguage":"en-GB","@id":"https:\/\/matis.is\/#\/schema\/logo\/image\/","url":"https:\/\/matis.is\/wp-content\/uploads\/2021\/02\/matis_logo_blatthvitt.png","contentUrl":"https:\/\/matis.is\/wp-content\/uploads\/2021\/02\/matis_logo_blatthvitt.png","width":1507,"height":1507,"caption":"Mat\u00eds ohf."},"image":{"@id":"https:\/\/matis.is\/#\/schema\/logo\/image\/"},"sameAs":["https:\/\/www.facebook.com\/matisiceland","https:\/\/x.com\/matisiceland","https:\/\/www.instagram.com\/matisiceland\/","https:\/\/www.linkedin.com\/matisiceland\/","https:\/\/www.youtube.com\/channel\/UCY-frt3uTqgVZW-DLjoo5bA"]},{"@type":"Person","@id":"https:\/\/matis.is\/#\/schema\/person\/33b92c850c915c93e67f291e3381a49a","name":"admin","sameAs":["https:\/\/matis.mareframe.eu"],"url":"https:\/\/matis.is\/en\/author\/thormodurmatis-is\/"}]}},"spectra_custom_meta":{"_edit_lock":["1629807068:5"],"_wp_old_date":["2021-07-20"],"_thumbnail_id":["39514"],"_wp_page_template":["templates\/template-cover.php"],"_edit_last":["5"],"tengilidur":[""],"_tengilidur":["field_5ef905e0538b2"],"_yoast_wpseo_primary_category":["1973"],"_yoast_wpseo_content_score":["60"],"_yoast_wpseo_estimated-reading-time-minutes":["2"],"wpmm_postgrid_views":["366"],"_uag_css_file_name":["uag-css-40471.css"],"_uag_page_assets":["a:9:{s:3:\"css\";s:263:\".uag-blocks-common-selector{z-index:var(--z-index-desktop) !important}@media (max-width: 976px){.uag-blocks-common-selector{z-index:var(--z-index-tablet) !important}}@media (max-width: 767px){.uag-blocks-common-selector{z-index:var(--z-index-mobile) !important}}\n\";s:2:\"js\";s:0:\"\";s:18:\"current_block_list\";a:6:{i:0;s:12:\"core\/heading\";i:1;s:14:\"core\/paragraph\";i:2;s:12:\"core\/buttons\";i:3;s:11:\"core\/button\";i:4;s:12:\"core\/columns\";i:5;s:11:\"core\/column\";}s:8:\"uag_flag\";b:0;s:11:\"uag_version\";s:10:\"1777300790\";s:6:\"gfonts\";a:0:{}s:10:\"gfonts_url\";s:0:\"\";s:12:\"gfonts_files\";a:0:{}s:14:\"uag_faq_layout\";b:0;}"]},"uagb_featured_image_src":{"full":["https:\/\/matis.is\/wp-content\/uploads\/hus-matis.jpg",900,420,false],"thumbnail":["https:\/\/matis.is\/wp-content\/uploads\/hus-matis-150x150.jpg",150,150,true],"medium":["https:\/\/matis.is\/wp-content\/uploads\/hus-matis-300x140.jpg",300,140,true],"medium_large":["https:\/\/matis.is\/wp-content\/uploads\/hus-matis-768x358.jpg",768,358,true],"large":["https:\/\/matis.is\/wp-content\/uploads\/hus-matis.jpg",900,420,false],"1536x1536":["https:\/\/matis.is\/wp-content\/uploads\/hus-matis.jpg",900,420,false],"2048x2048":["https:\/\/matis.is\/wp-content\/uploads\/hus-matis.jpg",900,420,false],"trp-custom-language-flag":["https:\/\/matis.is\/wp-content\/uploads\/hus-matis.jpg",18,8,false]},"uagb_author_info":{"display_name":"admin","author_link":"https:\/\/matis.is\/en\/author\/thormodurmatis-is\/"},"uagb_comment_info":0,"uagb_excerpt":"Samstarfsvettvangur um Matv\u00e6lalandi\u00f0 \u00cdsland efnir til r\u00e1\u00f0stefnu \u00e1 H\u00f3tel S\u00f6gu fimmtudaginn 6. apr\u00edl \u00fear sem fjalla\u00f0 ver\u00f0ur um lei\u00f0ir til [&hellip;]","_links":{"self":[{"href":"https:\/\/matis.is\/en\/wp-json\/wp\/v2\/posts\/40471","targetHints":{"allow":["GET"]}}],"collection":[{"href":"https:\/\/matis.is\/en\/wp-json\/wp\/v2\/posts"}],"about":[{"href":"https:\/\/matis.is\/en\/wp-json\/wp\/v2\/types\/post"}],"author":[{"embeddable":true,"href":"https:\/\/matis.is\/en\/wp-json\/wp\/v2\/users\/1"}],"replies":[{"embeddable":true,"href":"https:\/\/matis.is\/en\/wp-json\/wp\/v2\/comments?post=40471"}],"version-history":[{"count":2,"href":"https:\/\/matis.is\/en\/wp-json\/wp\/v2\/posts\/40471\/revisions"}],"predecessor-version":[{"id":42878,"href":"https:\/\/matis.is\/en\/wp-json\/wp\/v2\/posts\/40471\/revisions\/42878"}],"wp:featuredmedia":[{"embeddable":true,"href":"https:\/\/matis.is\/en\/wp-json\/wp\/v2\/media\/39514"}],"wp:attachment":[{"href":"https:\/\/matis.is\/en\/wp-json\/wp\/v2\/media?parent=40471"}],"wp:term":[{"taxonomy":"category","embeddable":true,"href":"https:\/\/matis.is\/en\/wp-json\/wp\/v2\/categories?post=40471"},{"taxonomy":"post_tag","embeddable":true,"href":"https:\/\/matis.is\/en\/wp-json\/wp\/v2\/tags?post=40471"}],"curies":[{"name":"wp","href":"https:\/\/api.w.org\/{rel}","templated":true}]}}