{"id":40883,"date":"2015-11-20T08:53:00","date_gmt":"2015-11-20T08:53:00","guid":{"rendered":"https:\/\/matis.is\/?p=40883"},"modified":"2021-07-26T08:55:06","modified_gmt":"2021-07-26T08:55:06","slug":"marlysi-framurstefnuhugmynd-sjavarutvegsradstefnunnar-2015","status":"publish","type":"post","link":"https:\/\/matis.is\/en\/frettir\/marlysi-framurstefnuhugmynd-sjavarutvegsradstefnunnar-2015\/","title":{"rendered":"Marlysi - Futuristic idea of the Fisheries Conference 2015"},"content":{"rendered":"<h4 class=\"wp-block-heading\">Snorri Hreggvi\u00f0sson, Margildi ehf., Won first prize in the competition The Future Policy Idea of the Fisheries Conference 2015.<\/h4>\n\n\n\n<p>The idea is to produce Marlys, mackerel, herring and capelin for human consumption. Margildi ehf. has developed a new and unique processing method, so-called rapid cold cleaning, which makes it possible to cold clean fish oil from pelagic species. Until now, it has not been possible to cold-clean efficiently and fully purify the aforementioned fish oil for human consumption due to the large amount of saturated and long-chain monounsaturated fatty acids in the fish oil.<\/p>\n\n\n\n<p>Margildi has worked on the project with the engineering firm EFLA, Mat\u00eds, KPMG, Alta r\u00e1\u00f0gj\u00f6f, Kanon Architects, the University of Akureyri, the Association of Southern Municipalities (SASS), the Association of Municipalities in East Iceland (SSA), the Ministry of Industry and Innovation, AVS and Sj\u00e1varklasan. Experimental raw materials have been obtained from HB Grandi, S\u00edldarvinnslan and Eskja, as well as Vinnslust\u00f6\u00f0in and \u00cdsf\u00e9lagi\u00f0 in the Westman Islands.&nbsp;<\/p>\n\n\n\n<p>Mat\u00eds &#039;experts have been involved in the project and Mat\u00eds&#039; facilities have used the project to advance it.<\/p>\n\n\n\n<p>home page&nbsp;<a href=\"http:\/\/www.margildi.is\/\" target=\"_blank\" rel=\"noreferrer noopener\">Margildis.<\/a><\/p>","protected":false},"excerpt":{"rendered":"<p>Snorri Hreggvi\u00f0sson, Margildi ehf., hlaut fyrstu ver\u00f0laun \u00ed samkeppninni Fram\u00farstefnuhugmynd Sj\u00e1var\u00fatvegsr\u00e1\u00f0stefnunnar 2015. Hugmyndin er a\u00f0 framlei\u00f0a Marl\u00fdsi, l\u00fdsi \u00far makr\u00edl, [&hellip;]<\/p>\n","protected":false},"author":1,"featured_media":40566,"comment_status":"closed","ping_status":"closed","sticky":false,"template":"templates\/template-cover.php","format":"standard","meta":{"_acf_changed":false,"_uag_custom_page_level_css":"","site-sidebar-layout":"default","site-content-layout":"","ast-site-content-layout":"default","site-content-style":"default","site-sidebar-style":"default","ast-global-header-display":"","ast-banner-title-visibility":"","ast-main-header-display":"","ast-hfb-above-header-display":"","ast-hfb-below-header-display":"","ast-hfb-mobile-header-display":"","site-post-title":"","ast-breadcrumbs-content":"","ast-featured-img":"","footer-sml-layout":"","ast-disable-related-posts":"","theme-transparent-header-meta":"","adv-header-id-meta":"","stick-header-meta":"","header-above-stick-meta":"","header-main-stick-meta":"","header-below-stick-meta":"","astra-migrate-meta-layouts":"default","ast-page-background-enabled":"default","ast-page-background-meta":{"desktop":{"background-color":"var(--ast-global-color-5)","background-image":"","background-repeat":"repeat","background-position":"center center","background-size":"auto","background-attachment":"scroll","background-type":"","background-media":"","overlay-type":"","overlay-color":"","overlay-opacity":"","overlay-gradient":""},"tablet":{"background-color":"","background-image":"","background-repeat":"repeat","background-position":"center center","background-size":"auto","background-attachment":"scroll","background-type":"","background-media":"","overlay-type":"","overlay-color":"","overlay-opacity":"","overlay-gradient":""},"mobile":{"background-color":"","background-image":"","background-repeat":"repeat","background-position":"center center","background-size":"auto","background-attachment":"scroll","background-type":"","background-media":"","overlay-type":"","overlay-color":"","overlay-opacity":"","overlay-gradient":""}},"ast-content-background-meta":{"desktop":{"background-color":"var(--ast-global-color-4)","background-image":"","background-repeat":"repeat","background-position":"center center","background-size":"auto","background-attachment":"scroll","background-type":"","background-media":"","overlay-type":"","overlay-color":"","overlay-opacity":"","overlay-gradient":""},"tablet":{"background-color":"var(--ast-global-color-4)","background-image":"","background-repeat":"repeat","background-position":"center center","background-size":"auto","background-attachment":"scroll","background-type":"","background-media":"","overlay-type":"","overlay-color":"","overlay-opacity":"","overlay-gradient":""},"mobile":{"background-color":"var(--ast-global-color-4)","background-image":"","background-repeat":"repeat","background-position":"center center","background-size":"auto","background-attachment":"scroll","background-type":"","background-media":"","overlay-type":"","overlay-color":"","overlay-opacity":"","overlay-gradient":""}},"footnotes":""},"categories":[1973],"tags":[],"class_list":["post-40883","post","type-post","status-publish","format-standard","has-post-thumbnail","hentry","category-frettir"],"acf":[],"yoast_head":"<!-- This site is optimized with the Yoast SEO plugin v27.4 - https:\/\/yoast.com\/product\/yoast-seo-wordpress\/ -->\n<title>Marl\u00fdsi - Fram\u00farstefnuhugmynd Sj\u00e1var\u00fatvegsr\u00e1\u00f0stefnunnar 2015 - Mat\u00eds<\/title>\n<meta name=\"robots\" content=\"index, follow, max-snippet:-1, max-image-preview:large, max-video-preview:-1\" \/>\n<link rel=\"canonical\" href=\"https:\/\/matis.is\/en\/frettir\/marlysi-framurstefnuhugmynd-sjavarutvegsradstefnunnar-2015\/\" \/>\n<meta property=\"og:locale\" content=\"en_GB\" \/>\n<meta property=\"og:type\" content=\"article\" \/>\n<meta property=\"og:title\" content=\"Marl\u00fdsi - Fram\u00farstefnuhugmynd Sj\u00e1var\u00fatvegsr\u00e1\u00f0stefnunnar 2015 - Mat\u00eds\" \/>\n<meta property=\"og:description\" content=\"Snorri Hreggvi\u00f0sson, Margildi ehf., hlaut fyrstu ver\u00f0laun \u00ed samkeppninni Fram\u00farstefnuhugmynd Sj\u00e1var\u00fatvegsr\u00e1\u00f0stefnunnar 2015. Hugmyndin er a\u00f0 framlei\u00f0a Marl\u00fdsi, l\u00fdsi \u00far makr\u00edl, [&hellip;]\" \/>\n<meta property=\"og:url\" content=\"https:\/\/matis.is\/en\/frettir\/marlysi-framurstefnuhugmynd-sjavarutvegsradstefnunnar-2015\/\" \/>\n<meta property=\"og:site_name\" content=\"Mat\u00eds\" \/>\n<meta property=\"article:publisher\" content=\"https:\/\/www.facebook.com\/matisiceland\" \/>\n<meta property=\"article:published_time\" content=\"2015-11-20T08:53:00+00:00\" \/>\n<meta property=\"article:modified_time\" content=\"2021-07-26T08:55:06+00:00\" \/>\n<meta property=\"og:image\" content=\"https:\/\/matis.is\/wp-content\/uploads\/MARGILDI-LOGO.png\" \/>\n\t<meta property=\"og:image:width\" content=\"581\" \/>\n\t<meta property=\"og:image:height\" content=\"539\" \/>\n\t<meta property=\"og:image:type\" content=\"image\/png\" \/>\n<meta name=\"author\" content=\"admin\" \/>\n<meta name=\"twitter:card\" content=\"summary_large_image\" \/>\n<meta name=\"twitter:creator\" content=\"@matisiceland\" \/>\n<meta name=\"twitter:site\" content=\"@matisiceland\" \/>\n<meta name=\"twitter:label1\" content=\"Written by\" \/>\n\t<meta name=\"twitter:data1\" content=\"admin\" \/>\n\t<meta name=\"twitter:label2\" content=\"Estimated reading time\" \/>\n\t<meta name=\"twitter:data2\" content=\"1 minute\" \/>\n<script type=\"application\/ld+json\" class=\"yoast-schema-graph\">{\"@context\":\"https:\\\/\\\/schema.org\",\"@graph\":[{\"@type\":\"Article\",\"@id\":\"https:\\\/\\\/matis.is\\\/frettir\\\/marlysi-framurstefnuhugmynd-sjavarutvegsradstefnunnar-2015\\\/#article\",\"isPartOf\":{\"@id\":\"https:\\\/\\\/matis.is\\\/frettir\\\/marlysi-framurstefnuhugmynd-sjavarutvegsradstefnunnar-2015\\\/\"},\"author\":{\"name\":\"admin\",\"@id\":\"https:\\\/\\\/matis.is\\\/#\\\/schema\\\/person\\\/33b92c850c915c93e67f291e3381a49a\"},\"headline\":\"Marl\u00fdsi &#8211; Fram\u00farstefnuhugmynd Sj\u00e1var\u00fatvegsr\u00e1\u00f0stefnunnar 2015\",\"datePublished\":\"2015-11-20T08:53:00+00:00\",\"dateModified\":\"2021-07-26T08:55:06+00:00\",\"mainEntityOfPage\":{\"@id\":\"https:\\\/\\\/matis.is\\\/frettir\\\/marlysi-framurstefnuhugmynd-sjavarutvegsradstefnunnar-2015\\\/\"},\"wordCount\":195,\"publisher\":{\"@id\":\"https:\\\/\\\/matis.is\\\/#organization\"},\"image\":{\"@id\":\"https:\\\/\\\/matis.is\\\/frettir\\\/marlysi-framurstefnuhugmynd-sjavarutvegsradstefnunnar-2015\\\/#primaryimage\"},\"thumbnailUrl\":\"https:\\\/\\\/matis.is\\\/wp-content\\\/uploads\\\/MARGILDI-LOGO.png\",\"articleSection\":[\"Fr\u00e9ttir\"],\"inLanguage\":\"en-GB\"},{\"@type\":\"WebPage\",\"@id\":\"https:\\\/\\\/matis.is\\\/frettir\\\/marlysi-framurstefnuhugmynd-sjavarutvegsradstefnunnar-2015\\\/\",\"url\":\"https:\\\/\\\/matis.is\\\/frettir\\\/marlysi-framurstefnuhugmynd-sjavarutvegsradstefnunnar-2015\\\/\",\"name\":\"Marl\u00fdsi - Fram\u00farstefnuhugmynd Sj\u00e1var\u00fatvegsr\u00e1\u00f0stefnunnar 2015 - Mat\u00eds\",\"isPartOf\":{\"@id\":\"https:\\\/\\\/matis.is\\\/#website\"},\"primaryImageOfPage\":{\"@id\":\"https:\\\/\\\/matis.is\\\/frettir\\\/marlysi-framurstefnuhugmynd-sjavarutvegsradstefnunnar-2015\\\/#primaryimage\"},\"image\":{\"@id\":\"https:\\\/\\\/matis.is\\\/frettir\\\/marlysi-framurstefnuhugmynd-sjavarutvegsradstefnunnar-2015\\\/#primaryimage\"},\"thumbnailUrl\":\"https:\\\/\\\/matis.is\\\/wp-content\\\/uploads\\\/MARGILDI-LOGO.png\",\"datePublished\":\"2015-11-20T08:53:00+00:00\",\"dateModified\":\"2021-07-26T08:55:06+00:00\",\"breadcrumb\":{\"@id\":\"https:\\\/\\\/matis.is\\\/frettir\\\/marlysi-framurstefnuhugmynd-sjavarutvegsradstefnunnar-2015\\\/#breadcrumb\"},\"inLanguage\":\"en-GB\",\"potentialAction\":[{\"@type\":\"ReadAction\",\"target\":[\"https:\\\/\\\/matis.is\\\/frettir\\\/marlysi-framurstefnuhugmynd-sjavarutvegsradstefnunnar-2015\\\/\"]}]},{\"@type\":\"ImageObject\",\"inLanguage\":\"en-GB\",\"@id\":\"https:\\\/\\\/matis.is\\\/frettir\\\/marlysi-framurstefnuhugmynd-sjavarutvegsradstefnunnar-2015\\\/#primaryimage\",\"url\":\"https:\\\/\\\/matis.is\\\/wp-content\\\/uploads\\\/MARGILDI-LOGO.png\",\"contentUrl\":\"https:\\\/\\\/matis.is\\\/wp-content\\\/uploads\\\/MARGILDI-LOGO.png\",\"width\":581,\"height\":539},{\"@type\":\"BreadcrumbList\",\"@id\":\"https:\\\/\\\/matis.is\\\/frettir\\\/marlysi-framurstefnuhugmynd-sjavarutvegsradstefnunnar-2015\\\/#breadcrumb\",\"itemListElement\":[{\"@type\":\"ListItem\",\"position\":1,\"name\":\"Home\",\"item\":\"https:\\\/\\\/matis.is\\\/\"},{\"@type\":\"ListItem\",\"position\":2,\"name\":\"Marl\u00fdsi &#8211; Fram\u00farstefnuhugmynd Sj\u00e1var\u00fatvegsr\u00e1\u00f0stefnunnar 2015\"}]},{\"@type\":\"WebSite\",\"@id\":\"https:\\\/\\\/matis.is\\\/#website\",\"url\":\"https:\\\/\\\/matis.is\\\/\",\"name\":\"Mat\u00eds\",\"description\":\"Ver\u00f0m\u00e6task\u00f6pun, matv\u00e6la\u00f6ryggi og l\u00fd\u00f0heilsa\",\"publisher\":{\"@id\":\"https:\\\/\\\/matis.is\\\/#organization\"},\"potentialAction\":[{\"@type\":\"SearchAction\",\"target\":{\"@type\":\"EntryPoint\",\"urlTemplate\":\"https:\\\/\\\/matis.is\\\/?s={search_term_string}\"},\"query-input\":{\"@type\":\"PropertyValueSpecification\",\"valueRequired\":true,\"valueName\":\"search_term_string\"}}],\"inLanguage\":\"en-GB\"},{\"@type\":\"Organization\",\"@id\":\"https:\\\/\\\/matis.is\\\/#organization\",\"name\":\"Mat\u00eds ohf.\",\"url\":\"https:\\\/\\\/matis.is\\\/\",\"logo\":{\"@type\":\"ImageObject\",\"inLanguage\":\"en-GB\",\"@id\":\"https:\\\/\\\/matis.is\\\/#\\\/schema\\\/logo\\\/image\\\/\",\"url\":\"https:\\\/\\\/matis.is\\\/wp-content\\\/uploads\\\/2021\\\/02\\\/matis_logo_blatthvitt.png\",\"contentUrl\":\"https:\\\/\\\/matis.is\\\/wp-content\\\/uploads\\\/2021\\\/02\\\/matis_logo_blatthvitt.png\",\"width\":1507,\"height\":1507,\"caption\":\"Mat\u00eds ohf.\"},\"image\":{\"@id\":\"https:\\\/\\\/matis.is\\\/#\\\/schema\\\/logo\\\/image\\\/\"},\"sameAs\":[\"https:\\\/\\\/www.facebook.com\\\/matisiceland\",\"https:\\\/\\\/x.com\\\/matisiceland\",\"https:\\\/\\\/www.instagram.com\\\/matisiceland\\\/\",\"https:\\\/\\\/www.linkedin.com\\\/matisiceland\\\/\",\"https:\\\/\\\/www.youtube.com\\\/channel\\\/UCY-frt3uTqgVZW-DLjoo5bA\"]},{\"@type\":\"Person\",\"@id\":\"https:\\\/\\\/matis.is\\\/#\\\/schema\\\/person\\\/33b92c850c915c93e67f291e3381a49a\",\"name\":\"admin\",\"sameAs\":[\"https:\\\/\\\/matis.mareframe.eu\"],\"url\":\"https:\\\/\\\/matis.is\\\/en\\\/author\\\/thormodurmatis-is\\\/\"}]}<\/script>\n<!-- \/ Yoast SEO plugin. -->","yoast_head_json":{"title":"Marlysi - Futuristic idea of the Fisheries Conference 2015 - Mat\u00eds","robots":{"index":"index","follow":"follow","max-snippet":"max-snippet:-1","max-image-preview":"max-image-preview:large","max-video-preview":"max-video-preview:-1"},"canonical":"https:\/\/matis.is\/en\/frettir\/marlysi-framurstefnuhugmynd-sjavarutvegsradstefnunnar-2015\/","og_locale":"en_GB","og_type":"article","og_title":"Marl\u00fdsi - Fram\u00farstefnuhugmynd Sj\u00e1var\u00fatvegsr\u00e1\u00f0stefnunnar 2015 - Mat\u00eds","og_description":"Snorri Hreggvi\u00f0sson, Margildi ehf., hlaut fyrstu ver\u00f0laun \u00ed samkeppninni Fram\u00farstefnuhugmynd Sj\u00e1var\u00fatvegsr\u00e1\u00f0stefnunnar 2015. Hugmyndin er a\u00f0 framlei\u00f0a Marl\u00fdsi, l\u00fdsi \u00far makr\u00edl, [&hellip;]","og_url":"https:\/\/matis.is\/en\/frettir\/marlysi-framurstefnuhugmynd-sjavarutvegsradstefnunnar-2015\/","og_site_name":"Mat\u00eds","article_publisher":"https:\/\/www.facebook.com\/matisiceland","article_published_time":"2015-11-20T08:53:00+00:00","article_modified_time":"2021-07-26T08:55:06+00:00","og_image":[{"width":581,"height":539,"url":"https:\/\/matis.is\/wp-content\/uploads\/MARGILDI-LOGO.png","type":"image\/png"}],"author":"admin","twitter_card":"summary_large_image","twitter_creator":"@matisiceland","twitter_site":"@matisiceland","twitter_misc":{"Written by":"admin","Estimated reading time":"1 minute"},"schema":{"@context":"https:\/\/schema.org","@graph":[{"@type":"Article","@id":"https:\/\/matis.is\/frettir\/marlysi-framurstefnuhugmynd-sjavarutvegsradstefnunnar-2015\/#article","isPartOf":{"@id":"https:\/\/matis.is\/frettir\/marlysi-framurstefnuhugmynd-sjavarutvegsradstefnunnar-2015\/"},"author":{"name":"admin","@id":"https:\/\/matis.is\/#\/schema\/person\/33b92c850c915c93e67f291e3381a49a"},"headline":"Marl\u00fdsi &#8211; Fram\u00farstefnuhugmynd Sj\u00e1var\u00fatvegsr\u00e1\u00f0stefnunnar 2015","datePublished":"2015-11-20T08:53:00+00:00","dateModified":"2021-07-26T08:55:06+00:00","mainEntityOfPage":{"@id":"https:\/\/matis.is\/frettir\/marlysi-framurstefnuhugmynd-sjavarutvegsradstefnunnar-2015\/"},"wordCount":195,"publisher":{"@id":"https:\/\/matis.is\/#organization"},"image":{"@id":"https:\/\/matis.is\/frettir\/marlysi-framurstefnuhugmynd-sjavarutvegsradstefnunnar-2015\/#primaryimage"},"thumbnailUrl":"https:\/\/matis.is\/wp-content\/uploads\/MARGILDI-LOGO.png","articleSection":["Fr\u00e9ttir"],"inLanguage":"en-GB"},{"@type":"WebPage","@id":"https:\/\/matis.is\/frettir\/marlysi-framurstefnuhugmynd-sjavarutvegsradstefnunnar-2015\/","url":"https:\/\/matis.is\/frettir\/marlysi-framurstefnuhugmynd-sjavarutvegsradstefnunnar-2015\/","name":"Marlysi - Futuristic idea of the Fisheries Conference 2015 - Mat\u00eds","isPartOf":{"@id":"https:\/\/matis.is\/#website"},"primaryImageOfPage":{"@id":"https:\/\/matis.is\/frettir\/marlysi-framurstefnuhugmynd-sjavarutvegsradstefnunnar-2015\/#primaryimage"},"image":{"@id":"https:\/\/matis.is\/frettir\/marlysi-framurstefnuhugmynd-sjavarutvegsradstefnunnar-2015\/#primaryimage"},"thumbnailUrl":"https:\/\/matis.is\/wp-content\/uploads\/MARGILDI-LOGO.png","datePublished":"2015-11-20T08:53:00+00:00","dateModified":"2021-07-26T08:55:06+00:00","breadcrumb":{"@id":"https:\/\/matis.is\/frettir\/marlysi-framurstefnuhugmynd-sjavarutvegsradstefnunnar-2015\/#breadcrumb"},"inLanguage":"en-GB","potentialAction":[{"@type":"ReadAction","target":["https:\/\/matis.is\/frettir\/marlysi-framurstefnuhugmynd-sjavarutvegsradstefnunnar-2015\/"]}]},{"@type":"ImageObject","inLanguage":"en-GB","@id":"https:\/\/matis.is\/frettir\/marlysi-framurstefnuhugmynd-sjavarutvegsradstefnunnar-2015\/#primaryimage","url":"https:\/\/matis.is\/wp-content\/uploads\/MARGILDI-LOGO.png","contentUrl":"https:\/\/matis.is\/wp-content\/uploads\/MARGILDI-LOGO.png","width":581,"height":539},{"@type":"BreadcrumbList","@id":"https:\/\/matis.is\/frettir\/marlysi-framurstefnuhugmynd-sjavarutvegsradstefnunnar-2015\/#breadcrumb","itemListElement":[{"@type":"ListItem","position":1,"name":"Home","item":"https:\/\/matis.is\/"},{"@type":"ListItem","position":2,"name":"Marl\u00fdsi &#8211; Fram\u00farstefnuhugmynd Sj\u00e1var\u00fatvegsr\u00e1\u00f0stefnunnar 2015"}]},{"@type":"WebSite","@id":"https:\/\/matis.is\/#website","url":"https:\/\/matis.is\/","name":"Mat\u00eds","description":"Value creation, food security and public health","publisher":{"@id":"https:\/\/matis.is\/#organization"},"potentialAction":[{"@type":"SearchAction","target":{"@type":"EntryPoint","urlTemplate":"https:\/\/matis.is\/?s={search_term_string}"},"query-input":{"@type":"PropertyValueSpecification","valueRequired":true,"valueName":"search_term_string"}}],"inLanguage":"en-GB"},{"@type":"Organization","@id":"https:\/\/matis.is\/#organization","name":"Mat\u00eds ohf.","url":"https:\/\/matis.is\/","logo":{"@type":"ImageObject","inLanguage":"en-GB","@id":"https:\/\/matis.is\/#\/schema\/logo\/image\/","url":"https:\/\/matis.is\/wp-content\/uploads\/2021\/02\/matis_logo_blatthvitt.png","contentUrl":"https:\/\/matis.is\/wp-content\/uploads\/2021\/02\/matis_logo_blatthvitt.png","width":1507,"height":1507,"caption":"Mat\u00eds ohf."},"image":{"@id":"https:\/\/matis.is\/#\/schema\/logo\/image\/"},"sameAs":["https:\/\/www.facebook.com\/matisiceland","https:\/\/x.com\/matisiceland","https:\/\/www.instagram.com\/matisiceland\/","https:\/\/www.linkedin.com\/matisiceland\/","https:\/\/www.youtube.com\/channel\/UCY-frt3uTqgVZW-DLjoo5bA"]},{"@type":"Person","@id":"https:\/\/matis.is\/#\/schema\/person\/33b92c850c915c93e67f291e3381a49a","name":"admin","sameAs":["https:\/\/matis.mareframe.eu"],"url":"https:\/\/matis.is\/en\/author\/thormodurmatis-is\/"}]}},"spectra_custom_meta":{"_edit_lock":["1627289707:5"],"_wp_old_date":["2021-07-26"],"_thumbnail_id":["40566"],"_wp_page_template":["templates\/template-cover.php"],"_edit_last":["5"],"tengilidur":[""],"_tengilidur":["field_5ef905e0538b2"],"_yoast_wpseo_primary_category":["1973"],"_yoast_wpseo_content_score":["60"],"_yoast_wpseo_estimated-reading-time-minutes":["1"],"wpmm_postgrid_views":["314"],"_uag_css_file_name":["uag-css-40883.css"],"_uag_page_assets":["a:9:{s:3:\"css\";s:263:\".uag-blocks-common-selector{z-index:var(--z-index-desktop) !important}@media (max-width: 976px){.uag-blocks-common-selector{z-index:var(--z-index-tablet) !important}}@media (max-width: 767px){.uag-blocks-common-selector{z-index:var(--z-index-mobile) !important}}\n\";s:2:\"js\";s:0:\"\";s:18:\"current_block_list\";a:6:{i:0;s:12:\"core\/heading\";i:1;s:14:\"core\/paragraph\";i:2;s:12:\"core\/buttons\";i:3;s:11:\"core\/button\";i:4;s:12:\"core\/columns\";i:5;s:11:\"core\/column\";}s:8:\"uag_flag\";b:0;s:11:\"uag_version\";s:10:\"1777040860\";s:6:\"gfonts\";a:0:{}s:10:\"gfonts_url\";s:0:\"\";s:12:\"gfonts_files\";a:0:{}s:14:\"uag_faq_layout\";b:0;}"]},"uagb_featured_image_src":{"full":["https:\/\/matis.is\/wp-content\/uploads\/MARGILDI-LOGO.png",581,539,false],"thumbnail":["https:\/\/matis.is\/wp-content\/uploads\/MARGILDI-LOGO-150x150.png",150,150,true],"medium":["https:\/\/matis.is\/wp-content\/uploads\/MARGILDI-LOGO-300x278.png",300,278,true],"medium_large":["https:\/\/matis.is\/wp-content\/uploads\/MARGILDI-LOGO.png",581,539,false],"large":["https:\/\/matis.is\/wp-content\/uploads\/MARGILDI-LOGO.png",581,539,false],"1536x1536":["https:\/\/matis.is\/wp-content\/uploads\/MARGILDI-LOGO.png",581,539,false],"2048x2048":["https:\/\/matis.is\/wp-content\/uploads\/MARGILDI-LOGO.png",581,539,false],"trp-custom-language-flag":["https:\/\/matis.is\/wp-content\/uploads\/MARGILDI-LOGO.png",13,12,false]},"uagb_author_info":{"display_name":"admin","author_link":"https:\/\/matis.is\/en\/author\/thormodurmatis-is\/"},"uagb_comment_info":0,"uagb_excerpt":"Snorri Hreggvi\u00f0sson, Margildi ehf., hlaut fyrstu ver\u00f0laun \u00ed samkeppninni Fram\u00farstefnuhugmynd Sj\u00e1var\u00fatvegsr\u00e1\u00f0stefnunnar 2015. Hugmyndin er a\u00f0 framlei\u00f0a Marl\u00fdsi, l\u00fdsi \u00far makr\u00edl, [&hellip;]","_links":{"self":[{"href":"https:\/\/matis.is\/en\/wp-json\/wp\/v2\/posts\/40883","targetHints":{"allow":["GET"]}}],"collection":[{"href":"https:\/\/matis.is\/en\/wp-json\/wp\/v2\/posts"}],"about":[{"href":"https:\/\/matis.is\/en\/wp-json\/wp\/v2\/types\/post"}],"author":[{"embeddable":true,"href":"https:\/\/matis.is\/en\/wp-json\/wp\/v2\/users\/1"}],"replies":[{"embeddable":true,"href":"https:\/\/matis.is\/en\/wp-json\/wp\/v2\/comments?post=40883"}],"version-history":[{"count":1,"href":"https:\/\/matis.is\/en\/wp-json\/wp\/v2\/posts\/40883\/revisions"}],"predecessor-version":[{"id":40884,"href":"https:\/\/matis.is\/en\/wp-json\/wp\/v2\/posts\/40883\/revisions\/40884"}],"wp:featuredmedia":[{"embeddable":true,"href":"https:\/\/matis.is\/en\/wp-json\/wp\/v2\/media\/40566"}],"wp:attachment":[{"href":"https:\/\/matis.is\/en\/wp-json\/wp\/v2\/media?parent=40883"}],"wp:term":[{"taxonomy":"category","embeddable":true,"href":"https:\/\/matis.is\/en\/wp-json\/wp\/v2\/categories?post=40883"},{"taxonomy":"post_tag","embeddable":true,"href":"https:\/\/matis.is\/en\/wp-json\/wp\/v2\/tags?post=40883"}],"curies":[{"name":"wp","href":"https:\/\/api.w.org\/{rel}","templated":true}]}}