{"id":41109,"date":"2015-01-16T09:50:00","date_gmt":"2015-01-16T09:50:00","guid":{"rendered":"https:\/\/matis.is\/?p=41109"},"modified":"2021-08-09T13:29:49","modified_gmt":"2021-08-09T13:29:49","slug":"umraeda-um-lifhagkerfid-hefur-aukist-ad-undanfornu","status":"publish","type":"post","link":"https:\/\/matis.is\/en\/frettir\/umraeda-um-lifhagkerfid-hefur-aukist-ad-undanfornu\/","title":{"rendered":"Discussions about the bioeconomy have intensified recently"},"content":{"rendered":"<h4 class=\"wp-block-heading\">To improve coherence and synergy in biotechnology issues and pave the way for further innovation, the European Union established the European Bioeconomic Council,\u00a0<a href=\"http:\/\/ec.europa.eu\/research\/bioeconomy\/policy\/panel_en.htm\" target=\"_blank\" rel=\"noreferrer noopener\">European Bioeconomy Panel<\/a>. Mat\u00eds&#039; director of research, Her\u00f0ur G. Kristinsson, was invited to sit on the council, but it is a great honor, not only for Mat\u00eds but also for the Icelandic scientific community.<\/h4>\n\n\n\n<p class=\"wp-block-paragraph\">The European Bioeconomy Council is a forum for discussion of the bioeconomy as a whole - from primary production to consumer markets - taking into account the complex interplay of social and economic factors and the changes they can bring about.<\/p>\n\n\n\n<p class=\"wp-block-paragraph\">When we talk about the bioeconomy, we mean the food industry, feed production, forestry, fisheries, agriculture, aquaculture and the biochemical industry. European countries are making great efforts to increase co-operation between those who produce, manage and utilize organic resources or engage in other activities based on them. This refers to sectors such as food production, fisheries, agriculture, forestry, aquaculture and other related sectors. The Bioeconomics Council consists of 30 experts, all of whom are experts in their field within bioeconomics.<\/p>\n\n\n\n<p class=\"wp-block-paragraph\">H\u00f6r\u00f0ur G. Kristinsson, director of research, says that since the establishment of the Bioeconomy Council, discussions about the bioeconomy have increased significantly. &quot;The bioeconomy touches on many areas and the Bioeconomy Council is therefore an important tool for supporting communication between issues. Europe 2020 is the European Union&#039;s 10 - year strategy, which aims to promote sustainable economic growth within the Union. One of the focus areas of the strategy is sustainable growth, climate change, green energy, better energy utilization and increased market competitiveness. The European Bioeconomic Council was established to work on issues belonging to this category. Here at Mat\u00eds, we still focus on talking about both green and blue growth &quot;, says H\u00f6r\u00f0ur. &quot;Blue growth refers to the sea and fresh water and is important for Iceland and our neighbors who share the resources of the Atlantic with us, but there are great opportunities for sustainable utilization and added value. Cooperation between green and blue growth is also important as there is often a strong link between land and sea riches. Those who work in these fields can learn a lot from each other and present new ideas from one field to another. The European Bioeconomy Council will facilitate this technology transfer and information sharing between sectors. &quot;<\/p>\n\n\n\n<h4 class=\"wp-block-heading\">Europeans need to rethink<\/h4>\n\n\n\n<p class=\"wp-block-paragraph\">\u201eEvr\u00f3pa stendur frammi fyrir fj\u00f6lm\u00f6rgum \u00e1skorunum um \u00feessar mundir, mannfj\u00f6ldaaukningu, h\u00e6kkandi aldri og aldurstengdum sj\u00fakd\u00f3mum, loftslagstengd m\u00e1lefni, ey\u00f0ingu n\u00e1tt\u00faruau\u00f0linda og vaxandi umhverfis\u00e1lag. Evr\u00f3pub\u00faar \u00feurfa \u00feess vegna a\u00f0 hugsa upp \u00e1 n\u00fdtt hvernig \u00feeir umgangast n\u00e1tt\u00faruna og breyta \u00e1 r\u00f3tt\u00e6kan h\u00e1tt n\u00e1lgun sinni a\u00f0 framlei\u00f0slu, neyslu, vinnslu, geymslu, endurvinnslu og f\u00f6rgun l\u00edfr\u00e6nna au\u00f0linda. Markmi\u00f0 okkar er a\u00f0 vi\u00f0halda heilbrig\u00f0u og sj\u00e1lfb\u00e6ru l\u00edfhagkerfi \u00ed Evr\u00f3pu og hafa \u00feannig j\u00e1kv\u00e6\u00f0 \u00e1hrif \u00e1 \u00edb\u00faa \u00e1lfunnar. Sl\u00edkar \u00e1skoranir geta \u00fe\u00f3 veri\u00f0 hvetjandi og af \u00feeim spretta n\u00fdjar hugmyndir og uppg\u00f6tvanir. L\u00edfhagkerfi\u00f0 mun sty\u00f0ja i\u00f0n\u00fer\u00f3un \u00ed dreifb\u00fdli og lei\u00f0a til f\u00f3lksfj\u00f6lgunar. \u00deetta mun einnig vekja Evr\u00f3pub\u00faa til umhugsunar um nau\u00f0syn \u00feess a\u00f0 b\u00e6ta stj\u00f3rnun endurn\u00fdjanlegra au\u00f0linda og \u00feeir ver\u00f0a me\u00f0vita\u00f0ri um hvernig \u00feeir hafa s\u00edfellt \u00e1hrif \u00e1 l\u00edfhagkerfi\u00f0 og hvernig \u00fea\u00f0 opnar n\u00fdja marka\u00f0i fyrir sj\u00e1lfb\u00e6r matv\u00e6li og l\u00edft\u00e6kniv\u00f6rur. \u00dea\u00f0 er einnig nau\u00f0synlegt fyrir f\u00f3lk \u00ed frumvinnslugreinum a\u00f0 sko\u00f0a hva\u00f0 \u00feeir geta gert til a\u00f0 framlei\u00f0slan s\u00e9 sj\u00e1lfb\u00e6r og umhverfisv\u00e6n.\u201d segir H\u00f6r\u00f0ur. \u201e\u00deegar till\u00f6gur koma um n\u00fdjar f\u00e6\u00f0utegundir og n\u00fd hr\u00e1efni og framlei\u00f0endum bent \u00e1 nau\u00f0syn <a href=\"https:\/\/matis.is\/en\/skyrsla\/hrognkelsakollagen-umhverfisvaen-afurd-sustainable-lumpfish-collagen\/\">sustainability<\/a>, er ekki eing\u00f6ngu ver\u00f0i\u00f0 a\u00f0 hugsa um umhverfisvernd heldur einnig f\u00e6\u00f0u\u00f6ryggi og \u00f6rugg matv\u00e6li.\u201c<\/p>\n\n\n\n<p class=\"wp-block-paragraph\">H\u00f6r\u00f0ur says that the European Bioeconomy also encourages the establishment of bioeconomy councils in individual countries and regions. &quot;The importance of better and increased sustainability around life resources has never been more important than now and requires increased participation of the research community, companies and the government. Increased innovation and value added are needed to make full use of limited resources. Cross-border co-operation is the key to achieving goals and meeting increased demands for organic production. Many countries share the same resources, so it is important to establish a coordinated policy and procedure. For example, the Nordic countries are working to establish a bioeconomy council that sets a coherent policy for the Arctic&#039;s biological resources. It is also very important for us to work closely with other countries, such as our neighbors in the West, the United States and Canada, but we share many resources with them and face similar challenges. &quot;<\/p>\n\n\n\n<h4 class=\"wp-block-heading\">Diverse resources<\/h4>\n\n\n\n<p class=\"wp-block-paragraph\">&quot;One of the biggest tasks of the European Bioeconomy Council is to create a Bioeconomy Observatory, which aims to map and monitor the progress and impact of the European bioeconomy and work on a long-term policy that benefits the development of the bioeconomy. We have also worked extensively on definitions and mapping and put forward proposals for the biomass available in Europe. This work is very important for the sustainable and profitable use of living resources. Our living resources are diverse and touch on many aspects of food, feed, energy and pharmaceuticals and agriculture. In this assessment, we have had to take into account various economic, social and environmental factors, and this has made the work considerably more complex. Our goal is to present to the European Union priority proposals on the supply and use of biomass, &quot;says H\u00f6r\u00f0ur.<\/p>\n\n\n\n<p class=\"wp-block-paragraph\">The European Bioeconomy Council has presented a policy and action plan based on this&nbsp;<a href=\"http:\/\/ec.europa.eu\/research\/fp7\/index_en.cfm\" target=\"_blank\" rel=\"noreferrer noopener\">Framework Program for Research and Technological Development (FP7)<\/a>&nbsp;and&nbsp;<a href=\"http:\/\/ec.europa.eu\/programmes\/horizon2020\/\" target=\"_blank\" rel=\"noreferrer noopener\">EU Framework Program for Research and Innovation (Horizon 2020)<\/a>.<\/p>","protected":false},"excerpt":{"rendered":"<p>Til a\u00f0 b\u00e6ta samfellu og samvirkni \u00ed m\u00e1laflokkum sem tengjast l\u00edft\u00e6kni og ry\u00f0ja brautina fyrir fleiri n\u00fdjungar stofna\u00f0i Evr\u00f3pusambandi\u00f0 Evr\u00f3pska [&hellip;]<\/p>\n","protected":false},"author":1,"featured_media":41110,"comment_status":"closed","ping_status":"closed","sticky":false,"template":"templates\/template-cover.php","format":"standard","meta":{"_acf_changed":false,"_uag_custom_page_level_css":"","site-sidebar-layout":"default","site-content-layout":"","ast-site-content-layout":"default","site-content-style":"default","site-sidebar-style":"default","ast-global-header-display":"","ast-banner-title-visibility":"","ast-main-header-display":"","ast-hfb-above-header-display":"","ast-hfb-below-header-display":"","ast-hfb-mobile-header-display":"","site-post-title":"","ast-breadcrumbs-content":"","ast-featured-img":"","footer-sml-layout":"","ast-disable-related-posts":"","theme-transparent-header-meta":"","adv-header-id-meta":"","stick-header-meta":"","header-above-stick-meta":"","header-main-stick-meta":"","header-below-stick-meta":"","astra-migrate-meta-layouts":"default","ast-page-background-enabled":"default","ast-page-background-meta":{"desktop":{"background-color":"var(--ast-global-color-5)","background-image":"","background-repeat":"repeat","background-position":"center center","background-size":"auto","background-attachment":"scroll","background-type":"","background-media":"","overlay-type":"","overlay-color":"","overlay-opacity":"","overlay-gradient":""},"tablet":{"background-color":"","background-image":"","background-repeat":"repeat","background-position":"center center","background-size":"auto","background-attachment":"scroll","background-type":"","background-media":"","overlay-type":"","overlay-color":"","overlay-opacity":"","overlay-gradient":""},"mobile":{"background-color":"","background-image":"","background-repeat":"repeat","background-position":"center center","background-size":"auto","background-attachment":"scroll","background-type":"","background-media":"","overlay-type":"","overlay-color":"","overlay-opacity":"","overlay-gradient":""}},"ast-content-background-meta":{"desktop":{"background-color":"var(--ast-global-color-4)","background-image":"","background-repeat":"repeat","background-position":"center center","background-size":"auto","background-attachment":"scroll","background-type":"","background-media":"","overlay-type":"","overlay-color":"","overlay-opacity":"","overlay-gradient":""},"tablet":{"background-color":"var(--ast-global-color-4)","background-image":"","background-repeat":"repeat","background-position":"center center","background-size":"auto","background-attachment":"scroll","background-type":"","background-media":"","overlay-type":"","overlay-color":"","overlay-opacity":"","overlay-gradient":""},"mobile":{"background-color":"var(--ast-global-color-4)","background-image":"","background-repeat":"repeat","background-position":"center center","background-size":"auto","background-attachment":"scroll","background-type":"","background-media":"","overlay-type":"","overlay-color":"","overlay-opacity":"","overlay-gradient":""}},"footnotes":""},"categories":[1973],"tags":[],"class_list":["post-41109","post","type-post","status-publish","format-standard","has-post-thumbnail","hentry","category-frettir"],"acf":[],"yoast_head":"<!-- This site is optimized with the Yoast SEO plugin v28.3 - https:\/\/yoast.com\/product\/yoast-seo-wordpress\/ -->\n<title>Umr\u00e6\u00f0a um l\u00edfhagkerfi\u00f0 hefur aukist a\u00f0 undanf\u00f6rnu - Mat\u00eds<\/title>\n<meta name=\"robots\" content=\"index, follow, max-snippet:-1, max-image-preview:large, max-video-preview:-1\" \/>\n<link rel=\"canonical\" href=\"https:\/\/matis.is\/en\/frettir\/umraeda-um-lifhagkerfid-hefur-aukist-ad-undanfornu\/\" \/>\n<meta property=\"og:locale\" content=\"en_GB\" \/>\n<meta property=\"og:type\" content=\"article\" \/>\n<meta property=\"og:title\" content=\"Umr\u00e6\u00f0a um l\u00edfhagkerfi\u00f0 hefur aukist a\u00f0 undanf\u00f6rnu - Mat\u00eds\" \/>\n<meta property=\"og:description\" content=\"Til a\u00f0 b\u00e6ta samfellu og samvirkni \u00ed m\u00e1laflokkum sem tengjast l\u00edft\u00e6kni og ry\u00f0ja brautina fyrir fleiri n\u00fdjungar stofna\u00f0i Evr\u00f3pusambandi\u00f0 Evr\u00f3pska [&hellip;]\" \/>\n<meta property=\"og:url\" content=\"https:\/\/matis.is\/en\/frettir\/umraeda-um-lifhagkerfid-hefur-aukist-ad-undanfornu\/\" \/>\n<meta property=\"og:site_name\" content=\"Mat\u00eds\" \/>\n<meta property=\"article:publisher\" content=\"https:\/\/www.facebook.com\/matisiceland\" \/>\n<meta property=\"article:published_time\" content=\"2015-01-16T09:50:00+00:00\" \/>\n<meta property=\"article:modified_time\" content=\"2021-08-09T13:29:49+00:00\" \/>\n<meta property=\"og:image\" content=\"https:\/\/matis.is\/wp-content\/uploads\/2013_10_14_Bioeconomy_enska_ljosm_LoRes.jpg\" \/>\n\t<meta property=\"og:image:width\" content=\"1155\" \/>\n\t<meta property=\"og:image:height\" content=\"420\" \/>\n\t<meta property=\"og:image:type\" content=\"image\/jpeg\" \/>\n<meta name=\"author\" content=\"admin\" \/>\n<meta name=\"twitter:card\" content=\"summary_large_image\" \/>\n<meta name=\"twitter:creator\" content=\"@matisiceland\" \/>\n<meta name=\"twitter:site\" content=\"@matisiceland\" \/>\n<meta name=\"twitter:label1\" content=\"Written by\" \/>\n\t<meta name=\"twitter:data1\" content=\"admin\" \/>\n\t<meta name=\"twitter:label2\" content=\"Estimated reading time\" \/>\n\t<meta name=\"twitter:data2\" content=\"4 minutes\" \/>\n<script type=\"application\/ld+json\" class=\"yoast-schema-graph\">{\"@context\":\"https:\\\/\\\/schema.org\",\"@graph\":[{\"@type\":\"Article\",\"@id\":\"https:\\\/\\\/matis.is\\\/frettir\\\/umraeda-um-lifhagkerfid-hefur-aukist-ad-undanfornu\\\/#article\",\"isPartOf\":{\"@id\":\"https:\\\/\\\/matis.is\\\/frettir\\\/umraeda-um-lifhagkerfid-hefur-aukist-ad-undanfornu\\\/\"},\"author\":{\"name\":\"admin\",\"@id\":\"https:\\\/\\\/matis.is\\\/#\\\/schema\\\/person\\\/33b92c850c915c93e67f291e3381a49a\"},\"headline\":\"Umr\u00e6\u00f0a um l\u00edfhagkerfi\u00f0 hefur aukist a\u00f0 undanf\u00f6rnu\",\"datePublished\":\"2015-01-16T09:50:00+00:00\",\"dateModified\":\"2021-08-09T13:29:49+00:00\",\"mainEntityOfPage\":{\"@id\":\"https:\\\/\\\/matis.is\\\/frettir\\\/umraeda-um-lifhagkerfid-hefur-aukist-ad-undanfornu\\\/\"},\"wordCount\":1153,\"publisher\":{\"@id\":\"https:\\\/\\\/matis.is\\\/#organization\"},\"image\":{\"@id\":\"https:\\\/\\\/matis.is\\\/frettir\\\/umraeda-um-lifhagkerfid-hefur-aukist-ad-undanfornu\\\/#primaryimage\"},\"thumbnailUrl\":\"https:\\\/\\\/matis.is\\\/wp-content\\\/uploads\\\/2013_10_14_Bioeconomy_enska_ljosm_LoRes.jpg\",\"articleSection\":[\"Fr\u00e9ttir\"],\"inLanguage\":\"en-GB\"},{\"@type\":\"WebPage\",\"@id\":\"https:\\\/\\\/matis.is\\\/frettir\\\/umraeda-um-lifhagkerfid-hefur-aukist-ad-undanfornu\\\/\",\"url\":\"https:\\\/\\\/matis.is\\\/frettir\\\/umraeda-um-lifhagkerfid-hefur-aukist-ad-undanfornu\\\/\",\"name\":\"Umr\u00e6\u00f0a um l\u00edfhagkerfi\u00f0 hefur aukist a\u00f0 undanf\u00f6rnu - Mat\u00eds\",\"isPartOf\":{\"@id\":\"https:\\\/\\\/matis.is\\\/#website\"},\"primaryImageOfPage\":{\"@id\":\"https:\\\/\\\/matis.is\\\/frettir\\\/umraeda-um-lifhagkerfid-hefur-aukist-ad-undanfornu\\\/#primaryimage\"},\"image\":{\"@id\":\"https:\\\/\\\/matis.is\\\/frettir\\\/umraeda-um-lifhagkerfid-hefur-aukist-ad-undanfornu\\\/#primaryimage\"},\"thumbnailUrl\":\"https:\\\/\\\/matis.is\\\/wp-content\\\/uploads\\\/2013_10_14_Bioeconomy_enska_ljosm_LoRes.jpg\",\"datePublished\":\"2015-01-16T09:50:00+00:00\",\"dateModified\":\"2021-08-09T13:29:49+00:00\",\"breadcrumb\":{\"@id\":\"https:\\\/\\\/matis.is\\\/frettir\\\/umraeda-um-lifhagkerfid-hefur-aukist-ad-undanfornu\\\/#breadcrumb\"},\"inLanguage\":\"en-GB\",\"potentialAction\":[{\"@type\":\"ReadAction\",\"target\":[\"https:\\\/\\\/matis.is\\\/frettir\\\/umraeda-um-lifhagkerfid-hefur-aukist-ad-undanfornu\\\/\"]}]},{\"@type\":\"ImageObject\",\"inLanguage\":\"en-GB\",\"@id\":\"https:\\\/\\\/matis.is\\\/frettir\\\/umraeda-um-lifhagkerfid-hefur-aukist-ad-undanfornu\\\/#primaryimage\",\"url\":\"https:\\\/\\\/matis.is\\\/wp-content\\\/uploads\\\/2013_10_14_Bioeconomy_enska_ljosm_LoRes.jpg\",\"contentUrl\":\"https:\\\/\\\/matis.is\\\/wp-content\\\/uploads\\\/2013_10_14_Bioeconomy_enska_ljosm_LoRes.jpg\",\"width\":1155,\"height\":420},{\"@type\":\"BreadcrumbList\",\"@id\":\"https:\\\/\\\/matis.is\\\/frettir\\\/umraeda-um-lifhagkerfid-hefur-aukist-ad-undanfornu\\\/#breadcrumb\",\"itemListElement\":[{\"@type\":\"ListItem\",\"position\":1,\"name\":\"Home\",\"item\":\"https:\\\/\\\/matis.is\\\/\"},{\"@type\":\"ListItem\",\"position\":2,\"name\":\"Umr\u00e6\u00f0a um l\u00edfhagkerfi\u00f0 hefur aukist a\u00f0 undanf\u00f6rnu\"}]},{\"@type\":\"WebSite\",\"@id\":\"https:\\\/\\\/matis.is\\\/#website\",\"url\":\"https:\\\/\\\/matis.is\\\/\",\"name\":\"Mat\u00eds\",\"description\":\"Ver\u00f0m\u00e6task\u00f6pun, matv\u00e6la\u00f6ryggi og l\u00fd\u00f0heilsa\",\"publisher\":{\"@id\":\"https:\\\/\\\/matis.is\\\/#organization\"},\"potentialAction\":[{\"@type\":\"SearchAction\",\"target\":{\"@type\":\"EntryPoint\",\"urlTemplate\":\"https:\\\/\\\/matis.is\\\/?s={search_term_string}\"},\"query-input\":{\"@type\":\"PropertyValueSpecification\",\"valueRequired\":true,\"valueName\":\"search_term_string\"}}],\"inLanguage\":\"en-GB\"},{\"@type\":\"Organization\",\"@id\":\"https:\\\/\\\/matis.is\\\/#organization\",\"name\":\"Mat\u00eds ohf.\",\"url\":\"https:\\\/\\\/matis.is\\\/\",\"logo\":{\"@type\":\"ImageObject\",\"inLanguage\":\"en-GB\",\"@id\":\"https:\\\/\\\/matis.is\\\/#\\\/schema\\\/logo\\\/image\\\/\",\"url\":\"https:\\\/\\\/matis.is\\\/wp-content\\\/uploads\\\/2021\\\/02\\\/matis_logo_blatthvitt.png\",\"contentUrl\":\"https:\\\/\\\/matis.is\\\/wp-content\\\/uploads\\\/2021\\\/02\\\/matis_logo_blatthvitt.png\",\"width\":1507,\"height\":1507,\"caption\":\"Mat\u00eds ohf.\"},\"image\":{\"@id\":\"https:\\\/\\\/matis.is\\\/#\\\/schema\\\/logo\\\/image\\\/\"},\"sameAs\":[\"https:\\\/\\\/www.facebook.com\\\/matisiceland\",\"https:\\\/\\\/x.com\\\/matisiceland\",\"https:\\\/\\\/www.instagram.com\\\/matisiceland\\\/\",\"https:\\\/\\\/www.linkedin.com\\\/matisiceland\\\/\",\"https:\\\/\\\/www.youtube.com\\\/channel\\\/UCY-frt3uTqgVZW-DLjoo5bA\"]},{\"@type\":\"Person\",\"@id\":\"https:\\\/\\\/matis.is\\\/#\\\/schema\\\/person\\\/33b92c850c915c93e67f291e3381a49a\",\"name\":\"admin\",\"sameAs\":[\"https:\\\/\\\/matis.mareframe.eu\"],\"url\":\"https:\\\/\\\/matis.is\\\/en\\\/author\\\/thormodurmatis-is\\\/\"}]}<\/script>\n<!-- \/ Yoast SEO plugin. -->","yoast_head_json":{"title":"Discussions about the bioeconomy have increased recently - Mat\u00eds","robots":{"index":"index","follow":"follow","max-snippet":"max-snippet:-1","max-image-preview":"max-image-preview:large","max-video-preview":"max-video-preview:-1"},"canonical":"https:\/\/matis.is\/en\/frettir\/umraeda-um-lifhagkerfid-hefur-aukist-ad-undanfornu\/","og_locale":"en_GB","og_type":"article","og_title":"Umr\u00e6\u00f0a um l\u00edfhagkerfi\u00f0 hefur aukist a\u00f0 undanf\u00f6rnu - Mat\u00eds","og_description":"Til a\u00f0 b\u00e6ta samfellu og samvirkni \u00ed m\u00e1laflokkum sem tengjast l\u00edft\u00e6kni og ry\u00f0ja brautina fyrir fleiri n\u00fdjungar stofna\u00f0i Evr\u00f3pusambandi\u00f0 Evr\u00f3pska [&hellip;]","og_url":"https:\/\/matis.is\/en\/frettir\/umraeda-um-lifhagkerfid-hefur-aukist-ad-undanfornu\/","og_site_name":"Mat\u00eds","article_publisher":"https:\/\/www.facebook.com\/matisiceland","article_published_time":"2015-01-16T09:50:00+00:00","article_modified_time":"2021-08-09T13:29:49+00:00","og_image":[{"width":1155,"height":420,"url":"https:\/\/matis.is\/wp-content\/uploads\/2013_10_14_Bioeconomy_enska_ljosm_LoRes.jpg","type":"image\/jpeg"}],"author":"admin","twitter_card":"summary_large_image","twitter_creator":"@matisiceland","twitter_site":"@matisiceland","twitter_misc":{"Written by":"admin","Estimated reading time":"4 minutes"},"schema":{"@context":"https:\/\/schema.org","@graph":[{"@type":"Article","@id":"https:\/\/matis.is\/frettir\/umraeda-um-lifhagkerfid-hefur-aukist-ad-undanfornu\/#article","isPartOf":{"@id":"https:\/\/matis.is\/frettir\/umraeda-um-lifhagkerfid-hefur-aukist-ad-undanfornu\/"},"author":{"name":"admin","@id":"https:\/\/matis.is\/#\/schema\/person\/33b92c850c915c93e67f291e3381a49a"},"headline":"Umr\u00e6\u00f0a um l\u00edfhagkerfi\u00f0 hefur aukist a\u00f0 undanf\u00f6rnu","datePublished":"2015-01-16T09:50:00+00:00","dateModified":"2021-08-09T13:29:49+00:00","mainEntityOfPage":{"@id":"https:\/\/matis.is\/frettir\/umraeda-um-lifhagkerfid-hefur-aukist-ad-undanfornu\/"},"wordCount":1153,"publisher":{"@id":"https:\/\/matis.is\/#organization"},"image":{"@id":"https:\/\/matis.is\/frettir\/umraeda-um-lifhagkerfid-hefur-aukist-ad-undanfornu\/#primaryimage"},"thumbnailUrl":"https:\/\/matis.is\/wp-content\/uploads\/2013_10_14_Bioeconomy_enska_ljosm_LoRes.jpg","articleSection":["Fr\u00e9ttir"],"inLanguage":"en-GB"},{"@type":"WebPage","@id":"https:\/\/matis.is\/frettir\/umraeda-um-lifhagkerfid-hefur-aukist-ad-undanfornu\/","url":"https:\/\/matis.is\/frettir\/umraeda-um-lifhagkerfid-hefur-aukist-ad-undanfornu\/","name":"Discussions about the bioeconomy have increased recently - Mat\u00eds","isPartOf":{"@id":"https:\/\/matis.is\/#website"},"primaryImageOfPage":{"@id":"https:\/\/matis.is\/frettir\/umraeda-um-lifhagkerfid-hefur-aukist-ad-undanfornu\/#primaryimage"},"image":{"@id":"https:\/\/matis.is\/frettir\/umraeda-um-lifhagkerfid-hefur-aukist-ad-undanfornu\/#primaryimage"},"thumbnailUrl":"https:\/\/matis.is\/wp-content\/uploads\/2013_10_14_Bioeconomy_enska_ljosm_LoRes.jpg","datePublished":"2015-01-16T09:50:00+00:00","dateModified":"2021-08-09T13:29:49+00:00","breadcrumb":{"@id":"https:\/\/matis.is\/frettir\/umraeda-um-lifhagkerfid-hefur-aukist-ad-undanfornu\/#breadcrumb"},"inLanguage":"en-GB","potentialAction":[{"@type":"ReadAction","target":["https:\/\/matis.is\/frettir\/umraeda-um-lifhagkerfid-hefur-aukist-ad-undanfornu\/"]}]},{"@type":"ImageObject","inLanguage":"en-GB","@id":"https:\/\/matis.is\/frettir\/umraeda-um-lifhagkerfid-hefur-aukist-ad-undanfornu\/#primaryimage","url":"https:\/\/matis.is\/wp-content\/uploads\/2013_10_14_Bioeconomy_enska_ljosm_LoRes.jpg","contentUrl":"https:\/\/matis.is\/wp-content\/uploads\/2013_10_14_Bioeconomy_enska_ljosm_LoRes.jpg","width":1155,"height":420},{"@type":"BreadcrumbList","@id":"https:\/\/matis.is\/frettir\/umraeda-um-lifhagkerfid-hefur-aukist-ad-undanfornu\/#breadcrumb","itemListElement":[{"@type":"ListItem","position":1,"name":"Home","item":"https:\/\/matis.is\/"},{"@type":"ListItem","position":2,"name":"Umr\u00e6\u00f0a um l\u00edfhagkerfi\u00f0 hefur aukist a\u00f0 undanf\u00f6rnu"}]},{"@type":"WebSite","@id":"https:\/\/matis.is\/#website","url":"https:\/\/matis.is\/","name":"Mat\u00eds","description":"Value creation, food security and public health","publisher":{"@id":"https:\/\/matis.is\/#organization"},"potentialAction":[{"@type":"SearchAction","target":{"@type":"EntryPoint","urlTemplate":"https:\/\/matis.is\/?s={search_term_string}"},"query-input":{"@type":"PropertyValueSpecification","valueRequired":true,"valueName":"search_term_string"}}],"inLanguage":"en-GB"},{"@type":"Organization","@id":"https:\/\/matis.is\/#organization","name":"Mat\u00eds ohf.","url":"https:\/\/matis.is\/","logo":{"@type":"ImageObject","inLanguage":"en-GB","@id":"https:\/\/matis.is\/#\/schema\/logo\/image\/","url":"https:\/\/matis.is\/wp-content\/uploads\/2021\/02\/matis_logo_blatthvitt.png","contentUrl":"https:\/\/matis.is\/wp-content\/uploads\/2021\/02\/matis_logo_blatthvitt.png","width":1507,"height":1507,"caption":"Mat\u00eds ohf."},"image":{"@id":"https:\/\/matis.is\/#\/schema\/logo\/image\/"},"sameAs":["https:\/\/www.facebook.com\/matisiceland","https:\/\/x.com\/matisiceland","https:\/\/www.instagram.com\/matisiceland\/","https:\/\/www.linkedin.com\/matisiceland\/","https:\/\/www.youtube.com\/channel\/UCY-frt3uTqgVZW-DLjoo5bA"]},{"@type":"Person","@id":"https:\/\/matis.is\/#\/schema\/person\/33b92c850c915c93e67f291e3381a49a","name":"admin","sameAs":["https:\/\/matis.mareframe.eu"],"url":"https:\/\/matis.is\/en\/author\/thormodurmatis-is\/"}]}},"spectra_custom_meta":{"_edit_lock":["1628515796:5"],"_wp_old_date":["2021-07-28"],"_thumbnail_id":["41110"],"_wp_page_template":["templates\/template-cover.php"],"_edit_last":["5"],"tengilidur":[""],"_tengilidur":["field_5ef905e0538b2"],"_yoast_wpseo_primary_category":["1973"],"_yoast_wpseo_content_score":["30"],"_yoast_wpseo_estimated-reading-time-minutes":["4"],"wpmm_postgrid_views":["314"],"_uag_css_file_name":["uag-css-41109.css"],"_uag_page_assets":["a:9:{s:3:\"css\";s:260:\".uag-blocks-common-selector{z-index:var(--z-index-desktop) !important}@media(max-width: 976px){.uag-blocks-common-selector{z-index:var(--z-index-tablet) !important}}@media(max-width: 767px){.uag-blocks-common-selector{z-index:var(--z-index-mobile) !important}}\";s:2:\"js\";s:0:\"\";s:18:\"current_block_list\";a:6:{i:0;s:12:\"core\/heading\";i:1;s:14:\"core\/paragraph\";i:2;s:12:\"core\/buttons\";i:3;s:11:\"core\/button\";i:4;s:12:\"core\/columns\";i:5;s:11:\"core\/column\";}s:8:\"uag_flag\";b:0;s:11:\"uag_version\";s:10:\"1788434670\";s:6:\"gfonts\";a:0:{}s:10:\"gfonts_url\";s:0:\"\";s:12:\"gfonts_files\";a:0:{}s:14:\"uag_faq_layout\";b:0;}"]},"uagb_featured_image_src":{"full":["https:\/\/matis.is\/wp-content\/uploads\/2013_10_14_Bioeconomy_enska_ljosm_LoRes.jpg",1155,420,false],"thumbnail":["https:\/\/matis.is\/wp-content\/uploads\/2013_10_14_Bioeconomy_enska_ljosm_LoRes-150x150.jpg",150,150,true],"medium":["https:\/\/matis.is\/wp-content\/uploads\/2013_10_14_Bioeconomy_enska_ljosm_LoRes-300x109.jpg",300,109,true],"medium_large":["https:\/\/matis.is\/wp-content\/uploads\/2013_10_14_Bioeconomy_enska_ljosm_LoRes-768x279.jpg",768,279,true],"large":["https:\/\/matis.is\/wp-content\/uploads\/2013_10_14_Bioeconomy_enska_ljosm_LoRes-1024x372.jpg",1024,372,true],"1536x1536":["https:\/\/matis.is\/wp-content\/uploads\/2013_10_14_Bioeconomy_enska_ljosm_LoRes.jpg",1155,420,false],"2048x2048":["https:\/\/matis.is\/wp-content\/uploads\/2013_10_14_Bioeconomy_enska_ljosm_LoRes.jpg",1155,420,false],"trp-custom-language-flag":["https:\/\/matis.is\/wp-content\/uploads\/2013_10_14_Bioeconomy_enska_ljosm_LoRes.jpg",18,7,false]},"uagb_author_info":{"display_name":"admin","author_link":"https:\/\/matis.is\/en\/author\/thormodurmatis-is\/"},"uagb_comment_info":0,"uagb_excerpt":"Til a\u00f0 b\u00e6ta samfellu og samvirkni \u00ed m\u00e1laflokkum sem tengjast l\u00edft\u00e6kni og ry\u00f0ja brautina fyrir fleiri n\u00fdjungar stofna\u00f0i Evr\u00f3pusambandi\u00f0 Evr\u00f3pska [&hellip;]","_links":{"self":[{"href":"https:\/\/matis.is\/en\/wp-json\/wp\/v2\/posts\/41109","targetHints":{"allow":["GET"]}}],"collection":[{"href":"https:\/\/matis.is\/en\/wp-json\/wp\/v2\/posts"}],"about":[{"href":"https:\/\/matis.is\/en\/wp-json\/wp\/v2\/types\/post"}],"author":[{"embeddable":true,"href":"https:\/\/matis.is\/en\/wp-json\/wp\/v2\/users\/1"}],"replies":[{"embeddable":true,"href":"https:\/\/matis.is\/en\/wp-json\/wp\/v2\/comments?post=41109"}],"version-history":[{"count":2,"href":"https:\/\/matis.is\/en\/wp-json\/wp\/v2\/posts\/41109\/revisions"}],"predecessor-version":[{"id":42029,"href":"https:\/\/matis.is\/en\/wp-json\/wp\/v2\/posts\/41109\/revisions\/42029"}],"wp:featuredmedia":[{"embeddable":true,"href":"https:\/\/matis.is\/en\/wp-json\/wp\/v2\/media\/41110"}],"wp:attachment":[{"href":"https:\/\/matis.is\/en\/wp-json\/wp\/v2\/media?parent=41109"}],"wp:term":[{"taxonomy":"category","embeddable":true,"href":"https:\/\/matis.is\/en\/wp-json\/wp\/v2\/categories?post=41109"},{"taxonomy":"post_tag","embeddable":true,"href":"https:\/\/matis.is\/en\/wp-json\/wp\/v2\/tags?post=41109"}],"curies":[{"name":"wp","href":"https:\/\/api.w.org\/{rel}","templated":true}]}}