{"id":41157,"date":"2014-11-20T19:04:00","date_gmt":"2014-11-20T19:04:00","guid":{"rendered":"https:\/\/matis.is\/?p=41157"},"modified":"2021-08-12T13:51:30","modified_gmt":"2021-08-12T13:51:30","slug":"liggja-taekifaeri-i-rekjanleika-sjavarafurda","status":"publish","type":"post","link":"https:\/\/matis.is\/en\/frettir\/liggja-taekifaeri-i-rekjanleika-sjavarafurda\/","title":{"rendered":"Are there opportunities in the traceability of marine products?"},"content":{"rendered":"<h4 class=\"wp-block-heading\">On 21 October, the Food Administration hosted a Nordic conference on traceability in the food industry. The conference was part of the events related to the Icelandic Presidency of the Nordic Council of Ministers in 2014 and was attended by a number of parties in the Nordic food control sector.<\/h4>\n\n\n\n<h3 class=\"wp-block-heading\">Conference on traceability in the food industry<\/h3>\n\n\n\n<p>Mat\u00eds&#039; representatives spoke at the meeting, where they discussed the opportunities involved in using traceability to increase the value of seafood. The presentation can be accessed on the website of the Food Administration\u00a0<a href=\"https:\/\/www.mast.is\/is\/um-mast\/frettir\/frettir\/rekjanleiki-og-matvaelaoryggi\" target=\"_blank\" rel=\"noreferrer noopener\">here<\/a>.<\/p>\n\n\n\n<p>In addition to the presentation by Mat\u00eds&#039; representatives, there were five other speakers with interesting presentations, i.e.<\/p>\n\n\n\n<ul class=\"wp-block-list\"><li>Kris de Smet from the European Union discussed the traceability, safety and origin of food industries<\/li><li>Karen Bar Yacow from the European Union discussed traceability and fraud in the food industry<\/li><li>Ky\u00f6sti Siponen from Evira in Finland discussed traceability in the meat industry<\/li><li>Erlendur Stef\u00e1nsson from HB Grandi discussed traceability in the fishing industry<\/li><\/ul>\n\n\n\n<p>At the end of each lecture, there was a discussion on the topic where interesting facts and further information were presented.<\/p>\n\n\n\n<p>Further information&nbsp;<a href=\"https:\/\/gamla.matis.is\/matis\/mannaudur\/starfsfolk-og-simanumer\/persona\/108\/fyrirtaeki\/1\">J\u00f3nas R. Vi\u00f0arsson<\/a>&nbsp;at Mat\u00eds.<\/p>","protected":false},"excerpt":{"rendered":"<p>\u00deann 21. okt\u00f3ber s\u00ed\u00f0astli\u00f0inn st\u00f3\u00f0 Matv\u00e6lastofnun fyrir Norr\u00e6nni r\u00e1\u00f0stefnu um rekjanleika \u00ed matv\u00e6lai\u00f0na\u00f0i. R\u00e1\u00f0stefnan var hluti af \u00feeim vi\u00f0bur\u00f0um sem [&hellip;]<\/p>\n","protected":false},"author":1,"featured_media":41158,"comment_status":"closed","ping_status":"closed","sticky":false,"template":"templates\/template-cover.php","format":"standard","meta":{"_acf_changed":false,"_uag_custom_page_level_css":"","site-sidebar-layout":"default","site-content-layout":"","ast-site-content-layout":"default","site-content-style":"default","site-sidebar-style":"default","ast-global-header-display":"","ast-banner-title-visibility":"","ast-main-header-display":"","ast-hfb-above-header-display":"","ast-hfb-below-header-display":"","ast-hfb-mobile-header-display":"","site-post-title":"","ast-breadcrumbs-content":"","ast-featured-img":"","footer-sml-layout":"","ast-disable-related-posts":"","theme-transparent-header-meta":"","adv-header-id-meta":"","stick-header-meta":"","header-above-stick-meta":"","header-main-stick-meta":"","header-below-stick-meta":"","astra-migrate-meta-layouts":"default","ast-page-background-enabled":"default","ast-page-background-meta":{"desktop":{"background-color":"var(--ast-global-color-5)","background-image":"","background-repeat":"repeat","background-position":"center center","background-size":"auto","background-attachment":"scroll","background-type":"","background-media":"","overlay-type":"","overlay-color":"","overlay-opacity":"","overlay-gradient":""},"tablet":{"background-color":"","background-image":"","background-repeat":"repeat","background-position":"center center","background-size":"auto","background-attachment":"scroll","background-type":"","background-media":"","overlay-type":"","overlay-color":"","overlay-opacity":"","overlay-gradient":""},"mobile":{"background-color":"","background-image":"","background-repeat":"repeat","background-position":"center center","background-size":"auto","background-attachment":"scroll","background-type":"","background-media":"","overlay-type":"","overlay-color":"","overlay-opacity":"","overlay-gradient":""}},"ast-content-background-meta":{"desktop":{"background-color":"var(--ast-global-color-4)","background-image":"","background-repeat":"repeat","background-position":"center center","background-size":"auto","background-attachment":"scroll","background-type":"","background-media":"","overlay-type":"","overlay-color":"","overlay-opacity":"","overlay-gradient":""},"tablet":{"background-color":"var(--ast-global-color-4)","background-image":"","background-repeat":"repeat","background-position":"center center","background-size":"auto","background-attachment":"scroll","background-type":"","background-media":"","overlay-type":"","overlay-color":"","overlay-opacity":"","overlay-gradient":""},"mobile":{"background-color":"var(--ast-global-color-4)","background-image":"","background-repeat":"repeat","background-position":"center center","background-size":"auto","background-attachment":"scroll","background-type":"","background-media":"","overlay-type":"","overlay-color":"","overlay-opacity":"","overlay-gradient":""}},"footnotes":""},"categories":[1973],"tags":[],"class_list":["post-41157","post","type-post","status-publish","format-standard","has-post-thumbnail","hentry","category-frettir"],"acf":[],"yoast_head":"<!-- This site is optimized with the Yoast SEO plugin v27.4 - https:\/\/yoast.com\/product\/yoast-seo-wordpress\/ -->\n<title>Liggja t\u00e6kif\u00e6ri \u00ed rekjanleika sj\u00e1varafur\u00f0a? - Mat\u00eds<\/title>\n<meta name=\"robots\" content=\"index, follow, max-snippet:-1, max-image-preview:large, max-video-preview:-1\" \/>\n<link rel=\"canonical\" href=\"https:\/\/matis.is\/en\/frettir\/liggja-taekifaeri-i-rekjanleika-sjavarafurda\/\" \/>\n<meta property=\"og:locale\" content=\"en_GB\" \/>\n<meta property=\"og:type\" content=\"article\" \/>\n<meta property=\"og:title\" content=\"Liggja t\u00e6kif\u00e6ri \u00ed rekjanleika sj\u00e1varafur\u00f0a? - Mat\u00eds\" \/>\n<meta property=\"og:description\" content=\"\u00deann 21. okt\u00f3ber s\u00ed\u00f0astli\u00f0inn st\u00f3\u00f0 Matv\u00e6lastofnun fyrir Norr\u00e6nni r\u00e1\u00f0stefnu um rekjanleika \u00ed matv\u00e6lai\u00f0na\u00f0i. R\u00e1\u00f0stefnan var hluti af \u00feeim vi\u00f0bur\u00f0um sem [&hellip;]\" \/>\n<meta property=\"og:url\" content=\"https:\/\/matis.is\/en\/frettir\/liggja-taekifaeri-i-rekjanleika-sjavarafurda\/\" \/>\n<meta property=\"og:site_name\" content=\"Mat\u00eds\" \/>\n<meta property=\"article:publisher\" content=\"https:\/\/www.facebook.com\/matisiceland\" \/>\n<meta property=\"article:published_time\" content=\"2014-11-20T19:04:00+00:00\" \/>\n<meta property=\"article:modified_time\" content=\"2021-08-12T13:51:30+00:00\" \/>\n<meta property=\"og:image\" content=\"https:\/\/matis.is\/wp-content\/uploads\/CopyRight_iStock_Swoosh-R_Traceabilty.jpg\" \/>\n\t<meta property=\"og:image:width\" content=\"1155\" \/>\n\t<meta property=\"og:image:height\" content=\"420\" \/>\n\t<meta property=\"og:image:type\" content=\"image\/jpeg\" \/>\n<meta name=\"author\" content=\"admin\" \/>\n<meta name=\"twitter:card\" content=\"summary_large_image\" \/>\n<meta name=\"twitter:creator\" content=\"@matisiceland\" \/>\n<meta name=\"twitter:site\" content=\"@matisiceland\" \/>\n<meta name=\"twitter:label1\" content=\"Written by\" \/>\n\t<meta name=\"twitter:data1\" content=\"admin\" \/>\n\t<meta name=\"twitter:label2\" content=\"Estimated reading time\" \/>\n\t<meta name=\"twitter:data2\" content=\"1 minute\" \/>\n<script type=\"application\/ld+json\" class=\"yoast-schema-graph\">{\"@context\":\"https:\\\/\\\/schema.org\",\"@graph\":[{\"@type\":\"Article\",\"@id\":\"https:\\\/\\\/matis.is\\\/frettir\\\/liggja-taekifaeri-i-rekjanleika-sjavarafurda\\\/#article\",\"isPartOf\":{\"@id\":\"https:\\\/\\\/matis.is\\\/frettir\\\/liggja-taekifaeri-i-rekjanleika-sjavarafurda\\\/\"},\"author\":{\"name\":\"admin\",\"@id\":\"https:\\\/\\\/matis.is\\\/#\\\/schema\\\/person\\\/33b92c850c915c93e67f291e3381a49a\"},\"headline\":\"Liggja t\u00e6kif\u00e6ri \u00ed rekjanleika sj\u00e1varafur\u00f0a?\",\"datePublished\":\"2014-11-20T19:04:00+00:00\",\"dateModified\":\"2021-08-12T13:51:30+00:00\",\"mainEntityOfPage\":{\"@id\":\"https:\\\/\\\/matis.is\\\/frettir\\\/liggja-taekifaeri-i-rekjanleika-sjavarafurda\\\/\"},\"wordCount\":228,\"publisher\":{\"@id\":\"https:\\\/\\\/matis.is\\\/#organization\"},\"image\":{\"@id\":\"https:\\\/\\\/matis.is\\\/frettir\\\/liggja-taekifaeri-i-rekjanleika-sjavarafurda\\\/#primaryimage\"},\"thumbnailUrl\":\"https:\\\/\\\/matis.is\\\/wp-content\\\/uploads\\\/CopyRight_iStock_Swoosh-R_Traceabilty.jpg\",\"articleSection\":[\"Fr\u00e9ttir\"],\"inLanguage\":\"en-GB\"},{\"@type\":\"WebPage\",\"@id\":\"https:\\\/\\\/matis.is\\\/frettir\\\/liggja-taekifaeri-i-rekjanleika-sjavarafurda\\\/\",\"url\":\"https:\\\/\\\/matis.is\\\/frettir\\\/liggja-taekifaeri-i-rekjanleika-sjavarafurda\\\/\",\"name\":\"Liggja t\u00e6kif\u00e6ri \u00ed rekjanleika sj\u00e1varafur\u00f0a? - Mat\u00eds\",\"isPartOf\":{\"@id\":\"https:\\\/\\\/matis.is\\\/#website\"},\"primaryImageOfPage\":{\"@id\":\"https:\\\/\\\/matis.is\\\/frettir\\\/liggja-taekifaeri-i-rekjanleika-sjavarafurda\\\/#primaryimage\"},\"image\":{\"@id\":\"https:\\\/\\\/matis.is\\\/frettir\\\/liggja-taekifaeri-i-rekjanleika-sjavarafurda\\\/#primaryimage\"},\"thumbnailUrl\":\"https:\\\/\\\/matis.is\\\/wp-content\\\/uploads\\\/CopyRight_iStock_Swoosh-R_Traceabilty.jpg\",\"datePublished\":\"2014-11-20T19:04:00+00:00\",\"dateModified\":\"2021-08-12T13:51:30+00:00\",\"breadcrumb\":{\"@id\":\"https:\\\/\\\/matis.is\\\/frettir\\\/liggja-taekifaeri-i-rekjanleika-sjavarafurda\\\/#breadcrumb\"},\"inLanguage\":\"en-GB\",\"potentialAction\":[{\"@type\":\"ReadAction\",\"target\":[\"https:\\\/\\\/matis.is\\\/frettir\\\/liggja-taekifaeri-i-rekjanleika-sjavarafurda\\\/\"]}]},{\"@type\":\"ImageObject\",\"inLanguage\":\"en-GB\",\"@id\":\"https:\\\/\\\/matis.is\\\/frettir\\\/liggja-taekifaeri-i-rekjanleika-sjavarafurda\\\/#primaryimage\",\"url\":\"https:\\\/\\\/matis.is\\\/wp-content\\\/uploads\\\/CopyRight_iStock_Swoosh-R_Traceabilty.jpg\",\"contentUrl\":\"https:\\\/\\\/matis.is\\\/wp-content\\\/uploads\\\/CopyRight_iStock_Swoosh-R_Traceabilty.jpg\",\"width\":1155,\"height\":420,\"caption\":\"This new symbol, called GS1 DataBars, can store more data than traditional bar codes. The first use of thise new technology is on loose produce at supermarkets.\"},{\"@type\":\"BreadcrumbList\",\"@id\":\"https:\\\/\\\/matis.is\\\/frettir\\\/liggja-taekifaeri-i-rekjanleika-sjavarafurda\\\/#breadcrumb\",\"itemListElement\":[{\"@type\":\"ListItem\",\"position\":1,\"name\":\"Home\",\"item\":\"https:\\\/\\\/matis.is\\\/\"},{\"@type\":\"ListItem\",\"position\":2,\"name\":\"Liggja t\u00e6kif\u00e6ri \u00ed rekjanleika sj\u00e1varafur\u00f0a?\"}]},{\"@type\":\"WebSite\",\"@id\":\"https:\\\/\\\/matis.is\\\/#website\",\"url\":\"https:\\\/\\\/matis.is\\\/\",\"name\":\"Mat\u00eds\",\"description\":\"Ver\u00f0m\u00e6task\u00f6pun, matv\u00e6la\u00f6ryggi og l\u00fd\u00f0heilsa\",\"publisher\":{\"@id\":\"https:\\\/\\\/matis.is\\\/#organization\"},\"potentialAction\":[{\"@type\":\"SearchAction\",\"target\":{\"@type\":\"EntryPoint\",\"urlTemplate\":\"https:\\\/\\\/matis.is\\\/?s={search_term_string}\"},\"query-input\":{\"@type\":\"PropertyValueSpecification\",\"valueRequired\":true,\"valueName\":\"search_term_string\"}}],\"inLanguage\":\"en-GB\"},{\"@type\":\"Organization\",\"@id\":\"https:\\\/\\\/matis.is\\\/#organization\",\"name\":\"Mat\u00eds ohf.\",\"url\":\"https:\\\/\\\/matis.is\\\/\",\"logo\":{\"@type\":\"ImageObject\",\"inLanguage\":\"en-GB\",\"@id\":\"https:\\\/\\\/matis.is\\\/#\\\/schema\\\/logo\\\/image\\\/\",\"url\":\"https:\\\/\\\/matis.is\\\/wp-content\\\/uploads\\\/2021\\\/02\\\/matis_logo_blatthvitt.png\",\"contentUrl\":\"https:\\\/\\\/matis.is\\\/wp-content\\\/uploads\\\/2021\\\/02\\\/matis_logo_blatthvitt.png\",\"width\":1507,\"height\":1507,\"caption\":\"Mat\u00eds ohf.\"},\"image\":{\"@id\":\"https:\\\/\\\/matis.is\\\/#\\\/schema\\\/logo\\\/image\\\/\"},\"sameAs\":[\"https:\\\/\\\/www.facebook.com\\\/matisiceland\",\"https:\\\/\\\/x.com\\\/matisiceland\",\"https:\\\/\\\/www.instagram.com\\\/matisiceland\\\/\",\"https:\\\/\\\/www.linkedin.com\\\/matisiceland\\\/\",\"https:\\\/\\\/www.youtube.com\\\/channel\\\/UCY-frt3uTqgVZW-DLjoo5bA\"]},{\"@type\":\"Person\",\"@id\":\"https:\\\/\\\/matis.is\\\/#\\\/schema\\\/person\\\/33b92c850c915c93e67f291e3381a49a\",\"name\":\"admin\",\"sameAs\":[\"https:\\\/\\\/matis.mareframe.eu\"],\"url\":\"https:\\\/\\\/matis.is\\\/en\\\/author\\\/thormodurmatis-is\\\/\"}]}<\/script>\n<!-- \/ Yoast SEO plugin. -->","yoast_head_json":{"title":"Are there opportunities in the traceability of marine products? - Mat\u00eds","robots":{"index":"index","follow":"follow","max-snippet":"max-snippet:-1","max-image-preview":"max-image-preview:large","max-video-preview":"max-video-preview:-1"},"canonical":"https:\/\/matis.is\/en\/frettir\/liggja-taekifaeri-i-rekjanleika-sjavarafurda\/","og_locale":"en_GB","og_type":"article","og_title":"Liggja t\u00e6kif\u00e6ri \u00ed rekjanleika sj\u00e1varafur\u00f0a? - Mat\u00eds","og_description":"\u00deann 21. okt\u00f3ber s\u00ed\u00f0astli\u00f0inn st\u00f3\u00f0 Matv\u00e6lastofnun fyrir Norr\u00e6nni r\u00e1\u00f0stefnu um rekjanleika \u00ed matv\u00e6lai\u00f0na\u00f0i. R\u00e1\u00f0stefnan var hluti af \u00feeim vi\u00f0bur\u00f0um sem [&hellip;]","og_url":"https:\/\/matis.is\/en\/frettir\/liggja-taekifaeri-i-rekjanleika-sjavarafurda\/","og_site_name":"Mat\u00eds","article_publisher":"https:\/\/www.facebook.com\/matisiceland","article_published_time":"2014-11-20T19:04:00+00:00","article_modified_time":"2021-08-12T13:51:30+00:00","og_image":[{"width":1155,"height":420,"url":"https:\/\/matis.is\/wp-content\/uploads\/CopyRight_iStock_Swoosh-R_Traceabilty.jpg","type":"image\/jpeg"}],"author":"admin","twitter_card":"summary_large_image","twitter_creator":"@matisiceland","twitter_site":"@matisiceland","twitter_misc":{"Written by":"admin","Estimated reading time":"1 minute"},"schema":{"@context":"https:\/\/schema.org","@graph":[{"@type":"Article","@id":"https:\/\/matis.is\/frettir\/liggja-taekifaeri-i-rekjanleika-sjavarafurda\/#article","isPartOf":{"@id":"https:\/\/matis.is\/frettir\/liggja-taekifaeri-i-rekjanleika-sjavarafurda\/"},"author":{"name":"admin","@id":"https:\/\/matis.is\/#\/schema\/person\/33b92c850c915c93e67f291e3381a49a"},"headline":"Liggja t\u00e6kif\u00e6ri \u00ed rekjanleika sj\u00e1varafur\u00f0a?","datePublished":"2014-11-20T19:04:00+00:00","dateModified":"2021-08-12T13:51:30+00:00","mainEntityOfPage":{"@id":"https:\/\/matis.is\/frettir\/liggja-taekifaeri-i-rekjanleika-sjavarafurda\/"},"wordCount":228,"publisher":{"@id":"https:\/\/matis.is\/#organization"},"image":{"@id":"https:\/\/matis.is\/frettir\/liggja-taekifaeri-i-rekjanleika-sjavarafurda\/#primaryimage"},"thumbnailUrl":"https:\/\/matis.is\/wp-content\/uploads\/CopyRight_iStock_Swoosh-R_Traceabilty.jpg","articleSection":["Fr\u00e9ttir"],"inLanguage":"en-GB"},{"@type":"WebPage","@id":"https:\/\/matis.is\/frettir\/liggja-taekifaeri-i-rekjanleika-sjavarafurda\/","url":"https:\/\/matis.is\/frettir\/liggja-taekifaeri-i-rekjanleika-sjavarafurda\/","name":"Are there opportunities in the traceability of marine products? - Mat\u00eds","isPartOf":{"@id":"https:\/\/matis.is\/#website"},"primaryImageOfPage":{"@id":"https:\/\/matis.is\/frettir\/liggja-taekifaeri-i-rekjanleika-sjavarafurda\/#primaryimage"},"image":{"@id":"https:\/\/matis.is\/frettir\/liggja-taekifaeri-i-rekjanleika-sjavarafurda\/#primaryimage"},"thumbnailUrl":"https:\/\/matis.is\/wp-content\/uploads\/CopyRight_iStock_Swoosh-R_Traceabilty.jpg","datePublished":"2014-11-20T19:04:00+00:00","dateModified":"2021-08-12T13:51:30+00:00","breadcrumb":{"@id":"https:\/\/matis.is\/frettir\/liggja-taekifaeri-i-rekjanleika-sjavarafurda\/#breadcrumb"},"inLanguage":"en-GB","potentialAction":[{"@type":"ReadAction","target":["https:\/\/matis.is\/frettir\/liggja-taekifaeri-i-rekjanleika-sjavarafurda\/"]}]},{"@type":"ImageObject","inLanguage":"en-GB","@id":"https:\/\/matis.is\/frettir\/liggja-taekifaeri-i-rekjanleika-sjavarafurda\/#primaryimage","url":"https:\/\/matis.is\/wp-content\/uploads\/CopyRight_iStock_Swoosh-R_Traceabilty.jpg","contentUrl":"https:\/\/matis.is\/wp-content\/uploads\/CopyRight_iStock_Swoosh-R_Traceabilty.jpg","width":1155,"height":420,"caption":"This new symbol, called GS1 DataBars, can store more data than traditional bar codes. The first use of thise new technology is on loose produce at supermarkets."},{"@type":"BreadcrumbList","@id":"https:\/\/matis.is\/frettir\/liggja-taekifaeri-i-rekjanleika-sjavarafurda\/#breadcrumb","itemListElement":[{"@type":"ListItem","position":1,"name":"Home","item":"https:\/\/matis.is\/"},{"@type":"ListItem","position":2,"name":"Liggja t\u00e6kif\u00e6ri \u00ed rekjanleika sj\u00e1varafur\u00f0a?"}]},{"@type":"WebSite","@id":"https:\/\/matis.is\/#website","url":"https:\/\/matis.is\/","name":"Mat\u00eds","description":"Value creation, food security and public health","publisher":{"@id":"https:\/\/matis.is\/#organization"},"potentialAction":[{"@type":"SearchAction","target":{"@type":"EntryPoint","urlTemplate":"https:\/\/matis.is\/?s={search_term_string}"},"query-input":{"@type":"PropertyValueSpecification","valueRequired":true,"valueName":"search_term_string"}}],"inLanguage":"en-GB"},{"@type":"Organization","@id":"https:\/\/matis.is\/#organization","name":"Mat\u00eds ohf.","url":"https:\/\/matis.is\/","logo":{"@type":"ImageObject","inLanguage":"en-GB","@id":"https:\/\/matis.is\/#\/schema\/logo\/image\/","url":"https:\/\/matis.is\/wp-content\/uploads\/2021\/02\/matis_logo_blatthvitt.png","contentUrl":"https:\/\/matis.is\/wp-content\/uploads\/2021\/02\/matis_logo_blatthvitt.png","width":1507,"height":1507,"caption":"Mat\u00eds ohf."},"image":{"@id":"https:\/\/matis.is\/#\/schema\/logo\/image\/"},"sameAs":["https:\/\/www.facebook.com\/matisiceland","https:\/\/x.com\/matisiceland","https:\/\/www.instagram.com\/matisiceland\/","https:\/\/www.linkedin.com\/matisiceland\/","https:\/\/www.youtube.com\/channel\/UCY-frt3uTqgVZW-DLjoo5bA"]},{"@type":"Person","@id":"https:\/\/matis.is\/#\/schema\/person\/33b92c850c915c93e67f291e3381a49a","name":"admin","sameAs":["https:\/\/matis.mareframe.eu"],"url":"https:\/\/matis.is\/en\/author\/thormodurmatis-is\/"}]}},"spectra_custom_meta":{"_edit_lock":["1628776290:5"],"_wp_old_date":["2021-07-28"],"_thumbnail_id":["41158"],"_wp_page_template":["templates\/template-cover.php"],"_edit_last":["5"],"tengilidur":[""],"_tengilidur":["field_5ef905e0538b2"],"_yoast_wpseo_primary_category":["1973"],"_yoast_wpseo_content_score":["90"],"_yoast_wpseo_estimated-reading-time-minutes":["1"],"wpmm_postgrid_views":["345"],"_uag_css_file_name":["uag-css-41157.css"],"_uag_page_assets":["a:9:{s:3:\"css\";s:263:\".uag-blocks-common-selector{z-index:var(--z-index-desktop) !important}@media (max-width: 976px){.uag-blocks-common-selector{z-index:var(--z-index-tablet) !important}}@media (max-width: 767px){.uag-blocks-common-selector{z-index:var(--z-index-mobile) !important}}\n\";s:2:\"js\";s:0:\"\";s:18:\"current_block_list\";a:7:{i:0;s:12:\"core\/heading\";i:1;s:14:\"core\/paragraph\";i:2;s:9:\"core\/list\";i:3;s:12:\"core\/buttons\";i:4;s:11:\"core\/button\";i:5;s:12:\"core\/columns\";i:6;s:11:\"core\/column\";}s:8:\"uag_flag\";b:0;s:11:\"uag_version\";s:10:\"1777300790\";s:6:\"gfonts\";a:0:{}s:10:\"gfonts_url\";s:0:\"\";s:12:\"gfonts_files\";a:0:{}s:14:\"uag_faq_layout\";b:0;}"]},"uagb_featured_image_src":{"full":["https:\/\/matis.is\/wp-content\/uploads\/CopyRight_iStock_Swoosh-R_Traceabilty.jpg",1155,420,false],"thumbnail":["https:\/\/matis.is\/wp-content\/uploads\/CopyRight_iStock_Swoosh-R_Traceabilty-150x150.jpg",150,150,true],"medium":["https:\/\/matis.is\/wp-content\/uploads\/CopyRight_iStock_Swoosh-R_Traceabilty-300x109.jpg",300,109,true],"medium_large":["https:\/\/matis.is\/wp-content\/uploads\/CopyRight_iStock_Swoosh-R_Traceabilty-768x279.jpg",768,279,true],"large":["https:\/\/matis.is\/wp-content\/uploads\/CopyRight_iStock_Swoosh-R_Traceabilty-1024x372.jpg",1024,372,true],"1536x1536":["https:\/\/matis.is\/wp-content\/uploads\/CopyRight_iStock_Swoosh-R_Traceabilty.jpg",1155,420,false],"2048x2048":["https:\/\/matis.is\/wp-content\/uploads\/CopyRight_iStock_Swoosh-R_Traceabilty.jpg",1155,420,false],"trp-custom-language-flag":["https:\/\/matis.is\/wp-content\/uploads\/CopyRight_iStock_Swoosh-R_Traceabilty.jpg",18,7,false]},"uagb_author_info":{"display_name":"admin","author_link":"https:\/\/matis.is\/en\/author\/thormodurmatis-is\/"},"uagb_comment_info":0,"uagb_excerpt":"\u00deann 21. okt\u00f3ber s\u00ed\u00f0astli\u00f0inn st\u00f3\u00f0 Matv\u00e6lastofnun fyrir Norr\u00e6nni r\u00e1\u00f0stefnu um rekjanleika \u00ed matv\u00e6lai\u00f0na\u00f0i. R\u00e1\u00f0stefnan var hluti af \u00feeim vi\u00f0bur\u00f0um sem [&hellip;]","_links":{"self":[{"href":"https:\/\/matis.is\/en\/wp-json\/wp\/v2\/posts\/41157","targetHints":{"allow":["GET"]}}],"collection":[{"href":"https:\/\/matis.is\/en\/wp-json\/wp\/v2\/posts"}],"about":[{"href":"https:\/\/matis.is\/en\/wp-json\/wp\/v2\/types\/post"}],"author":[{"embeddable":true,"href":"https:\/\/matis.is\/en\/wp-json\/wp\/v2\/users\/1"}],"replies":[{"embeddable":true,"href":"https:\/\/matis.is\/en\/wp-json\/wp\/v2\/comments?post=41157"}],"version-history":[{"count":3,"href":"https:\/\/matis.is\/en\/wp-json\/wp\/v2\/posts\/41157\/revisions"}],"predecessor-version":[{"id":42338,"href":"https:\/\/matis.is\/en\/wp-json\/wp\/v2\/posts\/41157\/revisions\/42338"}],"wp:featuredmedia":[{"embeddable":true,"href":"https:\/\/matis.is\/en\/wp-json\/wp\/v2\/media\/41158"}],"wp:attachment":[{"href":"https:\/\/matis.is\/en\/wp-json\/wp\/v2\/media?parent=41157"}],"wp:term":[{"taxonomy":"category","embeddable":true,"href":"https:\/\/matis.is\/en\/wp-json\/wp\/v2\/categories?post=41157"},{"taxonomy":"post_tag","embeddable":true,"href":"https:\/\/matis.is\/en\/wp-json\/wp\/v2\/tags?post=41157"}],"curies":[{"name":"wp","href":"https:\/\/api.w.org\/{rel}","templated":true}]}}