{"id":41180,"date":"2014-11-06T19:34:00","date_gmt":"2014-11-06T19:34:00","guid":{"rendered":"https:\/\/matis.is\/?p=41180"},"modified":"2021-08-16T14:41:54","modified_gmt":"2021-08-16T14:41:54","slug":"verdur-ekki-thverfotad-fyrir-nordurlandabuum-i-naestu-viku","status":"publish","type":"post","link":"https:\/\/matis.is\/en\/frettir\/verdur-ekki-thverfotad-fyrir-nordurlandabuum-i-naestu-viku\/","title":{"rendered":"Will not the Nordic countries be cross-legged next week?"},"content":{"rendered":"<h4 class=\"wp-block-heading\">Next week will certainly be a festival for the people of the Nordic countries, and especially for those who are interested in the Nordic bioeconomy, which includes food and food production.<\/h4>\n\n\n\n<p>It is safe to say that rarely have so many events related to Nordic co-operation taken place in Iceland in one and the same week. Most of these events are related to the Icelandic Presidency of the Nordic Council of Ministers, but 2014 is Iceland&#039;s year in that presidency.<\/p>\n\n\n\n<p>Below you can see the events that are available. The raisin in the sausage end is the Food Market of the Cage, which will be held on the weekend of 15 and 16 November.<\/p>\n\n\n\n<ul class=\"wp-block-list\"><li>November 10 and 11 - final meeting in Arctic Bioeconomy but the meeting is held at Mat\u00eds (closed meeting).<br><\/li><li>November 11 -\u00a0<a href=\"http:\/\/nynordiskmad.org\/tema\/nordiskmat2024\/bioeconomy\/\" target=\"_blank\" rel=\"noreferrer noopener\">Nordic Vision Workshop<\/a><br><\/li><li>November 11 - 13:00 - 17:00 \u201e<a href=\"https:\/\/www.matis.is\/media\/matis\/utgafa\/Bioeconomy-in-the-West-Nordic-countries-37-14.pdf\">Arctic Bioeconomy - Focus on West-Nordic Countries<\/a>&quot;- a conference held at the Nordic House.<br><\/li><li>November 11 - 9:00 - 16:00 \u201e<a href=\"https:\/\/www.bomin.com\/en\/home.html\" target=\"_blank\" rel=\"noreferrer noopener\">BoMin<\/a>&quot;(&quot; Children and food so into the Nordic countries &quot;\/&quot; New Nordic food, project food and children). -&gt; more information\u00a0<a href=\"http:\/\/norden.diva-portal.org\/smash\/get\/diva2:854695\/FULLTEXT01.pdf\" target=\"_blank\" rel=\"noreferrer noopener\">here<\/a>.<br><\/li><li>November 12 - 8:30 - 17:30 Field trip related to the Food Craft Competition.<br><\/li><li>November 12 and 13 - 8:00 - 19:00 Nordic Bioeconomy and Regional Innovation.<br><\/li><li>November 13 - 9:00 - 16:00 The Food Crafts Conference, which is held at the Nordic House.<br><\/li><li>November 14 - 9:00 - 15:00 Food craft course and lectures at Mat\u00eds.<\/li><\/ul>\n\n\n\n<p>All events related to the Food Craft are open to everyone (the field trip, the conference and the food craft courses).<\/p>\n\n\n\n<ul class=\"wp-block-list\"><li>November 15 and 16 -\u00a0<a href=\"http:\/\/blog.burid.is\/\" target=\"_blank\" rel=\"noreferrer noopener\">The Cage Food Market<\/a>\u00a0- products from the Food Craft Competition will be on display.<\/li><\/ul>\n\n\n\n<p>For further information&nbsp;<a href=\"https:\/\/gamla.matis.is\/matis\/mannaudur\/starfsfolk-og-simanumer\/persona\/25\/fyrirtaeki\/1\">Gunn\u00fe\u00f3runn Einarsd\u00f3ttir<\/a>&nbsp;at Mat\u00eds.<\/p>\n\n\n\n<figure class=\"wp-block-image\"><img decoding=\"async\" src=\"https:\/\/gamla.matis.is\/media\/ljosmyndir\/Nordiske_flag.jpg\" alt=\"\" title=\"Nordic flags\"\/><\/figure>","protected":false},"excerpt":{"rendered":"<p>N\u00e6sta vika ver\u00f0ur sannarlega h\u00e1t\u00ed\u00f0 fyrir Nor\u00f0urlandab\u00faa og \u00fe\u00e1 s\u00e9rstaklega \u00fe\u00e1 sem \u00e1huga hafa \u00e1 l\u00edfhagkerfi Nor\u00f0urlanda, en inni \u00fev\u00ed [&hellip;]<\/p>\n","protected":false},"author":1,"featured_media":41181,"comment_status":"closed","ping_status":"closed","sticky":false,"template":"templates\/template-cover.php","format":"standard","meta":{"_acf_changed":false,"_uag_custom_page_level_css":"","site-sidebar-layout":"default","site-content-layout":"","ast-site-content-layout":"default","site-content-style":"default","site-sidebar-style":"default","ast-global-header-display":"","ast-banner-title-visibility":"","ast-main-header-display":"","ast-hfb-above-header-display":"","ast-hfb-below-header-display":"","ast-hfb-mobile-header-display":"","site-post-title":"","ast-breadcrumbs-content":"","ast-featured-img":"","footer-sml-layout":"","ast-disable-related-posts":"","theme-transparent-header-meta":"","adv-header-id-meta":"","stick-header-meta":"","header-above-stick-meta":"","header-main-stick-meta":"","header-below-stick-meta":"","astra-migrate-meta-layouts":"default","ast-page-background-enabled":"default","ast-page-background-meta":{"desktop":{"background-color":"var(--ast-global-color-5)","background-image":"","background-repeat":"repeat","background-position":"center center","background-size":"auto","background-attachment":"scroll","background-type":"","background-media":"","overlay-type":"","overlay-color":"","overlay-opacity":"","overlay-gradient":""},"tablet":{"background-color":"","background-image":"","background-repeat":"repeat","background-position":"center center","background-size":"auto","background-attachment":"scroll","background-type":"","background-media":"","overlay-type":"","overlay-color":"","overlay-opacity":"","overlay-gradient":""},"mobile":{"background-color":"","background-image":"","background-repeat":"repeat","background-position":"center center","background-size":"auto","background-attachment":"scroll","background-type":"","background-media":"","overlay-type":"","overlay-color":"","overlay-opacity":"","overlay-gradient":""}},"ast-content-background-meta":{"desktop":{"background-color":"var(--ast-global-color-4)","background-image":"","background-repeat":"repeat","background-position":"center center","background-size":"auto","background-attachment":"scroll","background-type":"","background-media":"","overlay-type":"","overlay-color":"","overlay-opacity":"","overlay-gradient":""},"tablet":{"background-color":"var(--ast-global-color-4)","background-image":"","background-repeat":"repeat","background-position":"center center","background-size":"auto","background-attachment":"scroll","background-type":"","background-media":"","overlay-type":"","overlay-color":"","overlay-opacity":"","overlay-gradient":""},"mobile":{"background-color":"var(--ast-global-color-4)","background-image":"","background-repeat":"repeat","background-position":"center center","background-size":"auto","background-attachment":"scroll","background-type":"","background-media":"","overlay-type":"","overlay-color":"","overlay-opacity":"","overlay-gradient":""}},"footnotes":""},"categories":[1973],"tags":[],"class_list":["post-41180","post","type-post","status-publish","format-standard","has-post-thumbnail","hentry","category-frettir"],"acf":[],"yoast_head":"<!-- This site is optimized with the Yoast SEO plugin v27.4 - https:\/\/yoast.com\/product\/yoast-seo-wordpress\/ -->\n<title>Ver\u00f0ur ekki \u00feverf\u00f3ta\u00f0 fyrir Nor\u00f0urlandab\u00faum \u00ed n\u00e6stu viku? - Mat\u00eds<\/title>\n<meta name=\"robots\" content=\"index, follow, max-snippet:-1, max-image-preview:large, max-video-preview:-1\" \/>\n<link rel=\"canonical\" href=\"https:\/\/matis.is\/en\/frettir\/verdur-ekki-thverfotad-fyrir-nordurlandabuum-i-naestu-viku\/\" \/>\n<meta property=\"og:locale\" content=\"en_GB\" \/>\n<meta property=\"og:type\" content=\"article\" \/>\n<meta property=\"og:title\" content=\"Ver\u00f0ur ekki \u00feverf\u00f3ta\u00f0 fyrir Nor\u00f0urlandab\u00faum \u00ed n\u00e6stu viku? - Mat\u00eds\" \/>\n<meta property=\"og:description\" content=\"N\u00e6sta vika ver\u00f0ur sannarlega h\u00e1t\u00ed\u00f0 fyrir Nor\u00f0urlandab\u00faa og \u00fe\u00e1 s\u00e9rstaklega \u00fe\u00e1 sem \u00e1huga hafa \u00e1 l\u00edfhagkerfi Nor\u00f0urlanda, en inni \u00fev\u00ed [&hellip;]\" \/>\n<meta property=\"og:url\" content=\"https:\/\/matis.is\/en\/frettir\/verdur-ekki-thverfotad-fyrir-nordurlandabuum-i-naestu-viku\/\" \/>\n<meta property=\"og:site_name\" content=\"Mat\u00eds\" \/>\n<meta property=\"article:publisher\" content=\"https:\/\/www.facebook.com\/matisiceland\" \/>\n<meta property=\"article:published_time\" content=\"2014-11-06T19:34:00+00:00\" \/>\n<meta property=\"article:modified_time\" content=\"2021-08-16T14:41:54+00:00\" \/>\n<meta property=\"og:image\" content=\"https:\/\/matis.is\/wp-content\/uploads\/Nordic_Countries_global_map.jpg\" \/>\n\t<meta property=\"og:image:width\" content=\"817\" \/>\n\t<meta property=\"og:image:height\" content=\"814\" \/>\n\t<meta property=\"og:image:type\" content=\"image\/jpeg\" \/>\n<meta name=\"author\" content=\"admin\" \/>\n<meta name=\"twitter:card\" content=\"summary_large_image\" \/>\n<meta name=\"twitter:creator\" content=\"@matisiceland\" \/>\n<meta name=\"twitter:site\" content=\"@matisiceland\" \/>\n<meta name=\"twitter:label1\" content=\"Written by\" \/>\n\t<meta name=\"twitter:data1\" content=\"admin\" \/>\n\t<meta name=\"twitter:label2\" content=\"Estimated reading time\" \/>\n\t<meta name=\"twitter:data2\" content=\"2 minutes\" \/>\n<script type=\"application\/ld+json\" class=\"yoast-schema-graph\">{\"@context\":\"https:\\\/\\\/schema.org\",\"@graph\":[{\"@type\":\"Article\",\"@id\":\"https:\\\/\\\/matis.is\\\/frettir\\\/verdur-ekki-thverfotad-fyrir-nordurlandabuum-i-naestu-viku\\\/#article\",\"isPartOf\":{\"@id\":\"https:\\\/\\\/matis.is\\\/frettir\\\/verdur-ekki-thverfotad-fyrir-nordurlandabuum-i-naestu-viku\\\/\"},\"author\":{\"name\":\"admin\",\"@id\":\"https:\\\/\\\/matis.is\\\/#\\\/schema\\\/person\\\/33b92c850c915c93e67f291e3381a49a\"},\"headline\":\"Ver\u00f0ur ekki \u00feverf\u00f3ta\u00f0 fyrir Nor\u00f0urlandab\u00faum \u00ed n\u00e6stu viku?\",\"datePublished\":\"2014-11-06T19:34:00+00:00\",\"dateModified\":\"2021-08-16T14:41:54+00:00\",\"mainEntityOfPage\":{\"@id\":\"https:\\\/\\\/matis.is\\\/frettir\\\/verdur-ekki-thverfotad-fyrir-nordurlandabuum-i-naestu-viku\\\/\"},\"wordCount\":266,\"publisher\":{\"@id\":\"https:\\\/\\\/matis.is\\\/#organization\"},\"image\":{\"@id\":\"https:\\\/\\\/matis.is\\\/frettir\\\/verdur-ekki-thverfotad-fyrir-nordurlandabuum-i-naestu-viku\\\/#primaryimage\"},\"thumbnailUrl\":\"https:\\\/\\\/matis.is\\\/wp-content\\\/uploads\\\/Nordic_Countries_global_map.jpg\",\"articleSection\":[\"Fr\u00e9ttir\"],\"inLanguage\":\"en-GB\"},{\"@type\":\"WebPage\",\"@id\":\"https:\\\/\\\/matis.is\\\/frettir\\\/verdur-ekki-thverfotad-fyrir-nordurlandabuum-i-naestu-viku\\\/\",\"url\":\"https:\\\/\\\/matis.is\\\/frettir\\\/verdur-ekki-thverfotad-fyrir-nordurlandabuum-i-naestu-viku\\\/\",\"name\":\"Ver\u00f0ur ekki \u00feverf\u00f3ta\u00f0 fyrir Nor\u00f0urlandab\u00faum \u00ed n\u00e6stu viku? - Mat\u00eds\",\"isPartOf\":{\"@id\":\"https:\\\/\\\/matis.is\\\/#website\"},\"primaryImageOfPage\":{\"@id\":\"https:\\\/\\\/matis.is\\\/frettir\\\/verdur-ekki-thverfotad-fyrir-nordurlandabuum-i-naestu-viku\\\/#primaryimage\"},\"image\":{\"@id\":\"https:\\\/\\\/matis.is\\\/frettir\\\/verdur-ekki-thverfotad-fyrir-nordurlandabuum-i-naestu-viku\\\/#primaryimage\"},\"thumbnailUrl\":\"https:\\\/\\\/matis.is\\\/wp-content\\\/uploads\\\/Nordic_Countries_global_map.jpg\",\"datePublished\":\"2014-11-06T19:34:00+00:00\",\"dateModified\":\"2021-08-16T14:41:54+00:00\",\"breadcrumb\":{\"@id\":\"https:\\\/\\\/matis.is\\\/frettir\\\/verdur-ekki-thverfotad-fyrir-nordurlandabuum-i-naestu-viku\\\/#breadcrumb\"},\"inLanguage\":\"en-GB\",\"potentialAction\":[{\"@type\":\"ReadAction\",\"target\":[\"https:\\\/\\\/matis.is\\\/frettir\\\/verdur-ekki-thverfotad-fyrir-nordurlandabuum-i-naestu-viku\\\/\"]}]},{\"@type\":\"ImageObject\",\"inLanguage\":\"en-GB\",\"@id\":\"https:\\\/\\\/matis.is\\\/frettir\\\/verdur-ekki-thverfotad-fyrir-nordurlandabuum-i-naestu-viku\\\/#primaryimage\",\"url\":\"https:\\\/\\\/matis.is\\\/wp-content\\\/uploads\\\/Nordic_Countries_global_map.jpg\",\"contentUrl\":\"https:\\\/\\\/matis.is\\\/wp-content\\\/uploads\\\/Nordic_Countries_global_map.jpg\",\"width\":817,\"height\":814},{\"@type\":\"BreadcrumbList\",\"@id\":\"https:\\\/\\\/matis.is\\\/frettir\\\/verdur-ekki-thverfotad-fyrir-nordurlandabuum-i-naestu-viku\\\/#breadcrumb\",\"itemListElement\":[{\"@type\":\"ListItem\",\"position\":1,\"name\":\"Home\",\"item\":\"https:\\\/\\\/matis.is\\\/\"},{\"@type\":\"ListItem\",\"position\":2,\"name\":\"Ver\u00f0ur ekki \u00feverf\u00f3ta\u00f0 fyrir Nor\u00f0urlandab\u00faum \u00ed n\u00e6stu viku?\"}]},{\"@type\":\"WebSite\",\"@id\":\"https:\\\/\\\/matis.is\\\/#website\",\"url\":\"https:\\\/\\\/matis.is\\\/\",\"name\":\"Mat\u00eds\",\"description\":\"Ver\u00f0m\u00e6task\u00f6pun, matv\u00e6la\u00f6ryggi og l\u00fd\u00f0heilsa\",\"publisher\":{\"@id\":\"https:\\\/\\\/matis.is\\\/#organization\"},\"potentialAction\":[{\"@type\":\"SearchAction\",\"target\":{\"@type\":\"EntryPoint\",\"urlTemplate\":\"https:\\\/\\\/matis.is\\\/?s={search_term_string}\"},\"query-input\":{\"@type\":\"PropertyValueSpecification\",\"valueRequired\":true,\"valueName\":\"search_term_string\"}}],\"inLanguage\":\"en-GB\"},{\"@type\":\"Organization\",\"@id\":\"https:\\\/\\\/matis.is\\\/#organization\",\"name\":\"Mat\u00eds ohf.\",\"url\":\"https:\\\/\\\/matis.is\\\/\",\"logo\":{\"@type\":\"ImageObject\",\"inLanguage\":\"en-GB\",\"@id\":\"https:\\\/\\\/matis.is\\\/#\\\/schema\\\/logo\\\/image\\\/\",\"url\":\"https:\\\/\\\/matis.is\\\/wp-content\\\/uploads\\\/2021\\\/02\\\/matis_logo_blatthvitt.png\",\"contentUrl\":\"https:\\\/\\\/matis.is\\\/wp-content\\\/uploads\\\/2021\\\/02\\\/matis_logo_blatthvitt.png\",\"width\":1507,\"height\":1507,\"caption\":\"Mat\u00eds ohf.\"},\"image\":{\"@id\":\"https:\\\/\\\/matis.is\\\/#\\\/schema\\\/logo\\\/image\\\/\"},\"sameAs\":[\"https:\\\/\\\/www.facebook.com\\\/matisiceland\",\"https:\\\/\\\/x.com\\\/matisiceland\",\"https:\\\/\\\/www.instagram.com\\\/matisiceland\\\/\",\"https:\\\/\\\/www.linkedin.com\\\/matisiceland\\\/\",\"https:\\\/\\\/www.youtube.com\\\/channel\\\/UCY-frt3uTqgVZW-DLjoo5bA\"]},{\"@type\":\"Person\",\"@id\":\"https:\\\/\\\/matis.is\\\/#\\\/schema\\\/person\\\/33b92c850c915c93e67f291e3381a49a\",\"name\":\"admin\",\"sameAs\":[\"https:\\\/\\\/matis.mareframe.eu\"],\"url\":\"https:\\\/\\\/matis.is\\\/en\\\/author\\\/thormodurmatis-is\\\/\"}]}<\/script>\n<!-- \/ Yoast SEO plugin. -->","yoast_head_json":{"title":"Will there be no cross-legged for the Nordic people next week? - Mat\u00eds","robots":{"index":"index","follow":"follow","max-snippet":"max-snippet:-1","max-image-preview":"max-image-preview:large","max-video-preview":"max-video-preview:-1"},"canonical":"https:\/\/matis.is\/en\/frettir\/verdur-ekki-thverfotad-fyrir-nordurlandabuum-i-naestu-viku\/","og_locale":"en_GB","og_type":"article","og_title":"Ver\u00f0ur ekki \u00feverf\u00f3ta\u00f0 fyrir Nor\u00f0urlandab\u00faum \u00ed n\u00e6stu viku? - Mat\u00eds","og_description":"N\u00e6sta vika ver\u00f0ur sannarlega h\u00e1t\u00ed\u00f0 fyrir Nor\u00f0urlandab\u00faa og \u00fe\u00e1 s\u00e9rstaklega \u00fe\u00e1 sem \u00e1huga hafa \u00e1 l\u00edfhagkerfi Nor\u00f0urlanda, en inni \u00fev\u00ed [&hellip;]","og_url":"https:\/\/matis.is\/en\/frettir\/verdur-ekki-thverfotad-fyrir-nordurlandabuum-i-naestu-viku\/","og_site_name":"Mat\u00eds","article_publisher":"https:\/\/www.facebook.com\/matisiceland","article_published_time":"2014-11-06T19:34:00+00:00","article_modified_time":"2021-08-16T14:41:54+00:00","og_image":[{"width":817,"height":814,"url":"https:\/\/matis.is\/wp-content\/uploads\/Nordic_Countries_global_map.jpg","type":"image\/jpeg"}],"author":"admin","twitter_card":"summary_large_image","twitter_creator":"@matisiceland","twitter_site":"@matisiceland","twitter_misc":{"Written by":"admin","Estimated reading time":"2 minutes"},"schema":{"@context":"https:\/\/schema.org","@graph":[{"@type":"Article","@id":"https:\/\/matis.is\/frettir\/verdur-ekki-thverfotad-fyrir-nordurlandabuum-i-naestu-viku\/#article","isPartOf":{"@id":"https:\/\/matis.is\/frettir\/verdur-ekki-thverfotad-fyrir-nordurlandabuum-i-naestu-viku\/"},"author":{"name":"admin","@id":"https:\/\/matis.is\/#\/schema\/person\/33b92c850c915c93e67f291e3381a49a"},"headline":"Ver\u00f0ur ekki \u00feverf\u00f3ta\u00f0 fyrir Nor\u00f0urlandab\u00faum \u00ed n\u00e6stu viku?","datePublished":"2014-11-06T19:34:00+00:00","dateModified":"2021-08-16T14:41:54+00:00","mainEntityOfPage":{"@id":"https:\/\/matis.is\/frettir\/verdur-ekki-thverfotad-fyrir-nordurlandabuum-i-naestu-viku\/"},"wordCount":266,"publisher":{"@id":"https:\/\/matis.is\/#organization"},"image":{"@id":"https:\/\/matis.is\/frettir\/verdur-ekki-thverfotad-fyrir-nordurlandabuum-i-naestu-viku\/#primaryimage"},"thumbnailUrl":"https:\/\/matis.is\/wp-content\/uploads\/Nordic_Countries_global_map.jpg","articleSection":["Fr\u00e9ttir"],"inLanguage":"en-GB"},{"@type":"WebPage","@id":"https:\/\/matis.is\/frettir\/verdur-ekki-thverfotad-fyrir-nordurlandabuum-i-naestu-viku\/","url":"https:\/\/matis.is\/frettir\/verdur-ekki-thverfotad-fyrir-nordurlandabuum-i-naestu-viku\/","name":"Will there be no cross-legged for the Nordic people next week? - Mat\u00eds","isPartOf":{"@id":"https:\/\/matis.is\/#website"},"primaryImageOfPage":{"@id":"https:\/\/matis.is\/frettir\/verdur-ekki-thverfotad-fyrir-nordurlandabuum-i-naestu-viku\/#primaryimage"},"image":{"@id":"https:\/\/matis.is\/frettir\/verdur-ekki-thverfotad-fyrir-nordurlandabuum-i-naestu-viku\/#primaryimage"},"thumbnailUrl":"https:\/\/matis.is\/wp-content\/uploads\/Nordic_Countries_global_map.jpg","datePublished":"2014-11-06T19:34:00+00:00","dateModified":"2021-08-16T14:41:54+00:00","breadcrumb":{"@id":"https:\/\/matis.is\/frettir\/verdur-ekki-thverfotad-fyrir-nordurlandabuum-i-naestu-viku\/#breadcrumb"},"inLanguage":"en-GB","potentialAction":[{"@type":"ReadAction","target":["https:\/\/matis.is\/frettir\/verdur-ekki-thverfotad-fyrir-nordurlandabuum-i-naestu-viku\/"]}]},{"@type":"ImageObject","inLanguage":"en-GB","@id":"https:\/\/matis.is\/frettir\/verdur-ekki-thverfotad-fyrir-nordurlandabuum-i-naestu-viku\/#primaryimage","url":"https:\/\/matis.is\/wp-content\/uploads\/Nordic_Countries_global_map.jpg","contentUrl":"https:\/\/matis.is\/wp-content\/uploads\/Nordic_Countries_global_map.jpg","width":817,"height":814},{"@type":"BreadcrumbList","@id":"https:\/\/matis.is\/frettir\/verdur-ekki-thverfotad-fyrir-nordurlandabuum-i-naestu-viku\/#breadcrumb","itemListElement":[{"@type":"ListItem","position":1,"name":"Home","item":"https:\/\/matis.is\/"},{"@type":"ListItem","position":2,"name":"Ver\u00f0ur ekki \u00feverf\u00f3ta\u00f0 fyrir Nor\u00f0urlandab\u00faum \u00ed n\u00e6stu viku?"}]},{"@type":"WebSite","@id":"https:\/\/matis.is\/#website","url":"https:\/\/matis.is\/","name":"Mat\u00eds","description":"Value creation, food security and public health","publisher":{"@id":"https:\/\/matis.is\/#organization"},"potentialAction":[{"@type":"SearchAction","target":{"@type":"EntryPoint","urlTemplate":"https:\/\/matis.is\/?s={search_term_string}"},"query-input":{"@type":"PropertyValueSpecification","valueRequired":true,"valueName":"search_term_string"}}],"inLanguage":"en-GB"},{"@type":"Organization","@id":"https:\/\/matis.is\/#organization","name":"Mat\u00eds ohf.","url":"https:\/\/matis.is\/","logo":{"@type":"ImageObject","inLanguage":"en-GB","@id":"https:\/\/matis.is\/#\/schema\/logo\/image\/","url":"https:\/\/matis.is\/wp-content\/uploads\/2021\/02\/matis_logo_blatthvitt.png","contentUrl":"https:\/\/matis.is\/wp-content\/uploads\/2021\/02\/matis_logo_blatthvitt.png","width":1507,"height":1507,"caption":"Mat\u00eds ohf."},"image":{"@id":"https:\/\/matis.is\/#\/schema\/logo\/image\/"},"sameAs":["https:\/\/www.facebook.com\/matisiceland","https:\/\/x.com\/matisiceland","https:\/\/www.instagram.com\/matisiceland\/","https:\/\/www.linkedin.com\/matisiceland\/","https:\/\/www.youtube.com\/channel\/UCY-frt3uTqgVZW-DLjoo5bA"]},{"@type":"Person","@id":"https:\/\/matis.is\/#\/schema\/person\/33b92c850c915c93e67f291e3381a49a","name":"admin","sameAs":["https:\/\/matis.mareframe.eu"],"url":"https:\/\/matis.is\/en\/author\/thormodurmatis-is\/"}]}},"spectra_custom_meta":{"_edit_lock":["1629124935:5"],"_wp_old_date":["2021-07-28"],"_thumbnail_id":["41181"],"_wp_page_template":["templates\/template-cover.php"],"_edit_last":["5"],"tengilidur":[""],"_tengilidur":["field_5ef905e0538b2"],"_yoast_wpseo_primary_category":["1973"],"_yoast_wpseo_content_score":["30"],"_yoast_wpseo_estimated-reading-time-minutes":["2"],"wpmm_postgrid_views":["342"],"_uag_css_file_name":["uag-css-41180.css"],"_uag_page_assets":["a:9:{s:3:\"css\";s:263:\".uag-blocks-common-selector{z-index:var(--z-index-desktop) !important}@media (max-width: 976px){.uag-blocks-common-selector{z-index:var(--z-index-tablet) !important}}@media (max-width: 767px){.uag-blocks-common-selector{z-index:var(--z-index-mobile) !important}}\n\";s:2:\"js\";s:0:\"\";s:18:\"current_block_list\";a:8:{i:0;s:12:\"core\/heading\";i:1;s:14:\"core\/paragraph\";i:2;s:9:\"core\/list\";i:3;s:10:\"core\/image\";i:4;s:12:\"core\/buttons\";i:5;s:11:\"core\/button\";i:6;s:12:\"core\/columns\";i:7;s:11:\"core\/column\";}s:8:\"uag_flag\";b:0;s:11:\"uag_version\";s:10:\"1777300790\";s:6:\"gfonts\";a:0:{}s:10:\"gfonts_url\";s:0:\"\";s:12:\"gfonts_files\";a:0:{}s:14:\"uag_faq_layout\";b:0;}"]},"uagb_featured_image_src":{"full":["https:\/\/matis.is\/wp-content\/uploads\/Nordic_Countries_global_map.jpg",817,814,false],"thumbnail":["https:\/\/matis.is\/wp-content\/uploads\/Nordic_Countries_global_map-150x150.jpg",150,150,true],"medium":["https:\/\/matis.is\/wp-content\/uploads\/Nordic_Countries_global_map-300x300.jpg",300,300,true],"medium_large":["https:\/\/matis.is\/wp-content\/uploads\/Nordic_Countries_global_map-768x765.jpg",768,765,true],"large":["https:\/\/matis.is\/wp-content\/uploads\/Nordic_Countries_global_map.jpg",817,814,false],"1536x1536":["https:\/\/matis.is\/wp-content\/uploads\/Nordic_Countries_global_map.jpg",817,814,false],"2048x2048":["https:\/\/matis.is\/wp-content\/uploads\/Nordic_Countries_global_map.jpg",817,814,false],"trp-custom-language-flag":["https:\/\/matis.is\/wp-content\/uploads\/Nordic_Countries_global_map.jpg",12,12,false]},"uagb_author_info":{"display_name":"admin","author_link":"https:\/\/matis.is\/en\/author\/thormodurmatis-is\/"},"uagb_comment_info":0,"uagb_excerpt":"N\u00e6sta vika ver\u00f0ur sannarlega h\u00e1t\u00ed\u00f0 fyrir Nor\u00f0urlandab\u00faa og \u00fe\u00e1 s\u00e9rstaklega \u00fe\u00e1 sem \u00e1huga hafa \u00e1 l\u00edfhagkerfi Nor\u00f0urlanda, en inni \u00fev\u00ed [&hellip;]","_links":{"self":[{"href":"https:\/\/matis.is\/en\/wp-json\/wp\/v2\/posts\/41180","targetHints":{"allow":["GET"]}}],"collection":[{"href":"https:\/\/matis.is\/en\/wp-json\/wp\/v2\/posts"}],"about":[{"href":"https:\/\/matis.is\/en\/wp-json\/wp\/v2\/types\/post"}],"author":[{"embeddable":true,"href":"https:\/\/matis.is\/en\/wp-json\/wp\/v2\/users\/1"}],"replies":[{"embeddable":true,"href":"https:\/\/matis.is\/en\/wp-json\/wp\/v2\/comments?post=41180"}],"version-history":[{"count":5,"href":"https:\/\/matis.is\/en\/wp-json\/wp\/v2\/posts\/41180\/revisions"}],"predecessor-version":[{"id":42571,"href":"https:\/\/matis.is\/en\/wp-json\/wp\/v2\/posts\/41180\/revisions\/42571"}],"wp:featuredmedia":[{"embeddable":true,"href":"https:\/\/matis.is\/en\/wp-json\/wp\/v2\/media\/41181"}],"wp:attachment":[{"href":"https:\/\/matis.is\/en\/wp-json\/wp\/v2\/media?parent=41180"}],"wp:term":[{"taxonomy":"category","embeddable":true,"href":"https:\/\/matis.is\/en\/wp-json\/wp\/v2\/categories?post=41180"},{"taxonomy":"post_tag","embeddable":true,"href":"https:\/\/matis.is\/en\/wp-json\/wp\/v2\/tags?post=41180"}],"curies":[{"name":"wp","href":"https:\/\/api.w.org\/{rel}","templated":true}]}}