{"id":41202,"date":"2014-10-02T20:12:00","date_gmt":"2014-10-02T20:12:00","guid":{"rendered":"https:\/\/matis.is\/?p=41202"},"modified":"2021-07-28T20:13:48","modified_gmt":"2021-07-28T20:13:48","slug":"mikid-fagnadarefni-i-huga-rektors-haskola-islands","status":"publish","type":"post","link":"https:\/\/matis.is\/en\/frettir\/mikid-fagnadarefni-i-huga-rektors-haskola-islands\/","title":{"rendered":"Great celebration in the mind of the Rector of the University of Iceland"},"content":{"rendered":"<h4 class=\"wp-block-heading\">In an interview published in Morgunbla\u00f0i\u00f0 today, Krist\u00edn Ing\u00f3lfsd\u00f3ttir welcomes the fact that the University of Iceland should be on the list of the 400 best universities in the world. There is UI in 251.-275. seats along with more universities. It is good to say that in the interview, the rector mentions several partners that she believes have a lot to do with this success. Mat\u00eds is one of them.<\/h4>\n\n\n\n<p>The interview in Morgunbla\u00f0i\u00f0, taken by Hj\u00f6rtur J. Gu\u00f0mundsson, can be found&nbsp;<a href=\"http:\/\/www.mbl.is\/frettir\/innlent\/2014\/10\/01\/thetta_er_mjog_mikid_fagnadarefni_2\/\" target=\"_blank\" rel=\"noreferrer noopener\">here<\/a>.<\/p>\n\n\n\n<h3 class=\"wp-block-heading\">About the collaboration between UI and Mat\u00eds<\/h3>\n\n\n\n<p>The University of Iceland and Mat\u00eds have had a successful collaboration for a long time on teaching, but Mat\u00eds employees have traditionally taught at the University of Iceland and will continue to do so. Both parties have built up extensive knowledge in food science, biotechnology, genetics and other disciplines. For example, employees who work at both Mat\u00eds and the University of Iceland have published almost 90 scientific articles in peer-reviewed journals in the past. three years and during the same period, 10 students have defended their doctoral dissertations and 15 master&#039;s students graduate where the projects have been carried out in collaboration between Mat\u00eds and the University of Iceland. Today, eight doctoral students and 19 master&#039;s students at the University of Iceland are working on their research projects with Mat\u00eds. In addition, Mat\u00eds and UI have applied for and are together in several international projects.<\/p>\n\n\n\n<p>For further information&nbsp;<a href=\"https:\/\/gamla.matis.is\/matis\/mannaudur\/starfsfolk-og-simanumer\/persona\/20\/fyrirtaeki\/1\">Gu\u00f0j\u00f3n \u00deorkelsson<\/a>, Head of Education and Food Production.<\/p>","protected":false},"excerpt":{"rendered":"<p>\u00cd vi\u00f0tali sem birtist \u00ed Morgunbla\u00f0inu \u00ed dag fagnar Krist\u00edn Ing\u00f3lfsd\u00f3ttir \u00fev\u00ed a\u00f0 H\u00e1sk\u00f3li \u00cdslands skuli vera \u00e1 lista yfir [&hellip;]<\/p>\n","protected":false},"author":1,"featured_media":40487,"comment_status":"closed","ping_status":"closed","sticky":false,"template":"templates\/template-cover.php","format":"standard","meta":{"_acf_changed":false,"_uag_custom_page_level_css":"","site-sidebar-layout":"default","site-content-layout":"","ast-site-content-layout":"default","site-content-style":"default","site-sidebar-style":"default","ast-global-header-display":"","ast-banner-title-visibility":"","ast-main-header-display":"","ast-hfb-above-header-display":"","ast-hfb-below-header-display":"","ast-hfb-mobile-header-display":"","site-post-title":"","ast-breadcrumbs-content":"","ast-featured-img":"","footer-sml-layout":"","ast-disable-related-posts":"","theme-transparent-header-meta":"","adv-header-id-meta":"","stick-header-meta":"","header-above-stick-meta":"","header-main-stick-meta":"","header-below-stick-meta":"","astra-migrate-meta-layouts":"default","ast-page-background-enabled":"default","ast-page-background-meta":{"desktop":{"background-color":"var(--ast-global-color-5)","background-image":"","background-repeat":"repeat","background-position":"center center","background-size":"auto","background-attachment":"scroll","background-type":"","background-media":"","overlay-type":"","overlay-color":"","overlay-opacity":"","overlay-gradient":""},"tablet":{"background-color":"","background-image":"","background-repeat":"repeat","background-position":"center center","background-size":"auto","background-attachment":"scroll","background-type":"","background-media":"","overlay-type":"","overlay-color":"","overlay-opacity":"","overlay-gradient":""},"mobile":{"background-color":"","background-image":"","background-repeat":"repeat","background-position":"center center","background-size":"auto","background-attachment":"scroll","background-type":"","background-media":"","overlay-type":"","overlay-color":"","overlay-opacity":"","overlay-gradient":""}},"ast-content-background-meta":{"desktop":{"background-color":"var(--ast-global-color-4)","background-image":"","background-repeat":"repeat","background-position":"center center","background-size":"auto","background-attachment":"scroll","background-type":"","background-media":"","overlay-type":"","overlay-color":"","overlay-opacity":"","overlay-gradient":""},"tablet":{"background-color":"var(--ast-global-color-4)","background-image":"","background-repeat":"repeat","background-position":"center center","background-size":"auto","background-attachment":"scroll","background-type":"","background-media":"","overlay-type":"","overlay-color":"","overlay-opacity":"","overlay-gradient":""},"mobile":{"background-color":"var(--ast-global-color-4)","background-image":"","background-repeat":"repeat","background-position":"center center","background-size":"auto","background-attachment":"scroll","background-type":"","background-media":"","overlay-type":"","overlay-color":"","overlay-opacity":"","overlay-gradient":""}},"footnotes":""},"categories":[1973],"tags":[],"class_list":["post-41202","post","type-post","status-publish","format-standard","has-post-thumbnail","hentry","category-frettir"],"acf":[],"yoast_head":"<!-- This site is optimized with the Yoast SEO plugin v27.4 - https:\/\/yoast.com\/product\/yoast-seo-wordpress\/ -->\n<title>Miki\u00f0 fagna\u00f0arefni \u00ed huga rektors H\u00e1sk\u00f3la \u00cdslands - Mat\u00eds<\/title>\n<meta name=\"robots\" content=\"index, follow, max-snippet:-1, max-image-preview:large, max-video-preview:-1\" \/>\n<link rel=\"canonical\" href=\"https:\/\/matis.is\/en\/frettir\/mikid-fagnadarefni-i-huga-rektors-haskola-islands\/\" \/>\n<meta property=\"og:locale\" content=\"en_GB\" \/>\n<meta property=\"og:type\" content=\"article\" \/>\n<meta property=\"og:title\" content=\"Miki\u00f0 fagna\u00f0arefni \u00ed huga rektors H\u00e1sk\u00f3la \u00cdslands - Mat\u00eds\" \/>\n<meta property=\"og:description\" content=\"\u00cd vi\u00f0tali sem birtist \u00ed Morgunbla\u00f0inu \u00ed dag fagnar Krist\u00edn Ing\u00f3lfsd\u00f3ttir \u00fev\u00ed a\u00f0 H\u00e1sk\u00f3li \u00cdslands skuli vera \u00e1 lista yfir [&hellip;]\" \/>\n<meta property=\"og:url\" content=\"https:\/\/matis.is\/en\/frettir\/mikid-fagnadarefni-i-huga-rektors-haskola-islands\/\" \/>\n<meta property=\"og:site_name\" content=\"Mat\u00eds\" \/>\n<meta property=\"article:publisher\" content=\"https:\/\/www.facebook.com\/matisiceland\" \/>\n<meta property=\"article:published_time\" content=\"2014-10-02T20:12:00+00:00\" \/>\n<meta property=\"article:modified_time\" content=\"2021-07-28T20:13:48+00:00\" \/>\n<meta property=\"og:image\" content=\"https:\/\/matis.is\/wp-content\/uploads\/hi_logo_positiv_is_vert.jpg\" \/>\n\t<meta property=\"og:image:width\" content=\"1200\" \/>\n\t<meta property=\"og:image:height\" content=\"829\" \/>\n\t<meta property=\"og:image:type\" content=\"image\/jpeg\" \/>\n<meta name=\"author\" content=\"admin\" \/>\n<meta name=\"twitter:card\" content=\"summary_large_image\" \/>\n<meta name=\"twitter:creator\" content=\"@matisiceland\" \/>\n<meta name=\"twitter:site\" content=\"@matisiceland\" \/>\n<meta name=\"twitter:label1\" content=\"Written by\" \/>\n\t<meta name=\"twitter:data1\" content=\"admin\" \/>\n\t<meta name=\"twitter:label2\" content=\"Estimated reading time\" \/>\n\t<meta name=\"twitter:data2\" content=\"1 minute\" \/>\n<script type=\"application\/ld+json\" class=\"yoast-schema-graph\">{\"@context\":\"https:\\\/\\\/schema.org\",\"@graph\":[{\"@type\":\"Article\",\"@id\":\"https:\\\/\\\/matis.is\\\/frettir\\\/mikid-fagnadarefni-i-huga-rektors-haskola-islands\\\/#article\",\"isPartOf\":{\"@id\":\"https:\\\/\\\/matis.is\\\/frettir\\\/mikid-fagnadarefni-i-huga-rektors-haskola-islands\\\/\"},\"author\":{\"name\":\"admin\",\"@id\":\"https:\\\/\\\/matis.is\\\/#\\\/schema\\\/person\\\/33b92c850c915c93e67f291e3381a49a\"},\"headline\":\"Miki\u00f0 fagna\u00f0arefni \u00ed huga rektors H\u00e1sk\u00f3la \u00cdslands\",\"datePublished\":\"2014-10-02T20:12:00+00:00\",\"dateModified\":\"2021-07-28T20:13:48+00:00\",\"mainEntityOfPage\":{\"@id\":\"https:\\\/\\\/matis.is\\\/frettir\\\/mikid-fagnadarefni-i-huga-rektors-haskola-islands\\\/\"},\"wordCount\":266,\"publisher\":{\"@id\":\"https:\\\/\\\/matis.is\\\/#organization\"},\"image\":{\"@id\":\"https:\\\/\\\/matis.is\\\/frettir\\\/mikid-fagnadarefni-i-huga-rektors-haskola-islands\\\/#primaryimage\"},\"thumbnailUrl\":\"https:\\\/\\\/matis.is\\\/wp-content\\\/uploads\\\/hi_logo_positiv_is_vert.jpg\",\"articleSection\":[\"Fr\u00e9ttir\"],\"inLanguage\":\"en-GB\"},{\"@type\":\"WebPage\",\"@id\":\"https:\\\/\\\/matis.is\\\/frettir\\\/mikid-fagnadarefni-i-huga-rektors-haskola-islands\\\/\",\"url\":\"https:\\\/\\\/matis.is\\\/frettir\\\/mikid-fagnadarefni-i-huga-rektors-haskola-islands\\\/\",\"name\":\"Miki\u00f0 fagna\u00f0arefni \u00ed huga rektors H\u00e1sk\u00f3la \u00cdslands - Mat\u00eds\",\"isPartOf\":{\"@id\":\"https:\\\/\\\/matis.is\\\/#website\"},\"primaryImageOfPage\":{\"@id\":\"https:\\\/\\\/matis.is\\\/frettir\\\/mikid-fagnadarefni-i-huga-rektors-haskola-islands\\\/#primaryimage\"},\"image\":{\"@id\":\"https:\\\/\\\/matis.is\\\/frettir\\\/mikid-fagnadarefni-i-huga-rektors-haskola-islands\\\/#primaryimage\"},\"thumbnailUrl\":\"https:\\\/\\\/matis.is\\\/wp-content\\\/uploads\\\/hi_logo_positiv_is_vert.jpg\",\"datePublished\":\"2014-10-02T20:12:00+00:00\",\"dateModified\":\"2021-07-28T20:13:48+00:00\",\"breadcrumb\":{\"@id\":\"https:\\\/\\\/matis.is\\\/frettir\\\/mikid-fagnadarefni-i-huga-rektors-haskola-islands\\\/#breadcrumb\"},\"inLanguage\":\"en-GB\",\"potentialAction\":[{\"@type\":\"ReadAction\",\"target\":[\"https:\\\/\\\/matis.is\\\/frettir\\\/mikid-fagnadarefni-i-huga-rektors-haskola-islands\\\/\"]}]},{\"@type\":\"ImageObject\",\"inLanguage\":\"en-GB\",\"@id\":\"https:\\\/\\\/matis.is\\\/frettir\\\/mikid-fagnadarefni-i-huga-rektors-haskola-islands\\\/#primaryimage\",\"url\":\"https:\\\/\\\/matis.is\\\/wp-content\\\/uploads\\\/hi_logo_positiv_is_vert.jpg\",\"contentUrl\":\"https:\\\/\\\/matis.is\\\/wp-content\\\/uploads\\\/hi_logo_positiv_is_vert.jpg\",\"width\":1200,\"height\":829},{\"@type\":\"BreadcrumbList\",\"@id\":\"https:\\\/\\\/matis.is\\\/frettir\\\/mikid-fagnadarefni-i-huga-rektors-haskola-islands\\\/#breadcrumb\",\"itemListElement\":[{\"@type\":\"ListItem\",\"position\":1,\"name\":\"Home\",\"item\":\"https:\\\/\\\/matis.is\\\/\"},{\"@type\":\"ListItem\",\"position\":2,\"name\":\"Miki\u00f0 fagna\u00f0arefni \u00ed huga rektors H\u00e1sk\u00f3la \u00cdslands\"}]},{\"@type\":\"WebSite\",\"@id\":\"https:\\\/\\\/matis.is\\\/#website\",\"url\":\"https:\\\/\\\/matis.is\\\/\",\"name\":\"Mat\u00eds\",\"description\":\"Ver\u00f0m\u00e6task\u00f6pun, matv\u00e6la\u00f6ryggi og l\u00fd\u00f0heilsa\",\"publisher\":{\"@id\":\"https:\\\/\\\/matis.is\\\/#organization\"},\"potentialAction\":[{\"@type\":\"SearchAction\",\"target\":{\"@type\":\"EntryPoint\",\"urlTemplate\":\"https:\\\/\\\/matis.is\\\/?s={search_term_string}\"},\"query-input\":{\"@type\":\"PropertyValueSpecification\",\"valueRequired\":true,\"valueName\":\"search_term_string\"}}],\"inLanguage\":\"en-GB\"},{\"@type\":\"Organization\",\"@id\":\"https:\\\/\\\/matis.is\\\/#organization\",\"name\":\"Mat\u00eds ohf.\",\"url\":\"https:\\\/\\\/matis.is\\\/\",\"logo\":{\"@type\":\"ImageObject\",\"inLanguage\":\"en-GB\",\"@id\":\"https:\\\/\\\/matis.is\\\/#\\\/schema\\\/logo\\\/image\\\/\",\"url\":\"https:\\\/\\\/matis.is\\\/wp-content\\\/uploads\\\/2021\\\/02\\\/matis_logo_blatthvitt.png\",\"contentUrl\":\"https:\\\/\\\/matis.is\\\/wp-content\\\/uploads\\\/2021\\\/02\\\/matis_logo_blatthvitt.png\",\"width\":1507,\"height\":1507,\"caption\":\"Mat\u00eds ohf.\"},\"image\":{\"@id\":\"https:\\\/\\\/matis.is\\\/#\\\/schema\\\/logo\\\/image\\\/\"},\"sameAs\":[\"https:\\\/\\\/www.facebook.com\\\/matisiceland\",\"https:\\\/\\\/x.com\\\/matisiceland\",\"https:\\\/\\\/www.instagram.com\\\/matisiceland\\\/\",\"https:\\\/\\\/www.linkedin.com\\\/matisiceland\\\/\",\"https:\\\/\\\/www.youtube.com\\\/channel\\\/UCY-frt3uTqgVZW-DLjoo5bA\"]},{\"@type\":\"Person\",\"@id\":\"https:\\\/\\\/matis.is\\\/#\\\/schema\\\/person\\\/33b92c850c915c93e67f291e3381a49a\",\"name\":\"admin\",\"sameAs\":[\"https:\\\/\\\/matis.mareframe.eu\"],\"url\":\"https:\\\/\\\/matis.is\\\/en\\\/author\\\/thormodurmatis-is\\\/\"}]}<\/script>\n<!-- \/ Yoast SEO plugin. -->","yoast_head_json":{"title":"Great celebration in the mind of the Rector of the University of Iceland - Mat\u00eds","robots":{"index":"index","follow":"follow","max-snippet":"max-snippet:-1","max-image-preview":"max-image-preview:large","max-video-preview":"max-video-preview:-1"},"canonical":"https:\/\/matis.is\/en\/frettir\/mikid-fagnadarefni-i-huga-rektors-haskola-islands\/","og_locale":"en_GB","og_type":"article","og_title":"Miki\u00f0 fagna\u00f0arefni \u00ed huga rektors H\u00e1sk\u00f3la \u00cdslands - Mat\u00eds","og_description":"\u00cd vi\u00f0tali sem birtist \u00ed Morgunbla\u00f0inu \u00ed dag fagnar Krist\u00edn Ing\u00f3lfsd\u00f3ttir \u00fev\u00ed a\u00f0 H\u00e1sk\u00f3li \u00cdslands skuli vera \u00e1 lista yfir [&hellip;]","og_url":"https:\/\/matis.is\/en\/frettir\/mikid-fagnadarefni-i-huga-rektors-haskola-islands\/","og_site_name":"Mat\u00eds","article_publisher":"https:\/\/www.facebook.com\/matisiceland","article_published_time":"2014-10-02T20:12:00+00:00","article_modified_time":"2021-07-28T20:13:48+00:00","og_image":[{"width":1200,"height":829,"url":"https:\/\/matis.is\/wp-content\/uploads\/hi_logo_positiv_is_vert.jpg","type":"image\/jpeg"}],"author":"admin","twitter_card":"summary_large_image","twitter_creator":"@matisiceland","twitter_site":"@matisiceland","twitter_misc":{"Written by":"admin","Estimated reading time":"1 minute"},"schema":{"@context":"https:\/\/schema.org","@graph":[{"@type":"Article","@id":"https:\/\/matis.is\/frettir\/mikid-fagnadarefni-i-huga-rektors-haskola-islands\/#article","isPartOf":{"@id":"https:\/\/matis.is\/frettir\/mikid-fagnadarefni-i-huga-rektors-haskola-islands\/"},"author":{"name":"admin","@id":"https:\/\/matis.is\/#\/schema\/person\/33b92c850c915c93e67f291e3381a49a"},"headline":"Miki\u00f0 fagna\u00f0arefni \u00ed huga rektors H\u00e1sk\u00f3la \u00cdslands","datePublished":"2014-10-02T20:12:00+00:00","dateModified":"2021-07-28T20:13:48+00:00","mainEntityOfPage":{"@id":"https:\/\/matis.is\/frettir\/mikid-fagnadarefni-i-huga-rektors-haskola-islands\/"},"wordCount":266,"publisher":{"@id":"https:\/\/matis.is\/#organization"},"image":{"@id":"https:\/\/matis.is\/frettir\/mikid-fagnadarefni-i-huga-rektors-haskola-islands\/#primaryimage"},"thumbnailUrl":"https:\/\/matis.is\/wp-content\/uploads\/hi_logo_positiv_is_vert.jpg","articleSection":["Fr\u00e9ttir"],"inLanguage":"en-GB"},{"@type":"WebPage","@id":"https:\/\/matis.is\/frettir\/mikid-fagnadarefni-i-huga-rektors-haskola-islands\/","url":"https:\/\/matis.is\/frettir\/mikid-fagnadarefni-i-huga-rektors-haskola-islands\/","name":"Great celebration in the mind of the Rector of the University of Iceland - Mat\u00eds","isPartOf":{"@id":"https:\/\/matis.is\/#website"},"primaryImageOfPage":{"@id":"https:\/\/matis.is\/frettir\/mikid-fagnadarefni-i-huga-rektors-haskola-islands\/#primaryimage"},"image":{"@id":"https:\/\/matis.is\/frettir\/mikid-fagnadarefni-i-huga-rektors-haskola-islands\/#primaryimage"},"thumbnailUrl":"https:\/\/matis.is\/wp-content\/uploads\/hi_logo_positiv_is_vert.jpg","datePublished":"2014-10-02T20:12:00+00:00","dateModified":"2021-07-28T20:13:48+00:00","breadcrumb":{"@id":"https:\/\/matis.is\/frettir\/mikid-fagnadarefni-i-huga-rektors-haskola-islands\/#breadcrumb"},"inLanguage":"en-GB","potentialAction":[{"@type":"ReadAction","target":["https:\/\/matis.is\/frettir\/mikid-fagnadarefni-i-huga-rektors-haskola-islands\/"]}]},{"@type":"ImageObject","inLanguage":"en-GB","@id":"https:\/\/matis.is\/frettir\/mikid-fagnadarefni-i-huga-rektors-haskola-islands\/#primaryimage","url":"https:\/\/matis.is\/wp-content\/uploads\/hi_logo_positiv_is_vert.jpg","contentUrl":"https:\/\/matis.is\/wp-content\/uploads\/hi_logo_positiv_is_vert.jpg","width":1200,"height":829},{"@type":"BreadcrumbList","@id":"https:\/\/matis.is\/frettir\/mikid-fagnadarefni-i-huga-rektors-haskola-islands\/#breadcrumb","itemListElement":[{"@type":"ListItem","position":1,"name":"Home","item":"https:\/\/matis.is\/"},{"@type":"ListItem","position":2,"name":"Miki\u00f0 fagna\u00f0arefni \u00ed huga rektors H\u00e1sk\u00f3la \u00cdslands"}]},{"@type":"WebSite","@id":"https:\/\/matis.is\/#website","url":"https:\/\/matis.is\/","name":"Mat\u00eds","description":"Value creation, food security and public health","publisher":{"@id":"https:\/\/matis.is\/#organization"},"potentialAction":[{"@type":"SearchAction","target":{"@type":"EntryPoint","urlTemplate":"https:\/\/matis.is\/?s={search_term_string}"},"query-input":{"@type":"PropertyValueSpecification","valueRequired":true,"valueName":"search_term_string"}}],"inLanguage":"en-GB"},{"@type":"Organization","@id":"https:\/\/matis.is\/#organization","name":"Mat\u00eds ohf.","url":"https:\/\/matis.is\/","logo":{"@type":"ImageObject","inLanguage":"en-GB","@id":"https:\/\/matis.is\/#\/schema\/logo\/image\/","url":"https:\/\/matis.is\/wp-content\/uploads\/2021\/02\/matis_logo_blatthvitt.png","contentUrl":"https:\/\/matis.is\/wp-content\/uploads\/2021\/02\/matis_logo_blatthvitt.png","width":1507,"height":1507,"caption":"Mat\u00eds ohf."},"image":{"@id":"https:\/\/matis.is\/#\/schema\/logo\/image\/"},"sameAs":["https:\/\/www.facebook.com\/matisiceland","https:\/\/x.com\/matisiceland","https:\/\/www.instagram.com\/matisiceland\/","https:\/\/www.linkedin.com\/matisiceland\/","https:\/\/www.youtube.com\/channel\/UCY-frt3uTqgVZW-DLjoo5bA"]},{"@type":"Person","@id":"https:\/\/matis.is\/#\/schema\/person\/33b92c850c915c93e67f291e3381a49a","name":"admin","sameAs":["https:\/\/matis.mareframe.eu"],"url":"https:\/\/matis.is\/en\/author\/thormodurmatis-is\/"}]}},"spectra_custom_meta":{"_edit_lock":["1627503229:5"],"_wp_old_date":["2021-07-28"],"_thumbnail_id":["40487"],"_wp_page_template":["templates\/template-cover.php"],"_edit_last":["5"],"tengilidur":[""],"_tengilidur":["field_5ef905e0538b2"],"_yoast_wpseo_primary_category":["1973"],"_yoast_wpseo_content_score":["60"],"_yoast_wpseo_estimated-reading-time-minutes":["1"],"wpmm_postgrid_views":["344"],"_uag_css_file_name":["uag-css-41202.css"],"_uag_page_assets":["a:9:{s:3:\"css\";s:263:\".uag-blocks-common-selector{z-index:var(--z-index-desktop) !important}@media (max-width: 976px){.uag-blocks-common-selector{z-index:var(--z-index-tablet) !important}}@media (max-width: 767px){.uag-blocks-common-selector{z-index:var(--z-index-mobile) !important}}\n\";s:2:\"js\";s:0:\"\";s:18:\"current_block_list\";a:6:{i:0;s:12:\"core\/heading\";i:1;s:14:\"core\/paragraph\";i:2;s:12:\"core\/buttons\";i:3;s:11:\"core\/button\";i:4;s:12:\"core\/columns\";i:5;s:11:\"core\/column\";}s:8:\"uag_flag\";b:0;s:11:\"uag_version\";s:10:\"1777300790\";s:6:\"gfonts\";a:0:{}s:10:\"gfonts_url\";s:0:\"\";s:12:\"gfonts_files\";a:0:{}s:14:\"uag_faq_layout\";b:0;}"]},"uagb_featured_image_src":{"full":["https:\/\/matis.is\/wp-content\/uploads\/hi_logo_positiv_is_vert.jpg",1200,829,false],"thumbnail":["https:\/\/matis.is\/wp-content\/uploads\/hi_logo_positiv_is_vert-150x150.jpg",150,150,true],"medium":["https:\/\/matis.is\/wp-content\/uploads\/hi_logo_positiv_is_vert-300x207.jpg",300,207,true],"medium_large":["https:\/\/matis.is\/wp-content\/uploads\/hi_logo_positiv_is_vert-768x531.jpg",768,531,true],"large":["https:\/\/matis.is\/wp-content\/uploads\/hi_logo_positiv_is_vert-1024x707.jpg",1024,707,true],"1536x1536":["https:\/\/matis.is\/wp-content\/uploads\/hi_logo_positiv_is_vert.jpg",1200,829,false],"2048x2048":["https:\/\/matis.is\/wp-content\/uploads\/hi_logo_positiv_is_vert.jpg",1200,829,false],"trp-custom-language-flag":["https:\/\/matis.is\/wp-content\/uploads\/hi_logo_positiv_is_vert.jpg",18,12,false]},"uagb_author_info":{"display_name":"admin","author_link":"https:\/\/matis.is\/en\/author\/thormodurmatis-is\/"},"uagb_comment_info":0,"uagb_excerpt":"\u00cd vi\u00f0tali sem birtist \u00ed Morgunbla\u00f0inu \u00ed dag fagnar Krist\u00edn Ing\u00f3lfsd\u00f3ttir \u00fev\u00ed a\u00f0 H\u00e1sk\u00f3li \u00cdslands skuli vera \u00e1 lista yfir [&hellip;]","_links":{"self":[{"href":"https:\/\/matis.is\/en\/wp-json\/wp\/v2\/posts\/41202","targetHints":{"allow":["GET"]}}],"collection":[{"href":"https:\/\/matis.is\/en\/wp-json\/wp\/v2\/posts"}],"about":[{"href":"https:\/\/matis.is\/en\/wp-json\/wp\/v2\/types\/post"}],"author":[{"embeddable":true,"href":"https:\/\/matis.is\/en\/wp-json\/wp\/v2\/users\/1"}],"replies":[{"embeddable":true,"href":"https:\/\/matis.is\/en\/wp-json\/wp\/v2\/comments?post=41202"}],"version-history":[{"count":1,"href":"https:\/\/matis.is\/en\/wp-json\/wp\/v2\/posts\/41202\/revisions"}],"predecessor-version":[{"id":41203,"href":"https:\/\/matis.is\/en\/wp-json\/wp\/v2\/posts\/41202\/revisions\/41203"}],"wp:featuredmedia":[{"embeddable":true,"href":"https:\/\/matis.is\/en\/wp-json\/wp\/v2\/media\/40487"}],"wp:attachment":[{"href":"https:\/\/matis.is\/en\/wp-json\/wp\/v2\/media?parent=41202"}],"wp:term":[{"taxonomy":"category","embeddable":true,"href":"https:\/\/matis.is\/en\/wp-json\/wp\/v2\/categories?post=41202"},{"taxonomy":"post_tag","embeddable":true,"href":"https:\/\/matis.is\/en\/wp-json\/wp\/v2\/tags?post=41202"}],"curies":[{"name":"wp","href":"https:\/\/api.w.org\/{rel}","templated":true}]}}