{"id":41275,"date":"2014-07-25T15:37:00","date_gmt":"2014-07-25T15:37:00","guid":{"rendered":"https:\/\/matis.is\/?p=41275"},"modified":"2021-07-29T15:39:10","modified_gmt":"2021-07-29T15:39:10","slug":"bittu-i-borgfirskan-bita-a-braedslunni","status":"publish","type":"post","link":"https:\/\/matis.is\/en\/frettir\/bittu-i-borgfirskan-bita-a-braedslunni\/","title":{"rendered":"Bite a piece of borgfirskan at Br\u00e6\u00f0slan"},"content":{"rendered":"<h4 class=\"wp-block-heading\">This weekend, the music festival Br\u00e6\u00f0slan takes place in Borgarfj\u00f6r\u00f0ur eystri, where food and culture will be mixed in a fun way in connection with the project &quot;Food and culture in Borgarfj\u00f6r\u00f0ur eystri&quot;.&nbsp;<\/h4>\n\n\n\n<p>The aim of the project was to increase the supply of food at the festival and at the same time strengthen the progress of food from Borgfj\u00f6r\u00f0ur, and small producers in the area received support for food creation from Mat\u00eds in connection with the project.<\/p>\n\n\n\n<p>At the festival, guests will have many opportunities to try new and old recipes of Borgfj\u00f6r\u00f0ur food. Guests at the campsite will be welcomed with home-made lamb on Friday and while Pollap\u00f6nk plays, kids will be invited to come and grill a variety of &quot;polla bread&quot;. The national campaign &quot;Fish Day&quot; (<a href=\"https:\/\/postur.matis.is\/owa\/redir.aspx?C=529b3d369e5f4d70b7b63a14f22a6463&amp;URL=http%3a%2f%2fwww.fiskidag.is\" target=\"_blank\" rel=\"noreferrer noopener\">www.fiskidag.is<\/a>) together with Fiskverkun Kalli Sveins will be in charge of fish tasting at the outdoor market in Fjar\u00f0arborg on Saturday. As usual, it will be possible to enjoy all kinds of good dishes at \u00c1lfakaffi, \u00c1lfheimar and &quot;J\u00e1 s\u00e6ll&quot; in Fjar\u00f0arborg.<\/p>\n\n\n\n<p>On Saturday, there will also be an open market where locals will present various food crafts and offer for sale.<\/p>\n\n\n\n<p>The project is a collaboration between Mat\u00eds, Br\u00e6\u00f0slan, Framfaraf\u00e9lag Borgarfj\u00f6r\u00f0ur, Fiskverkun Kalli Sveins ehf. and restaurants in Borgarfj\u00f6r\u00f0ur eystri. Guests of the Smelter are especially encouraged to get acquainted with this innovation and enjoy the food that will be introduced at the festival.&nbsp;&nbsp;<\/p>\n\n\n\n<p><a href=\"http:\/\/media.wix.com\/ugd\/71058e_9e6ee97df78b4a72957b0535cf4b09a0.pdf\" target=\"_blank\" rel=\"noreferrer noopener\">The smelter&#039;s program<\/a>&nbsp;<\/p>","protected":false},"excerpt":{"rendered":"<p>Um helgina fer t\u00f3nlistarh\u00e1t\u00ed\u00f0in Br\u00e6\u00f0slan fram \u00e1 Borgarfir\u00f0i eystri, \u00fear sem mat og menningu ver\u00f0ur blanda\u00f0 saman \u00e1 skemmtilegan m\u00e1ta [&hellip;]<\/p>\n","protected":false},"author":1,"featured_media":41276,"comment_status":"closed","ping_status":"closed","sticky":false,"template":"templates\/template-cover.php","format":"standard","meta":{"_acf_changed":false,"_uag_custom_page_level_css":"","site-sidebar-layout":"default","site-content-layout":"","ast-site-content-layout":"default","site-content-style":"default","site-sidebar-style":"default","ast-global-header-display":"","ast-banner-title-visibility":"","ast-main-header-display":"","ast-hfb-above-header-display":"","ast-hfb-below-header-display":"","ast-hfb-mobile-header-display":"","site-post-title":"","ast-breadcrumbs-content":"","ast-featured-img":"","footer-sml-layout":"","ast-disable-related-posts":"","theme-transparent-header-meta":"","adv-header-id-meta":"","stick-header-meta":"","header-above-stick-meta":"","header-main-stick-meta":"","header-below-stick-meta":"","astra-migrate-meta-layouts":"default","ast-page-background-enabled":"default","ast-page-background-meta":{"desktop":{"background-color":"var(--ast-global-color-5)","background-image":"","background-repeat":"repeat","background-position":"center center","background-size":"auto","background-attachment":"scroll","background-type":"","background-media":"","overlay-type":"","overlay-color":"","overlay-opacity":"","overlay-gradient":""},"tablet":{"background-color":"","background-image":"","background-repeat":"repeat","background-position":"center center","background-size":"auto","background-attachment":"scroll","background-type":"","background-media":"","overlay-type":"","overlay-color":"","overlay-opacity":"","overlay-gradient":""},"mobile":{"background-color":"","background-image":"","background-repeat":"repeat","background-position":"center center","background-size":"auto","background-attachment":"scroll","background-type":"","background-media":"","overlay-type":"","overlay-color":"","overlay-opacity":"","overlay-gradient":""}},"ast-content-background-meta":{"desktop":{"background-color":"var(--ast-global-color-4)","background-image":"","background-repeat":"repeat","background-position":"center center","background-size":"auto","background-attachment":"scroll","background-type":"","background-media":"","overlay-type":"","overlay-color":"","overlay-opacity":"","overlay-gradient":""},"tablet":{"background-color":"var(--ast-global-color-4)","background-image":"","background-repeat":"repeat","background-position":"center center","background-size":"auto","background-attachment":"scroll","background-type":"","background-media":"","overlay-type":"","overlay-color":"","overlay-opacity":"","overlay-gradient":""},"mobile":{"background-color":"var(--ast-global-color-4)","background-image":"","background-repeat":"repeat","background-position":"center center","background-size":"auto","background-attachment":"scroll","background-type":"","background-media":"","overlay-type":"","overlay-color":"","overlay-opacity":"","overlay-gradient":""}},"footnotes":""},"categories":[1973],"tags":[],"class_list":["post-41275","post","type-post","status-publish","format-standard","has-post-thumbnail","hentry","category-frettir"],"acf":[],"yoast_head":"<!-- This site is optimized with the Yoast SEO plugin v27.4 - https:\/\/yoast.com\/product\/yoast-seo-wordpress\/ -->\n<title>B\u00edttu \u00ed borgfirskan bita \u00e1 Br\u00e6\u00f0slunni - Mat\u00eds<\/title>\n<meta name=\"robots\" content=\"index, follow, max-snippet:-1, max-image-preview:large, max-video-preview:-1\" \/>\n<link rel=\"canonical\" href=\"https:\/\/matis.is\/en\/frettir\/bittu-i-borgfirskan-bita-a-braedslunni\/\" \/>\n<meta property=\"og:locale\" content=\"en_GB\" \/>\n<meta property=\"og:type\" content=\"article\" \/>\n<meta property=\"og:title\" content=\"B\u00edttu \u00ed borgfirskan bita \u00e1 Br\u00e6\u00f0slunni - Mat\u00eds\" \/>\n<meta property=\"og:description\" content=\"Um helgina fer t\u00f3nlistarh\u00e1t\u00ed\u00f0in Br\u00e6\u00f0slan fram \u00e1 Borgarfir\u00f0i eystri, \u00fear sem mat og menningu ver\u00f0ur blanda\u00f0 saman \u00e1 skemmtilegan m\u00e1ta [&hellip;]\" \/>\n<meta property=\"og:url\" content=\"https:\/\/matis.is\/en\/frettir\/bittu-i-borgfirskan-bita-a-braedslunni\/\" \/>\n<meta property=\"og:site_name\" content=\"Mat\u00eds\" \/>\n<meta property=\"article:publisher\" content=\"https:\/\/www.facebook.com\/matisiceland\" \/>\n<meta property=\"article:published_time\" content=\"2014-07-25T15:37:00+00:00\" \/>\n<meta property=\"article:modified_time\" content=\"2021-07-29T15:39:10+00:00\" \/>\n<meta property=\"og:image\" content=\"https:\/\/matis.is\/wp-content\/uploads\/Screen-Shot-2014-07-25-at-10.46.29.png\" \/>\n\t<meta property=\"og:image:width\" content=\"642\" \/>\n\t<meta property=\"og:image:height\" content=\"233\" \/>\n\t<meta property=\"og:image:type\" content=\"image\/png\" \/>\n<meta name=\"author\" content=\"admin\" \/>\n<meta name=\"twitter:card\" content=\"summary_large_image\" \/>\n<meta name=\"twitter:creator\" content=\"@matisiceland\" \/>\n<meta name=\"twitter:site\" content=\"@matisiceland\" \/>\n<meta name=\"twitter:label1\" content=\"Written by\" \/>\n\t<meta name=\"twitter:data1\" content=\"admin\" \/>\n\t<meta name=\"twitter:label2\" content=\"Estimated reading time\" \/>\n\t<meta name=\"twitter:data2\" content=\"1 minute\" \/>\n<script type=\"application\/ld+json\" class=\"yoast-schema-graph\">{\"@context\":\"https:\\\/\\\/schema.org\",\"@graph\":[{\"@type\":\"Article\",\"@id\":\"https:\\\/\\\/matis.is\\\/frettir\\\/bittu-i-borgfirskan-bita-a-braedslunni\\\/#article\",\"isPartOf\":{\"@id\":\"https:\\\/\\\/matis.is\\\/frettir\\\/bittu-i-borgfirskan-bita-a-braedslunni\\\/\"},\"author\":{\"name\":\"admin\",\"@id\":\"https:\\\/\\\/matis.is\\\/#\\\/schema\\\/person\\\/33b92c850c915c93e67f291e3381a49a\"},\"headline\":\"B\u00edttu \u00ed borgfirskan bita \u00e1 Br\u00e6\u00f0slunni\",\"datePublished\":\"2014-07-25T15:37:00+00:00\",\"dateModified\":\"2021-07-29T15:39:10+00:00\",\"mainEntityOfPage\":{\"@id\":\"https:\\\/\\\/matis.is\\\/frettir\\\/bittu-i-borgfirskan-bita-a-braedslunni\\\/\"},\"wordCount\":260,\"publisher\":{\"@id\":\"https:\\\/\\\/matis.is\\\/#organization\"},\"image\":{\"@id\":\"https:\\\/\\\/matis.is\\\/frettir\\\/bittu-i-borgfirskan-bita-a-braedslunni\\\/#primaryimage\"},\"thumbnailUrl\":\"https:\\\/\\\/matis.is\\\/wp-content\\\/uploads\\\/Screen-Shot-2014-07-25-at-10.46.29.png\",\"articleSection\":[\"Fr\u00e9ttir\"],\"inLanguage\":\"en-GB\"},{\"@type\":\"WebPage\",\"@id\":\"https:\\\/\\\/matis.is\\\/frettir\\\/bittu-i-borgfirskan-bita-a-braedslunni\\\/\",\"url\":\"https:\\\/\\\/matis.is\\\/frettir\\\/bittu-i-borgfirskan-bita-a-braedslunni\\\/\",\"name\":\"B\u00edttu \u00ed borgfirskan bita \u00e1 Br\u00e6\u00f0slunni - Mat\u00eds\",\"isPartOf\":{\"@id\":\"https:\\\/\\\/matis.is\\\/#website\"},\"primaryImageOfPage\":{\"@id\":\"https:\\\/\\\/matis.is\\\/frettir\\\/bittu-i-borgfirskan-bita-a-braedslunni\\\/#primaryimage\"},\"image\":{\"@id\":\"https:\\\/\\\/matis.is\\\/frettir\\\/bittu-i-borgfirskan-bita-a-braedslunni\\\/#primaryimage\"},\"thumbnailUrl\":\"https:\\\/\\\/matis.is\\\/wp-content\\\/uploads\\\/Screen-Shot-2014-07-25-at-10.46.29.png\",\"datePublished\":\"2014-07-25T15:37:00+00:00\",\"dateModified\":\"2021-07-29T15:39:10+00:00\",\"breadcrumb\":{\"@id\":\"https:\\\/\\\/matis.is\\\/frettir\\\/bittu-i-borgfirskan-bita-a-braedslunni\\\/#breadcrumb\"},\"inLanguage\":\"en-GB\",\"potentialAction\":[{\"@type\":\"ReadAction\",\"target\":[\"https:\\\/\\\/matis.is\\\/frettir\\\/bittu-i-borgfirskan-bita-a-braedslunni\\\/\"]}]},{\"@type\":\"ImageObject\",\"inLanguage\":\"en-GB\",\"@id\":\"https:\\\/\\\/matis.is\\\/frettir\\\/bittu-i-borgfirskan-bita-a-braedslunni\\\/#primaryimage\",\"url\":\"https:\\\/\\\/matis.is\\\/wp-content\\\/uploads\\\/Screen-Shot-2014-07-25-at-10.46.29.png\",\"contentUrl\":\"https:\\\/\\\/matis.is\\\/wp-content\\\/uploads\\\/Screen-Shot-2014-07-25-at-10.46.29.png\",\"width\":642,\"height\":233},{\"@type\":\"BreadcrumbList\",\"@id\":\"https:\\\/\\\/matis.is\\\/frettir\\\/bittu-i-borgfirskan-bita-a-braedslunni\\\/#breadcrumb\",\"itemListElement\":[{\"@type\":\"ListItem\",\"position\":1,\"name\":\"Home\",\"item\":\"https:\\\/\\\/matis.is\\\/\"},{\"@type\":\"ListItem\",\"position\":2,\"name\":\"B\u00edttu \u00ed borgfirskan bita \u00e1 Br\u00e6\u00f0slunni\"}]},{\"@type\":\"WebSite\",\"@id\":\"https:\\\/\\\/matis.is\\\/#website\",\"url\":\"https:\\\/\\\/matis.is\\\/\",\"name\":\"Mat\u00eds\",\"description\":\"Ver\u00f0m\u00e6task\u00f6pun, matv\u00e6la\u00f6ryggi og l\u00fd\u00f0heilsa\",\"publisher\":{\"@id\":\"https:\\\/\\\/matis.is\\\/#organization\"},\"potentialAction\":[{\"@type\":\"SearchAction\",\"target\":{\"@type\":\"EntryPoint\",\"urlTemplate\":\"https:\\\/\\\/matis.is\\\/?s={search_term_string}\"},\"query-input\":{\"@type\":\"PropertyValueSpecification\",\"valueRequired\":true,\"valueName\":\"search_term_string\"}}],\"inLanguage\":\"en-GB\"},{\"@type\":\"Organization\",\"@id\":\"https:\\\/\\\/matis.is\\\/#organization\",\"name\":\"Mat\u00eds ohf.\",\"url\":\"https:\\\/\\\/matis.is\\\/\",\"logo\":{\"@type\":\"ImageObject\",\"inLanguage\":\"en-GB\",\"@id\":\"https:\\\/\\\/matis.is\\\/#\\\/schema\\\/logo\\\/image\\\/\",\"url\":\"https:\\\/\\\/matis.is\\\/wp-content\\\/uploads\\\/2021\\\/02\\\/matis_logo_blatthvitt.png\",\"contentUrl\":\"https:\\\/\\\/matis.is\\\/wp-content\\\/uploads\\\/2021\\\/02\\\/matis_logo_blatthvitt.png\",\"width\":1507,\"height\":1507,\"caption\":\"Mat\u00eds ohf.\"},\"image\":{\"@id\":\"https:\\\/\\\/matis.is\\\/#\\\/schema\\\/logo\\\/image\\\/\"},\"sameAs\":[\"https:\\\/\\\/www.facebook.com\\\/matisiceland\",\"https:\\\/\\\/x.com\\\/matisiceland\",\"https:\\\/\\\/www.instagram.com\\\/matisiceland\\\/\",\"https:\\\/\\\/www.linkedin.com\\\/matisiceland\\\/\",\"https:\\\/\\\/www.youtube.com\\\/channel\\\/UCY-frt3uTqgVZW-DLjoo5bA\"]},{\"@type\":\"Person\",\"@id\":\"https:\\\/\\\/matis.is\\\/#\\\/schema\\\/person\\\/33b92c850c915c93e67f291e3381a49a\",\"name\":\"admin\",\"sameAs\":[\"https:\\\/\\\/matis.mareframe.eu\"],\"url\":\"https:\\\/\\\/matis.is\\\/en\\\/author\\\/thormodurmatis-is\\\/\"}]}<\/script>\n<!-- \/ Yoast SEO plugin. -->","yoast_head_json":{"title":"Bite a piece of Borgfirsk at Br\u00e6\u00f0slan - Mat\u00eds","robots":{"index":"index","follow":"follow","max-snippet":"max-snippet:-1","max-image-preview":"max-image-preview:large","max-video-preview":"max-video-preview:-1"},"canonical":"https:\/\/matis.is\/en\/frettir\/bittu-i-borgfirskan-bita-a-braedslunni\/","og_locale":"en_GB","og_type":"article","og_title":"B\u00edttu \u00ed borgfirskan bita \u00e1 Br\u00e6\u00f0slunni - Mat\u00eds","og_description":"Um helgina fer t\u00f3nlistarh\u00e1t\u00ed\u00f0in Br\u00e6\u00f0slan fram \u00e1 Borgarfir\u00f0i eystri, \u00fear sem mat og menningu ver\u00f0ur blanda\u00f0 saman \u00e1 skemmtilegan m\u00e1ta [&hellip;]","og_url":"https:\/\/matis.is\/en\/frettir\/bittu-i-borgfirskan-bita-a-braedslunni\/","og_site_name":"Mat\u00eds","article_publisher":"https:\/\/www.facebook.com\/matisiceland","article_published_time":"2014-07-25T15:37:00+00:00","article_modified_time":"2021-07-29T15:39:10+00:00","og_image":[{"width":642,"height":233,"url":"https:\/\/matis.is\/wp-content\/uploads\/Screen-Shot-2014-07-25-at-10.46.29.png","type":"image\/png"}],"author":"admin","twitter_card":"summary_large_image","twitter_creator":"@matisiceland","twitter_site":"@matisiceland","twitter_misc":{"Written by":"admin","Estimated reading time":"1 minute"},"schema":{"@context":"https:\/\/schema.org","@graph":[{"@type":"Article","@id":"https:\/\/matis.is\/frettir\/bittu-i-borgfirskan-bita-a-braedslunni\/#article","isPartOf":{"@id":"https:\/\/matis.is\/frettir\/bittu-i-borgfirskan-bita-a-braedslunni\/"},"author":{"name":"admin","@id":"https:\/\/matis.is\/#\/schema\/person\/33b92c850c915c93e67f291e3381a49a"},"headline":"B\u00edttu \u00ed borgfirskan bita \u00e1 Br\u00e6\u00f0slunni","datePublished":"2014-07-25T15:37:00+00:00","dateModified":"2021-07-29T15:39:10+00:00","mainEntityOfPage":{"@id":"https:\/\/matis.is\/frettir\/bittu-i-borgfirskan-bita-a-braedslunni\/"},"wordCount":260,"publisher":{"@id":"https:\/\/matis.is\/#organization"},"image":{"@id":"https:\/\/matis.is\/frettir\/bittu-i-borgfirskan-bita-a-braedslunni\/#primaryimage"},"thumbnailUrl":"https:\/\/matis.is\/wp-content\/uploads\/Screen-Shot-2014-07-25-at-10.46.29.png","articleSection":["Fr\u00e9ttir"],"inLanguage":"en-GB"},{"@type":"WebPage","@id":"https:\/\/matis.is\/frettir\/bittu-i-borgfirskan-bita-a-braedslunni\/","url":"https:\/\/matis.is\/frettir\/bittu-i-borgfirskan-bita-a-braedslunni\/","name":"Bite a piece of Borgfirsk at Br\u00e6\u00f0slan - Mat\u00eds","isPartOf":{"@id":"https:\/\/matis.is\/#website"},"primaryImageOfPage":{"@id":"https:\/\/matis.is\/frettir\/bittu-i-borgfirskan-bita-a-braedslunni\/#primaryimage"},"image":{"@id":"https:\/\/matis.is\/frettir\/bittu-i-borgfirskan-bita-a-braedslunni\/#primaryimage"},"thumbnailUrl":"https:\/\/matis.is\/wp-content\/uploads\/Screen-Shot-2014-07-25-at-10.46.29.png","datePublished":"2014-07-25T15:37:00+00:00","dateModified":"2021-07-29T15:39:10+00:00","breadcrumb":{"@id":"https:\/\/matis.is\/frettir\/bittu-i-borgfirskan-bita-a-braedslunni\/#breadcrumb"},"inLanguage":"en-GB","potentialAction":[{"@type":"ReadAction","target":["https:\/\/matis.is\/frettir\/bittu-i-borgfirskan-bita-a-braedslunni\/"]}]},{"@type":"ImageObject","inLanguage":"en-GB","@id":"https:\/\/matis.is\/frettir\/bittu-i-borgfirskan-bita-a-braedslunni\/#primaryimage","url":"https:\/\/matis.is\/wp-content\/uploads\/Screen-Shot-2014-07-25-at-10.46.29.png","contentUrl":"https:\/\/matis.is\/wp-content\/uploads\/Screen-Shot-2014-07-25-at-10.46.29.png","width":642,"height":233},{"@type":"BreadcrumbList","@id":"https:\/\/matis.is\/frettir\/bittu-i-borgfirskan-bita-a-braedslunni\/#breadcrumb","itemListElement":[{"@type":"ListItem","position":1,"name":"Home","item":"https:\/\/matis.is\/"},{"@type":"ListItem","position":2,"name":"B\u00edttu \u00ed borgfirskan bita \u00e1 Br\u00e6\u00f0slunni"}]},{"@type":"WebSite","@id":"https:\/\/matis.is\/#website","url":"https:\/\/matis.is\/","name":"Mat\u00eds","description":"Value creation, food security and public health","publisher":{"@id":"https:\/\/matis.is\/#organization"},"potentialAction":[{"@type":"SearchAction","target":{"@type":"EntryPoint","urlTemplate":"https:\/\/matis.is\/?s={search_term_string}"},"query-input":{"@type":"PropertyValueSpecification","valueRequired":true,"valueName":"search_term_string"}}],"inLanguage":"en-GB"},{"@type":"Organization","@id":"https:\/\/matis.is\/#organization","name":"Mat\u00eds ohf.","url":"https:\/\/matis.is\/","logo":{"@type":"ImageObject","inLanguage":"en-GB","@id":"https:\/\/matis.is\/#\/schema\/logo\/image\/","url":"https:\/\/matis.is\/wp-content\/uploads\/2021\/02\/matis_logo_blatthvitt.png","contentUrl":"https:\/\/matis.is\/wp-content\/uploads\/2021\/02\/matis_logo_blatthvitt.png","width":1507,"height":1507,"caption":"Mat\u00eds ohf."},"image":{"@id":"https:\/\/matis.is\/#\/schema\/logo\/image\/"},"sameAs":["https:\/\/www.facebook.com\/matisiceland","https:\/\/x.com\/matisiceland","https:\/\/www.instagram.com\/matisiceland\/","https:\/\/www.linkedin.com\/matisiceland\/","https:\/\/www.youtube.com\/channel\/UCY-frt3uTqgVZW-DLjoo5bA"]},{"@type":"Person","@id":"https:\/\/matis.is\/#\/schema\/person\/33b92c850c915c93e67f291e3381a49a","name":"admin","sameAs":["https:\/\/matis.mareframe.eu"],"url":"https:\/\/matis.is\/en\/author\/thormodurmatis-is\/"}]}},"spectra_custom_meta":{"_edit_lock":["1627573177:5"],"_wp_old_date":["2021-07-29"],"_thumbnail_id":["41276"],"_wp_page_template":["templates\/template-cover.php"],"_edit_last":["5"],"tengilidur":[""],"_tengilidur":["field_5ef905e0538b2"],"_yoast_wpseo_primary_category":["1973"],"_yoast_wpseo_content_score":["30"],"_yoast_wpseo_estimated-reading-time-minutes":["1"],"wpmm_postgrid_views":["159"],"_uag_css_file_name":["uag-css-41275.css"],"_uag_page_assets":["a:9:{s:3:\"css\";s:263:\".uag-blocks-common-selector{z-index:var(--z-index-desktop) !important}@media (max-width: 976px){.uag-blocks-common-selector{z-index:var(--z-index-tablet) !important}}@media (max-width: 767px){.uag-blocks-common-selector{z-index:var(--z-index-mobile) !important}}\n\";s:2:\"js\";s:0:\"\";s:18:\"current_block_list\";a:6:{i:0;s:12:\"core\/heading\";i:1;s:14:\"core\/paragraph\";i:2;s:12:\"core\/buttons\";i:3;s:11:\"core\/button\";i:4;s:12:\"core\/columns\";i:5;s:11:\"core\/column\";}s:8:\"uag_flag\";b:0;s:11:\"uag_version\";s:10:\"1777300790\";s:6:\"gfonts\";a:0:{}s:10:\"gfonts_url\";s:0:\"\";s:12:\"gfonts_files\";a:0:{}s:14:\"uag_faq_layout\";b:0;}"]},"uagb_featured_image_src":{"full":["https:\/\/matis.is\/wp-content\/uploads\/Screen-Shot-2014-07-25-at-10.46.29.png",642,233,false],"thumbnail":["https:\/\/matis.is\/wp-content\/uploads\/Screen-Shot-2014-07-25-at-10.46.29-150x150.png",150,150,true],"medium":["https:\/\/matis.is\/wp-content\/uploads\/Screen-Shot-2014-07-25-at-10.46.29-300x109.png",300,109,true],"medium_large":["https:\/\/matis.is\/wp-content\/uploads\/Screen-Shot-2014-07-25-at-10.46.29.png",642,233,false],"large":["https:\/\/matis.is\/wp-content\/uploads\/Screen-Shot-2014-07-25-at-10.46.29.png",642,233,false],"1536x1536":["https:\/\/matis.is\/wp-content\/uploads\/Screen-Shot-2014-07-25-at-10.46.29.png",642,233,false],"2048x2048":["https:\/\/matis.is\/wp-content\/uploads\/Screen-Shot-2014-07-25-at-10.46.29.png",642,233,false],"trp-custom-language-flag":["https:\/\/matis.is\/wp-content\/uploads\/Screen-Shot-2014-07-25-at-10.46.29.png",18,7,false]},"uagb_author_info":{"display_name":"admin","author_link":"https:\/\/matis.is\/en\/author\/thormodurmatis-is\/"},"uagb_comment_info":0,"uagb_excerpt":"Um helgina fer t\u00f3nlistarh\u00e1t\u00ed\u00f0in Br\u00e6\u00f0slan fram \u00e1 Borgarfir\u00f0i eystri, \u00fear sem mat og menningu ver\u00f0ur blanda\u00f0 saman \u00e1 skemmtilegan m\u00e1ta [&hellip;]","_links":{"self":[{"href":"https:\/\/matis.is\/en\/wp-json\/wp\/v2\/posts\/41275","targetHints":{"allow":["GET"]}}],"collection":[{"href":"https:\/\/matis.is\/en\/wp-json\/wp\/v2\/posts"}],"about":[{"href":"https:\/\/matis.is\/en\/wp-json\/wp\/v2\/types\/post"}],"author":[{"embeddable":true,"href":"https:\/\/matis.is\/en\/wp-json\/wp\/v2\/users\/1"}],"replies":[{"embeddable":true,"href":"https:\/\/matis.is\/en\/wp-json\/wp\/v2\/comments?post=41275"}],"version-history":[{"count":1,"href":"https:\/\/matis.is\/en\/wp-json\/wp\/v2\/posts\/41275\/revisions"}],"predecessor-version":[{"id":41277,"href":"https:\/\/matis.is\/en\/wp-json\/wp\/v2\/posts\/41275\/revisions\/41277"}],"wp:featuredmedia":[{"embeddable":true,"href":"https:\/\/matis.is\/en\/wp-json\/wp\/v2\/media\/41276"}],"wp:attachment":[{"href":"https:\/\/matis.is\/en\/wp-json\/wp\/v2\/media?parent=41275"}],"wp:term":[{"taxonomy":"category","embeddable":true,"href":"https:\/\/matis.is\/en\/wp-json\/wp\/v2\/categories?post=41275"},{"taxonomy":"post_tag","embeddable":true,"href":"https:\/\/matis.is\/en\/wp-json\/wp\/v2\/tags?post=41275"}],"curies":[{"name":"wp","href":"https:\/\/api.w.org\/{rel}","templated":true}]}}