{"id":41307,"date":"2014-06-16T11:05:00","date_gmt":"2014-06-16T11:05:00","guid":{"rendered":"https:\/\/matis.is\/?p=41307"},"modified":"2021-07-30T11:07:08","modified_gmt":"2021-07-30T11:07:08","slug":"upphafsfundur-islenska-hluta-mareframe-vel-sottur","status":"publish","type":"post","link":"https:\/\/matis.is\/en\/frettir\/upphafsfundur-islenska-hluta-mareframe-vel-sottur\/","title":{"rendered":"Initial meeting of the Icelandic part of MareFrame well attended"},"content":{"rendered":"<h4 class=\"wp-block-heading\">The inaugural meeting of the Icelandic case study in the MareFrame project is now a new one, but it took place on Tuesday 10 June. Mat\u00eds participates in the project in collaboration with the University of Iceland and the Marine Research Institute. The European project MareFrame aims to develop a multi-stock fisheries management system based on the Icelandic model.<\/h4>\n\n\n\n<p>Dr. Anna Krist\u00edn Dan\u00edelsd\u00f3ttir, division manager at Mat\u00eds, is the project manager for the Icelandic part of MareFrame. She says the meeting was successful and well attended.<\/p>\n\n\n\n<p>&nbsp;&quot;The aim was to obtain the views of stakeholders on the development and formulation of the Icelandic case study on the Icelandic multi-stock fisheries management system. The MareFrame project places great emphasis on good co-operation with fishermen, fishing companies and processing companies, as well as other stakeholders involved in fisheries management, which is a key factor in the implementation of a multi-stock fisheries management system. &quot;<\/p>\n\n\n\n<p>&nbsp;&quot;Representatives from the main stakeholders attended the meeting, such as the National Association of Icelandic Fishermen, the National Association of Small Boat Owners, the Association of Fish Processing Plants, MSC, the Directorate of Fisheries and the Ministry of Industry and Innovation.&quot;<\/p>\n\n\n\n<p>More collaborative meetings are planned in the project, as the emphasis is on environmentally friendly, sustainable, social and economic management. In addition, it is based on what has been done well in Icelandic fisheries management, including the use of the multi-stock model &quot;Gadget&quot;, which was developed by Icelandic participants in the project and is widely used abroad.<\/p>\n\n\n\n<p>The MareFrame project involves a total of 28 institutions, companies and universities in 10 European countries (Denmark, Sweden, Finland, Poland, the United Kingdom, Spain, Italy, Romania, Norway and Iceland) as well as South Africa, Australia and New Zealand.&nbsp;<\/p>\n\n\n\n<figure class=\"wp-block-image\"><img decoding=\"async\" src=\"https:\/\/gamla.matis.is\/media\/frettir\/large\/mareframefundur.jpg\" alt=\"\" title=\"mareframefundur\"\/><\/figure>","protected":false},"excerpt":{"rendered":"<p>Upphafsfundur \u00edslensku tilviksranns\u00f3knarinnar \u00ed MareFrame verkefninu er n\u00fa n\u00fd afsta\u00f0inn, en hann f\u00f3r fram \u00feri\u00f0judaginn 10. j\u00fan\u00ed. Mat\u00eds tekur \u00fe\u00e1tt [&hellip;]<\/p>\n","protected":false},"author":1,"featured_media":40897,"comment_status":"closed","ping_status":"closed","sticky":false,"template":"templates\/template-cover.php","format":"standard","meta":{"_acf_changed":false,"_uag_custom_page_level_css":"","site-sidebar-layout":"default","site-content-layout":"","ast-site-content-layout":"default","site-content-style":"default","site-sidebar-style":"default","ast-global-header-display":"","ast-banner-title-visibility":"","ast-main-header-display":"","ast-hfb-above-header-display":"","ast-hfb-below-header-display":"","ast-hfb-mobile-header-display":"","site-post-title":"","ast-breadcrumbs-content":"","ast-featured-img":"","footer-sml-layout":"","ast-disable-related-posts":"","theme-transparent-header-meta":"","adv-header-id-meta":"","stick-header-meta":"","header-above-stick-meta":"","header-main-stick-meta":"","header-below-stick-meta":"","astra-migrate-meta-layouts":"default","ast-page-background-enabled":"default","ast-page-background-meta":{"desktop":{"background-color":"var(--ast-global-color-5)","background-image":"","background-repeat":"repeat","background-position":"center center","background-size":"auto","background-attachment":"scroll","background-type":"","background-media":"","overlay-type":"","overlay-color":"","overlay-opacity":"","overlay-gradient":""},"tablet":{"background-color":"","background-image":"","background-repeat":"repeat","background-position":"center center","background-size":"auto","background-attachment":"scroll","background-type":"","background-media":"","overlay-type":"","overlay-color":"","overlay-opacity":"","overlay-gradient":""},"mobile":{"background-color":"","background-image":"","background-repeat":"repeat","background-position":"center center","background-size":"auto","background-attachment":"scroll","background-type":"","background-media":"","overlay-type":"","overlay-color":"","overlay-opacity":"","overlay-gradient":""}},"ast-content-background-meta":{"desktop":{"background-color":"var(--ast-global-color-4)","background-image":"","background-repeat":"repeat","background-position":"center center","background-size":"auto","background-attachment":"scroll","background-type":"","background-media":"","overlay-type":"","overlay-color":"","overlay-opacity":"","overlay-gradient":""},"tablet":{"background-color":"var(--ast-global-color-4)","background-image":"","background-repeat":"repeat","background-position":"center center","background-size":"auto","background-attachment":"scroll","background-type":"","background-media":"","overlay-type":"","overlay-color":"","overlay-opacity":"","overlay-gradient":""},"mobile":{"background-color":"var(--ast-global-color-4)","background-image":"","background-repeat":"repeat","background-position":"center center","background-size":"auto","background-attachment":"scroll","background-type":"","background-media":"","overlay-type":"","overlay-color":"","overlay-opacity":"","overlay-gradient":""}},"footnotes":""},"categories":[1973],"tags":[],"class_list":["post-41307","post","type-post","status-publish","format-standard","has-post-thumbnail","hentry","category-frettir"],"acf":[],"yoast_head":"<!-- This site is optimized with the Yoast SEO plugin v27.4 - https:\/\/yoast.com\/product\/yoast-seo-wordpress\/ -->\n<title>Upphafsfundur \u00edslenska hluta MareFrame vel s\u00f3ttur - Mat\u00eds<\/title>\n<meta name=\"robots\" content=\"index, follow, max-snippet:-1, max-image-preview:large, max-video-preview:-1\" \/>\n<link rel=\"canonical\" href=\"https:\/\/matis.is\/en\/frettir\/upphafsfundur-islenska-hluta-mareframe-vel-sottur\/\" \/>\n<meta property=\"og:locale\" content=\"en_GB\" \/>\n<meta property=\"og:type\" content=\"article\" \/>\n<meta property=\"og:title\" content=\"Upphafsfundur \u00edslenska hluta MareFrame vel s\u00f3ttur - Mat\u00eds\" \/>\n<meta property=\"og:description\" content=\"Upphafsfundur \u00edslensku tilviksranns\u00f3knarinnar \u00ed MareFrame verkefninu er n\u00fa n\u00fd afsta\u00f0inn, en hann f\u00f3r fram \u00feri\u00f0judaginn 10. j\u00fan\u00ed. Mat\u00eds tekur \u00fe\u00e1tt [&hellip;]\" \/>\n<meta property=\"og:url\" content=\"https:\/\/matis.is\/en\/frettir\/upphafsfundur-islenska-hluta-mareframe-vel-sottur\/\" \/>\n<meta property=\"og:site_name\" content=\"Mat\u00eds\" \/>\n<meta property=\"article:publisher\" content=\"https:\/\/www.facebook.com\/matisiceland\" \/>\n<meta property=\"article:published_time\" content=\"2014-06-16T11:05:00+00:00\" \/>\n<meta property=\"article:modified_time\" content=\"2021-07-30T11:07:08+00:00\" \/>\n<meta property=\"og:image\" content=\"https:\/\/matis.is\/wp-content\/uploads\/MareFrame-Logo.jpg\" \/>\n\t<meta property=\"og:image:width\" content=\"1092\" \/>\n\t<meta property=\"og:image:height\" content=\"397\" \/>\n\t<meta property=\"og:image:type\" content=\"image\/jpeg\" \/>\n<meta name=\"author\" content=\"admin\" \/>\n<meta name=\"twitter:card\" content=\"summary_large_image\" \/>\n<meta name=\"twitter:creator\" content=\"@matisiceland\" \/>\n<meta name=\"twitter:site\" content=\"@matisiceland\" \/>\n<meta name=\"twitter:label1\" content=\"Written by\" \/>\n\t<meta name=\"twitter:data1\" content=\"admin\" \/>\n\t<meta name=\"twitter:label2\" content=\"Estimated reading time\" \/>\n\t<meta name=\"twitter:data2\" content=\"2 minutes\" \/>\n<script type=\"application\/ld+json\" class=\"yoast-schema-graph\">{\"@context\":\"https:\\\/\\\/schema.org\",\"@graph\":[{\"@type\":\"Article\",\"@id\":\"https:\\\/\\\/matis.is\\\/frettir\\\/upphafsfundur-islenska-hluta-mareframe-vel-sottur\\\/#article\",\"isPartOf\":{\"@id\":\"https:\\\/\\\/matis.is\\\/frettir\\\/upphafsfundur-islenska-hluta-mareframe-vel-sottur\\\/\"},\"author\":{\"name\":\"admin\",\"@id\":\"https:\\\/\\\/matis.is\\\/#\\\/schema\\\/person\\\/33b92c850c915c93e67f291e3381a49a\"},\"headline\":\"Upphafsfundur \u00edslenska hluta MareFrame vel s\u00f3ttur\",\"datePublished\":\"2014-06-16T11:05:00+00:00\",\"dateModified\":\"2021-07-30T11:07:08+00:00\",\"mainEntityOfPage\":{\"@id\":\"https:\\\/\\\/matis.is\\\/frettir\\\/upphafsfundur-islenska-hluta-mareframe-vel-sottur\\\/\"},\"wordCount\":296,\"publisher\":{\"@id\":\"https:\\\/\\\/matis.is\\\/#organization\"},\"image\":{\"@id\":\"https:\\\/\\\/matis.is\\\/frettir\\\/upphafsfundur-islenska-hluta-mareframe-vel-sottur\\\/#primaryimage\"},\"thumbnailUrl\":\"https:\\\/\\\/matis.is\\\/wp-content\\\/uploads\\\/MareFrame-Logo.jpg\",\"articleSection\":[\"Fr\u00e9ttir\"],\"inLanguage\":\"en-GB\"},{\"@type\":\"WebPage\",\"@id\":\"https:\\\/\\\/matis.is\\\/frettir\\\/upphafsfundur-islenska-hluta-mareframe-vel-sottur\\\/\",\"url\":\"https:\\\/\\\/matis.is\\\/frettir\\\/upphafsfundur-islenska-hluta-mareframe-vel-sottur\\\/\",\"name\":\"Upphafsfundur \u00edslenska hluta MareFrame vel s\u00f3ttur - Mat\u00eds\",\"isPartOf\":{\"@id\":\"https:\\\/\\\/matis.is\\\/#website\"},\"primaryImageOfPage\":{\"@id\":\"https:\\\/\\\/matis.is\\\/frettir\\\/upphafsfundur-islenska-hluta-mareframe-vel-sottur\\\/#primaryimage\"},\"image\":{\"@id\":\"https:\\\/\\\/matis.is\\\/frettir\\\/upphafsfundur-islenska-hluta-mareframe-vel-sottur\\\/#primaryimage\"},\"thumbnailUrl\":\"https:\\\/\\\/matis.is\\\/wp-content\\\/uploads\\\/MareFrame-Logo.jpg\",\"datePublished\":\"2014-06-16T11:05:00+00:00\",\"dateModified\":\"2021-07-30T11:07:08+00:00\",\"breadcrumb\":{\"@id\":\"https:\\\/\\\/matis.is\\\/frettir\\\/upphafsfundur-islenska-hluta-mareframe-vel-sottur\\\/#breadcrumb\"},\"inLanguage\":\"en-GB\",\"potentialAction\":[{\"@type\":\"ReadAction\",\"target\":[\"https:\\\/\\\/matis.is\\\/frettir\\\/upphafsfundur-islenska-hluta-mareframe-vel-sottur\\\/\"]}]},{\"@type\":\"ImageObject\",\"inLanguage\":\"en-GB\",\"@id\":\"https:\\\/\\\/matis.is\\\/frettir\\\/upphafsfundur-islenska-hluta-mareframe-vel-sottur\\\/#primaryimage\",\"url\":\"https:\\\/\\\/matis.is\\\/wp-content\\\/uploads\\\/MareFrame-Logo.jpg\",\"contentUrl\":\"https:\\\/\\\/matis.is\\\/wp-content\\\/uploads\\\/MareFrame-Logo.jpg\",\"width\":1092,\"height\":397},{\"@type\":\"BreadcrumbList\",\"@id\":\"https:\\\/\\\/matis.is\\\/frettir\\\/upphafsfundur-islenska-hluta-mareframe-vel-sottur\\\/#breadcrumb\",\"itemListElement\":[{\"@type\":\"ListItem\",\"position\":1,\"name\":\"Home\",\"item\":\"https:\\\/\\\/matis.is\\\/\"},{\"@type\":\"ListItem\",\"position\":2,\"name\":\"Upphafsfundur \u00edslenska hluta MareFrame vel s\u00f3ttur\"}]},{\"@type\":\"WebSite\",\"@id\":\"https:\\\/\\\/matis.is\\\/#website\",\"url\":\"https:\\\/\\\/matis.is\\\/\",\"name\":\"Mat\u00eds\",\"description\":\"Ver\u00f0m\u00e6task\u00f6pun, matv\u00e6la\u00f6ryggi og l\u00fd\u00f0heilsa\",\"publisher\":{\"@id\":\"https:\\\/\\\/matis.is\\\/#organization\"},\"potentialAction\":[{\"@type\":\"SearchAction\",\"target\":{\"@type\":\"EntryPoint\",\"urlTemplate\":\"https:\\\/\\\/matis.is\\\/?s={search_term_string}\"},\"query-input\":{\"@type\":\"PropertyValueSpecification\",\"valueRequired\":true,\"valueName\":\"search_term_string\"}}],\"inLanguage\":\"en-GB\"},{\"@type\":\"Organization\",\"@id\":\"https:\\\/\\\/matis.is\\\/#organization\",\"name\":\"Mat\u00eds ohf.\",\"url\":\"https:\\\/\\\/matis.is\\\/\",\"logo\":{\"@type\":\"ImageObject\",\"inLanguage\":\"en-GB\",\"@id\":\"https:\\\/\\\/matis.is\\\/#\\\/schema\\\/logo\\\/image\\\/\",\"url\":\"https:\\\/\\\/matis.is\\\/wp-content\\\/uploads\\\/2021\\\/02\\\/matis_logo_blatthvitt.png\",\"contentUrl\":\"https:\\\/\\\/matis.is\\\/wp-content\\\/uploads\\\/2021\\\/02\\\/matis_logo_blatthvitt.png\",\"width\":1507,\"height\":1507,\"caption\":\"Mat\u00eds ohf.\"},\"image\":{\"@id\":\"https:\\\/\\\/matis.is\\\/#\\\/schema\\\/logo\\\/image\\\/\"},\"sameAs\":[\"https:\\\/\\\/www.facebook.com\\\/matisiceland\",\"https:\\\/\\\/x.com\\\/matisiceland\",\"https:\\\/\\\/www.instagram.com\\\/matisiceland\\\/\",\"https:\\\/\\\/www.linkedin.com\\\/matisiceland\\\/\",\"https:\\\/\\\/www.youtube.com\\\/channel\\\/UCY-frt3uTqgVZW-DLjoo5bA\"]},{\"@type\":\"Person\",\"@id\":\"https:\\\/\\\/matis.is\\\/#\\\/schema\\\/person\\\/33b92c850c915c93e67f291e3381a49a\",\"name\":\"admin\",\"sameAs\":[\"https:\\\/\\\/matis.mareframe.eu\"],\"url\":\"https:\\\/\\\/matis.is\\\/en\\\/author\\\/thormodurmatis-is\\\/\"}]}<\/script>\n<!-- \/ Yoast SEO plugin. -->","yoast_head_json":{"title":"Initial meeting of the Icelandic part of MareFrame well attended - Mat\u00eds","robots":{"index":"index","follow":"follow","max-snippet":"max-snippet:-1","max-image-preview":"max-image-preview:large","max-video-preview":"max-video-preview:-1"},"canonical":"https:\/\/matis.is\/en\/frettir\/upphafsfundur-islenska-hluta-mareframe-vel-sottur\/","og_locale":"en_GB","og_type":"article","og_title":"Upphafsfundur \u00edslenska hluta MareFrame vel s\u00f3ttur - Mat\u00eds","og_description":"Upphafsfundur \u00edslensku tilviksranns\u00f3knarinnar \u00ed MareFrame verkefninu er n\u00fa n\u00fd afsta\u00f0inn, en hann f\u00f3r fram \u00feri\u00f0judaginn 10. j\u00fan\u00ed. Mat\u00eds tekur \u00fe\u00e1tt [&hellip;]","og_url":"https:\/\/matis.is\/en\/frettir\/upphafsfundur-islenska-hluta-mareframe-vel-sottur\/","og_site_name":"Mat\u00eds","article_publisher":"https:\/\/www.facebook.com\/matisiceland","article_published_time":"2014-06-16T11:05:00+00:00","article_modified_time":"2021-07-30T11:07:08+00:00","og_image":[{"width":1092,"height":397,"url":"https:\/\/matis.is\/wp-content\/uploads\/MareFrame-Logo.jpg","type":"image\/jpeg"}],"author":"admin","twitter_card":"summary_large_image","twitter_creator":"@matisiceland","twitter_site":"@matisiceland","twitter_misc":{"Written by":"admin","Estimated reading time":"2 minutes"},"schema":{"@context":"https:\/\/schema.org","@graph":[{"@type":"Article","@id":"https:\/\/matis.is\/frettir\/upphafsfundur-islenska-hluta-mareframe-vel-sottur\/#article","isPartOf":{"@id":"https:\/\/matis.is\/frettir\/upphafsfundur-islenska-hluta-mareframe-vel-sottur\/"},"author":{"name":"admin","@id":"https:\/\/matis.is\/#\/schema\/person\/33b92c850c915c93e67f291e3381a49a"},"headline":"Upphafsfundur \u00edslenska hluta MareFrame vel s\u00f3ttur","datePublished":"2014-06-16T11:05:00+00:00","dateModified":"2021-07-30T11:07:08+00:00","mainEntityOfPage":{"@id":"https:\/\/matis.is\/frettir\/upphafsfundur-islenska-hluta-mareframe-vel-sottur\/"},"wordCount":296,"publisher":{"@id":"https:\/\/matis.is\/#organization"},"image":{"@id":"https:\/\/matis.is\/frettir\/upphafsfundur-islenska-hluta-mareframe-vel-sottur\/#primaryimage"},"thumbnailUrl":"https:\/\/matis.is\/wp-content\/uploads\/MareFrame-Logo.jpg","articleSection":["Fr\u00e9ttir"],"inLanguage":"en-GB"},{"@type":"WebPage","@id":"https:\/\/matis.is\/frettir\/upphafsfundur-islenska-hluta-mareframe-vel-sottur\/","url":"https:\/\/matis.is\/frettir\/upphafsfundur-islenska-hluta-mareframe-vel-sottur\/","name":"Initial meeting of the Icelandic part of MareFrame well attended - Mat\u00eds","isPartOf":{"@id":"https:\/\/matis.is\/#website"},"primaryImageOfPage":{"@id":"https:\/\/matis.is\/frettir\/upphafsfundur-islenska-hluta-mareframe-vel-sottur\/#primaryimage"},"image":{"@id":"https:\/\/matis.is\/frettir\/upphafsfundur-islenska-hluta-mareframe-vel-sottur\/#primaryimage"},"thumbnailUrl":"https:\/\/matis.is\/wp-content\/uploads\/MareFrame-Logo.jpg","datePublished":"2014-06-16T11:05:00+00:00","dateModified":"2021-07-30T11:07:08+00:00","breadcrumb":{"@id":"https:\/\/matis.is\/frettir\/upphafsfundur-islenska-hluta-mareframe-vel-sottur\/#breadcrumb"},"inLanguage":"en-GB","potentialAction":[{"@type":"ReadAction","target":["https:\/\/matis.is\/frettir\/upphafsfundur-islenska-hluta-mareframe-vel-sottur\/"]}]},{"@type":"ImageObject","inLanguage":"en-GB","@id":"https:\/\/matis.is\/frettir\/upphafsfundur-islenska-hluta-mareframe-vel-sottur\/#primaryimage","url":"https:\/\/matis.is\/wp-content\/uploads\/MareFrame-Logo.jpg","contentUrl":"https:\/\/matis.is\/wp-content\/uploads\/MareFrame-Logo.jpg","width":1092,"height":397},{"@type":"BreadcrumbList","@id":"https:\/\/matis.is\/frettir\/upphafsfundur-islenska-hluta-mareframe-vel-sottur\/#breadcrumb","itemListElement":[{"@type":"ListItem","position":1,"name":"Home","item":"https:\/\/matis.is\/"},{"@type":"ListItem","position":2,"name":"Upphafsfundur \u00edslenska hluta MareFrame vel s\u00f3ttur"}]},{"@type":"WebSite","@id":"https:\/\/matis.is\/#website","url":"https:\/\/matis.is\/","name":"Mat\u00eds","description":"Value creation, food security and public health","publisher":{"@id":"https:\/\/matis.is\/#organization"},"potentialAction":[{"@type":"SearchAction","target":{"@type":"EntryPoint","urlTemplate":"https:\/\/matis.is\/?s={search_term_string}"},"query-input":{"@type":"PropertyValueSpecification","valueRequired":true,"valueName":"search_term_string"}}],"inLanguage":"en-GB"},{"@type":"Organization","@id":"https:\/\/matis.is\/#organization","name":"Mat\u00eds ohf.","url":"https:\/\/matis.is\/","logo":{"@type":"ImageObject","inLanguage":"en-GB","@id":"https:\/\/matis.is\/#\/schema\/logo\/image\/","url":"https:\/\/matis.is\/wp-content\/uploads\/2021\/02\/matis_logo_blatthvitt.png","contentUrl":"https:\/\/matis.is\/wp-content\/uploads\/2021\/02\/matis_logo_blatthvitt.png","width":1507,"height":1507,"caption":"Mat\u00eds ohf."},"image":{"@id":"https:\/\/matis.is\/#\/schema\/logo\/image\/"},"sameAs":["https:\/\/www.facebook.com\/matisiceland","https:\/\/x.com\/matisiceland","https:\/\/www.instagram.com\/matisiceland\/","https:\/\/www.linkedin.com\/matisiceland\/","https:\/\/www.youtube.com\/channel\/UCY-frt3uTqgVZW-DLjoo5bA"]},{"@type":"Person","@id":"https:\/\/matis.is\/#\/schema\/person\/33b92c850c915c93e67f291e3381a49a","name":"admin","sameAs":["https:\/\/matis.mareframe.eu"],"url":"https:\/\/matis.is\/en\/author\/thormodurmatis-is\/"}]}},"spectra_custom_meta":{"_edit_lock":["1627643228:5"],"_wp_old_date":["2021-07-30"],"_thumbnail_id":["40897"],"_wp_page_template":["templates\/template-cover.php"],"_edit_last":["5"],"tengilidur":[""],"_tengilidur":["field_5ef905e0538b2"],"_yoast_wpseo_primary_category":["1973"],"_yoast_wpseo_content_score":["60"],"_yoast_wpseo_estimated-reading-time-minutes":["2"],"wpmm_postgrid_views":["322"],"_uag_css_file_name":["uag-css-41307.css"],"_uag_page_assets":["a:9:{s:3:\"css\";s:263:\".uag-blocks-common-selector{z-index:var(--z-index-desktop) !important}@media (max-width: 976px){.uag-blocks-common-selector{z-index:var(--z-index-tablet) !important}}@media (max-width: 767px){.uag-blocks-common-selector{z-index:var(--z-index-mobile) !important}}\n\";s:2:\"js\";s:0:\"\";s:18:\"current_block_list\";a:7:{i:0;s:12:\"core\/heading\";i:1;s:14:\"core\/paragraph\";i:2;s:10:\"core\/image\";i:3;s:12:\"core\/buttons\";i:4;s:11:\"core\/button\";i:5;s:12:\"core\/columns\";i:6;s:11:\"core\/column\";}s:8:\"uag_flag\";b:0;s:11:\"uag_version\";s:10:\"1777300790\";s:6:\"gfonts\";a:0:{}s:10:\"gfonts_url\";s:0:\"\";s:12:\"gfonts_files\";a:0:{}s:14:\"uag_faq_layout\";b:0;}"]},"uagb_featured_image_src":{"full":["https:\/\/matis.is\/wp-content\/uploads\/MareFrame-Logo.jpg",1092,397,false],"thumbnail":["https:\/\/matis.is\/wp-content\/uploads\/MareFrame-Logo-150x150.jpg",150,150,true],"medium":["https:\/\/matis.is\/wp-content\/uploads\/MareFrame-Logo-300x109.jpg",300,109,true],"medium_large":["https:\/\/matis.is\/wp-content\/uploads\/MareFrame-Logo-768x279.jpg",768,279,true],"large":["https:\/\/matis.is\/wp-content\/uploads\/MareFrame-Logo-1024x372.jpg",1024,372,true],"1536x1536":["https:\/\/matis.is\/wp-content\/uploads\/MareFrame-Logo.jpg",1092,397,false],"2048x2048":["https:\/\/matis.is\/wp-content\/uploads\/MareFrame-Logo.jpg",1092,397,false],"trp-custom-language-flag":["https:\/\/matis.is\/wp-content\/uploads\/MareFrame-Logo.jpg",18,7,false]},"uagb_author_info":{"display_name":"admin","author_link":"https:\/\/matis.is\/en\/author\/thormodurmatis-is\/"},"uagb_comment_info":0,"uagb_excerpt":"Upphafsfundur \u00edslensku tilviksranns\u00f3knarinnar \u00ed MareFrame verkefninu er n\u00fa n\u00fd afsta\u00f0inn, en hann f\u00f3r fram \u00feri\u00f0judaginn 10. j\u00fan\u00ed. Mat\u00eds tekur \u00fe\u00e1tt [&hellip;]","_links":{"self":[{"href":"https:\/\/matis.is\/en\/wp-json\/wp\/v2\/posts\/41307","targetHints":{"allow":["GET"]}}],"collection":[{"href":"https:\/\/matis.is\/en\/wp-json\/wp\/v2\/posts"}],"about":[{"href":"https:\/\/matis.is\/en\/wp-json\/wp\/v2\/types\/post"}],"author":[{"embeddable":true,"href":"https:\/\/matis.is\/en\/wp-json\/wp\/v2\/users\/1"}],"replies":[{"embeddable":true,"href":"https:\/\/matis.is\/en\/wp-json\/wp\/v2\/comments?post=41307"}],"version-history":[{"count":1,"href":"https:\/\/matis.is\/en\/wp-json\/wp\/v2\/posts\/41307\/revisions"}],"predecessor-version":[{"id":41308,"href":"https:\/\/matis.is\/en\/wp-json\/wp\/v2\/posts\/41307\/revisions\/41308"}],"wp:featuredmedia":[{"embeddable":true,"href":"https:\/\/matis.is\/en\/wp-json\/wp\/v2\/media\/40897"}],"wp:attachment":[{"href":"https:\/\/matis.is\/en\/wp-json\/wp\/v2\/media?parent=41307"}],"wp:term":[{"taxonomy":"category","embeddable":true,"href":"https:\/\/matis.is\/en\/wp-json\/wp\/v2\/categories?post=41307"},{"taxonomy":"post_tag","embeddable":true,"href":"https:\/\/matis.is\/en\/wp-json\/wp\/v2\/tags?post=41307"}],"curies":[{"name":"wp","href":"https:\/\/api.w.org\/{rel}","templated":true}]}}