{"id":41309,"date":"2014-06-13T11:07:00","date_gmt":"2014-06-13T11:07:00","guid":{"rendered":"https:\/\/matis.is\/?p=41309"},"modified":"2021-07-30T11:09:58","modified_gmt":"2021-07-30T11:09:58","slug":"ytir-fiskeldi-undir-jakvaeda-byggdathroun","status":"publish","type":"post","link":"https:\/\/matis.is\/en\/frettir\/ytir-fiskeldi-undir-jakvaeda-byggdathroun\/","title":{"rendered":"Does aquaculture promote positive rural development?"},"content":{"rendered":"<h4 class=\"wp-block-heading\">According to an article on&nbsp;<a target=\"_blank\" href=\"http:\/\/www.visir.is\/fiskeldid--styrkir-byggdathroun-a-vestfjordum\/article\/2014140619847\" rel=\"noreferrer noopener\">www.visir.is<\/a>&nbsp;There has been an increase in population in the south of the Westfjords in the last two years in connection with increased aquaculture in the area. Mat\u00eds has been involved in this, but innovation and research in the field of aquaculture as well as support for business development in the countryside has been a common thread in the company&#039;s operations since its establishment.<\/h4>\n\n\n\n<p>The article states that the population in the southern western fjords has increased by 5% from 2012 - 2014, but population growth has been negative in the area in recent years. In 2012, 1,186 people lived in the area, but the number has now increased by 60 and today there are 1,246 individuals living in Vesturbygg\u00f0 and T\u00e1lknafj\u00f6r\u00f0ur. By comparison, in 2000, 1,596 people lived in the area. The reason for the increase in population is due to job creation in connection with aquaculture, which has been on the rise in recent years and is expected to continue.<\/p>\n\n\n\n<p>In 2012, Mat\u00eds opened an office in Patreksfj\u00f6r\u00f0ur, which serves the south of the Westfjords and the Brei\u00f0afj\u00f6r\u00f0ur area, where the road to aquaculture has steadily increased in recent years. The goal of Mat\u00eds&#039; offices is to serve the local community and support research and development in the field of food in the local area. In Patreksfj\u00f6r\u00f0ur, emphasis is placed on research related to aquaculture and the intention is to contribute to the progress and development of aquaculture throughout the country.<\/p>\n\n\n\n<p>In recent years, research has mainly focused on improving the profitability, growth and quality of farmed fish, as well as increasing efficiency in production and reducing feed costs, which is one of the largest expenditure items. The research thus contributes to an increase in value and makes it easier for companies and individuals to start production of some kind.<\/p>\n\n\n\n<p>In the southern part of the Westfjords, there is a long tradition of fishing and fish processing, but in recent years there has been a certain decline in that profession. However, the area is suitable for aquaculture in the opinion of many and has undoubtedly contributed to the great development that has already taken place, especially in the farming of salmon, char and rainbow trout as well as mussels. The aim is for products in the area to receive sustainable certification, as they are processed in a sustainable manner and the bioeconomy as a whole is included in the picture at all stages of production.&nbsp;&nbsp;<\/p>\n\n\n\n<p>Mat\u00eds places great emphasis on ensuring that value added goes hand in hand with the well-being of the bioeconomy. Therefore, better utilization of feed and products not only results in more money but also a more valuable and environmentally friendly product that is spun from a sustainable environment. This contributes to increased food security for the future.<\/p>\n\n\n\n<figure class=\"wp-block-embed is-type-video is-provider-youtube wp-block-embed-youtube wp-embed-aspect-16-9 wp-has-aspect-ratio\"><div class=\"wp-block-embed__wrapper\">\nhttps:\/\/www.youtube.com\/watch?v=bbVMoQ9rnq0&#038;list=PLZGs8XSSa2cJ624eO8Fzj29ns-B8bs7sl\n<\/div><figcaption>Mat\u00eds&#039; office in Patreksfj\u00f6r\u00f0ur<\/figcaption><\/figure>\n\n\n\n<p><a href=\"https:\/\/gamla.matis.is\/um-matis-ohf\/starfsstodvar\/\">More about all Mat\u00eds offices<\/a>.<\/p>","protected":false},"excerpt":{"rendered":"<p>Samkv\u00e6mt grein \u00e1&nbsp;www.visir.is&nbsp;hefur or\u00f0i\u00f0 f\u00f3lksfj\u00f6lgun \u00e1 sunnanver\u00f0um Vestfj\u00f6r\u00f0um \u00e1 s\u00ed\u00f0astli\u00f0num tveimur \u00e1rum \u00ed tengslum vi\u00f0 auki\u00f0 fiskeldi \u00e1 sv\u00e6\u00f0inu. \u00dear [&hellip;]<\/p>\n","protected":false},"author":1,"featured_media":40221,"comment_status":"closed","ping_status":"closed","sticky":false,"template":"templates\/template-cover.php","format":"standard","meta":{"_acf_changed":false,"_uag_custom_page_level_css":"","site-sidebar-layout":"default","site-content-layout":"","ast-site-content-layout":"default","site-content-style":"default","site-sidebar-style":"default","ast-global-header-display":"","ast-banner-title-visibility":"","ast-main-header-display":"","ast-hfb-above-header-display":"","ast-hfb-below-header-display":"","ast-hfb-mobile-header-display":"","site-post-title":"","ast-breadcrumbs-content":"","ast-featured-img":"","footer-sml-layout":"","ast-disable-related-posts":"","theme-transparent-header-meta":"","adv-header-id-meta":"","stick-header-meta":"","header-above-stick-meta":"","header-main-stick-meta":"","header-below-stick-meta":"","astra-migrate-meta-layouts":"default","ast-page-background-enabled":"default","ast-page-background-meta":{"desktop":{"background-color":"var(--ast-global-color-5)","background-image":"","background-repeat":"repeat","background-position":"center center","background-size":"auto","background-attachment":"scroll","background-type":"","background-media":"","overlay-type":"","overlay-color":"","overlay-opacity":"","overlay-gradient":""},"tablet":{"background-color":"","background-image":"","background-repeat":"repeat","background-position":"center center","background-size":"auto","background-attachment":"scroll","background-type":"","background-media":"","overlay-type":"","overlay-color":"","overlay-opacity":"","overlay-gradient":""},"mobile":{"background-color":"","background-image":"","background-repeat":"repeat","background-position":"center center","background-size":"auto","background-attachment":"scroll","background-type":"","background-media":"","overlay-type":"","overlay-color":"","overlay-opacity":"","overlay-gradient":""}},"ast-content-background-meta":{"desktop":{"background-color":"var(--ast-global-color-4)","background-image":"","background-repeat":"repeat","background-position":"center center","background-size":"auto","background-attachment":"scroll","background-type":"","background-media":"","overlay-type":"","overlay-color":"","overlay-opacity":"","overlay-gradient":""},"tablet":{"background-color":"var(--ast-global-color-4)","background-image":"","background-repeat":"repeat","background-position":"center center","background-size":"auto","background-attachment":"scroll","background-type":"","background-media":"","overlay-type":"","overlay-color":"","overlay-opacity":"","overlay-gradient":""},"mobile":{"background-color":"var(--ast-global-color-4)","background-image":"","background-repeat":"repeat","background-position":"center center","background-size":"auto","background-attachment":"scroll","background-type":"","background-media":"","overlay-type":"","overlay-color":"","overlay-opacity":"","overlay-gradient":""}},"footnotes":""},"categories":[1973],"tags":[],"class_list":["post-41309","post","type-post","status-publish","format-standard","has-post-thumbnail","hentry","category-frettir"],"acf":[],"yoast_head":"<!-- This site is optimized with the Yoast SEO plugin v27.4 - https:\/\/yoast.com\/product\/yoast-seo-wordpress\/ -->\n<title>\u00ddtir fiskeldi undir j\u00e1kv\u00e6\u00f0a bygg\u00f0a\u00fer\u00f3un? - Mat\u00eds<\/title>\n<meta name=\"robots\" content=\"index, follow, max-snippet:-1, max-image-preview:large, max-video-preview:-1\" \/>\n<link rel=\"canonical\" href=\"https:\/\/matis.is\/en\/frettir\/ytir-fiskeldi-undir-jakvaeda-byggdathroun\/\" \/>\n<meta property=\"og:locale\" content=\"en_GB\" \/>\n<meta property=\"og:type\" content=\"article\" \/>\n<meta property=\"og:title\" content=\"\u00ddtir fiskeldi undir j\u00e1kv\u00e6\u00f0a bygg\u00f0a\u00fer\u00f3un? - Mat\u00eds\" \/>\n<meta property=\"og:description\" content=\"Samkv\u00e6mt grein \u00e1&nbsp;www.visir.is&nbsp;hefur or\u00f0i\u00f0 f\u00f3lksfj\u00f6lgun \u00e1 sunnanver\u00f0um Vestfj\u00f6r\u00f0um \u00e1 s\u00ed\u00f0astli\u00f0num tveimur \u00e1rum \u00ed tengslum vi\u00f0 auki\u00f0 fiskeldi \u00e1 sv\u00e6\u00f0inu. \u00dear [&hellip;]\" \/>\n<meta property=\"og:url\" content=\"https:\/\/matis.is\/en\/frettir\/ytir-fiskeldi-undir-jakvaeda-byggdathroun\/\" \/>\n<meta property=\"og:site_name\" content=\"Mat\u00eds\" \/>\n<meta property=\"article:publisher\" content=\"https:\/\/www.facebook.com\/matisiceland\" \/>\n<meta property=\"article:published_time\" content=\"2014-06-13T11:07:00+00:00\" \/>\n<meta property=\"article:modified_time\" content=\"2021-07-30T11:09:58+00:00\" \/>\n<meta property=\"og:image\" content=\"https:\/\/matis.is\/wp-content\/uploads\/Fiskeldi-2.jpg\" \/>\n\t<meta property=\"og:image:width\" content=\"1155\" \/>\n\t<meta property=\"og:image:height\" content=\"420\" \/>\n\t<meta property=\"og:image:type\" content=\"image\/jpeg\" \/>\n<meta name=\"author\" content=\"admin\" \/>\n<meta name=\"twitter:card\" content=\"summary_large_image\" \/>\n<meta name=\"twitter:creator\" content=\"@matisiceland\" \/>\n<meta name=\"twitter:site\" content=\"@matisiceland\" \/>\n<meta name=\"twitter:label1\" content=\"Written by\" \/>\n\t<meta name=\"twitter:data1\" content=\"admin\" \/>\n\t<meta name=\"twitter:label2\" content=\"Estimated reading time\" \/>\n\t<meta name=\"twitter:data2\" content=\"2 minutes\" \/>\n<script type=\"application\/ld+json\" class=\"yoast-schema-graph\">{\"@context\":\"https:\\\/\\\/schema.org\",\"@graph\":[{\"@type\":\"Article\",\"@id\":\"https:\\\/\\\/matis.is\\\/frettir\\\/ytir-fiskeldi-undir-jakvaeda-byggdathroun\\\/#article\",\"isPartOf\":{\"@id\":\"https:\\\/\\\/matis.is\\\/frettir\\\/ytir-fiskeldi-undir-jakvaeda-byggdathroun\\\/\"},\"author\":{\"name\":\"admin\",\"@id\":\"https:\\\/\\\/matis.is\\\/#\\\/schema\\\/person\\\/33b92c850c915c93e67f291e3381a49a\"},\"headline\":\"\u00ddtir fiskeldi undir j\u00e1kv\u00e6\u00f0a bygg\u00f0a\u00fer\u00f3un?\",\"datePublished\":\"2014-06-13T11:07:00+00:00\",\"dateModified\":\"2021-07-30T11:09:58+00:00\",\"mainEntityOfPage\":{\"@id\":\"https:\\\/\\\/matis.is\\\/frettir\\\/ytir-fiskeldi-undir-jakvaeda-byggdathroun\\\/\"},\"wordCount\":512,\"publisher\":{\"@id\":\"https:\\\/\\\/matis.is\\\/#organization\"},\"image\":{\"@id\":\"https:\\\/\\\/matis.is\\\/frettir\\\/ytir-fiskeldi-undir-jakvaeda-byggdathroun\\\/#primaryimage\"},\"thumbnailUrl\":\"https:\\\/\\\/matis.is\\\/wp-content\\\/uploads\\\/Fiskeldi-2.jpg\",\"articleSection\":[\"Fr\u00e9ttir\"],\"inLanguage\":\"en-GB\"},{\"@type\":\"WebPage\",\"@id\":\"https:\\\/\\\/matis.is\\\/frettir\\\/ytir-fiskeldi-undir-jakvaeda-byggdathroun\\\/\",\"url\":\"https:\\\/\\\/matis.is\\\/frettir\\\/ytir-fiskeldi-undir-jakvaeda-byggdathroun\\\/\",\"name\":\"\u00ddtir fiskeldi undir j\u00e1kv\u00e6\u00f0a bygg\u00f0a\u00fer\u00f3un? - Mat\u00eds\",\"isPartOf\":{\"@id\":\"https:\\\/\\\/matis.is\\\/#website\"},\"primaryImageOfPage\":{\"@id\":\"https:\\\/\\\/matis.is\\\/frettir\\\/ytir-fiskeldi-undir-jakvaeda-byggdathroun\\\/#primaryimage\"},\"image\":{\"@id\":\"https:\\\/\\\/matis.is\\\/frettir\\\/ytir-fiskeldi-undir-jakvaeda-byggdathroun\\\/#primaryimage\"},\"thumbnailUrl\":\"https:\\\/\\\/matis.is\\\/wp-content\\\/uploads\\\/Fiskeldi-2.jpg\",\"datePublished\":\"2014-06-13T11:07:00+00:00\",\"dateModified\":\"2021-07-30T11:09:58+00:00\",\"breadcrumb\":{\"@id\":\"https:\\\/\\\/matis.is\\\/frettir\\\/ytir-fiskeldi-undir-jakvaeda-byggdathroun\\\/#breadcrumb\"},\"inLanguage\":\"en-GB\",\"potentialAction\":[{\"@type\":\"ReadAction\",\"target\":[\"https:\\\/\\\/matis.is\\\/frettir\\\/ytir-fiskeldi-undir-jakvaeda-byggdathroun\\\/\"]}]},{\"@type\":\"ImageObject\",\"inLanguage\":\"en-GB\",\"@id\":\"https:\\\/\\\/matis.is\\\/frettir\\\/ytir-fiskeldi-undir-jakvaeda-byggdathroun\\\/#primaryimage\",\"url\":\"https:\\\/\\\/matis.is\\\/wp-content\\\/uploads\\\/Fiskeldi-2.jpg\",\"contentUrl\":\"https:\\\/\\\/matis.is\\\/wp-content\\\/uploads\\\/Fiskeldi-2.jpg\",\"width\":1155,\"height\":420},{\"@type\":\"BreadcrumbList\",\"@id\":\"https:\\\/\\\/matis.is\\\/frettir\\\/ytir-fiskeldi-undir-jakvaeda-byggdathroun\\\/#breadcrumb\",\"itemListElement\":[{\"@type\":\"ListItem\",\"position\":1,\"name\":\"Home\",\"item\":\"https:\\\/\\\/matis.is\\\/\"},{\"@type\":\"ListItem\",\"position\":2,\"name\":\"\u00ddtir fiskeldi undir j\u00e1kv\u00e6\u00f0a bygg\u00f0a\u00fer\u00f3un?\"}]},{\"@type\":\"WebSite\",\"@id\":\"https:\\\/\\\/matis.is\\\/#website\",\"url\":\"https:\\\/\\\/matis.is\\\/\",\"name\":\"Mat\u00eds\",\"description\":\"Ver\u00f0m\u00e6task\u00f6pun, matv\u00e6la\u00f6ryggi og l\u00fd\u00f0heilsa\",\"publisher\":{\"@id\":\"https:\\\/\\\/matis.is\\\/#organization\"},\"potentialAction\":[{\"@type\":\"SearchAction\",\"target\":{\"@type\":\"EntryPoint\",\"urlTemplate\":\"https:\\\/\\\/matis.is\\\/?s={search_term_string}\"},\"query-input\":{\"@type\":\"PropertyValueSpecification\",\"valueRequired\":true,\"valueName\":\"search_term_string\"}}],\"inLanguage\":\"en-GB\"},{\"@type\":\"Organization\",\"@id\":\"https:\\\/\\\/matis.is\\\/#organization\",\"name\":\"Mat\u00eds ohf.\",\"url\":\"https:\\\/\\\/matis.is\\\/\",\"logo\":{\"@type\":\"ImageObject\",\"inLanguage\":\"en-GB\",\"@id\":\"https:\\\/\\\/matis.is\\\/#\\\/schema\\\/logo\\\/image\\\/\",\"url\":\"https:\\\/\\\/matis.is\\\/wp-content\\\/uploads\\\/2021\\\/02\\\/matis_logo_blatthvitt.png\",\"contentUrl\":\"https:\\\/\\\/matis.is\\\/wp-content\\\/uploads\\\/2021\\\/02\\\/matis_logo_blatthvitt.png\",\"width\":1507,\"height\":1507,\"caption\":\"Mat\u00eds ohf.\"},\"image\":{\"@id\":\"https:\\\/\\\/matis.is\\\/#\\\/schema\\\/logo\\\/image\\\/\"},\"sameAs\":[\"https:\\\/\\\/www.facebook.com\\\/matisiceland\",\"https:\\\/\\\/x.com\\\/matisiceland\",\"https:\\\/\\\/www.instagram.com\\\/matisiceland\\\/\",\"https:\\\/\\\/www.linkedin.com\\\/matisiceland\\\/\",\"https:\\\/\\\/www.youtube.com\\\/channel\\\/UCY-frt3uTqgVZW-DLjoo5bA\"]},{\"@type\":\"Person\",\"@id\":\"https:\\\/\\\/matis.is\\\/#\\\/schema\\\/person\\\/33b92c850c915c93e67f291e3381a49a\",\"name\":\"admin\",\"sameAs\":[\"https:\\\/\\\/matis.mareframe.eu\"],\"url\":\"https:\\\/\\\/matis.is\\\/en\\\/author\\\/thormodurmatis-is\\\/\"}]}<\/script>\n<!-- \/ Yoast SEO plugin. -->","yoast_head_json":{"title":"Does aquaculture promote positive rural development? - Mat\u00eds","robots":{"index":"index","follow":"follow","max-snippet":"max-snippet:-1","max-image-preview":"max-image-preview:large","max-video-preview":"max-video-preview:-1"},"canonical":"https:\/\/matis.is\/en\/frettir\/ytir-fiskeldi-undir-jakvaeda-byggdathroun\/","og_locale":"en_GB","og_type":"article","og_title":"\u00ddtir fiskeldi undir j\u00e1kv\u00e6\u00f0a bygg\u00f0a\u00fer\u00f3un? - Mat\u00eds","og_description":"Samkv\u00e6mt grein \u00e1&nbsp;www.visir.is&nbsp;hefur or\u00f0i\u00f0 f\u00f3lksfj\u00f6lgun \u00e1 sunnanver\u00f0um Vestfj\u00f6r\u00f0um \u00e1 s\u00ed\u00f0astli\u00f0num tveimur \u00e1rum \u00ed tengslum vi\u00f0 auki\u00f0 fiskeldi \u00e1 sv\u00e6\u00f0inu. \u00dear [&hellip;]","og_url":"https:\/\/matis.is\/en\/frettir\/ytir-fiskeldi-undir-jakvaeda-byggdathroun\/","og_site_name":"Mat\u00eds","article_publisher":"https:\/\/www.facebook.com\/matisiceland","article_published_time":"2014-06-13T11:07:00+00:00","article_modified_time":"2021-07-30T11:09:58+00:00","og_image":[{"width":1155,"height":420,"url":"https:\/\/matis.is\/wp-content\/uploads\/Fiskeldi-2.jpg","type":"image\/jpeg"}],"author":"admin","twitter_card":"summary_large_image","twitter_creator":"@matisiceland","twitter_site":"@matisiceland","twitter_misc":{"Written by":"admin","Estimated reading time":"2 minutes"},"schema":{"@context":"https:\/\/schema.org","@graph":[{"@type":"Article","@id":"https:\/\/matis.is\/frettir\/ytir-fiskeldi-undir-jakvaeda-byggdathroun\/#article","isPartOf":{"@id":"https:\/\/matis.is\/frettir\/ytir-fiskeldi-undir-jakvaeda-byggdathroun\/"},"author":{"name":"admin","@id":"https:\/\/matis.is\/#\/schema\/person\/33b92c850c915c93e67f291e3381a49a"},"headline":"\u00ddtir fiskeldi undir j\u00e1kv\u00e6\u00f0a bygg\u00f0a\u00fer\u00f3un?","datePublished":"2014-06-13T11:07:00+00:00","dateModified":"2021-07-30T11:09:58+00:00","mainEntityOfPage":{"@id":"https:\/\/matis.is\/frettir\/ytir-fiskeldi-undir-jakvaeda-byggdathroun\/"},"wordCount":512,"publisher":{"@id":"https:\/\/matis.is\/#organization"},"image":{"@id":"https:\/\/matis.is\/frettir\/ytir-fiskeldi-undir-jakvaeda-byggdathroun\/#primaryimage"},"thumbnailUrl":"https:\/\/matis.is\/wp-content\/uploads\/Fiskeldi-2.jpg","articleSection":["Fr\u00e9ttir"],"inLanguage":"en-GB"},{"@type":"WebPage","@id":"https:\/\/matis.is\/frettir\/ytir-fiskeldi-undir-jakvaeda-byggdathroun\/","url":"https:\/\/matis.is\/frettir\/ytir-fiskeldi-undir-jakvaeda-byggdathroun\/","name":"Does aquaculture promote positive rural development? - Mat\u00eds","isPartOf":{"@id":"https:\/\/matis.is\/#website"},"primaryImageOfPage":{"@id":"https:\/\/matis.is\/frettir\/ytir-fiskeldi-undir-jakvaeda-byggdathroun\/#primaryimage"},"image":{"@id":"https:\/\/matis.is\/frettir\/ytir-fiskeldi-undir-jakvaeda-byggdathroun\/#primaryimage"},"thumbnailUrl":"https:\/\/matis.is\/wp-content\/uploads\/Fiskeldi-2.jpg","datePublished":"2014-06-13T11:07:00+00:00","dateModified":"2021-07-30T11:09:58+00:00","breadcrumb":{"@id":"https:\/\/matis.is\/frettir\/ytir-fiskeldi-undir-jakvaeda-byggdathroun\/#breadcrumb"},"inLanguage":"en-GB","potentialAction":[{"@type":"ReadAction","target":["https:\/\/matis.is\/frettir\/ytir-fiskeldi-undir-jakvaeda-byggdathroun\/"]}]},{"@type":"ImageObject","inLanguage":"en-GB","@id":"https:\/\/matis.is\/frettir\/ytir-fiskeldi-undir-jakvaeda-byggdathroun\/#primaryimage","url":"https:\/\/matis.is\/wp-content\/uploads\/Fiskeldi-2.jpg","contentUrl":"https:\/\/matis.is\/wp-content\/uploads\/Fiskeldi-2.jpg","width":1155,"height":420},{"@type":"BreadcrumbList","@id":"https:\/\/matis.is\/frettir\/ytir-fiskeldi-undir-jakvaeda-byggdathroun\/#breadcrumb","itemListElement":[{"@type":"ListItem","position":1,"name":"Home","item":"https:\/\/matis.is\/"},{"@type":"ListItem","position":2,"name":"\u00ddtir fiskeldi undir j\u00e1kv\u00e6\u00f0a bygg\u00f0a\u00fer\u00f3un?"}]},{"@type":"WebSite","@id":"https:\/\/matis.is\/#website","url":"https:\/\/matis.is\/","name":"Mat\u00eds","description":"Value creation, food security and public health","publisher":{"@id":"https:\/\/matis.is\/#organization"},"potentialAction":[{"@type":"SearchAction","target":{"@type":"EntryPoint","urlTemplate":"https:\/\/matis.is\/?s={search_term_string}"},"query-input":{"@type":"PropertyValueSpecification","valueRequired":true,"valueName":"search_term_string"}}],"inLanguage":"en-GB"},{"@type":"Organization","@id":"https:\/\/matis.is\/#organization","name":"Mat\u00eds ohf.","url":"https:\/\/matis.is\/","logo":{"@type":"ImageObject","inLanguage":"en-GB","@id":"https:\/\/matis.is\/#\/schema\/logo\/image\/","url":"https:\/\/matis.is\/wp-content\/uploads\/2021\/02\/matis_logo_blatthvitt.png","contentUrl":"https:\/\/matis.is\/wp-content\/uploads\/2021\/02\/matis_logo_blatthvitt.png","width":1507,"height":1507,"caption":"Mat\u00eds ohf."},"image":{"@id":"https:\/\/matis.is\/#\/schema\/logo\/image\/"},"sameAs":["https:\/\/www.facebook.com\/matisiceland","https:\/\/x.com\/matisiceland","https:\/\/www.instagram.com\/matisiceland\/","https:\/\/www.linkedin.com\/matisiceland\/","https:\/\/www.youtube.com\/channel\/UCY-frt3uTqgVZW-DLjoo5bA"]},{"@type":"Person","@id":"https:\/\/matis.is\/#\/schema\/person\/33b92c850c915c93e67f291e3381a49a","name":"admin","sameAs":["https:\/\/matis.mareframe.eu"],"url":"https:\/\/matis.is\/en\/author\/thormodurmatis-is\/"}]}},"spectra_custom_meta":{"_edit_lock":["1627643399:5"],"_wp_old_date":["2021-07-30"],"_oembed_1c3c7102a403fa352fd6c933c934a967":["<iframe title=\"Starfsst\u00f6\u00f0 Mat\u00eds \u00e1 Patreksfir\u00f0i\" width=\"580\" height=\"326\" src=\"https:\/\/www.youtube.com\/embed\/bbVMoQ9rnq0?list=PLZGs8XSSa2cJ624eO8Fzj29ns-B8bs7sl\" frameborder=\"0\" allow=\"accelerometer; autoplay; clipboard-write; encrypted-media; gyroscope; picture-in-picture\" allowfullscreen><\/iframe>"],"_oembed_time_1c3c7102a403fa352fd6c933c934a967":["1627643397"],"_thumbnail_id":["40221"],"_wp_page_template":["templates\/template-cover.php"],"_edit_last":["5"],"tengilidur":[""],"_tengilidur":["field_5ef905e0538b2"],"_yoast_wpseo_primary_category":["1973"],"_yoast_wpseo_content_score":["30"],"_yoast_wpseo_estimated-reading-time-minutes":["2"],"wpmm_postgrid_views":["317"],"_oembed_4d558eb0788e6fb551c839666cdb1ec5":["{{unknown}}"],"_oembed_e59bcfd0f7ad7d306eac54cefb1196c4":["{{unknown}}"],"_oembed_20a578998b639122c3ce6e9ed82c750d":["{{unknown}}"],"_uag_css_file_name":["uag-css-41309.css"],"_uag_page_assets":["a:9:{s:3:\"css\";s:263:\".uag-blocks-common-selector{z-index:var(--z-index-desktop) !important}@media (max-width: 976px){.uag-blocks-common-selector{z-index:var(--z-index-tablet) !important}}@media (max-width: 767px){.uag-blocks-common-selector{z-index:var(--z-index-mobile) !important}}\n\";s:2:\"js\";s:0:\"\";s:18:\"current_block_list\";a:7:{i:0;s:12:\"core\/heading\";i:1;s:14:\"core\/paragraph\";i:2;s:10:\"core\/embed\";i:3;s:12:\"core\/buttons\";i:4;s:11:\"core\/button\";i:5;s:12:\"core\/columns\";i:6;s:11:\"core\/column\";}s:8:\"uag_flag\";b:0;s:11:\"uag_version\";s:10:\"1777300790\";s:6:\"gfonts\";a:0:{}s:10:\"gfonts_url\";s:0:\"\";s:12:\"gfonts_files\";a:0:{}s:14:\"uag_faq_layout\";b:0;}"]},"uagb_featured_image_src":{"full":["https:\/\/matis.is\/wp-content\/uploads\/Fiskeldi-2.jpg",1155,420,false],"thumbnail":["https:\/\/matis.is\/wp-content\/uploads\/Fiskeldi-2-150x150.jpg",150,150,true],"medium":["https:\/\/matis.is\/wp-content\/uploads\/Fiskeldi-2-300x109.jpg",300,109,true],"medium_large":["https:\/\/matis.is\/wp-content\/uploads\/Fiskeldi-2-768x279.jpg",768,279,true],"large":["https:\/\/matis.is\/wp-content\/uploads\/Fiskeldi-2-1024x372.jpg",1024,372,true],"1536x1536":["https:\/\/matis.is\/wp-content\/uploads\/Fiskeldi-2.jpg",1155,420,false],"2048x2048":["https:\/\/matis.is\/wp-content\/uploads\/Fiskeldi-2.jpg",1155,420,false],"trp-custom-language-flag":["https:\/\/matis.is\/wp-content\/uploads\/Fiskeldi-2.jpg",18,7,false]},"uagb_author_info":{"display_name":"admin","author_link":"https:\/\/matis.is\/en\/author\/thormodurmatis-is\/"},"uagb_comment_info":0,"uagb_excerpt":"Samkv\u00e6mt grein \u00e1&nbsp;www.visir.is&nbsp;hefur or\u00f0i\u00f0 f\u00f3lksfj\u00f6lgun \u00e1 sunnanver\u00f0um Vestfj\u00f6r\u00f0um \u00e1 s\u00ed\u00f0astli\u00f0num tveimur \u00e1rum \u00ed tengslum vi\u00f0 auki\u00f0 fiskeldi \u00e1 sv\u00e6\u00f0inu. \u00dear [&hellip;]","_links":{"self":[{"href":"https:\/\/matis.is\/en\/wp-json\/wp\/v2\/posts\/41309","targetHints":{"allow":["GET"]}}],"collection":[{"href":"https:\/\/matis.is\/en\/wp-json\/wp\/v2\/posts"}],"about":[{"href":"https:\/\/matis.is\/en\/wp-json\/wp\/v2\/types\/post"}],"author":[{"embeddable":true,"href":"https:\/\/matis.is\/en\/wp-json\/wp\/v2\/users\/1"}],"replies":[{"embeddable":true,"href":"https:\/\/matis.is\/en\/wp-json\/wp\/v2\/comments?post=41309"}],"version-history":[{"count":1,"href":"https:\/\/matis.is\/en\/wp-json\/wp\/v2\/posts\/41309\/revisions"}],"predecessor-version":[{"id":41310,"href":"https:\/\/matis.is\/en\/wp-json\/wp\/v2\/posts\/41309\/revisions\/41310"}],"wp:featuredmedia":[{"embeddable":true,"href":"https:\/\/matis.is\/en\/wp-json\/wp\/v2\/media\/40221"}],"wp:attachment":[{"href":"https:\/\/matis.is\/en\/wp-json\/wp\/v2\/media?parent=41309"}],"wp:term":[{"taxonomy":"category","embeddable":true,"href":"https:\/\/matis.is\/en\/wp-json\/wp\/v2\/categories?post=41309"},{"taxonomy":"post_tag","embeddable":true,"href":"https:\/\/matis.is\/en\/wp-json\/wp\/v2\/tags?post=41309"}],"curies":[{"name":"wp","href":"https:\/\/api.w.org\/{rel}","templated":true}]}}