{"id":41453,"date":"2014-01-21T10:20:00","date_gmt":"2014-01-21T10:20:00","guid":{"rendered":"https:\/\/matis.is\/?p=41453"},"modified":"2021-08-03T10:22:08","modified_gmt":"2021-08-03T10:22:08","slug":"aukid-matvaelaoryggi-a-islandi-2","status":"publish","type":"post","link":"https:\/\/matis.is\/en\/frettir\/aukid-matvaelaoryggi-a-islandi-2\/","title":{"rendered":"Increased food security in Iceland"},"content":{"rendered":"<h4 class=\"wp-block-heading\">Co-operation project between the German and Icelandic governments,&nbsp;<em>Safe foods<\/em>, has now been launched. The main purpose of the project is to increase food safety and consumer protection in Iceland by increasing the monitoring of undesirable substances in food.<\/h4>\n\n\n\n<p><em>Safe foods<\/em>&nbsp;enables the Icelandic authorities, the Food Administration and the municipal health inspectorate to better enforce legislation on food safety and consumer protection, which has already been implemented through the EEA Agreement. The project includes the purchase and installation of research equipment and training in accredited chemical analysis and monitoring work. With improved equipment, it will be possible to perform many more measurements domestically than is currently the case, such as measurements of algae toxins in shellfish and measurements of 300 pesticides in food instead of the 60 currently measured.<\/p>\n\n\n\n<p><em>Safe foods<\/em>&nbsp;was originally part of the IPA plan for Iceland&#039;s accession negotiations with the EU, but has now been implemented in the form of a bilateral project between the German and Icelandic governments. The project is carried out in collaboration with Mat\u00eds, Matv\u00e6lastofnun, the Ministry of Industry and Innovation, the Federal Ministry of Food and Agriculture (BMEL), the Federal Institute for Risk Assessment (BfR) and the Lower Saxony State Office for Consumer Protection and Food Safety (LAVES) in Germany.<\/p>\n\n\n\n<p>Further information can be found in the document&nbsp;<a target=\"_blank\" href=\"https:\/\/gamla.matis.is\/media\/frettir\/Oruggmatvaeli_itarefni.pdf\" rel=\"noreferrer noopener\">Safe foods | Actions and yields<\/a>&nbsp;and at&nbsp;<a target=\"_blank\" href=\"http:\/\/mast.is\/default.aspx?id=2425e997-baed-410b-b424-f6bc39383d34#selected\" rel=\"noreferrer noopener\">Margr\u00e9t Bj\u00f6rk Sigur\u00f0ard\u00f3ttir<\/a>&nbsp;at the Food Administration (MAST) and&nbsp;<a href=\"https:\/\/gamla.matis.is\/matis\/mannaudur\/starfsfolk-og-simanumer\/persona\/30\/fyrirtaeki\/1\">Helga Gunnlaugsd\u00f3ttir<\/a>&nbsp;at Mat\u00eds.<\/p>","protected":false},"excerpt":{"rendered":"<p>Samstarfsverkefni \u00fe\u00fdskra og \u00edslenskra stj\u00f3rnvalda,&nbsp;\u00d6rugg matv\u00e6li, hefur n\u00fa veri\u00f0 hrint \u00far v\u00f6r. Megintilgangur verkefnisins er a\u00f0 auka matv\u00e6la\u00f6ryggi og neytendavernd [&hellip;]<\/p>\n","protected":false},"author":1,"featured_media":39551,"comment_status":"closed","ping_status":"closed","sticky":false,"template":"templates\/template-cover.php","format":"standard","meta":{"_acf_changed":false,"_uag_custom_page_level_css":"","site-sidebar-layout":"default","site-content-layout":"","ast-site-content-layout":"default","site-content-style":"default","site-sidebar-style":"default","ast-global-header-display":"","ast-banner-title-visibility":"","ast-main-header-display":"","ast-hfb-above-header-display":"","ast-hfb-below-header-display":"","ast-hfb-mobile-header-display":"","site-post-title":"","ast-breadcrumbs-content":"","ast-featured-img":"","footer-sml-layout":"","ast-disable-related-posts":"","theme-transparent-header-meta":"","adv-header-id-meta":"","stick-header-meta":"","header-above-stick-meta":"","header-main-stick-meta":"","header-below-stick-meta":"","astra-migrate-meta-layouts":"default","ast-page-background-enabled":"default","ast-page-background-meta":{"desktop":{"background-color":"var(--ast-global-color-5)","background-image":"","background-repeat":"repeat","background-position":"center center","background-size":"auto","background-attachment":"scroll","background-type":"","background-media":"","overlay-type":"","overlay-color":"","overlay-opacity":"","overlay-gradient":""},"tablet":{"background-color":"","background-image":"","background-repeat":"repeat","background-position":"center center","background-size":"auto","background-attachment":"scroll","background-type":"","background-media":"","overlay-type":"","overlay-color":"","overlay-opacity":"","overlay-gradient":""},"mobile":{"background-color":"","background-image":"","background-repeat":"repeat","background-position":"center center","background-size":"auto","background-attachment":"scroll","background-type":"","background-media":"","overlay-type":"","overlay-color":"","overlay-opacity":"","overlay-gradient":""}},"ast-content-background-meta":{"desktop":{"background-color":"var(--ast-global-color-4)","background-image":"","background-repeat":"repeat","background-position":"center center","background-size":"auto","background-attachment":"scroll","background-type":"","background-media":"","overlay-type":"","overlay-color":"","overlay-opacity":"","overlay-gradient":""},"tablet":{"background-color":"var(--ast-global-color-4)","background-image":"","background-repeat":"repeat","background-position":"center center","background-size":"auto","background-attachment":"scroll","background-type":"","background-media":"","overlay-type":"","overlay-color":"","overlay-opacity":"","overlay-gradient":""},"mobile":{"background-color":"var(--ast-global-color-4)","background-image":"","background-repeat":"repeat","background-position":"center center","background-size":"auto","background-attachment":"scroll","background-type":"","background-media":"","overlay-type":"","overlay-color":"","overlay-opacity":"","overlay-gradient":""}},"footnotes":""},"categories":[1973],"tags":[],"class_list":["post-41453","post","type-post","status-publish","format-standard","has-post-thumbnail","hentry","category-frettir"],"acf":[],"yoast_head":"<!-- This site is optimized with the Yoast SEO plugin v27.4 - https:\/\/yoast.com\/product\/yoast-seo-wordpress\/ -->\n<title>Auki\u00f0 matv\u00e6la\u00f6ryggi \u00e1 \u00cdslandi - Mat\u00eds<\/title>\n<meta name=\"robots\" content=\"index, follow, max-snippet:-1, max-image-preview:large, max-video-preview:-1\" \/>\n<link rel=\"canonical\" href=\"https:\/\/matis.is\/en\/frettir\/aukid-matvaelaoryggi-a-islandi-2\/\" \/>\n<meta property=\"og:locale\" content=\"en_GB\" \/>\n<meta property=\"og:type\" content=\"article\" \/>\n<meta property=\"og:title\" content=\"Auki\u00f0 matv\u00e6la\u00f6ryggi \u00e1 \u00cdslandi - Mat\u00eds\" \/>\n<meta property=\"og:description\" content=\"Samstarfsverkefni \u00fe\u00fdskra og \u00edslenskra stj\u00f3rnvalda,&nbsp;\u00d6rugg matv\u00e6li, hefur n\u00fa veri\u00f0 hrint \u00far v\u00f6r. Megintilgangur verkefnisins er a\u00f0 auka matv\u00e6la\u00f6ryggi og neytendavernd [&hellip;]\" \/>\n<meta property=\"og:url\" content=\"https:\/\/matis.is\/en\/frettir\/aukid-matvaelaoryggi-a-islandi-2\/\" \/>\n<meta property=\"og:site_name\" content=\"Mat\u00eds\" \/>\n<meta property=\"article:publisher\" content=\"https:\/\/www.facebook.com\/matisiceland\" \/>\n<meta property=\"article:published_time\" content=\"2014-01-21T10:20:00+00:00\" \/>\n<meta property=\"article:modified_time\" content=\"2021-08-03T10:22:08+00:00\" \/>\n<meta property=\"og:image\" content=\"https:\/\/matis.is\/wp-content\/uploads\/iStock_School_kids_food_medium.jpg\" \/>\n\t<meta property=\"og:image:width\" content=\"1155\" \/>\n\t<meta property=\"og:image:height\" content=\"420\" \/>\n\t<meta property=\"og:image:type\" content=\"image\/jpeg\" \/>\n<meta name=\"author\" content=\"admin\" \/>\n<meta name=\"twitter:card\" content=\"summary_large_image\" \/>\n<meta name=\"twitter:creator\" content=\"@matisiceland\" \/>\n<meta name=\"twitter:site\" content=\"@matisiceland\" \/>\n<meta name=\"twitter:label1\" content=\"Written by\" \/>\n\t<meta name=\"twitter:data1\" content=\"admin\" \/>\n\t<meta name=\"twitter:label2\" content=\"Estimated reading time\" \/>\n\t<meta name=\"twitter:data2\" content=\"1 minute\" \/>\n<script type=\"application\/ld+json\" class=\"yoast-schema-graph\">{\"@context\":\"https:\\\/\\\/schema.org\",\"@graph\":[{\"@type\":\"Article\",\"@id\":\"https:\\\/\\\/matis.is\\\/frettir\\\/aukid-matvaelaoryggi-a-islandi-2\\\/#article\",\"isPartOf\":{\"@id\":\"https:\\\/\\\/matis.is\\\/frettir\\\/aukid-matvaelaoryggi-a-islandi-2\\\/\"},\"author\":{\"name\":\"admin\",\"@id\":\"https:\\\/\\\/matis.is\\\/#\\\/schema\\\/person\\\/33b92c850c915c93e67f291e3381a49a\"},\"headline\":\"Auki\u00f0 matv\u00e6la\u00f6ryggi \u00e1 \u00cdslandi\",\"datePublished\":\"2014-01-21T10:20:00+00:00\",\"dateModified\":\"2021-08-03T10:22:08+00:00\",\"mainEntityOfPage\":{\"@id\":\"https:\\\/\\\/matis.is\\\/frettir\\\/aukid-matvaelaoryggi-a-islandi-2\\\/\"},\"wordCount\":256,\"publisher\":{\"@id\":\"https:\\\/\\\/matis.is\\\/#organization\"},\"image\":{\"@id\":\"https:\\\/\\\/matis.is\\\/frettir\\\/aukid-matvaelaoryggi-a-islandi-2\\\/#primaryimage\"},\"thumbnailUrl\":\"https:\\\/\\\/matis.is\\\/wp-content\\\/uploads\\\/iStock_School_kids_food_medium.jpg\",\"articleSection\":[\"Fr\u00e9ttir\"],\"inLanguage\":\"en-GB\"},{\"@type\":\"WebPage\",\"@id\":\"https:\\\/\\\/matis.is\\\/frettir\\\/aukid-matvaelaoryggi-a-islandi-2\\\/\",\"url\":\"https:\\\/\\\/matis.is\\\/frettir\\\/aukid-matvaelaoryggi-a-islandi-2\\\/\",\"name\":\"Auki\u00f0 matv\u00e6la\u00f6ryggi \u00e1 \u00cdslandi - Mat\u00eds\",\"isPartOf\":{\"@id\":\"https:\\\/\\\/matis.is\\\/#website\"},\"primaryImageOfPage\":{\"@id\":\"https:\\\/\\\/matis.is\\\/frettir\\\/aukid-matvaelaoryggi-a-islandi-2\\\/#primaryimage\"},\"image\":{\"@id\":\"https:\\\/\\\/matis.is\\\/frettir\\\/aukid-matvaelaoryggi-a-islandi-2\\\/#primaryimage\"},\"thumbnailUrl\":\"https:\\\/\\\/matis.is\\\/wp-content\\\/uploads\\\/iStock_School_kids_food_medium.jpg\",\"datePublished\":\"2014-01-21T10:20:00+00:00\",\"dateModified\":\"2021-08-03T10:22:08+00:00\",\"breadcrumb\":{\"@id\":\"https:\\\/\\\/matis.is\\\/frettir\\\/aukid-matvaelaoryggi-a-islandi-2\\\/#breadcrumb\"},\"inLanguage\":\"en-GB\",\"potentialAction\":[{\"@type\":\"ReadAction\",\"target\":[\"https:\\\/\\\/matis.is\\\/frettir\\\/aukid-matvaelaoryggi-a-islandi-2\\\/\"]}]},{\"@type\":\"ImageObject\",\"inLanguage\":\"en-GB\",\"@id\":\"https:\\\/\\\/matis.is\\\/frettir\\\/aukid-matvaelaoryggi-a-islandi-2\\\/#primaryimage\",\"url\":\"https:\\\/\\\/matis.is\\\/wp-content\\\/uploads\\\/iStock_School_kids_food_medium.jpg\",\"contentUrl\":\"https:\\\/\\\/matis.is\\\/wp-content\\\/uploads\\\/iStock_School_kids_food_medium.jpg\",\"width\":1155,\"height\":420},{\"@type\":\"BreadcrumbList\",\"@id\":\"https:\\\/\\\/matis.is\\\/frettir\\\/aukid-matvaelaoryggi-a-islandi-2\\\/#breadcrumb\",\"itemListElement\":[{\"@type\":\"ListItem\",\"position\":1,\"name\":\"Home\",\"item\":\"https:\\\/\\\/matis.is\\\/\"},{\"@type\":\"ListItem\",\"position\":2,\"name\":\"Auki\u00f0 matv\u00e6la\u00f6ryggi \u00e1 \u00cdslandi\"}]},{\"@type\":\"WebSite\",\"@id\":\"https:\\\/\\\/matis.is\\\/#website\",\"url\":\"https:\\\/\\\/matis.is\\\/\",\"name\":\"Mat\u00eds\",\"description\":\"Ver\u00f0m\u00e6task\u00f6pun, matv\u00e6la\u00f6ryggi og l\u00fd\u00f0heilsa\",\"publisher\":{\"@id\":\"https:\\\/\\\/matis.is\\\/#organization\"},\"potentialAction\":[{\"@type\":\"SearchAction\",\"target\":{\"@type\":\"EntryPoint\",\"urlTemplate\":\"https:\\\/\\\/matis.is\\\/?s={search_term_string}\"},\"query-input\":{\"@type\":\"PropertyValueSpecification\",\"valueRequired\":true,\"valueName\":\"search_term_string\"}}],\"inLanguage\":\"en-GB\"},{\"@type\":\"Organization\",\"@id\":\"https:\\\/\\\/matis.is\\\/#organization\",\"name\":\"Mat\u00eds ohf.\",\"url\":\"https:\\\/\\\/matis.is\\\/\",\"logo\":{\"@type\":\"ImageObject\",\"inLanguage\":\"en-GB\",\"@id\":\"https:\\\/\\\/matis.is\\\/#\\\/schema\\\/logo\\\/image\\\/\",\"url\":\"https:\\\/\\\/matis.is\\\/wp-content\\\/uploads\\\/2021\\\/02\\\/matis_logo_blatthvitt.png\",\"contentUrl\":\"https:\\\/\\\/matis.is\\\/wp-content\\\/uploads\\\/2021\\\/02\\\/matis_logo_blatthvitt.png\",\"width\":1507,\"height\":1507,\"caption\":\"Mat\u00eds ohf.\"},\"image\":{\"@id\":\"https:\\\/\\\/matis.is\\\/#\\\/schema\\\/logo\\\/image\\\/\"},\"sameAs\":[\"https:\\\/\\\/www.facebook.com\\\/matisiceland\",\"https:\\\/\\\/x.com\\\/matisiceland\",\"https:\\\/\\\/www.instagram.com\\\/matisiceland\\\/\",\"https:\\\/\\\/www.linkedin.com\\\/matisiceland\\\/\",\"https:\\\/\\\/www.youtube.com\\\/channel\\\/UCY-frt3uTqgVZW-DLjoo5bA\"]},{\"@type\":\"Person\",\"@id\":\"https:\\\/\\\/matis.is\\\/#\\\/schema\\\/person\\\/33b92c850c915c93e67f291e3381a49a\",\"name\":\"admin\",\"sameAs\":[\"https:\\\/\\\/matis.mareframe.eu\"],\"url\":\"https:\\\/\\\/matis.is\\\/en\\\/author\\\/thormodurmatis-is\\\/\"}]}<\/script>\n<!-- \/ Yoast SEO plugin. -->","yoast_head_json":{"title":"Increased food security in Iceland - Mat\u00eds","robots":{"index":"index","follow":"follow","max-snippet":"max-snippet:-1","max-image-preview":"max-image-preview:large","max-video-preview":"max-video-preview:-1"},"canonical":"https:\/\/matis.is\/en\/frettir\/aukid-matvaelaoryggi-a-islandi-2\/","og_locale":"en_GB","og_type":"article","og_title":"Auki\u00f0 matv\u00e6la\u00f6ryggi \u00e1 \u00cdslandi - Mat\u00eds","og_description":"Samstarfsverkefni \u00fe\u00fdskra og \u00edslenskra stj\u00f3rnvalda,&nbsp;\u00d6rugg matv\u00e6li, hefur n\u00fa veri\u00f0 hrint \u00far v\u00f6r. Megintilgangur verkefnisins er a\u00f0 auka matv\u00e6la\u00f6ryggi og neytendavernd [&hellip;]","og_url":"https:\/\/matis.is\/en\/frettir\/aukid-matvaelaoryggi-a-islandi-2\/","og_site_name":"Mat\u00eds","article_publisher":"https:\/\/www.facebook.com\/matisiceland","article_published_time":"2014-01-21T10:20:00+00:00","article_modified_time":"2021-08-03T10:22:08+00:00","og_image":[{"width":1155,"height":420,"url":"https:\/\/matis.is\/wp-content\/uploads\/iStock_School_kids_food_medium.jpg","type":"image\/jpeg"}],"author":"admin","twitter_card":"summary_large_image","twitter_creator":"@matisiceland","twitter_site":"@matisiceland","twitter_misc":{"Written by":"admin","Estimated reading time":"1 minute"},"schema":{"@context":"https:\/\/schema.org","@graph":[{"@type":"Article","@id":"https:\/\/matis.is\/frettir\/aukid-matvaelaoryggi-a-islandi-2\/#article","isPartOf":{"@id":"https:\/\/matis.is\/frettir\/aukid-matvaelaoryggi-a-islandi-2\/"},"author":{"name":"admin","@id":"https:\/\/matis.is\/#\/schema\/person\/33b92c850c915c93e67f291e3381a49a"},"headline":"Auki\u00f0 matv\u00e6la\u00f6ryggi \u00e1 \u00cdslandi","datePublished":"2014-01-21T10:20:00+00:00","dateModified":"2021-08-03T10:22:08+00:00","mainEntityOfPage":{"@id":"https:\/\/matis.is\/frettir\/aukid-matvaelaoryggi-a-islandi-2\/"},"wordCount":256,"publisher":{"@id":"https:\/\/matis.is\/#organization"},"image":{"@id":"https:\/\/matis.is\/frettir\/aukid-matvaelaoryggi-a-islandi-2\/#primaryimage"},"thumbnailUrl":"https:\/\/matis.is\/wp-content\/uploads\/iStock_School_kids_food_medium.jpg","articleSection":["Fr\u00e9ttir"],"inLanguage":"en-GB"},{"@type":"WebPage","@id":"https:\/\/matis.is\/frettir\/aukid-matvaelaoryggi-a-islandi-2\/","url":"https:\/\/matis.is\/frettir\/aukid-matvaelaoryggi-a-islandi-2\/","name":"Increased food security in Iceland - Mat\u00eds","isPartOf":{"@id":"https:\/\/matis.is\/#website"},"primaryImageOfPage":{"@id":"https:\/\/matis.is\/frettir\/aukid-matvaelaoryggi-a-islandi-2\/#primaryimage"},"image":{"@id":"https:\/\/matis.is\/frettir\/aukid-matvaelaoryggi-a-islandi-2\/#primaryimage"},"thumbnailUrl":"https:\/\/matis.is\/wp-content\/uploads\/iStock_School_kids_food_medium.jpg","datePublished":"2014-01-21T10:20:00+00:00","dateModified":"2021-08-03T10:22:08+00:00","breadcrumb":{"@id":"https:\/\/matis.is\/frettir\/aukid-matvaelaoryggi-a-islandi-2\/#breadcrumb"},"inLanguage":"en-GB","potentialAction":[{"@type":"ReadAction","target":["https:\/\/matis.is\/frettir\/aukid-matvaelaoryggi-a-islandi-2\/"]}]},{"@type":"ImageObject","inLanguage":"en-GB","@id":"https:\/\/matis.is\/frettir\/aukid-matvaelaoryggi-a-islandi-2\/#primaryimage","url":"https:\/\/matis.is\/wp-content\/uploads\/iStock_School_kids_food_medium.jpg","contentUrl":"https:\/\/matis.is\/wp-content\/uploads\/iStock_School_kids_food_medium.jpg","width":1155,"height":420},{"@type":"BreadcrumbList","@id":"https:\/\/matis.is\/frettir\/aukid-matvaelaoryggi-a-islandi-2\/#breadcrumb","itemListElement":[{"@type":"ListItem","position":1,"name":"Home","item":"https:\/\/matis.is\/"},{"@type":"ListItem","position":2,"name":"Auki\u00f0 matv\u00e6la\u00f6ryggi \u00e1 \u00cdslandi"}]},{"@type":"WebSite","@id":"https:\/\/matis.is\/#website","url":"https:\/\/matis.is\/","name":"Mat\u00eds","description":"Value creation, food security and public health","publisher":{"@id":"https:\/\/matis.is\/#organization"},"potentialAction":[{"@type":"SearchAction","target":{"@type":"EntryPoint","urlTemplate":"https:\/\/matis.is\/?s={search_term_string}"},"query-input":{"@type":"PropertyValueSpecification","valueRequired":true,"valueName":"search_term_string"}}],"inLanguage":"en-GB"},{"@type":"Organization","@id":"https:\/\/matis.is\/#organization","name":"Mat\u00eds ohf.","url":"https:\/\/matis.is\/","logo":{"@type":"ImageObject","inLanguage":"en-GB","@id":"https:\/\/matis.is\/#\/schema\/logo\/image\/","url":"https:\/\/matis.is\/wp-content\/uploads\/2021\/02\/matis_logo_blatthvitt.png","contentUrl":"https:\/\/matis.is\/wp-content\/uploads\/2021\/02\/matis_logo_blatthvitt.png","width":1507,"height":1507,"caption":"Mat\u00eds ohf."},"image":{"@id":"https:\/\/matis.is\/#\/schema\/logo\/image\/"},"sameAs":["https:\/\/www.facebook.com\/matisiceland","https:\/\/x.com\/matisiceland","https:\/\/www.instagram.com\/matisiceland\/","https:\/\/www.linkedin.com\/matisiceland\/","https:\/\/www.youtube.com\/channel\/UCY-frt3uTqgVZW-DLjoo5bA"]},{"@type":"Person","@id":"https:\/\/matis.is\/#\/schema\/person\/33b92c850c915c93e67f291e3381a49a","name":"admin","sameAs":["https:\/\/matis.mareframe.eu"],"url":"https:\/\/matis.is\/en\/author\/thormodurmatis-is\/"}]}},"spectra_custom_meta":{"_edit_lock":["1627986128:5"],"_wp_old_date":["2021-08-03"],"_thumbnail_id":["39551"],"_wp_page_template":["templates\/template-cover.php"],"_edit_last":["5"],"tengilidur":[""],"_tengilidur":["field_5ef905e0538b2"],"_yoast_wpseo_primary_category":["1973"],"_yoast_wpseo_content_score":["30"],"_yoast_wpseo_estimated-reading-time-minutes":["1"],"wpmm_postgrid_views":["312"],"_uag_css_file_name":["uag-css-41453.css"],"_uag_page_assets":["a:9:{s:3:\"css\";s:263:\".uag-blocks-common-selector{z-index:var(--z-index-desktop) !important}@media (max-width: 976px){.uag-blocks-common-selector{z-index:var(--z-index-tablet) !important}}@media (max-width: 767px){.uag-blocks-common-selector{z-index:var(--z-index-mobile) !important}}\n\";s:2:\"js\";s:0:\"\";s:18:\"current_block_list\";a:6:{i:0;s:12:\"core\/heading\";i:1;s:14:\"core\/paragraph\";i:2;s:12:\"core\/buttons\";i:3;s:11:\"core\/button\";i:4;s:12:\"core\/columns\";i:5;s:11:\"core\/column\";}s:8:\"uag_flag\";b:0;s:11:\"uag_version\";s:10:\"1777477098\";s:6:\"gfonts\";a:0:{}s:10:\"gfonts_url\";s:0:\"\";s:12:\"gfonts_files\";a:0:{}s:14:\"uag_faq_layout\";b:0;}"]},"uagb_featured_image_src":{"full":["https:\/\/matis.is\/wp-content\/uploads\/iStock_School_kids_food_medium.jpg",1155,420,false],"thumbnail":["https:\/\/matis.is\/wp-content\/uploads\/iStock_School_kids_food_medium-150x150.jpg",150,150,true],"medium":["https:\/\/matis.is\/wp-content\/uploads\/iStock_School_kids_food_medium-300x109.jpg",300,109,true],"medium_large":["https:\/\/matis.is\/wp-content\/uploads\/iStock_School_kids_food_medium-768x279.jpg",768,279,true],"large":["https:\/\/matis.is\/wp-content\/uploads\/iStock_School_kids_food_medium-1024x372.jpg",1024,372,true],"1536x1536":["https:\/\/matis.is\/wp-content\/uploads\/iStock_School_kids_food_medium.jpg",1155,420,false],"2048x2048":["https:\/\/matis.is\/wp-content\/uploads\/iStock_School_kids_food_medium.jpg",1155,420,false],"trp-custom-language-flag":["https:\/\/matis.is\/wp-content\/uploads\/iStock_School_kids_food_medium.jpg",18,7,false]},"uagb_author_info":{"display_name":"admin","author_link":"https:\/\/matis.is\/en\/author\/thormodurmatis-is\/"},"uagb_comment_info":0,"uagb_excerpt":"Samstarfsverkefni \u00fe\u00fdskra og \u00edslenskra stj\u00f3rnvalda,&nbsp;\u00d6rugg matv\u00e6li, hefur n\u00fa veri\u00f0 hrint \u00far v\u00f6r. Megintilgangur verkefnisins er a\u00f0 auka matv\u00e6la\u00f6ryggi og neytendavernd [&hellip;]","_links":{"self":[{"href":"https:\/\/matis.is\/en\/wp-json\/wp\/v2\/posts\/41453","targetHints":{"allow":["GET"]}}],"collection":[{"href":"https:\/\/matis.is\/en\/wp-json\/wp\/v2\/posts"}],"about":[{"href":"https:\/\/matis.is\/en\/wp-json\/wp\/v2\/types\/post"}],"author":[{"embeddable":true,"href":"https:\/\/matis.is\/en\/wp-json\/wp\/v2\/users\/1"}],"replies":[{"embeddable":true,"href":"https:\/\/matis.is\/en\/wp-json\/wp\/v2\/comments?post=41453"}],"version-history":[{"count":1,"href":"https:\/\/matis.is\/en\/wp-json\/wp\/v2\/posts\/41453\/revisions"}],"predecessor-version":[{"id":41454,"href":"https:\/\/matis.is\/en\/wp-json\/wp\/v2\/posts\/41453\/revisions\/41454"}],"wp:featuredmedia":[{"embeddable":true,"href":"https:\/\/matis.is\/en\/wp-json\/wp\/v2\/media\/39551"}],"wp:attachment":[{"href":"https:\/\/matis.is\/en\/wp-json\/wp\/v2\/media?parent=41453"}],"wp:term":[{"taxonomy":"category","embeddable":true,"href":"https:\/\/matis.is\/en\/wp-json\/wp\/v2\/categories?post=41453"},{"taxonomy":"post_tag","embeddable":true,"href":"https:\/\/matis.is\/en\/wp-json\/wp\/v2\/tags?post=41453"}],"curies":[{"name":"wp","href":"https:\/\/api.w.org\/{rel}","templated":true}]}}