{"id":41462,"date":"2014-01-10T11:40:00","date_gmt":"2014-01-10T11:40:00","guid":{"rendered":"https:\/\/matis.is\/?p=41462"},"modified":"2021-08-03T11:42:37","modified_gmt":"2021-08-03T11:42:37","slug":"viltu-vita-hver-lagmarkslaunin-eru-i-fyrirtaekinu-sem-framleidir-matvaelin-sem-thu-neytir","status":"publish","type":"post","link":"https:\/\/matis.is\/en\/frettir\/viltu-vita-hver-lagmarkslaunin-eru-i-fyrirtaekinu-sem-framleidir-matvaelin-sem-thu-neytir\/","title":{"rendered":"Want to know what the minimum wage is in the company that produces the food you consume?"},"content":{"rendered":"<h4 class=\"wp-block-heading\">Voices that consumers have accurate information about food are becoming more and more intense. Whether it is information on content, traceability or nutritional value, there are a large number of people, especially in Western societies, who consider themselves useful for such information.<\/h4>\n\n\n\n<h3 class=\"wp-block-heading\">But what is the value of the various information on food?<\/h3>\n\n\n\n<p>Technology is advancing in terms of data storage. The companies GS1 and Mat\u00eds have collaborated on, among other things, food traceability, but within GS1 there is extensive knowledge, for example, of the possible uses of bar labels. Many people want to say that the bar codes can be used much better than they are today, and GS1 is working on just that. For example, in the near future it may be possible to scan barcodes to obtain information not only about the name or price of a product but also about the origin of the product, the process the product has gone through in production and transport, facilities and the minimum wage of production workers. of the product, how much the production and transport of the product polluted (eg carbon footprint), ingredients, allergens and intolerances or nutritional value?<\/p>\n\n\n\n<p>If we specifically mention the origin and traceability of food, many Icelandic consumers have found it important to know where the food comes from or the raw materials used to produce it. Many also consider it important to be able to trace back all the steps of manufacturing, transporting and marketing a product, and some say that it is not possible to make an informed decision about purchasing a product until information on origin as well as traceability is available. The demand for this is becoming more and more intense, not least because of the consumer&#039;s demand that food is in every way safe for consumption and does not harm us.<\/p>\n\n\n\n<h3 class=\"wp-block-heading\">The opportunities are great when it comes to food labeling and education about them<\/h3>\n\n\n\n<p>Several companies that Mat\u00eds has worked well with are pioneering in bringing information about food to consumers. FooDoIt (for food do it) is one such. The employees of that company have used the Mat\u00eds databases on the chemical content of food (\u00cdSGEM) to design a user-friendly program that can be used to retrieve information about almost any ingredient in food. Such information can be useful to many people, such as people with diabetes, people with intolerance or allergy to certain ingredients, people who want to cut sugar consumption with a nail (eg the low-carbohydrate diet) or those who want handy information about the energy content of foods that consumed. An experiment with such items was recently set up in Mat\u00eds&#039; canteen at V\u00ednlandslei\u00f0 12 and employees received information about various things related to lunch that day. In the future, another experiment will be carried out where employees, if they wish, can use information from FooDoIt&#039;s programs and compare it with their needs and behavior patterns that day. In this way, for example, an honest attempt can be made to keep food consumption within the limits currently set by the body&#039;s energy metabolism or to supplement it if necessary; all specially designed for each one.<\/p>\n\n\n\n<p>There are many more interesting things to look at, and smartphones and smartwatches come into play in many things that are being examined and tested.<\/p>\n\n\n\n<p>Kr\u00f3nan has now, for the first time in Icelandic stores, set up a fun small program where you can scan all their products to get information about prices. The program also allows consumers to add products to their shopping list and find out what offers are going on, for example.<\/p>\n\n\n\n<p>Recently, Mat\u00eds came up with a suitable smartphone app for sailors. The purpose of this program is to give fishermen the opportunity to realize how much ice is needed to use the cooling of the raw material from the beginning, but this is a prerequisite for quality to remain completely at the consumer&#039;s table. Proper cooling at the beginning not only ensures quality and freshness, but also helps ensure that the food is safe to consume when placed on the plate.&nbsp;<a href=\"https:\/\/gamla.matis.is\/matis\/frettir\/nr\/3916\">Information about \u00edsAPP Mat\u00eds can be found here<\/a>.<\/p>\n\n\n\n<p>It&#039;s fun to think about future possibilities in food information. For example, will it be possible in the near future to push a shopping cart through a so-called gate in supermarkets in this country where all products are scanned at once? With such a system, where there is a microchip in the product packaging, it would not be necessary to scan one product at a time, but all the products would be scanned in almost a fraction of a second when the shopping cart is pushed through this gate. It would then be possible to pay for the products with the smartphone, but smartphone payments have already become quite common in this country. Such a system could save significant time on grocery shopping trips and also allow stores to reduce the risk of theft.<\/p>\n\n\n\n<h3 class=\"wp-block-heading\">Shopping carts with artificial intelligence<\/h3>\n\n\n\n<p>Whole Foods Market in the United States has experimented with special shopping carts where a scanner provides information about the product that is placed in the cart. This is of great benefit to consumers, as the purpose is to provide information on the various aspects of products, such as prices or intolerances and allergens, and how these products are suitable for the consumer who shops for food. In addition, you do not have to wait in line for an employee to scan the food, but go straight to the payment gateway to pay, for example, with a smartphone or transfer from the buyer&#039;s account.&nbsp;<a target=\"_blank\" href=\"http:\/\/www.geekwire.com\/2012\/microsoft-kinect-shopping-cart-foods-prototype\/\" rel=\"noreferrer noopener\">Videos about this experiment can be found here<\/a>.<\/p>\n\n\n\n<p>So in the future, consumers can connect to their refrigerators with a smartphone through a special app that provides information about the &quot;status&quot; of the refrigerator and what is needed to buy in the store?<\/p>\n\n\n\n<p>The opportunities are endless and it&#039;s easy to let your imagination run wild!<\/p>\n\n\n\n<p>In modern society, the demands are ever greater when it comes to food information. Icelandic food production is in many respects comparable to food production in other countries. However, there are opportunities to do even better and there are great opportunities in having information that consumers do not even know today that they could benefit from and enjoy. It can therefore be said that both food producers and consumers, and perhaps the health authorities, could benefit from an even greater flow of information from all stages of food production.<\/p>\n\n\n\n<p>For more information&nbsp;<a href=\"https:\/\/gamla.matis.is\/matis\/mannaudur\/starfsfolk-og-simanumer\/persona\/143\/fyrirtaeki\/1\">Steinar B. A\u00f0albj\u00f6rnsson<\/a>&nbsp;and&nbsp;<a href=\"https:\/\/gamla.matis.is\/matis\/mannaudur\/starfsfolk-og-simanumer\/persona\/175\/fyrirtaeki\/1\">Sigr\u00ed\u00f0ur Sigur\u00f0ard\u00f3ttir<\/a>&nbsp;at Mat\u00eds.<\/p>","protected":false},"excerpt":{"rendered":"<p>Raddir \u00feess efnis a\u00f0 neytendur hafi n\u00e1kv\u00e6mar uppl\u00fdsingar um matv\u00e6li ver\u00f0a s\u00edfellt h\u00e1v\u00e6rari. Hvort sem \u00fea\u00f0 eru uppl\u00fdsingar um innihald, [&hellip;]<\/p>\n","protected":false},"author":1,"featured_media":41463,"comment_status":"closed","ping_status":"closed","sticky":false,"template":"templates\/template-cover.php","format":"standard","meta":{"_acf_changed":false,"_uag_custom_page_level_css":"","site-sidebar-layout":"default","site-content-layout":"","ast-site-content-layout":"default","site-content-style":"default","site-sidebar-style":"default","ast-global-header-display":"","ast-banner-title-visibility":"","ast-main-header-display":"","ast-hfb-above-header-display":"","ast-hfb-below-header-display":"","ast-hfb-mobile-header-display":"","site-post-title":"","ast-breadcrumbs-content":"","ast-featured-img":"","footer-sml-layout":"","ast-disable-related-posts":"","theme-transparent-header-meta":"","adv-header-id-meta":"","stick-header-meta":"","header-above-stick-meta":"","header-main-stick-meta":"","header-below-stick-meta":"","astra-migrate-meta-layouts":"default","ast-page-background-enabled":"default","ast-page-background-meta":{"desktop":{"background-color":"var(--ast-global-color-5)","background-image":"","background-repeat":"repeat","background-position":"center center","background-size":"auto","background-attachment":"scroll","background-type":"","background-media":"","overlay-type":"","overlay-color":"","overlay-opacity":"","overlay-gradient":""},"tablet":{"background-color":"","background-image":"","background-repeat":"repeat","background-position":"center center","background-size":"auto","background-attachment":"scroll","background-type":"","background-media":"","overlay-type":"","overlay-color":"","overlay-opacity":"","overlay-gradient":""},"mobile":{"background-color":"","background-image":"","background-repeat":"repeat","background-position":"center center","background-size":"auto","background-attachment":"scroll","background-type":"","background-media":"","overlay-type":"","overlay-color":"","overlay-opacity":"","overlay-gradient":""}},"ast-content-background-meta":{"desktop":{"background-color":"var(--ast-global-color-4)","background-image":"","background-repeat":"repeat","background-position":"center center","background-size":"auto","background-attachment":"scroll","background-type":"","background-media":"","overlay-type":"","overlay-color":"","overlay-opacity":"","overlay-gradient":""},"tablet":{"background-color":"var(--ast-global-color-4)","background-image":"","background-repeat":"repeat","background-position":"center center","background-size":"auto","background-attachment":"scroll","background-type":"","background-media":"","overlay-type":"","overlay-color":"","overlay-opacity":"","overlay-gradient":""},"mobile":{"background-color":"var(--ast-global-color-4)","background-image":"","background-repeat":"repeat","background-position":"center center","background-size":"auto","background-attachment":"scroll","background-type":"","background-media":"","overlay-type":"","overlay-color":"","overlay-opacity":"","overlay-gradient":""}},"footnotes":""},"categories":[1973],"tags":[],"class_list":["post-41462","post","type-post","status-publish","format-standard","has-post-thumbnail","hentry","category-frettir"],"acf":[],"yoast_head":"<!-- This site is optimized with the Yoast SEO plugin v27.4 - https:\/\/yoast.com\/product\/yoast-seo-wordpress\/ -->\n<title>Viltu vita hver l\u00e1gmarkslaunin eru \u00ed fyrirt\u00e6kinu sem framlei\u00f0ir matv\u00e6lin sem \u00fe\u00fa neytir? - Mat\u00eds<\/title>\n<meta name=\"robots\" content=\"index, follow, max-snippet:-1, max-image-preview:large, max-video-preview:-1\" \/>\n<link rel=\"canonical\" href=\"https:\/\/matis.is\/en\/frettir\/viltu-vita-hver-lagmarkslaunin-eru-i-fyrirtaekinu-sem-framleidir-matvaelin-sem-thu-neytir\/\" \/>\n<meta property=\"og:locale\" content=\"en_GB\" \/>\n<meta property=\"og:type\" content=\"article\" \/>\n<meta property=\"og:title\" content=\"Viltu vita hver l\u00e1gmarkslaunin eru \u00ed fyrirt\u00e6kinu sem framlei\u00f0ir matv\u00e6lin sem \u00fe\u00fa neytir? - Mat\u00eds\" \/>\n<meta property=\"og:description\" content=\"Raddir \u00feess efnis a\u00f0 neytendur hafi n\u00e1kv\u00e6mar uppl\u00fdsingar um matv\u00e6li ver\u00f0a s\u00edfellt h\u00e1v\u00e6rari. Hvort sem \u00fea\u00f0 eru uppl\u00fdsingar um innihald, [&hellip;]\" \/>\n<meta property=\"og:url\" content=\"https:\/\/matis.is\/en\/frettir\/viltu-vita-hver-lagmarkslaunin-eru-i-fyrirtaekinu-sem-framleidir-matvaelin-sem-thu-neytir\/\" \/>\n<meta property=\"og:site_name\" content=\"Mat\u00eds\" \/>\n<meta property=\"article:publisher\" content=\"https:\/\/www.facebook.com\/matisiceland\" \/>\n<meta property=\"article:published_time\" content=\"2014-01-10T11:40:00+00:00\" \/>\n<meta property=\"article:modified_time\" content=\"2021-08-03T11:42:37+00:00\" \/>\n<meta property=\"og:image\" content=\"https:\/\/matis.is\/wp-content\/uploads\/iStock_barcode.jpg\" \/>\n\t<meta property=\"og:image:width\" content=\"425\" \/>\n\t<meta property=\"og:image:height\" content=\"155\" \/>\n\t<meta property=\"og:image:type\" content=\"image\/jpeg\" \/>\n<meta name=\"author\" content=\"admin\" \/>\n<meta name=\"twitter:card\" content=\"summary_large_image\" \/>\n<meta name=\"twitter:creator\" content=\"@matisiceland\" \/>\n<meta name=\"twitter:site\" content=\"@matisiceland\" \/>\n<meta name=\"twitter:label1\" content=\"Written by\" \/>\n\t<meta name=\"twitter:data1\" content=\"admin\" \/>\n\t<meta name=\"twitter:label2\" content=\"Estimated reading time\" \/>\n\t<meta name=\"twitter:data2\" content=\"5 minutes\" \/>\n<script type=\"application\/ld+json\" class=\"yoast-schema-graph\">{\"@context\":\"https:\\\/\\\/schema.org\",\"@graph\":[{\"@type\":\"Article\",\"@id\":\"https:\\\/\\\/matis.is\\\/en\\\/frettir\\\/viltu-vita-hver-lagmarkslaunin-eru-i-fyrirtaekinu-sem-framleidir-matvaelin-sem-thu-neytir\\\/#article\",\"isPartOf\":{\"@id\":\"https:\\\/\\\/matis.is\\\/en\\\/frettir\\\/viltu-vita-hver-lagmarkslaunin-eru-i-fyrirtaekinu-sem-framleidir-matvaelin-sem-thu-neytir\\\/\"},\"author\":{\"name\":\"admin\",\"@id\":\"https:\\\/\\\/matis.is\\\/#\\\/schema\\\/person\\\/33b92c850c915c93e67f291e3381a49a\"},\"headline\":\"Viltu vita hver l\u00e1gmarkslaunin eru \u00ed fyrirt\u00e6kinu sem framlei\u00f0ir matv\u00e6lin sem \u00fe\u00fa neytir?\",\"datePublished\":\"2014-01-10T11:40:00+00:00\",\"dateModified\":\"2021-08-03T11:42:37+00:00\",\"mainEntityOfPage\":{\"@id\":\"https:\\\/\\\/matis.is\\\/en\\\/frettir\\\/viltu-vita-hver-lagmarkslaunin-eru-i-fyrirtaekinu-sem-framleidir-matvaelin-sem-thu-neytir\\\/\"},\"wordCount\":1280,\"publisher\":{\"@id\":\"https:\\\/\\\/matis.is\\\/#organization\"},\"image\":{\"@id\":\"https:\\\/\\\/matis.is\\\/en\\\/frettir\\\/viltu-vita-hver-lagmarkslaunin-eru-i-fyrirtaekinu-sem-framleidir-matvaelin-sem-thu-neytir\\\/#primaryimage\"},\"thumbnailUrl\":\"https:\\\/\\\/matis.is\\\/wp-content\\\/uploads\\\/iStock_barcode.jpg\",\"articleSection\":[\"Fr\u00e9ttir\"],\"inLanguage\":\"en-GB\"},{\"@type\":\"WebPage\",\"@id\":\"https:\\\/\\\/matis.is\\\/en\\\/frettir\\\/viltu-vita-hver-lagmarkslaunin-eru-i-fyrirtaekinu-sem-framleidir-matvaelin-sem-thu-neytir\\\/\",\"url\":\"https:\\\/\\\/matis.is\\\/en\\\/frettir\\\/viltu-vita-hver-lagmarkslaunin-eru-i-fyrirtaekinu-sem-framleidir-matvaelin-sem-thu-neytir\\\/\",\"name\":\"Viltu vita hver l\u00e1gmarkslaunin eru \u00ed fyrirt\u00e6kinu sem framlei\u00f0ir matv\u00e6lin sem \u00fe\u00fa neytir? - Mat\u00eds\",\"isPartOf\":{\"@id\":\"https:\\\/\\\/matis.is\\\/#website\"},\"primaryImageOfPage\":{\"@id\":\"https:\\\/\\\/matis.is\\\/en\\\/frettir\\\/viltu-vita-hver-lagmarkslaunin-eru-i-fyrirtaekinu-sem-framleidir-matvaelin-sem-thu-neytir\\\/#primaryimage\"},\"image\":{\"@id\":\"https:\\\/\\\/matis.is\\\/en\\\/frettir\\\/viltu-vita-hver-lagmarkslaunin-eru-i-fyrirtaekinu-sem-framleidir-matvaelin-sem-thu-neytir\\\/#primaryimage\"},\"thumbnailUrl\":\"https:\\\/\\\/matis.is\\\/wp-content\\\/uploads\\\/iStock_barcode.jpg\",\"datePublished\":\"2014-01-10T11:40:00+00:00\",\"dateModified\":\"2021-08-03T11:42:37+00:00\",\"breadcrumb\":{\"@id\":\"https:\\\/\\\/matis.is\\\/en\\\/frettir\\\/viltu-vita-hver-lagmarkslaunin-eru-i-fyrirtaekinu-sem-framleidir-matvaelin-sem-thu-neytir\\\/#breadcrumb\"},\"inLanguage\":\"en-GB\",\"potentialAction\":[{\"@type\":\"ReadAction\",\"target\":[\"https:\\\/\\\/matis.is\\\/en\\\/frettir\\\/viltu-vita-hver-lagmarkslaunin-eru-i-fyrirtaekinu-sem-framleidir-matvaelin-sem-thu-neytir\\\/\"]}]},{\"@type\":\"ImageObject\",\"inLanguage\":\"en-GB\",\"@id\":\"https:\\\/\\\/matis.is\\\/en\\\/frettir\\\/viltu-vita-hver-lagmarkslaunin-eru-i-fyrirtaekinu-sem-framleidir-matvaelin-sem-thu-neytir\\\/#primaryimage\",\"url\":\"https:\\\/\\\/matis.is\\\/wp-content\\\/uploads\\\/iStock_barcode.jpg\",\"contentUrl\":\"https:\\\/\\\/matis.is\\\/wp-content\\\/uploads\\\/iStock_barcode.jpg\",\"width\":425,\"height\":155},{\"@type\":\"BreadcrumbList\",\"@id\":\"https:\\\/\\\/matis.is\\\/en\\\/frettir\\\/viltu-vita-hver-lagmarkslaunin-eru-i-fyrirtaekinu-sem-framleidir-matvaelin-sem-thu-neytir\\\/#breadcrumb\",\"itemListElement\":[{\"@type\":\"ListItem\",\"position\":1,\"name\":\"Home\",\"item\":\"https:\\\/\\\/matis.is\\\/\"},{\"@type\":\"ListItem\",\"position\":2,\"name\":\"Viltu vita hver l\u00e1gmarkslaunin eru \u00ed fyrirt\u00e6kinu sem framlei\u00f0ir matv\u00e6lin sem \u00fe\u00fa neytir?\"}]},{\"@type\":\"WebSite\",\"@id\":\"https:\\\/\\\/matis.is\\\/#website\",\"url\":\"https:\\\/\\\/matis.is\\\/\",\"name\":\"Mat\u00eds\",\"description\":\"Ver\u00f0m\u00e6task\u00f6pun, matv\u00e6la\u00f6ryggi og l\u00fd\u00f0heilsa\",\"publisher\":{\"@id\":\"https:\\\/\\\/matis.is\\\/#organization\"},\"potentialAction\":[{\"@type\":\"SearchAction\",\"target\":{\"@type\":\"EntryPoint\",\"urlTemplate\":\"https:\\\/\\\/matis.is\\\/?s={search_term_string}\"},\"query-input\":{\"@type\":\"PropertyValueSpecification\",\"valueRequired\":true,\"valueName\":\"search_term_string\"}}],\"inLanguage\":\"en-GB\"},{\"@type\":\"Organization\",\"@id\":\"https:\\\/\\\/matis.is\\\/#organization\",\"name\":\"Mat\u00eds ohf.\",\"url\":\"https:\\\/\\\/matis.is\\\/\",\"logo\":{\"@type\":\"ImageObject\",\"inLanguage\":\"en-GB\",\"@id\":\"https:\\\/\\\/matis.is\\\/#\\\/schema\\\/logo\\\/image\\\/\",\"url\":\"https:\\\/\\\/matis.is\\\/wp-content\\\/uploads\\\/2021\\\/02\\\/matis_logo_blatthvitt.png\",\"contentUrl\":\"https:\\\/\\\/matis.is\\\/wp-content\\\/uploads\\\/2021\\\/02\\\/matis_logo_blatthvitt.png\",\"width\":1507,\"height\":1507,\"caption\":\"Mat\u00eds ohf.\"},\"image\":{\"@id\":\"https:\\\/\\\/matis.is\\\/#\\\/schema\\\/logo\\\/image\\\/\"},\"sameAs\":[\"https:\\\/\\\/www.facebook.com\\\/matisiceland\",\"https:\\\/\\\/x.com\\\/matisiceland\",\"https:\\\/\\\/www.instagram.com\\\/matisiceland\\\/\",\"https:\\\/\\\/www.linkedin.com\\\/matisiceland\\\/\",\"https:\\\/\\\/www.youtube.com\\\/channel\\\/UCY-frt3uTqgVZW-DLjoo5bA\"]},{\"@type\":\"Person\",\"@id\":\"https:\\\/\\\/matis.is\\\/#\\\/schema\\\/person\\\/33b92c850c915c93e67f291e3381a49a\",\"name\":\"admin\",\"sameAs\":[\"https:\\\/\\\/matis.mareframe.eu\"],\"url\":\"https:\\\/\\\/matis.is\\\/en\\\/author\\\/thormodurmatis-is\\\/\"}]}<\/script>\n<!-- \/ Yoast SEO plugin. -->","yoast_head_json":{"title":"Want to know what the minimum wage is in the company that produces the food you consume? - Mat\u00eds","robots":{"index":"index","follow":"follow","max-snippet":"max-snippet:-1","max-image-preview":"max-image-preview:large","max-video-preview":"max-video-preview:-1"},"canonical":"https:\/\/matis.is\/en\/frettir\/viltu-vita-hver-lagmarkslaunin-eru-i-fyrirtaekinu-sem-framleidir-matvaelin-sem-thu-neytir\/","og_locale":"en_GB","og_type":"article","og_title":"Viltu vita hver l\u00e1gmarkslaunin eru \u00ed fyrirt\u00e6kinu sem framlei\u00f0ir matv\u00e6lin sem \u00fe\u00fa neytir? - Mat\u00eds","og_description":"Raddir \u00feess efnis a\u00f0 neytendur hafi n\u00e1kv\u00e6mar uppl\u00fdsingar um matv\u00e6li ver\u00f0a s\u00edfellt h\u00e1v\u00e6rari. Hvort sem \u00fea\u00f0 eru uppl\u00fdsingar um innihald, [&hellip;]","og_url":"https:\/\/matis.is\/en\/frettir\/viltu-vita-hver-lagmarkslaunin-eru-i-fyrirtaekinu-sem-framleidir-matvaelin-sem-thu-neytir\/","og_site_name":"Mat\u00eds","article_publisher":"https:\/\/www.facebook.com\/matisiceland","article_published_time":"2014-01-10T11:40:00+00:00","article_modified_time":"2021-08-03T11:42:37+00:00","og_image":[{"width":425,"height":155,"url":"https:\/\/matis.is\/wp-content\/uploads\/iStock_barcode.jpg","type":"image\/jpeg"}],"author":"admin","twitter_card":"summary_large_image","twitter_creator":"@matisiceland","twitter_site":"@matisiceland","twitter_misc":{"Written by":"admin","Estimated reading time":"5 minutes"},"schema":{"@context":"https:\/\/schema.org","@graph":[{"@type":"Article","@id":"https:\/\/matis.is\/en\/frettir\/viltu-vita-hver-lagmarkslaunin-eru-i-fyrirtaekinu-sem-framleidir-matvaelin-sem-thu-neytir\/#article","isPartOf":{"@id":"https:\/\/matis.is\/en\/frettir\/viltu-vita-hver-lagmarkslaunin-eru-i-fyrirtaekinu-sem-framleidir-matvaelin-sem-thu-neytir\/"},"author":{"name":"admin","@id":"https:\/\/matis.is\/#\/schema\/person\/33b92c850c915c93e67f291e3381a49a"},"headline":"Viltu vita hver l\u00e1gmarkslaunin eru \u00ed fyrirt\u00e6kinu sem framlei\u00f0ir matv\u00e6lin sem \u00fe\u00fa neytir?","datePublished":"2014-01-10T11:40:00+00:00","dateModified":"2021-08-03T11:42:37+00:00","mainEntityOfPage":{"@id":"https:\/\/matis.is\/en\/frettir\/viltu-vita-hver-lagmarkslaunin-eru-i-fyrirtaekinu-sem-framleidir-matvaelin-sem-thu-neytir\/"},"wordCount":1280,"publisher":{"@id":"https:\/\/matis.is\/#organization"},"image":{"@id":"https:\/\/matis.is\/en\/frettir\/viltu-vita-hver-lagmarkslaunin-eru-i-fyrirtaekinu-sem-framleidir-matvaelin-sem-thu-neytir\/#primaryimage"},"thumbnailUrl":"https:\/\/matis.is\/wp-content\/uploads\/iStock_barcode.jpg","articleSection":["Fr\u00e9ttir"],"inLanguage":"en-GB"},{"@type":"WebPage","@id":"https:\/\/matis.is\/en\/frettir\/viltu-vita-hver-lagmarkslaunin-eru-i-fyrirtaekinu-sem-framleidir-matvaelin-sem-thu-neytir\/","url":"https:\/\/matis.is\/en\/frettir\/viltu-vita-hver-lagmarkslaunin-eru-i-fyrirtaekinu-sem-framleidir-matvaelin-sem-thu-neytir\/","name":"Want to know what the minimum wage is in the company that produces the food you consume? - Mat\u00eds","isPartOf":{"@id":"https:\/\/matis.is\/#website"},"primaryImageOfPage":{"@id":"https:\/\/matis.is\/en\/frettir\/viltu-vita-hver-lagmarkslaunin-eru-i-fyrirtaekinu-sem-framleidir-matvaelin-sem-thu-neytir\/#primaryimage"},"image":{"@id":"https:\/\/matis.is\/en\/frettir\/viltu-vita-hver-lagmarkslaunin-eru-i-fyrirtaekinu-sem-framleidir-matvaelin-sem-thu-neytir\/#primaryimage"},"thumbnailUrl":"https:\/\/matis.is\/wp-content\/uploads\/iStock_barcode.jpg","datePublished":"2014-01-10T11:40:00+00:00","dateModified":"2021-08-03T11:42:37+00:00","breadcrumb":{"@id":"https:\/\/matis.is\/en\/frettir\/viltu-vita-hver-lagmarkslaunin-eru-i-fyrirtaekinu-sem-framleidir-matvaelin-sem-thu-neytir\/#breadcrumb"},"inLanguage":"en-GB","potentialAction":[{"@type":"ReadAction","target":["https:\/\/matis.is\/en\/frettir\/viltu-vita-hver-lagmarkslaunin-eru-i-fyrirtaekinu-sem-framleidir-matvaelin-sem-thu-neytir\/"]}]},{"@type":"ImageObject","inLanguage":"en-GB","@id":"https:\/\/matis.is\/en\/frettir\/viltu-vita-hver-lagmarkslaunin-eru-i-fyrirtaekinu-sem-framleidir-matvaelin-sem-thu-neytir\/#primaryimage","url":"https:\/\/matis.is\/wp-content\/uploads\/iStock_barcode.jpg","contentUrl":"https:\/\/matis.is\/wp-content\/uploads\/iStock_barcode.jpg","width":425,"height":155},{"@type":"BreadcrumbList","@id":"https:\/\/matis.is\/en\/frettir\/viltu-vita-hver-lagmarkslaunin-eru-i-fyrirtaekinu-sem-framleidir-matvaelin-sem-thu-neytir\/#breadcrumb","itemListElement":[{"@type":"ListItem","position":1,"name":"Home","item":"https:\/\/matis.is\/"},{"@type":"ListItem","position":2,"name":"Viltu vita hver l\u00e1gmarkslaunin eru \u00ed fyrirt\u00e6kinu sem framlei\u00f0ir matv\u00e6lin sem \u00fe\u00fa neytir?"}]},{"@type":"WebSite","@id":"https:\/\/matis.is\/#website","url":"https:\/\/matis.is\/","name":"Mat\u00eds","description":"Value creation, food security and public health","publisher":{"@id":"https:\/\/matis.is\/#organization"},"potentialAction":[{"@type":"SearchAction","target":{"@type":"EntryPoint","urlTemplate":"https:\/\/matis.is\/?s={search_term_string}"},"query-input":{"@type":"PropertyValueSpecification","valueRequired":true,"valueName":"search_term_string"}}],"inLanguage":"en-GB"},{"@type":"Organization","@id":"https:\/\/matis.is\/#organization","name":"Mat\u00eds ohf.","url":"https:\/\/matis.is\/","logo":{"@type":"ImageObject","inLanguage":"en-GB","@id":"https:\/\/matis.is\/#\/schema\/logo\/image\/","url":"https:\/\/matis.is\/wp-content\/uploads\/2021\/02\/matis_logo_blatthvitt.png","contentUrl":"https:\/\/matis.is\/wp-content\/uploads\/2021\/02\/matis_logo_blatthvitt.png","width":1507,"height":1507,"caption":"Mat\u00eds ohf."},"image":{"@id":"https:\/\/matis.is\/#\/schema\/logo\/image\/"},"sameAs":["https:\/\/www.facebook.com\/matisiceland","https:\/\/x.com\/matisiceland","https:\/\/www.instagram.com\/matisiceland\/","https:\/\/www.linkedin.com\/matisiceland\/","https:\/\/www.youtube.com\/channel\/UCY-frt3uTqgVZW-DLjoo5bA"]},{"@type":"Person","@id":"https:\/\/matis.is\/#\/schema\/person\/33b92c850c915c93e67f291e3381a49a","name":"admin","sameAs":["https:\/\/matis.mareframe.eu"],"url":"https:\/\/matis.is\/en\/author\/thormodurmatis-is\/"}]}},"spectra_custom_meta":{"_edit_lock":["1627990968:5"],"_wp_old_date":["2021-08-03"],"_thumbnail_id":["41463"],"_wp_page_template":["templates\/template-cover.php"],"_edit_last":["5"],"tengilidur":[""],"_tengilidur":["field_5ef905e0538b2"],"_yoast_wpseo_primary_category":["1973"],"_yoast_wpseo_content_score":["30"],"_yoast_wpseo_estimated-reading-time-minutes":["5"],"wpmm_postgrid_views":["379"],"_uag_css_file_name":["uag-css-41462.css"],"_uag_page_assets":["a:9:{s:3:\"css\";s:263:\".uag-blocks-common-selector{z-index:var(--z-index-desktop) !important}@media (max-width: 976px){.uag-blocks-common-selector{z-index:var(--z-index-tablet) !important}}@media (max-width: 767px){.uag-blocks-common-selector{z-index:var(--z-index-mobile) !important}}\n\";s:2:\"js\";s:0:\"\";s:18:\"current_block_list\";a:6:{i:0;s:12:\"core\/heading\";i:1;s:14:\"core\/paragraph\";i:2;s:12:\"core\/buttons\";i:3;s:11:\"core\/button\";i:4;s:12:\"core\/columns\";i:5;s:11:\"core\/column\";}s:8:\"uag_flag\";b:0;s:11:\"uag_version\";s:10:\"1777477098\";s:6:\"gfonts\";a:0:{}s:10:\"gfonts_url\";s:0:\"\";s:12:\"gfonts_files\";a:0:{}s:14:\"uag_faq_layout\";b:0;}"]},"uagb_featured_image_src":{"full":["https:\/\/matis.is\/wp-content\/uploads\/iStock_barcode.jpg",425,155,false],"thumbnail":["https:\/\/matis.is\/wp-content\/uploads\/iStock_barcode-150x150.jpg",150,150,true],"medium":["https:\/\/matis.is\/wp-content\/uploads\/iStock_barcode-300x109.jpg",300,109,true],"medium_large":["https:\/\/matis.is\/wp-content\/uploads\/iStock_barcode.jpg",425,155,false],"large":["https:\/\/matis.is\/wp-content\/uploads\/iStock_barcode.jpg",425,155,false],"1536x1536":["https:\/\/matis.is\/wp-content\/uploads\/iStock_barcode.jpg",425,155,false],"2048x2048":["https:\/\/matis.is\/wp-content\/uploads\/iStock_barcode.jpg",425,155,false],"trp-custom-language-flag":["https:\/\/matis.is\/wp-content\/uploads\/iStock_barcode-18x7.jpg",18,7,true]},"uagb_author_info":{"display_name":"admin","author_link":"https:\/\/matis.is\/en\/author\/thormodurmatis-is\/"},"uagb_comment_info":0,"uagb_excerpt":"Raddir \u00feess efnis a\u00f0 neytendur hafi n\u00e1kv\u00e6mar uppl\u00fdsingar um matv\u00e6li ver\u00f0a s\u00edfellt h\u00e1v\u00e6rari. Hvort sem \u00fea\u00f0 eru uppl\u00fdsingar um innihald, [&hellip;]","_links":{"self":[{"href":"https:\/\/matis.is\/en\/wp-json\/wp\/v2\/posts\/41462","targetHints":{"allow":["GET"]}}],"collection":[{"href":"https:\/\/matis.is\/en\/wp-json\/wp\/v2\/posts"}],"about":[{"href":"https:\/\/matis.is\/en\/wp-json\/wp\/v2\/types\/post"}],"author":[{"embeddable":true,"href":"https:\/\/matis.is\/en\/wp-json\/wp\/v2\/users\/1"}],"replies":[{"embeddable":true,"href":"https:\/\/matis.is\/en\/wp-json\/wp\/v2\/comments?post=41462"}],"version-history":[{"count":1,"href":"https:\/\/matis.is\/en\/wp-json\/wp\/v2\/posts\/41462\/revisions"}],"predecessor-version":[{"id":41464,"href":"https:\/\/matis.is\/en\/wp-json\/wp\/v2\/posts\/41462\/revisions\/41464"}],"wp:featuredmedia":[{"embeddable":true,"href":"https:\/\/matis.is\/en\/wp-json\/wp\/v2\/media\/41463"}],"wp:attachment":[{"href":"https:\/\/matis.is\/en\/wp-json\/wp\/v2\/media?parent=41462"}],"wp:term":[{"taxonomy":"category","embeddable":true,"href":"https:\/\/matis.is\/en\/wp-json\/wp\/v2\/categories?post=41462"},{"taxonomy":"post_tag","embeddable":true,"href":"https:\/\/matis.is\/en\/wp-json\/wp\/v2\/tags?post=41462"}],"curies":[{"name":"wp","href":"https:\/\/api.w.org\/{rel}","templated":true}]}}