{"id":41831,"date":"2013-02-21T12:06:00","date_gmt":"2013-02-21T12:06:00","guid":{"rendered":"https:\/\/matis.is\/?p=41831"},"modified":"2021-08-06T12:08:14","modified_gmt":"2021-08-06T12:08:14","slug":"sjavarthorungar-vannytt-audlind-a-islandi","status":"publish","type":"post","link":"https:\/\/matis.is\/en\/frettir\/sjavarthorungar-vannytt-audlind-a-islandi\/","title":{"rendered":"Seaweed underutilized resource in Iceland"},"content":{"rendered":"<h4 class=\"wp-block-heading\">&quot;Icelandic seaweed is an underutilized resource, at least in Iceland, but there are various things related to algae and they are relevant in our research,&quot; says J\u00f3n Trausti K\u00e1rason, an expert who is one of those associated with algae research at Mat\u00eds.<\/h4>\n\n\n\n<p>J\u00f3n Trausti says that about 8 researchers at Mat\u00eds work primarily on algae research, although more are related to those projects in one way or another. Among the recent products based on algae research by Mat\u00eds scientists are skin products that the start-up company Marinox has launched, but they contain bioactive antioxidants that are made from seaweed and are considered particularly good for the skin. Among other products that are expected to be on the market soon, J\u00f3n Trausti mentions algae skyr and barley paste that is added with algae.<\/p>\n\n\n\n<p>&quot;In fact, it was a group of students who were with us last summer that started the development of the algae cloud and the product competed on behalf of Iceland in Ecotrophelia, which is a student competition in environmentally friendly innovation in food production. This went so well that the development work was continued and now the algae cloud is coming to market. Here is food on the go that is skyr and kelp flour in the base but flavored with blueberries and honey, &quot;says J\u00f3n Trausti.<\/p>\n\n\n\n<p>For further information&nbsp;<a target=\"_blank\" href=\"https:\/\/gamla.matis.is\/matis\/mannaudur\/starfsfolk-og-simanumer\/persona\/193\/fyrirtaeki\/1\" rel=\"noreferrer noopener\">J\u00f3n Trausti K\u00e1rason<\/a>.<\/p>","protected":false},"excerpt":{"rendered":"<p>\u201e\u00cdslensku sj\u00e1var\u00fe\u00f6rungarnir eru vann\u00fdtt au\u00f0lind a\u00f0 minnsta kosti h\u00e9r \u00e1 \u00cdslandi, en \u00fea\u00f0 er \u00fdmislegt \u00ed gangi sem tengist \u00fe\u00f6rungum [&hellip;]<\/p>\n","protected":false},"author":1,"featured_media":41832,"comment_status":"closed","ping_status":"closed","sticky":false,"template":"templates\/template-cover.php","format":"standard","meta":{"_acf_changed":false,"_uag_custom_page_level_css":"","site-sidebar-layout":"default","site-content-layout":"","ast-site-content-layout":"default","site-content-style":"default","site-sidebar-style":"default","ast-global-header-display":"","ast-banner-title-visibility":"","ast-main-header-display":"","ast-hfb-above-header-display":"","ast-hfb-below-header-display":"","ast-hfb-mobile-header-display":"","site-post-title":"","ast-breadcrumbs-content":"","ast-featured-img":"","footer-sml-layout":"","ast-disable-related-posts":"","theme-transparent-header-meta":"","adv-header-id-meta":"","stick-header-meta":"","header-above-stick-meta":"","header-main-stick-meta":"","header-below-stick-meta":"","astra-migrate-meta-layouts":"default","ast-page-background-enabled":"default","ast-page-background-meta":{"desktop":{"background-color":"var(--ast-global-color-5)","background-image":"","background-repeat":"repeat","background-position":"center center","background-size":"auto","background-attachment":"scroll","background-type":"","background-media":"","overlay-type":"","overlay-color":"","overlay-opacity":"","overlay-gradient":""},"tablet":{"background-color":"","background-image":"","background-repeat":"repeat","background-position":"center center","background-size":"auto","background-attachment":"scroll","background-type":"","background-media":"","overlay-type":"","overlay-color":"","overlay-opacity":"","overlay-gradient":""},"mobile":{"background-color":"","background-image":"","background-repeat":"repeat","background-position":"center center","background-size":"auto","background-attachment":"scroll","background-type":"","background-media":"","overlay-type":"","overlay-color":"","overlay-opacity":"","overlay-gradient":""}},"ast-content-background-meta":{"desktop":{"background-color":"var(--ast-global-color-4)","background-image":"","background-repeat":"repeat","background-position":"center center","background-size":"auto","background-attachment":"scroll","background-type":"","background-media":"","overlay-type":"","overlay-color":"","overlay-opacity":"","overlay-gradient":""},"tablet":{"background-color":"var(--ast-global-color-4)","background-image":"","background-repeat":"repeat","background-position":"center center","background-size":"auto","background-attachment":"scroll","background-type":"","background-media":"","overlay-type":"","overlay-color":"","overlay-opacity":"","overlay-gradient":""},"mobile":{"background-color":"var(--ast-global-color-4)","background-image":"","background-repeat":"repeat","background-position":"center center","background-size":"auto","background-attachment":"scroll","background-type":"","background-media":"","overlay-type":"","overlay-color":"","overlay-opacity":"","overlay-gradient":""}},"footnotes":""},"categories":[1973],"tags":[],"class_list":["post-41831","post","type-post","status-publish","format-standard","has-post-thumbnail","hentry","category-frettir"],"acf":[],"yoast_head":"<!-- This site is optimized with the Yoast SEO plugin v27.4 - https:\/\/yoast.com\/product\/yoast-seo-wordpress\/ -->\n<title>Sj\u00e1var\u00fe\u00f6rungar vann\u00fdtt au\u00f0lind \u00e1 \u00cdslandi - Mat\u00eds<\/title>\n<meta name=\"robots\" content=\"index, follow, max-snippet:-1, max-image-preview:large, max-video-preview:-1\" \/>\n<link rel=\"canonical\" href=\"https:\/\/matis.is\/en\/frettir\/sjavarthorungar-vannytt-audlind-a-islandi\/\" \/>\n<meta property=\"og:locale\" content=\"en_GB\" \/>\n<meta property=\"og:type\" content=\"article\" \/>\n<meta property=\"og:title\" content=\"Sj\u00e1var\u00fe\u00f6rungar vann\u00fdtt au\u00f0lind \u00e1 \u00cdslandi - Mat\u00eds\" \/>\n<meta property=\"og:description\" content=\"\u201e\u00cdslensku sj\u00e1var\u00fe\u00f6rungarnir eru vann\u00fdtt au\u00f0lind a\u00f0 minnsta kosti h\u00e9r \u00e1 \u00cdslandi, en \u00fea\u00f0 er \u00fdmislegt \u00ed gangi sem tengist \u00fe\u00f6rungum [&hellip;]\" \/>\n<meta property=\"og:url\" content=\"https:\/\/matis.is\/en\/frettir\/sjavarthorungar-vannytt-audlind-a-islandi\/\" \/>\n<meta property=\"og:site_name\" content=\"Mat\u00eds\" \/>\n<meta property=\"article:publisher\" content=\"https:\/\/www.facebook.com\/matisiceland\" \/>\n<meta property=\"article:published_time\" content=\"2013-02-21T12:06:00+00:00\" \/>\n<meta property=\"article:modified_time\" content=\"2021-08-06T12:08:14+00:00\" \/>\n<meta property=\"og:image\" content=\"https:\/\/matis.is\/wp-content\/uploads\/iStock_Algae.jpg\" \/>\n\t<meta property=\"og:image:width\" content=\"1155\" \/>\n\t<meta property=\"og:image:height\" content=\"420\" \/>\n\t<meta property=\"og:image:type\" content=\"image\/jpeg\" \/>\n<meta name=\"author\" content=\"admin\" \/>\n<meta name=\"twitter:card\" content=\"summary_large_image\" \/>\n<meta name=\"twitter:creator\" content=\"@matisiceland\" \/>\n<meta name=\"twitter:site\" content=\"@matisiceland\" \/>\n<meta name=\"twitter:label1\" content=\"Written by\" \/>\n\t<meta name=\"twitter:data1\" content=\"admin\" \/>\n\t<meta name=\"twitter:label2\" content=\"Estimated reading time\" \/>\n\t<meta name=\"twitter:data2\" content=\"1 minute\" \/>\n<script type=\"application\/ld+json\" class=\"yoast-schema-graph\">{\"@context\":\"https:\\\/\\\/schema.org\",\"@graph\":[{\"@type\":\"Article\",\"@id\":\"https:\\\/\\\/matis.is\\\/frettir\\\/sjavarthorungar-vannytt-audlind-a-islandi\\\/#article\",\"isPartOf\":{\"@id\":\"https:\\\/\\\/matis.is\\\/frettir\\\/sjavarthorungar-vannytt-audlind-a-islandi\\\/\"},\"author\":{\"name\":\"admin\",\"@id\":\"https:\\\/\\\/matis.is\\\/#\\\/schema\\\/person\\\/33b92c850c915c93e67f291e3381a49a\"},\"headline\":\"Sj\u00e1var\u00fe\u00f6rungar vann\u00fdtt au\u00f0lind \u00e1 \u00cdslandi\",\"datePublished\":\"2013-02-21T12:06:00+00:00\",\"dateModified\":\"2021-08-06T12:08:14+00:00\",\"mainEntityOfPage\":{\"@id\":\"https:\\\/\\\/matis.is\\\/frettir\\\/sjavarthorungar-vannytt-audlind-a-islandi\\\/\"},\"wordCount\":253,\"publisher\":{\"@id\":\"https:\\\/\\\/matis.is\\\/#organization\"},\"image\":{\"@id\":\"https:\\\/\\\/matis.is\\\/frettir\\\/sjavarthorungar-vannytt-audlind-a-islandi\\\/#primaryimage\"},\"thumbnailUrl\":\"https:\\\/\\\/matis.is\\\/wp-content\\\/uploads\\\/iStock_Algae.jpg\",\"articleSection\":[\"Fr\u00e9ttir\"],\"inLanguage\":\"en-GB\"},{\"@type\":\"WebPage\",\"@id\":\"https:\\\/\\\/matis.is\\\/frettir\\\/sjavarthorungar-vannytt-audlind-a-islandi\\\/\",\"url\":\"https:\\\/\\\/matis.is\\\/frettir\\\/sjavarthorungar-vannytt-audlind-a-islandi\\\/\",\"name\":\"Sj\u00e1var\u00fe\u00f6rungar vann\u00fdtt au\u00f0lind \u00e1 \u00cdslandi - Mat\u00eds\",\"isPartOf\":{\"@id\":\"https:\\\/\\\/matis.is\\\/#website\"},\"primaryImageOfPage\":{\"@id\":\"https:\\\/\\\/matis.is\\\/frettir\\\/sjavarthorungar-vannytt-audlind-a-islandi\\\/#primaryimage\"},\"image\":{\"@id\":\"https:\\\/\\\/matis.is\\\/frettir\\\/sjavarthorungar-vannytt-audlind-a-islandi\\\/#primaryimage\"},\"thumbnailUrl\":\"https:\\\/\\\/matis.is\\\/wp-content\\\/uploads\\\/iStock_Algae.jpg\",\"datePublished\":\"2013-02-21T12:06:00+00:00\",\"dateModified\":\"2021-08-06T12:08:14+00:00\",\"breadcrumb\":{\"@id\":\"https:\\\/\\\/matis.is\\\/frettir\\\/sjavarthorungar-vannytt-audlind-a-islandi\\\/#breadcrumb\"},\"inLanguage\":\"en-GB\",\"potentialAction\":[{\"@type\":\"ReadAction\",\"target\":[\"https:\\\/\\\/matis.is\\\/frettir\\\/sjavarthorungar-vannytt-audlind-a-islandi\\\/\"]}]},{\"@type\":\"ImageObject\",\"inLanguage\":\"en-GB\",\"@id\":\"https:\\\/\\\/matis.is\\\/frettir\\\/sjavarthorungar-vannytt-audlind-a-islandi\\\/#primaryimage\",\"url\":\"https:\\\/\\\/matis.is\\\/wp-content\\\/uploads\\\/iStock_Algae.jpg\",\"contentUrl\":\"https:\\\/\\\/matis.is\\\/wp-content\\\/uploads\\\/iStock_Algae.jpg\",\"width\":1155,\"height\":420},{\"@type\":\"BreadcrumbList\",\"@id\":\"https:\\\/\\\/matis.is\\\/frettir\\\/sjavarthorungar-vannytt-audlind-a-islandi\\\/#breadcrumb\",\"itemListElement\":[{\"@type\":\"ListItem\",\"position\":1,\"name\":\"Home\",\"item\":\"https:\\\/\\\/matis.is\\\/\"},{\"@type\":\"ListItem\",\"position\":2,\"name\":\"Sj\u00e1var\u00fe\u00f6rungar vann\u00fdtt au\u00f0lind \u00e1 \u00cdslandi\"}]},{\"@type\":\"WebSite\",\"@id\":\"https:\\\/\\\/matis.is\\\/#website\",\"url\":\"https:\\\/\\\/matis.is\\\/\",\"name\":\"Mat\u00eds\",\"description\":\"Ver\u00f0m\u00e6task\u00f6pun, matv\u00e6la\u00f6ryggi og l\u00fd\u00f0heilsa\",\"publisher\":{\"@id\":\"https:\\\/\\\/matis.is\\\/#organization\"},\"potentialAction\":[{\"@type\":\"SearchAction\",\"target\":{\"@type\":\"EntryPoint\",\"urlTemplate\":\"https:\\\/\\\/matis.is\\\/?s={search_term_string}\"},\"query-input\":{\"@type\":\"PropertyValueSpecification\",\"valueRequired\":true,\"valueName\":\"search_term_string\"}}],\"inLanguage\":\"en-GB\"},{\"@type\":\"Organization\",\"@id\":\"https:\\\/\\\/matis.is\\\/#organization\",\"name\":\"Mat\u00eds ohf.\",\"url\":\"https:\\\/\\\/matis.is\\\/\",\"logo\":{\"@type\":\"ImageObject\",\"inLanguage\":\"en-GB\",\"@id\":\"https:\\\/\\\/matis.is\\\/#\\\/schema\\\/logo\\\/image\\\/\",\"url\":\"https:\\\/\\\/matis.is\\\/wp-content\\\/uploads\\\/2021\\\/02\\\/matis_logo_blatthvitt.png\",\"contentUrl\":\"https:\\\/\\\/matis.is\\\/wp-content\\\/uploads\\\/2021\\\/02\\\/matis_logo_blatthvitt.png\",\"width\":1507,\"height\":1507,\"caption\":\"Mat\u00eds ohf.\"},\"image\":{\"@id\":\"https:\\\/\\\/matis.is\\\/#\\\/schema\\\/logo\\\/image\\\/\"},\"sameAs\":[\"https:\\\/\\\/www.facebook.com\\\/matisiceland\",\"https:\\\/\\\/x.com\\\/matisiceland\",\"https:\\\/\\\/www.instagram.com\\\/matisiceland\\\/\",\"https:\\\/\\\/www.linkedin.com\\\/matisiceland\\\/\",\"https:\\\/\\\/www.youtube.com\\\/channel\\\/UCY-frt3uTqgVZW-DLjoo5bA\"]},{\"@type\":\"Person\",\"@id\":\"https:\\\/\\\/matis.is\\\/#\\\/schema\\\/person\\\/33b92c850c915c93e67f291e3381a49a\",\"name\":\"admin\",\"sameAs\":[\"https:\\\/\\\/matis.mareframe.eu\"],\"url\":\"https:\\\/\\\/matis.is\\\/en\\\/author\\\/thormodurmatis-is\\\/\"}]}<\/script>\n<!-- \/ Yoast SEO plugin. -->","yoast_head_json":{"title":"Seaweed underutilized resource in Iceland - Mat\u00eds","robots":{"index":"index","follow":"follow","max-snippet":"max-snippet:-1","max-image-preview":"max-image-preview:large","max-video-preview":"max-video-preview:-1"},"canonical":"https:\/\/matis.is\/en\/frettir\/sjavarthorungar-vannytt-audlind-a-islandi\/","og_locale":"en_GB","og_type":"article","og_title":"Sj\u00e1var\u00fe\u00f6rungar vann\u00fdtt au\u00f0lind \u00e1 \u00cdslandi - Mat\u00eds","og_description":"\u201e\u00cdslensku sj\u00e1var\u00fe\u00f6rungarnir eru vann\u00fdtt au\u00f0lind a\u00f0 minnsta kosti h\u00e9r \u00e1 \u00cdslandi, en \u00fea\u00f0 er \u00fdmislegt \u00ed gangi sem tengist \u00fe\u00f6rungum [&hellip;]","og_url":"https:\/\/matis.is\/en\/frettir\/sjavarthorungar-vannytt-audlind-a-islandi\/","og_site_name":"Mat\u00eds","article_publisher":"https:\/\/www.facebook.com\/matisiceland","article_published_time":"2013-02-21T12:06:00+00:00","article_modified_time":"2021-08-06T12:08:14+00:00","og_image":[{"width":1155,"height":420,"url":"https:\/\/matis.is\/wp-content\/uploads\/iStock_Algae.jpg","type":"image\/jpeg"}],"author":"admin","twitter_card":"summary_large_image","twitter_creator":"@matisiceland","twitter_site":"@matisiceland","twitter_misc":{"Written by":"admin","Estimated reading time":"1 minute"},"schema":{"@context":"https:\/\/schema.org","@graph":[{"@type":"Article","@id":"https:\/\/matis.is\/frettir\/sjavarthorungar-vannytt-audlind-a-islandi\/#article","isPartOf":{"@id":"https:\/\/matis.is\/frettir\/sjavarthorungar-vannytt-audlind-a-islandi\/"},"author":{"name":"admin","@id":"https:\/\/matis.is\/#\/schema\/person\/33b92c850c915c93e67f291e3381a49a"},"headline":"Sj\u00e1var\u00fe\u00f6rungar vann\u00fdtt au\u00f0lind \u00e1 \u00cdslandi","datePublished":"2013-02-21T12:06:00+00:00","dateModified":"2021-08-06T12:08:14+00:00","mainEntityOfPage":{"@id":"https:\/\/matis.is\/frettir\/sjavarthorungar-vannytt-audlind-a-islandi\/"},"wordCount":253,"publisher":{"@id":"https:\/\/matis.is\/#organization"},"image":{"@id":"https:\/\/matis.is\/frettir\/sjavarthorungar-vannytt-audlind-a-islandi\/#primaryimage"},"thumbnailUrl":"https:\/\/matis.is\/wp-content\/uploads\/iStock_Algae.jpg","articleSection":["Fr\u00e9ttir"],"inLanguage":"en-GB"},{"@type":"WebPage","@id":"https:\/\/matis.is\/frettir\/sjavarthorungar-vannytt-audlind-a-islandi\/","url":"https:\/\/matis.is\/frettir\/sjavarthorungar-vannytt-audlind-a-islandi\/","name":"Seaweed underutilized resource in Iceland - Mat\u00eds","isPartOf":{"@id":"https:\/\/matis.is\/#website"},"primaryImageOfPage":{"@id":"https:\/\/matis.is\/frettir\/sjavarthorungar-vannytt-audlind-a-islandi\/#primaryimage"},"image":{"@id":"https:\/\/matis.is\/frettir\/sjavarthorungar-vannytt-audlind-a-islandi\/#primaryimage"},"thumbnailUrl":"https:\/\/matis.is\/wp-content\/uploads\/iStock_Algae.jpg","datePublished":"2013-02-21T12:06:00+00:00","dateModified":"2021-08-06T12:08:14+00:00","breadcrumb":{"@id":"https:\/\/matis.is\/frettir\/sjavarthorungar-vannytt-audlind-a-islandi\/#breadcrumb"},"inLanguage":"en-GB","potentialAction":[{"@type":"ReadAction","target":["https:\/\/matis.is\/frettir\/sjavarthorungar-vannytt-audlind-a-islandi\/"]}]},{"@type":"ImageObject","inLanguage":"en-GB","@id":"https:\/\/matis.is\/frettir\/sjavarthorungar-vannytt-audlind-a-islandi\/#primaryimage","url":"https:\/\/matis.is\/wp-content\/uploads\/iStock_Algae.jpg","contentUrl":"https:\/\/matis.is\/wp-content\/uploads\/iStock_Algae.jpg","width":1155,"height":420},{"@type":"BreadcrumbList","@id":"https:\/\/matis.is\/frettir\/sjavarthorungar-vannytt-audlind-a-islandi\/#breadcrumb","itemListElement":[{"@type":"ListItem","position":1,"name":"Home","item":"https:\/\/matis.is\/"},{"@type":"ListItem","position":2,"name":"Sj\u00e1var\u00fe\u00f6rungar vann\u00fdtt au\u00f0lind \u00e1 \u00cdslandi"}]},{"@type":"WebSite","@id":"https:\/\/matis.is\/#website","url":"https:\/\/matis.is\/","name":"Mat\u00eds","description":"Value creation, food security and public health","publisher":{"@id":"https:\/\/matis.is\/#organization"},"potentialAction":[{"@type":"SearchAction","target":{"@type":"EntryPoint","urlTemplate":"https:\/\/matis.is\/?s={search_term_string}"},"query-input":{"@type":"PropertyValueSpecification","valueRequired":true,"valueName":"search_term_string"}}],"inLanguage":"en-GB"},{"@type":"Organization","@id":"https:\/\/matis.is\/#organization","name":"Mat\u00eds ohf.","url":"https:\/\/matis.is\/","logo":{"@type":"ImageObject","inLanguage":"en-GB","@id":"https:\/\/matis.is\/#\/schema\/logo\/image\/","url":"https:\/\/matis.is\/wp-content\/uploads\/2021\/02\/matis_logo_blatthvitt.png","contentUrl":"https:\/\/matis.is\/wp-content\/uploads\/2021\/02\/matis_logo_blatthvitt.png","width":1507,"height":1507,"caption":"Mat\u00eds ohf."},"image":{"@id":"https:\/\/matis.is\/#\/schema\/logo\/image\/"},"sameAs":["https:\/\/www.facebook.com\/matisiceland","https:\/\/x.com\/matisiceland","https:\/\/www.instagram.com\/matisiceland\/","https:\/\/www.linkedin.com\/matisiceland\/","https:\/\/www.youtube.com\/channel\/UCY-frt3uTqgVZW-DLjoo5bA"]},{"@type":"Person","@id":"https:\/\/matis.is\/#\/schema\/person\/33b92c850c915c93e67f291e3381a49a","name":"admin","sameAs":["https:\/\/matis.mareframe.eu"],"url":"https:\/\/matis.is\/en\/author\/thormodurmatis-is\/"}]}},"spectra_custom_meta":{"_edit_lock":["1628251694:5"],"_wp_old_date":["2021-08-06"],"_thumbnail_id":["41832"],"_wp_page_template":["templates\/template-cover.php"],"_edit_last":["5"],"tengilidur":[""],"_tengilidur":["field_5ef905e0538b2"],"_yoast_wpseo_primary_category":["1973"],"_yoast_wpseo_content_score":["30"],"_yoast_wpseo_estimated-reading-time-minutes":["1"],"wpmm_postgrid_views":["400"],"_uag_css_file_name":["uag-css-41831.css"],"_uag_page_assets":["a:9:{s:3:\"css\";s:263:\".uag-blocks-common-selector{z-index:var(--z-index-desktop) !important}@media (max-width: 976px){.uag-blocks-common-selector{z-index:var(--z-index-tablet) !important}}@media (max-width: 767px){.uag-blocks-common-selector{z-index:var(--z-index-mobile) !important}}\n\";s:2:\"js\";s:0:\"\";s:18:\"current_block_list\";a:6:{i:0;s:12:\"core\/heading\";i:1;s:14:\"core\/paragraph\";i:2;s:12:\"core\/buttons\";i:3;s:11:\"core\/button\";i:4;s:12:\"core\/columns\";i:5;s:11:\"core\/column\";}s:8:\"uag_flag\";b:0;s:11:\"uag_version\";s:10:\"1777300790\";s:6:\"gfonts\";a:0:{}s:10:\"gfonts_url\";s:0:\"\";s:12:\"gfonts_files\";a:0:{}s:14:\"uag_faq_layout\";b:0;}"]},"uagb_featured_image_src":{"full":["https:\/\/matis.is\/wp-content\/uploads\/iStock_Algae.jpg",1155,420,false],"thumbnail":["https:\/\/matis.is\/wp-content\/uploads\/iStock_Algae-150x150.jpg",150,150,true],"medium":["https:\/\/matis.is\/wp-content\/uploads\/iStock_Algae-300x109.jpg",300,109,true],"medium_large":["https:\/\/matis.is\/wp-content\/uploads\/iStock_Algae-768x279.jpg",768,279,true],"large":["https:\/\/matis.is\/wp-content\/uploads\/iStock_Algae-1024x372.jpg",1024,372,true],"1536x1536":["https:\/\/matis.is\/wp-content\/uploads\/iStock_Algae.jpg",1155,420,false],"2048x2048":["https:\/\/matis.is\/wp-content\/uploads\/iStock_Algae.jpg",1155,420,false],"trp-custom-language-flag":["https:\/\/matis.is\/wp-content\/uploads\/iStock_Algae.jpg",18,7,false]},"uagb_author_info":{"display_name":"admin","author_link":"https:\/\/matis.is\/en\/author\/thormodurmatis-is\/"},"uagb_comment_info":0,"uagb_excerpt":"\u201e\u00cdslensku sj\u00e1var\u00fe\u00f6rungarnir eru vann\u00fdtt au\u00f0lind a\u00f0 minnsta kosti h\u00e9r \u00e1 \u00cdslandi, en \u00fea\u00f0 er \u00fdmislegt \u00ed gangi sem tengist \u00fe\u00f6rungum [&hellip;]","_links":{"self":[{"href":"https:\/\/matis.is\/en\/wp-json\/wp\/v2\/posts\/41831","targetHints":{"allow":["GET"]}}],"collection":[{"href":"https:\/\/matis.is\/en\/wp-json\/wp\/v2\/posts"}],"about":[{"href":"https:\/\/matis.is\/en\/wp-json\/wp\/v2\/types\/post"}],"author":[{"embeddable":true,"href":"https:\/\/matis.is\/en\/wp-json\/wp\/v2\/users\/1"}],"replies":[{"embeddable":true,"href":"https:\/\/matis.is\/en\/wp-json\/wp\/v2\/comments?post=41831"}],"version-history":[{"count":1,"href":"https:\/\/matis.is\/en\/wp-json\/wp\/v2\/posts\/41831\/revisions"}],"predecessor-version":[{"id":41833,"href":"https:\/\/matis.is\/en\/wp-json\/wp\/v2\/posts\/41831\/revisions\/41833"}],"wp:featuredmedia":[{"embeddable":true,"href":"https:\/\/matis.is\/en\/wp-json\/wp\/v2\/media\/41832"}],"wp:attachment":[{"href":"https:\/\/matis.is\/en\/wp-json\/wp\/v2\/media?parent=41831"}],"wp:term":[{"taxonomy":"category","embeddable":true,"href":"https:\/\/matis.is\/en\/wp-json\/wp\/v2\/categories?post=41831"},{"taxonomy":"post_tag","embeddable":true,"href":"https:\/\/matis.is\/en\/wp-json\/wp\/v2\/tags?post=41831"}],"curies":[{"name":"wp","href":"https:\/\/api.w.org\/{rel}","templated":true}]}}