{"id":41846,"date":"2013-01-21T13:01:00","date_gmt":"2013-01-21T13:01:00","guid":{"rendered":"https:\/\/matis.is\/?p=41846"},"modified":"2021-08-06T13:03:16","modified_gmt":"2021-08-06T13:03:16","slug":"fjolgun-starfa-og-hatt-menntunarstig-hja-matis-i-skagafirdi","status":"publish","type":"post","link":"https:\/\/matis.is\/en\/frettir\/fjolgun-starfa-og-hatt-menntunarstig-hja-matis-i-skagafirdi\/","title":{"rendered":"Increase in jobs and a high level of education at Mat\u00eds in Skagafj\u00f6r\u00f0ur"},"content":{"rendered":"<h4 class=\"wp-block-heading\">Mat\u00eds has an office in Skagafj\u00f6r\u00f0ur. The so-called Biotechnology Center is located there and the bioactivity of the various substances from the Icelandic sea is studied there.<\/h4>\n\n\n\n<p>What is also interesting about the establishment is how high the level of education Mat\u00eds employees have. Of the five employees who work there, three have a master&#039;s degree and two have a doctorate. With such knowledge, it is possible to carry out multifaceted and interesting activities that are important for the local environment and no less for the country as a whole.<\/p>\n\n\n\n<p>Mat\u00eds&#039; activities at L\u00edft\u00e6knismi\u00f0jan are multifaceted. First, Mat\u00eds has set up a specialized laboratory in the field of biotechnology and biochemicals. Secondly, Mat\u00eds operates a pilot plant in the processing hall of L\u00edft\u00e6knismi\u00f0jan, where the company Iceprotein ehf. has built up its operations. Finally, Mat\u00eds&#039; staff at L\u00edft\u00e6knismi\u00f0jan works with companies in Skagafj\u00f6r\u00f0ur and NV-landi on various improvement and optimization projects.<\/p>\n\n\n\n<p>With L\u00edft\u00e6knismi\u00f0jan, research facilities have been created with associated processing facilities where scientists and pioneers in biotechnology can develop their products and processing processes in collaboration with Mat\u00eds. The Biotechnology Center&#039;s laboratory is working on measuring the bioactive properties of biomaterials from Icelandic nature. The biotechnology center is open to all Icelanders, and individuals and companies can have facilities there for a shorter period of time for product production. The workshop will be a kind of hatchery for new start-up companies in biotechnology and important in shortening the process from idea to market. By choosing the location of L\u00edft\u00e6knismi\u00f0jan, one looks at the local area, which is Skagafj\u00f6r\u00f0ur&#039;s food pantry.<\/p>\n\n\n\n<p>Targeted development of research facilities is taking place at L\u00edft\u00e6knismi\u00f0ja Mat\u00eds, which is already a participant in extensive multinational collaboration. The biotechnology center is intended to contribute specialized research facilities, development facilities with production licenses and expertise in future collaborative projects. The processing hall of the Biotechnology Center includes facilities for protein isolation and drying. The biotechnology center is intended to work in close collaboration with food companies in the country.<\/p>\n\n\n\n<p>A video of the establishment can be found&nbsp;<a href=\"http:\/\/www.youtube.com\/watch?v=66TYl0tasF0&amp;feature=plcp\" target=\"_blank\" rel=\"noreferrer noopener\">here<\/a>.<\/p>\n\n\n\n<p>Mat\u00eds&#039; station manager in Sau\u00f0\u00e1rkr\u00f3kur is Arnlj\u00f3tur Bjarki Bergsson, division manager of Vinnsla, value added and fire.<\/p>\n\n\n\n<hr class=\"wp-block-separator\"\/>\n\n\n\n<p><strong>Mat\u00eds in Sau\u00f0\u00e1rkr\u00f3kur:<\/strong><\/p>\n\n\n\n<p>H\u00e1eyri 1, 550 Sau\u00f0\u00e1rkr\u00f3kur<strong><br><br>Employees:<\/strong><\/p>\n\n\n\n<ul class=\"wp-block-list\"><li>Arnlj\u00f3tur B. Bergsson, M.Sc., division manager, phone 422 5013<\/li><li>H\u00f3lmfr\u00ed\u00f0ur Sveinsd\u00f3ttir, PhD, specialist, phone 422 5064<\/li><li>Patricia Y. Hamaguchi PhD, Specialist, Phone 422 5041<\/li><li>Hilma Ei\u00f0sd\u00f3ttir Bakken, M.Sc., researcher, phone 422 5064<\/li><li>Annabelle Vrac, M.Sc., researcher, phone 422 5064<\/li><\/ul>","protected":false},"excerpt":{"rendered":"<p>Mat\u00eds er me\u00f0 starfsst\u00f6\u00f0 \u00ed Skagafir\u00f0i. \u00dear er svok\u00f6llu\u00f0 L\u00edft\u00e6knismi\u00f0ja sta\u00f0sett og er l\u00edfvirkni hinna \u00fdmsu efna \u00far \u00edslenskum sj\u00f3 [&hellip;]<\/p>\n","protected":false},"author":1,"featured_media":41847,"comment_status":"closed","ping_status":"closed","sticky":false,"template":"templates\/template-cover.php","format":"standard","meta":{"_acf_changed":false,"_uag_custom_page_level_css":"","site-sidebar-layout":"default","site-content-layout":"","ast-site-content-layout":"default","site-content-style":"default","site-sidebar-style":"default","ast-global-header-display":"","ast-banner-title-visibility":"","ast-main-header-display":"","ast-hfb-above-header-display":"","ast-hfb-below-header-display":"","ast-hfb-mobile-header-display":"","site-post-title":"","ast-breadcrumbs-content":"","ast-featured-img":"","footer-sml-layout":"","ast-disable-related-posts":"","theme-transparent-header-meta":"","adv-header-id-meta":"","stick-header-meta":"","header-above-stick-meta":"","header-main-stick-meta":"","header-below-stick-meta":"","astra-migrate-meta-layouts":"default","ast-page-background-enabled":"default","ast-page-background-meta":{"desktop":{"background-color":"var(--ast-global-color-5)","background-image":"","background-repeat":"repeat","background-position":"center center","background-size":"auto","background-attachment":"scroll","background-type":"","background-media":"","overlay-type":"","overlay-color":"","overlay-opacity":"","overlay-gradient":""},"tablet":{"background-color":"","background-image":"","background-repeat":"repeat","background-position":"center center","background-size":"auto","background-attachment":"scroll","background-type":"","background-media":"","overlay-type":"","overlay-color":"","overlay-opacity":"","overlay-gradient":""},"mobile":{"background-color":"","background-image":"","background-repeat":"repeat","background-position":"center center","background-size":"auto","background-attachment":"scroll","background-type":"","background-media":"","overlay-type":"","overlay-color":"","overlay-opacity":"","overlay-gradient":""}},"ast-content-background-meta":{"desktop":{"background-color":"var(--ast-global-color-4)","background-image":"","background-repeat":"repeat","background-position":"center center","background-size":"auto","background-attachment":"scroll","background-type":"","background-media":"","overlay-type":"","overlay-color":"","overlay-opacity":"","overlay-gradient":""},"tablet":{"background-color":"var(--ast-global-color-4)","background-image":"","background-repeat":"repeat","background-position":"center center","background-size":"auto","background-attachment":"scroll","background-type":"","background-media":"","overlay-type":"","overlay-color":"","overlay-opacity":"","overlay-gradient":""},"mobile":{"background-color":"var(--ast-global-color-4)","background-image":"","background-repeat":"repeat","background-position":"center center","background-size":"auto","background-attachment":"scroll","background-type":"","background-media":"","overlay-type":"","overlay-color":"","overlay-opacity":"","overlay-gradient":""}},"footnotes":""},"categories":[1973],"tags":[],"class_list":["post-41846","post","type-post","status-publish","format-standard","has-post-thumbnail","hentry","category-frettir"],"acf":[],"yoast_head":"<!-- This site is optimized with the Yoast SEO plugin v27.4 - https:\/\/yoast.com\/product\/yoast-seo-wordpress\/ -->\n<title>Fj\u00f6lgun starfa og h\u00e1tt menntunarstig hj\u00e1 Mat\u00eds \u00ed Skagafir\u00f0i - Mat\u00eds<\/title>\n<meta name=\"robots\" content=\"index, follow, max-snippet:-1, max-image-preview:large, max-video-preview:-1\" \/>\n<link rel=\"canonical\" href=\"https:\/\/matis.is\/en\/frettir\/fjolgun-starfa-og-hatt-menntunarstig-hja-matis-i-skagafirdi\/\" \/>\n<meta property=\"og:locale\" content=\"en_GB\" \/>\n<meta property=\"og:type\" content=\"article\" \/>\n<meta property=\"og:title\" content=\"Fj\u00f6lgun starfa og h\u00e1tt menntunarstig hj\u00e1 Mat\u00eds \u00ed Skagafir\u00f0i - Mat\u00eds\" \/>\n<meta property=\"og:description\" content=\"Mat\u00eds er me\u00f0 starfsst\u00f6\u00f0 \u00ed Skagafir\u00f0i. \u00dear er svok\u00f6llu\u00f0 L\u00edft\u00e6knismi\u00f0ja sta\u00f0sett og er l\u00edfvirkni hinna \u00fdmsu efna \u00far \u00edslenskum sj\u00f3 [&hellip;]\" \/>\n<meta property=\"og:url\" content=\"https:\/\/matis.is\/en\/frettir\/fjolgun-starfa-og-hatt-menntunarstig-hja-matis-i-skagafirdi\/\" \/>\n<meta property=\"og:site_name\" content=\"Mat\u00eds\" \/>\n<meta property=\"article:publisher\" content=\"https:\/\/www.facebook.com\/matisiceland\" \/>\n<meta property=\"article:published_time\" content=\"2013-01-21T13:01:00+00:00\" \/>\n<meta property=\"article:modified_time\" content=\"2021-08-06T13:03:16+00:00\" \/>\n<meta property=\"og:image\" content=\"https:\/\/matis.is\/wp-content\/uploads\/CopyRight_iStock_Swoosh-R_Krokurinn.jpg\" \/>\n\t<meta property=\"og:image:width\" content=\"1155\" \/>\n\t<meta property=\"og:image:height\" content=\"420\" \/>\n\t<meta property=\"og:image:type\" content=\"image\/jpeg\" \/>\n<meta name=\"author\" content=\"admin\" \/>\n<meta name=\"twitter:card\" content=\"summary_large_image\" \/>\n<meta name=\"twitter:creator\" content=\"@matisiceland\" \/>\n<meta name=\"twitter:site\" content=\"@matisiceland\" \/>\n<meta name=\"twitter:label1\" content=\"Written by\" \/>\n\t<meta name=\"twitter:data1\" content=\"admin\" \/>\n\t<meta name=\"twitter:label2\" content=\"Estimated reading time\" \/>\n\t<meta name=\"twitter:data2\" content=\"2 minutes\" \/>\n<script type=\"application\/ld+json\" class=\"yoast-schema-graph\">{\"@context\":\"https:\\\/\\\/schema.org\",\"@graph\":[{\"@type\":\"Article\",\"@id\":\"https:\\\/\\\/matis.is\\\/frettir\\\/fjolgun-starfa-og-hatt-menntunarstig-hja-matis-i-skagafirdi\\\/#article\",\"isPartOf\":{\"@id\":\"https:\\\/\\\/matis.is\\\/frettir\\\/fjolgun-starfa-og-hatt-menntunarstig-hja-matis-i-skagafirdi\\\/\"},\"author\":{\"name\":\"admin\",\"@id\":\"https:\\\/\\\/matis.is\\\/#\\\/schema\\\/person\\\/33b92c850c915c93e67f291e3381a49a\"},\"headline\":\"Fj\u00f6lgun starfa og h\u00e1tt menntunarstig hj\u00e1 Mat\u00eds \u00ed Skagafir\u00f0i\",\"datePublished\":\"2013-01-21T13:01:00+00:00\",\"dateModified\":\"2021-08-06T13:03:16+00:00\",\"mainEntityOfPage\":{\"@id\":\"https:\\\/\\\/matis.is\\\/frettir\\\/fjolgun-starfa-og-hatt-menntunarstig-hja-matis-i-skagafirdi\\\/\"},\"wordCount\":513,\"publisher\":{\"@id\":\"https:\\\/\\\/matis.is\\\/#organization\"},\"image\":{\"@id\":\"https:\\\/\\\/matis.is\\\/frettir\\\/fjolgun-starfa-og-hatt-menntunarstig-hja-matis-i-skagafirdi\\\/#primaryimage\"},\"thumbnailUrl\":\"https:\\\/\\\/matis.is\\\/wp-content\\\/uploads\\\/CopyRight_iStock_Swoosh-R_Krokurinn.jpg\",\"articleSection\":[\"Fr\u00e9ttir\"],\"inLanguage\":\"en-GB\"},{\"@type\":\"WebPage\",\"@id\":\"https:\\\/\\\/matis.is\\\/frettir\\\/fjolgun-starfa-og-hatt-menntunarstig-hja-matis-i-skagafirdi\\\/\",\"url\":\"https:\\\/\\\/matis.is\\\/frettir\\\/fjolgun-starfa-og-hatt-menntunarstig-hja-matis-i-skagafirdi\\\/\",\"name\":\"Fj\u00f6lgun starfa og h\u00e1tt menntunarstig hj\u00e1 Mat\u00eds \u00ed Skagafir\u00f0i - Mat\u00eds\",\"isPartOf\":{\"@id\":\"https:\\\/\\\/matis.is\\\/#website\"},\"primaryImageOfPage\":{\"@id\":\"https:\\\/\\\/matis.is\\\/frettir\\\/fjolgun-starfa-og-hatt-menntunarstig-hja-matis-i-skagafirdi\\\/#primaryimage\"},\"image\":{\"@id\":\"https:\\\/\\\/matis.is\\\/frettir\\\/fjolgun-starfa-og-hatt-menntunarstig-hja-matis-i-skagafirdi\\\/#primaryimage\"},\"thumbnailUrl\":\"https:\\\/\\\/matis.is\\\/wp-content\\\/uploads\\\/CopyRight_iStock_Swoosh-R_Krokurinn.jpg\",\"datePublished\":\"2013-01-21T13:01:00+00:00\",\"dateModified\":\"2021-08-06T13:03:16+00:00\",\"breadcrumb\":{\"@id\":\"https:\\\/\\\/matis.is\\\/frettir\\\/fjolgun-starfa-og-hatt-menntunarstig-hja-matis-i-skagafirdi\\\/#breadcrumb\"},\"inLanguage\":\"en-GB\",\"potentialAction\":[{\"@type\":\"ReadAction\",\"target\":[\"https:\\\/\\\/matis.is\\\/frettir\\\/fjolgun-starfa-og-hatt-menntunarstig-hja-matis-i-skagafirdi\\\/\"]}]},{\"@type\":\"ImageObject\",\"inLanguage\":\"en-GB\",\"@id\":\"https:\\\/\\\/matis.is\\\/frettir\\\/fjolgun-starfa-og-hatt-menntunarstig-hja-matis-i-skagafirdi\\\/#primaryimage\",\"url\":\"https:\\\/\\\/matis.is\\\/wp-content\\\/uploads\\\/CopyRight_iStock_Swoosh-R_Krokurinn.jpg\",\"contentUrl\":\"https:\\\/\\\/matis.is\\\/wp-content\\\/uploads\\\/CopyRight_iStock_Swoosh-R_Krokurinn.jpg\",\"width\":1155,\"height\":420,\"caption\":\"Saudarkrokur, an arctic fisherman's village in the North of Iceland\"},{\"@type\":\"BreadcrumbList\",\"@id\":\"https:\\\/\\\/matis.is\\\/frettir\\\/fjolgun-starfa-og-hatt-menntunarstig-hja-matis-i-skagafirdi\\\/#breadcrumb\",\"itemListElement\":[{\"@type\":\"ListItem\",\"position\":1,\"name\":\"Home\",\"item\":\"https:\\\/\\\/matis.is\\\/\"},{\"@type\":\"ListItem\",\"position\":2,\"name\":\"Fj\u00f6lgun starfa og h\u00e1tt menntunarstig hj\u00e1 Mat\u00eds \u00ed Skagafir\u00f0i\"}]},{\"@type\":\"WebSite\",\"@id\":\"https:\\\/\\\/matis.is\\\/#website\",\"url\":\"https:\\\/\\\/matis.is\\\/\",\"name\":\"Mat\u00eds\",\"description\":\"Ver\u00f0m\u00e6task\u00f6pun, matv\u00e6la\u00f6ryggi og l\u00fd\u00f0heilsa\",\"publisher\":{\"@id\":\"https:\\\/\\\/matis.is\\\/#organization\"},\"potentialAction\":[{\"@type\":\"SearchAction\",\"target\":{\"@type\":\"EntryPoint\",\"urlTemplate\":\"https:\\\/\\\/matis.is\\\/?s={search_term_string}\"},\"query-input\":{\"@type\":\"PropertyValueSpecification\",\"valueRequired\":true,\"valueName\":\"search_term_string\"}}],\"inLanguage\":\"en-GB\"},{\"@type\":\"Organization\",\"@id\":\"https:\\\/\\\/matis.is\\\/#organization\",\"name\":\"Mat\u00eds ohf.\",\"url\":\"https:\\\/\\\/matis.is\\\/\",\"logo\":{\"@type\":\"ImageObject\",\"inLanguage\":\"en-GB\",\"@id\":\"https:\\\/\\\/matis.is\\\/#\\\/schema\\\/logo\\\/image\\\/\",\"url\":\"https:\\\/\\\/matis.is\\\/wp-content\\\/uploads\\\/2021\\\/02\\\/matis_logo_blatthvitt.png\",\"contentUrl\":\"https:\\\/\\\/matis.is\\\/wp-content\\\/uploads\\\/2021\\\/02\\\/matis_logo_blatthvitt.png\",\"width\":1507,\"height\":1507,\"caption\":\"Mat\u00eds ohf.\"},\"image\":{\"@id\":\"https:\\\/\\\/matis.is\\\/#\\\/schema\\\/logo\\\/image\\\/\"},\"sameAs\":[\"https:\\\/\\\/www.facebook.com\\\/matisiceland\",\"https:\\\/\\\/x.com\\\/matisiceland\",\"https:\\\/\\\/www.instagram.com\\\/matisiceland\\\/\",\"https:\\\/\\\/www.linkedin.com\\\/matisiceland\\\/\",\"https:\\\/\\\/www.youtube.com\\\/channel\\\/UCY-frt3uTqgVZW-DLjoo5bA\"]},{\"@type\":\"Person\",\"@id\":\"https:\\\/\\\/matis.is\\\/#\\\/schema\\\/person\\\/33b92c850c915c93e67f291e3381a49a\",\"name\":\"admin\",\"sameAs\":[\"https:\\\/\\\/matis.mareframe.eu\"],\"url\":\"https:\\\/\\\/matis.is\\\/en\\\/author\\\/thormodurmatis-is\\\/\"}]}<\/script>\n<!-- \/ Yoast SEO plugin. -->","yoast_head_json":{"title":"Increase in jobs and high level of education at Mat\u00eds in Skagafj\u00f6r\u00f0ur - Mat\u00eds","robots":{"index":"index","follow":"follow","max-snippet":"max-snippet:-1","max-image-preview":"max-image-preview:large","max-video-preview":"max-video-preview:-1"},"canonical":"https:\/\/matis.is\/en\/frettir\/fjolgun-starfa-og-hatt-menntunarstig-hja-matis-i-skagafirdi\/","og_locale":"en_GB","og_type":"article","og_title":"Fj\u00f6lgun starfa og h\u00e1tt menntunarstig hj\u00e1 Mat\u00eds \u00ed Skagafir\u00f0i - Mat\u00eds","og_description":"Mat\u00eds er me\u00f0 starfsst\u00f6\u00f0 \u00ed Skagafir\u00f0i. \u00dear er svok\u00f6llu\u00f0 L\u00edft\u00e6knismi\u00f0ja sta\u00f0sett og er l\u00edfvirkni hinna \u00fdmsu efna \u00far \u00edslenskum sj\u00f3 [&hellip;]","og_url":"https:\/\/matis.is\/en\/frettir\/fjolgun-starfa-og-hatt-menntunarstig-hja-matis-i-skagafirdi\/","og_site_name":"Mat\u00eds","article_publisher":"https:\/\/www.facebook.com\/matisiceland","article_published_time":"2013-01-21T13:01:00+00:00","article_modified_time":"2021-08-06T13:03:16+00:00","og_image":[{"width":1155,"height":420,"url":"https:\/\/matis.is\/wp-content\/uploads\/CopyRight_iStock_Swoosh-R_Krokurinn.jpg","type":"image\/jpeg"}],"author":"admin","twitter_card":"summary_large_image","twitter_creator":"@matisiceland","twitter_site":"@matisiceland","twitter_misc":{"Written by":"admin","Estimated reading time":"2 minutes"},"schema":{"@context":"https:\/\/schema.org","@graph":[{"@type":"Article","@id":"https:\/\/matis.is\/frettir\/fjolgun-starfa-og-hatt-menntunarstig-hja-matis-i-skagafirdi\/#article","isPartOf":{"@id":"https:\/\/matis.is\/frettir\/fjolgun-starfa-og-hatt-menntunarstig-hja-matis-i-skagafirdi\/"},"author":{"name":"admin","@id":"https:\/\/matis.is\/#\/schema\/person\/33b92c850c915c93e67f291e3381a49a"},"headline":"Fj\u00f6lgun starfa og h\u00e1tt menntunarstig hj\u00e1 Mat\u00eds \u00ed Skagafir\u00f0i","datePublished":"2013-01-21T13:01:00+00:00","dateModified":"2021-08-06T13:03:16+00:00","mainEntityOfPage":{"@id":"https:\/\/matis.is\/frettir\/fjolgun-starfa-og-hatt-menntunarstig-hja-matis-i-skagafirdi\/"},"wordCount":513,"publisher":{"@id":"https:\/\/matis.is\/#organization"},"image":{"@id":"https:\/\/matis.is\/frettir\/fjolgun-starfa-og-hatt-menntunarstig-hja-matis-i-skagafirdi\/#primaryimage"},"thumbnailUrl":"https:\/\/matis.is\/wp-content\/uploads\/CopyRight_iStock_Swoosh-R_Krokurinn.jpg","articleSection":["Fr\u00e9ttir"],"inLanguage":"en-GB"},{"@type":"WebPage","@id":"https:\/\/matis.is\/frettir\/fjolgun-starfa-og-hatt-menntunarstig-hja-matis-i-skagafirdi\/","url":"https:\/\/matis.is\/frettir\/fjolgun-starfa-og-hatt-menntunarstig-hja-matis-i-skagafirdi\/","name":"Increase in jobs and high level of education at Mat\u00eds in Skagafj\u00f6r\u00f0ur - Mat\u00eds","isPartOf":{"@id":"https:\/\/matis.is\/#website"},"primaryImageOfPage":{"@id":"https:\/\/matis.is\/frettir\/fjolgun-starfa-og-hatt-menntunarstig-hja-matis-i-skagafirdi\/#primaryimage"},"image":{"@id":"https:\/\/matis.is\/frettir\/fjolgun-starfa-og-hatt-menntunarstig-hja-matis-i-skagafirdi\/#primaryimage"},"thumbnailUrl":"https:\/\/matis.is\/wp-content\/uploads\/CopyRight_iStock_Swoosh-R_Krokurinn.jpg","datePublished":"2013-01-21T13:01:00+00:00","dateModified":"2021-08-06T13:03:16+00:00","breadcrumb":{"@id":"https:\/\/matis.is\/frettir\/fjolgun-starfa-og-hatt-menntunarstig-hja-matis-i-skagafirdi\/#breadcrumb"},"inLanguage":"en-GB","potentialAction":[{"@type":"ReadAction","target":["https:\/\/matis.is\/frettir\/fjolgun-starfa-og-hatt-menntunarstig-hja-matis-i-skagafirdi\/"]}]},{"@type":"ImageObject","inLanguage":"en-GB","@id":"https:\/\/matis.is\/frettir\/fjolgun-starfa-og-hatt-menntunarstig-hja-matis-i-skagafirdi\/#primaryimage","url":"https:\/\/matis.is\/wp-content\/uploads\/CopyRight_iStock_Swoosh-R_Krokurinn.jpg","contentUrl":"https:\/\/matis.is\/wp-content\/uploads\/CopyRight_iStock_Swoosh-R_Krokurinn.jpg","width":1155,"height":420,"caption":"Saudarkrokur, an arctic fisherman's village in the North of Iceland"},{"@type":"BreadcrumbList","@id":"https:\/\/matis.is\/frettir\/fjolgun-starfa-og-hatt-menntunarstig-hja-matis-i-skagafirdi\/#breadcrumb","itemListElement":[{"@type":"ListItem","position":1,"name":"Home","item":"https:\/\/matis.is\/"},{"@type":"ListItem","position":2,"name":"Fj\u00f6lgun starfa og h\u00e1tt menntunarstig hj\u00e1 Mat\u00eds \u00ed Skagafir\u00f0i"}]},{"@type":"WebSite","@id":"https:\/\/matis.is\/#website","url":"https:\/\/matis.is\/","name":"Mat\u00eds","description":"Value creation, food security and public health","publisher":{"@id":"https:\/\/matis.is\/#organization"},"potentialAction":[{"@type":"SearchAction","target":{"@type":"EntryPoint","urlTemplate":"https:\/\/matis.is\/?s={search_term_string}"},"query-input":{"@type":"PropertyValueSpecification","valueRequired":true,"valueName":"search_term_string"}}],"inLanguage":"en-GB"},{"@type":"Organization","@id":"https:\/\/matis.is\/#organization","name":"Mat\u00eds ohf.","url":"https:\/\/matis.is\/","logo":{"@type":"ImageObject","inLanguage":"en-GB","@id":"https:\/\/matis.is\/#\/schema\/logo\/image\/","url":"https:\/\/matis.is\/wp-content\/uploads\/2021\/02\/matis_logo_blatthvitt.png","contentUrl":"https:\/\/matis.is\/wp-content\/uploads\/2021\/02\/matis_logo_blatthvitt.png","width":1507,"height":1507,"caption":"Mat\u00eds ohf."},"image":{"@id":"https:\/\/matis.is\/#\/schema\/logo\/image\/"},"sameAs":["https:\/\/www.facebook.com\/matisiceland","https:\/\/x.com\/matisiceland","https:\/\/www.instagram.com\/matisiceland\/","https:\/\/www.linkedin.com\/matisiceland\/","https:\/\/www.youtube.com\/channel\/UCY-frt3uTqgVZW-DLjoo5bA"]},{"@type":"Person","@id":"https:\/\/matis.is\/#\/schema\/person\/33b92c850c915c93e67f291e3381a49a","name":"admin","sameAs":["https:\/\/matis.mareframe.eu"],"url":"https:\/\/matis.is\/en\/author\/thormodurmatis-is\/"}]}},"spectra_custom_meta":{"_edit_lock":["1628254997:5"],"_wp_old_date":["2021-08-06"],"_thumbnail_id":["41847"],"_wp_page_template":["templates\/template-cover.php"],"_edit_last":["5"],"tengilidur":[""],"_tengilidur":["field_5ef905e0538b2"],"_yoast_wpseo_primary_category":["1973"],"_yoast_wpseo_content_score":["30"],"_yoast_wpseo_estimated-reading-time-minutes":["2"],"wpmm_postgrid_views":["314"],"_uag_css_file_name":["uag-css-41846.css"],"_uag_page_assets":["a:9:{s:3:\"css\";s:263:\".uag-blocks-common-selector{z-index:var(--z-index-desktop) !important}@media (max-width: 976px){.uag-blocks-common-selector{z-index:var(--z-index-tablet) !important}}@media (max-width: 767px){.uag-blocks-common-selector{z-index:var(--z-index-mobile) !important}}\n\";s:2:\"js\";s:0:\"\";s:18:\"current_block_list\";a:8:{i:0;s:12:\"core\/heading\";i:1;s:14:\"core\/paragraph\";i:2;s:14:\"core\/separator\";i:3;s:9:\"core\/list\";i:4;s:12:\"core\/buttons\";i:5;s:11:\"core\/button\";i:6;s:12:\"core\/columns\";i:7;s:11:\"core\/column\";}s:8:\"uag_flag\";b:0;s:11:\"uag_version\";s:10:\"1777300790\";s:6:\"gfonts\";a:0:{}s:10:\"gfonts_url\";s:0:\"\";s:12:\"gfonts_files\";a:0:{}s:14:\"uag_faq_layout\";b:0;}"]},"uagb_featured_image_src":{"full":["https:\/\/matis.is\/wp-content\/uploads\/CopyRight_iStock_Swoosh-R_Krokurinn.jpg",1155,420,false],"thumbnail":["https:\/\/matis.is\/wp-content\/uploads\/CopyRight_iStock_Swoosh-R_Krokurinn-150x150.jpg",150,150,true],"medium":["https:\/\/matis.is\/wp-content\/uploads\/CopyRight_iStock_Swoosh-R_Krokurinn-300x109.jpg",300,109,true],"medium_large":["https:\/\/matis.is\/wp-content\/uploads\/CopyRight_iStock_Swoosh-R_Krokurinn-768x279.jpg",768,279,true],"large":["https:\/\/matis.is\/wp-content\/uploads\/CopyRight_iStock_Swoosh-R_Krokurinn-1024x372.jpg",1024,372,true],"1536x1536":["https:\/\/matis.is\/wp-content\/uploads\/CopyRight_iStock_Swoosh-R_Krokurinn.jpg",1155,420,false],"2048x2048":["https:\/\/matis.is\/wp-content\/uploads\/CopyRight_iStock_Swoosh-R_Krokurinn.jpg",1155,420,false],"trp-custom-language-flag":["https:\/\/matis.is\/wp-content\/uploads\/CopyRight_iStock_Swoosh-R_Krokurinn.jpg",18,7,false]},"uagb_author_info":{"display_name":"admin","author_link":"https:\/\/matis.is\/en\/author\/thormodurmatis-is\/"},"uagb_comment_info":0,"uagb_excerpt":"Mat\u00eds er me\u00f0 starfsst\u00f6\u00f0 \u00ed Skagafir\u00f0i. \u00dear er svok\u00f6llu\u00f0 L\u00edft\u00e6knismi\u00f0ja sta\u00f0sett og er l\u00edfvirkni hinna \u00fdmsu efna \u00far \u00edslenskum sj\u00f3 [&hellip;]","_links":{"self":[{"href":"https:\/\/matis.is\/en\/wp-json\/wp\/v2\/posts\/41846","targetHints":{"allow":["GET"]}}],"collection":[{"href":"https:\/\/matis.is\/en\/wp-json\/wp\/v2\/posts"}],"about":[{"href":"https:\/\/matis.is\/en\/wp-json\/wp\/v2\/types\/post"}],"author":[{"embeddable":true,"href":"https:\/\/matis.is\/en\/wp-json\/wp\/v2\/users\/1"}],"replies":[{"embeddable":true,"href":"https:\/\/matis.is\/en\/wp-json\/wp\/v2\/comments?post=41846"}],"version-history":[{"count":1,"href":"https:\/\/matis.is\/en\/wp-json\/wp\/v2\/posts\/41846\/revisions"}],"predecessor-version":[{"id":41848,"href":"https:\/\/matis.is\/en\/wp-json\/wp\/v2\/posts\/41846\/revisions\/41848"}],"wp:featuredmedia":[{"embeddable":true,"href":"https:\/\/matis.is\/en\/wp-json\/wp\/v2\/media\/41847"}],"wp:attachment":[{"href":"https:\/\/matis.is\/en\/wp-json\/wp\/v2\/media?parent=41846"}],"wp:term":[{"taxonomy":"category","embeddable":true,"href":"https:\/\/matis.is\/en\/wp-json\/wp\/v2\/categories?post=41846"},{"taxonomy":"post_tag","embeddable":true,"href":"https:\/\/matis.is\/en\/wp-json\/wp\/v2\/tags?post=41846"}],"curies":[{"name":"wp","href":"https:\/\/api.w.org\/{rel}","templated":true}]}}