{"id":41867,"date":"2013-01-08T13:14:00","date_gmt":"2013-01-08T13:14:00","guid":{"rendered":"https:\/\/matis.is\/?p=41867"},"modified":"2021-08-16T14:48:51","modified_gmt":"2021-08-16T14:48:51","slug":"norraen-radstefna-um-neytendur-og-skynmat","status":"publish","type":"post","link":"https:\/\/matis.is\/en\/frettir\/norraen-radstefna-um-neytendur-og-skynmat\/","title":{"rendered":"Nordic conference on consumers and sensory evaluation"},"content":{"rendered":"<h4 class=\"wp-block-heading\">Every other year, conferences on sensory evaluation and consumer research are held in the Nordic countries, and Mat\u00eds has taken part in their preparation.<\/h4>\n\n\n\n<p>The next conference, which is the 15th in a row, will be held in Helsinki on the 22nd-23rd. May 2013 and is entitled &quot;Innovations in sensory evaluation and how to reach different consumer groups (<strong><em>Novel sensory approaches and Targeting different consumer groups).<\/em><\/strong><\/p>\n\n\n\n<p>The conference is intended for both professionals in the food industry and scientists in this field. The interest and participation of people from both large and small food companies in attending these conferences has steadily increased in recent years, as it is an ideal forum for industry and scientists to meet and establish a communication network in this field. About 100 people are expected, mostly from the Nordic countries.<\/p>\n\n\n\n<p>The topics of the conference this time are innovations in sensory assessment and how to reach different consumer groups such as children, the elderly and those who are health-conscious. Emil\u00eda Martinsd\u00f3ttir, Mat\u00eds&#039; director, is on the conference&#039;s preparation and science committee. She will speak at the conference, which is based on the results of the Nordic project Enrichment of Seafood and is, among other things, carried out in collaboration with the company Gr\u00edm kokk. Dr. Kolbr\u00fan Sveinsd\u00f3ttir, director of Mat\u00eds, will give a talk on young people&#039;s fish consumption and how it can be increased. The conference will also feature presentations on food that appeals to older people, but interest in this issue is growing rapidly in the Nordic countries and in Europe.&nbsp;&nbsp;<\/p>\n\n\n\n<p>Registration runs until April 19. The conference fee is lower if booked before 31 January 2013. People in the food industry in this country and others who are interested in this topic are encouraged to register their participation as soon as possible.\u00a0<\/p>\n\n\n\n<p>Sensory evaluation and sensory evaluation research have long been an important area of expertise at Mat\u00eds, and the emphasis has increasingly been on consumer research. Mat\u00eds has participated in many domestic and foreign research projects regarding sensory evaluation and food quality and held various sensory evaluation courses for employees of fish processing companies and other food companies. Mat\u00eds&#039; staff has also taught sensory assessment and consumer studies at the Faculty of Food Science and Nutrition at the University of Iceland and at Fisheries Science at the University of Akureyri. Mat\u00eds staff also teaches sensory evaluation at the United Nations Fisheries Academy.<\/p>\n\n\n\n<p>Further information&nbsp;<a target=\"_blank\" href=\"https:\/\/gamla.matis.is\/matis\/mannaudur\/starfsfolk-og-simanumer\/persona\/15\/fyrirtaeki\/1\" rel=\"noreferrer noopener\">Emilia Martinsd\u00f3ttir<\/a>&nbsp;at Mat\u00eds.<\/p>","protected":false},"excerpt":{"rendered":"<p>Anna\u00f0 hvert \u00e1r eru haldnar \u00e1 Nor\u00f0url\u00f6ndum r\u00e1\u00f0stefnur sem fjalla um skynmat og neytendaranns\u00f3knir og hefur Mat\u00eds teki\u00f0 \u00fe\u00e1tt \u00ed [&hellip;]<\/p>\n","protected":false},"author":1,"featured_media":41868,"comment_status":"closed","ping_status":"closed","sticky":false,"template":"templates\/template-cover.php","format":"standard","meta":{"_acf_changed":false,"_uag_custom_page_level_css":"","site-sidebar-layout":"default","site-content-layout":"","ast-site-content-layout":"default","site-content-style":"default","site-sidebar-style":"default","ast-global-header-display":"","ast-banner-title-visibility":"","ast-main-header-display":"","ast-hfb-above-header-display":"","ast-hfb-below-header-display":"","ast-hfb-mobile-header-display":"","site-post-title":"","ast-breadcrumbs-content":"","ast-featured-img":"","footer-sml-layout":"","ast-disable-related-posts":"","theme-transparent-header-meta":"","adv-header-id-meta":"","stick-header-meta":"","header-above-stick-meta":"","header-main-stick-meta":"","header-below-stick-meta":"","astra-migrate-meta-layouts":"default","ast-page-background-enabled":"default","ast-page-background-meta":{"desktop":{"background-color":"var(--ast-global-color-5)","background-image":"","background-repeat":"repeat","background-position":"center center","background-size":"auto","background-attachment":"scroll","background-type":"","background-media":"","overlay-type":"","overlay-color":"","overlay-opacity":"","overlay-gradient":""},"tablet":{"background-color":"","background-image":"","background-repeat":"repeat","background-position":"center center","background-size":"auto","background-attachment":"scroll","background-type":"","background-media":"","overlay-type":"","overlay-color":"","overlay-opacity":"","overlay-gradient":""},"mobile":{"background-color":"","background-image":"","background-repeat":"repeat","background-position":"center center","background-size":"auto","background-attachment":"scroll","background-type":"","background-media":"","overlay-type":"","overlay-color":"","overlay-opacity":"","overlay-gradient":""}},"ast-content-background-meta":{"desktop":{"background-color":"var(--ast-global-color-4)","background-image":"","background-repeat":"repeat","background-position":"center center","background-size":"auto","background-attachment":"scroll","background-type":"","background-media":"","overlay-type":"","overlay-color":"","overlay-opacity":"","overlay-gradient":""},"tablet":{"background-color":"var(--ast-global-color-4)","background-image":"","background-repeat":"repeat","background-position":"center center","background-size":"auto","background-attachment":"scroll","background-type":"","background-media":"","overlay-type":"","overlay-color":"","overlay-opacity":"","overlay-gradient":""},"mobile":{"background-color":"var(--ast-global-color-4)","background-image":"","background-repeat":"repeat","background-position":"center center","background-size":"auto","background-attachment":"scroll","background-type":"","background-media":"","overlay-type":"","overlay-color":"","overlay-opacity":"","overlay-gradient":""}},"footnotes":""},"categories":[1973],"tags":[],"class_list":["post-41867","post","type-post","status-publish","format-standard","has-post-thumbnail","hentry","category-frettir"],"acf":[],"yoast_head":"<!-- This site is optimized with the Yoast SEO plugin v27.4 - https:\/\/yoast.com\/product\/yoast-seo-wordpress\/ -->\n<title>Norr\u00e6n r\u00e1\u00f0stefna um neytendur og skynmat - Mat\u00eds<\/title>\n<meta name=\"robots\" content=\"index, follow, max-snippet:-1, max-image-preview:large, max-video-preview:-1\" \/>\n<link rel=\"canonical\" href=\"https:\/\/matis.is\/en\/frettir\/norraen-radstefna-um-neytendur-og-skynmat\/\" \/>\n<meta property=\"og:locale\" content=\"en_GB\" \/>\n<meta property=\"og:type\" content=\"article\" \/>\n<meta property=\"og:title\" content=\"Norr\u00e6n r\u00e1\u00f0stefna um neytendur og skynmat - Mat\u00eds\" \/>\n<meta property=\"og:description\" content=\"Anna\u00f0 hvert \u00e1r eru haldnar \u00e1 Nor\u00f0url\u00f6ndum r\u00e1\u00f0stefnur sem fjalla um skynmat og neytendaranns\u00f3knir og hefur Mat\u00eds teki\u00f0 \u00fe\u00e1tt \u00ed [&hellip;]\" \/>\n<meta property=\"og:url\" content=\"https:\/\/matis.is\/en\/frettir\/norraen-radstefna-um-neytendur-og-skynmat\/\" \/>\n<meta property=\"og:site_name\" content=\"Mat\u00eds\" \/>\n<meta property=\"article:publisher\" content=\"https:\/\/www.facebook.com\/matisiceland\" \/>\n<meta property=\"article:published_time\" content=\"2013-01-08T13:14:00+00:00\" \/>\n<meta property=\"article:modified_time\" content=\"2021-08-16T14:48:51+00:00\" \/>\n<meta property=\"og:image\" content=\"https:\/\/matis.is\/wp-content\/uploads\/CopyRight_Swoosh-R_Lykt_iStock.jpg\" \/>\n\t<meta property=\"og:image:width\" content=\"756\" \/>\n\t<meta property=\"og:image:height\" content=\"275\" \/>\n\t<meta property=\"og:image:type\" content=\"image\/jpeg\" \/>\n<meta name=\"author\" content=\"admin\" \/>\n<meta name=\"twitter:card\" content=\"summary_large_image\" \/>\n<meta name=\"twitter:creator\" content=\"@matisiceland\" \/>\n<meta name=\"twitter:site\" content=\"@matisiceland\" \/>\n<meta name=\"twitter:label1\" content=\"Written by\" \/>\n\t<meta name=\"twitter:data1\" content=\"admin\" \/>\n\t<meta name=\"twitter:label2\" content=\"Estimated reading time\" \/>\n\t<meta name=\"twitter:data2\" content=\"2 minutes\" \/>\n<script type=\"application\/ld+json\" class=\"yoast-schema-graph\">{\"@context\":\"https:\\\/\\\/schema.org\",\"@graph\":[{\"@type\":\"Article\",\"@id\":\"https:\\\/\\\/matis.is\\\/frettir\\\/norraen-radstefna-um-neytendur-og-skynmat\\\/#article\",\"isPartOf\":{\"@id\":\"https:\\\/\\\/matis.is\\\/frettir\\\/norraen-radstefna-um-neytendur-og-skynmat\\\/\"},\"author\":{\"name\":\"admin\",\"@id\":\"https:\\\/\\\/matis.is\\\/#\\\/schema\\\/person\\\/33b92c850c915c93e67f291e3381a49a\"},\"headline\":\"Norr\u00e6n r\u00e1\u00f0stefna um neytendur og skynmat\",\"datePublished\":\"2013-01-08T13:14:00+00:00\",\"dateModified\":\"2021-08-16T14:48:51+00:00\",\"mainEntityOfPage\":{\"@id\":\"https:\\\/\\\/matis.is\\\/frettir\\\/norraen-radstefna-um-neytendur-og-skynmat\\\/\"},\"wordCount\":488,\"publisher\":{\"@id\":\"https:\\\/\\\/matis.is\\\/#organization\"},\"image\":{\"@id\":\"https:\\\/\\\/matis.is\\\/frettir\\\/norraen-radstefna-um-neytendur-og-skynmat\\\/#primaryimage\"},\"thumbnailUrl\":\"https:\\\/\\\/matis.is\\\/wp-content\\\/uploads\\\/CopyRight_Swoosh-R_Lykt_iStock.jpg\",\"articleSection\":[\"Fr\u00e9ttir\"],\"inLanguage\":\"en-GB\"},{\"@type\":\"WebPage\",\"@id\":\"https:\\\/\\\/matis.is\\\/frettir\\\/norraen-radstefna-um-neytendur-og-skynmat\\\/\",\"url\":\"https:\\\/\\\/matis.is\\\/frettir\\\/norraen-radstefna-um-neytendur-og-skynmat\\\/\",\"name\":\"Norr\u00e6n r\u00e1\u00f0stefna um neytendur og skynmat - Mat\u00eds\",\"isPartOf\":{\"@id\":\"https:\\\/\\\/matis.is\\\/#website\"},\"primaryImageOfPage\":{\"@id\":\"https:\\\/\\\/matis.is\\\/frettir\\\/norraen-radstefna-um-neytendur-og-skynmat\\\/#primaryimage\"},\"image\":{\"@id\":\"https:\\\/\\\/matis.is\\\/frettir\\\/norraen-radstefna-um-neytendur-og-skynmat\\\/#primaryimage\"},\"thumbnailUrl\":\"https:\\\/\\\/matis.is\\\/wp-content\\\/uploads\\\/CopyRight_Swoosh-R_Lykt_iStock.jpg\",\"datePublished\":\"2013-01-08T13:14:00+00:00\",\"dateModified\":\"2021-08-16T14:48:51+00:00\",\"breadcrumb\":{\"@id\":\"https:\\\/\\\/matis.is\\\/frettir\\\/norraen-radstefna-um-neytendur-og-skynmat\\\/#breadcrumb\"},\"inLanguage\":\"en-GB\",\"potentialAction\":[{\"@type\":\"ReadAction\",\"target\":[\"https:\\\/\\\/matis.is\\\/frettir\\\/norraen-radstefna-um-neytendur-og-skynmat\\\/\"]}]},{\"@type\":\"ImageObject\",\"inLanguage\":\"en-GB\",\"@id\":\"https:\\\/\\\/matis.is\\\/frettir\\\/norraen-radstefna-um-neytendur-og-skynmat\\\/#primaryimage\",\"url\":\"https:\\\/\\\/matis.is\\\/wp-content\\\/uploads\\\/CopyRight_Swoosh-R_Lykt_iStock.jpg\",\"contentUrl\":\"https:\\\/\\\/matis.is\\\/wp-content\\\/uploads\\\/CopyRight_Swoosh-R_Lykt_iStock.jpg\",\"width\":756,\"height\":275},{\"@type\":\"BreadcrumbList\",\"@id\":\"https:\\\/\\\/matis.is\\\/frettir\\\/norraen-radstefna-um-neytendur-og-skynmat\\\/#breadcrumb\",\"itemListElement\":[{\"@type\":\"ListItem\",\"position\":1,\"name\":\"Home\",\"item\":\"https:\\\/\\\/matis.is\\\/\"},{\"@type\":\"ListItem\",\"position\":2,\"name\":\"Norr\u00e6n r\u00e1\u00f0stefna um neytendur og skynmat\"}]},{\"@type\":\"WebSite\",\"@id\":\"https:\\\/\\\/matis.is\\\/#website\",\"url\":\"https:\\\/\\\/matis.is\\\/\",\"name\":\"Mat\u00eds\",\"description\":\"Ver\u00f0m\u00e6task\u00f6pun, matv\u00e6la\u00f6ryggi og l\u00fd\u00f0heilsa\",\"publisher\":{\"@id\":\"https:\\\/\\\/matis.is\\\/#organization\"},\"potentialAction\":[{\"@type\":\"SearchAction\",\"target\":{\"@type\":\"EntryPoint\",\"urlTemplate\":\"https:\\\/\\\/matis.is\\\/?s={search_term_string}\"},\"query-input\":{\"@type\":\"PropertyValueSpecification\",\"valueRequired\":true,\"valueName\":\"search_term_string\"}}],\"inLanguage\":\"en-GB\"},{\"@type\":\"Organization\",\"@id\":\"https:\\\/\\\/matis.is\\\/#organization\",\"name\":\"Mat\u00eds ohf.\",\"url\":\"https:\\\/\\\/matis.is\\\/\",\"logo\":{\"@type\":\"ImageObject\",\"inLanguage\":\"en-GB\",\"@id\":\"https:\\\/\\\/matis.is\\\/#\\\/schema\\\/logo\\\/image\\\/\",\"url\":\"https:\\\/\\\/matis.is\\\/wp-content\\\/uploads\\\/2021\\\/02\\\/matis_logo_blatthvitt.png\",\"contentUrl\":\"https:\\\/\\\/matis.is\\\/wp-content\\\/uploads\\\/2021\\\/02\\\/matis_logo_blatthvitt.png\",\"width\":1507,\"height\":1507,\"caption\":\"Mat\u00eds ohf.\"},\"image\":{\"@id\":\"https:\\\/\\\/matis.is\\\/#\\\/schema\\\/logo\\\/image\\\/\"},\"sameAs\":[\"https:\\\/\\\/www.facebook.com\\\/matisiceland\",\"https:\\\/\\\/x.com\\\/matisiceland\",\"https:\\\/\\\/www.instagram.com\\\/matisiceland\\\/\",\"https:\\\/\\\/www.linkedin.com\\\/matisiceland\\\/\",\"https:\\\/\\\/www.youtube.com\\\/channel\\\/UCY-frt3uTqgVZW-DLjoo5bA\"]},{\"@type\":\"Person\",\"@id\":\"https:\\\/\\\/matis.is\\\/#\\\/schema\\\/person\\\/33b92c850c915c93e67f291e3381a49a\",\"name\":\"admin\",\"sameAs\":[\"https:\\\/\\\/matis.mareframe.eu\"],\"url\":\"https:\\\/\\\/matis.is\\\/en\\\/author\\\/thormodurmatis-is\\\/\"}]}<\/script>\n<!-- \/ Yoast SEO plugin. -->","yoast_head_json":{"title":"Nordic conference on consumers and sensory evaluation - Mat\u00eds","robots":{"index":"index","follow":"follow","max-snippet":"max-snippet:-1","max-image-preview":"max-image-preview:large","max-video-preview":"max-video-preview:-1"},"canonical":"https:\/\/matis.is\/en\/frettir\/norraen-radstefna-um-neytendur-og-skynmat\/","og_locale":"en_GB","og_type":"article","og_title":"Norr\u00e6n r\u00e1\u00f0stefna um neytendur og skynmat - Mat\u00eds","og_description":"Anna\u00f0 hvert \u00e1r eru haldnar \u00e1 Nor\u00f0url\u00f6ndum r\u00e1\u00f0stefnur sem fjalla um skynmat og neytendaranns\u00f3knir og hefur Mat\u00eds teki\u00f0 \u00fe\u00e1tt \u00ed [&hellip;]","og_url":"https:\/\/matis.is\/en\/frettir\/norraen-radstefna-um-neytendur-og-skynmat\/","og_site_name":"Mat\u00eds","article_publisher":"https:\/\/www.facebook.com\/matisiceland","article_published_time":"2013-01-08T13:14:00+00:00","article_modified_time":"2021-08-16T14:48:51+00:00","og_image":[{"width":756,"height":275,"url":"https:\/\/matis.is\/wp-content\/uploads\/CopyRight_Swoosh-R_Lykt_iStock.jpg","type":"image\/jpeg"}],"author":"admin","twitter_card":"summary_large_image","twitter_creator":"@matisiceland","twitter_site":"@matisiceland","twitter_misc":{"Written by":"admin","Estimated reading time":"2 minutes"},"schema":{"@context":"https:\/\/schema.org","@graph":[{"@type":"Article","@id":"https:\/\/matis.is\/frettir\/norraen-radstefna-um-neytendur-og-skynmat\/#article","isPartOf":{"@id":"https:\/\/matis.is\/frettir\/norraen-radstefna-um-neytendur-og-skynmat\/"},"author":{"name":"admin","@id":"https:\/\/matis.is\/#\/schema\/person\/33b92c850c915c93e67f291e3381a49a"},"headline":"Norr\u00e6n r\u00e1\u00f0stefna um neytendur og skynmat","datePublished":"2013-01-08T13:14:00+00:00","dateModified":"2021-08-16T14:48:51+00:00","mainEntityOfPage":{"@id":"https:\/\/matis.is\/frettir\/norraen-radstefna-um-neytendur-og-skynmat\/"},"wordCount":488,"publisher":{"@id":"https:\/\/matis.is\/#organization"},"image":{"@id":"https:\/\/matis.is\/frettir\/norraen-radstefna-um-neytendur-og-skynmat\/#primaryimage"},"thumbnailUrl":"https:\/\/matis.is\/wp-content\/uploads\/CopyRight_Swoosh-R_Lykt_iStock.jpg","articleSection":["Fr\u00e9ttir"],"inLanguage":"en-GB"},{"@type":"WebPage","@id":"https:\/\/matis.is\/frettir\/norraen-radstefna-um-neytendur-og-skynmat\/","url":"https:\/\/matis.is\/frettir\/norraen-radstefna-um-neytendur-og-skynmat\/","name":"Nordic conference on consumers and sensory evaluation - Mat\u00eds","isPartOf":{"@id":"https:\/\/matis.is\/#website"},"primaryImageOfPage":{"@id":"https:\/\/matis.is\/frettir\/norraen-radstefna-um-neytendur-og-skynmat\/#primaryimage"},"image":{"@id":"https:\/\/matis.is\/frettir\/norraen-radstefna-um-neytendur-og-skynmat\/#primaryimage"},"thumbnailUrl":"https:\/\/matis.is\/wp-content\/uploads\/CopyRight_Swoosh-R_Lykt_iStock.jpg","datePublished":"2013-01-08T13:14:00+00:00","dateModified":"2021-08-16T14:48:51+00:00","breadcrumb":{"@id":"https:\/\/matis.is\/frettir\/norraen-radstefna-um-neytendur-og-skynmat\/#breadcrumb"},"inLanguage":"en-GB","potentialAction":[{"@type":"ReadAction","target":["https:\/\/matis.is\/frettir\/norraen-radstefna-um-neytendur-og-skynmat\/"]}]},{"@type":"ImageObject","inLanguage":"en-GB","@id":"https:\/\/matis.is\/frettir\/norraen-radstefna-um-neytendur-og-skynmat\/#primaryimage","url":"https:\/\/matis.is\/wp-content\/uploads\/CopyRight_Swoosh-R_Lykt_iStock.jpg","contentUrl":"https:\/\/matis.is\/wp-content\/uploads\/CopyRight_Swoosh-R_Lykt_iStock.jpg","width":756,"height":275},{"@type":"BreadcrumbList","@id":"https:\/\/matis.is\/frettir\/norraen-radstefna-um-neytendur-og-skynmat\/#breadcrumb","itemListElement":[{"@type":"ListItem","position":1,"name":"Home","item":"https:\/\/matis.is\/"},{"@type":"ListItem","position":2,"name":"Norr\u00e6n r\u00e1\u00f0stefna um neytendur og skynmat"}]},{"@type":"WebSite","@id":"https:\/\/matis.is\/#website","url":"https:\/\/matis.is\/","name":"Mat\u00eds","description":"Value creation, food security and public health","publisher":{"@id":"https:\/\/matis.is\/#organization"},"potentialAction":[{"@type":"SearchAction","target":{"@type":"EntryPoint","urlTemplate":"https:\/\/matis.is\/?s={search_term_string}"},"query-input":{"@type":"PropertyValueSpecification","valueRequired":true,"valueName":"search_term_string"}}],"inLanguage":"en-GB"},{"@type":"Organization","@id":"https:\/\/matis.is\/#organization","name":"Mat\u00eds ohf.","url":"https:\/\/matis.is\/","logo":{"@type":"ImageObject","inLanguage":"en-GB","@id":"https:\/\/matis.is\/#\/schema\/logo\/image\/","url":"https:\/\/matis.is\/wp-content\/uploads\/2021\/02\/matis_logo_blatthvitt.png","contentUrl":"https:\/\/matis.is\/wp-content\/uploads\/2021\/02\/matis_logo_blatthvitt.png","width":1507,"height":1507,"caption":"Mat\u00eds ohf."},"image":{"@id":"https:\/\/matis.is\/#\/schema\/logo\/image\/"},"sameAs":["https:\/\/www.facebook.com\/matisiceland","https:\/\/x.com\/matisiceland","https:\/\/www.instagram.com\/matisiceland\/","https:\/\/www.linkedin.com\/matisiceland\/","https:\/\/www.youtube.com\/channel\/UCY-frt3uTqgVZW-DLjoo5bA"]},{"@type":"Person","@id":"https:\/\/matis.is\/#\/schema\/person\/33b92c850c915c93e67f291e3381a49a","name":"admin","sameAs":["https:\/\/matis.mareframe.eu"],"url":"https:\/\/matis.is\/en\/author\/thormodurmatis-is\/"}]}},"spectra_custom_meta":{"_edit_lock":["1629125331:5"],"_wp_old_date":["2021-08-06"],"_thumbnail_id":["41868"],"_wp_page_template":["templates\/template-cover.php"],"_edit_last":["5"],"tengilidur":[""],"_tengilidur":["field_5ef905e0538b2"],"_yoast_wpseo_primary_category":["1973"],"_yoast_wpseo_content_score":["30"],"_yoast_wpseo_estimated-reading-time-minutes":["2"],"wpmm_postgrid_views":["355"],"_uag_css_file_name":["uag-css-41867.css"],"_uag_page_assets":["a:9:{s:3:\"css\";s:263:\".uag-blocks-common-selector{z-index:var(--z-index-desktop) !important}@media (max-width: 976px){.uag-blocks-common-selector{z-index:var(--z-index-tablet) !important}}@media (max-width: 767px){.uag-blocks-common-selector{z-index:var(--z-index-mobile) !important}}\n\";s:2:\"js\";s:0:\"\";s:18:\"current_block_list\";a:6:{i:0;s:12:\"core\/heading\";i:1;s:14:\"core\/paragraph\";i:2;s:12:\"core\/buttons\";i:3;s:11:\"core\/button\";i:4;s:12:\"core\/columns\";i:5;s:11:\"core\/column\";}s:8:\"uag_flag\";b:0;s:11:\"uag_version\";s:10:\"1777300790\";s:6:\"gfonts\";a:0:{}s:10:\"gfonts_url\";s:0:\"\";s:12:\"gfonts_files\";a:0:{}s:14:\"uag_faq_layout\";b:0;}"]},"uagb_featured_image_src":{"full":["https:\/\/matis.is\/wp-content\/uploads\/CopyRight_Swoosh-R_Lykt_iStock.jpg",756,275,false],"thumbnail":["https:\/\/matis.is\/wp-content\/uploads\/CopyRight_Swoosh-R_Lykt_iStock-150x150.jpg",150,150,true],"medium":["https:\/\/matis.is\/wp-content\/uploads\/CopyRight_Swoosh-R_Lykt_iStock-300x109.jpg",300,109,true],"medium_large":["https:\/\/matis.is\/wp-content\/uploads\/CopyRight_Swoosh-R_Lykt_iStock.jpg",756,275,false],"large":["https:\/\/matis.is\/wp-content\/uploads\/CopyRight_Swoosh-R_Lykt_iStock.jpg",756,275,false],"1536x1536":["https:\/\/matis.is\/wp-content\/uploads\/CopyRight_Swoosh-R_Lykt_iStock.jpg",756,275,false],"2048x2048":["https:\/\/matis.is\/wp-content\/uploads\/CopyRight_Swoosh-R_Lykt_iStock.jpg",756,275,false],"trp-custom-language-flag":["https:\/\/matis.is\/wp-content\/uploads\/CopyRight_Swoosh-R_Lykt_iStock.jpg",18,7,false]},"uagb_author_info":{"display_name":"admin","author_link":"https:\/\/matis.is\/en\/author\/thormodurmatis-is\/"},"uagb_comment_info":0,"uagb_excerpt":"Anna\u00f0 hvert \u00e1r eru haldnar \u00e1 Nor\u00f0url\u00f6ndum r\u00e1\u00f0stefnur sem fjalla um skynmat og neytendaranns\u00f3knir og hefur Mat\u00eds teki\u00f0 \u00fe\u00e1tt \u00ed [&hellip;]","_links":{"self":[{"href":"https:\/\/matis.is\/en\/wp-json\/wp\/v2\/posts\/41867","targetHints":{"allow":["GET"]}}],"collection":[{"href":"https:\/\/matis.is\/en\/wp-json\/wp\/v2\/posts"}],"about":[{"href":"https:\/\/matis.is\/en\/wp-json\/wp\/v2\/types\/post"}],"author":[{"embeddable":true,"href":"https:\/\/matis.is\/en\/wp-json\/wp\/v2\/users\/1"}],"replies":[{"embeddable":true,"href":"https:\/\/matis.is\/en\/wp-json\/wp\/v2\/comments?post=41867"}],"version-history":[{"count":2,"href":"https:\/\/matis.is\/en\/wp-json\/wp\/v2\/posts\/41867\/revisions"}],"predecessor-version":[{"id":42574,"href":"https:\/\/matis.is\/en\/wp-json\/wp\/v2\/posts\/41867\/revisions\/42574"}],"wp:featuredmedia":[{"embeddable":true,"href":"https:\/\/matis.is\/en\/wp-json\/wp\/v2\/media\/41868"}],"wp:attachment":[{"href":"https:\/\/matis.is\/en\/wp-json\/wp\/v2\/media?parent=41867"}],"wp:term":[{"taxonomy":"category","embeddable":true,"href":"https:\/\/matis.is\/en\/wp-json\/wp\/v2\/categories?post=41867"},{"taxonomy":"post_tag","embeddable":true,"href":"https:\/\/matis.is\/en\/wp-json\/wp\/v2\/tags?post=41867"}],"curies":[{"name":"wp","href":"https:\/\/api.w.org\/{rel}","templated":true}]}}