{"id":41974,"date":"2012-09-06T11:14:00","date_gmt":"2012-09-06T11:14:00","guid":{"rendered":"https:\/\/matis.is\/?p=41974"},"modified":"2021-08-09T11:16:19","modified_gmt":"2021-08-09T11:16:19","slug":"erfdafraedi-beitt-i-rannsoknum-a-nordur-atlantshafslaxi","status":"publish","type":"post","link":"https:\/\/matis.is\/en\/frettir\/erfdafraedi-beitt-i-rannsoknum-a-nordur-atlantshafslaxi\/","title":{"rendered":"Genetics applied in research on North Atlantic salmon"},"content":{"rendered":"<h4 class=\"wp-block-heading\">Recently, an interesting European study of salmon has been completed, which has been going on since 2009. The project was entitled SALSEA-Merge and Mat\u00eds was one of the researchers in it.<\/h4>\n\n\n\n<p>There is interest in building a new project in North America and Greenland on the same ideology and experience, but in this research, increased knowledge is gained about salmon stocks that flow this year and about sea areas.<br><br>&quot;The project was to genetically identify salmon throughout the distribution area in Europe, from northern Spain in the south to Iceland and Russia in the north. A total of 26,813 salmonids from 284 rivers in this world were analyzed. Thus, we mapped institutions in the rivers, analyzed different genetic units that gave us a better picture of the genetic differences of the salmon stocks in the area, &quot;says Kristinn \u00d3lafsson, a specialist in genetic and biotechnology at Mat\u00eds, who was in charge of genetic analysis of samples from Icelandic rivers.<br><br>&quot;One of the main motivators for this project is the status of salmon stocks in the south of this area, i.e. in and around Spain. Due to climate change, the salmon stock is in danger there, but in addition many questions about the salmon are unanswered, including what happens when the salmon goes from the rivers to the sea and what causes increased mortality there. &quot;<br><br>Participants in the project were research institutes such as Mat\u00eds, universities and institutes in charge of salmon fishing management. In addition to Mat\u00eds from Iceland, the Directorate of Fisheries also participated in the Salsea-Merge project. &quot;<br><br>With the processing of these samples, a very large database was created that gives a picture of salmon stocks and a comparison of them. To get the clearest picture of the comparison, we agreed on 14 genetic markers that were all analyzed in the same way. With this large number of samples and the database that has been created during their processing, possibilities have now opened up for taking salmon into the sea and identifying where it came from. This has already been verified and gives us an idea of how salmon behave when they go to sea. Of course, we do not have a device that answers all our questions, but nevertheless this gives us a clearer picture than we had before, &quot;says Kristinn.<br><br>As fishing for salmon in the sea is not permitted in Iceland, the Directorate of Fisheries has taken samples from salmon that are caught as by-catch in mackerel fishing. In this way, Kristinn says that the large study will be useful to get a clearer picture of the salmon&#039;s behavior in the Icelandic rivers.<br><br>&quot;We hope to participate in a similar project that will hopefully become a reality in North America and Greenland. If this happens, a picture will be obtained of the entire area owned by the North Atlantic salmon. The project would then be carried out in the same way as in Europe, ie. that basic work will be started with samples and genetic analysis of fish from rivers and as a result an analysis of samples from fish in the sea will take place, &quot;says Kristinn.<br><br>For further information\u00a0<a target=\"_blank\" href=\"https:\/\/gamla.matis.is\/matis\/mannaudur\/starfsfolk-og-simanumer\/persona\/44\/fyrirtaeki\/1\" rel=\"noreferrer noopener\">Kristinn \u00d3lafsson<\/a>.<\/p>","protected":false},"excerpt":{"rendered":"<p>Fyrir stuttu lauk athyglisver\u00f0ri Evr\u00f3puranns\u00f3kn \u00e1 laxi sem sta\u00f0i\u00f0 hefur fr\u00e1 \u00e1rinu 2009. Verkefni\u00f0 bar yfirskriftina SALSEA-Merge og var Mat\u00eds [&hellip;]<\/p>\n","protected":false},"author":1,"featured_media":41681,"comment_status":"closed","ping_status":"closed","sticky":false,"template":"templates\/template-cover.php","format":"standard","meta":{"_acf_changed":false,"_uag_custom_page_level_css":"","site-sidebar-layout":"default","site-content-layout":"","ast-site-content-layout":"default","site-content-style":"default","site-sidebar-style":"default","ast-global-header-display":"","ast-banner-title-visibility":"","ast-main-header-display":"","ast-hfb-above-header-display":"","ast-hfb-below-header-display":"","ast-hfb-mobile-header-display":"","site-post-title":"","ast-breadcrumbs-content":"","ast-featured-img":"","footer-sml-layout":"","ast-disable-related-posts":"","theme-transparent-header-meta":"","adv-header-id-meta":"","stick-header-meta":"","header-above-stick-meta":"","header-main-stick-meta":"","header-below-stick-meta":"","astra-migrate-meta-layouts":"default","ast-page-background-enabled":"default","ast-page-background-meta":{"desktop":{"background-color":"var(--ast-global-color-5)","background-image":"","background-repeat":"repeat","background-position":"center center","background-size":"auto","background-attachment":"scroll","background-type":"","background-media":"","overlay-type":"","overlay-color":"","overlay-opacity":"","overlay-gradient":""},"tablet":{"background-color":"","background-image":"","background-repeat":"repeat","background-position":"center center","background-size":"auto","background-attachment":"scroll","background-type":"","background-media":"","overlay-type":"","overlay-color":"","overlay-opacity":"","overlay-gradient":""},"mobile":{"background-color":"","background-image":"","background-repeat":"repeat","background-position":"center center","background-size":"auto","background-attachment":"scroll","background-type":"","background-media":"","overlay-type":"","overlay-color":"","overlay-opacity":"","overlay-gradient":""}},"ast-content-background-meta":{"desktop":{"background-color":"var(--ast-global-color-4)","background-image":"","background-repeat":"repeat","background-position":"center center","background-size":"auto","background-attachment":"scroll","background-type":"","background-media":"","overlay-type":"","overlay-color":"","overlay-opacity":"","overlay-gradient":""},"tablet":{"background-color":"var(--ast-global-color-4)","background-image":"","background-repeat":"repeat","background-position":"center center","background-size":"auto","background-attachment":"scroll","background-type":"","background-media":"","overlay-type":"","overlay-color":"","overlay-opacity":"","overlay-gradient":""},"mobile":{"background-color":"var(--ast-global-color-4)","background-image":"","background-repeat":"repeat","background-position":"center center","background-size":"auto","background-attachment":"scroll","background-type":"","background-media":"","overlay-type":"","overlay-color":"","overlay-opacity":"","overlay-gradient":""}},"footnotes":""},"categories":[1973],"tags":[],"class_list":["post-41974","post","type-post","status-publish","format-standard","has-post-thumbnail","hentry","category-frettir"],"acf":[],"yoast_head":"<!-- This site is optimized with the Yoast SEO plugin v27.4 - https:\/\/yoast.com\/product\/yoast-seo-wordpress\/ -->\n<title>Erf\u00f0afr\u00e6\u00f0i beitt \u00ed ranns\u00f3knum \u00e1 Nor\u00f0ur-Atlantshafslaxi - Mat\u00eds<\/title>\n<meta name=\"robots\" content=\"index, follow, max-snippet:-1, max-image-preview:large, max-video-preview:-1\" \/>\n<link rel=\"canonical\" href=\"https:\/\/matis.is\/en\/frettir\/erfdafraedi-beitt-i-rannsoknum-a-nordur-atlantshafslaxi\/\" \/>\n<meta property=\"og:locale\" content=\"en_GB\" \/>\n<meta property=\"og:type\" content=\"article\" \/>\n<meta property=\"og:title\" content=\"Erf\u00f0afr\u00e6\u00f0i beitt \u00ed ranns\u00f3knum \u00e1 Nor\u00f0ur-Atlantshafslaxi - Mat\u00eds\" \/>\n<meta property=\"og:description\" content=\"Fyrir stuttu lauk athyglisver\u00f0ri Evr\u00f3puranns\u00f3kn \u00e1 laxi sem sta\u00f0i\u00f0 hefur fr\u00e1 \u00e1rinu 2009. Verkefni\u00f0 bar yfirskriftina SALSEA-Merge og var Mat\u00eds [&hellip;]\" \/>\n<meta property=\"og:url\" content=\"https:\/\/matis.is\/en\/frettir\/erfdafraedi-beitt-i-rannsoknum-a-nordur-atlantshafslaxi\/\" \/>\n<meta property=\"og:site_name\" content=\"Mat\u00eds\" \/>\n<meta property=\"article:publisher\" content=\"https:\/\/www.facebook.com\/matisiceland\" \/>\n<meta property=\"article:published_time\" content=\"2012-09-06T11:14:00+00:00\" \/>\n<meta property=\"article:modified_time\" content=\"2021-08-09T11:16:19+00:00\" \/>\n<meta property=\"og:image\" content=\"https:\/\/matis.is\/wp-content\/uploads\/iStock_Atlantshaf_litil-1.jpg\" \/>\n\t<meta property=\"og:image:width\" content=\"849\" \/>\n\t<meta property=\"og:image:height\" content=\"309\" \/>\n\t<meta property=\"og:image:type\" content=\"image\/jpeg\" \/>\n<meta name=\"author\" content=\"admin\" \/>\n<meta name=\"twitter:card\" content=\"summary_large_image\" \/>\n<meta name=\"twitter:creator\" content=\"@matisiceland\" \/>\n<meta name=\"twitter:site\" content=\"@matisiceland\" \/>\n<meta name=\"twitter:label1\" content=\"Written by\" \/>\n\t<meta name=\"twitter:data1\" content=\"admin\" \/>\n\t<meta name=\"twitter:label2\" content=\"Estimated reading time\" \/>\n\t<meta name=\"twitter:data2\" content=\"2 minutes\" \/>\n<script type=\"application\/ld+json\" class=\"yoast-schema-graph\">{\"@context\":\"https:\\\/\\\/schema.org\",\"@graph\":[{\"@type\":\"Article\",\"@id\":\"https:\\\/\\\/matis.is\\\/frettir\\\/erfdafraedi-beitt-i-rannsoknum-a-nordur-atlantshafslaxi\\\/#article\",\"isPartOf\":{\"@id\":\"https:\\\/\\\/matis.is\\\/frettir\\\/erfdafraedi-beitt-i-rannsoknum-a-nordur-atlantshafslaxi\\\/\"},\"author\":{\"name\":\"admin\",\"@id\":\"https:\\\/\\\/matis.is\\\/#\\\/schema\\\/person\\\/33b92c850c915c93e67f291e3381a49a\"},\"headline\":\"Erf\u00f0afr\u00e6\u00f0i beitt \u00ed ranns\u00f3knum \u00e1 Nor\u00f0ur-Atlantshafslaxi\",\"datePublished\":\"2012-09-06T11:14:00+00:00\",\"dateModified\":\"2021-08-09T11:16:19+00:00\",\"mainEntityOfPage\":{\"@id\":\"https:\\\/\\\/matis.is\\\/frettir\\\/erfdafraedi-beitt-i-rannsoknum-a-nordur-atlantshafslaxi\\\/\"},\"wordCount\":529,\"publisher\":{\"@id\":\"https:\\\/\\\/matis.is\\\/#organization\"},\"image\":{\"@id\":\"https:\\\/\\\/matis.is\\\/frettir\\\/erfdafraedi-beitt-i-rannsoknum-a-nordur-atlantshafslaxi\\\/#primaryimage\"},\"thumbnailUrl\":\"https:\\\/\\\/matis.is\\\/wp-content\\\/uploads\\\/iStock_Atlantshaf_litil-1.jpg\",\"articleSection\":[\"Fr\u00e9ttir\"],\"inLanguage\":\"en-GB\"},{\"@type\":\"WebPage\",\"@id\":\"https:\\\/\\\/matis.is\\\/frettir\\\/erfdafraedi-beitt-i-rannsoknum-a-nordur-atlantshafslaxi\\\/\",\"url\":\"https:\\\/\\\/matis.is\\\/frettir\\\/erfdafraedi-beitt-i-rannsoknum-a-nordur-atlantshafslaxi\\\/\",\"name\":\"Erf\u00f0afr\u00e6\u00f0i beitt \u00ed ranns\u00f3knum \u00e1 Nor\u00f0ur-Atlantshafslaxi - Mat\u00eds\",\"isPartOf\":{\"@id\":\"https:\\\/\\\/matis.is\\\/#website\"},\"primaryImageOfPage\":{\"@id\":\"https:\\\/\\\/matis.is\\\/frettir\\\/erfdafraedi-beitt-i-rannsoknum-a-nordur-atlantshafslaxi\\\/#primaryimage\"},\"image\":{\"@id\":\"https:\\\/\\\/matis.is\\\/frettir\\\/erfdafraedi-beitt-i-rannsoknum-a-nordur-atlantshafslaxi\\\/#primaryimage\"},\"thumbnailUrl\":\"https:\\\/\\\/matis.is\\\/wp-content\\\/uploads\\\/iStock_Atlantshaf_litil-1.jpg\",\"datePublished\":\"2012-09-06T11:14:00+00:00\",\"dateModified\":\"2021-08-09T11:16:19+00:00\",\"breadcrumb\":{\"@id\":\"https:\\\/\\\/matis.is\\\/frettir\\\/erfdafraedi-beitt-i-rannsoknum-a-nordur-atlantshafslaxi\\\/#breadcrumb\"},\"inLanguage\":\"en-GB\",\"potentialAction\":[{\"@type\":\"ReadAction\",\"target\":[\"https:\\\/\\\/matis.is\\\/frettir\\\/erfdafraedi-beitt-i-rannsoknum-a-nordur-atlantshafslaxi\\\/\"]}]},{\"@type\":\"ImageObject\",\"inLanguage\":\"en-GB\",\"@id\":\"https:\\\/\\\/matis.is\\\/frettir\\\/erfdafraedi-beitt-i-rannsoknum-a-nordur-atlantshafslaxi\\\/#primaryimage\",\"url\":\"https:\\\/\\\/matis.is\\\/wp-content\\\/uploads\\\/iStock_Atlantshaf_litil-1.jpg\",\"contentUrl\":\"https:\\\/\\\/matis.is\\\/wp-content\\\/uploads\\\/iStock_Atlantshaf_litil-1.jpg\",\"width\":849,\"height\":309,\"caption\":\"This picture was taken in March 2007 in the hostile, near-Arctic landscape of south-west Iceland.\"},{\"@type\":\"BreadcrumbList\",\"@id\":\"https:\\\/\\\/matis.is\\\/frettir\\\/erfdafraedi-beitt-i-rannsoknum-a-nordur-atlantshafslaxi\\\/#breadcrumb\",\"itemListElement\":[{\"@type\":\"ListItem\",\"position\":1,\"name\":\"Home\",\"item\":\"https:\\\/\\\/matis.is\\\/\"},{\"@type\":\"ListItem\",\"position\":2,\"name\":\"Erf\u00f0afr\u00e6\u00f0i beitt \u00ed ranns\u00f3knum \u00e1 Nor\u00f0ur-Atlantshafslaxi\"}]},{\"@type\":\"WebSite\",\"@id\":\"https:\\\/\\\/matis.is\\\/#website\",\"url\":\"https:\\\/\\\/matis.is\\\/\",\"name\":\"Mat\u00eds\",\"description\":\"Ver\u00f0m\u00e6task\u00f6pun, matv\u00e6la\u00f6ryggi og l\u00fd\u00f0heilsa\",\"publisher\":{\"@id\":\"https:\\\/\\\/matis.is\\\/#organization\"},\"potentialAction\":[{\"@type\":\"SearchAction\",\"target\":{\"@type\":\"EntryPoint\",\"urlTemplate\":\"https:\\\/\\\/matis.is\\\/?s={search_term_string}\"},\"query-input\":{\"@type\":\"PropertyValueSpecification\",\"valueRequired\":true,\"valueName\":\"search_term_string\"}}],\"inLanguage\":\"en-GB\"},{\"@type\":\"Organization\",\"@id\":\"https:\\\/\\\/matis.is\\\/#organization\",\"name\":\"Mat\u00eds ohf.\",\"url\":\"https:\\\/\\\/matis.is\\\/\",\"logo\":{\"@type\":\"ImageObject\",\"inLanguage\":\"en-GB\",\"@id\":\"https:\\\/\\\/matis.is\\\/#\\\/schema\\\/logo\\\/image\\\/\",\"url\":\"https:\\\/\\\/matis.is\\\/wp-content\\\/uploads\\\/2021\\\/02\\\/matis_logo_blatthvitt.png\",\"contentUrl\":\"https:\\\/\\\/matis.is\\\/wp-content\\\/uploads\\\/2021\\\/02\\\/matis_logo_blatthvitt.png\",\"width\":1507,\"height\":1507,\"caption\":\"Mat\u00eds ohf.\"},\"image\":{\"@id\":\"https:\\\/\\\/matis.is\\\/#\\\/schema\\\/logo\\\/image\\\/\"},\"sameAs\":[\"https:\\\/\\\/www.facebook.com\\\/matisiceland\",\"https:\\\/\\\/x.com\\\/matisiceland\",\"https:\\\/\\\/www.instagram.com\\\/matisiceland\\\/\",\"https:\\\/\\\/www.linkedin.com\\\/matisiceland\\\/\",\"https:\\\/\\\/www.youtube.com\\\/channel\\\/UCY-frt3uTqgVZW-DLjoo5bA\"]},{\"@type\":\"Person\",\"@id\":\"https:\\\/\\\/matis.is\\\/#\\\/schema\\\/person\\\/33b92c850c915c93e67f291e3381a49a\",\"name\":\"admin\",\"sameAs\":[\"https:\\\/\\\/matis.mareframe.eu\"],\"url\":\"https:\\\/\\\/matis.is\\\/en\\\/author\\\/thormodurmatis-is\\\/\"}]}<\/script>\n<!-- \/ Yoast SEO plugin. -->","yoast_head_json":{"title":"Genetics applied in research on North Atlantic salmon - Mat\u00eds","robots":{"index":"index","follow":"follow","max-snippet":"max-snippet:-1","max-image-preview":"max-image-preview:large","max-video-preview":"max-video-preview:-1"},"canonical":"https:\/\/matis.is\/en\/frettir\/erfdafraedi-beitt-i-rannsoknum-a-nordur-atlantshafslaxi\/","og_locale":"en_GB","og_type":"article","og_title":"Erf\u00f0afr\u00e6\u00f0i beitt \u00ed ranns\u00f3knum \u00e1 Nor\u00f0ur-Atlantshafslaxi - Mat\u00eds","og_description":"Fyrir stuttu lauk athyglisver\u00f0ri Evr\u00f3puranns\u00f3kn \u00e1 laxi sem sta\u00f0i\u00f0 hefur fr\u00e1 \u00e1rinu 2009. Verkefni\u00f0 bar yfirskriftina SALSEA-Merge og var Mat\u00eds [&hellip;]","og_url":"https:\/\/matis.is\/en\/frettir\/erfdafraedi-beitt-i-rannsoknum-a-nordur-atlantshafslaxi\/","og_site_name":"Mat\u00eds","article_publisher":"https:\/\/www.facebook.com\/matisiceland","article_published_time":"2012-09-06T11:14:00+00:00","article_modified_time":"2021-08-09T11:16:19+00:00","og_image":[{"width":849,"height":309,"url":"https:\/\/matis.is\/wp-content\/uploads\/iStock_Atlantshaf_litil-1.jpg","type":"image\/jpeg"}],"author":"admin","twitter_card":"summary_large_image","twitter_creator":"@matisiceland","twitter_site":"@matisiceland","twitter_misc":{"Written by":"admin","Estimated reading time":"2 minutes"},"schema":{"@context":"https:\/\/schema.org","@graph":[{"@type":"Article","@id":"https:\/\/matis.is\/frettir\/erfdafraedi-beitt-i-rannsoknum-a-nordur-atlantshafslaxi\/#article","isPartOf":{"@id":"https:\/\/matis.is\/frettir\/erfdafraedi-beitt-i-rannsoknum-a-nordur-atlantshafslaxi\/"},"author":{"name":"admin","@id":"https:\/\/matis.is\/#\/schema\/person\/33b92c850c915c93e67f291e3381a49a"},"headline":"Erf\u00f0afr\u00e6\u00f0i beitt \u00ed ranns\u00f3knum \u00e1 Nor\u00f0ur-Atlantshafslaxi","datePublished":"2012-09-06T11:14:00+00:00","dateModified":"2021-08-09T11:16:19+00:00","mainEntityOfPage":{"@id":"https:\/\/matis.is\/frettir\/erfdafraedi-beitt-i-rannsoknum-a-nordur-atlantshafslaxi\/"},"wordCount":529,"publisher":{"@id":"https:\/\/matis.is\/#organization"},"image":{"@id":"https:\/\/matis.is\/frettir\/erfdafraedi-beitt-i-rannsoknum-a-nordur-atlantshafslaxi\/#primaryimage"},"thumbnailUrl":"https:\/\/matis.is\/wp-content\/uploads\/iStock_Atlantshaf_litil-1.jpg","articleSection":["Fr\u00e9ttir"],"inLanguage":"en-GB"},{"@type":"WebPage","@id":"https:\/\/matis.is\/frettir\/erfdafraedi-beitt-i-rannsoknum-a-nordur-atlantshafslaxi\/","url":"https:\/\/matis.is\/frettir\/erfdafraedi-beitt-i-rannsoknum-a-nordur-atlantshafslaxi\/","name":"Genetics applied in research on North Atlantic salmon - Mat\u00eds","isPartOf":{"@id":"https:\/\/matis.is\/#website"},"primaryImageOfPage":{"@id":"https:\/\/matis.is\/frettir\/erfdafraedi-beitt-i-rannsoknum-a-nordur-atlantshafslaxi\/#primaryimage"},"image":{"@id":"https:\/\/matis.is\/frettir\/erfdafraedi-beitt-i-rannsoknum-a-nordur-atlantshafslaxi\/#primaryimage"},"thumbnailUrl":"https:\/\/matis.is\/wp-content\/uploads\/iStock_Atlantshaf_litil-1.jpg","datePublished":"2012-09-06T11:14:00+00:00","dateModified":"2021-08-09T11:16:19+00:00","breadcrumb":{"@id":"https:\/\/matis.is\/frettir\/erfdafraedi-beitt-i-rannsoknum-a-nordur-atlantshafslaxi\/#breadcrumb"},"inLanguage":"en-GB","potentialAction":[{"@type":"ReadAction","target":["https:\/\/matis.is\/frettir\/erfdafraedi-beitt-i-rannsoknum-a-nordur-atlantshafslaxi\/"]}]},{"@type":"ImageObject","inLanguage":"en-GB","@id":"https:\/\/matis.is\/frettir\/erfdafraedi-beitt-i-rannsoknum-a-nordur-atlantshafslaxi\/#primaryimage","url":"https:\/\/matis.is\/wp-content\/uploads\/iStock_Atlantshaf_litil-1.jpg","contentUrl":"https:\/\/matis.is\/wp-content\/uploads\/iStock_Atlantshaf_litil-1.jpg","width":849,"height":309,"caption":"This picture was taken in March 2007 in the hostile, near-Arctic landscape of south-west Iceland."},{"@type":"BreadcrumbList","@id":"https:\/\/matis.is\/frettir\/erfdafraedi-beitt-i-rannsoknum-a-nordur-atlantshafslaxi\/#breadcrumb","itemListElement":[{"@type":"ListItem","position":1,"name":"Home","item":"https:\/\/matis.is\/"},{"@type":"ListItem","position":2,"name":"Erf\u00f0afr\u00e6\u00f0i beitt \u00ed ranns\u00f3knum \u00e1 Nor\u00f0ur-Atlantshafslaxi"}]},{"@type":"WebSite","@id":"https:\/\/matis.is\/#website","url":"https:\/\/matis.is\/","name":"Mat\u00eds","description":"Value creation, food security and public health","publisher":{"@id":"https:\/\/matis.is\/#organization"},"potentialAction":[{"@type":"SearchAction","target":{"@type":"EntryPoint","urlTemplate":"https:\/\/matis.is\/?s={search_term_string}"},"query-input":{"@type":"PropertyValueSpecification","valueRequired":true,"valueName":"search_term_string"}}],"inLanguage":"en-GB"},{"@type":"Organization","@id":"https:\/\/matis.is\/#organization","name":"Mat\u00eds ohf.","url":"https:\/\/matis.is\/","logo":{"@type":"ImageObject","inLanguage":"en-GB","@id":"https:\/\/matis.is\/#\/schema\/logo\/image\/","url":"https:\/\/matis.is\/wp-content\/uploads\/2021\/02\/matis_logo_blatthvitt.png","contentUrl":"https:\/\/matis.is\/wp-content\/uploads\/2021\/02\/matis_logo_blatthvitt.png","width":1507,"height":1507,"caption":"Mat\u00eds ohf."},"image":{"@id":"https:\/\/matis.is\/#\/schema\/logo\/image\/"},"sameAs":["https:\/\/www.facebook.com\/matisiceland","https:\/\/x.com\/matisiceland","https:\/\/www.instagram.com\/matisiceland\/","https:\/\/www.linkedin.com\/matisiceland\/","https:\/\/www.youtube.com\/channel\/UCY-frt3uTqgVZW-DLjoo5bA"]},{"@type":"Person","@id":"https:\/\/matis.is\/#\/schema\/person\/33b92c850c915c93e67f291e3381a49a","name":"admin","sameAs":["https:\/\/matis.mareframe.eu"],"url":"https:\/\/matis.is\/en\/author\/thormodurmatis-is\/"}]}},"spectra_custom_meta":{"_edit_lock":["1628507780:5"],"_wp_old_date":["2021-08-09"],"_thumbnail_id":["41681"],"_wp_page_template":["templates\/template-cover.php"],"_edit_last":["5"],"tengilidur":[""],"_tengilidur":["field_5ef905e0538b2"],"_yoast_wpseo_primary_category":["1973"],"_yoast_wpseo_content_score":["30"],"_yoast_wpseo_estimated-reading-time-minutes":["2"],"wpmm_postgrid_views":["367"],"_uag_css_file_name":["uag-css-41974.css"],"_uag_page_assets":["a:9:{s:3:\"css\";s:263:\".uag-blocks-common-selector{z-index:var(--z-index-desktop) !important}@media (max-width: 976px){.uag-blocks-common-selector{z-index:var(--z-index-tablet) !important}}@media (max-width: 767px){.uag-blocks-common-selector{z-index:var(--z-index-mobile) !important}}\n\";s:2:\"js\";s:0:\"\";s:18:\"current_block_list\";a:6:{i:0;s:12:\"core\/heading\";i:1;s:14:\"core\/paragraph\";i:2;s:12:\"core\/buttons\";i:3;s:11:\"core\/button\";i:4;s:12:\"core\/columns\";i:5;s:11:\"core\/column\";}s:8:\"uag_flag\";b:0;s:11:\"uag_version\";s:10:\"1777300790\";s:6:\"gfonts\";a:0:{}s:10:\"gfonts_url\";s:0:\"\";s:12:\"gfonts_files\";a:0:{}s:14:\"uag_faq_layout\";b:0;}"]},"uagb_featured_image_src":{"full":["https:\/\/matis.is\/wp-content\/uploads\/iStock_Atlantshaf_litil-1.jpg",849,309,false],"thumbnail":["https:\/\/matis.is\/wp-content\/uploads\/iStock_Atlantshaf_litil-1-150x150.jpg",150,150,true],"medium":["https:\/\/matis.is\/wp-content\/uploads\/iStock_Atlantshaf_litil-1-300x109.jpg",300,109,true],"medium_large":["https:\/\/matis.is\/wp-content\/uploads\/iStock_Atlantshaf_litil-1-768x280.jpg",768,280,true],"large":["https:\/\/matis.is\/wp-content\/uploads\/iStock_Atlantshaf_litil-1.jpg",849,309,false],"1536x1536":["https:\/\/matis.is\/wp-content\/uploads\/iStock_Atlantshaf_litil-1.jpg",849,309,false],"2048x2048":["https:\/\/matis.is\/wp-content\/uploads\/iStock_Atlantshaf_litil-1.jpg",849,309,false],"trp-custom-language-flag":["https:\/\/matis.is\/wp-content\/uploads\/iStock_Atlantshaf_litil-1.jpg",18,7,false]},"uagb_author_info":{"display_name":"admin","author_link":"https:\/\/matis.is\/en\/author\/thormodurmatis-is\/"},"uagb_comment_info":0,"uagb_excerpt":"Fyrir stuttu lauk athyglisver\u00f0ri Evr\u00f3puranns\u00f3kn \u00e1 laxi sem sta\u00f0i\u00f0 hefur fr\u00e1 \u00e1rinu 2009. Verkefni\u00f0 bar yfirskriftina SALSEA-Merge og var Mat\u00eds [&hellip;]","_links":{"self":[{"href":"https:\/\/matis.is\/en\/wp-json\/wp\/v2\/posts\/41974","targetHints":{"allow":["GET"]}}],"collection":[{"href":"https:\/\/matis.is\/en\/wp-json\/wp\/v2\/posts"}],"about":[{"href":"https:\/\/matis.is\/en\/wp-json\/wp\/v2\/types\/post"}],"author":[{"embeddable":true,"href":"https:\/\/matis.is\/en\/wp-json\/wp\/v2\/users\/1"}],"replies":[{"embeddable":true,"href":"https:\/\/matis.is\/en\/wp-json\/wp\/v2\/comments?post=41974"}],"version-history":[{"count":1,"href":"https:\/\/matis.is\/en\/wp-json\/wp\/v2\/posts\/41974\/revisions"}],"predecessor-version":[{"id":41975,"href":"https:\/\/matis.is\/en\/wp-json\/wp\/v2\/posts\/41974\/revisions\/41975"}],"wp:featuredmedia":[{"embeddable":true,"href":"https:\/\/matis.is\/en\/wp-json\/wp\/v2\/media\/41681"}],"wp:attachment":[{"href":"https:\/\/matis.is\/en\/wp-json\/wp\/v2\/media?parent=41974"}],"wp:term":[{"taxonomy":"category","embeddable":true,"href":"https:\/\/matis.is\/en\/wp-json\/wp\/v2\/categories?post=41974"},{"taxonomy":"post_tag","embeddable":true,"href":"https:\/\/matis.is\/en\/wp-json\/wp\/v2\/tags?post=41974"}],"curies":[{"name":"wp","href":"https:\/\/api.w.org\/{rel}","templated":true}]}}