{"id":41999,"date":"2012-07-02T11:49:00","date_gmt":"2012-07-02T11:49:00","guid":{"rendered":"https:\/\/matis.is\/?p=41999"},"modified":"2021-08-09T11:50:37","modified_gmt":"2021-08-09T11:50:37","slug":"nemendur-i-liftaekninami-utskrifast-fra-haskolanum-a-akureyri","status":"publish","type":"post","link":"https:\/\/matis.is\/en\/frettir\/nemendur-i-liftaekninami-utskrifast-fra-haskolanum-a-akureyri\/","title":{"rendered":"Biotechnology students graduate from the University of Akureyri"},"content":{"rendered":"<h4 class=\"wp-block-heading\">Recently, several students in resource science, with an emphasis on biotechnology, defended their dissertations at the University of Akureyri, but biotechnology is precisely one of the disciplines that could create significant income for the national economy in the future.<\/h4>\n\n\n\n<p>What these students have in common is that they have all enjoyed the guidance of Mat\u00eds&#039; employees. The students are:<\/p>\n\n\n\n<ul class=\"wp-block-list\"><li>Gu\u00f0n\u00fd Helga Kristj\u00e1nsd\u00f3ttir. The project &quot;Measurements of astaxanthin and nutrients from wastewater chitosan processing&quot;. Worked in collaboration with Primex (closed project) - supervisor was Rannveig Bj\u00f6rnsd\u00f3ttir at Mat\u00eds.<\/li><li>Hanna R\u00fan J\u00f3hannesd\u00f3ttir. The project &quot;The relationship between the purity of cattle on the foot and the microbial flora on the surface of the carcasses&quot;. Worked in collaboration with Nor\u00f0lenski (closed project) - supervisor was Rannveig Bj\u00f6rnsd\u00f3ttir at Mat\u00eds.<\/li><li>Gu\u00f0r\u00fan Krist\u00edn Eir\u00edksd\u00f3ttir: The project &quot;The effect of temperature on the expression of proteins in charr hearts. Analyzed by protein quantity analysis &quot;. Worked in collaboration with H\u00f3lar University (open project) - supervisor was H\u00f3lmfr\u00ed\u00f0ur Sveinsd\u00f3ttir at Mat\u00eds.<\/li><\/ul>\n\n\n\n<p>For more information&nbsp;<a target=\"_blank\" href=\"https:\/\/gamla.matis.is\/matis\/mannaudur\/starfsfolk-og-simanumer\/persona\/163\/fyrirtaeki\/1\" rel=\"noreferrer noopener\">H\u00f3lmfr\u00ed\u00f0ur<\/a>&nbsp;and&nbsp;<a target=\"_blank\" href=\"https:\/\/gamla.matis.is\/matis\/mannaudur\/starfsfolk-og-simanumer\/persona\/57\/fyrirtaeki\/1\" rel=\"noreferrer noopener\">Rannveig<\/a>&nbsp;at Mat\u00eds.<\/p>","protected":false},"excerpt":{"rendered":"<p>Fyrir stuttu v\u00f6r\u00f0u nokkrir nemendur \u00ed au\u00f0lindafr\u00e6\u00f0i, me\u00f0 \u00e1herslu \u00e1 l\u00edft\u00e6kni, ritger\u00f0ir s\u00ednar vi\u00f0 H\u00e1sk\u00f3lann \u00e1 Akureyri en l\u00edft\u00e6knin er [&hellip;]<\/p>\n","protected":false},"author":1,"featured_media":40760,"comment_status":"closed","ping_status":"closed","sticky":false,"template":"templates\/template-cover.php","format":"standard","meta":{"_acf_changed":false,"_uag_custom_page_level_css":"","site-sidebar-layout":"default","site-content-layout":"","ast-site-content-layout":"default","site-content-style":"default","site-sidebar-style":"default","ast-global-header-display":"","ast-banner-title-visibility":"","ast-main-header-display":"","ast-hfb-above-header-display":"","ast-hfb-below-header-display":"","ast-hfb-mobile-header-display":"","site-post-title":"","ast-breadcrumbs-content":"","ast-featured-img":"","footer-sml-layout":"","ast-disable-related-posts":"","theme-transparent-header-meta":"","adv-header-id-meta":"","stick-header-meta":"","header-above-stick-meta":"","header-main-stick-meta":"","header-below-stick-meta":"","astra-migrate-meta-layouts":"default","ast-page-background-enabled":"default","ast-page-background-meta":{"desktop":{"background-color":"var(--ast-global-color-5)","background-image":"","background-repeat":"repeat","background-position":"center center","background-size":"auto","background-attachment":"scroll","background-type":"","background-media":"","overlay-type":"","overlay-color":"","overlay-opacity":"","overlay-gradient":""},"tablet":{"background-color":"","background-image":"","background-repeat":"repeat","background-position":"center center","background-size":"auto","background-attachment":"scroll","background-type":"","background-media":"","overlay-type":"","overlay-color":"","overlay-opacity":"","overlay-gradient":""},"mobile":{"background-color":"","background-image":"","background-repeat":"repeat","background-position":"center center","background-size":"auto","background-attachment":"scroll","background-type":"","background-media":"","overlay-type":"","overlay-color":"","overlay-opacity":"","overlay-gradient":""}},"ast-content-background-meta":{"desktop":{"background-color":"var(--ast-global-color-4)","background-image":"","background-repeat":"repeat","background-position":"center center","background-size":"auto","background-attachment":"scroll","background-type":"","background-media":"","overlay-type":"","overlay-color":"","overlay-opacity":"","overlay-gradient":""},"tablet":{"background-color":"var(--ast-global-color-4)","background-image":"","background-repeat":"repeat","background-position":"center center","background-size":"auto","background-attachment":"scroll","background-type":"","background-media":"","overlay-type":"","overlay-color":"","overlay-opacity":"","overlay-gradient":""},"mobile":{"background-color":"var(--ast-global-color-4)","background-image":"","background-repeat":"repeat","background-position":"center center","background-size":"auto","background-attachment":"scroll","background-type":"","background-media":"","overlay-type":"","overlay-color":"","overlay-opacity":"","overlay-gradient":""}},"footnotes":""},"categories":[1973],"tags":[],"class_list":["post-41999","post","type-post","status-publish","format-standard","has-post-thumbnail","hentry","category-frettir"],"acf":[],"yoast_head":"<!-- This site is optimized with the Yoast SEO plugin v27.4 - https:\/\/yoast.com\/product\/yoast-seo-wordpress\/ -->\n<title>Nemendur \u00ed l\u00edft\u00e6knin\u00e1mi \u00fatskrifast fr\u00e1 H\u00e1sk\u00f3lanum \u00e1 Akureyri - Mat\u00eds<\/title>\n<meta name=\"robots\" content=\"index, follow, max-snippet:-1, max-image-preview:large, max-video-preview:-1\" \/>\n<link rel=\"canonical\" href=\"https:\/\/matis.is\/en\/frettir\/nemendur-i-liftaekninami-utskrifast-fra-haskolanum-a-akureyri\/\" \/>\n<meta property=\"og:locale\" content=\"en_GB\" \/>\n<meta property=\"og:type\" content=\"article\" \/>\n<meta property=\"og:title\" content=\"Nemendur \u00ed l\u00edft\u00e6knin\u00e1mi \u00fatskrifast fr\u00e1 H\u00e1sk\u00f3lanum \u00e1 Akureyri - Mat\u00eds\" \/>\n<meta property=\"og:description\" content=\"Fyrir stuttu v\u00f6r\u00f0u nokkrir nemendur \u00ed au\u00f0lindafr\u00e6\u00f0i, me\u00f0 \u00e1herslu \u00e1 l\u00edft\u00e6kni, ritger\u00f0ir s\u00ednar vi\u00f0 H\u00e1sk\u00f3lann \u00e1 Akureyri en l\u00edft\u00e6knin er [&hellip;]\" \/>\n<meta property=\"og:url\" content=\"https:\/\/matis.is\/en\/frettir\/nemendur-i-liftaekninami-utskrifast-fra-haskolanum-a-akureyri\/\" \/>\n<meta property=\"og:site_name\" content=\"Mat\u00eds\" \/>\n<meta property=\"article:publisher\" content=\"https:\/\/www.facebook.com\/matisiceland\" \/>\n<meta property=\"article:published_time\" content=\"2012-07-02T11:49:00+00:00\" \/>\n<meta property=\"article:modified_time\" content=\"2021-08-09T11:50:37+00:00\" \/>\n<meta property=\"og:image\" content=\"https:\/\/matis.is\/wp-content\/uploads\/HA_logo_rautt-1.jpeg\" \/>\n\t<meta property=\"og:image:width\" content=\"553\" \/>\n\t<meta property=\"og:image:height\" content=\"600\" \/>\n\t<meta property=\"og:image:type\" content=\"image\/jpeg\" \/>\n<meta name=\"author\" content=\"admin\" \/>\n<meta name=\"twitter:card\" content=\"summary_large_image\" \/>\n<meta name=\"twitter:creator\" content=\"@matisiceland\" \/>\n<meta name=\"twitter:site\" content=\"@matisiceland\" \/>\n<meta name=\"twitter:label1\" content=\"Written by\" \/>\n\t<meta name=\"twitter:data1\" content=\"admin\" \/>\n\t<meta name=\"twitter:label2\" content=\"Estimated reading time\" \/>\n\t<meta name=\"twitter:data2\" content=\"1 minute\" \/>\n<script type=\"application\/ld+json\" class=\"yoast-schema-graph\">{\"@context\":\"https:\\\/\\\/schema.org\",\"@graph\":[{\"@type\":\"Article\",\"@id\":\"https:\\\/\\\/matis.is\\\/frettir\\\/nemendur-i-liftaekninami-utskrifast-fra-haskolanum-a-akureyri\\\/#article\",\"isPartOf\":{\"@id\":\"https:\\\/\\\/matis.is\\\/frettir\\\/nemendur-i-liftaekninami-utskrifast-fra-haskolanum-a-akureyri\\\/\"},\"author\":{\"name\":\"admin\",\"@id\":\"https:\\\/\\\/matis.is\\\/#\\\/schema\\\/person\\\/33b92c850c915c93e67f291e3381a49a\"},\"headline\":\"Nemendur \u00ed l\u00edft\u00e6knin\u00e1mi \u00fatskrifast fr\u00e1 H\u00e1sk\u00f3lanum \u00e1 Akureyri\",\"datePublished\":\"2012-07-02T11:49:00+00:00\",\"dateModified\":\"2021-08-09T11:50:37+00:00\",\"mainEntityOfPage\":{\"@id\":\"https:\\\/\\\/matis.is\\\/frettir\\\/nemendur-i-liftaekninami-utskrifast-fra-haskolanum-a-akureyri\\\/\"},\"wordCount\":208,\"publisher\":{\"@id\":\"https:\\\/\\\/matis.is\\\/#organization\"},\"image\":{\"@id\":\"https:\\\/\\\/matis.is\\\/frettir\\\/nemendur-i-liftaekninami-utskrifast-fra-haskolanum-a-akureyri\\\/#primaryimage\"},\"thumbnailUrl\":\"https:\\\/\\\/matis.is\\\/wp-content\\\/uploads\\\/HA_logo_rautt-1.jpeg\",\"articleSection\":[\"Fr\u00e9ttir\"],\"inLanguage\":\"en-GB\"},{\"@type\":\"WebPage\",\"@id\":\"https:\\\/\\\/matis.is\\\/frettir\\\/nemendur-i-liftaekninami-utskrifast-fra-haskolanum-a-akureyri\\\/\",\"url\":\"https:\\\/\\\/matis.is\\\/frettir\\\/nemendur-i-liftaekninami-utskrifast-fra-haskolanum-a-akureyri\\\/\",\"name\":\"Nemendur \u00ed l\u00edft\u00e6knin\u00e1mi \u00fatskrifast fr\u00e1 H\u00e1sk\u00f3lanum \u00e1 Akureyri - Mat\u00eds\",\"isPartOf\":{\"@id\":\"https:\\\/\\\/matis.is\\\/#website\"},\"primaryImageOfPage\":{\"@id\":\"https:\\\/\\\/matis.is\\\/frettir\\\/nemendur-i-liftaekninami-utskrifast-fra-haskolanum-a-akureyri\\\/#primaryimage\"},\"image\":{\"@id\":\"https:\\\/\\\/matis.is\\\/frettir\\\/nemendur-i-liftaekninami-utskrifast-fra-haskolanum-a-akureyri\\\/#primaryimage\"},\"thumbnailUrl\":\"https:\\\/\\\/matis.is\\\/wp-content\\\/uploads\\\/HA_logo_rautt-1.jpeg\",\"datePublished\":\"2012-07-02T11:49:00+00:00\",\"dateModified\":\"2021-08-09T11:50:37+00:00\",\"breadcrumb\":{\"@id\":\"https:\\\/\\\/matis.is\\\/frettir\\\/nemendur-i-liftaekninami-utskrifast-fra-haskolanum-a-akureyri\\\/#breadcrumb\"},\"inLanguage\":\"en-GB\",\"potentialAction\":[{\"@type\":\"ReadAction\",\"target\":[\"https:\\\/\\\/matis.is\\\/frettir\\\/nemendur-i-liftaekninami-utskrifast-fra-haskolanum-a-akureyri\\\/\"]}]},{\"@type\":\"ImageObject\",\"inLanguage\":\"en-GB\",\"@id\":\"https:\\\/\\\/matis.is\\\/frettir\\\/nemendur-i-liftaekninami-utskrifast-fra-haskolanum-a-akureyri\\\/#primaryimage\",\"url\":\"https:\\\/\\\/matis.is\\\/wp-content\\\/uploads\\\/HA_logo_rautt-1.jpeg\",\"contentUrl\":\"https:\\\/\\\/matis.is\\\/wp-content\\\/uploads\\\/HA_logo_rautt-1.jpeg\",\"width\":553,\"height\":600},{\"@type\":\"BreadcrumbList\",\"@id\":\"https:\\\/\\\/matis.is\\\/frettir\\\/nemendur-i-liftaekninami-utskrifast-fra-haskolanum-a-akureyri\\\/#breadcrumb\",\"itemListElement\":[{\"@type\":\"ListItem\",\"position\":1,\"name\":\"Home\",\"item\":\"https:\\\/\\\/matis.is\\\/\"},{\"@type\":\"ListItem\",\"position\":2,\"name\":\"Nemendur \u00ed l\u00edft\u00e6knin\u00e1mi \u00fatskrifast fr\u00e1 H\u00e1sk\u00f3lanum \u00e1 Akureyri\"}]},{\"@type\":\"WebSite\",\"@id\":\"https:\\\/\\\/matis.is\\\/#website\",\"url\":\"https:\\\/\\\/matis.is\\\/\",\"name\":\"Mat\u00eds\",\"description\":\"Ver\u00f0m\u00e6task\u00f6pun, matv\u00e6la\u00f6ryggi og l\u00fd\u00f0heilsa\",\"publisher\":{\"@id\":\"https:\\\/\\\/matis.is\\\/#organization\"},\"potentialAction\":[{\"@type\":\"SearchAction\",\"target\":{\"@type\":\"EntryPoint\",\"urlTemplate\":\"https:\\\/\\\/matis.is\\\/?s={search_term_string}\"},\"query-input\":{\"@type\":\"PropertyValueSpecification\",\"valueRequired\":true,\"valueName\":\"search_term_string\"}}],\"inLanguage\":\"en-GB\"},{\"@type\":\"Organization\",\"@id\":\"https:\\\/\\\/matis.is\\\/#organization\",\"name\":\"Mat\u00eds ohf.\",\"url\":\"https:\\\/\\\/matis.is\\\/\",\"logo\":{\"@type\":\"ImageObject\",\"inLanguage\":\"en-GB\",\"@id\":\"https:\\\/\\\/matis.is\\\/#\\\/schema\\\/logo\\\/image\\\/\",\"url\":\"https:\\\/\\\/matis.is\\\/wp-content\\\/uploads\\\/2021\\\/02\\\/matis_logo_blatthvitt.png\",\"contentUrl\":\"https:\\\/\\\/matis.is\\\/wp-content\\\/uploads\\\/2021\\\/02\\\/matis_logo_blatthvitt.png\",\"width\":1507,\"height\":1507,\"caption\":\"Mat\u00eds ohf.\"},\"image\":{\"@id\":\"https:\\\/\\\/matis.is\\\/#\\\/schema\\\/logo\\\/image\\\/\"},\"sameAs\":[\"https:\\\/\\\/www.facebook.com\\\/matisiceland\",\"https:\\\/\\\/x.com\\\/matisiceland\",\"https:\\\/\\\/www.instagram.com\\\/matisiceland\\\/\",\"https:\\\/\\\/www.linkedin.com\\\/matisiceland\\\/\",\"https:\\\/\\\/www.youtube.com\\\/channel\\\/UCY-frt3uTqgVZW-DLjoo5bA\"]},{\"@type\":\"Person\",\"@id\":\"https:\\\/\\\/matis.is\\\/#\\\/schema\\\/person\\\/33b92c850c915c93e67f291e3381a49a\",\"name\":\"admin\",\"sameAs\":[\"https:\\\/\\\/matis.mareframe.eu\"],\"url\":\"https:\\\/\\\/matis.is\\\/en\\\/author\\\/thormodurmatis-is\\\/\"}]}<\/script>\n<!-- \/ Yoast SEO plugin. -->","yoast_head_json":{"title":"Students in biotechnology study graduate from the University of Akureyri - Mat\u00eds","robots":{"index":"index","follow":"follow","max-snippet":"max-snippet:-1","max-image-preview":"max-image-preview:large","max-video-preview":"max-video-preview:-1"},"canonical":"https:\/\/matis.is\/en\/frettir\/nemendur-i-liftaekninami-utskrifast-fra-haskolanum-a-akureyri\/","og_locale":"en_GB","og_type":"article","og_title":"Nemendur \u00ed l\u00edft\u00e6knin\u00e1mi \u00fatskrifast fr\u00e1 H\u00e1sk\u00f3lanum \u00e1 Akureyri - Mat\u00eds","og_description":"Fyrir stuttu v\u00f6r\u00f0u nokkrir nemendur \u00ed au\u00f0lindafr\u00e6\u00f0i, me\u00f0 \u00e1herslu \u00e1 l\u00edft\u00e6kni, ritger\u00f0ir s\u00ednar vi\u00f0 H\u00e1sk\u00f3lann \u00e1 Akureyri en l\u00edft\u00e6knin er [&hellip;]","og_url":"https:\/\/matis.is\/en\/frettir\/nemendur-i-liftaekninami-utskrifast-fra-haskolanum-a-akureyri\/","og_site_name":"Mat\u00eds","article_publisher":"https:\/\/www.facebook.com\/matisiceland","article_published_time":"2012-07-02T11:49:00+00:00","article_modified_time":"2021-08-09T11:50:37+00:00","og_image":[{"width":553,"height":600,"url":"https:\/\/matis.is\/wp-content\/uploads\/HA_logo_rautt-1.jpeg","type":"image\/jpeg"}],"author":"admin","twitter_card":"summary_large_image","twitter_creator":"@matisiceland","twitter_site":"@matisiceland","twitter_misc":{"Written by":"admin","Estimated reading time":"1 minute"},"schema":{"@context":"https:\/\/schema.org","@graph":[{"@type":"Article","@id":"https:\/\/matis.is\/frettir\/nemendur-i-liftaekninami-utskrifast-fra-haskolanum-a-akureyri\/#article","isPartOf":{"@id":"https:\/\/matis.is\/frettir\/nemendur-i-liftaekninami-utskrifast-fra-haskolanum-a-akureyri\/"},"author":{"name":"admin","@id":"https:\/\/matis.is\/#\/schema\/person\/33b92c850c915c93e67f291e3381a49a"},"headline":"Nemendur \u00ed l\u00edft\u00e6knin\u00e1mi \u00fatskrifast fr\u00e1 H\u00e1sk\u00f3lanum \u00e1 Akureyri","datePublished":"2012-07-02T11:49:00+00:00","dateModified":"2021-08-09T11:50:37+00:00","mainEntityOfPage":{"@id":"https:\/\/matis.is\/frettir\/nemendur-i-liftaekninami-utskrifast-fra-haskolanum-a-akureyri\/"},"wordCount":208,"publisher":{"@id":"https:\/\/matis.is\/#organization"},"image":{"@id":"https:\/\/matis.is\/frettir\/nemendur-i-liftaekninami-utskrifast-fra-haskolanum-a-akureyri\/#primaryimage"},"thumbnailUrl":"https:\/\/matis.is\/wp-content\/uploads\/HA_logo_rautt-1.jpeg","articleSection":["Fr\u00e9ttir"],"inLanguage":"en-GB"},{"@type":"WebPage","@id":"https:\/\/matis.is\/frettir\/nemendur-i-liftaekninami-utskrifast-fra-haskolanum-a-akureyri\/","url":"https:\/\/matis.is\/frettir\/nemendur-i-liftaekninami-utskrifast-fra-haskolanum-a-akureyri\/","name":"Students in biotechnology study graduate from the University of Akureyri - Mat\u00eds","isPartOf":{"@id":"https:\/\/matis.is\/#website"},"primaryImageOfPage":{"@id":"https:\/\/matis.is\/frettir\/nemendur-i-liftaekninami-utskrifast-fra-haskolanum-a-akureyri\/#primaryimage"},"image":{"@id":"https:\/\/matis.is\/frettir\/nemendur-i-liftaekninami-utskrifast-fra-haskolanum-a-akureyri\/#primaryimage"},"thumbnailUrl":"https:\/\/matis.is\/wp-content\/uploads\/HA_logo_rautt-1.jpeg","datePublished":"2012-07-02T11:49:00+00:00","dateModified":"2021-08-09T11:50:37+00:00","breadcrumb":{"@id":"https:\/\/matis.is\/frettir\/nemendur-i-liftaekninami-utskrifast-fra-haskolanum-a-akureyri\/#breadcrumb"},"inLanguage":"en-GB","potentialAction":[{"@type":"ReadAction","target":["https:\/\/matis.is\/frettir\/nemendur-i-liftaekninami-utskrifast-fra-haskolanum-a-akureyri\/"]}]},{"@type":"ImageObject","inLanguage":"en-GB","@id":"https:\/\/matis.is\/frettir\/nemendur-i-liftaekninami-utskrifast-fra-haskolanum-a-akureyri\/#primaryimage","url":"https:\/\/matis.is\/wp-content\/uploads\/HA_logo_rautt-1.jpeg","contentUrl":"https:\/\/matis.is\/wp-content\/uploads\/HA_logo_rautt-1.jpeg","width":553,"height":600},{"@type":"BreadcrumbList","@id":"https:\/\/matis.is\/frettir\/nemendur-i-liftaekninami-utskrifast-fra-haskolanum-a-akureyri\/#breadcrumb","itemListElement":[{"@type":"ListItem","position":1,"name":"Home","item":"https:\/\/matis.is\/"},{"@type":"ListItem","position":2,"name":"Nemendur \u00ed l\u00edft\u00e6knin\u00e1mi \u00fatskrifast fr\u00e1 H\u00e1sk\u00f3lanum \u00e1 Akureyri"}]},{"@type":"WebSite","@id":"https:\/\/matis.is\/#website","url":"https:\/\/matis.is\/","name":"Mat\u00eds","description":"Value creation, food security and public health","publisher":{"@id":"https:\/\/matis.is\/#organization"},"potentialAction":[{"@type":"SearchAction","target":{"@type":"EntryPoint","urlTemplate":"https:\/\/matis.is\/?s={search_term_string}"},"query-input":{"@type":"PropertyValueSpecification","valueRequired":true,"valueName":"search_term_string"}}],"inLanguage":"en-GB"},{"@type":"Organization","@id":"https:\/\/matis.is\/#organization","name":"Mat\u00eds ohf.","url":"https:\/\/matis.is\/","logo":{"@type":"ImageObject","inLanguage":"en-GB","@id":"https:\/\/matis.is\/#\/schema\/logo\/image\/","url":"https:\/\/matis.is\/wp-content\/uploads\/2021\/02\/matis_logo_blatthvitt.png","contentUrl":"https:\/\/matis.is\/wp-content\/uploads\/2021\/02\/matis_logo_blatthvitt.png","width":1507,"height":1507,"caption":"Mat\u00eds ohf."},"image":{"@id":"https:\/\/matis.is\/#\/schema\/logo\/image\/"},"sameAs":["https:\/\/www.facebook.com\/matisiceland","https:\/\/x.com\/matisiceland","https:\/\/www.instagram.com\/matisiceland\/","https:\/\/www.linkedin.com\/matisiceland\/","https:\/\/www.youtube.com\/channel\/UCY-frt3uTqgVZW-DLjoo5bA"]},{"@type":"Person","@id":"https:\/\/matis.is\/#\/schema\/person\/33b92c850c915c93e67f291e3381a49a","name":"admin","sameAs":["https:\/\/matis.mareframe.eu"],"url":"https:\/\/matis.is\/en\/author\/thormodurmatis-is\/"}]}},"spectra_custom_meta":{"_edit_lock":["1628509837:5"],"_wp_old_date":["2021-08-09"],"_thumbnail_id":["40760"],"_wp_page_template":["templates\/template-cover.php"],"_edit_last":["5"],"tengilidur":[""],"_tengilidur":["field_5ef905e0538b2"],"_yoast_wpseo_primary_category":["1973"],"_yoast_wpseo_content_score":["60"],"_yoast_wpseo_estimated-reading-time-minutes":["1"],"wpmm_postgrid_views":["431"],"_uag_css_file_name":["uag-css-41999.css"],"_uag_page_assets":["a:9:{s:3:\"css\";s:263:\".uag-blocks-common-selector{z-index:var(--z-index-desktop) !important}@media (max-width: 976px){.uag-blocks-common-selector{z-index:var(--z-index-tablet) !important}}@media (max-width: 767px){.uag-blocks-common-selector{z-index:var(--z-index-mobile) !important}}\n\";s:2:\"js\";s:0:\"\";s:18:\"current_block_list\";a:7:{i:0;s:12:\"core\/heading\";i:1;s:14:\"core\/paragraph\";i:2;s:9:\"core\/list\";i:3;s:12:\"core\/buttons\";i:4;s:11:\"core\/button\";i:5;s:12:\"core\/columns\";i:6;s:11:\"core\/column\";}s:8:\"uag_flag\";b:0;s:11:\"uag_version\";s:10:\"1777040860\";s:6:\"gfonts\";a:0:{}s:10:\"gfonts_url\";s:0:\"\";s:12:\"gfonts_files\";a:0:{}s:14:\"uag_faq_layout\";b:0;}"]},"uagb_featured_image_src":{"full":["https:\/\/matis.is\/wp-content\/uploads\/HA_logo_rautt-1.jpeg",553,600,false],"thumbnail":["https:\/\/matis.is\/wp-content\/uploads\/HA_logo_rautt-1-150x150.jpeg",150,150,true],"medium":["https:\/\/matis.is\/wp-content\/uploads\/HA_logo_rautt-1-277x300.jpeg",277,300,true],"medium_large":["https:\/\/matis.is\/wp-content\/uploads\/HA_logo_rautt-1.jpeg",553,600,false],"large":["https:\/\/matis.is\/wp-content\/uploads\/HA_logo_rautt-1.jpeg",553,600,false],"1536x1536":["https:\/\/matis.is\/wp-content\/uploads\/HA_logo_rautt-1.jpeg",553,600,false],"2048x2048":["https:\/\/matis.is\/wp-content\/uploads\/HA_logo_rautt-1.jpeg",553,600,false],"trp-custom-language-flag":["https:\/\/matis.is\/wp-content\/uploads\/HA_logo_rautt-1.jpeg",11,12,false]},"uagb_author_info":{"display_name":"admin","author_link":"https:\/\/matis.is\/en\/author\/thormodurmatis-is\/"},"uagb_comment_info":0,"uagb_excerpt":"Fyrir stuttu v\u00f6r\u00f0u nokkrir nemendur \u00ed au\u00f0lindafr\u00e6\u00f0i, me\u00f0 \u00e1herslu \u00e1 l\u00edft\u00e6kni, ritger\u00f0ir s\u00ednar vi\u00f0 H\u00e1sk\u00f3lann \u00e1 Akureyri en l\u00edft\u00e6knin er [&hellip;]","_links":{"self":[{"href":"https:\/\/matis.is\/en\/wp-json\/wp\/v2\/posts\/41999","targetHints":{"allow":["GET"]}}],"collection":[{"href":"https:\/\/matis.is\/en\/wp-json\/wp\/v2\/posts"}],"about":[{"href":"https:\/\/matis.is\/en\/wp-json\/wp\/v2\/types\/post"}],"author":[{"embeddable":true,"href":"https:\/\/matis.is\/en\/wp-json\/wp\/v2\/users\/1"}],"replies":[{"embeddable":true,"href":"https:\/\/matis.is\/en\/wp-json\/wp\/v2\/comments?post=41999"}],"version-history":[{"count":1,"href":"https:\/\/matis.is\/en\/wp-json\/wp\/v2\/posts\/41999\/revisions"}],"predecessor-version":[{"id":42000,"href":"https:\/\/matis.is\/en\/wp-json\/wp\/v2\/posts\/41999\/revisions\/42000"}],"wp:featuredmedia":[{"embeddable":true,"href":"https:\/\/matis.is\/en\/wp-json\/wp\/v2\/media\/40760"}],"wp:attachment":[{"href":"https:\/\/matis.is\/en\/wp-json\/wp\/v2\/media?parent=41999"}],"wp:term":[{"taxonomy":"category","embeddable":true,"href":"https:\/\/matis.is\/en\/wp-json\/wp\/v2\/categories?post=41999"},{"taxonomy":"post_tag","embeddable":true,"href":"https:\/\/matis.is\/en\/wp-json\/wp\/v2\/tags?post=41999"}],"curies":[{"name":"wp","href":"https:\/\/api.w.org\/{rel}","templated":true}]}}