{"id":42055,"date":"2012-05-30T08:39:00","date_gmt":"2012-05-30T08:39:00","guid":{"rendered":"https:\/\/matis.is\/?p=42055"},"modified":"2021-08-10T08:42:43","modified_gmt":"2021-08-10T08:42:43","slug":"mikilvaegt-samstarf-vid-faereyjar","status":"publish","type":"post","link":"https:\/\/matis.is\/en\/frettir\/mikilvaegt-samstarf-vid-faereyjar\/","title":{"rendered":"Important co-operation with the Faroe Islands"},"content":{"rendered":"<h4 class=\"wp-block-heading\">Mat\u00eds&#039; three employees were on a trip to the Faroe Islands recently. There they learned about food production and research in the islands and also introduced Mat\u00eds&#039; activities to the locals.<\/h4>\n\n\n\n<p>A meeting was held with stakeholders in pelagic fishing and processing, where, among other things, Mat\u00eds&#039; research in those areas was discussed. There was a lot of interest before the meeting, where our &quot;cousins&quot; learned about the development of fishing and processing mackerel in this country and Mat\u00eds&#039; projects related to pelagic species. The participants in the meeting were particularly interested in the work that has been done regarding the mapping of stock units of different fish species using genetic methods, in particular herring and mackerel. There was an interest among the participants to take a greater part in this work in the future, as there are great interests at stake where it is possible to use genetic research for the analysis and monitoring of stock units and as a basis for the division of fishing rights between countries. At the same time to prevent deception in the marketing of seafood.<br><br>Mat\u00eds employees also held a meeting with representatives of ministries, institutions, town representatives and research funds, where Mat\u00eds&#039; food factories were introduced. The Faroese are considering the establishment of innovation centers in the islands and were interested in learning about Mat\u00eds&#039; experience of operating the food factories, which operate in Reykjav\u00edk, Hornafj\u00f6r\u00f0ur and Fl\u00fa\u00f0ir.<br>Mat\u00eds&#039; employees benefited greatly from this visit to the Faroe Islands and expect that it can further enhance the good co - operation that the company has with local parties.<\/p>\n\n\n\n<figure class=\"wp-block-image\"><img decoding=\"async\" src=\"https:\/\/gamla.matis.is\/media\/frettir\/large\/Faereyjar_5.2012.jpg\" alt=\"Faereyjar_5.2012\"\/><figcaption>From a meeting in the Faroe Islands<\/figcaption><\/figure>\n\n\n\n<p>For further information\u00a0<a target=\"_blank\" href=\"https:\/\/gamla.matis.is\/matis\/mannaudur\/starfsfolk-og-simanumer\/persona\/108\/fyrirtaeki\/1\" rel=\"noreferrer noopener\">J\u00f3nas R. Vi\u00f0arsson<\/a>\u00a0at Mat\u00eds.<\/p>","protected":false},"excerpt":{"rendered":"<p>\u00der\u00edr starfsmenn Mat\u00eds voru \u00e1 fer\u00f0 \u00ed F\u00e6reyjum fyrir sk\u00f6mmu. \u00dear fr\u00e6ddust \u00feeir um matv\u00e6laframlei\u00f0slu og ranns\u00f3knir \u00ed eyjunum og [&hellip;]<\/p>\n","protected":false},"author":1,"featured_media":40249,"comment_status":"closed","ping_status":"closed","sticky":false,"template":"templates\/template-cover.php","format":"standard","meta":{"_acf_changed":false,"_uag_custom_page_level_css":"","site-sidebar-layout":"default","site-content-layout":"","ast-site-content-layout":"default","site-content-style":"default","site-sidebar-style":"default","ast-global-header-display":"","ast-banner-title-visibility":"","ast-main-header-display":"","ast-hfb-above-header-display":"","ast-hfb-below-header-display":"","ast-hfb-mobile-header-display":"","site-post-title":"","ast-breadcrumbs-content":"","ast-featured-img":"","footer-sml-layout":"","ast-disable-related-posts":"","theme-transparent-header-meta":"","adv-header-id-meta":"","stick-header-meta":"","header-above-stick-meta":"","header-main-stick-meta":"","header-below-stick-meta":"","astra-migrate-meta-layouts":"default","ast-page-background-enabled":"default","ast-page-background-meta":{"desktop":{"background-color":"var(--ast-global-color-5)","background-image":"","background-repeat":"repeat","background-position":"center center","background-size":"auto","background-attachment":"scroll","background-type":"","background-media":"","overlay-type":"","overlay-color":"","overlay-opacity":"","overlay-gradient":""},"tablet":{"background-color":"","background-image":"","background-repeat":"repeat","background-position":"center center","background-size":"auto","background-attachment":"scroll","background-type":"","background-media":"","overlay-type":"","overlay-color":"","overlay-opacity":"","overlay-gradient":""},"mobile":{"background-color":"","background-image":"","background-repeat":"repeat","background-position":"center center","background-size":"auto","background-attachment":"scroll","background-type":"","background-media":"","overlay-type":"","overlay-color":"","overlay-opacity":"","overlay-gradient":""}},"ast-content-background-meta":{"desktop":{"background-color":"var(--ast-global-color-4)","background-image":"","background-repeat":"repeat","background-position":"center center","background-size":"auto","background-attachment":"scroll","background-type":"","background-media":"","overlay-type":"","overlay-color":"","overlay-opacity":"","overlay-gradient":""},"tablet":{"background-color":"var(--ast-global-color-4)","background-image":"","background-repeat":"repeat","background-position":"center center","background-size":"auto","background-attachment":"scroll","background-type":"","background-media":"","overlay-type":"","overlay-color":"","overlay-opacity":"","overlay-gradient":""},"mobile":{"background-color":"var(--ast-global-color-4)","background-image":"","background-repeat":"repeat","background-position":"center center","background-size":"auto","background-attachment":"scroll","background-type":"","background-media":"","overlay-type":"","overlay-color":"","overlay-opacity":"","overlay-gradient":""}},"footnotes":""},"categories":[1973],"tags":[],"class_list":["post-42055","post","type-post","status-publish","format-standard","has-post-thumbnail","hentry","category-frettir"],"acf":[],"yoast_head":"<!-- This site is optimized with the Yoast SEO plugin v27.4 - https:\/\/yoast.com\/product\/yoast-seo-wordpress\/ -->\n<title>Mikilv\u00e6gt samstarf vi\u00f0 F\u00e6reyjar - Mat\u00eds<\/title>\n<meta name=\"robots\" content=\"index, follow, max-snippet:-1, max-image-preview:large, max-video-preview:-1\" \/>\n<link rel=\"canonical\" href=\"https:\/\/matis.is\/en\/frettir\/mikilvaegt-samstarf-vid-faereyjar\/\" \/>\n<meta property=\"og:locale\" content=\"en_GB\" \/>\n<meta property=\"og:type\" content=\"article\" \/>\n<meta property=\"og:title\" content=\"Mikilv\u00e6gt samstarf vi\u00f0 F\u00e6reyjar - Mat\u00eds\" \/>\n<meta property=\"og:description\" content=\"\u00der\u00edr starfsmenn Mat\u00eds voru \u00e1 fer\u00f0 \u00ed F\u00e6reyjum fyrir sk\u00f6mmu. \u00dear fr\u00e6ddust \u00feeir um matv\u00e6laframlei\u00f0slu og ranns\u00f3knir \u00ed eyjunum og [&hellip;]\" \/>\n<meta property=\"og:url\" content=\"https:\/\/matis.is\/en\/frettir\/mikilvaegt-samstarf-vid-faereyjar\/\" \/>\n<meta property=\"og:site_name\" content=\"Mat\u00eds\" \/>\n<meta property=\"article:publisher\" content=\"https:\/\/www.facebook.com\/matisiceland\" \/>\n<meta property=\"article:published_time\" content=\"2012-05-30T08:39:00+00:00\" \/>\n<meta property=\"article:modified_time\" content=\"2021-08-10T08:42:43+00:00\" \/>\n<meta property=\"og:image\" content=\"https:\/\/matis.is\/wp-content\/uploads\/iStock_000019052257Small.jpg\" \/>\n\t<meta property=\"og:image:width\" content=\"849\" \/>\n\t<meta property=\"og:image:height\" content=\"309\" \/>\n\t<meta property=\"og:image:type\" content=\"image\/jpeg\" \/>\n<meta name=\"author\" content=\"admin\" \/>\n<meta name=\"twitter:card\" content=\"summary_large_image\" \/>\n<meta name=\"twitter:creator\" content=\"@matisiceland\" \/>\n<meta name=\"twitter:site\" content=\"@matisiceland\" \/>\n<meta name=\"twitter:label1\" content=\"Written by\" \/>\n\t<meta name=\"twitter:data1\" content=\"admin\" \/>\n\t<meta name=\"twitter:label2\" content=\"Estimated reading time\" \/>\n\t<meta name=\"twitter:data2\" content=\"2 minutes\" \/>\n<script type=\"application\/ld+json\" class=\"yoast-schema-graph\">{\"@context\":\"https:\\\/\\\/schema.org\",\"@graph\":[{\"@type\":\"Article\",\"@id\":\"https:\\\/\\\/matis.is\\\/frettir\\\/mikilvaegt-samstarf-vid-faereyjar\\\/#article\",\"isPartOf\":{\"@id\":\"https:\\\/\\\/matis.is\\\/frettir\\\/mikilvaegt-samstarf-vid-faereyjar\\\/\"},\"author\":{\"name\":\"admin\",\"@id\":\"https:\\\/\\\/matis.is\\\/#\\\/schema\\\/person\\\/33b92c850c915c93e67f291e3381a49a\"},\"headline\":\"Mikilv\u00e6gt samstarf vi\u00f0 F\u00e6reyjar\",\"datePublished\":\"2012-05-30T08:39:00+00:00\",\"dateModified\":\"2021-08-10T08:42:43+00:00\",\"mainEntityOfPage\":{\"@id\":\"https:\\\/\\\/matis.is\\\/frettir\\\/mikilvaegt-samstarf-vid-faereyjar\\\/\"},\"wordCount\":310,\"publisher\":{\"@id\":\"https:\\\/\\\/matis.is\\\/#organization\"},\"image\":{\"@id\":\"https:\\\/\\\/matis.is\\\/frettir\\\/mikilvaegt-samstarf-vid-faereyjar\\\/#primaryimage\"},\"thumbnailUrl\":\"https:\\\/\\\/matis.is\\\/wp-content\\\/uploads\\\/iStock_000019052257Small.jpg\",\"articleSection\":[\"Fr\u00e9ttir\"],\"inLanguage\":\"en-GB\"},{\"@type\":\"WebPage\",\"@id\":\"https:\\\/\\\/matis.is\\\/frettir\\\/mikilvaegt-samstarf-vid-faereyjar\\\/\",\"url\":\"https:\\\/\\\/matis.is\\\/frettir\\\/mikilvaegt-samstarf-vid-faereyjar\\\/\",\"name\":\"Mikilv\u00e6gt samstarf vi\u00f0 F\u00e6reyjar - Mat\u00eds\",\"isPartOf\":{\"@id\":\"https:\\\/\\\/matis.is\\\/#website\"},\"primaryImageOfPage\":{\"@id\":\"https:\\\/\\\/matis.is\\\/frettir\\\/mikilvaegt-samstarf-vid-faereyjar\\\/#primaryimage\"},\"image\":{\"@id\":\"https:\\\/\\\/matis.is\\\/frettir\\\/mikilvaegt-samstarf-vid-faereyjar\\\/#primaryimage\"},\"thumbnailUrl\":\"https:\\\/\\\/matis.is\\\/wp-content\\\/uploads\\\/iStock_000019052257Small.jpg\",\"datePublished\":\"2012-05-30T08:39:00+00:00\",\"dateModified\":\"2021-08-10T08:42:43+00:00\",\"breadcrumb\":{\"@id\":\"https:\\\/\\\/matis.is\\\/frettir\\\/mikilvaegt-samstarf-vid-faereyjar\\\/#breadcrumb\"},\"inLanguage\":\"en-GB\",\"potentialAction\":[{\"@type\":\"ReadAction\",\"target\":[\"https:\\\/\\\/matis.is\\\/frettir\\\/mikilvaegt-samstarf-vid-faereyjar\\\/\"]}]},{\"@type\":\"ImageObject\",\"inLanguage\":\"en-GB\",\"@id\":\"https:\\\/\\\/matis.is\\\/frettir\\\/mikilvaegt-samstarf-vid-faereyjar\\\/#primaryimage\",\"url\":\"https:\\\/\\\/matis.is\\\/wp-content\\\/uploads\\\/iStock_000019052257Small.jpg\",\"contentUrl\":\"https:\\\/\\\/matis.is\\\/wp-content\\\/uploads\\\/iStock_000019052257Small.jpg\",\"width\":849,\"height\":309},{\"@type\":\"BreadcrumbList\",\"@id\":\"https:\\\/\\\/matis.is\\\/frettir\\\/mikilvaegt-samstarf-vid-faereyjar\\\/#breadcrumb\",\"itemListElement\":[{\"@type\":\"ListItem\",\"position\":1,\"name\":\"Home\",\"item\":\"https:\\\/\\\/matis.is\\\/\"},{\"@type\":\"ListItem\",\"position\":2,\"name\":\"Mikilv\u00e6gt samstarf vi\u00f0 F\u00e6reyjar\"}]},{\"@type\":\"WebSite\",\"@id\":\"https:\\\/\\\/matis.is\\\/#website\",\"url\":\"https:\\\/\\\/matis.is\\\/\",\"name\":\"Mat\u00eds\",\"description\":\"Ver\u00f0m\u00e6task\u00f6pun, matv\u00e6la\u00f6ryggi og l\u00fd\u00f0heilsa\",\"publisher\":{\"@id\":\"https:\\\/\\\/matis.is\\\/#organization\"},\"potentialAction\":[{\"@type\":\"SearchAction\",\"target\":{\"@type\":\"EntryPoint\",\"urlTemplate\":\"https:\\\/\\\/matis.is\\\/?s={search_term_string}\"},\"query-input\":{\"@type\":\"PropertyValueSpecification\",\"valueRequired\":true,\"valueName\":\"search_term_string\"}}],\"inLanguage\":\"en-GB\"},{\"@type\":\"Organization\",\"@id\":\"https:\\\/\\\/matis.is\\\/#organization\",\"name\":\"Mat\u00eds ohf.\",\"url\":\"https:\\\/\\\/matis.is\\\/\",\"logo\":{\"@type\":\"ImageObject\",\"inLanguage\":\"en-GB\",\"@id\":\"https:\\\/\\\/matis.is\\\/#\\\/schema\\\/logo\\\/image\\\/\",\"url\":\"https:\\\/\\\/matis.is\\\/wp-content\\\/uploads\\\/2021\\\/02\\\/matis_logo_blatthvitt.png\",\"contentUrl\":\"https:\\\/\\\/matis.is\\\/wp-content\\\/uploads\\\/2021\\\/02\\\/matis_logo_blatthvitt.png\",\"width\":1507,\"height\":1507,\"caption\":\"Mat\u00eds ohf.\"},\"image\":{\"@id\":\"https:\\\/\\\/matis.is\\\/#\\\/schema\\\/logo\\\/image\\\/\"},\"sameAs\":[\"https:\\\/\\\/www.facebook.com\\\/matisiceland\",\"https:\\\/\\\/x.com\\\/matisiceland\",\"https:\\\/\\\/www.instagram.com\\\/matisiceland\\\/\",\"https:\\\/\\\/www.linkedin.com\\\/matisiceland\\\/\",\"https:\\\/\\\/www.youtube.com\\\/channel\\\/UCY-frt3uTqgVZW-DLjoo5bA\"]},{\"@type\":\"Person\",\"@id\":\"https:\\\/\\\/matis.is\\\/#\\\/schema\\\/person\\\/33b92c850c915c93e67f291e3381a49a\",\"name\":\"admin\",\"sameAs\":[\"https:\\\/\\\/matis.mareframe.eu\"],\"url\":\"https:\\\/\\\/matis.is\\\/en\\\/author\\\/thormodurmatis-is\\\/\"}]}<\/script>\n<!-- \/ Yoast SEO plugin. -->","yoast_head_json":{"title":"Important collaboration with the Faroe Islands - Mat\u00eds","robots":{"index":"index","follow":"follow","max-snippet":"max-snippet:-1","max-image-preview":"max-image-preview:large","max-video-preview":"max-video-preview:-1"},"canonical":"https:\/\/matis.is\/en\/frettir\/mikilvaegt-samstarf-vid-faereyjar\/","og_locale":"en_GB","og_type":"article","og_title":"Mikilv\u00e6gt samstarf vi\u00f0 F\u00e6reyjar - Mat\u00eds","og_description":"\u00der\u00edr starfsmenn Mat\u00eds voru \u00e1 fer\u00f0 \u00ed F\u00e6reyjum fyrir sk\u00f6mmu. \u00dear fr\u00e6ddust \u00feeir um matv\u00e6laframlei\u00f0slu og ranns\u00f3knir \u00ed eyjunum og [&hellip;]","og_url":"https:\/\/matis.is\/en\/frettir\/mikilvaegt-samstarf-vid-faereyjar\/","og_site_name":"Mat\u00eds","article_publisher":"https:\/\/www.facebook.com\/matisiceland","article_published_time":"2012-05-30T08:39:00+00:00","article_modified_time":"2021-08-10T08:42:43+00:00","og_image":[{"width":849,"height":309,"url":"https:\/\/matis.is\/wp-content\/uploads\/iStock_000019052257Small.jpg","type":"image\/jpeg"}],"author":"admin","twitter_card":"summary_large_image","twitter_creator":"@matisiceland","twitter_site":"@matisiceland","twitter_misc":{"Written by":"admin","Estimated reading time":"2 minutes"},"schema":{"@context":"https:\/\/schema.org","@graph":[{"@type":"Article","@id":"https:\/\/matis.is\/frettir\/mikilvaegt-samstarf-vid-faereyjar\/#article","isPartOf":{"@id":"https:\/\/matis.is\/frettir\/mikilvaegt-samstarf-vid-faereyjar\/"},"author":{"name":"admin","@id":"https:\/\/matis.is\/#\/schema\/person\/33b92c850c915c93e67f291e3381a49a"},"headline":"Mikilv\u00e6gt samstarf vi\u00f0 F\u00e6reyjar","datePublished":"2012-05-30T08:39:00+00:00","dateModified":"2021-08-10T08:42:43+00:00","mainEntityOfPage":{"@id":"https:\/\/matis.is\/frettir\/mikilvaegt-samstarf-vid-faereyjar\/"},"wordCount":310,"publisher":{"@id":"https:\/\/matis.is\/#organization"},"image":{"@id":"https:\/\/matis.is\/frettir\/mikilvaegt-samstarf-vid-faereyjar\/#primaryimage"},"thumbnailUrl":"https:\/\/matis.is\/wp-content\/uploads\/iStock_000019052257Small.jpg","articleSection":["Fr\u00e9ttir"],"inLanguage":"en-GB"},{"@type":"WebPage","@id":"https:\/\/matis.is\/frettir\/mikilvaegt-samstarf-vid-faereyjar\/","url":"https:\/\/matis.is\/frettir\/mikilvaegt-samstarf-vid-faereyjar\/","name":"Important collaboration with the Faroe Islands - Mat\u00eds","isPartOf":{"@id":"https:\/\/matis.is\/#website"},"primaryImageOfPage":{"@id":"https:\/\/matis.is\/frettir\/mikilvaegt-samstarf-vid-faereyjar\/#primaryimage"},"image":{"@id":"https:\/\/matis.is\/frettir\/mikilvaegt-samstarf-vid-faereyjar\/#primaryimage"},"thumbnailUrl":"https:\/\/matis.is\/wp-content\/uploads\/iStock_000019052257Small.jpg","datePublished":"2012-05-30T08:39:00+00:00","dateModified":"2021-08-10T08:42:43+00:00","breadcrumb":{"@id":"https:\/\/matis.is\/frettir\/mikilvaegt-samstarf-vid-faereyjar\/#breadcrumb"},"inLanguage":"en-GB","potentialAction":[{"@type":"ReadAction","target":["https:\/\/matis.is\/frettir\/mikilvaegt-samstarf-vid-faereyjar\/"]}]},{"@type":"ImageObject","inLanguage":"en-GB","@id":"https:\/\/matis.is\/frettir\/mikilvaegt-samstarf-vid-faereyjar\/#primaryimage","url":"https:\/\/matis.is\/wp-content\/uploads\/iStock_000019052257Small.jpg","contentUrl":"https:\/\/matis.is\/wp-content\/uploads\/iStock_000019052257Small.jpg","width":849,"height":309},{"@type":"BreadcrumbList","@id":"https:\/\/matis.is\/frettir\/mikilvaegt-samstarf-vid-faereyjar\/#breadcrumb","itemListElement":[{"@type":"ListItem","position":1,"name":"Home","item":"https:\/\/matis.is\/"},{"@type":"ListItem","position":2,"name":"Mikilv\u00e6gt samstarf vi\u00f0 F\u00e6reyjar"}]},{"@type":"WebSite","@id":"https:\/\/matis.is\/#website","url":"https:\/\/matis.is\/","name":"Mat\u00eds","description":"Value creation, food security and public health","publisher":{"@id":"https:\/\/matis.is\/#organization"},"potentialAction":[{"@type":"SearchAction","target":{"@type":"EntryPoint","urlTemplate":"https:\/\/matis.is\/?s={search_term_string}"},"query-input":{"@type":"PropertyValueSpecification","valueRequired":true,"valueName":"search_term_string"}}],"inLanguage":"en-GB"},{"@type":"Organization","@id":"https:\/\/matis.is\/#organization","name":"Mat\u00eds ohf.","url":"https:\/\/matis.is\/","logo":{"@type":"ImageObject","inLanguage":"en-GB","@id":"https:\/\/matis.is\/#\/schema\/logo\/image\/","url":"https:\/\/matis.is\/wp-content\/uploads\/2021\/02\/matis_logo_blatthvitt.png","contentUrl":"https:\/\/matis.is\/wp-content\/uploads\/2021\/02\/matis_logo_blatthvitt.png","width":1507,"height":1507,"caption":"Mat\u00eds ohf."},"image":{"@id":"https:\/\/matis.is\/#\/schema\/logo\/image\/"},"sameAs":["https:\/\/www.facebook.com\/matisiceland","https:\/\/x.com\/matisiceland","https:\/\/www.instagram.com\/matisiceland\/","https:\/\/www.linkedin.com\/matisiceland\/","https:\/\/www.youtube.com\/channel\/UCY-frt3uTqgVZW-DLjoo5bA"]},{"@type":"Person","@id":"https:\/\/matis.is\/#\/schema\/person\/33b92c850c915c93e67f291e3381a49a","name":"admin","sameAs":["https:\/\/matis.mareframe.eu"],"url":"https:\/\/matis.is\/en\/author\/thormodurmatis-is\/"}]}},"spectra_custom_meta":{"_edit_lock":["1628584964:5"],"_wp_old_date":["2021-08-10"],"_thumbnail_id":["40249"],"_wp_page_template":["templates\/template-cover.php"],"_edit_last":["5"],"tengilidur":[""],"_tengilidur":["field_5ef905e0538b2"],"_yoast_wpseo_primary_category":["1973"],"_yoast_wpseo_content_score":["30"],"_yoast_wpseo_estimated-reading-time-minutes":["2"],"wpmm_postgrid_views":["323"],"_uag_css_file_name":["uag-css-42055.css"],"_uag_page_assets":["a:9:{s:3:\"css\";s:263:\".uag-blocks-common-selector{z-index:var(--z-index-desktop) !important}@media (max-width: 976px){.uag-blocks-common-selector{z-index:var(--z-index-tablet) !important}}@media (max-width: 767px){.uag-blocks-common-selector{z-index:var(--z-index-mobile) !important}}\n\";s:2:\"js\";s:0:\"\";s:18:\"current_block_list\";a:7:{i:0;s:12:\"core\/heading\";i:1;s:14:\"core\/paragraph\";i:2;s:10:\"core\/image\";i:3;s:12:\"core\/buttons\";i:4;s:11:\"core\/button\";i:5;s:12:\"core\/columns\";i:6;s:11:\"core\/column\";}s:8:\"uag_flag\";b:0;s:11:\"uag_version\";s:10:\"1777300790\";s:6:\"gfonts\";a:0:{}s:10:\"gfonts_url\";s:0:\"\";s:12:\"gfonts_files\";a:0:{}s:14:\"uag_faq_layout\";b:0;}"]},"uagb_featured_image_src":{"full":["https:\/\/matis.is\/wp-content\/uploads\/iStock_000019052257Small.jpg",849,309,false],"thumbnail":["https:\/\/matis.is\/wp-content\/uploads\/iStock_000019052257Small-150x150.jpg",150,150,true],"medium":["https:\/\/matis.is\/wp-content\/uploads\/iStock_000019052257Small-300x109.jpg",300,109,true],"medium_large":["https:\/\/matis.is\/wp-content\/uploads\/iStock_000019052257Small-768x280.jpg",768,280,true],"large":["https:\/\/matis.is\/wp-content\/uploads\/iStock_000019052257Small.jpg",849,309,false],"1536x1536":["https:\/\/matis.is\/wp-content\/uploads\/iStock_000019052257Small.jpg",849,309,false],"2048x2048":["https:\/\/matis.is\/wp-content\/uploads\/iStock_000019052257Small.jpg",849,309,false],"trp-custom-language-flag":["https:\/\/matis.is\/wp-content\/uploads\/iStock_000019052257Small.jpg",18,7,false]},"uagb_author_info":{"display_name":"admin","author_link":"https:\/\/matis.is\/en\/author\/thormodurmatis-is\/"},"uagb_comment_info":0,"uagb_excerpt":"\u00der\u00edr starfsmenn Mat\u00eds voru \u00e1 fer\u00f0 \u00ed F\u00e6reyjum fyrir sk\u00f6mmu. \u00dear fr\u00e6ddust \u00feeir um matv\u00e6laframlei\u00f0slu og ranns\u00f3knir \u00ed eyjunum og [&hellip;]","_links":{"self":[{"href":"https:\/\/matis.is\/en\/wp-json\/wp\/v2\/posts\/42055","targetHints":{"allow":["GET"]}}],"collection":[{"href":"https:\/\/matis.is\/en\/wp-json\/wp\/v2\/posts"}],"about":[{"href":"https:\/\/matis.is\/en\/wp-json\/wp\/v2\/types\/post"}],"author":[{"embeddable":true,"href":"https:\/\/matis.is\/en\/wp-json\/wp\/v2\/users\/1"}],"replies":[{"embeddable":true,"href":"https:\/\/matis.is\/en\/wp-json\/wp\/v2\/comments?post=42055"}],"version-history":[{"count":1,"href":"https:\/\/matis.is\/en\/wp-json\/wp\/v2\/posts\/42055\/revisions"}],"predecessor-version":[{"id":42056,"href":"https:\/\/matis.is\/en\/wp-json\/wp\/v2\/posts\/42055\/revisions\/42056"}],"wp:featuredmedia":[{"embeddable":true,"href":"https:\/\/matis.is\/en\/wp-json\/wp\/v2\/media\/40249"}],"wp:attachment":[{"href":"https:\/\/matis.is\/en\/wp-json\/wp\/v2\/media?parent=42055"}],"wp:term":[{"taxonomy":"category","embeddable":true,"href":"https:\/\/matis.is\/en\/wp-json\/wp\/v2\/categories?post=42055"},{"taxonomy":"post_tag","embeddable":true,"href":"https:\/\/matis.is\/en\/wp-json\/wp\/v2\/tags?post=42055"}],"curies":[{"name":"wp","href":"https:\/\/api.w.org\/{rel}","templated":true}]}}