{"id":42138,"date":"2012-02-22T10:40:00","date_gmt":"2012-02-22T10:40:00","guid":{"rendered":"https:\/\/matis.is\/?p=42138"},"modified":"2021-08-10T10:41:53","modified_gmt":"2021-08-10T10:41:53","slug":"samstarf-natturustofunnar-og-matis-skilar-nyjum-hugsunum","status":"publish","type":"post","link":"https:\/\/matis.is\/en\/frettir\/samstarf-natturustofunnar-og-matis-skilar-nyjum-hugsunum\/","title":{"rendered":"The collaboration between N\u00e1tt\u00farustofan and Mat\u00eds brings new ideas"},"content":{"rendered":"<h4 class=\"wp-block-heading\">The collaboration between N\u00e1tt\u00farustofa Vestfjar\u00f0i and Mat\u00eds for research on the environmental issues of the coastal sea has undoubtedly resulted in new thoughts and approaches, according to \u00deorleif Eir\u00edksson, director of N\u00e1tt\u00farustofa Vestfjar\u00f0i.<\/h4>\n\n\n\n<p>\u00deorleifur says in a conversation with \u00datvegsbla\u00f0i\u00f0 that the collaboration shows the possibilities inherent in cluster collaboration such as the Icelandic Ocean Cluster.<\/p>\n\n\n\n<p>The research collaboration between N\u00e1tt\u00farustofa Vestfjar\u00f0i and Mat\u00eds has ranged from observations of optimal locations for aquaculture to what happens to organic residues such as eutrophication of bottom and sea. The collaboration began when N\u00e1tt\u00farustofa Vestfjar\u00f0i came to Mat\u00eds&#039; research regarding experiments with using light to delay the maturation of cod. N\u00e1tt\u00farustofan also participated in Mat\u00eds&#039; study of the environmental aspects of aquaculture that the company worked on with aquaculture companies in the Westfjords.<\/p>\n\n\n\n<p>Due to the collaboration, N\u00e1tt\u00farustofa Vestfjar\u00f0i has been able to increasingly develop various theories that can be generalized! from. The research has also produced results that are more useful to aquaculture than narrow service research. &quot;Since then, our collaboration has enabled N\u00e1tt\u00farustofa Vestfjar\u00f0i to move to pure academic basic research on the environmental issues of coastal waters in addition to consulting and service research for individual companies. Among other things, we have conducted research on what happens to organic excesses that are released into the environment and their impact on the marine environment. That project has developed into our largest collaborative project, &quot;says \u00deorleifur to \u00datvegsbla\u00f0i\u00f0.<br><br>New ideas and approaches have emerged as a result of the collaboration. &quot;When it comes to our projects, the main thing is to work on research that promotes environmentally friendly aquaculture. The research has since developed into larger projects where we are trying to understand these environmental issues in a larger whole. We were completing a basic research project we call \u201cBiosphere Life! a. &quot;This is a basic study of the tolerance limits of Icelandic fjords for organic pollution.&quot;<br><br>According to \u00deorleif, other research has been carried out in collaboration with Mat\u00eds, for example on the development of breeding pens and what attachments are attached to the pens. N\u00e1tt\u00farustofa Vestfjar\u00f0i, in collaboration with Mat\u00eds, is working on examining the combination of cod and mussels, but it is too early to report those results.<br><sub><br><em>This news is published on B\u00e6jarinn Besta&#039;s website, www.bb.is (asta (at) bb.is)<\/em><\/sub><\/p>","protected":false},"excerpt":{"rendered":"<p>Samstarf N\u00e1tt\u00farustofu Vestfjar\u00f0a og Mat\u00eds vegna ranns\u00f3kna \u00e1 umhverfism\u00e1lum strandsj\u00e1var hefur \u00e1n efa skila\u00f0 s\u00e9r \u00ed n\u00fdjum hugsunum og n\u00e1lgunum, [&hellip;]<\/p>\n","protected":false},"author":1,"featured_media":42139,"comment_status":"closed","ping_status":"closed","sticky":false,"template":"templates\/template-cover.php","format":"standard","meta":{"_acf_changed":false,"_uag_custom_page_level_css":"","site-sidebar-layout":"default","site-content-layout":"","ast-site-content-layout":"default","site-content-style":"default","site-sidebar-style":"default","ast-global-header-display":"","ast-banner-title-visibility":"","ast-main-header-display":"","ast-hfb-above-header-display":"","ast-hfb-below-header-display":"","ast-hfb-mobile-header-display":"","site-post-title":"","ast-breadcrumbs-content":"","ast-featured-img":"","footer-sml-layout":"","ast-disable-related-posts":"","theme-transparent-header-meta":"","adv-header-id-meta":"","stick-header-meta":"","header-above-stick-meta":"","header-main-stick-meta":"","header-below-stick-meta":"","astra-migrate-meta-layouts":"default","ast-page-background-enabled":"default","ast-page-background-meta":{"desktop":{"background-color":"var(--ast-global-color-5)","background-image":"","background-repeat":"repeat","background-position":"center center","background-size":"auto","background-attachment":"scroll","background-type":"","background-media":"","overlay-type":"","overlay-color":"","overlay-opacity":"","overlay-gradient":""},"tablet":{"background-color":"","background-image":"","background-repeat":"repeat","background-position":"center center","background-size":"auto","background-attachment":"scroll","background-type":"","background-media":"","overlay-type":"","overlay-color":"","overlay-opacity":"","overlay-gradient":""},"mobile":{"background-color":"","background-image":"","background-repeat":"repeat","background-position":"center center","background-size":"auto","background-attachment":"scroll","background-type":"","background-media":"","overlay-type":"","overlay-color":"","overlay-opacity":"","overlay-gradient":""}},"ast-content-background-meta":{"desktop":{"background-color":"var(--ast-global-color-4)","background-image":"","background-repeat":"repeat","background-position":"center center","background-size":"auto","background-attachment":"scroll","background-type":"","background-media":"","overlay-type":"","overlay-color":"","overlay-opacity":"","overlay-gradient":""},"tablet":{"background-color":"var(--ast-global-color-4)","background-image":"","background-repeat":"repeat","background-position":"center center","background-size":"auto","background-attachment":"scroll","background-type":"","background-media":"","overlay-type":"","overlay-color":"","overlay-opacity":"","overlay-gradient":""},"mobile":{"background-color":"var(--ast-global-color-4)","background-image":"","background-repeat":"repeat","background-position":"center center","background-size":"auto","background-attachment":"scroll","background-type":"","background-media":"","overlay-type":"","overlay-color":"","overlay-opacity":"","overlay-gradient":""}},"footnotes":""},"categories":[1973],"tags":[],"class_list":["post-42138","post","type-post","status-publish","format-standard","has-post-thumbnail","hentry","category-frettir"],"acf":[],"yoast_head":"<!-- This site is optimized with the Yoast SEO plugin v27.4 - https:\/\/yoast.com\/product\/yoast-seo-wordpress\/ -->\n<title>Samstarf N\u00e1tt\u00farustofunnar og Mat\u00eds skilar n\u00fdjum hugsunum - Mat\u00eds<\/title>\n<meta name=\"robots\" content=\"index, follow, max-snippet:-1, max-image-preview:large, max-video-preview:-1\" \/>\n<link rel=\"canonical\" href=\"https:\/\/matis.is\/en\/frettir\/samstarf-natturustofunnar-og-matis-skilar-nyjum-hugsunum\/\" \/>\n<meta property=\"og:locale\" content=\"en_GB\" \/>\n<meta property=\"og:type\" content=\"article\" \/>\n<meta property=\"og:title\" content=\"Samstarf N\u00e1tt\u00farustofunnar og Mat\u00eds skilar n\u00fdjum hugsunum - Mat\u00eds\" \/>\n<meta property=\"og:description\" content=\"Samstarf N\u00e1tt\u00farustofu Vestfjar\u00f0a og Mat\u00eds vegna ranns\u00f3kna \u00e1 umhverfism\u00e1lum strandsj\u00e1var hefur \u00e1n efa skila\u00f0 s\u00e9r \u00ed n\u00fdjum hugsunum og n\u00e1lgunum, [&hellip;]\" \/>\n<meta property=\"og:url\" content=\"https:\/\/matis.is\/en\/frettir\/samstarf-natturustofunnar-og-matis-skilar-nyjum-hugsunum\/\" \/>\n<meta property=\"og:site_name\" content=\"Mat\u00eds\" \/>\n<meta property=\"article:publisher\" content=\"https:\/\/www.facebook.com\/matisiceland\" \/>\n<meta property=\"article:published_time\" content=\"2012-02-22T10:40:00+00:00\" \/>\n<meta property=\"article:modified_time\" content=\"2021-08-10T10:41:53+00:00\" \/>\n<meta property=\"og:image\" content=\"https:\/\/matis.is\/wp-content\/uploads\/Natturustofa_Vestfjarda.jpg\" \/>\n\t<meta property=\"og:image:width\" content=\"184\" \/>\n\t<meta property=\"og:image:height\" content=\"67\" \/>\n\t<meta property=\"og:image:type\" content=\"image\/jpeg\" \/>\n<meta name=\"author\" content=\"admin\" \/>\n<meta name=\"twitter:card\" content=\"summary_large_image\" \/>\n<meta name=\"twitter:creator\" content=\"@matisiceland\" \/>\n<meta name=\"twitter:site\" content=\"@matisiceland\" \/>\n<meta name=\"twitter:label1\" content=\"Written by\" \/>\n\t<meta name=\"twitter:data1\" content=\"admin\" \/>\n\t<meta name=\"twitter:label2\" content=\"Estimated reading time\" \/>\n\t<meta name=\"twitter:data2\" content=\"2 minutes\" \/>\n<script type=\"application\/ld+json\" class=\"yoast-schema-graph\">{\"@context\":\"https:\\\/\\\/schema.org\",\"@graph\":[{\"@type\":\"Article\",\"@id\":\"https:\\\/\\\/matis.is\\\/en\\\/frettir\\\/samstarf-natturustofunnar-og-matis-skilar-nyjum-hugsunum\\\/#article\",\"isPartOf\":{\"@id\":\"https:\\\/\\\/matis.is\\\/en\\\/frettir\\\/samstarf-natturustofunnar-og-matis-skilar-nyjum-hugsunum\\\/\"},\"author\":{\"name\":\"admin\",\"@id\":\"https:\\\/\\\/matis.is\\\/#\\\/schema\\\/person\\\/33b92c850c915c93e67f291e3381a49a\"},\"headline\":\"Samstarf N\u00e1tt\u00farustofunnar og Mat\u00eds skilar n\u00fdjum hugsunum\",\"datePublished\":\"2012-02-22T10:40:00+00:00\",\"dateModified\":\"2021-08-10T10:41:53+00:00\",\"mainEntityOfPage\":{\"@id\":\"https:\\\/\\\/matis.is\\\/en\\\/frettir\\\/samstarf-natturustofunnar-og-matis-skilar-nyjum-hugsunum\\\/\"},\"wordCount\":465,\"publisher\":{\"@id\":\"https:\\\/\\\/matis.is\\\/#organization\"},\"image\":{\"@id\":\"https:\\\/\\\/matis.is\\\/en\\\/frettir\\\/samstarf-natturustofunnar-og-matis-skilar-nyjum-hugsunum\\\/#primaryimage\"},\"thumbnailUrl\":\"https:\\\/\\\/matis.is\\\/wp-content\\\/uploads\\\/Natturustofa_Vestfjarda.jpg\",\"articleSection\":[\"Fr\u00e9ttir\"],\"inLanguage\":\"en-GB\"},{\"@type\":\"WebPage\",\"@id\":\"https:\\\/\\\/matis.is\\\/en\\\/frettir\\\/samstarf-natturustofunnar-og-matis-skilar-nyjum-hugsunum\\\/\",\"url\":\"https:\\\/\\\/matis.is\\\/en\\\/frettir\\\/samstarf-natturustofunnar-og-matis-skilar-nyjum-hugsunum\\\/\",\"name\":\"Samstarf N\u00e1tt\u00farustofunnar og Mat\u00eds skilar n\u00fdjum hugsunum - Mat\u00eds\",\"isPartOf\":{\"@id\":\"https:\\\/\\\/matis.is\\\/#website\"},\"primaryImageOfPage\":{\"@id\":\"https:\\\/\\\/matis.is\\\/en\\\/frettir\\\/samstarf-natturustofunnar-og-matis-skilar-nyjum-hugsunum\\\/#primaryimage\"},\"image\":{\"@id\":\"https:\\\/\\\/matis.is\\\/en\\\/frettir\\\/samstarf-natturustofunnar-og-matis-skilar-nyjum-hugsunum\\\/#primaryimage\"},\"thumbnailUrl\":\"https:\\\/\\\/matis.is\\\/wp-content\\\/uploads\\\/Natturustofa_Vestfjarda.jpg\",\"datePublished\":\"2012-02-22T10:40:00+00:00\",\"dateModified\":\"2021-08-10T10:41:53+00:00\",\"breadcrumb\":{\"@id\":\"https:\\\/\\\/matis.is\\\/en\\\/frettir\\\/samstarf-natturustofunnar-og-matis-skilar-nyjum-hugsunum\\\/#breadcrumb\"},\"inLanguage\":\"en-GB\",\"potentialAction\":[{\"@type\":\"ReadAction\",\"target\":[\"https:\\\/\\\/matis.is\\\/en\\\/frettir\\\/samstarf-natturustofunnar-og-matis-skilar-nyjum-hugsunum\\\/\"]}]},{\"@type\":\"ImageObject\",\"inLanguage\":\"en-GB\",\"@id\":\"https:\\\/\\\/matis.is\\\/en\\\/frettir\\\/samstarf-natturustofunnar-og-matis-skilar-nyjum-hugsunum\\\/#primaryimage\",\"url\":\"https:\\\/\\\/matis.is\\\/wp-content\\\/uploads\\\/Natturustofa_Vestfjarda.jpg\",\"contentUrl\":\"https:\\\/\\\/matis.is\\\/wp-content\\\/uploads\\\/Natturustofa_Vestfjarda.jpg\",\"width\":184,\"height\":67},{\"@type\":\"BreadcrumbList\",\"@id\":\"https:\\\/\\\/matis.is\\\/en\\\/frettir\\\/samstarf-natturustofunnar-og-matis-skilar-nyjum-hugsunum\\\/#breadcrumb\",\"itemListElement\":[{\"@type\":\"ListItem\",\"position\":1,\"name\":\"Home\",\"item\":\"https:\\\/\\\/matis.is\\\/\"},{\"@type\":\"ListItem\",\"position\":2,\"name\":\"Samstarf N\u00e1tt\u00farustofunnar og Mat\u00eds skilar n\u00fdjum hugsunum\"}]},{\"@type\":\"WebSite\",\"@id\":\"https:\\\/\\\/matis.is\\\/#website\",\"url\":\"https:\\\/\\\/matis.is\\\/\",\"name\":\"Mat\u00eds\",\"description\":\"Ver\u00f0m\u00e6task\u00f6pun, matv\u00e6la\u00f6ryggi og l\u00fd\u00f0heilsa\",\"publisher\":{\"@id\":\"https:\\\/\\\/matis.is\\\/#organization\"},\"potentialAction\":[{\"@type\":\"SearchAction\",\"target\":{\"@type\":\"EntryPoint\",\"urlTemplate\":\"https:\\\/\\\/matis.is\\\/?s={search_term_string}\"},\"query-input\":{\"@type\":\"PropertyValueSpecification\",\"valueRequired\":true,\"valueName\":\"search_term_string\"}}],\"inLanguage\":\"en-GB\"},{\"@type\":\"Organization\",\"@id\":\"https:\\\/\\\/matis.is\\\/#organization\",\"name\":\"Mat\u00eds ohf.\",\"url\":\"https:\\\/\\\/matis.is\\\/\",\"logo\":{\"@type\":\"ImageObject\",\"inLanguage\":\"en-GB\",\"@id\":\"https:\\\/\\\/matis.is\\\/#\\\/schema\\\/logo\\\/image\\\/\",\"url\":\"https:\\\/\\\/matis.is\\\/wp-content\\\/uploads\\\/2021\\\/02\\\/matis_logo_blatthvitt.png\",\"contentUrl\":\"https:\\\/\\\/matis.is\\\/wp-content\\\/uploads\\\/2021\\\/02\\\/matis_logo_blatthvitt.png\",\"width\":1507,\"height\":1507,\"caption\":\"Mat\u00eds ohf.\"},\"image\":{\"@id\":\"https:\\\/\\\/matis.is\\\/#\\\/schema\\\/logo\\\/image\\\/\"},\"sameAs\":[\"https:\\\/\\\/www.facebook.com\\\/matisiceland\",\"https:\\\/\\\/x.com\\\/matisiceland\",\"https:\\\/\\\/www.instagram.com\\\/matisiceland\\\/\",\"https:\\\/\\\/www.linkedin.com\\\/matisiceland\\\/\",\"https:\\\/\\\/www.youtube.com\\\/channel\\\/UCY-frt3uTqgVZW-DLjoo5bA\"]},{\"@type\":\"Person\",\"@id\":\"https:\\\/\\\/matis.is\\\/#\\\/schema\\\/person\\\/33b92c850c915c93e67f291e3381a49a\",\"name\":\"admin\",\"sameAs\":[\"https:\\\/\\\/matis.mareframe.eu\"],\"url\":\"https:\\\/\\\/matis.is\\\/en\\\/author\\\/thormodurmatis-is\\\/\"}]}<\/script>\n<!-- \/ Yoast SEO plugin. -->","yoast_head_json":{"title":"The collaboration between N\u00e1tt\u00farustofan and Mat\u00eds brings new ideas - Mat\u00eds","robots":{"index":"index","follow":"follow","max-snippet":"max-snippet:-1","max-image-preview":"max-image-preview:large","max-video-preview":"max-video-preview:-1"},"canonical":"https:\/\/matis.is\/en\/frettir\/samstarf-natturustofunnar-og-matis-skilar-nyjum-hugsunum\/","og_locale":"en_GB","og_type":"article","og_title":"Samstarf N\u00e1tt\u00farustofunnar og Mat\u00eds skilar n\u00fdjum hugsunum - Mat\u00eds","og_description":"Samstarf N\u00e1tt\u00farustofu Vestfjar\u00f0a og Mat\u00eds vegna ranns\u00f3kna \u00e1 umhverfism\u00e1lum strandsj\u00e1var hefur \u00e1n efa skila\u00f0 s\u00e9r \u00ed n\u00fdjum hugsunum og n\u00e1lgunum, [&hellip;]","og_url":"https:\/\/matis.is\/en\/frettir\/samstarf-natturustofunnar-og-matis-skilar-nyjum-hugsunum\/","og_site_name":"Mat\u00eds","article_publisher":"https:\/\/www.facebook.com\/matisiceland","article_published_time":"2012-02-22T10:40:00+00:00","article_modified_time":"2021-08-10T10:41:53+00:00","og_image":[{"width":184,"height":67,"url":"https:\/\/matis.is\/wp-content\/uploads\/Natturustofa_Vestfjarda.jpg","type":"image\/jpeg"}],"author":"admin","twitter_card":"summary_large_image","twitter_creator":"@matisiceland","twitter_site":"@matisiceland","twitter_misc":{"Written by":"admin","Estimated reading time":"2 minutes"},"schema":{"@context":"https:\/\/schema.org","@graph":[{"@type":"Article","@id":"https:\/\/matis.is\/en\/frettir\/samstarf-natturustofunnar-og-matis-skilar-nyjum-hugsunum\/#article","isPartOf":{"@id":"https:\/\/matis.is\/en\/frettir\/samstarf-natturustofunnar-og-matis-skilar-nyjum-hugsunum\/"},"author":{"name":"admin","@id":"https:\/\/matis.is\/#\/schema\/person\/33b92c850c915c93e67f291e3381a49a"},"headline":"Samstarf N\u00e1tt\u00farustofunnar og Mat\u00eds skilar n\u00fdjum hugsunum","datePublished":"2012-02-22T10:40:00+00:00","dateModified":"2021-08-10T10:41:53+00:00","mainEntityOfPage":{"@id":"https:\/\/matis.is\/en\/frettir\/samstarf-natturustofunnar-og-matis-skilar-nyjum-hugsunum\/"},"wordCount":465,"publisher":{"@id":"https:\/\/matis.is\/#organization"},"image":{"@id":"https:\/\/matis.is\/en\/frettir\/samstarf-natturustofunnar-og-matis-skilar-nyjum-hugsunum\/#primaryimage"},"thumbnailUrl":"https:\/\/matis.is\/wp-content\/uploads\/Natturustofa_Vestfjarda.jpg","articleSection":["Fr\u00e9ttir"],"inLanguage":"en-GB"},{"@type":"WebPage","@id":"https:\/\/matis.is\/en\/frettir\/samstarf-natturustofunnar-og-matis-skilar-nyjum-hugsunum\/","url":"https:\/\/matis.is\/en\/frettir\/samstarf-natturustofunnar-og-matis-skilar-nyjum-hugsunum\/","name":"The collaboration between N\u00e1tt\u00farustofan and Mat\u00eds brings new ideas - Mat\u00eds","isPartOf":{"@id":"https:\/\/matis.is\/#website"},"primaryImageOfPage":{"@id":"https:\/\/matis.is\/en\/frettir\/samstarf-natturustofunnar-og-matis-skilar-nyjum-hugsunum\/#primaryimage"},"image":{"@id":"https:\/\/matis.is\/en\/frettir\/samstarf-natturustofunnar-og-matis-skilar-nyjum-hugsunum\/#primaryimage"},"thumbnailUrl":"https:\/\/matis.is\/wp-content\/uploads\/Natturustofa_Vestfjarda.jpg","datePublished":"2012-02-22T10:40:00+00:00","dateModified":"2021-08-10T10:41:53+00:00","breadcrumb":{"@id":"https:\/\/matis.is\/en\/frettir\/samstarf-natturustofunnar-og-matis-skilar-nyjum-hugsunum\/#breadcrumb"},"inLanguage":"en-GB","potentialAction":[{"@type":"ReadAction","target":["https:\/\/matis.is\/en\/frettir\/samstarf-natturustofunnar-og-matis-skilar-nyjum-hugsunum\/"]}]},{"@type":"ImageObject","inLanguage":"en-GB","@id":"https:\/\/matis.is\/en\/frettir\/samstarf-natturustofunnar-og-matis-skilar-nyjum-hugsunum\/#primaryimage","url":"https:\/\/matis.is\/wp-content\/uploads\/Natturustofa_Vestfjarda.jpg","contentUrl":"https:\/\/matis.is\/wp-content\/uploads\/Natturustofa_Vestfjarda.jpg","width":184,"height":67},{"@type":"BreadcrumbList","@id":"https:\/\/matis.is\/en\/frettir\/samstarf-natturustofunnar-og-matis-skilar-nyjum-hugsunum\/#breadcrumb","itemListElement":[{"@type":"ListItem","position":1,"name":"Home","item":"https:\/\/matis.is\/"},{"@type":"ListItem","position":2,"name":"Samstarf N\u00e1tt\u00farustofunnar og Mat\u00eds skilar n\u00fdjum hugsunum"}]},{"@type":"WebSite","@id":"https:\/\/matis.is\/#website","url":"https:\/\/matis.is\/","name":"Mat\u00eds","description":"Value creation, food security and public health","publisher":{"@id":"https:\/\/matis.is\/#organization"},"potentialAction":[{"@type":"SearchAction","target":{"@type":"EntryPoint","urlTemplate":"https:\/\/matis.is\/?s={search_term_string}"},"query-input":{"@type":"PropertyValueSpecification","valueRequired":true,"valueName":"search_term_string"}}],"inLanguage":"en-GB"},{"@type":"Organization","@id":"https:\/\/matis.is\/#organization","name":"Mat\u00eds ohf.","url":"https:\/\/matis.is\/","logo":{"@type":"ImageObject","inLanguage":"en-GB","@id":"https:\/\/matis.is\/#\/schema\/logo\/image\/","url":"https:\/\/matis.is\/wp-content\/uploads\/2021\/02\/matis_logo_blatthvitt.png","contentUrl":"https:\/\/matis.is\/wp-content\/uploads\/2021\/02\/matis_logo_blatthvitt.png","width":1507,"height":1507,"caption":"Mat\u00eds ohf."},"image":{"@id":"https:\/\/matis.is\/#\/schema\/logo\/image\/"},"sameAs":["https:\/\/www.facebook.com\/matisiceland","https:\/\/x.com\/matisiceland","https:\/\/www.instagram.com\/matisiceland\/","https:\/\/www.linkedin.com\/matisiceland\/","https:\/\/www.youtube.com\/channel\/UCY-frt3uTqgVZW-DLjoo5bA"]},{"@type":"Person","@id":"https:\/\/matis.is\/#\/schema\/person\/33b92c850c915c93e67f291e3381a49a","name":"admin","sameAs":["https:\/\/matis.mareframe.eu"],"url":"https:\/\/matis.is\/en\/author\/thormodurmatis-is\/"}]}},"spectra_custom_meta":{"_edit_lock":["1628592113:5"],"_wp_old_date":["2021-08-10"],"_thumbnail_id":["42139"],"_wp_page_template":["templates\/template-cover.php"],"_edit_last":["5"],"tengilidur":[""],"_tengilidur":["field_5ef905e0538b2"],"_yoast_wpseo_primary_category":["1973"],"_yoast_wpseo_content_score":["30"],"_yoast_wpseo_estimated-reading-time-minutes":["2"],"wpmm_postgrid_views":["383"],"_uag_css_file_name":["uag-css-42138.css"],"_uag_page_assets":["a:9:{s:3:\"css\";s:263:\".uag-blocks-common-selector{z-index:var(--z-index-desktop) !important}@media (max-width: 976px){.uag-blocks-common-selector{z-index:var(--z-index-tablet) !important}}@media (max-width: 767px){.uag-blocks-common-selector{z-index:var(--z-index-mobile) !important}}\n\";s:2:\"js\";s:0:\"\";s:18:\"current_block_list\";a:6:{i:0;s:12:\"core\/heading\";i:1;s:14:\"core\/paragraph\";i:2;s:12:\"core\/buttons\";i:3;s:11:\"core\/button\";i:4;s:12:\"core\/columns\";i:5;s:11:\"core\/column\";}s:8:\"uag_flag\";b:0;s:11:\"uag_version\";s:10:\"1777040860\";s:6:\"gfonts\";a:0:{}s:10:\"gfonts_url\";s:0:\"\";s:12:\"gfonts_files\";a:0:{}s:14:\"uag_faq_layout\";b:0;}"]},"uagb_featured_image_src":{"full":["https:\/\/matis.is\/wp-content\/uploads\/Natturustofa_Vestfjarda.jpg",184,67,false],"thumbnail":["https:\/\/matis.is\/wp-content\/uploads\/Natturustofa_Vestfjarda-150x67.jpg",150,67,true],"medium":["https:\/\/matis.is\/wp-content\/uploads\/Natturustofa_Vestfjarda.jpg",184,67,false],"medium_large":["https:\/\/matis.is\/wp-content\/uploads\/Natturustofa_Vestfjarda.jpg",184,67,false],"large":["https:\/\/matis.is\/wp-content\/uploads\/Natturustofa_Vestfjarda.jpg",184,67,false],"1536x1536":["https:\/\/matis.is\/wp-content\/uploads\/Natturustofa_Vestfjarda.jpg",184,67,false],"2048x2048":["https:\/\/matis.is\/wp-content\/uploads\/Natturustofa_Vestfjarda.jpg",184,67,false],"trp-custom-language-flag":["https:\/\/matis.is\/wp-content\/uploads\/Natturustofa_Vestfjarda.jpg",18,7,false]},"uagb_author_info":{"display_name":"admin","author_link":"https:\/\/matis.is\/en\/author\/thormodurmatis-is\/"},"uagb_comment_info":0,"uagb_excerpt":"Samstarf N\u00e1tt\u00farustofu Vestfjar\u00f0a og Mat\u00eds vegna ranns\u00f3kna \u00e1 umhverfism\u00e1lum strandsj\u00e1var hefur \u00e1n efa skila\u00f0 s\u00e9r \u00ed n\u00fdjum hugsunum og n\u00e1lgunum, [&hellip;]","_links":{"self":[{"href":"https:\/\/matis.is\/en\/wp-json\/wp\/v2\/posts\/42138","targetHints":{"allow":["GET"]}}],"collection":[{"href":"https:\/\/matis.is\/en\/wp-json\/wp\/v2\/posts"}],"about":[{"href":"https:\/\/matis.is\/en\/wp-json\/wp\/v2\/types\/post"}],"author":[{"embeddable":true,"href":"https:\/\/matis.is\/en\/wp-json\/wp\/v2\/users\/1"}],"replies":[{"embeddable":true,"href":"https:\/\/matis.is\/en\/wp-json\/wp\/v2\/comments?post=42138"}],"version-history":[{"count":1,"href":"https:\/\/matis.is\/en\/wp-json\/wp\/v2\/posts\/42138\/revisions"}],"predecessor-version":[{"id":42140,"href":"https:\/\/matis.is\/en\/wp-json\/wp\/v2\/posts\/42138\/revisions\/42140"}],"wp:featuredmedia":[{"embeddable":true,"href":"https:\/\/matis.is\/en\/wp-json\/wp\/v2\/media\/42139"}],"wp:attachment":[{"href":"https:\/\/matis.is\/en\/wp-json\/wp\/v2\/media?parent=42138"}],"wp:term":[{"taxonomy":"category","embeddable":true,"href":"https:\/\/matis.is\/en\/wp-json\/wp\/v2\/categories?post=42138"},{"taxonomy":"post_tag","embeddable":true,"href":"https:\/\/matis.is\/en\/wp-json\/wp\/v2\/tags?post=42138"}],"curies":[{"name":"wp","href":"https:\/\/api.w.org\/{rel}","templated":true}]}}