{"id":42714,"date":"2010-09-15T09:36:00","date_gmt":"2010-09-15T09:36:00","guid":{"rendered":"https:\/\/matis.is\/?p=42714"},"modified":"2021-08-23T09:37:25","modified_gmt":"2021-08-23T09:37:25","slug":"ny-skyrsla-matis-mengun-thungmalma-og-annarra-eiturefna-i-hafinu-umhverfis-landid-er-almennt-vel-undir-althjodlegum-vidmidunarmorkum","status":"publish","type":"post","link":"https:\/\/matis.is\/en\/frettir\/ny-skyrsla-matis-mengun-thungmalma-og-annarra-eiturefna-i-hafinu-umhverfis-landid-er-almennt-vel-undir-althjodlegum-vidmidunarmorkum\/","title":{"rendered":"Mat\u00eds new report - pollution of heavy metals and other toxins in the sea around the country is generally well below international standards"},"content":{"rendered":"<h4 class=\"wp-block-heading\">Pollution of heavy metals and other toxins in the sea around the country is generally well below international standards, as stated in Mat\u00eds&#039; new report on changes in the marine environment around the country (<a target=\"_blank\" href=\"https:\/\/gamla.matis.is\/media\/matis\/utgafa\/30-10-AMSUM-2009.pdf\" rel=\"noreferrer noopener\">AMSUM 2009<\/a>).<\/h4>\n\n\n\n<p>The concentration of cadmium in Icelandic mussels, however, is higher than is generally the case in mussels from the waters of Europe and America.<\/p>\n\n\n\n<p>Since 1989, an annual monitoring project of pollutants in the marine environment of Iceland has been underway. The project is funded by the Ministry of the Environment, the Ministry of Fisheries and Agriculture and Mat\u00eds ohf. The Environment Agency is the project&#039;s administrator.<\/p>\n\n\n\n<p>Various pollutants in the ocean can enter marine organisms or organisms that feed on seafood. In many cases, this pollution is man-made and there is growing concern about this development. Pollutants are transported by air and sea currents from mainland Europe and America as well as pollution from Iceland. It is therefore important to monitor the amount of pollutants in Iceland, both in the environment and in the organisms that live in the country. It is also important to be able to compare the state of the marine life around Iceland with the situation in other countries, not least because of the importance of marine products to the nation.<\/p>\n\n\n\n<p>In Mat\u00eds&#039; report (<a target=\"_blank\" href=\"http:\/\/www.matis.is\/media\/matis\/utgafa\/30-10-AMSUM-2009.pdf\" rel=\"noreferrer noopener\">Monitoring of the marine biosphere around Iceland in 2008 - 2009<\/a>) are the results of the monitoring project for the years 2008 and 2009. The study measures the trace elements lead, cadmium, mercury, copper and zinc, arsenic and selenium, the persistent organic pollutants HCH, HCB, PCB, chloride,&nbsp;<em>trans<\/em>-nonachlor, toxaphen, DDT and PBDE. The aim of the monitoring project is to identify changes that may occur in the concentration of trace elements in the marine environment around the country during a certain period and between different ocean and coastal areas. Among other things, the research is important for the sale of Icelandic seafood in both domestic and foreign markets, where it can be demonstrated with scientific data that Icelandic fish is caught in an unpolluted environment.<br><br>The report states that the concentration of heavy metals such as mercury is very low. However, the concentration of cadmium has sometimes been higher in the marine environment in Iceland than in more southerly areas. However, the amount of cadmium is low in the organisms studied, for example in the range of 0.1-1 mg \/ kg in mussels. The high concentration of cadmium in Iceland is regional and is considered to have natural causes as there is no evidence of man-made cadmium pollution. Thus, for example, cadmium levels in mussels have been higher in recent years in various places that are far from residential areas and commercial activities, such as in Mj\u00f3afj\u00f6r\u00f0ur, than in Hvalfj\u00f6r\u00f0ur and Straumsv\u00edk. Persistent organic pollutants are low in mussels and cod in Iceland.<\/p>\n\n\n\n<p>For further information, please contact Helga Gunnlaugsd\u00f3ttir and Hr\u00f6nn \u00d3l\u00edna J\u00f6rundsd\u00f3ttir at Mat\u00eds.<\/p>","protected":false},"excerpt":{"rendered":"<p>Mengun \u00feungm\u00e1lma og annarra eiturefna \u00ed hafinu umhverfis landi\u00f0 er almennt vel undir al\u00fej\u00f3\u00f0legum vi\u00f0mi\u00f0unarm\u00f6rkum, eins og fram kemur \u00ed [&hellip;]<\/p>\n","protected":false},"author":1,"featured_media":42248,"comment_status":"closed","ping_status":"closed","sticky":false,"template":"templates\/template-cover.php","format":"standard","meta":{"_acf_changed":false,"_uag_custom_page_level_css":"","site-sidebar-layout":"default","site-content-layout":"","ast-site-content-layout":"default","site-content-style":"default","site-sidebar-style":"default","ast-global-header-display":"","ast-banner-title-visibility":"","ast-main-header-display":"","ast-hfb-above-header-display":"","ast-hfb-below-header-display":"","ast-hfb-mobile-header-display":"","site-post-title":"","ast-breadcrumbs-content":"","ast-featured-img":"","footer-sml-layout":"","ast-disable-related-posts":"","theme-transparent-header-meta":"","adv-header-id-meta":"","stick-header-meta":"","header-above-stick-meta":"","header-main-stick-meta":"","header-below-stick-meta":"","astra-migrate-meta-layouts":"default","ast-page-background-enabled":"default","ast-page-background-meta":{"desktop":{"background-color":"var(--ast-global-color-5)","background-image":"","background-repeat":"repeat","background-position":"center center","background-size":"auto","background-attachment":"scroll","background-type":"","background-media":"","overlay-type":"","overlay-color":"","overlay-opacity":"","overlay-gradient":""},"tablet":{"background-color":"","background-image":"","background-repeat":"repeat","background-position":"center center","background-size":"auto","background-attachment":"scroll","background-type":"","background-media":"","overlay-type":"","overlay-color":"","overlay-opacity":"","overlay-gradient":""},"mobile":{"background-color":"","background-image":"","background-repeat":"repeat","background-position":"center center","background-size":"auto","background-attachment":"scroll","background-type":"","background-media":"","overlay-type":"","overlay-color":"","overlay-opacity":"","overlay-gradient":""}},"ast-content-background-meta":{"desktop":{"background-color":"var(--ast-global-color-4)","background-image":"","background-repeat":"repeat","background-position":"center center","background-size":"auto","background-attachment":"scroll","background-type":"","background-media":"","overlay-type":"","overlay-color":"","overlay-opacity":"","overlay-gradient":""},"tablet":{"background-color":"var(--ast-global-color-4)","background-image":"","background-repeat":"repeat","background-position":"center center","background-size":"auto","background-attachment":"scroll","background-type":"","background-media":"","overlay-type":"","overlay-color":"","overlay-opacity":"","overlay-gradient":""},"mobile":{"background-color":"var(--ast-global-color-4)","background-image":"","background-repeat":"repeat","background-position":"center center","background-size":"auto","background-attachment":"scroll","background-type":"","background-media":"","overlay-type":"","overlay-color":"","overlay-opacity":"","overlay-gradient":""}},"footnotes":""},"categories":[1973],"tags":[],"class_list":["post-42714","post","type-post","status-publish","format-standard","has-post-thumbnail","hentry","category-frettir"],"acf":[],"yoast_head":"<!-- This site is optimized with the Yoast SEO plugin v27.4 - https:\/\/yoast.com\/product\/yoast-seo-wordpress\/ -->\n<title>N\u00fd sk\u00fdrsla Mat\u00eds - mengun \u00feungm\u00e1lma og annarra eiturefna \u00ed hafinu umhverfis landi\u00f0 er almennt vel undir al\u00fej\u00f3\u00f0legum vi\u00f0mi\u00f0unarm\u00f6rkum - Mat\u00eds<\/title>\n<meta name=\"robots\" content=\"index, follow, max-snippet:-1, max-image-preview:large, max-video-preview:-1\" \/>\n<link rel=\"canonical\" href=\"https:\/\/matis.is\/en\/frettir\/ny-skyrsla-matis-mengun-thungmalma-og-annarra-eiturefna-i-hafinu-umhverfis-landid-er-almennt-vel-undir-althjodlegum-vidmidunarmorkum\/\" \/>\n<meta property=\"og:locale\" content=\"en_GB\" \/>\n<meta property=\"og:type\" content=\"article\" \/>\n<meta property=\"og:title\" content=\"N\u00fd sk\u00fdrsla Mat\u00eds - mengun \u00feungm\u00e1lma og annarra eiturefna \u00ed hafinu umhverfis landi\u00f0 er almennt vel undir al\u00fej\u00f3\u00f0legum vi\u00f0mi\u00f0unarm\u00f6rkum - Mat\u00eds\" \/>\n<meta property=\"og:description\" content=\"Mengun \u00feungm\u00e1lma og annarra eiturefna \u00ed hafinu umhverfis landi\u00f0 er almennt vel undir al\u00fej\u00f3\u00f0legum vi\u00f0mi\u00f0unarm\u00f6rkum, eins og fram kemur \u00ed [&hellip;]\" \/>\n<meta property=\"og:url\" content=\"https:\/\/matis.is\/en\/frettir\/ny-skyrsla-matis-mengun-thungmalma-og-annarra-eiturefna-i-hafinu-umhverfis-landid-er-almennt-vel-undir-althjodlegum-vidmidunarmorkum\/\" \/>\n<meta property=\"og:site_name\" content=\"Mat\u00eds\" \/>\n<meta property=\"article:publisher\" content=\"https:\/\/www.facebook.com\/matisiceland\" \/>\n<meta property=\"article:published_time\" content=\"2010-09-15T09:36:00+00:00\" \/>\n<meta property=\"article:modified_time\" content=\"2021-08-23T09:37:25+00:00\" \/>\n<meta property=\"og:image\" content=\"https:\/\/matis.is\/wp-content\/uploads\/Sigurfari-GK-138-455.jpg\" \/>\n\t<meta property=\"og:image:width\" content=\"1155\" \/>\n\t<meta property=\"og:image:height\" content=\"420\" \/>\n\t<meta property=\"og:image:type\" content=\"image\/jpeg\" \/>\n<meta name=\"author\" content=\"admin\" \/>\n<meta name=\"twitter:card\" content=\"summary_large_image\" \/>\n<meta name=\"twitter:creator\" content=\"@matisiceland\" \/>\n<meta name=\"twitter:site\" content=\"@matisiceland\" \/>\n<meta name=\"twitter:label1\" content=\"Written by\" \/>\n\t<meta name=\"twitter:data1\" content=\"admin\" \/>\n\t<meta name=\"twitter:label2\" content=\"Estimated reading time\" \/>\n\t<meta name=\"twitter:data2\" content=\"2 minutes\" \/>\n<script type=\"application\/ld+json\" class=\"yoast-schema-graph\">{\"@context\":\"https:\\\/\\\/schema.org\",\"@graph\":[{\"@type\":\"Article\",\"@id\":\"https:\\\/\\\/matis.is\\\/en\\\/frettir\\\/ny-skyrsla-matis-mengun-thungmalma-og-annarra-eiturefna-i-hafinu-umhverfis-landid-er-almennt-vel-undir-althjodlegum-vidmidunarmorkum\\\/#article\",\"isPartOf\":{\"@id\":\"https:\\\/\\\/matis.is\\\/en\\\/frettir\\\/ny-skyrsla-matis-mengun-thungmalma-og-annarra-eiturefna-i-hafinu-umhverfis-landid-er-almennt-vel-undir-althjodlegum-vidmidunarmorkum\\\/\"},\"author\":{\"name\":\"admin\",\"@id\":\"https:\\\/\\\/matis.is\\\/#\\\/schema\\\/person\\\/33b92c850c915c93e67f291e3381a49a\"},\"headline\":\"N\u00fd sk\u00fdrsla Mat\u00eds &#8211; mengun \u00feungm\u00e1lma og annarra eiturefna \u00ed hafinu umhverfis landi\u00f0 er almennt vel undir al\u00fej\u00f3\u00f0legum vi\u00f0mi\u00f0unarm\u00f6rkum\",\"datePublished\":\"2010-09-15T09:36:00+00:00\",\"dateModified\":\"2021-08-23T09:37:25+00:00\",\"mainEntityOfPage\":{\"@id\":\"https:\\\/\\\/matis.is\\\/en\\\/frettir\\\/ny-skyrsla-matis-mengun-thungmalma-og-annarra-eiturefna-i-hafinu-umhverfis-landid-er-almennt-vel-undir-althjodlegum-vidmidunarmorkum\\\/\"},\"wordCount\":549,\"publisher\":{\"@id\":\"https:\\\/\\\/matis.is\\\/#organization\"},\"image\":{\"@id\":\"https:\\\/\\\/matis.is\\\/en\\\/frettir\\\/ny-skyrsla-matis-mengun-thungmalma-og-annarra-eiturefna-i-hafinu-umhverfis-landid-er-almennt-vel-undir-althjodlegum-vidmidunarmorkum\\\/#primaryimage\"},\"thumbnailUrl\":\"https:\\\/\\\/matis.is\\\/wp-content\\\/uploads\\\/Sigurfari-GK-138-455.jpg\",\"articleSection\":[\"Fr\u00e9ttir\"],\"inLanguage\":\"en-GB\"},{\"@type\":\"WebPage\",\"@id\":\"https:\\\/\\\/matis.is\\\/en\\\/frettir\\\/ny-skyrsla-matis-mengun-thungmalma-og-annarra-eiturefna-i-hafinu-umhverfis-landid-er-almennt-vel-undir-althjodlegum-vidmidunarmorkum\\\/\",\"url\":\"https:\\\/\\\/matis.is\\\/en\\\/frettir\\\/ny-skyrsla-matis-mengun-thungmalma-og-annarra-eiturefna-i-hafinu-umhverfis-landid-er-almennt-vel-undir-althjodlegum-vidmidunarmorkum\\\/\",\"name\":\"N\u00fd sk\u00fdrsla Mat\u00eds - mengun \u00feungm\u00e1lma og annarra eiturefna \u00ed hafinu umhverfis landi\u00f0 er almennt vel undir al\u00fej\u00f3\u00f0legum vi\u00f0mi\u00f0unarm\u00f6rkum - Mat\u00eds\",\"isPartOf\":{\"@id\":\"https:\\\/\\\/matis.is\\\/#website\"},\"primaryImageOfPage\":{\"@id\":\"https:\\\/\\\/matis.is\\\/en\\\/frettir\\\/ny-skyrsla-matis-mengun-thungmalma-og-annarra-eiturefna-i-hafinu-umhverfis-landid-er-almennt-vel-undir-althjodlegum-vidmidunarmorkum\\\/#primaryimage\"},\"image\":{\"@id\":\"https:\\\/\\\/matis.is\\\/en\\\/frettir\\\/ny-skyrsla-matis-mengun-thungmalma-og-annarra-eiturefna-i-hafinu-umhverfis-landid-er-almennt-vel-undir-althjodlegum-vidmidunarmorkum\\\/#primaryimage\"},\"thumbnailUrl\":\"https:\\\/\\\/matis.is\\\/wp-content\\\/uploads\\\/Sigurfari-GK-138-455.jpg\",\"datePublished\":\"2010-09-15T09:36:00+00:00\",\"dateModified\":\"2021-08-23T09:37:25+00:00\",\"breadcrumb\":{\"@id\":\"https:\\\/\\\/matis.is\\\/en\\\/frettir\\\/ny-skyrsla-matis-mengun-thungmalma-og-annarra-eiturefna-i-hafinu-umhverfis-landid-er-almennt-vel-undir-althjodlegum-vidmidunarmorkum\\\/#breadcrumb\"},\"inLanguage\":\"en-GB\",\"potentialAction\":[{\"@type\":\"ReadAction\",\"target\":[\"https:\\\/\\\/matis.is\\\/en\\\/frettir\\\/ny-skyrsla-matis-mengun-thungmalma-og-annarra-eiturefna-i-hafinu-umhverfis-landid-er-almennt-vel-undir-althjodlegum-vidmidunarmorkum\\\/\"]}]},{\"@type\":\"ImageObject\",\"inLanguage\":\"en-GB\",\"@id\":\"https:\\\/\\\/matis.is\\\/en\\\/frettir\\\/ny-skyrsla-matis-mengun-thungmalma-og-annarra-eiturefna-i-hafinu-umhverfis-landid-er-almennt-vel-undir-althjodlegum-vidmidunarmorkum\\\/#primaryimage\",\"url\":\"https:\\\/\\\/matis.is\\\/wp-content\\\/uploads\\\/Sigurfari-GK-138-455.jpg\",\"contentUrl\":\"https:\\\/\\\/matis.is\\\/wp-content\\\/uploads\\\/Sigurfari-GK-138-455.jpg\",\"width\":1155,\"height\":420},{\"@type\":\"BreadcrumbList\",\"@id\":\"https:\\\/\\\/matis.is\\\/en\\\/frettir\\\/ny-skyrsla-matis-mengun-thungmalma-og-annarra-eiturefna-i-hafinu-umhverfis-landid-er-almennt-vel-undir-althjodlegum-vidmidunarmorkum\\\/#breadcrumb\",\"itemListElement\":[{\"@type\":\"ListItem\",\"position\":1,\"name\":\"Home\",\"item\":\"https:\\\/\\\/matis.is\\\/\"},{\"@type\":\"ListItem\",\"position\":2,\"name\":\"N\u00fd sk\u00fdrsla Mat\u00eds &#8211; mengun \u00feungm\u00e1lma og annarra eiturefna \u00ed hafinu umhverfis landi\u00f0 er almennt vel undir al\u00fej\u00f3\u00f0legum vi\u00f0mi\u00f0unarm\u00f6rkum\"}]},{\"@type\":\"WebSite\",\"@id\":\"https:\\\/\\\/matis.is\\\/#website\",\"url\":\"https:\\\/\\\/matis.is\\\/\",\"name\":\"Mat\u00eds\",\"description\":\"Ver\u00f0m\u00e6task\u00f6pun, matv\u00e6la\u00f6ryggi og l\u00fd\u00f0heilsa\",\"publisher\":{\"@id\":\"https:\\\/\\\/matis.is\\\/#organization\"},\"potentialAction\":[{\"@type\":\"SearchAction\",\"target\":{\"@type\":\"EntryPoint\",\"urlTemplate\":\"https:\\\/\\\/matis.is\\\/?s={search_term_string}\"},\"query-input\":{\"@type\":\"PropertyValueSpecification\",\"valueRequired\":true,\"valueName\":\"search_term_string\"}}],\"inLanguage\":\"en-GB\"},{\"@type\":\"Organization\",\"@id\":\"https:\\\/\\\/matis.is\\\/#organization\",\"name\":\"Mat\u00eds ohf.\",\"url\":\"https:\\\/\\\/matis.is\\\/\",\"logo\":{\"@type\":\"ImageObject\",\"inLanguage\":\"en-GB\",\"@id\":\"https:\\\/\\\/matis.is\\\/#\\\/schema\\\/logo\\\/image\\\/\",\"url\":\"https:\\\/\\\/matis.is\\\/wp-content\\\/uploads\\\/2021\\\/02\\\/matis_logo_blatthvitt.png\",\"contentUrl\":\"https:\\\/\\\/matis.is\\\/wp-content\\\/uploads\\\/2021\\\/02\\\/matis_logo_blatthvitt.png\",\"width\":1507,\"height\":1507,\"caption\":\"Mat\u00eds ohf.\"},\"image\":{\"@id\":\"https:\\\/\\\/matis.is\\\/#\\\/schema\\\/logo\\\/image\\\/\"},\"sameAs\":[\"https:\\\/\\\/www.facebook.com\\\/matisiceland\",\"https:\\\/\\\/x.com\\\/matisiceland\",\"https:\\\/\\\/www.instagram.com\\\/matisiceland\\\/\",\"https:\\\/\\\/www.linkedin.com\\\/matisiceland\\\/\",\"https:\\\/\\\/www.youtube.com\\\/channel\\\/UCY-frt3uTqgVZW-DLjoo5bA\"]},{\"@type\":\"Person\",\"@id\":\"https:\\\/\\\/matis.is\\\/#\\\/schema\\\/person\\\/33b92c850c915c93e67f291e3381a49a\",\"name\":\"admin\",\"sameAs\":[\"https:\\\/\\\/matis.mareframe.eu\"],\"url\":\"https:\\\/\\\/matis.is\\\/en\\\/author\\\/thormodurmatis-is\\\/\"}]}<\/script>\n<!-- \/ Yoast SEO plugin. -->","yoast_head_json":{"title":"Mat\u00eds new report - pollution of heavy metals and other toxins in the sea around the country is generally well below international standards - Mat\u00eds","robots":{"index":"index","follow":"follow","max-snippet":"max-snippet:-1","max-image-preview":"max-image-preview:large","max-video-preview":"max-video-preview:-1"},"canonical":"https:\/\/matis.is\/en\/frettir\/ny-skyrsla-matis-mengun-thungmalma-og-annarra-eiturefna-i-hafinu-umhverfis-landid-er-almennt-vel-undir-althjodlegum-vidmidunarmorkum\/","og_locale":"en_GB","og_type":"article","og_title":"N\u00fd sk\u00fdrsla Mat\u00eds - mengun \u00feungm\u00e1lma og annarra eiturefna \u00ed hafinu umhverfis landi\u00f0 er almennt vel undir al\u00fej\u00f3\u00f0legum vi\u00f0mi\u00f0unarm\u00f6rkum - Mat\u00eds","og_description":"Mengun \u00feungm\u00e1lma og annarra eiturefna \u00ed hafinu umhverfis landi\u00f0 er almennt vel undir al\u00fej\u00f3\u00f0legum vi\u00f0mi\u00f0unarm\u00f6rkum, eins og fram kemur \u00ed [&hellip;]","og_url":"https:\/\/matis.is\/en\/frettir\/ny-skyrsla-matis-mengun-thungmalma-og-annarra-eiturefna-i-hafinu-umhverfis-landid-er-almennt-vel-undir-althjodlegum-vidmidunarmorkum\/","og_site_name":"Mat\u00eds","article_publisher":"https:\/\/www.facebook.com\/matisiceland","article_published_time":"2010-09-15T09:36:00+00:00","article_modified_time":"2021-08-23T09:37:25+00:00","og_image":[{"width":1155,"height":420,"url":"https:\/\/matis.is\/wp-content\/uploads\/Sigurfari-GK-138-455.jpg","type":"image\/jpeg"}],"author":"admin","twitter_card":"summary_large_image","twitter_creator":"@matisiceland","twitter_site":"@matisiceland","twitter_misc":{"Written by":"admin","Estimated reading time":"2 minutes"},"schema":{"@context":"https:\/\/schema.org","@graph":[{"@type":"Article","@id":"https:\/\/matis.is\/en\/frettir\/ny-skyrsla-matis-mengun-thungmalma-og-annarra-eiturefna-i-hafinu-umhverfis-landid-er-almennt-vel-undir-althjodlegum-vidmidunarmorkum\/#article","isPartOf":{"@id":"https:\/\/matis.is\/en\/frettir\/ny-skyrsla-matis-mengun-thungmalma-og-annarra-eiturefna-i-hafinu-umhverfis-landid-er-almennt-vel-undir-althjodlegum-vidmidunarmorkum\/"},"author":{"name":"admin","@id":"https:\/\/matis.is\/#\/schema\/person\/33b92c850c915c93e67f291e3381a49a"},"headline":"N\u00fd sk\u00fdrsla Mat\u00eds &#8211; mengun \u00feungm\u00e1lma og annarra eiturefna \u00ed hafinu umhverfis landi\u00f0 er almennt vel undir al\u00fej\u00f3\u00f0legum vi\u00f0mi\u00f0unarm\u00f6rkum","datePublished":"2010-09-15T09:36:00+00:00","dateModified":"2021-08-23T09:37:25+00:00","mainEntityOfPage":{"@id":"https:\/\/matis.is\/en\/frettir\/ny-skyrsla-matis-mengun-thungmalma-og-annarra-eiturefna-i-hafinu-umhverfis-landid-er-almennt-vel-undir-althjodlegum-vidmidunarmorkum\/"},"wordCount":549,"publisher":{"@id":"https:\/\/matis.is\/#organization"},"image":{"@id":"https:\/\/matis.is\/en\/frettir\/ny-skyrsla-matis-mengun-thungmalma-og-annarra-eiturefna-i-hafinu-umhverfis-landid-er-almennt-vel-undir-althjodlegum-vidmidunarmorkum\/#primaryimage"},"thumbnailUrl":"https:\/\/matis.is\/wp-content\/uploads\/Sigurfari-GK-138-455.jpg","articleSection":["Fr\u00e9ttir"],"inLanguage":"en-GB"},{"@type":"WebPage","@id":"https:\/\/matis.is\/en\/frettir\/ny-skyrsla-matis-mengun-thungmalma-og-annarra-eiturefna-i-hafinu-umhverfis-landid-er-almennt-vel-undir-althjodlegum-vidmidunarmorkum\/","url":"https:\/\/matis.is\/en\/frettir\/ny-skyrsla-matis-mengun-thungmalma-og-annarra-eiturefna-i-hafinu-umhverfis-landid-er-almennt-vel-undir-althjodlegum-vidmidunarmorkum\/","name":"Mat\u00eds new report - pollution of heavy metals and other toxins in the sea around the country is generally well below international standards - Mat\u00eds","isPartOf":{"@id":"https:\/\/matis.is\/#website"},"primaryImageOfPage":{"@id":"https:\/\/matis.is\/en\/frettir\/ny-skyrsla-matis-mengun-thungmalma-og-annarra-eiturefna-i-hafinu-umhverfis-landid-er-almennt-vel-undir-althjodlegum-vidmidunarmorkum\/#primaryimage"},"image":{"@id":"https:\/\/matis.is\/en\/frettir\/ny-skyrsla-matis-mengun-thungmalma-og-annarra-eiturefna-i-hafinu-umhverfis-landid-er-almennt-vel-undir-althjodlegum-vidmidunarmorkum\/#primaryimage"},"thumbnailUrl":"https:\/\/matis.is\/wp-content\/uploads\/Sigurfari-GK-138-455.jpg","datePublished":"2010-09-15T09:36:00+00:00","dateModified":"2021-08-23T09:37:25+00:00","breadcrumb":{"@id":"https:\/\/matis.is\/en\/frettir\/ny-skyrsla-matis-mengun-thungmalma-og-annarra-eiturefna-i-hafinu-umhverfis-landid-er-almennt-vel-undir-althjodlegum-vidmidunarmorkum\/#breadcrumb"},"inLanguage":"en-GB","potentialAction":[{"@type":"ReadAction","target":["https:\/\/matis.is\/en\/frettir\/ny-skyrsla-matis-mengun-thungmalma-og-annarra-eiturefna-i-hafinu-umhverfis-landid-er-almennt-vel-undir-althjodlegum-vidmidunarmorkum\/"]}]},{"@type":"ImageObject","inLanguage":"en-GB","@id":"https:\/\/matis.is\/en\/frettir\/ny-skyrsla-matis-mengun-thungmalma-og-annarra-eiturefna-i-hafinu-umhverfis-landid-er-almennt-vel-undir-althjodlegum-vidmidunarmorkum\/#primaryimage","url":"https:\/\/matis.is\/wp-content\/uploads\/Sigurfari-GK-138-455.jpg","contentUrl":"https:\/\/matis.is\/wp-content\/uploads\/Sigurfari-GK-138-455.jpg","width":1155,"height":420},{"@type":"BreadcrumbList","@id":"https:\/\/matis.is\/en\/frettir\/ny-skyrsla-matis-mengun-thungmalma-og-annarra-eiturefna-i-hafinu-umhverfis-landid-er-almennt-vel-undir-althjodlegum-vidmidunarmorkum\/#breadcrumb","itemListElement":[{"@type":"ListItem","position":1,"name":"Home","item":"https:\/\/matis.is\/"},{"@type":"ListItem","position":2,"name":"N\u00fd sk\u00fdrsla Mat\u00eds &#8211; mengun \u00feungm\u00e1lma og annarra eiturefna \u00ed hafinu umhverfis landi\u00f0 er almennt vel undir al\u00fej\u00f3\u00f0legum vi\u00f0mi\u00f0unarm\u00f6rkum"}]},{"@type":"WebSite","@id":"https:\/\/matis.is\/#website","url":"https:\/\/matis.is\/","name":"Mat\u00eds","description":"Value creation, food security and public health","publisher":{"@id":"https:\/\/matis.is\/#organization"},"potentialAction":[{"@type":"SearchAction","target":{"@type":"EntryPoint","urlTemplate":"https:\/\/matis.is\/?s={search_term_string}"},"query-input":{"@type":"PropertyValueSpecification","valueRequired":true,"valueName":"search_term_string"}}],"inLanguage":"en-GB"},{"@type":"Organization","@id":"https:\/\/matis.is\/#organization","name":"Mat\u00eds ohf.","url":"https:\/\/matis.is\/","logo":{"@type":"ImageObject","inLanguage":"en-GB","@id":"https:\/\/matis.is\/#\/schema\/logo\/image\/","url":"https:\/\/matis.is\/wp-content\/uploads\/2021\/02\/matis_logo_blatthvitt.png","contentUrl":"https:\/\/matis.is\/wp-content\/uploads\/2021\/02\/matis_logo_blatthvitt.png","width":1507,"height":1507,"caption":"Mat\u00eds ohf."},"image":{"@id":"https:\/\/matis.is\/#\/schema\/logo\/image\/"},"sameAs":["https:\/\/www.facebook.com\/matisiceland","https:\/\/x.com\/matisiceland","https:\/\/www.instagram.com\/matisiceland\/","https:\/\/www.linkedin.com\/matisiceland\/","https:\/\/www.youtube.com\/channel\/UCY-frt3uTqgVZW-DLjoo5bA"]},{"@type":"Person","@id":"https:\/\/matis.is\/#\/schema\/person\/33b92c850c915c93e67f291e3381a49a","name":"admin","sameAs":["https:\/\/matis.mareframe.eu"],"url":"https:\/\/matis.is\/en\/author\/thormodurmatis-is\/"}]}},"spectra_custom_meta":{"_edit_lock":["1629711446:5"],"_wp_old_date":["2021-08-23"],"_thumbnail_id":["42248"],"_wp_page_template":["templates\/template-cover.php"],"_edit_last":["5"],"tengilidur":[""],"_tengilidur":["field_5ef905e0538b2"],"_yoast_wpseo_primary_category":["1973"],"_yoast_wpseo_content_score":["30"],"_yoast_wpseo_estimated-reading-time-minutes":["2"],"wpmm_postgrid_views":["306"],"_uag_css_file_name":["uag-css-42714.css"],"_uag_page_assets":["a:9:{s:3:\"css\";s:263:\".uag-blocks-common-selector{z-index:var(--z-index-desktop) !important}@media (max-width: 976px){.uag-blocks-common-selector{z-index:var(--z-index-tablet) !important}}@media (max-width: 767px){.uag-blocks-common-selector{z-index:var(--z-index-mobile) !important}}\n\";s:2:\"js\";s:0:\"\";s:18:\"current_block_list\";a:6:{i:0;s:12:\"core\/heading\";i:1;s:14:\"core\/paragraph\";i:2;s:12:\"core\/buttons\";i:3;s:11:\"core\/button\";i:4;s:12:\"core\/columns\";i:5;s:11:\"core\/column\";}s:8:\"uag_flag\";b:0;s:11:\"uag_version\";s:10:\"1777300790\";s:6:\"gfonts\";a:0:{}s:10:\"gfonts_url\";s:0:\"\";s:12:\"gfonts_files\";a:0:{}s:14:\"uag_faq_layout\";b:0;}"]},"uagb_featured_image_src":{"full":["https:\/\/matis.is\/wp-content\/uploads\/Sigurfari-GK-138-455.jpg",1155,420,false],"thumbnail":["https:\/\/matis.is\/wp-content\/uploads\/Sigurfari-GK-138-455-150x150.jpg",150,150,true],"medium":["https:\/\/matis.is\/wp-content\/uploads\/Sigurfari-GK-138-455-300x109.jpg",300,109,true],"medium_large":["https:\/\/matis.is\/wp-content\/uploads\/Sigurfari-GK-138-455-768x279.jpg",768,279,true],"large":["https:\/\/matis.is\/wp-content\/uploads\/Sigurfari-GK-138-455-1024x372.jpg",1024,372,true],"1536x1536":["https:\/\/matis.is\/wp-content\/uploads\/Sigurfari-GK-138-455.jpg",1155,420,false],"2048x2048":["https:\/\/matis.is\/wp-content\/uploads\/Sigurfari-GK-138-455.jpg",1155,420,false],"trp-custom-language-flag":["https:\/\/matis.is\/wp-content\/uploads\/Sigurfari-GK-138-455.jpg",18,7,false]},"uagb_author_info":{"display_name":"admin","author_link":"https:\/\/matis.is\/en\/author\/thormodurmatis-is\/"},"uagb_comment_info":0,"uagb_excerpt":"Mengun \u00feungm\u00e1lma og annarra eiturefna \u00ed hafinu umhverfis landi\u00f0 er almennt vel undir al\u00fej\u00f3\u00f0legum vi\u00f0mi\u00f0unarm\u00f6rkum, eins og fram kemur \u00ed [&hellip;]","_links":{"self":[{"href":"https:\/\/matis.is\/en\/wp-json\/wp\/v2\/posts\/42714","targetHints":{"allow":["GET"]}}],"collection":[{"href":"https:\/\/matis.is\/en\/wp-json\/wp\/v2\/posts"}],"about":[{"href":"https:\/\/matis.is\/en\/wp-json\/wp\/v2\/types\/post"}],"author":[{"embeddable":true,"href":"https:\/\/matis.is\/en\/wp-json\/wp\/v2\/users\/1"}],"replies":[{"embeddable":true,"href":"https:\/\/matis.is\/en\/wp-json\/wp\/v2\/comments?post=42714"}],"version-history":[{"count":1,"href":"https:\/\/matis.is\/en\/wp-json\/wp\/v2\/posts\/42714\/revisions"}],"predecessor-version":[{"id":42715,"href":"https:\/\/matis.is\/en\/wp-json\/wp\/v2\/posts\/42714\/revisions\/42715"}],"wp:featuredmedia":[{"embeddable":true,"href":"https:\/\/matis.is\/en\/wp-json\/wp\/v2\/media\/42248"}],"wp:attachment":[{"href":"https:\/\/matis.is\/en\/wp-json\/wp\/v2\/media?parent=42714"}],"wp:term":[{"taxonomy":"category","embeddable":true,"href":"https:\/\/matis.is\/en\/wp-json\/wp\/v2\/categories?post=42714"},{"taxonomy":"post_tag","embeddable":true,"href":"https:\/\/matis.is\/en\/wp-json\/wp\/v2\/tags?post=42714"}],"curies":[{"name":"wp","href":"https:\/\/api.w.org\/{rel}","templated":true}]}}