{"id":43004,"date":"2009-11-12T09:40:00","date_gmt":"2009-11-12T09:40:00","guid":{"rendered":"https:\/\/matis.is\/?p=43004"},"modified":"2021-09-05T16:54:09","modified_gmt":"2021-09-05T16:54:09","slug":"nordic-values-in-the-food-sector-matis-skipuleggur-norraena-radstefnu-15-17-nov-nk","status":"publish","type":"post","link":"https:\/\/matis.is\/en\/frettir\/nordic-values-in-the-food-sector-matis-skipuleggur-norraena-radstefnu-15-17-nov-nk\/","title":{"rendered":"Nordic Values in the Food Sector - Mat\u00eds is organizing a Nordic conference on 15-17. nov nk."},"content":{"rendered":"<h4 class=\"wp-block-heading\">The food industry plays an important role in the Nordic countries. In recent years, emphasis has been placed on the safety, sustainability, purity, hygiene and traceability of food produced in the area.<\/h4>\n\n\n\n<p class=\"wp-block-paragraph\">The conference will focus on these key issues in an era of growing international trade in raw materials and processed foods. The connection between food and the origins, culture and cuisine of the Nordic countries will also be discussed.<\/p>\n\n\n\n<p class=\"wp-block-paragraph\">Topics at the conference will include:<\/p>\n\n\n\n<ul class=\"wp-block-list\"><li>Food security in the world of globalization<\/li><li>Interaction between animal welfare, health and food analysis in the market<\/li><li>Innovation in the food sector<\/li><li>Nordic culture and identity vs. innovation<\/li><li>The position of the Nordic food industry and the potential of the world market<\/li><\/ul>\n\n\n\n<p class=\"wp-block-paragraph\">The aim is to provide an overview of the position of the Nordic food industry in terms of international security and innovation. Efforts will be made to define challenges and future opportunities for Nordic food.<\/p>\n\n\n\n<p class=\"wp-block-paragraph\">Deila neytendur og i\u00f0na\u00f0urinn \u00e1herslu yfirvalda \u00e1 <a href=\"https:\/\/matis.is\/en\/skyrsla\/hrognkelsakollagen-umhverfisvaen-afurd-sustainable-lumpfish-collagen\/\">sustainability<\/a>, g\u00e6\u00f0i, hreinleika, heilbrig\u00f0i og rekjanleika? Hva\u00f0a atri\u00f0i teljast mikilv\u00e6gust? Hvernig skynja neytendur skilabo\u00f0 um matv\u00e6la\u00f6ryggi? Hvernig geta Nor\u00f0url\u00f6nd lagt sitt af m\u00f6rkum \u00e1 al\u00fej\u00f3\u00f0avettvangi&nbsp;\u00ed framt\u00ed\u00f0inni&nbsp;hva\u00f0 snertir stj\u00f3rnun og n\u00fdtingu au\u00f0linda? Hvert eru al\u00fej\u00f3\u00f0legrir sta\u00f0lar a\u00f0 stefna og hvernig geta stefnum\u00f3tandi a\u00f0ilar og a\u00f0ilar \u00far i\u00f0na\u00f0inum haft \u00e1hrif \u00e1 \u00fe\u00e1? Eru r\u00edkisstj\u00f3rnir og einkafyrirt\u00e6ki \u00e1 Nor\u00f0url\u00f6ndunum a\u00f0 b\u00faa til t\u00e6knilegar hindranir vegna \u00e1herslna sinna \u00e1 hugt\u00f6k eins og \u00f6ryggi, hreinleika, heilsu, sj\u00e1lfb\u00e6rni og rekjanleika? Hva\u00f0a framt\u00ed\u00f0art\u00e6kif\u00e6ri og \u00e1skoranir standa frammi fyrir norr\u00e6num mat?<\/p>\n\n\n\n<p class=\"wp-block-paragraph\">Representatives from different stakeholders will discuss these issues from their point of view. The conference is intended for the food industry, scientists, consumer organizations, policy makers and the authorities. The results will be published on the conference website.<\/p>\n\n\n\n<p class=\"wp-block-paragraph\"><a target=\"_blank\" href=\"http:\/\/yourhost.is\/nordicvalues2009\" rel=\"noreferrer noopener\">Web Nordic Values in the Food Sector - The way forward in a global perspective<\/a><\/p>","protected":false},"excerpt":{"rendered":"<p>Matv\u00e6lai\u00f0na\u00f0urinn gegnir veigamiklu hlutverki \u00e1 Nor\u00f0url\u00f6ndum. \u00c1 s\u00ed\u00f0ustu \u00e1rum hefur \u00e1hersla veri\u00f0 l\u00f6g\u00f0 \u00e1 \u00f6ryggi, sj\u00e1lfb\u00e6rni, hreinleika, hollustu og rekjanleika [&hellip;]<\/p>\n","protected":false},"author":1,"featured_media":42412,"comment_status":"closed","ping_status":"closed","sticky":false,"template":"templates\/template-cover.php","format":"standard","meta":{"_acf_changed":false,"_uag_custom_page_level_css":"","site-sidebar-layout":"default","site-content-layout":"","ast-site-content-layout":"default","site-content-style":"default","site-sidebar-style":"default","ast-global-header-display":"","ast-banner-title-visibility":"","ast-main-header-display":"","ast-hfb-above-header-display":"","ast-hfb-below-header-display":"","ast-hfb-mobile-header-display":"","site-post-title":"","ast-breadcrumbs-content":"","ast-featured-img":"","footer-sml-layout":"","ast-disable-related-posts":"","theme-transparent-header-meta":"","adv-header-id-meta":"","stick-header-meta":"","header-above-stick-meta":"","header-main-stick-meta":"","header-below-stick-meta":"","astra-migrate-meta-layouts":"default","ast-page-background-enabled":"default","ast-page-background-meta":{"desktop":{"background-color":"var(--ast-global-color-5)","background-image":"","background-repeat":"repeat","background-position":"center center","background-size":"auto","background-attachment":"scroll","background-type":"","background-media":"","overlay-type":"","overlay-color":"","overlay-opacity":"","overlay-gradient":""},"tablet":{"background-color":"","background-image":"","background-repeat":"repeat","background-position":"center center","background-size":"auto","background-attachment":"scroll","background-type":"","background-media":"","overlay-type":"","overlay-color":"","overlay-opacity":"","overlay-gradient":""},"mobile":{"background-color":"","background-image":"","background-repeat":"repeat","background-position":"center center","background-size":"auto","background-attachment":"scroll","background-type":"","background-media":"","overlay-type":"","overlay-color":"","overlay-opacity":"","overlay-gradient":""}},"ast-content-background-meta":{"desktop":{"background-color":"var(--ast-global-color-4)","background-image":"","background-repeat":"repeat","background-position":"center center","background-size":"auto","background-attachment":"scroll","background-type":"","background-media":"","overlay-type":"","overlay-color":"","overlay-opacity":"","overlay-gradient":""},"tablet":{"background-color":"var(--ast-global-color-4)","background-image":"","background-repeat":"repeat","background-position":"center center","background-size":"auto","background-attachment":"scroll","background-type":"","background-media":"","overlay-type":"","overlay-color":"","overlay-opacity":"","overlay-gradient":""},"mobile":{"background-color":"var(--ast-global-color-4)","background-image":"","background-repeat":"repeat","background-position":"center center","background-size":"auto","background-attachment":"scroll","background-type":"","background-media":"","overlay-type":"","overlay-color":"","overlay-opacity":"","overlay-gradient":""}},"footnotes":""},"categories":[1973],"tags":[],"class_list":["post-43004","post","type-post","status-publish","format-standard","has-post-thumbnail","hentry","category-frettir"],"acf":[],"yoast_head":"<!-- This site is optimized with the Yoast SEO plugin v28.3 - https:\/\/yoast.com\/product\/yoast-seo-wordpress\/ -->\n<title>Nordic Values in the Food Sector - Mat\u00eds skipuleggur norr\u00e6na r\u00e1\u00f0stefnu 15.-17. n\u00f3v nk. - Mat\u00eds<\/title>\n<meta name=\"robots\" content=\"index, follow, max-snippet:-1, max-image-preview:large, max-video-preview:-1\" \/>\n<link rel=\"canonical\" href=\"https:\/\/matis.is\/en\/frettir\/nordic-values-in-the-food-sector-matis-skipuleggur-norraena-radstefnu-15-17-nov-nk\/\" \/>\n<meta property=\"og:locale\" content=\"en_GB\" \/>\n<meta property=\"og:type\" content=\"article\" \/>\n<meta property=\"og:title\" content=\"Nordic Values in the Food Sector - Mat\u00eds skipuleggur norr\u00e6na r\u00e1\u00f0stefnu 15.-17. n\u00f3v nk. - Mat\u00eds\" \/>\n<meta property=\"og:description\" content=\"Matv\u00e6lai\u00f0na\u00f0urinn gegnir veigamiklu hlutverki \u00e1 Nor\u00f0url\u00f6ndum. \u00c1 s\u00ed\u00f0ustu \u00e1rum hefur \u00e1hersla veri\u00f0 l\u00f6g\u00f0 \u00e1 \u00f6ryggi, sj\u00e1lfb\u00e6rni, hreinleika, hollustu og rekjanleika [&hellip;]\" \/>\n<meta property=\"og:url\" content=\"https:\/\/matis.is\/en\/frettir\/nordic-values-in-the-food-sector-matis-skipuleggur-norraena-radstefnu-15-17-nov-nk\/\" \/>\n<meta property=\"og:site_name\" content=\"Mat\u00eds\" \/>\n<meta property=\"article:publisher\" content=\"https:\/\/www.facebook.com\/matisiceland\" \/>\n<meta property=\"article:published_time\" content=\"2009-11-12T09:40:00+00:00\" \/>\n<meta property=\"article:modified_time\" content=\"2021-09-05T16:54:09+00:00\" \/>\n<meta property=\"og:image\" content=\"https:\/\/matis.is\/wp-content\/uploads\/norden_nic.jpg\" \/>\n\t<meta property=\"og:image:width\" content=\"534\" \/>\n\t<meta property=\"og:image:height\" content=\"194\" \/>\n\t<meta property=\"og:image:type\" content=\"image\/jpeg\" \/>\n<meta name=\"author\" content=\"admin\" \/>\n<meta name=\"twitter:card\" content=\"summary_large_image\" \/>\n<meta name=\"twitter:creator\" content=\"@matisiceland\" \/>\n<meta name=\"twitter:site\" content=\"@matisiceland\" \/>\n<meta name=\"twitter:label1\" content=\"Written by\" \/>\n\t<meta name=\"twitter:data1\" content=\"admin\" \/>\n\t<meta name=\"twitter:label2\" content=\"Estimated reading time\" \/>\n\t<meta name=\"twitter:data2\" content=\"2 minutes\" \/>\n<script type=\"application\/ld+json\" class=\"yoast-schema-graph\">{\"@context\":\"https:\\\/\\\/schema.org\",\"@graph\":[{\"@type\":\"Article\",\"@id\":\"https:\\\/\\\/matis.is\\\/frettir\\\/nordic-values-in-the-food-sector-matis-skipuleggur-norraena-radstefnu-15-17-nov-nk\\\/#article\",\"isPartOf\":{\"@id\":\"https:\\\/\\\/matis.is\\\/frettir\\\/nordic-values-in-the-food-sector-matis-skipuleggur-norraena-radstefnu-15-17-nov-nk\\\/\"},\"author\":{\"name\":\"admin\",\"@id\":\"https:\\\/\\\/matis.is\\\/#\\\/schema\\\/person\\\/33b92c850c915c93e67f291e3381a49a\"},\"headline\":\"Nordic Values in the Food Sector &#8211; Mat\u00eds skipuleggur norr\u00e6na r\u00e1\u00f0stefnu 15.-17. n\u00f3v nk.\",\"datePublished\":\"2009-11-12T09:40:00+00:00\",\"dateModified\":\"2021-09-05T16:54:09+00:00\",\"mainEntityOfPage\":{\"@id\":\"https:\\\/\\\/matis.is\\\/frettir\\\/nordic-values-in-the-food-sector-matis-skipuleggur-norraena-radstefnu-15-17-nov-nk\\\/\"},\"wordCount\":389,\"publisher\":{\"@id\":\"https:\\\/\\\/matis.is\\\/#organization\"},\"image\":{\"@id\":\"https:\\\/\\\/matis.is\\\/frettir\\\/nordic-values-in-the-food-sector-matis-skipuleggur-norraena-radstefnu-15-17-nov-nk\\\/#primaryimage\"},\"thumbnailUrl\":\"https:\\\/\\\/matis.is\\\/wp-content\\\/uploads\\\/norden_nic.jpg\",\"articleSection\":[\"Fr\u00e9ttir\"],\"inLanguage\":\"en-GB\"},{\"@type\":\"WebPage\",\"@id\":\"https:\\\/\\\/matis.is\\\/frettir\\\/nordic-values-in-the-food-sector-matis-skipuleggur-norraena-radstefnu-15-17-nov-nk\\\/\",\"url\":\"https:\\\/\\\/matis.is\\\/frettir\\\/nordic-values-in-the-food-sector-matis-skipuleggur-norraena-radstefnu-15-17-nov-nk\\\/\",\"name\":\"Nordic Values in the Food Sector - Mat\u00eds skipuleggur norr\u00e6na r\u00e1\u00f0stefnu 15.-17. n\u00f3v nk. - Mat\u00eds\",\"isPartOf\":{\"@id\":\"https:\\\/\\\/matis.is\\\/#website\"},\"primaryImageOfPage\":{\"@id\":\"https:\\\/\\\/matis.is\\\/frettir\\\/nordic-values-in-the-food-sector-matis-skipuleggur-norraena-radstefnu-15-17-nov-nk\\\/#primaryimage\"},\"image\":{\"@id\":\"https:\\\/\\\/matis.is\\\/frettir\\\/nordic-values-in-the-food-sector-matis-skipuleggur-norraena-radstefnu-15-17-nov-nk\\\/#primaryimage\"},\"thumbnailUrl\":\"https:\\\/\\\/matis.is\\\/wp-content\\\/uploads\\\/norden_nic.jpg\",\"datePublished\":\"2009-11-12T09:40:00+00:00\",\"dateModified\":\"2021-09-05T16:54:09+00:00\",\"breadcrumb\":{\"@id\":\"https:\\\/\\\/matis.is\\\/frettir\\\/nordic-values-in-the-food-sector-matis-skipuleggur-norraena-radstefnu-15-17-nov-nk\\\/#breadcrumb\"},\"inLanguage\":\"en-GB\",\"potentialAction\":[{\"@type\":\"ReadAction\",\"target\":[\"https:\\\/\\\/matis.is\\\/frettir\\\/nordic-values-in-the-food-sector-matis-skipuleggur-norraena-radstefnu-15-17-nov-nk\\\/\"]}]},{\"@type\":\"ImageObject\",\"inLanguage\":\"en-GB\",\"@id\":\"https:\\\/\\\/matis.is\\\/frettir\\\/nordic-values-in-the-food-sector-matis-skipuleggur-norraena-radstefnu-15-17-nov-nk\\\/#primaryimage\",\"url\":\"https:\\\/\\\/matis.is\\\/wp-content\\\/uploads\\\/norden_nic.jpg\",\"contentUrl\":\"https:\\\/\\\/matis.is\\\/wp-content\\\/uploads\\\/norden_nic.jpg\",\"width\":534,\"height\":194},{\"@type\":\"BreadcrumbList\",\"@id\":\"https:\\\/\\\/matis.is\\\/frettir\\\/nordic-values-in-the-food-sector-matis-skipuleggur-norraena-radstefnu-15-17-nov-nk\\\/#breadcrumb\",\"itemListElement\":[{\"@type\":\"ListItem\",\"position\":1,\"name\":\"Home\",\"item\":\"https:\\\/\\\/matis.is\\\/\"},{\"@type\":\"ListItem\",\"position\":2,\"name\":\"Nordic Values in the Food Sector &#8211; Mat\u00eds skipuleggur norr\u00e6na r\u00e1\u00f0stefnu 15.-17. n\u00f3v nk.\"}]},{\"@type\":\"WebSite\",\"@id\":\"https:\\\/\\\/matis.is\\\/#website\",\"url\":\"https:\\\/\\\/matis.is\\\/\",\"name\":\"Mat\u00eds\",\"description\":\"Ver\u00f0m\u00e6task\u00f6pun, matv\u00e6la\u00f6ryggi og l\u00fd\u00f0heilsa\",\"publisher\":{\"@id\":\"https:\\\/\\\/matis.is\\\/#organization\"},\"potentialAction\":[{\"@type\":\"SearchAction\",\"target\":{\"@type\":\"EntryPoint\",\"urlTemplate\":\"https:\\\/\\\/matis.is\\\/?s={search_term_string}\"},\"query-input\":{\"@type\":\"PropertyValueSpecification\",\"valueRequired\":true,\"valueName\":\"search_term_string\"}}],\"inLanguage\":\"en-GB\"},{\"@type\":\"Organization\",\"@id\":\"https:\\\/\\\/matis.is\\\/#organization\",\"name\":\"Mat\u00eds ohf.\",\"url\":\"https:\\\/\\\/matis.is\\\/\",\"logo\":{\"@type\":\"ImageObject\",\"inLanguage\":\"en-GB\",\"@id\":\"https:\\\/\\\/matis.is\\\/#\\\/schema\\\/logo\\\/image\\\/\",\"url\":\"https:\\\/\\\/matis.is\\\/wp-content\\\/uploads\\\/2021\\\/02\\\/matis_logo_blatthvitt.png\",\"contentUrl\":\"https:\\\/\\\/matis.is\\\/wp-content\\\/uploads\\\/2021\\\/02\\\/matis_logo_blatthvitt.png\",\"width\":1507,\"height\":1507,\"caption\":\"Mat\u00eds ohf.\"},\"image\":{\"@id\":\"https:\\\/\\\/matis.is\\\/#\\\/schema\\\/logo\\\/image\\\/\"},\"sameAs\":[\"https:\\\/\\\/www.facebook.com\\\/matisiceland\",\"https:\\\/\\\/x.com\\\/matisiceland\",\"https:\\\/\\\/www.instagram.com\\\/matisiceland\\\/\",\"https:\\\/\\\/www.linkedin.com\\\/matisiceland\\\/\",\"https:\\\/\\\/www.youtube.com\\\/channel\\\/UCY-frt3uTqgVZW-DLjoo5bA\"]},{\"@type\":\"Person\",\"@id\":\"https:\\\/\\\/matis.is\\\/#\\\/schema\\\/person\\\/33b92c850c915c93e67f291e3381a49a\",\"name\":\"admin\",\"sameAs\":[\"https:\\\/\\\/matis.mareframe.eu\"],\"url\":\"https:\\\/\\\/matis.is\\\/en\\\/author\\\/thormodurmatis-is\\\/\"}]}<\/script>\n<!-- \/ Yoast SEO plugin. -->","yoast_head_json":{"title":"Nordic Values in the Food Sector - Mat\u00eds is organizing a Nordic conference on 15-17. nov nk. - Mat\u00eds","robots":{"index":"index","follow":"follow","max-snippet":"max-snippet:-1","max-image-preview":"max-image-preview:large","max-video-preview":"max-video-preview:-1"},"canonical":"https:\/\/matis.is\/en\/frettir\/nordic-values-in-the-food-sector-matis-skipuleggur-norraena-radstefnu-15-17-nov-nk\/","og_locale":"en_GB","og_type":"article","og_title":"Nordic Values in the Food Sector - Mat\u00eds skipuleggur norr\u00e6na r\u00e1\u00f0stefnu 15.-17. n\u00f3v nk. - Mat\u00eds","og_description":"Matv\u00e6lai\u00f0na\u00f0urinn gegnir veigamiklu hlutverki \u00e1 Nor\u00f0url\u00f6ndum. \u00c1 s\u00ed\u00f0ustu \u00e1rum hefur \u00e1hersla veri\u00f0 l\u00f6g\u00f0 \u00e1 \u00f6ryggi, sj\u00e1lfb\u00e6rni, hreinleika, hollustu og rekjanleika [&hellip;]","og_url":"https:\/\/matis.is\/en\/frettir\/nordic-values-in-the-food-sector-matis-skipuleggur-norraena-radstefnu-15-17-nov-nk\/","og_site_name":"Mat\u00eds","article_publisher":"https:\/\/www.facebook.com\/matisiceland","article_published_time":"2009-11-12T09:40:00+00:00","article_modified_time":"2021-09-05T16:54:09+00:00","og_image":[{"width":534,"height":194,"url":"https:\/\/matis.is\/wp-content\/uploads\/norden_nic.jpg","type":"image\/jpeg"}],"author":"admin","twitter_card":"summary_large_image","twitter_creator":"@matisiceland","twitter_site":"@matisiceland","twitter_misc":{"Written by":"admin","Estimated reading time":"2 minutes"},"schema":{"@context":"https:\/\/schema.org","@graph":[{"@type":"Article","@id":"https:\/\/matis.is\/frettir\/nordic-values-in-the-food-sector-matis-skipuleggur-norraena-radstefnu-15-17-nov-nk\/#article","isPartOf":{"@id":"https:\/\/matis.is\/frettir\/nordic-values-in-the-food-sector-matis-skipuleggur-norraena-radstefnu-15-17-nov-nk\/"},"author":{"name":"admin","@id":"https:\/\/matis.is\/#\/schema\/person\/33b92c850c915c93e67f291e3381a49a"},"headline":"Nordic Values in the Food Sector &#8211; Mat\u00eds skipuleggur norr\u00e6na r\u00e1\u00f0stefnu 15.-17. n\u00f3v nk.","datePublished":"2009-11-12T09:40:00+00:00","dateModified":"2021-09-05T16:54:09+00:00","mainEntityOfPage":{"@id":"https:\/\/matis.is\/frettir\/nordic-values-in-the-food-sector-matis-skipuleggur-norraena-radstefnu-15-17-nov-nk\/"},"wordCount":389,"publisher":{"@id":"https:\/\/matis.is\/#organization"},"image":{"@id":"https:\/\/matis.is\/frettir\/nordic-values-in-the-food-sector-matis-skipuleggur-norraena-radstefnu-15-17-nov-nk\/#primaryimage"},"thumbnailUrl":"https:\/\/matis.is\/wp-content\/uploads\/norden_nic.jpg","articleSection":["Fr\u00e9ttir"],"inLanguage":"en-GB"},{"@type":"WebPage","@id":"https:\/\/matis.is\/frettir\/nordic-values-in-the-food-sector-matis-skipuleggur-norraena-radstefnu-15-17-nov-nk\/","url":"https:\/\/matis.is\/frettir\/nordic-values-in-the-food-sector-matis-skipuleggur-norraena-radstefnu-15-17-nov-nk\/","name":"Nordic Values in the Food Sector - Mat\u00eds is organizing a Nordic conference on 15-17. nov nk. - Mat\u00eds","isPartOf":{"@id":"https:\/\/matis.is\/#website"},"primaryImageOfPage":{"@id":"https:\/\/matis.is\/frettir\/nordic-values-in-the-food-sector-matis-skipuleggur-norraena-radstefnu-15-17-nov-nk\/#primaryimage"},"image":{"@id":"https:\/\/matis.is\/frettir\/nordic-values-in-the-food-sector-matis-skipuleggur-norraena-radstefnu-15-17-nov-nk\/#primaryimage"},"thumbnailUrl":"https:\/\/matis.is\/wp-content\/uploads\/norden_nic.jpg","datePublished":"2009-11-12T09:40:00+00:00","dateModified":"2021-09-05T16:54:09+00:00","breadcrumb":{"@id":"https:\/\/matis.is\/frettir\/nordic-values-in-the-food-sector-matis-skipuleggur-norraena-radstefnu-15-17-nov-nk\/#breadcrumb"},"inLanguage":"en-GB","potentialAction":[{"@type":"ReadAction","target":["https:\/\/matis.is\/frettir\/nordic-values-in-the-food-sector-matis-skipuleggur-norraena-radstefnu-15-17-nov-nk\/"]}]},{"@type":"ImageObject","inLanguage":"en-GB","@id":"https:\/\/matis.is\/frettir\/nordic-values-in-the-food-sector-matis-skipuleggur-norraena-radstefnu-15-17-nov-nk\/#primaryimage","url":"https:\/\/matis.is\/wp-content\/uploads\/norden_nic.jpg","contentUrl":"https:\/\/matis.is\/wp-content\/uploads\/norden_nic.jpg","width":534,"height":194},{"@type":"BreadcrumbList","@id":"https:\/\/matis.is\/frettir\/nordic-values-in-the-food-sector-matis-skipuleggur-norraena-radstefnu-15-17-nov-nk\/#breadcrumb","itemListElement":[{"@type":"ListItem","position":1,"name":"Home","item":"https:\/\/matis.is\/"},{"@type":"ListItem","position":2,"name":"Nordic Values in the Food Sector &#8211; Mat\u00eds skipuleggur norr\u00e6na r\u00e1\u00f0stefnu 15.-17. n\u00f3v nk."}]},{"@type":"WebSite","@id":"https:\/\/matis.is\/#website","url":"https:\/\/matis.is\/","name":"Mat\u00eds","description":"Value creation, food security and public health","publisher":{"@id":"https:\/\/matis.is\/#organization"},"potentialAction":[{"@type":"SearchAction","target":{"@type":"EntryPoint","urlTemplate":"https:\/\/matis.is\/?s={search_term_string}"},"query-input":{"@type":"PropertyValueSpecification","valueRequired":true,"valueName":"search_term_string"}}],"inLanguage":"en-GB"},{"@type":"Organization","@id":"https:\/\/matis.is\/#organization","name":"Mat\u00eds ohf.","url":"https:\/\/matis.is\/","logo":{"@type":"ImageObject","inLanguage":"en-GB","@id":"https:\/\/matis.is\/#\/schema\/logo\/image\/","url":"https:\/\/matis.is\/wp-content\/uploads\/2021\/02\/matis_logo_blatthvitt.png","contentUrl":"https:\/\/matis.is\/wp-content\/uploads\/2021\/02\/matis_logo_blatthvitt.png","width":1507,"height":1507,"caption":"Mat\u00eds ohf."},"image":{"@id":"https:\/\/matis.is\/#\/schema\/logo\/image\/"},"sameAs":["https:\/\/www.facebook.com\/matisiceland","https:\/\/x.com\/matisiceland","https:\/\/www.instagram.com\/matisiceland\/","https:\/\/www.linkedin.com\/matisiceland\/","https:\/\/www.youtube.com\/channel\/UCY-frt3uTqgVZW-DLjoo5bA"]},{"@type":"Person","@id":"https:\/\/matis.is\/#\/schema\/person\/33b92c850c915c93e67f291e3381a49a","name":"admin","sameAs":["https:\/\/matis.mareframe.eu"],"url":"https:\/\/matis.is\/en\/author\/thormodurmatis-is\/"}]}},"spectra_custom_meta":{"_edit_lock":["1630860849:5"],"_wp_old_date":["2021-08-25"],"_thumbnail_id":["42412"],"_wp_page_template":["templates\/template-cover.php"],"_edit_last":["5"],"tengilidur":[""],"_tengilidur":["field_5ef905e0538b2"],"_yoast_wpseo_primary_category":["1973"],"_yoast_wpseo_content_score":["60"],"_yoast_wpseo_estimated-reading-time-minutes":["2"],"wpmm_postgrid_views":["321"],"_uag_css_file_name":["uag-css-43004.css"],"_uag_page_assets":["a:9:{s:3:\"css\";s:260:\".uag-blocks-common-selector{z-index:var(--z-index-desktop) !important}@media(max-width: 976px){.uag-blocks-common-selector{z-index:var(--z-index-tablet) !important}}@media(max-width: 767px){.uag-blocks-common-selector{z-index:var(--z-index-mobile) !important}}\";s:2:\"js\";s:0:\"\";s:18:\"current_block_list\";a:7:{i:0;s:12:\"core\/heading\";i:1;s:14:\"core\/paragraph\";i:2;s:9:\"core\/list\";i:3;s:12:\"core\/buttons\";i:4;s:11:\"core\/button\";i:5;s:12:\"core\/columns\";i:6;s:11:\"core\/column\";}s:8:\"uag_flag\";b:0;s:11:\"uag_version\";s:10:\"1788434670\";s:6:\"gfonts\";a:0:{}s:10:\"gfonts_url\";s:0:\"\";s:12:\"gfonts_files\";a:0:{}s:14:\"uag_faq_layout\";b:0;}"]},"uagb_featured_image_src":{"full":["https:\/\/matis.is\/wp-content\/uploads\/norden_nic.jpg",534,194,false],"thumbnail":["https:\/\/matis.is\/wp-content\/uploads\/norden_nic-150x150.jpg",150,150,true],"medium":["https:\/\/matis.is\/wp-content\/uploads\/norden_nic-300x109.jpg",300,109,true],"medium_large":["https:\/\/matis.is\/wp-content\/uploads\/norden_nic.jpg",534,194,false],"large":["https:\/\/matis.is\/wp-content\/uploads\/norden_nic.jpg",534,194,false],"1536x1536":["https:\/\/matis.is\/wp-content\/uploads\/norden_nic.jpg",534,194,false],"2048x2048":["https:\/\/matis.is\/wp-content\/uploads\/norden_nic.jpg",534,194,false],"trp-custom-language-flag":["https:\/\/matis.is\/wp-content\/uploads\/norden_nic.jpg",18,7,false]},"uagb_author_info":{"display_name":"admin","author_link":"https:\/\/matis.is\/en\/author\/thormodurmatis-is\/"},"uagb_comment_info":0,"uagb_excerpt":"Matv\u00e6lai\u00f0na\u00f0urinn gegnir veigamiklu hlutverki \u00e1 Nor\u00f0url\u00f6ndum. \u00c1 s\u00ed\u00f0ustu \u00e1rum hefur \u00e1hersla veri\u00f0 l\u00f6g\u00f0 \u00e1 \u00f6ryggi, sj\u00e1lfb\u00e6rni, hreinleika, hollustu og rekjanleika [&hellip;]","_links":{"self":[{"href":"https:\/\/matis.is\/en\/wp-json\/wp\/v2\/posts\/43004","targetHints":{"allow":["GET"]}}],"collection":[{"href":"https:\/\/matis.is\/en\/wp-json\/wp\/v2\/posts"}],"about":[{"href":"https:\/\/matis.is\/en\/wp-json\/wp\/v2\/types\/post"}],"author":[{"embeddable":true,"href":"https:\/\/matis.is\/en\/wp-json\/wp\/v2\/users\/1"}],"replies":[{"embeddable":true,"href":"https:\/\/matis.is\/en\/wp-json\/wp\/v2\/comments?post=43004"}],"version-history":[{"count":2,"href":"https:\/\/matis.is\/en\/wp-json\/wp\/v2\/posts\/43004\/revisions"}],"predecessor-version":[{"id":44308,"href":"https:\/\/matis.is\/en\/wp-json\/wp\/v2\/posts\/43004\/revisions\/44308"}],"wp:featuredmedia":[{"embeddable":true,"href":"https:\/\/matis.is\/en\/wp-json\/wp\/v2\/media\/42412"}],"wp:attachment":[{"href":"https:\/\/matis.is\/en\/wp-json\/wp\/v2\/media?parent=43004"}],"wp:term":[{"taxonomy":"category","embeddable":true,"href":"https:\/\/matis.is\/en\/wp-json\/wp\/v2\/categories?post=43004"},{"taxonomy":"post_tag","embeddable":true,"href":"https:\/\/matis.is\/en\/wp-json\/wp\/v2\/tags?post=43004"}],"curies":[{"name":"wp","href":"https:\/\/api.w.org\/{rel}","templated":true}]}}