{"id":43470,"date":"2008-05-20T13:06:00","date_gmt":"2008-05-20T13:06:00","guid":{"rendered":"https:\/\/matis.is\/?p=43470"},"modified":"2021-08-27T13:07:14","modified_gmt":"2021-08-27T13:07:14","slug":"matis-i-12-saeti-yfir-fyrirmyndarstofnanir-i-konnun-sfr","status":"publish","type":"post","link":"https:\/\/matis.is\/en\/frettir\/matis-i-12-saeti-yfir-fyrirmyndarstofnanir-i-konnun-sfr\/","title":{"rendered":"Mat\u00eds in 12th place among exemplary institutions in the SFR survey"},"content":{"rendered":"<h4 class=\"wp-block-heading\">SFR - a trade union in the public service was recently chosen for the third time in the establishment of the year. The survey took place among SFR members on their working conditions and well-being in the workplace. Furthermore, all government agencies were given the opportunity for all employees, regardless of their trade union, to participate.<\/h4>\n\n\n\n<p>In the SFR survey, Mat\u00eds is classified among the larger public institutions and ranks 12th. In fact, Mat\u00eds lands in a gray area because, strictly speaking, Mat\u00eds is not a public institution, even though it is wholly owned by the state, but a public limited company (ohf) as can be read&nbsp;<a href=\"https:\/\/gamla.matis.is\/um-matis-ohf\/\" target=\"_blank\" rel=\"noreferrer noopener\"><strong>here<\/strong>.<\/a><\/p>\n\n\n\n<p>This is said on&nbsp;<a href=\"http:\/\/www.sfr.is\/\" target=\"_blank\" rel=\"noreferrer noopener\"><strong>SFR website<\/strong><\/a>&nbsp;and in Morgunbla\u00f0i\u00f0. Detailed information on what is behind the survey can be found on the SFR website.<\/p>","protected":false},"excerpt":{"rendered":"<p>SFR &#8211; st\u00e9ttarf\u00e9lag \u00ed almanna\u00fej\u00f3nustu st\u00f3\u00f0 n\u00fdlega \u00ed \u00feri\u00f0ja sinn a\u00f0 vali \u00e1 stofnun \u00e1rsins. K\u00f6nnunin \u00e1tti s\u00e9r sta\u00f0 me\u00f0al [&hellip;]<\/p>\n","protected":false},"author":1,"featured_media":43471,"comment_status":"closed","ping_status":"closed","sticky":false,"template":"templates\/template-cover.php","format":"standard","meta":{"_acf_changed":false,"_uag_custom_page_level_css":"","site-sidebar-layout":"default","site-content-layout":"","ast-site-content-layout":"default","site-content-style":"default","site-sidebar-style":"default","ast-global-header-display":"","ast-banner-title-visibility":"","ast-main-header-display":"","ast-hfb-above-header-display":"","ast-hfb-below-header-display":"","ast-hfb-mobile-header-display":"","site-post-title":"","ast-breadcrumbs-content":"","ast-featured-img":"","footer-sml-layout":"","ast-disable-related-posts":"","theme-transparent-header-meta":"","adv-header-id-meta":"","stick-header-meta":"","header-above-stick-meta":"","header-main-stick-meta":"","header-below-stick-meta":"","astra-migrate-meta-layouts":"default","ast-page-background-enabled":"default","ast-page-background-meta":{"desktop":{"background-color":"var(--ast-global-color-5)","background-image":"","background-repeat":"repeat","background-position":"center center","background-size":"auto","background-attachment":"scroll","background-type":"","background-media":"","overlay-type":"","overlay-color":"","overlay-opacity":"","overlay-gradient":""},"tablet":{"background-color":"","background-image":"","background-repeat":"repeat","background-position":"center center","background-size":"auto","background-attachment":"scroll","background-type":"","background-media":"","overlay-type":"","overlay-color":"","overlay-opacity":"","overlay-gradient":""},"mobile":{"background-color":"","background-image":"","background-repeat":"repeat","background-position":"center center","background-size":"auto","background-attachment":"scroll","background-type":"","background-media":"","overlay-type":"","overlay-color":"","overlay-opacity":"","overlay-gradient":""}},"ast-content-background-meta":{"desktop":{"background-color":"var(--ast-global-color-4)","background-image":"","background-repeat":"repeat","background-position":"center center","background-size":"auto","background-attachment":"scroll","background-type":"","background-media":"","overlay-type":"","overlay-color":"","overlay-opacity":"","overlay-gradient":""},"tablet":{"background-color":"var(--ast-global-color-4)","background-image":"","background-repeat":"repeat","background-position":"center center","background-size":"auto","background-attachment":"scroll","background-type":"","background-media":"","overlay-type":"","overlay-color":"","overlay-opacity":"","overlay-gradient":""},"mobile":{"background-color":"var(--ast-global-color-4)","background-image":"","background-repeat":"repeat","background-position":"center center","background-size":"auto","background-attachment":"scroll","background-type":"","background-media":"","overlay-type":"","overlay-color":"","overlay-opacity":"","overlay-gradient":""}},"footnotes":""},"categories":[1973],"tags":[],"class_list":["post-43470","post","type-post","status-publish","format-standard","has-post-thumbnail","hentry","category-frettir"],"acf":[],"yoast_head":"<!-- This site is optimized with the Yoast SEO plugin v27.4 - https:\/\/yoast.com\/product\/yoast-seo-wordpress\/ -->\n<title>Mat\u00eds \u00ed 12. s\u00e6ti yfir fyrirmyndarstofnanir \u00ed k\u00f6nnun SFR - Mat\u00eds<\/title>\n<meta name=\"robots\" content=\"index, follow, max-snippet:-1, max-image-preview:large, max-video-preview:-1\" \/>\n<link rel=\"canonical\" href=\"https:\/\/matis.is\/en\/frettir\/matis-i-12-saeti-yfir-fyrirmyndarstofnanir-i-konnun-sfr\/\" \/>\n<meta property=\"og:locale\" content=\"en_GB\" \/>\n<meta property=\"og:type\" content=\"article\" \/>\n<meta property=\"og:title\" content=\"Mat\u00eds \u00ed 12. s\u00e6ti yfir fyrirmyndarstofnanir \u00ed k\u00f6nnun SFR - Mat\u00eds\" \/>\n<meta property=\"og:description\" content=\"SFR &#8211; st\u00e9ttarf\u00e9lag \u00ed almanna\u00fej\u00f3nustu st\u00f3\u00f0 n\u00fdlega \u00ed \u00feri\u00f0ja sinn a\u00f0 vali \u00e1 stofnun \u00e1rsins. K\u00f6nnunin \u00e1tti s\u00e9r sta\u00f0 me\u00f0al [&hellip;]\" \/>\n<meta property=\"og:url\" content=\"https:\/\/matis.is\/en\/frettir\/matis-i-12-saeti-yfir-fyrirmyndarstofnanir-i-konnun-sfr\/\" \/>\n<meta property=\"og:site_name\" content=\"Mat\u00eds\" \/>\n<meta property=\"article:publisher\" content=\"https:\/\/www.facebook.com\/matisiceland\" \/>\n<meta property=\"article:published_time\" content=\"2008-05-20T13:06:00+00:00\" \/>\n<meta property=\"article:modified_time\" content=\"2021-08-27T13:07:14+00:00\" \/>\n<meta property=\"og:image\" content=\"https:\/\/matis.is\/wp-content\/uploads\/Stofnun_arsins.jpg\" \/>\n\t<meta property=\"og:image:width\" content=\"191\" \/>\n\t<meta property=\"og:image:height\" content=\"69\" \/>\n\t<meta property=\"og:image:type\" content=\"image\/jpeg\" \/>\n<meta name=\"author\" content=\"admin\" \/>\n<meta name=\"twitter:card\" content=\"summary_large_image\" \/>\n<meta name=\"twitter:creator\" content=\"@matisiceland\" \/>\n<meta name=\"twitter:site\" content=\"@matisiceland\" \/>\n<meta name=\"twitter:label1\" content=\"Written by\" \/>\n\t<meta name=\"twitter:data1\" content=\"admin\" \/>\n\t<meta name=\"twitter:label2\" content=\"Estimated reading time\" \/>\n\t<meta name=\"twitter:data2\" content=\"1 minute\" \/>\n<script type=\"application\/ld+json\" class=\"yoast-schema-graph\">{\"@context\":\"https:\\\/\\\/schema.org\",\"@graph\":[{\"@type\":\"Article\",\"@id\":\"https:\\\/\\\/matis.is\\\/frettir\\\/matis-i-12-saeti-yfir-fyrirmyndarstofnanir-i-konnun-sfr\\\/#article\",\"isPartOf\":{\"@id\":\"https:\\\/\\\/matis.is\\\/frettir\\\/matis-i-12-saeti-yfir-fyrirmyndarstofnanir-i-konnun-sfr\\\/\"},\"author\":{\"name\":\"admin\",\"@id\":\"https:\\\/\\\/matis.is\\\/#\\\/schema\\\/person\\\/33b92c850c915c93e67f291e3381a49a\"},\"headline\":\"Mat\u00eds \u00ed 12. s\u00e6ti yfir fyrirmyndarstofnanir \u00ed k\u00f6nnun SFR\",\"datePublished\":\"2008-05-20T13:06:00+00:00\",\"dateModified\":\"2021-08-27T13:07:14+00:00\",\"mainEntityOfPage\":{\"@id\":\"https:\\\/\\\/matis.is\\\/frettir\\\/matis-i-12-saeti-yfir-fyrirmyndarstofnanir-i-konnun-sfr\\\/\"},\"wordCount\":153,\"publisher\":{\"@id\":\"https:\\\/\\\/matis.is\\\/#organization\"},\"image\":{\"@id\":\"https:\\\/\\\/matis.is\\\/frettir\\\/matis-i-12-saeti-yfir-fyrirmyndarstofnanir-i-konnun-sfr\\\/#primaryimage\"},\"thumbnailUrl\":\"https:\\\/\\\/matis.is\\\/wp-content\\\/uploads\\\/Stofnun_arsins.jpg\",\"articleSection\":[\"Fr\u00e9ttir\"],\"inLanguage\":\"en-GB\"},{\"@type\":\"WebPage\",\"@id\":\"https:\\\/\\\/matis.is\\\/frettir\\\/matis-i-12-saeti-yfir-fyrirmyndarstofnanir-i-konnun-sfr\\\/\",\"url\":\"https:\\\/\\\/matis.is\\\/frettir\\\/matis-i-12-saeti-yfir-fyrirmyndarstofnanir-i-konnun-sfr\\\/\",\"name\":\"Mat\u00eds \u00ed 12. s\u00e6ti yfir fyrirmyndarstofnanir \u00ed k\u00f6nnun SFR - Mat\u00eds\",\"isPartOf\":{\"@id\":\"https:\\\/\\\/matis.is\\\/#website\"},\"primaryImageOfPage\":{\"@id\":\"https:\\\/\\\/matis.is\\\/frettir\\\/matis-i-12-saeti-yfir-fyrirmyndarstofnanir-i-konnun-sfr\\\/#primaryimage\"},\"image\":{\"@id\":\"https:\\\/\\\/matis.is\\\/frettir\\\/matis-i-12-saeti-yfir-fyrirmyndarstofnanir-i-konnun-sfr\\\/#primaryimage\"},\"thumbnailUrl\":\"https:\\\/\\\/matis.is\\\/wp-content\\\/uploads\\\/Stofnun_arsins.jpg\",\"datePublished\":\"2008-05-20T13:06:00+00:00\",\"dateModified\":\"2021-08-27T13:07:14+00:00\",\"breadcrumb\":{\"@id\":\"https:\\\/\\\/matis.is\\\/frettir\\\/matis-i-12-saeti-yfir-fyrirmyndarstofnanir-i-konnun-sfr\\\/#breadcrumb\"},\"inLanguage\":\"en-GB\",\"potentialAction\":[{\"@type\":\"ReadAction\",\"target\":[\"https:\\\/\\\/matis.is\\\/frettir\\\/matis-i-12-saeti-yfir-fyrirmyndarstofnanir-i-konnun-sfr\\\/\"]}]},{\"@type\":\"ImageObject\",\"inLanguage\":\"en-GB\",\"@id\":\"https:\\\/\\\/matis.is\\\/frettir\\\/matis-i-12-saeti-yfir-fyrirmyndarstofnanir-i-konnun-sfr\\\/#primaryimage\",\"url\":\"https:\\\/\\\/matis.is\\\/wp-content\\\/uploads\\\/Stofnun_arsins.jpg\",\"contentUrl\":\"https:\\\/\\\/matis.is\\\/wp-content\\\/uploads\\\/Stofnun_arsins.jpg\",\"width\":191,\"height\":69},{\"@type\":\"BreadcrumbList\",\"@id\":\"https:\\\/\\\/matis.is\\\/frettir\\\/matis-i-12-saeti-yfir-fyrirmyndarstofnanir-i-konnun-sfr\\\/#breadcrumb\",\"itemListElement\":[{\"@type\":\"ListItem\",\"position\":1,\"name\":\"Home\",\"item\":\"https:\\\/\\\/matis.is\\\/\"},{\"@type\":\"ListItem\",\"position\":2,\"name\":\"Mat\u00eds \u00ed 12. s\u00e6ti yfir fyrirmyndarstofnanir \u00ed k\u00f6nnun SFR\"}]},{\"@type\":\"WebSite\",\"@id\":\"https:\\\/\\\/matis.is\\\/#website\",\"url\":\"https:\\\/\\\/matis.is\\\/\",\"name\":\"Mat\u00eds\",\"description\":\"Ver\u00f0m\u00e6task\u00f6pun, matv\u00e6la\u00f6ryggi og l\u00fd\u00f0heilsa\",\"publisher\":{\"@id\":\"https:\\\/\\\/matis.is\\\/#organization\"},\"potentialAction\":[{\"@type\":\"SearchAction\",\"target\":{\"@type\":\"EntryPoint\",\"urlTemplate\":\"https:\\\/\\\/matis.is\\\/?s={search_term_string}\"},\"query-input\":{\"@type\":\"PropertyValueSpecification\",\"valueRequired\":true,\"valueName\":\"search_term_string\"}}],\"inLanguage\":\"en-GB\"},{\"@type\":\"Organization\",\"@id\":\"https:\\\/\\\/matis.is\\\/#organization\",\"name\":\"Mat\u00eds ohf.\",\"url\":\"https:\\\/\\\/matis.is\\\/\",\"logo\":{\"@type\":\"ImageObject\",\"inLanguage\":\"en-GB\",\"@id\":\"https:\\\/\\\/matis.is\\\/#\\\/schema\\\/logo\\\/image\\\/\",\"url\":\"https:\\\/\\\/matis.is\\\/wp-content\\\/uploads\\\/2021\\\/02\\\/matis_logo_blatthvitt.png\",\"contentUrl\":\"https:\\\/\\\/matis.is\\\/wp-content\\\/uploads\\\/2021\\\/02\\\/matis_logo_blatthvitt.png\",\"width\":1507,\"height\":1507,\"caption\":\"Mat\u00eds ohf.\"},\"image\":{\"@id\":\"https:\\\/\\\/matis.is\\\/#\\\/schema\\\/logo\\\/image\\\/\"},\"sameAs\":[\"https:\\\/\\\/www.facebook.com\\\/matisiceland\",\"https:\\\/\\\/x.com\\\/matisiceland\",\"https:\\\/\\\/www.instagram.com\\\/matisiceland\\\/\",\"https:\\\/\\\/www.linkedin.com\\\/matisiceland\\\/\",\"https:\\\/\\\/www.youtube.com\\\/channel\\\/UCY-frt3uTqgVZW-DLjoo5bA\"]},{\"@type\":\"Person\",\"@id\":\"https:\\\/\\\/matis.is\\\/#\\\/schema\\\/person\\\/33b92c850c915c93e67f291e3381a49a\",\"name\":\"admin\",\"sameAs\":[\"https:\\\/\\\/matis.mareframe.eu\"],\"url\":\"https:\\\/\\\/matis.is\\\/en\\\/author\\\/thormodurmatis-is\\\/\"}]}<\/script>\n<!-- \/ Yoast SEO plugin. -->","yoast_head_json":{"title":"Mat\u00eds in 12th place among exemplary institutions in the SFR survey - Mat\u00eds","robots":{"index":"index","follow":"follow","max-snippet":"max-snippet:-1","max-image-preview":"max-image-preview:large","max-video-preview":"max-video-preview:-1"},"canonical":"https:\/\/matis.is\/en\/frettir\/matis-i-12-saeti-yfir-fyrirmyndarstofnanir-i-konnun-sfr\/","og_locale":"en_GB","og_type":"article","og_title":"Mat\u00eds \u00ed 12. s\u00e6ti yfir fyrirmyndarstofnanir \u00ed k\u00f6nnun SFR - Mat\u00eds","og_description":"SFR &#8211; st\u00e9ttarf\u00e9lag \u00ed almanna\u00fej\u00f3nustu st\u00f3\u00f0 n\u00fdlega \u00ed \u00feri\u00f0ja sinn a\u00f0 vali \u00e1 stofnun \u00e1rsins. K\u00f6nnunin \u00e1tti s\u00e9r sta\u00f0 me\u00f0al [&hellip;]","og_url":"https:\/\/matis.is\/en\/frettir\/matis-i-12-saeti-yfir-fyrirmyndarstofnanir-i-konnun-sfr\/","og_site_name":"Mat\u00eds","article_publisher":"https:\/\/www.facebook.com\/matisiceland","article_published_time":"2008-05-20T13:06:00+00:00","article_modified_time":"2021-08-27T13:07:14+00:00","og_image":[{"width":191,"height":69,"url":"https:\/\/matis.is\/wp-content\/uploads\/Stofnun_arsins.jpg","type":"image\/jpeg"}],"author":"admin","twitter_card":"summary_large_image","twitter_creator":"@matisiceland","twitter_site":"@matisiceland","twitter_misc":{"Written by":"admin","Estimated reading time":"1 minute"},"schema":{"@context":"https:\/\/schema.org","@graph":[{"@type":"Article","@id":"https:\/\/matis.is\/frettir\/matis-i-12-saeti-yfir-fyrirmyndarstofnanir-i-konnun-sfr\/#article","isPartOf":{"@id":"https:\/\/matis.is\/frettir\/matis-i-12-saeti-yfir-fyrirmyndarstofnanir-i-konnun-sfr\/"},"author":{"name":"admin","@id":"https:\/\/matis.is\/#\/schema\/person\/33b92c850c915c93e67f291e3381a49a"},"headline":"Mat\u00eds \u00ed 12. s\u00e6ti yfir fyrirmyndarstofnanir \u00ed k\u00f6nnun SFR","datePublished":"2008-05-20T13:06:00+00:00","dateModified":"2021-08-27T13:07:14+00:00","mainEntityOfPage":{"@id":"https:\/\/matis.is\/frettir\/matis-i-12-saeti-yfir-fyrirmyndarstofnanir-i-konnun-sfr\/"},"wordCount":153,"publisher":{"@id":"https:\/\/matis.is\/#organization"},"image":{"@id":"https:\/\/matis.is\/frettir\/matis-i-12-saeti-yfir-fyrirmyndarstofnanir-i-konnun-sfr\/#primaryimage"},"thumbnailUrl":"https:\/\/matis.is\/wp-content\/uploads\/Stofnun_arsins.jpg","articleSection":["Fr\u00e9ttir"],"inLanguage":"en-GB"},{"@type":"WebPage","@id":"https:\/\/matis.is\/frettir\/matis-i-12-saeti-yfir-fyrirmyndarstofnanir-i-konnun-sfr\/","url":"https:\/\/matis.is\/frettir\/matis-i-12-saeti-yfir-fyrirmyndarstofnanir-i-konnun-sfr\/","name":"Mat\u00eds in 12th place among exemplary institutions in the SFR survey - Mat\u00eds","isPartOf":{"@id":"https:\/\/matis.is\/#website"},"primaryImageOfPage":{"@id":"https:\/\/matis.is\/frettir\/matis-i-12-saeti-yfir-fyrirmyndarstofnanir-i-konnun-sfr\/#primaryimage"},"image":{"@id":"https:\/\/matis.is\/frettir\/matis-i-12-saeti-yfir-fyrirmyndarstofnanir-i-konnun-sfr\/#primaryimage"},"thumbnailUrl":"https:\/\/matis.is\/wp-content\/uploads\/Stofnun_arsins.jpg","datePublished":"2008-05-20T13:06:00+00:00","dateModified":"2021-08-27T13:07:14+00:00","breadcrumb":{"@id":"https:\/\/matis.is\/frettir\/matis-i-12-saeti-yfir-fyrirmyndarstofnanir-i-konnun-sfr\/#breadcrumb"},"inLanguage":"en-GB","potentialAction":[{"@type":"ReadAction","target":["https:\/\/matis.is\/frettir\/matis-i-12-saeti-yfir-fyrirmyndarstofnanir-i-konnun-sfr\/"]}]},{"@type":"ImageObject","inLanguage":"en-GB","@id":"https:\/\/matis.is\/frettir\/matis-i-12-saeti-yfir-fyrirmyndarstofnanir-i-konnun-sfr\/#primaryimage","url":"https:\/\/matis.is\/wp-content\/uploads\/Stofnun_arsins.jpg","contentUrl":"https:\/\/matis.is\/wp-content\/uploads\/Stofnun_arsins.jpg","width":191,"height":69},{"@type":"BreadcrumbList","@id":"https:\/\/matis.is\/frettir\/matis-i-12-saeti-yfir-fyrirmyndarstofnanir-i-konnun-sfr\/#breadcrumb","itemListElement":[{"@type":"ListItem","position":1,"name":"Home","item":"https:\/\/matis.is\/"},{"@type":"ListItem","position":2,"name":"Mat\u00eds \u00ed 12. s\u00e6ti yfir fyrirmyndarstofnanir \u00ed k\u00f6nnun SFR"}]},{"@type":"WebSite","@id":"https:\/\/matis.is\/#website","url":"https:\/\/matis.is\/","name":"Mat\u00eds","description":"Value creation, food security and public health","publisher":{"@id":"https:\/\/matis.is\/#organization"},"potentialAction":[{"@type":"SearchAction","target":{"@type":"EntryPoint","urlTemplate":"https:\/\/matis.is\/?s={search_term_string}"},"query-input":{"@type":"PropertyValueSpecification","valueRequired":true,"valueName":"search_term_string"}}],"inLanguage":"en-GB"},{"@type":"Organization","@id":"https:\/\/matis.is\/#organization","name":"Mat\u00eds ohf.","url":"https:\/\/matis.is\/","logo":{"@type":"ImageObject","inLanguage":"en-GB","@id":"https:\/\/matis.is\/#\/schema\/logo\/image\/","url":"https:\/\/matis.is\/wp-content\/uploads\/2021\/02\/matis_logo_blatthvitt.png","contentUrl":"https:\/\/matis.is\/wp-content\/uploads\/2021\/02\/matis_logo_blatthvitt.png","width":1507,"height":1507,"caption":"Mat\u00eds ohf."},"image":{"@id":"https:\/\/matis.is\/#\/schema\/logo\/image\/"},"sameAs":["https:\/\/www.facebook.com\/matisiceland","https:\/\/x.com\/matisiceland","https:\/\/www.instagram.com\/matisiceland\/","https:\/\/www.linkedin.com\/matisiceland\/","https:\/\/www.youtube.com\/channel\/UCY-frt3uTqgVZW-DLjoo5bA"]},{"@type":"Person","@id":"https:\/\/matis.is\/#\/schema\/person\/33b92c850c915c93e67f291e3381a49a","name":"admin","sameAs":["https:\/\/matis.mareframe.eu"],"url":"https:\/\/matis.is\/en\/author\/thormodurmatis-is\/"}]}},"spectra_custom_meta":{"_edit_lock":["1630069635:5"],"_wp_old_date":["2021-08-27"],"_thumbnail_id":["43471"],"_wp_page_template":["templates\/template-cover.php"],"_edit_last":["5"],"tengilidur":[""],"_tengilidur":["field_5ef905e0538b2"],"_yoast_wpseo_primary_category":["1973"],"_yoast_wpseo_content_score":["90"],"_yoast_wpseo_estimated-reading-time-minutes":["1"],"wpmm_postgrid_views":["324"],"_uag_css_file_name":["uag-css-43470.css"],"_uag_page_assets":["a:9:{s:3:\"css\";s:263:\".uag-blocks-common-selector{z-index:var(--z-index-desktop) !important}@media (max-width: 976px){.uag-blocks-common-selector{z-index:var(--z-index-tablet) !important}}@media (max-width: 767px){.uag-blocks-common-selector{z-index:var(--z-index-mobile) !important}}\n\";s:2:\"js\";s:0:\"\";s:18:\"current_block_list\";a:6:{i:0;s:12:\"core\/heading\";i:1;s:14:\"core\/paragraph\";i:2;s:12:\"core\/buttons\";i:3;s:11:\"core\/button\";i:4;s:12:\"core\/columns\";i:5;s:11:\"core\/column\";}s:8:\"uag_flag\";b:0;s:11:\"uag_version\";s:10:\"1777040860\";s:6:\"gfonts\";a:0:{}s:10:\"gfonts_url\";s:0:\"\";s:12:\"gfonts_files\";a:0:{}s:14:\"uag_faq_layout\";b:0;}"]},"uagb_featured_image_src":{"full":["https:\/\/matis.is\/wp-content\/uploads\/Stofnun_arsins.jpg",191,69,false],"thumbnail":["https:\/\/matis.is\/wp-content\/uploads\/Stofnun_arsins-150x69.jpg",150,69,true],"medium":["https:\/\/matis.is\/wp-content\/uploads\/Stofnun_arsins.jpg",191,69,false],"medium_large":["https:\/\/matis.is\/wp-content\/uploads\/Stofnun_arsins.jpg",191,69,false],"large":["https:\/\/matis.is\/wp-content\/uploads\/Stofnun_arsins.jpg",191,69,false],"1536x1536":["https:\/\/matis.is\/wp-content\/uploads\/Stofnun_arsins.jpg",191,69,false],"2048x2048":["https:\/\/matis.is\/wp-content\/uploads\/Stofnun_arsins.jpg",191,69,false],"trp-custom-language-flag":["https:\/\/matis.is\/wp-content\/uploads\/Stofnun_arsins.jpg",18,7,false]},"uagb_author_info":{"display_name":"admin","author_link":"https:\/\/matis.is\/en\/author\/thormodurmatis-is\/"},"uagb_comment_info":0,"uagb_excerpt":"SFR &#8211; st\u00e9ttarf\u00e9lag \u00ed almanna\u00fej\u00f3nustu st\u00f3\u00f0 n\u00fdlega \u00ed \u00feri\u00f0ja sinn a\u00f0 vali \u00e1 stofnun \u00e1rsins. K\u00f6nnunin \u00e1tti s\u00e9r sta\u00f0 me\u00f0al [&hellip;]","_links":{"self":[{"href":"https:\/\/matis.is\/en\/wp-json\/wp\/v2\/posts\/43470","targetHints":{"allow":["GET"]}}],"collection":[{"href":"https:\/\/matis.is\/en\/wp-json\/wp\/v2\/posts"}],"about":[{"href":"https:\/\/matis.is\/en\/wp-json\/wp\/v2\/types\/post"}],"author":[{"embeddable":true,"href":"https:\/\/matis.is\/en\/wp-json\/wp\/v2\/users\/1"}],"replies":[{"embeddable":true,"href":"https:\/\/matis.is\/en\/wp-json\/wp\/v2\/comments?post=43470"}],"version-history":[{"count":1,"href":"https:\/\/matis.is\/en\/wp-json\/wp\/v2\/posts\/43470\/revisions"}],"predecessor-version":[{"id":43472,"href":"https:\/\/matis.is\/en\/wp-json\/wp\/v2\/posts\/43470\/revisions\/43472"}],"wp:featuredmedia":[{"embeddable":true,"href":"https:\/\/matis.is\/en\/wp-json\/wp\/v2\/media\/43471"}],"wp:attachment":[{"href":"https:\/\/matis.is\/en\/wp-json\/wp\/v2\/media?parent=43470"}],"wp:term":[{"taxonomy":"category","embeddable":true,"href":"https:\/\/matis.is\/en\/wp-json\/wp\/v2\/categories?post=43470"},{"taxonomy":"post_tag","embeddable":true,"href":"https:\/\/matis.is\/en\/wp-json\/wp\/v2\/tags?post=43470"}],"curies":[{"name":"wp","href":"https:\/\/api.w.org\/{rel}","templated":true}]}}