{"id":43473,"date":"2008-05-15T13:07:00","date_gmt":"2008-05-15T13:07:00","guid":{"rendered":"https:\/\/matis.is\/?p=43473"},"modified":"2021-08-27T13:08:40","modified_gmt":"2021-08-27T13:08:40","slug":"malthing-um-lifraenan-landbunad-i-norraena-husinu-fostudaginn-16-mai","status":"publish","type":"post","link":"https:\/\/matis.is\/en\/frettir\/malthing-um-lifraenan-landbunad-i-norraena-husinu-fostudaginn-16-mai\/","title":{"rendered":"A seminar on organic agriculture at the Nordic House on Friday 16 May"},"content":{"rendered":"<h4 class=\"wp-block-heading\">The meeting will discuss, among other things, whether organic agriculture is an option in Iceland. The meeting starts at 12:45 and lasts until kl. 17:00.<\/h4>\n\n\n\n<p>The meeting will try to shed light on various aspects of organic agriculture. Are Organic Products Healthier Than Others? Do the production methods cause less damage to the environment than in the case of traditional agriculture? Is organic farming better able to meet consumer wishes in terms of animal welfare? The seminar will try to find answers to these questions and countless others.<\/p>\n\n\n\n<p>Dr. \u00c1slaug Helgad\u00f3ttir, Assistant Rector of Research, Agricultural University of Iceland, will chair the meeting, and Einar K. Gu\u00f0finnsson, Minister of Fisheries and Agriculture, will address the meeting. The chairman of the meeting will be Dr. Sj\u00f6fn Sigurg\u00edslad\u00f3ttir, CEO of Mat\u00eds.<\/p>\n\n\n\n<p>Kristj\u00e1n Oddsson, farmer at Ne\u00f0ra-H\u00e1ls in Kj\u00f3s, gives a talk which he calls Organic production: For whom and why? Kristj\u00e1n discusses first and foremost organic milk production as a business idea - the advantages and disadvantages of engaging in organic milk production. Then dr. Gu\u00f0ni \u00deorvaldsson, associate professor at the Agricultural University of Iceland, explains the beginnings and origins of organic agriculture as well as the ideology behind it. He intends to examine whether organic farming, as it is currently practiced, is based on a different foundation than the ideology of the entrepreneurs.&nbsp;<\/p>\n\n\n\n<p>Run\u00f3lfur Sigursveinsson, a consultant at B\u00fana\u00f0arsambandi Su\u00f0urlands discusses the regulation on organic production of agricultural products and labeling and dr. \u00d3lafur D\u00fdrmundsson, a consultant at the Icelandic Farmers&#039; Association, gives a talk which he calls Conditions for organic farming in Iceland, where the biological conditions for such farming in Iceland will be discussed, with regard to soil fertility, climate, livestock welfare and livestock industries to name a few. \u00d3lafur will also briefly refer to the support that farmers have for adapting to organic farming.&nbsp;<\/p>\n\n\n\n<p>Dr. Holger Kirchmann, professor at the University of Agriculture, Uppsala, gives a talk comparing crops, carbon sequestration, nutrient leaching and energy consumption in organic and traditional agriculture.&nbsp;<\/p>\n\n\n\n<p>Gr\u00e9tar Hrafn Har\u00f0arson, lecturer at the Agricultural University of Iceland, gives a talk entitled A comparison of the health and welfare of livestock and the safety of products in organic and traditional agriculture. In the presentation, Gr\u00e9tar Hrafn intends to discuss possible changes in the incidence of production diseases when switching to organic agriculture and how preventive measures can be taken. Gr\u00e9tar Hrafn also talks about a possible difference in the health of livestock products under organic conditions.&nbsp;<\/p>\n\n\n\n<p>Finally, dr. Da\u00f0i M\u00e1r Krist\u00f3fersson, economist at Hagfr\u00e6\u00f0istofnun H.\u00cd. deliver a talk he calls The Economics of Organic Agriculture.<\/p>\n\n\n\n<p>&nbsp;At the end of the presentation, there will be queries and panel discussions.<\/p>","protected":false},"excerpt":{"rendered":"<p>\u00c1 fundinum ver\u00f0ur m.a. fjalla\u00f0 um hvort l\u00edfr\u00e6nn landb\u00fana\u00f0ur s\u00e9 valkostur \u00e1 \u00cdslandi. Fundurinn hefst kl. 12:45 og stendur til [&hellip;]<\/p>\n","protected":false},"author":1,"featured_media":43474,"comment_status":"closed","ping_status":"closed","sticky":false,"template":"templates\/template-cover.php","format":"standard","meta":{"_acf_changed":false,"_uag_custom_page_level_css":"","site-sidebar-layout":"default","site-content-layout":"","ast-site-content-layout":"default","site-content-style":"default","site-sidebar-style":"default","ast-global-header-display":"","ast-banner-title-visibility":"","ast-main-header-display":"","ast-hfb-above-header-display":"","ast-hfb-below-header-display":"","ast-hfb-mobile-header-display":"","site-post-title":"","ast-breadcrumbs-content":"","ast-featured-img":"","footer-sml-layout":"","ast-disable-related-posts":"","theme-transparent-header-meta":"","adv-header-id-meta":"","stick-header-meta":"","header-above-stick-meta":"","header-main-stick-meta":"","header-below-stick-meta":"","astra-migrate-meta-layouts":"default","ast-page-background-enabled":"default","ast-page-background-meta":{"desktop":{"background-color":"var(--ast-global-color-5)","background-image":"","background-repeat":"repeat","background-position":"center center","background-size":"auto","background-attachment":"scroll","background-type":"","background-media":"","overlay-type":"","overlay-color":"","overlay-opacity":"","overlay-gradient":""},"tablet":{"background-color":"","background-image":"","background-repeat":"repeat","background-position":"center center","background-size":"auto","background-attachment":"scroll","background-type":"","background-media":"","overlay-type":"","overlay-color":"","overlay-opacity":"","overlay-gradient":""},"mobile":{"background-color":"","background-image":"","background-repeat":"repeat","background-position":"center center","background-size":"auto","background-attachment":"scroll","background-type":"","background-media":"","overlay-type":"","overlay-color":"","overlay-opacity":"","overlay-gradient":""}},"ast-content-background-meta":{"desktop":{"background-color":"var(--ast-global-color-4)","background-image":"","background-repeat":"repeat","background-position":"center center","background-size":"auto","background-attachment":"scroll","background-type":"","background-media":"","overlay-type":"","overlay-color":"","overlay-opacity":"","overlay-gradient":""},"tablet":{"background-color":"var(--ast-global-color-4)","background-image":"","background-repeat":"repeat","background-position":"center center","background-size":"auto","background-attachment":"scroll","background-type":"","background-media":"","overlay-type":"","overlay-color":"","overlay-opacity":"","overlay-gradient":""},"mobile":{"background-color":"var(--ast-global-color-4)","background-image":"","background-repeat":"repeat","background-position":"center center","background-size":"auto","background-attachment":"scroll","background-type":"","background-media":"","overlay-type":"","overlay-color":"","overlay-opacity":"","overlay-gradient":""}},"footnotes":""},"categories":[1973],"tags":[],"class_list":["post-43473","post","type-post","status-publish","format-standard","has-post-thumbnail","hentry","category-frettir"],"acf":[],"yoast_head":"<!-- This site is optimized with the Yoast SEO plugin v27.4 - https:\/\/yoast.com\/product\/yoast-seo-wordpress\/ -->\n<title>M\u00e1l\u00feing um l\u00edfr\u00e6nan landb\u00fana\u00f0 \u00ed Norr\u00e6na h\u00fasinu f\u00f6studaginn 16. ma\u00ed - Mat\u00eds<\/title>\n<meta name=\"robots\" content=\"index, follow, max-snippet:-1, max-image-preview:large, max-video-preview:-1\" \/>\n<link rel=\"canonical\" href=\"https:\/\/matis.is\/en\/frettir\/malthing-um-lifraenan-landbunad-i-norraena-husinu-fostudaginn-16-mai\/\" \/>\n<meta property=\"og:locale\" content=\"en_GB\" \/>\n<meta property=\"og:type\" content=\"article\" \/>\n<meta property=\"og:title\" content=\"M\u00e1l\u00feing um l\u00edfr\u00e6nan landb\u00fana\u00f0 \u00ed Norr\u00e6na h\u00fasinu f\u00f6studaginn 16. ma\u00ed - Mat\u00eds\" \/>\n<meta property=\"og:description\" content=\"\u00c1 fundinum ver\u00f0ur m.a. fjalla\u00f0 um hvort l\u00edfr\u00e6nn landb\u00fana\u00f0ur s\u00e9 valkostur \u00e1 \u00cdslandi. Fundurinn hefst kl. 12:45 og stendur til [&hellip;]\" \/>\n<meta property=\"og:url\" content=\"https:\/\/matis.is\/en\/frettir\/malthing-um-lifraenan-landbunad-i-norraena-husinu-fostudaginn-16-mai\/\" \/>\n<meta property=\"og:site_name\" content=\"Mat\u00eds\" \/>\n<meta property=\"article:publisher\" content=\"https:\/\/www.facebook.com\/matisiceland\" \/>\n<meta property=\"article:published_time\" content=\"2008-05-15T13:07:00+00:00\" \/>\n<meta property=\"article:modified_time\" content=\"2021-08-27T13:08:40+00:00\" \/>\n<meta property=\"og:image\" content=\"https:\/\/matis.is\/wp-content\/uploads\/lifraent.jpg\" \/>\n\t<meta property=\"og:image:width\" content=\"448\" \/>\n\t<meta property=\"og:image:height\" content=\"163\" \/>\n\t<meta property=\"og:image:type\" content=\"image\/jpeg\" \/>\n<meta name=\"author\" content=\"admin\" \/>\n<meta name=\"twitter:card\" content=\"summary_large_image\" \/>\n<meta name=\"twitter:creator\" content=\"@matisiceland\" \/>\n<meta name=\"twitter:site\" content=\"@matisiceland\" \/>\n<meta name=\"twitter:label1\" content=\"Written by\" \/>\n\t<meta name=\"twitter:data1\" content=\"admin\" \/>\n\t<meta name=\"twitter:label2\" content=\"Estimated reading time\" \/>\n\t<meta name=\"twitter:data2\" content=\"2 minutes\" \/>\n<script type=\"application\/ld+json\" class=\"yoast-schema-graph\">{\"@context\":\"https:\\\/\\\/schema.org\",\"@graph\":[{\"@type\":\"Article\",\"@id\":\"https:\\\/\\\/matis.is\\\/frettir\\\/malthing-um-lifraenan-landbunad-i-norraena-husinu-fostudaginn-16-mai\\\/#article\",\"isPartOf\":{\"@id\":\"https:\\\/\\\/matis.is\\\/frettir\\\/malthing-um-lifraenan-landbunad-i-norraena-husinu-fostudaginn-16-mai\\\/\"},\"author\":{\"name\":\"admin\",\"@id\":\"https:\\\/\\\/matis.is\\\/#\\\/schema\\\/person\\\/33b92c850c915c93e67f291e3381a49a\"},\"headline\":\"M\u00e1l\u00feing um l\u00edfr\u00e6nan landb\u00fana\u00f0 \u00ed Norr\u00e6na h\u00fasinu f\u00f6studaginn 16. ma\u00ed\",\"datePublished\":\"2008-05-15T13:07:00+00:00\",\"dateModified\":\"2021-08-27T13:08:40+00:00\",\"mainEntityOfPage\":{\"@id\":\"https:\\\/\\\/matis.is\\\/frettir\\\/malthing-um-lifraenan-landbunad-i-norraena-husinu-fostudaginn-16-mai\\\/\"},\"wordCount\":590,\"publisher\":{\"@id\":\"https:\\\/\\\/matis.is\\\/#organization\"},\"image\":{\"@id\":\"https:\\\/\\\/matis.is\\\/frettir\\\/malthing-um-lifraenan-landbunad-i-norraena-husinu-fostudaginn-16-mai\\\/#primaryimage\"},\"thumbnailUrl\":\"https:\\\/\\\/matis.is\\\/wp-content\\\/uploads\\\/lifraent.jpg\",\"articleSection\":[\"Fr\u00e9ttir\"],\"inLanguage\":\"en-GB\"},{\"@type\":\"WebPage\",\"@id\":\"https:\\\/\\\/matis.is\\\/frettir\\\/malthing-um-lifraenan-landbunad-i-norraena-husinu-fostudaginn-16-mai\\\/\",\"url\":\"https:\\\/\\\/matis.is\\\/frettir\\\/malthing-um-lifraenan-landbunad-i-norraena-husinu-fostudaginn-16-mai\\\/\",\"name\":\"M\u00e1l\u00feing um l\u00edfr\u00e6nan landb\u00fana\u00f0 \u00ed Norr\u00e6na h\u00fasinu f\u00f6studaginn 16. ma\u00ed - Mat\u00eds\",\"isPartOf\":{\"@id\":\"https:\\\/\\\/matis.is\\\/#website\"},\"primaryImageOfPage\":{\"@id\":\"https:\\\/\\\/matis.is\\\/frettir\\\/malthing-um-lifraenan-landbunad-i-norraena-husinu-fostudaginn-16-mai\\\/#primaryimage\"},\"image\":{\"@id\":\"https:\\\/\\\/matis.is\\\/frettir\\\/malthing-um-lifraenan-landbunad-i-norraena-husinu-fostudaginn-16-mai\\\/#primaryimage\"},\"thumbnailUrl\":\"https:\\\/\\\/matis.is\\\/wp-content\\\/uploads\\\/lifraent.jpg\",\"datePublished\":\"2008-05-15T13:07:00+00:00\",\"dateModified\":\"2021-08-27T13:08:40+00:00\",\"breadcrumb\":{\"@id\":\"https:\\\/\\\/matis.is\\\/frettir\\\/malthing-um-lifraenan-landbunad-i-norraena-husinu-fostudaginn-16-mai\\\/#breadcrumb\"},\"inLanguage\":\"en-GB\",\"potentialAction\":[{\"@type\":\"ReadAction\",\"target\":[\"https:\\\/\\\/matis.is\\\/frettir\\\/malthing-um-lifraenan-landbunad-i-norraena-husinu-fostudaginn-16-mai\\\/\"]}]},{\"@type\":\"ImageObject\",\"inLanguage\":\"en-GB\",\"@id\":\"https:\\\/\\\/matis.is\\\/frettir\\\/malthing-um-lifraenan-landbunad-i-norraena-husinu-fostudaginn-16-mai\\\/#primaryimage\",\"url\":\"https:\\\/\\\/matis.is\\\/wp-content\\\/uploads\\\/lifraent.jpg\",\"contentUrl\":\"https:\\\/\\\/matis.is\\\/wp-content\\\/uploads\\\/lifraent.jpg\",\"width\":448,\"height\":163},{\"@type\":\"BreadcrumbList\",\"@id\":\"https:\\\/\\\/matis.is\\\/frettir\\\/malthing-um-lifraenan-landbunad-i-norraena-husinu-fostudaginn-16-mai\\\/#breadcrumb\",\"itemListElement\":[{\"@type\":\"ListItem\",\"position\":1,\"name\":\"Home\",\"item\":\"https:\\\/\\\/matis.is\\\/\"},{\"@type\":\"ListItem\",\"position\":2,\"name\":\"M\u00e1l\u00feing um l\u00edfr\u00e6nan landb\u00fana\u00f0 \u00ed Norr\u00e6na h\u00fasinu f\u00f6studaginn 16. ma\u00ed\"}]},{\"@type\":\"WebSite\",\"@id\":\"https:\\\/\\\/matis.is\\\/#website\",\"url\":\"https:\\\/\\\/matis.is\\\/\",\"name\":\"Mat\u00eds\",\"description\":\"Ver\u00f0m\u00e6task\u00f6pun, matv\u00e6la\u00f6ryggi og l\u00fd\u00f0heilsa\",\"publisher\":{\"@id\":\"https:\\\/\\\/matis.is\\\/#organization\"},\"potentialAction\":[{\"@type\":\"SearchAction\",\"target\":{\"@type\":\"EntryPoint\",\"urlTemplate\":\"https:\\\/\\\/matis.is\\\/?s={search_term_string}\"},\"query-input\":{\"@type\":\"PropertyValueSpecification\",\"valueRequired\":true,\"valueName\":\"search_term_string\"}}],\"inLanguage\":\"en-GB\"},{\"@type\":\"Organization\",\"@id\":\"https:\\\/\\\/matis.is\\\/#organization\",\"name\":\"Mat\u00eds ohf.\",\"url\":\"https:\\\/\\\/matis.is\\\/\",\"logo\":{\"@type\":\"ImageObject\",\"inLanguage\":\"en-GB\",\"@id\":\"https:\\\/\\\/matis.is\\\/#\\\/schema\\\/logo\\\/image\\\/\",\"url\":\"https:\\\/\\\/matis.is\\\/wp-content\\\/uploads\\\/2021\\\/02\\\/matis_logo_blatthvitt.png\",\"contentUrl\":\"https:\\\/\\\/matis.is\\\/wp-content\\\/uploads\\\/2021\\\/02\\\/matis_logo_blatthvitt.png\",\"width\":1507,\"height\":1507,\"caption\":\"Mat\u00eds ohf.\"},\"image\":{\"@id\":\"https:\\\/\\\/matis.is\\\/#\\\/schema\\\/logo\\\/image\\\/\"},\"sameAs\":[\"https:\\\/\\\/www.facebook.com\\\/matisiceland\",\"https:\\\/\\\/x.com\\\/matisiceland\",\"https:\\\/\\\/www.instagram.com\\\/matisiceland\\\/\",\"https:\\\/\\\/www.linkedin.com\\\/matisiceland\\\/\",\"https:\\\/\\\/www.youtube.com\\\/channel\\\/UCY-frt3uTqgVZW-DLjoo5bA\"]},{\"@type\":\"Person\",\"@id\":\"https:\\\/\\\/matis.is\\\/#\\\/schema\\\/person\\\/33b92c850c915c93e67f291e3381a49a\",\"name\":\"admin\",\"sameAs\":[\"https:\\\/\\\/matis.mareframe.eu\"],\"url\":\"https:\\\/\\\/matis.is\\\/en\\\/author\\\/thormodurmatis-is\\\/\"}]}<\/script>\n<!-- \/ Yoast SEO plugin. -->","yoast_head_json":{"title":"Seminar on organic farming at the Nordic House on Friday 16 May - Mat\u00eds","robots":{"index":"index","follow":"follow","max-snippet":"max-snippet:-1","max-image-preview":"max-image-preview:large","max-video-preview":"max-video-preview:-1"},"canonical":"https:\/\/matis.is\/en\/frettir\/malthing-um-lifraenan-landbunad-i-norraena-husinu-fostudaginn-16-mai\/","og_locale":"en_GB","og_type":"article","og_title":"M\u00e1l\u00feing um l\u00edfr\u00e6nan landb\u00fana\u00f0 \u00ed Norr\u00e6na h\u00fasinu f\u00f6studaginn 16. ma\u00ed - Mat\u00eds","og_description":"\u00c1 fundinum ver\u00f0ur m.a. fjalla\u00f0 um hvort l\u00edfr\u00e6nn landb\u00fana\u00f0ur s\u00e9 valkostur \u00e1 \u00cdslandi. Fundurinn hefst kl. 12:45 og stendur til [&hellip;]","og_url":"https:\/\/matis.is\/en\/frettir\/malthing-um-lifraenan-landbunad-i-norraena-husinu-fostudaginn-16-mai\/","og_site_name":"Mat\u00eds","article_publisher":"https:\/\/www.facebook.com\/matisiceland","article_published_time":"2008-05-15T13:07:00+00:00","article_modified_time":"2021-08-27T13:08:40+00:00","og_image":[{"width":448,"height":163,"url":"https:\/\/matis.is\/wp-content\/uploads\/lifraent.jpg","type":"image\/jpeg"}],"author":"admin","twitter_card":"summary_large_image","twitter_creator":"@matisiceland","twitter_site":"@matisiceland","twitter_misc":{"Written by":"admin","Estimated reading time":"2 minutes"},"schema":{"@context":"https:\/\/schema.org","@graph":[{"@type":"Article","@id":"https:\/\/matis.is\/frettir\/malthing-um-lifraenan-landbunad-i-norraena-husinu-fostudaginn-16-mai\/#article","isPartOf":{"@id":"https:\/\/matis.is\/frettir\/malthing-um-lifraenan-landbunad-i-norraena-husinu-fostudaginn-16-mai\/"},"author":{"name":"admin","@id":"https:\/\/matis.is\/#\/schema\/person\/33b92c850c915c93e67f291e3381a49a"},"headline":"M\u00e1l\u00feing um l\u00edfr\u00e6nan landb\u00fana\u00f0 \u00ed Norr\u00e6na h\u00fasinu f\u00f6studaginn 16. ma\u00ed","datePublished":"2008-05-15T13:07:00+00:00","dateModified":"2021-08-27T13:08:40+00:00","mainEntityOfPage":{"@id":"https:\/\/matis.is\/frettir\/malthing-um-lifraenan-landbunad-i-norraena-husinu-fostudaginn-16-mai\/"},"wordCount":590,"publisher":{"@id":"https:\/\/matis.is\/#organization"},"image":{"@id":"https:\/\/matis.is\/frettir\/malthing-um-lifraenan-landbunad-i-norraena-husinu-fostudaginn-16-mai\/#primaryimage"},"thumbnailUrl":"https:\/\/matis.is\/wp-content\/uploads\/lifraent.jpg","articleSection":["Fr\u00e9ttir"],"inLanguage":"en-GB"},{"@type":"WebPage","@id":"https:\/\/matis.is\/frettir\/malthing-um-lifraenan-landbunad-i-norraena-husinu-fostudaginn-16-mai\/","url":"https:\/\/matis.is\/frettir\/malthing-um-lifraenan-landbunad-i-norraena-husinu-fostudaginn-16-mai\/","name":"Seminar on organic farming at the Nordic House on Friday 16 May - Mat\u00eds","isPartOf":{"@id":"https:\/\/matis.is\/#website"},"primaryImageOfPage":{"@id":"https:\/\/matis.is\/frettir\/malthing-um-lifraenan-landbunad-i-norraena-husinu-fostudaginn-16-mai\/#primaryimage"},"image":{"@id":"https:\/\/matis.is\/frettir\/malthing-um-lifraenan-landbunad-i-norraena-husinu-fostudaginn-16-mai\/#primaryimage"},"thumbnailUrl":"https:\/\/matis.is\/wp-content\/uploads\/lifraent.jpg","datePublished":"2008-05-15T13:07:00+00:00","dateModified":"2021-08-27T13:08:40+00:00","breadcrumb":{"@id":"https:\/\/matis.is\/frettir\/malthing-um-lifraenan-landbunad-i-norraena-husinu-fostudaginn-16-mai\/#breadcrumb"},"inLanguage":"en-GB","potentialAction":[{"@type":"ReadAction","target":["https:\/\/matis.is\/frettir\/malthing-um-lifraenan-landbunad-i-norraena-husinu-fostudaginn-16-mai\/"]}]},{"@type":"ImageObject","inLanguage":"en-GB","@id":"https:\/\/matis.is\/frettir\/malthing-um-lifraenan-landbunad-i-norraena-husinu-fostudaginn-16-mai\/#primaryimage","url":"https:\/\/matis.is\/wp-content\/uploads\/lifraent.jpg","contentUrl":"https:\/\/matis.is\/wp-content\/uploads\/lifraent.jpg","width":448,"height":163},{"@type":"BreadcrumbList","@id":"https:\/\/matis.is\/frettir\/malthing-um-lifraenan-landbunad-i-norraena-husinu-fostudaginn-16-mai\/#breadcrumb","itemListElement":[{"@type":"ListItem","position":1,"name":"Home","item":"https:\/\/matis.is\/"},{"@type":"ListItem","position":2,"name":"M\u00e1l\u00feing um l\u00edfr\u00e6nan landb\u00fana\u00f0 \u00ed Norr\u00e6na h\u00fasinu f\u00f6studaginn 16. ma\u00ed"}]},{"@type":"WebSite","@id":"https:\/\/matis.is\/#website","url":"https:\/\/matis.is\/","name":"Mat\u00eds","description":"Value creation, food security and public health","publisher":{"@id":"https:\/\/matis.is\/#organization"},"potentialAction":[{"@type":"SearchAction","target":{"@type":"EntryPoint","urlTemplate":"https:\/\/matis.is\/?s={search_term_string}"},"query-input":{"@type":"PropertyValueSpecification","valueRequired":true,"valueName":"search_term_string"}}],"inLanguage":"en-GB"},{"@type":"Organization","@id":"https:\/\/matis.is\/#organization","name":"Mat\u00eds ohf.","url":"https:\/\/matis.is\/","logo":{"@type":"ImageObject","inLanguage":"en-GB","@id":"https:\/\/matis.is\/#\/schema\/logo\/image\/","url":"https:\/\/matis.is\/wp-content\/uploads\/2021\/02\/matis_logo_blatthvitt.png","contentUrl":"https:\/\/matis.is\/wp-content\/uploads\/2021\/02\/matis_logo_blatthvitt.png","width":1507,"height":1507,"caption":"Mat\u00eds ohf."},"image":{"@id":"https:\/\/matis.is\/#\/schema\/logo\/image\/"},"sameAs":["https:\/\/www.facebook.com\/matisiceland","https:\/\/x.com\/matisiceland","https:\/\/www.instagram.com\/matisiceland\/","https:\/\/www.linkedin.com\/matisiceland\/","https:\/\/www.youtube.com\/channel\/UCY-frt3uTqgVZW-DLjoo5bA"]},{"@type":"Person","@id":"https:\/\/matis.is\/#\/schema\/person\/33b92c850c915c93e67f291e3381a49a","name":"admin","sameAs":["https:\/\/matis.mareframe.eu"],"url":"https:\/\/matis.is\/en\/author\/thormodurmatis-is\/"}]}},"spectra_custom_meta":{"_edit_lock":["1630069721:5"],"_wp_old_date":["2021-08-27"],"_thumbnail_id":["43474"],"_wp_page_template":["templates\/template-cover.php"],"_edit_last":["5"],"tengilidur":[""],"_tengilidur":["field_5ef905e0538b2"],"_yoast_wpseo_primary_category":["1973"],"_yoast_wpseo_content_score":["30"],"_yoast_wpseo_estimated-reading-time-minutes":["2"],"wpmm_postgrid_views":["371"],"_uag_css_file_name":["uag-css-43473.css"],"_uag_page_assets":["a:9:{s:3:\"css\";s:263:\".uag-blocks-common-selector{z-index:var(--z-index-desktop) !important}@media (max-width: 976px){.uag-blocks-common-selector{z-index:var(--z-index-tablet) !important}}@media (max-width: 767px){.uag-blocks-common-selector{z-index:var(--z-index-mobile) !important}}\n\";s:2:\"js\";s:0:\"\";s:18:\"current_block_list\";a:6:{i:0;s:12:\"core\/heading\";i:1;s:14:\"core\/paragraph\";i:2;s:12:\"core\/buttons\";i:3;s:11:\"core\/button\";i:4;s:12:\"core\/columns\";i:5;s:11:\"core\/column\";}s:8:\"uag_flag\";b:0;s:11:\"uag_version\";s:10:\"1777040860\";s:6:\"gfonts\";a:0:{}s:10:\"gfonts_url\";s:0:\"\";s:12:\"gfonts_files\";a:0:{}s:14:\"uag_faq_layout\";b:0;}"]},"uagb_featured_image_src":{"full":["https:\/\/matis.is\/wp-content\/uploads\/lifraent.jpg",448,163,false],"thumbnail":["https:\/\/matis.is\/wp-content\/uploads\/lifraent-150x150.jpg",150,150,true],"medium":["https:\/\/matis.is\/wp-content\/uploads\/lifraent-300x109.jpg",300,109,true],"medium_large":["https:\/\/matis.is\/wp-content\/uploads\/lifraent.jpg",448,163,false],"large":["https:\/\/matis.is\/wp-content\/uploads\/lifraent.jpg",448,163,false],"1536x1536":["https:\/\/matis.is\/wp-content\/uploads\/lifraent.jpg",448,163,false],"2048x2048":["https:\/\/matis.is\/wp-content\/uploads\/lifraent.jpg",448,163,false],"trp-custom-language-flag":["https:\/\/matis.is\/wp-content\/uploads\/lifraent.jpg",18,7,false]},"uagb_author_info":{"display_name":"admin","author_link":"https:\/\/matis.is\/en\/author\/thormodurmatis-is\/"},"uagb_comment_info":0,"uagb_excerpt":"\u00c1 fundinum ver\u00f0ur m.a. fjalla\u00f0 um hvort l\u00edfr\u00e6nn landb\u00fana\u00f0ur s\u00e9 valkostur \u00e1 \u00cdslandi. Fundurinn hefst kl. 12:45 og stendur til [&hellip;]","_links":{"self":[{"href":"https:\/\/matis.is\/en\/wp-json\/wp\/v2\/posts\/43473","targetHints":{"allow":["GET"]}}],"collection":[{"href":"https:\/\/matis.is\/en\/wp-json\/wp\/v2\/posts"}],"about":[{"href":"https:\/\/matis.is\/en\/wp-json\/wp\/v2\/types\/post"}],"author":[{"embeddable":true,"href":"https:\/\/matis.is\/en\/wp-json\/wp\/v2\/users\/1"}],"replies":[{"embeddable":true,"href":"https:\/\/matis.is\/en\/wp-json\/wp\/v2\/comments?post=43473"}],"version-history":[{"count":1,"href":"https:\/\/matis.is\/en\/wp-json\/wp\/v2\/posts\/43473\/revisions"}],"predecessor-version":[{"id":43475,"href":"https:\/\/matis.is\/en\/wp-json\/wp\/v2\/posts\/43473\/revisions\/43475"}],"wp:featuredmedia":[{"embeddable":true,"href":"https:\/\/matis.is\/en\/wp-json\/wp\/v2\/media\/43474"}],"wp:attachment":[{"href":"https:\/\/matis.is\/en\/wp-json\/wp\/v2\/media?parent=43473"}],"wp:term":[{"taxonomy":"category","embeddable":true,"href":"https:\/\/matis.is\/en\/wp-json\/wp\/v2\/categories?post=43473"},{"taxonomy":"post_tag","embeddable":true,"href":"https:\/\/matis.is\/en\/wp-json\/wp\/v2\/tags?post=43473"}],"curies":[{"name":"wp","href":"https:\/\/api.w.org\/{rel}","templated":true}]}}