{"id":43532,"date":"2008-02-25T13:41:00","date_gmt":"2008-02-25T13:41:00","guid":{"rendered":"https:\/\/matis.is\/?p=43532"},"modified":"2021-08-27T13:43:03","modified_gmt":"2021-08-27T13:43:03","slug":"nyr-bunadur-hradar-greiningum-a-olifraenum-snefilefnum","status":"publish","type":"post","link":"https:\/\/matis.is\/en\/frettir\/nyr-bunadur-hradar-greiningum-a-olifraenum-snefilefnum\/","title":{"rendered":"New equipment speeds up the analysis of inorganic trace elements"},"content":{"rendered":"<h4 class=\"wp-block-heading\">Mat\u00eds&#039; Chemical Research Department has introduced a new device for preparing samples for the measurement of inorganic trace elements such as lead, mercury, iron and copper. In the device, microwaves and pressure are applied to completely dissolve the samples in acid. In this way, it is possible to prepare the samples in a few minutes instead of 12 hours in Mat\u00eds&#039; older equipment. The equipment is used both for samples from customers and for Mat\u00eds&#039; research projects.<\/h4>\n\n\n\n<p>The new device facilitates preparation work when the forms of inorganic substances such as arsenic need to be detected. Such analyzes are a new area of research at Mat\u00eds and are called &quot;elemental speciation&quot; in English. It is very important that the shape of the materials does not change before measurement and then it is good that the temperature in the new device can be controlled very precisely.<\/p>\n\n\n\n<p>Mat\u00eds has a complete mass spectrometer (ICP-MS) for measuring inorganic trace elements and with the introduction of the new device, the equipment has become as good as it can be. Mat\u00eds can offer customers measurements of all major trace elements in food and feed, such as lead, mercury, arsenic, selenium, cadmium, iron and copper. In addition, the equipment is important for research projects, monitoring of contaminants in products and other projects on the chemical content of food.<\/p>\n\n\n\n<p>Photo: Dr. Sasan Rabieh, Mat\u00eds&#039; specialist in the analysis of inorganic trace elements, with the new equipment.<\/p>","protected":false},"excerpt":{"rendered":"<p>Efnaranns\u00f3knadeild Mat\u00eds hefur teki\u00f0 \u00ed notkun n\u00fdtt t\u00e6ki til a\u00f0 undirb\u00faa s\u00fdni til m\u00e6linga \u00e1 \u00f3l\u00edfr\u00e6num snefilefnum eins og bl\u00fdi, [&hellip;]<\/p>\n","protected":false},"author":1,"featured_media":43382,"comment_status":"closed","ping_status":"closed","sticky":false,"template":"templates\/template-cover.php","format":"standard","meta":{"_acf_changed":false,"_uag_custom_page_level_css":"","site-sidebar-layout":"default","site-content-layout":"","ast-site-content-layout":"default","site-content-style":"default","site-sidebar-style":"default","ast-global-header-display":"","ast-banner-title-visibility":"","ast-main-header-display":"","ast-hfb-above-header-display":"","ast-hfb-below-header-display":"","ast-hfb-mobile-header-display":"","site-post-title":"","ast-breadcrumbs-content":"","ast-featured-img":"","footer-sml-layout":"","ast-disable-related-posts":"","theme-transparent-header-meta":"","adv-header-id-meta":"","stick-header-meta":"","header-above-stick-meta":"","header-main-stick-meta":"","header-below-stick-meta":"","astra-migrate-meta-layouts":"default","ast-page-background-enabled":"default","ast-page-background-meta":{"desktop":{"background-color":"var(--ast-global-color-5)","background-image":"","background-repeat":"repeat","background-position":"center center","background-size":"auto","background-attachment":"scroll","background-type":"","background-media":"","overlay-type":"","overlay-color":"","overlay-opacity":"","overlay-gradient":""},"tablet":{"background-color":"","background-image":"","background-repeat":"repeat","background-position":"center center","background-size":"auto","background-attachment":"scroll","background-type":"","background-media":"","overlay-type":"","overlay-color":"","overlay-opacity":"","overlay-gradient":""},"mobile":{"background-color":"","background-image":"","background-repeat":"repeat","background-position":"center center","background-size":"auto","background-attachment":"scroll","background-type":"","background-media":"","overlay-type":"","overlay-color":"","overlay-opacity":"","overlay-gradient":""}},"ast-content-background-meta":{"desktop":{"background-color":"var(--ast-global-color-4)","background-image":"","background-repeat":"repeat","background-position":"center center","background-size":"auto","background-attachment":"scroll","background-type":"","background-media":"","overlay-type":"","overlay-color":"","overlay-opacity":"","overlay-gradient":""},"tablet":{"background-color":"var(--ast-global-color-4)","background-image":"","background-repeat":"repeat","background-position":"center center","background-size":"auto","background-attachment":"scroll","background-type":"","background-media":"","overlay-type":"","overlay-color":"","overlay-opacity":"","overlay-gradient":""},"mobile":{"background-color":"var(--ast-global-color-4)","background-image":"","background-repeat":"repeat","background-position":"center center","background-size":"auto","background-attachment":"scroll","background-type":"","background-media":"","overlay-type":"","overlay-color":"","overlay-opacity":"","overlay-gradient":""}},"footnotes":""},"categories":[1973],"tags":[],"class_list":["post-43532","post","type-post","status-publish","format-standard","has-post-thumbnail","hentry","category-frettir"],"acf":[],"yoast_head":"<!-- This site is optimized with the Yoast SEO plugin v27.4 - https:\/\/yoast.com\/product\/yoast-seo-wordpress\/ -->\n<title>N\u00fdr b\u00fana\u00f0ur hra\u00f0ar greiningum \u00e1 \u00f3l\u00edfr\u00e6num snefilefnum - Mat\u00eds<\/title>\n<meta name=\"robots\" content=\"index, follow, max-snippet:-1, max-image-preview:large, max-video-preview:-1\" \/>\n<link rel=\"canonical\" href=\"https:\/\/matis.is\/en\/frettir\/nyr-bunadur-hradar-greiningum-a-olifraenum-snefilefnum\/\" \/>\n<meta property=\"og:locale\" content=\"en_GB\" \/>\n<meta property=\"og:type\" content=\"article\" \/>\n<meta property=\"og:title\" content=\"N\u00fdr b\u00fana\u00f0ur hra\u00f0ar greiningum \u00e1 \u00f3l\u00edfr\u00e6num snefilefnum - Mat\u00eds\" \/>\n<meta property=\"og:description\" content=\"Efnaranns\u00f3knadeild Mat\u00eds hefur teki\u00f0 \u00ed notkun n\u00fdtt t\u00e6ki til a\u00f0 undirb\u00faa s\u00fdni til m\u00e6linga \u00e1 \u00f3l\u00edfr\u00e6num snefilefnum eins og bl\u00fdi, [&hellip;]\" \/>\n<meta property=\"og:url\" content=\"https:\/\/matis.is\/en\/frettir\/nyr-bunadur-hradar-greiningum-a-olifraenum-snefilefnum\/\" \/>\n<meta property=\"og:site_name\" content=\"Mat\u00eds\" \/>\n<meta property=\"article:publisher\" content=\"https:\/\/www.facebook.com\/matisiceland\" \/>\n<meta property=\"article:published_time\" content=\"2008-02-25T13:41:00+00:00\" \/>\n<meta property=\"article:modified_time\" content=\"2021-08-27T13:43:03+00:00\" \/>\n<meta property=\"og:image\" content=\"https:\/\/matis.is\/wp-content\/uploads\/Sasan.jpg\" \/>\n\t<meta property=\"og:image:width\" content=\"448\" \/>\n\t<meta property=\"og:image:height\" content=\"163\" \/>\n\t<meta property=\"og:image:type\" content=\"image\/jpeg\" \/>\n<meta name=\"author\" content=\"admin\" \/>\n<meta name=\"twitter:card\" content=\"summary_large_image\" \/>\n<meta name=\"twitter:creator\" content=\"@matisiceland\" \/>\n<meta name=\"twitter:site\" content=\"@matisiceland\" \/>\n<meta name=\"twitter:label1\" content=\"Written by\" \/>\n\t<meta name=\"twitter:data1\" content=\"admin\" \/>\n\t<meta name=\"twitter:label2\" content=\"Estimated reading time\" \/>\n\t<meta name=\"twitter:data2\" content=\"1 minute\" \/>\n<script type=\"application\/ld+json\" class=\"yoast-schema-graph\">{\"@context\":\"https:\\\/\\\/schema.org\",\"@graph\":[{\"@type\":\"Article\",\"@id\":\"https:\\\/\\\/matis.is\\\/frettir\\\/nyr-bunadur-hradar-greiningum-a-olifraenum-snefilefnum\\\/#article\",\"isPartOf\":{\"@id\":\"https:\\\/\\\/matis.is\\\/frettir\\\/nyr-bunadur-hradar-greiningum-a-olifraenum-snefilefnum\\\/\"},\"author\":{\"name\":\"admin\",\"@id\":\"https:\\\/\\\/matis.is\\\/#\\\/schema\\\/person\\\/33b92c850c915c93e67f291e3381a49a\"},\"headline\":\"N\u00fdr b\u00fana\u00f0ur hra\u00f0ar greiningum \u00e1 \u00f3l\u00edfr\u00e6num snefilefnum\",\"datePublished\":\"2008-02-25T13:41:00+00:00\",\"dateModified\":\"2021-08-27T13:43:03+00:00\",\"mainEntityOfPage\":{\"@id\":\"https:\\\/\\\/matis.is\\\/frettir\\\/nyr-bunadur-hradar-greiningum-a-olifraenum-snefilefnum\\\/\"},\"wordCount\":289,\"publisher\":{\"@id\":\"https:\\\/\\\/matis.is\\\/#organization\"},\"image\":{\"@id\":\"https:\\\/\\\/matis.is\\\/frettir\\\/nyr-bunadur-hradar-greiningum-a-olifraenum-snefilefnum\\\/#primaryimage\"},\"thumbnailUrl\":\"https:\\\/\\\/matis.is\\\/wp-content\\\/uploads\\\/Sasan.jpg\",\"articleSection\":[\"Fr\u00e9ttir\"],\"inLanguage\":\"en-GB\"},{\"@type\":\"WebPage\",\"@id\":\"https:\\\/\\\/matis.is\\\/frettir\\\/nyr-bunadur-hradar-greiningum-a-olifraenum-snefilefnum\\\/\",\"url\":\"https:\\\/\\\/matis.is\\\/frettir\\\/nyr-bunadur-hradar-greiningum-a-olifraenum-snefilefnum\\\/\",\"name\":\"N\u00fdr b\u00fana\u00f0ur hra\u00f0ar greiningum \u00e1 \u00f3l\u00edfr\u00e6num snefilefnum - Mat\u00eds\",\"isPartOf\":{\"@id\":\"https:\\\/\\\/matis.is\\\/#website\"},\"primaryImageOfPage\":{\"@id\":\"https:\\\/\\\/matis.is\\\/frettir\\\/nyr-bunadur-hradar-greiningum-a-olifraenum-snefilefnum\\\/#primaryimage\"},\"image\":{\"@id\":\"https:\\\/\\\/matis.is\\\/frettir\\\/nyr-bunadur-hradar-greiningum-a-olifraenum-snefilefnum\\\/#primaryimage\"},\"thumbnailUrl\":\"https:\\\/\\\/matis.is\\\/wp-content\\\/uploads\\\/Sasan.jpg\",\"datePublished\":\"2008-02-25T13:41:00+00:00\",\"dateModified\":\"2021-08-27T13:43:03+00:00\",\"breadcrumb\":{\"@id\":\"https:\\\/\\\/matis.is\\\/frettir\\\/nyr-bunadur-hradar-greiningum-a-olifraenum-snefilefnum\\\/#breadcrumb\"},\"inLanguage\":\"en-GB\",\"potentialAction\":[{\"@type\":\"ReadAction\",\"target\":[\"https:\\\/\\\/matis.is\\\/frettir\\\/nyr-bunadur-hradar-greiningum-a-olifraenum-snefilefnum\\\/\"]}]},{\"@type\":\"ImageObject\",\"inLanguage\":\"en-GB\",\"@id\":\"https:\\\/\\\/matis.is\\\/frettir\\\/nyr-bunadur-hradar-greiningum-a-olifraenum-snefilefnum\\\/#primaryimage\",\"url\":\"https:\\\/\\\/matis.is\\\/wp-content\\\/uploads\\\/Sasan.jpg\",\"contentUrl\":\"https:\\\/\\\/matis.is\\\/wp-content\\\/uploads\\\/Sasan.jpg\",\"width\":448,\"height\":163},{\"@type\":\"BreadcrumbList\",\"@id\":\"https:\\\/\\\/matis.is\\\/frettir\\\/nyr-bunadur-hradar-greiningum-a-olifraenum-snefilefnum\\\/#breadcrumb\",\"itemListElement\":[{\"@type\":\"ListItem\",\"position\":1,\"name\":\"Home\",\"item\":\"https:\\\/\\\/matis.is\\\/\"},{\"@type\":\"ListItem\",\"position\":2,\"name\":\"N\u00fdr b\u00fana\u00f0ur hra\u00f0ar greiningum \u00e1 \u00f3l\u00edfr\u00e6num snefilefnum\"}]},{\"@type\":\"WebSite\",\"@id\":\"https:\\\/\\\/matis.is\\\/#website\",\"url\":\"https:\\\/\\\/matis.is\\\/\",\"name\":\"Mat\u00eds\",\"description\":\"Ver\u00f0m\u00e6task\u00f6pun, matv\u00e6la\u00f6ryggi og l\u00fd\u00f0heilsa\",\"publisher\":{\"@id\":\"https:\\\/\\\/matis.is\\\/#organization\"},\"potentialAction\":[{\"@type\":\"SearchAction\",\"target\":{\"@type\":\"EntryPoint\",\"urlTemplate\":\"https:\\\/\\\/matis.is\\\/?s={search_term_string}\"},\"query-input\":{\"@type\":\"PropertyValueSpecification\",\"valueRequired\":true,\"valueName\":\"search_term_string\"}}],\"inLanguage\":\"en-GB\"},{\"@type\":\"Organization\",\"@id\":\"https:\\\/\\\/matis.is\\\/#organization\",\"name\":\"Mat\u00eds ohf.\",\"url\":\"https:\\\/\\\/matis.is\\\/\",\"logo\":{\"@type\":\"ImageObject\",\"inLanguage\":\"en-GB\",\"@id\":\"https:\\\/\\\/matis.is\\\/#\\\/schema\\\/logo\\\/image\\\/\",\"url\":\"https:\\\/\\\/matis.is\\\/wp-content\\\/uploads\\\/2021\\\/02\\\/matis_logo_blatthvitt.png\",\"contentUrl\":\"https:\\\/\\\/matis.is\\\/wp-content\\\/uploads\\\/2021\\\/02\\\/matis_logo_blatthvitt.png\",\"width\":1507,\"height\":1507,\"caption\":\"Mat\u00eds ohf.\"},\"image\":{\"@id\":\"https:\\\/\\\/matis.is\\\/#\\\/schema\\\/logo\\\/image\\\/\"},\"sameAs\":[\"https:\\\/\\\/www.facebook.com\\\/matisiceland\",\"https:\\\/\\\/x.com\\\/matisiceland\",\"https:\\\/\\\/www.instagram.com\\\/matisiceland\\\/\",\"https:\\\/\\\/www.linkedin.com\\\/matisiceland\\\/\",\"https:\\\/\\\/www.youtube.com\\\/channel\\\/UCY-frt3uTqgVZW-DLjoo5bA\"]},{\"@type\":\"Person\",\"@id\":\"https:\\\/\\\/matis.is\\\/#\\\/schema\\\/person\\\/33b92c850c915c93e67f291e3381a49a\",\"name\":\"admin\",\"sameAs\":[\"https:\\\/\\\/matis.mareframe.eu\"],\"url\":\"https:\\\/\\\/matis.is\\\/en\\\/author\\\/thormodurmatis-is\\\/\"}]}<\/script>\n<!-- \/ Yoast SEO plugin. -->","yoast_head_json":{"title":"New equipment speeds up the analysis of inorganic trace elements - Mat\u00eds","robots":{"index":"index","follow":"follow","max-snippet":"max-snippet:-1","max-image-preview":"max-image-preview:large","max-video-preview":"max-video-preview:-1"},"canonical":"https:\/\/matis.is\/en\/frettir\/nyr-bunadur-hradar-greiningum-a-olifraenum-snefilefnum\/","og_locale":"en_GB","og_type":"article","og_title":"N\u00fdr b\u00fana\u00f0ur hra\u00f0ar greiningum \u00e1 \u00f3l\u00edfr\u00e6num snefilefnum - Mat\u00eds","og_description":"Efnaranns\u00f3knadeild Mat\u00eds hefur teki\u00f0 \u00ed notkun n\u00fdtt t\u00e6ki til a\u00f0 undirb\u00faa s\u00fdni til m\u00e6linga \u00e1 \u00f3l\u00edfr\u00e6num snefilefnum eins og bl\u00fdi, [&hellip;]","og_url":"https:\/\/matis.is\/en\/frettir\/nyr-bunadur-hradar-greiningum-a-olifraenum-snefilefnum\/","og_site_name":"Mat\u00eds","article_publisher":"https:\/\/www.facebook.com\/matisiceland","article_published_time":"2008-02-25T13:41:00+00:00","article_modified_time":"2021-08-27T13:43:03+00:00","og_image":[{"width":448,"height":163,"url":"https:\/\/matis.is\/wp-content\/uploads\/Sasan.jpg","type":"image\/jpeg"}],"author":"admin","twitter_card":"summary_large_image","twitter_creator":"@matisiceland","twitter_site":"@matisiceland","twitter_misc":{"Written by":"admin","Estimated reading time":"1 minute"},"schema":{"@context":"https:\/\/schema.org","@graph":[{"@type":"Article","@id":"https:\/\/matis.is\/frettir\/nyr-bunadur-hradar-greiningum-a-olifraenum-snefilefnum\/#article","isPartOf":{"@id":"https:\/\/matis.is\/frettir\/nyr-bunadur-hradar-greiningum-a-olifraenum-snefilefnum\/"},"author":{"name":"admin","@id":"https:\/\/matis.is\/#\/schema\/person\/33b92c850c915c93e67f291e3381a49a"},"headline":"N\u00fdr b\u00fana\u00f0ur hra\u00f0ar greiningum \u00e1 \u00f3l\u00edfr\u00e6num snefilefnum","datePublished":"2008-02-25T13:41:00+00:00","dateModified":"2021-08-27T13:43:03+00:00","mainEntityOfPage":{"@id":"https:\/\/matis.is\/frettir\/nyr-bunadur-hradar-greiningum-a-olifraenum-snefilefnum\/"},"wordCount":289,"publisher":{"@id":"https:\/\/matis.is\/#organization"},"image":{"@id":"https:\/\/matis.is\/frettir\/nyr-bunadur-hradar-greiningum-a-olifraenum-snefilefnum\/#primaryimage"},"thumbnailUrl":"https:\/\/matis.is\/wp-content\/uploads\/Sasan.jpg","articleSection":["Fr\u00e9ttir"],"inLanguage":"en-GB"},{"@type":"WebPage","@id":"https:\/\/matis.is\/frettir\/nyr-bunadur-hradar-greiningum-a-olifraenum-snefilefnum\/","url":"https:\/\/matis.is\/frettir\/nyr-bunadur-hradar-greiningum-a-olifraenum-snefilefnum\/","name":"New equipment speeds up the analysis of inorganic trace elements - Mat\u00eds","isPartOf":{"@id":"https:\/\/matis.is\/#website"},"primaryImageOfPage":{"@id":"https:\/\/matis.is\/frettir\/nyr-bunadur-hradar-greiningum-a-olifraenum-snefilefnum\/#primaryimage"},"image":{"@id":"https:\/\/matis.is\/frettir\/nyr-bunadur-hradar-greiningum-a-olifraenum-snefilefnum\/#primaryimage"},"thumbnailUrl":"https:\/\/matis.is\/wp-content\/uploads\/Sasan.jpg","datePublished":"2008-02-25T13:41:00+00:00","dateModified":"2021-08-27T13:43:03+00:00","breadcrumb":{"@id":"https:\/\/matis.is\/frettir\/nyr-bunadur-hradar-greiningum-a-olifraenum-snefilefnum\/#breadcrumb"},"inLanguage":"en-GB","potentialAction":[{"@type":"ReadAction","target":["https:\/\/matis.is\/frettir\/nyr-bunadur-hradar-greiningum-a-olifraenum-snefilefnum\/"]}]},{"@type":"ImageObject","inLanguage":"en-GB","@id":"https:\/\/matis.is\/frettir\/nyr-bunadur-hradar-greiningum-a-olifraenum-snefilefnum\/#primaryimage","url":"https:\/\/matis.is\/wp-content\/uploads\/Sasan.jpg","contentUrl":"https:\/\/matis.is\/wp-content\/uploads\/Sasan.jpg","width":448,"height":163},{"@type":"BreadcrumbList","@id":"https:\/\/matis.is\/frettir\/nyr-bunadur-hradar-greiningum-a-olifraenum-snefilefnum\/#breadcrumb","itemListElement":[{"@type":"ListItem","position":1,"name":"Home","item":"https:\/\/matis.is\/"},{"@type":"ListItem","position":2,"name":"N\u00fdr b\u00fana\u00f0ur hra\u00f0ar greiningum \u00e1 \u00f3l\u00edfr\u00e6num snefilefnum"}]},{"@type":"WebSite","@id":"https:\/\/matis.is\/#website","url":"https:\/\/matis.is\/","name":"Mat\u00eds","description":"Value creation, food security and public health","publisher":{"@id":"https:\/\/matis.is\/#organization"},"potentialAction":[{"@type":"SearchAction","target":{"@type":"EntryPoint","urlTemplate":"https:\/\/matis.is\/?s={search_term_string}"},"query-input":{"@type":"PropertyValueSpecification","valueRequired":true,"valueName":"search_term_string"}}],"inLanguage":"en-GB"},{"@type":"Organization","@id":"https:\/\/matis.is\/#organization","name":"Mat\u00eds ohf.","url":"https:\/\/matis.is\/","logo":{"@type":"ImageObject","inLanguage":"en-GB","@id":"https:\/\/matis.is\/#\/schema\/logo\/image\/","url":"https:\/\/matis.is\/wp-content\/uploads\/2021\/02\/matis_logo_blatthvitt.png","contentUrl":"https:\/\/matis.is\/wp-content\/uploads\/2021\/02\/matis_logo_blatthvitt.png","width":1507,"height":1507,"caption":"Mat\u00eds ohf."},"image":{"@id":"https:\/\/matis.is\/#\/schema\/logo\/image\/"},"sameAs":["https:\/\/www.facebook.com\/matisiceland","https:\/\/x.com\/matisiceland","https:\/\/www.instagram.com\/matisiceland\/","https:\/\/www.linkedin.com\/matisiceland\/","https:\/\/www.youtube.com\/channel\/UCY-frt3uTqgVZW-DLjoo5bA"]},{"@type":"Person","@id":"https:\/\/matis.is\/#\/schema\/person\/33b92c850c915c93e67f291e3381a49a","name":"admin","sameAs":["https:\/\/matis.mareframe.eu"],"url":"https:\/\/matis.is\/en\/author\/thormodurmatis-is\/"}]}},"spectra_custom_meta":{"_edit_lock":["1630071783:5"],"_wp_old_date":["2021-08-27"],"_thumbnail_id":["43382"],"_wp_page_template":["templates\/template-cover.php"],"_edit_last":["5"],"tengilidur":[""],"_tengilidur":["field_5ef905e0538b2"],"_yoast_wpseo_primary_category":["1973"],"_yoast_wpseo_content_score":["30"],"_yoast_wpseo_estimated-reading-time-minutes":["1"],"wpmm_postgrid_views":["400"],"_uag_css_file_name":["uag-css-43532.css"],"_uag_page_assets":["a:9:{s:3:\"css\";s:263:\".uag-blocks-common-selector{z-index:var(--z-index-desktop) !important}@media (max-width: 976px){.uag-blocks-common-selector{z-index:var(--z-index-tablet) !important}}@media (max-width: 767px){.uag-blocks-common-selector{z-index:var(--z-index-mobile) !important}}\n\";s:2:\"js\";s:0:\"\";s:18:\"current_block_list\";a:6:{i:0;s:12:\"core\/heading\";i:1;s:14:\"core\/paragraph\";i:2;s:12:\"core\/buttons\";i:3;s:11:\"core\/button\";i:4;s:12:\"core\/columns\";i:5;s:11:\"core\/column\";}s:8:\"uag_flag\";b:0;s:11:\"uag_version\";s:10:\"1777040860\";s:6:\"gfonts\";a:0:{}s:10:\"gfonts_url\";s:0:\"\";s:12:\"gfonts_files\";a:0:{}s:14:\"uag_faq_layout\";b:0;}"]},"uagb_featured_image_src":{"full":["https:\/\/matis.is\/wp-content\/uploads\/Sasan.jpg",448,163,false],"thumbnail":["https:\/\/matis.is\/wp-content\/uploads\/Sasan-150x150.jpg",150,150,true],"medium":["https:\/\/matis.is\/wp-content\/uploads\/Sasan-300x109.jpg",300,109,true],"medium_large":["https:\/\/matis.is\/wp-content\/uploads\/Sasan.jpg",448,163,false],"large":["https:\/\/matis.is\/wp-content\/uploads\/Sasan.jpg",448,163,false],"1536x1536":["https:\/\/matis.is\/wp-content\/uploads\/Sasan.jpg",448,163,false],"2048x2048":["https:\/\/matis.is\/wp-content\/uploads\/Sasan.jpg",448,163,false],"trp-custom-language-flag":["https:\/\/matis.is\/wp-content\/uploads\/Sasan.jpg",18,7,false]},"uagb_author_info":{"display_name":"admin","author_link":"https:\/\/matis.is\/en\/author\/thormodurmatis-is\/"},"uagb_comment_info":0,"uagb_excerpt":"Efnaranns\u00f3knadeild Mat\u00eds hefur teki\u00f0 \u00ed notkun n\u00fdtt t\u00e6ki til a\u00f0 undirb\u00faa s\u00fdni til m\u00e6linga \u00e1 \u00f3l\u00edfr\u00e6num snefilefnum eins og bl\u00fdi, [&hellip;]","_links":{"self":[{"href":"https:\/\/matis.is\/en\/wp-json\/wp\/v2\/posts\/43532","targetHints":{"allow":["GET"]}}],"collection":[{"href":"https:\/\/matis.is\/en\/wp-json\/wp\/v2\/posts"}],"about":[{"href":"https:\/\/matis.is\/en\/wp-json\/wp\/v2\/types\/post"}],"author":[{"embeddable":true,"href":"https:\/\/matis.is\/en\/wp-json\/wp\/v2\/users\/1"}],"replies":[{"embeddable":true,"href":"https:\/\/matis.is\/en\/wp-json\/wp\/v2\/comments?post=43532"}],"version-history":[{"count":1,"href":"https:\/\/matis.is\/en\/wp-json\/wp\/v2\/posts\/43532\/revisions"}],"predecessor-version":[{"id":43533,"href":"https:\/\/matis.is\/en\/wp-json\/wp\/v2\/posts\/43532\/revisions\/43533"}],"wp:featuredmedia":[{"embeddable":true,"href":"https:\/\/matis.is\/en\/wp-json\/wp\/v2\/media\/43382"}],"wp:attachment":[{"href":"https:\/\/matis.is\/en\/wp-json\/wp\/v2\/media?parent=43532"}],"wp:term":[{"taxonomy":"category","embeddable":true,"href":"https:\/\/matis.is\/en\/wp-json\/wp\/v2\/categories?post=43532"},{"taxonomy":"post_tag","embeddable":true,"href":"https:\/\/matis.is\/en\/wp-json\/wp\/v2\/tags?post=43532"}],"curies":[{"name":"wp","href":"https:\/\/api.w.org\/{rel}","templated":true}]}}