{"id":43547,"date":"2008-02-12T13:48:00","date_gmt":"2008-02-12T13:48:00","guid":{"rendered":"https:\/\/matis.is\/?p=43547"},"modified":"2021-08-27T13:50:00","modified_gmt":"2021-08-27T13:50:00","slug":"matis-med-formennsku-i-european-sensory-network","status":"publish","type":"post","link":"https:\/\/matis.is\/en\/frettir\/matis-med-formennsku-i-european-sensory-network\/","title":{"rendered":"Mat\u00eds holds the chairmanship of the European Sensory Network"},"content":{"rendered":"<h4 class=\"wp-block-heading\">At the beginning of the year, Emil\u00eda Martinsd\u00f3ttir, Head of Mat\u00eds&#039; Processing and Product Development Division, took over the chairmanship of the European Sensory Network (ESN), an international association of research institutes and companies in the field of sensory evaluation and consumer research. Emilia will hold the presidency for the next two years.<\/h4>\n\n\n\n<p>The ESN has 23 participants from 16 European countries, but there are also four non-European members of the organization: from Canada, South Africa, Australia and Israel.<br>This international organization was originally established as a forum for discussion and collaboration among the best research companies in each country and is intended to ensure the food industry in each country accessible and safe methods of sensory evaluation. Participants all have extensive experience in this field.<\/p>\n\n\n\n<p>ESN&#039;s activities include:<br>\u2022 Meetings to compare methods, research results and to organize research projects<br>\u2022 Hold seminars for industry in different countries<br>\u2022 Develop methods in the field of sensory evaluation and consumer surveys<br>\u2022 Joint research projects.<\/p>\n\n\n\n<p>This year, companies in the food industries of these countries are invited to participate directly in ESN (ESN-Industry Network Partnerships). The companies will provide funding for specific research projects that they can agree on, and the research projects will be carried out by two or more ESN participants at a time. New research projects will then be selected annually. Among other things, the use of sensory evaluation and the best common methods in that field will be promoted to improve food product development. This ESN industry platform will increase the interaction of individual ESN members with the food industry.&nbsp;<\/p>\n\n\n\n<p>&nbsp;<br><a href=\"https:\/\/gamla.matis.is\/matis\/mannaudur\/starfsfolk-og-simanumer\/persona\/15\/fyrirtaeki\/1\" target=\"_blank\" rel=\"noreferrer noopener\">Emilia<\/a>&nbsp;is the head of department&nbsp;<a href=\"https:\/\/gamla.matis.is\/aherslur\/vinnsla-og-voruthroun\/neytendur-og-skynmat\/\" target=\"_blank\" rel=\"noreferrer noopener\">Consumer and sensory evaluation department<\/a>&nbsp;at Mat\u00eds. She says that Mat\u00eds is a leader in the field of sensory evaluation in this country and that these international activities are part of the acquisition of knowledge and experience in Iceland that will be of great benefit to the Icelandic food industry.&nbsp;<\/p>\n\n\n\n<p>More about&nbsp;<a href=\"http:\/\/www.esn-network.com\/\" target=\"_blank\" rel=\"noreferrer noopener\"><strong>ESN<\/strong><\/a><\/p>","protected":false},"excerpt":{"rendered":"<p>Emil\u00eda Martinsd\u00f3ttir, deildarstj\u00f3ri \u00e1 Vinnslu- og v\u00f6ru\u00fer\u00f3unarsvi\u00f0i Mat\u00eds, t\u00f3k \u00ed byrjun \u00e1rs vi\u00f0 formennsku \u00ed European Sensory Network (ESN) sem [&hellip;]<\/p>\n","protected":false},"author":1,"featured_media":43548,"comment_status":"closed","ping_status":"closed","sticky":false,"template":"templates\/template-cover.php","format":"standard","meta":{"_acf_changed":false,"_uag_custom_page_level_css":"","site-sidebar-layout":"default","site-content-layout":"","ast-site-content-layout":"default","site-content-style":"default","site-sidebar-style":"default","ast-global-header-display":"","ast-banner-title-visibility":"","ast-main-header-display":"","ast-hfb-above-header-display":"","ast-hfb-below-header-display":"","ast-hfb-mobile-header-display":"","site-post-title":"","ast-breadcrumbs-content":"","ast-featured-img":"","footer-sml-layout":"","ast-disable-related-posts":"","theme-transparent-header-meta":"","adv-header-id-meta":"","stick-header-meta":"","header-above-stick-meta":"","header-main-stick-meta":"","header-below-stick-meta":"","astra-migrate-meta-layouts":"default","ast-page-background-enabled":"default","ast-page-background-meta":{"desktop":{"background-color":"var(--ast-global-color-5)","background-image":"","background-repeat":"repeat","background-position":"center center","background-size":"auto","background-attachment":"scroll","background-type":"","background-media":"","overlay-type":"","overlay-color":"","overlay-opacity":"","overlay-gradient":""},"tablet":{"background-color":"","background-image":"","background-repeat":"repeat","background-position":"center center","background-size":"auto","background-attachment":"scroll","background-type":"","background-media":"","overlay-type":"","overlay-color":"","overlay-opacity":"","overlay-gradient":""},"mobile":{"background-color":"","background-image":"","background-repeat":"repeat","background-position":"center center","background-size":"auto","background-attachment":"scroll","background-type":"","background-media":"","overlay-type":"","overlay-color":"","overlay-opacity":"","overlay-gradient":""}},"ast-content-background-meta":{"desktop":{"background-color":"var(--ast-global-color-4)","background-image":"","background-repeat":"repeat","background-position":"center center","background-size":"auto","background-attachment":"scroll","background-type":"","background-media":"","overlay-type":"","overlay-color":"","overlay-opacity":"","overlay-gradient":""},"tablet":{"background-color":"var(--ast-global-color-4)","background-image":"","background-repeat":"repeat","background-position":"center center","background-size":"auto","background-attachment":"scroll","background-type":"","background-media":"","overlay-type":"","overlay-color":"","overlay-opacity":"","overlay-gradient":""},"mobile":{"background-color":"var(--ast-global-color-4)","background-image":"","background-repeat":"repeat","background-position":"center center","background-size":"auto","background-attachment":"scroll","background-type":"","background-media":"","overlay-type":"","overlay-color":"","overlay-opacity":"","overlay-gradient":""}},"footnotes":""},"categories":[1973],"tags":[],"class_list":["post-43547","post","type-post","status-publish","format-standard","has-post-thumbnail","hentry","category-frettir"],"acf":[],"yoast_head":"<!-- This site is optimized with the Yoast SEO plugin v27.4 - https:\/\/yoast.com\/product\/yoast-seo-wordpress\/ -->\n<title>Mat\u00eds me\u00f0 formennsku \u00ed European Sensory Network - Mat\u00eds<\/title>\n<meta name=\"robots\" content=\"index, follow, max-snippet:-1, max-image-preview:large, max-video-preview:-1\" \/>\n<link rel=\"canonical\" href=\"https:\/\/matis.is\/en\/frettir\/matis-med-formennsku-i-european-sensory-network\/\" \/>\n<meta property=\"og:locale\" content=\"en_GB\" \/>\n<meta property=\"og:type\" content=\"article\" \/>\n<meta property=\"og:title\" content=\"Mat\u00eds me\u00f0 formennsku \u00ed European Sensory Network - Mat\u00eds\" \/>\n<meta property=\"og:description\" content=\"Emil\u00eda Martinsd\u00f3ttir, deildarstj\u00f3ri \u00e1 Vinnslu- og v\u00f6ru\u00fer\u00f3unarsvi\u00f0i Mat\u00eds, t\u00f3k \u00ed byrjun \u00e1rs vi\u00f0 formennsku \u00ed European Sensory Network (ESN) sem [&hellip;]\" \/>\n<meta property=\"og:url\" content=\"https:\/\/matis.is\/en\/frettir\/matis-med-formennsku-i-european-sensory-network\/\" \/>\n<meta property=\"og:site_name\" content=\"Mat\u00eds\" \/>\n<meta property=\"article:publisher\" content=\"https:\/\/www.facebook.com\/matisiceland\" \/>\n<meta property=\"article:published_time\" content=\"2008-02-12T13:48:00+00:00\" \/>\n<meta property=\"article:modified_time\" content=\"2021-08-27T13:50:00+00:00\" \/>\n<meta property=\"og:image\" content=\"https:\/\/matis.is\/wp-content\/uploads\/Skynmat_Matis.jpg\" \/>\n\t<meta property=\"og:image:width\" content=\"448\" \/>\n\t<meta property=\"og:image:height\" content=\"163\" \/>\n\t<meta property=\"og:image:type\" content=\"image\/jpeg\" \/>\n<meta name=\"author\" content=\"admin\" \/>\n<meta name=\"twitter:card\" content=\"summary_large_image\" \/>\n<meta name=\"twitter:creator\" content=\"@matisiceland\" \/>\n<meta name=\"twitter:site\" content=\"@matisiceland\" \/>\n<meta name=\"twitter:label1\" content=\"Written by\" \/>\n\t<meta name=\"twitter:data1\" content=\"admin\" \/>\n\t<meta name=\"twitter:label2\" content=\"Estimated reading time\" \/>\n\t<meta name=\"twitter:data2\" content=\"2 minutes\" \/>\n<script type=\"application\/ld+json\" class=\"yoast-schema-graph\">{\"@context\":\"https:\\\/\\\/schema.org\",\"@graph\":[{\"@type\":\"Article\",\"@id\":\"https:\\\/\\\/matis.is\\\/en\\\/frettir\\\/matis-med-formennsku-i-european-sensory-network\\\/#article\",\"isPartOf\":{\"@id\":\"https:\\\/\\\/matis.is\\\/en\\\/frettir\\\/matis-med-formennsku-i-european-sensory-network\\\/\"},\"author\":{\"name\":\"admin\",\"@id\":\"https:\\\/\\\/matis.is\\\/#\\\/schema\\\/person\\\/33b92c850c915c93e67f291e3381a49a\"},\"headline\":\"Mat\u00eds me\u00f0 formennsku \u00ed European Sensory Network\",\"datePublished\":\"2008-02-12T13:48:00+00:00\",\"dateModified\":\"2021-08-27T13:50:00+00:00\",\"mainEntityOfPage\":{\"@id\":\"https:\\\/\\\/matis.is\\\/en\\\/frettir\\\/matis-med-formennsku-i-european-sensory-network\\\/\"},\"wordCount\":362,\"publisher\":{\"@id\":\"https:\\\/\\\/matis.is\\\/#organization\"},\"image\":{\"@id\":\"https:\\\/\\\/matis.is\\\/en\\\/frettir\\\/matis-med-formennsku-i-european-sensory-network\\\/#primaryimage\"},\"thumbnailUrl\":\"https:\\\/\\\/matis.is\\\/wp-content\\\/uploads\\\/Skynmat_Matis.jpg\",\"articleSection\":[\"Fr\u00e9ttir\"],\"inLanguage\":\"en-GB\"},{\"@type\":\"WebPage\",\"@id\":\"https:\\\/\\\/matis.is\\\/en\\\/frettir\\\/matis-med-formennsku-i-european-sensory-network\\\/\",\"url\":\"https:\\\/\\\/matis.is\\\/en\\\/frettir\\\/matis-med-formennsku-i-european-sensory-network\\\/\",\"name\":\"Mat\u00eds me\u00f0 formennsku \u00ed European Sensory Network - Mat\u00eds\",\"isPartOf\":{\"@id\":\"https:\\\/\\\/matis.is\\\/#website\"},\"primaryImageOfPage\":{\"@id\":\"https:\\\/\\\/matis.is\\\/en\\\/frettir\\\/matis-med-formennsku-i-european-sensory-network\\\/#primaryimage\"},\"image\":{\"@id\":\"https:\\\/\\\/matis.is\\\/en\\\/frettir\\\/matis-med-formennsku-i-european-sensory-network\\\/#primaryimage\"},\"thumbnailUrl\":\"https:\\\/\\\/matis.is\\\/wp-content\\\/uploads\\\/Skynmat_Matis.jpg\",\"datePublished\":\"2008-02-12T13:48:00+00:00\",\"dateModified\":\"2021-08-27T13:50:00+00:00\",\"breadcrumb\":{\"@id\":\"https:\\\/\\\/matis.is\\\/en\\\/frettir\\\/matis-med-formennsku-i-european-sensory-network\\\/#breadcrumb\"},\"inLanguage\":\"en-GB\",\"potentialAction\":[{\"@type\":\"ReadAction\",\"target\":[\"https:\\\/\\\/matis.is\\\/en\\\/frettir\\\/matis-med-formennsku-i-european-sensory-network\\\/\"]}]},{\"@type\":\"ImageObject\",\"inLanguage\":\"en-GB\",\"@id\":\"https:\\\/\\\/matis.is\\\/en\\\/frettir\\\/matis-med-formennsku-i-european-sensory-network\\\/#primaryimage\",\"url\":\"https:\\\/\\\/matis.is\\\/wp-content\\\/uploads\\\/Skynmat_Matis.jpg\",\"contentUrl\":\"https:\\\/\\\/matis.is\\\/wp-content\\\/uploads\\\/Skynmat_Matis.jpg\",\"width\":448,\"height\":163,\"caption\":\"OLYMPUS DIGITAL CAMERA\"},{\"@type\":\"BreadcrumbList\",\"@id\":\"https:\\\/\\\/matis.is\\\/en\\\/frettir\\\/matis-med-formennsku-i-european-sensory-network\\\/#breadcrumb\",\"itemListElement\":[{\"@type\":\"ListItem\",\"position\":1,\"name\":\"Home\",\"item\":\"https:\\\/\\\/matis.is\\\/\"},{\"@type\":\"ListItem\",\"position\":2,\"name\":\"Mat\u00eds me\u00f0 formennsku \u00ed European Sensory Network\"}]},{\"@type\":\"WebSite\",\"@id\":\"https:\\\/\\\/matis.is\\\/#website\",\"url\":\"https:\\\/\\\/matis.is\\\/\",\"name\":\"Mat\u00eds\",\"description\":\"Ver\u00f0m\u00e6task\u00f6pun, matv\u00e6la\u00f6ryggi og l\u00fd\u00f0heilsa\",\"publisher\":{\"@id\":\"https:\\\/\\\/matis.is\\\/#organization\"},\"potentialAction\":[{\"@type\":\"SearchAction\",\"target\":{\"@type\":\"EntryPoint\",\"urlTemplate\":\"https:\\\/\\\/matis.is\\\/?s={search_term_string}\"},\"query-input\":{\"@type\":\"PropertyValueSpecification\",\"valueRequired\":true,\"valueName\":\"search_term_string\"}}],\"inLanguage\":\"en-GB\"},{\"@type\":\"Organization\",\"@id\":\"https:\\\/\\\/matis.is\\\/#organization\",\"name\":\"Mat\u00eds ohf.\",\"url\":\"https:\\\/\\\/matis.is\\\/\",\"logo\":{\"@type\":\"ImageObject\",\"inLanguage\":\"en-GB\",\"@id\":\"https:\\\/\\\/matis.is\\\/#\\\/schema\\\/logo\\\/image\\\/\",\"url\":\"https:\\\/\\\/matis.is\\\/wp-content\\\/uploads\\\/2021\\\/02\\\/matis_logo_blatthvitt.png\",\"contentUrl\":\"https:\\\/\\\/matis.is\\\/wp-content\\\/uploads\\\/2021\\\/02\\\/matis_logo_blatthvitt.png\",\"width\":1507,\"height\":1507,\"caption\":\"Mat\u00eds ohf.\"},\"image\":{\"@id\":\"https:\\\/\\\/matis.is\\\/#\\\/schema\\\/logo\\\/image\\\/\"},\"sameAs\":[\"https:\\\/\\\/www.facebook.com\\\/matisiceland\",\"https:\\\/\\\/x.com\\\/matisiceland\",\"https:\\\/\\\/www.instagram.com\\\/matisiceland\\\/\",\"https:\\\/\\\/www.linkedin.com\\\/matisiceland\\\/\",\"https:\\\/\\\/www.youtube.com\\\/channel\\\/UCY-frt3uTqgVZW-DLjoo5bA\"]},{\"@type\":\"Person\",\"@id\":\"https:\\\/\\\/matis.is\\\/#\\\/schema\\\/person\\\/33b92c850c915c93e67f291e3381a49a\",\"name\":\"admin\",\"sameAs\":[\"https:\\\/\\\/matis.mareframe.eu\"],\"url\":\"https:\\\/\\\/matis.is\\\/en\\\/author\\\/thormodurmatis-is\\\/\"}]}<\/script>\n<!-- \/ Yoast SEO plugin. -->","yoast_head_json":{"title":"Mat\u00eds with chairmanship of the European Sensory Network - Mat\u00eds","robots":{"index":"index","follow":"follow","max-snippet":"max-snippet:-1","max-image-preview":"max-image-preview:large","max-video-preview":"max-video-preview:-1"},"canonical":"https:\/\/matis.is\/en\/frettir\/matis-med-formennsku-i-european-sensory-network\/","og_locale":"en_GB","og_type":"article","og_title":"Mat\u00eds me\u00f0 formennsku \u00ed European Sensory Network - Mat\u00eds","og_description":"Emil\u00eda Martinsd\u00f3ttir, deildarstj\u00f3ri \u00e1 Vinnslu- og v\u00f6ru\u00fer\u00f3unarsvi\u00f0i Mat\u00eds, t\u00f3k \u00ed byrjun \u00e1rs vi\u00f0 formennsku \u00ed European Sensory Network (ESN) sem [&hellip;]","og_url":"https:\/\/matis.is\/en\/frettir\/matis-med-formennsku-i-european-sensory-network\/","og_site_name":"Mat\u00eds","article_publisher":"https:\/\/www.facebook.com\/matisiceland","article_published_time":"2008-02-12T13:48:00+00:00","article_modified_time":"2021-08-27T13:50:00+00:00","og_image":[{"width":448,"height":163,"url":"https:\/\/matis.is\/wp-content\/uploads\/Skynmat_Matis.jpg","type":"image\/jpeg"}],"author":"admin","twitter_card":"summary_large_image","twitter_creator":"@matisiceland","twitter_site":"@matisiceland","twitter_misc":{"Written by":"admin","Estimated reading time":"2 minutes"},"schema":{"@context":"https:\/\/schema.org","@graph":[{"@type":"Article","@id":"https:\/\/matis.is\/en\/frettir\/matis-med-formennsku-i-european-sensory-network\/#article","isPartOf":{"@id":"https:\/\/matis.is\/en\/frettir\/matis-med-formennsku-i-european-sensory-network\/"},"author":{"name":"admin","@id":"https:\/\/matis.is\/#\/schema\/person\/33b92c850c915c93e67f291e3381a49a"},"headline":"Mat\u00eds me\u00f0 formennsku \u00ed European Sensory Network","datePublished":"2008-02-12T13:48:00+00:00","dateModified":"2021-08-27T13:50:00+00:00","mainEntityOfPage":{"@id":"https:\/\/matis.is\/en\/frettir\/matis-med-formennsku-i-european-sensory-network\/"},"wordCount":362,"publisher":{"@id":"https:\/\/matis.is\/#organization"},"image":{"@id":"https:\/\/matis.is\/en\/frettir\/matis-med-formennsku-i-european-sensory-network\/#primaryimage"},"thumbnailUrl":"https:\/\/matis.is\/wp-content\/uploads\/Skynmat_Matis.jpg","articleSection":["Fr\u00e9ttir"],"inLanguage":"en-GB"},{"@type":"WebPage","@id":"https:\/\/matis.is\/en\/frettir\/matis-med-formennsku-i-european-sensory-network\/","url":"https:\/\/matis.is\/en\/frettir\/matis-med-formennsku-i-european-sensory-network\/","name":"Mat\u00eds with chairmanship of the European Sensory Network - Mat\u00eds","isPartOf":{"@id":"https:\/\/matis.is\/#website"},"primaryImageOfPage":{"@id":"https:\/\/matis.is\/en\/frettir\/matis-med-formennsku-i-european-sensory-network\/#primaryimage"},"image":{"@id":"https:\/\/matis.is\/en\/frettir\/matis-med-formennsku-i-european-sensory-network\/#primaryimage"},"thumbnailUrl":"https:\/\/matis.is\/wp-content\/uploads\/Skynmat_Matis.jpg","datePublished":"2008-02-12T13:48:00+00:00","dateModified":"2021-08-27T13:50:00+00:00","breadcrumb":{"@id":"https:\/\/matis.is\/en\/frettir\/matis-med-formennsku-i-european-sensory-network\/#breadcrumb"},"inLanguage":"en-GB","potentialAction":[{"@type":"ReadAction","target":["https:\/\/matis.is\/en\/frettir\/matis-med-formennsku-i-european-sensory-network\/"]}]},{"@type":"ImageObject","inLanguage":"en-GB","@id":"https:\/\/matis.is\/en\/frettir\/matis-med-formennsku-i-european-sensory-network\/#primaryimage","url":"https:\/\/matis.is\/wp-content\/uploads\/Skynmat_Matis.jpg","contentUrl":"https:\/\/matis.is\/wp-content\/uploads\/Skynmat_Matis.jpg","width":448,"height":163,"caption":"OLYMPUS DIGITAL CAMERA"},{"@type":"BreadcrumbList","@id":"https:\/\/matis.is\/en\/frettir\/matis-med-formennsku-i-european-sensory-network\/#breadcrumb","itemListElement":[{"@type":"ListItem","position":1,"name":"Home","item":"https:\/\/matis.is\/"},{"@type":"ListItem","position":2,"name":"Mat\u00eds me\u00f0 formennsku \u00ed European Sensory Network"}]},{"@type":"WebSite","@id":"https:\/\/matis.is\/#website","url":"https:\/\/matis.is\/","name":"Mat\u00eds","description":"Value creation, food security and public health","publisher":{"@id":"https:\/\/matis.is\/#organization"},"potentialAction":[{"@type":"SearchAction","target":{"@type":"EntryPoint","urlTemplate":"https:\/\/matis.is\/?s={search_term_string}"},"query-input":{"@type":"PropertyValueSpecification","valueRequired":true,"valueName":"search_term_string"}}],"inLanguage":"en-GB"},{"@type":"Organization","@id":"https:\/\/matis.is\/#organization","name":"Mat\u00eds ohf.","url":"https:\/\/matis.is\/","logo":{"@type":"ImageObject","inLanguage":"en-GB","@id":"https:\/\/matis.is\/#\/schema\/logo\/image\/","url":"https:\/\/matis.is\/wp-content\/uploads\/2021\/02\/matis_logo_blatthvitt.png","contentUrl":"https:\/\/matis.is\/wp-content\/uploads\/2021\/02\/matis_logo_blatthvitt.png","width":1507,"height":1507,"caption":"Mat\u00eds ohf."},"image":{"@id":"https:\/\/matis.is\/#\/schema\/logo\/image\/"},"sameAs":["https:\/\/www.facebook.com\/matisiceland","https:\/\/x.com\/matisiceland","https:\/\/www.instagram.com\/matisiceland\/","https:\/\/www.linkedin.com\/matisiceland\/","https:\/\/www.youtube.com\/channel\/UCY-frt3uTqgVZW-DLjoo5bA"]},{"@type":"Person","@id":"https:\/\/matis.is\/#\/schema\/person\/33b92c850c915c93e67f291e3381a49a","name":"admin","sameAs":["https:\/\/matis.mareframe.eu"],"url":"https:\/\/matis.is\/en\/author\/thormodurmatis-is\/"}]}},"spectra_custom_meta":{"_edit_lock":["1630072200:5"],"_wp_old_date":["2021-08-27"],"_thumbnail_id":["43548"],"_wp_page_template":["templates\/template-cover.php"],"_edit_last":["5"],"tengilidur":[""],"_tengilidur":["field_5ef905e0538b2"],"_yoast_wpseo_primary_category":["1973"],"_yoast_wpseo_content_score":["30"],"_yoast_wpseo_estimated-reading-time-minutes":["2"],"wpmm_postgrid_views":["341"],"_uag_css_file_name":["uag-css-43547.css"],"_uag_page_assets":["a:9:{s:3:\"css\";s:263:\".uag-blocks-common-selector{z-index:var(--z-index-desktop) !important}@media (max-width: 976px){.uag-blocks-common-selector{z-index:var(--z-index-tablet) !important}}@media (max-width: 767px){.uag-blocks-common-selector{z-index:var(--z-index-mobile) !important}}\n\";s:2:\"js\";s:0:\"\";s:18:\"current_block_list\";a:6:{i:0;s:12:\"core\/heading\";i:1;s:14:\"core\/paragraph\";i:2;s:12:\"core\/buttons\";i:3;s:11:\"core\/button\";i:4;s:12:\"core\/columns\";i:5;s:11:\"core\/column\";}s:8:\"uag_flag\";b:0;s:11:\"uag_version\";s:10:\"1777040860\";s:6:\"gfonts\";a:0:{}s:10:\"gfonts_url\";s:0:\"\";s:12:\"gfonts_files\";a:0:{}s:14:\"uag_faq_layout\";b:0;}"]},"uagb_featured_image_src":{"full":["https:\/\/matis.is\/wp-content\/uploads\/Skynmat_Matis.jpg",448,163,false],"thumbnail":["https:\/\/matis.is\/wp-content\/uploads\/Skynmat_Matis-150x150.jpg",150,150,true],"medium":["https:\/\/matis.is\/wp-content\/uploads\/Skynmat_Matis-300x109.jpg",300,109,true],"medium_large":["https:\/\/matis.is\/wp-content\/uploads\/Skynmat_Matis.jpg",448,163,false],"large":["https:\/\/matis.is\/wp-content\/uploads\/Skynmat_Matis.jpg",448,163,false],"1536x1536":["https:\/\/matis.is\/wp-content\/uploads\/Skynmat_Matis.jpg",448,163,false],"2048x2048":["https:\/\/matis.is\/wp-content\/uploads\/Skynmat_Matis.jpg",448,163,false],"trp-custom-language-flag":["https:\/\/matis.is\/wp-content\/uploads\/Skynmat_Matis.jpg",18,7,false]},"uagb_author_info":{"display_name":"admin","author_link":"https:\/\/matis.is\/en\/author\/thormodurmatis-is\/"},"uagb_comment_info":0,"uagb_excerpt":"Emil\u00eda Martinsd\u00f3ttir, deildarstj\u00f3ri \u00e1 Vinnslu- og v\u00f6ru\u00fer\u00f3unarsvi\u00f0i Mat\u00eds, t\u00f3k \u00ed byrjun \u00e1rs vi\u00f0 formennsku \u00ed European Sensory Network (ESN) sem [&hellip;]","_links":{"self":[{"href":"https:\/\/matis.is\/en\/wp-json\/wp\/v2\/posts\/43547","targetHints":{"allow":["GET"]}}],"collection":[{"href":"https:\/\/matis.is\/en\/wp-json\/wp\/v2\/posts"}],"about":[{"href":"https:\/\/matis.is\/en\/wp-json\/wp\/v2\/types\/post"}],"author":[{"embeddable":true,"href":"https:\/\/matis.is\/en\/wp-json\/wp\/v2\/users\/1"}],"replies":[{"embeddable":true,"href":"https:\/\/matis.is\/en\/wp-json\/wp\/v2\/comments?post=43547"}],"version-history":[{"count":1,"href":"https:\/\/matis.is\/en\/wp-json\/wp\/v2\/posts\/43547\/revisions"}],"predecessor-version":[{"id":43549,"href":"https:\/\/matis.is\/en\/wp-json\/wp\/v2\/posts\/43547\/revisions\/43549"}],"wp:featuredmedia":[{"embeddable":true,"href":"https:\/\/matis.is\/en\/wp-json\/wp\/v2\/media\/43548"}],"wp:attachment":[{"href":"https:\/\/matis.is\/en\/wp-json\/wp\/v2\/media?parent=43547"}],"wp:term":[{"taxonomy":"category","embeddable":true,"href":"https:\/\/matis.is\/en\/wp-json\/wp\/v2\/categories?post=43547"},{"taxonomy":"post_tag","embeddable":true,"href":"https:\/\/matis.is\/en\/wp-json\/wp\/v2\/tags?post=43547"}],"curies":[{"name":"wp","href":"https:\/\/api.w.org\/{rel}","templated":true}]}}