{"id":43569,"date":"2008-01-22T14:02:00","date_gmt":"2008-01-22T14:02:00","guid":{"rendered":"https:\/\/matis.is\/?p=43569"},"modified":"2021-08-27T14:03:49","modified_gmt":"2021-08-27T14:03:49","slug":"matis-bydur-thjonustu-sina-vidar-i-nordur-evropu","status":"publish","type":"post","link":"https:\/\/matis.is\/en\/frettir\/matis-bydur-thjonustu-sina-vidar-i-nordur-evropu\/","title":{"rendered":"Mat\u00eds offers its services throughout Northern Europe"},"content":{"rendered":"<h4 class=\"wp-block-heading\">Matv\u00e6laranns\u00f3knir \u00cdslands (Mat\u00eds) has entered into a collaboration agreement with the innovation company Bitland Enterprises (BE), which makes it possible for Mat\u00eds to offer its services and advice in more places in Northern Europe than before. These include collaboration with companies in the food industry and collaborative projects through research funds in Europe.<\/h4>\n\n\n\n<p>Mat\u00eds has emphasized offering its advice and services in the food industry beyond Iceland, and the aim of the agreement is to make it easier for the company to achieve its goals. Mat\u00eds has already taken the first step in that direction in collaboration with the Norwegian research company SINTEF at the end of last year. It is hoped that the agreement with BE will increase Mat\u00eds&#039; potential in more areas. BE, based in Denmark and the Faroe Islands, has many years of experience in project management and through funds and in collaboration with companies in various industries, and Mat\u00eds will focus on offering BE&#039;s services in Iceland.<\/p>\n\n\n\n<p>&quot;The goal is first and foremost to offer food companies in Iceland, the Faroe Islands and other countries more solid knowledge for continued development in the food industry. We also focus on facilitating Mat\u00eds and BE&#039;s participation in innovation projects, especially through international projects, \u201dsays Sj\u00f6fn Sigurg\u00edslad\u00f3ttir, CEO of Mat\u00eds.<\/p>","protected":false},"excerpt":{"rendered":"<p>Matv\u00e6laranns\u00f3knir \u00cdslands (Mat\u00eds) hafa gert samstarfssamning vi\u00f0 n\u00fdsk\u00f6punarfyrirt\u00e6ki\u00f0 Bitland Enterprises (BE) sem gerir Mat\u00eds m\u00f6gulegt a\u00f0 bj\u00f3\u00f0a \u00fej\u00f3nustu og r\u00e1\u00f0gj\u00f6f [&hellip;]<\/p>\n","protected":false},"author":1,"featured_media":43570,"comment_status":"closed","ping_status":"closed","sticky":false,"template":"templates\/template-cover.php","format":"standard","meta":{"_acf_changed":false,"_uag_custom_page_level_css":"","site-sidebar-layout":"default","site-content-layout":"","ast-site-content-layout":"default","site-content-style":"default","site-sidebar-style":"default","ast-global-header-display":"","ast-banner-title-visibility":"","ast-main-header-display":"","ast-hfb-above-header-display":"","ast-hfb-below-header-display":"","ast-hfb-mobile-header-display":"","site-post-title":"","ast-breadcrumbs-content":"","ast-featured-img":"","footer-sml-layout":"","ast-disable-related-posts":"","theme-transparent-header-meta":"","adv-header-id-meta":"","stick-header-meta":"","header-above-stick-meta":"","header-main-stick-meta":"","header-below-stick-meta":"","astra-migrate-meta-layouts":"default","ast-page-background-enabled":"default","ast-page-background-meta":{"desktop":{"background-color":"var(--ast-global-color-5)","background-image":"","background-repeat":"repeat","background-position":"center center","background-size":"auto","background-attachment":"scroll","background-type":"","background-media":"","overlay-type":"","overlay-color":"","overlay-opacity":"","overlay-gradient":""},"tablet":{"background-color":"","background-image":"","background-repeat":"repeat","background-position":"center center","background-size":"auto","background-attachment":"scroll","background-type":"","background-media":"","overlay-type":"","overlay-color":"","overlay-opacity":"","overlay-gradient":""},"mobile":{"background-color":"","background-image":"","background-repeat":"repeat","background-position":"center center","background-size":"auto","background-attachment":"scroll","background-type":"","background-media":"","overlay-type":"","overlay-color":"","overlay-opacity":"","overlay-gradient":""}},"ast-content-background-meta":{"desktop":{"background-color":"var(--ast-global-color-4)","background-image":"","background-repeat":"repeat","background-position":"center center","background-size":"auto","background-attachment":"scroll","background-type":"","background-media":"","overlay-type":"","overlay-color":"","overlay-opacity":"","overlay-gradient":""},"tablet":{"background-color":"var(--ast-global-color-4)","background-image":"","background-repeat":"repeat","background-position":"center center","background-size":"auto","background-attachment":"scroll","background-type":"","background-media":"","overlay-type":"","overlay-color":"","overlay-opacity":"","overlay-gradient":""},"mobile":{"background-color":"var(--ast-global-color-4)","background-image":"","background-repeat":"repeat","background-position":"center center","background-size":"auto","background-attachment":"scroll","background-type":"","background-media":"","overlay-type":"","overlay-color":"","overlay-opacity":"","overlay-gradient":""}},"footnotes":""},"categories":[1973],"tags":[],"class_list":["post-43569","post","type-post","status-publish","format-standard","has-post-thumbnail","hentry","category-frettir"],"acf":[],"yoast_head":"<!-- This site is optimized with the Yoast SEO plugin v27.4 - https:\/\/yoast.com\/product\/yoast-seo-wordpress\/ -->\n<title>Mat\u00eds b\u00fd\u00f0ur \u00fej\u00f3nustu s\u00edna v\u00ed\u00f0ar \u00ed Nor\u00f0ur-Evr\u00f3pu - Mat\u00eds<\/title>\n<meta name=\"robots\" content=\"index, follow, max-snippet:-1, max-image-preview:large, max-video-preview:-1\" \/>\n<link rel=\"canonical\" href=\"https:\/\/matis.is\/en\/frettir\/matis-bydur-thjonustu-sina-vidar-i-nordur-evropu\/\" \/>\n<meta property=\"og:locale\" content=\"en_GB\" \/>\n<meta property=\"og:type\" content=\"article\" \/>\n<meta property=\"og:title\" content=\"Mat\u00eds b\u00fd\u00f0ur \u00fej\u00f3nustu s\u00edna v\u00ed\u00f0ar \u00ed Nor\u00f0ur-Evr\u00f3pu - Mat\u00eds\" \/>\n<meta property=\"og:description\" content=\"Matv\u00e6laranns\u00f3knir \u00cdslands (Mat\u00eds) hafa gert samstarfssamning vi\u00f0 n\u00fdsk\u00f6punarfyrirt\u00e6ki\u00f0 Bitland Enterprises (BE) sem gerir Mat\u00eds m\u00f6gulegt a\u00f0 bj\u00f3\u00f0a \u00fej\u00f3nustu og r\u00e1\u00f0gj\u00f6f [&hellip;]\" \/>\n<meta property=\"og:url\" content=\"https:\/\/matis.is\/en\/frettir\/matis-bydur-thjonustu-sina-vidar-i-nordur-evropu\/\" \/>\n<meta property=\"og:site_name\" content=\"Mat\u00eds\" \/>\n<meta property=\"article:publisher\" content=\"https:\/\/www.facebook.com\/matisiceland\" \/>\n<meta property=\"article:published_time\" content=\"2008-01-22T14:02:00+00:00\" \/>\n<meta property=\"article:modified_time\" content=\"2021-08-27T14:03:49+00:00\" \/>\n<meta property=\"og:image\" content=\"https:\/\/matis.is\/wp-content\/uploads\/Matis_og_Bitland.jpg\" \/>\n\t<meta property=\"og:image:width\" content=\"640\" \/>\n\t<meta property=\"og:image:height\" content=\"233\" \/>\n\t<meta property=\"og:image:type\" content=\"image\/jpeg\" \/>\n<meta name=\"author\" content=\"admin\" \/>\n<meta name=\"twitter:card\" content=\"summary_large_image\" \/>\n<meta name=\"twitter:creator\" content=\"@matisiceland\" \/>\n<meta name=\"twitter:site\" content=\"@matisiceland\" \/>\n<meta name=\"twitter:label1\" content=\"Written by\" \/>\n\t<meta name=\"twitter:data1\" content=\"admin\" \/>\n\t<meta name=\"twitter:label2\" content=\"Estimated reading time\" \/>\n\t<meta name=\"twitter:data2\" content=\"1 minute\" \/>\n<script type=\"application\/ld+json\" class=\"yoast-schema-graph\">{\"@context\":\"https:\\\/\\\/schema.org\",\"@graph\":[{\"@type\":\"Article\",\"@id\":\"https:\\\/\\\/matis.is\\\/frettir\\\/matis-bydur-thjonustu-sina-vidar-i-nordur-evropu\\\/#article\",\"isPartOf\":{\"@id\":\"https:\\\/\\\/matis.is\\\/frettir\\\/matis-bydur-thjonustu-sina-vidar-i-nordur-evropu\\\/\"},\"author\":{\"name\":\"admin\",\"@id\":\"https:\\\/\\\/matis.is\\\/#\\\/schema\\\/person\\\/33b92c850c915c93e67f291e3381a49a\"},\"headline\":\"Mat\u00eds b\u00fd\u00f0ur \u00fej\u00f3nustu s\u00edna v\u00ed\u00f0ar \u00ed Nor\u00f0ur-Evr\u00f3pu\",\"datePublished\":\"2008-01-22T14:02:00+00:00\",\"dateModified\":\"2021-08-27T14:03:49+00:00\",\"mainEntityOfPage\":{\"@id\":\"https:\\\/\\\/matis.is\\\/frettir\\\/matis-bydur-thjonustu-sina-vidar-i-nordur-evropu\\\/\"},\"wordCount\":259,\"publisher\":{\"@id\":\"https:\\\/\\\/matis.is\\\/#organization\"},\"image\":{\"@id\":\"https:\\\/\\\/matis.is\\\/frettir\\\/matis-bydur-thjonustu-sina-vidar-i-nordur-evropu\\\/#primaryimage\"},\"thumbnailUrl\":\"https:\\\/\\\/matis.is\\\/wp-content\\\/uploads\\\/Matis_og_Bitland.jpg\",\"articleSection\":[\"Fr\u00e9ttir\"],\"inLanguage\":\"en-GB\"},{\"@type\":\"WebPage\",\"@id\":\"https:\\\/\\\/matis.is\\\/frettir\\\/matis-bydur-thjonustu-sina-vidar-i-nordur-evropu\\\/\",\"url\":\"https:\\\/\\\/matis.is\\\/frettir\\\/matis-bydur-thjonustu-sina-vidar-i-nordur-evropu\\\/\",\"name\":\"Mat\u00eds b\u00fd\u00f0ur \u00fej\u00f3nustu s\u00edna v\u00ed\u00f0ar \u00ed Nor\u00f0ur-Evr\u00f3pu - Mat\u00eds\",\"isPartOf\":{\"@id\":\"https:\\\/\\\/matis.is\\\/#website\"},\"primaryImageOfPage\":{\"@id\":\"https:\\\/\\\/matis.is\\\/frettir\\\/matis-bydur-thjonustu-sina-vidar-i-nordur-evropu\\\/#primaryimage\"},\"image\":{\"@id\":\"https:\\\/\\\/matis.is\\\/frettir\\\/matis-bydur-thjonustu-sina-vidar-i-nordur-evropu\\\/#primaryimage\"},\"thumbnailUrl\":\"https:\\\/\\\/matis.is\\\/wp-content\\\/uploads\\\/Matis_og_Bitland.jpg\",\"datePublished\":\"2008-01-22T14:02:00+00:00\",\"dateModified\":\"2021-08-27T14:03:49+00:00\",\"breadcrumb\":{\"@id\":\"https:\\\/\\\/matis.is\\\/frettir\\\/matis-bydur-thjonustu-sina-vidar-i-nordur-evropu\\\/#breadcrumb\"},\"inLanguage\":\"en-GB\",\"potentialAction\":[{\"@type\":\"ReadAction\",\"target\":[\"https:\\\/\\\/matis.is\\\/frettir\\\/matis-bydur-thjonustu-sina-vidar-i-nordur-evropu\\\/\"]}]},{\"@type\":\"ImageObject\",\"inLanguage\":\"en-GB\",\"@id\":\"https:\\\/\\\/matis.is\\\/frettir\\\/matis-bydur-thjonustu-sina-vidar-i-nordur-evropu\\\/#primaryimage\",\"url\":\"https:\\\/\\\/matis.is\\\/wp-content\\\/uploads\\\/Matis_og_Bitland.jpg\",\"contentUrl\":\"https:\\\/\\\/matis.is\\\/wp-content\\\/uploads\\\/Matis_og_Bitland.jpg\",\"width\":640,\"height\":233},{\"@type\":\"BreadcrumbList\",\"@id\":\"https:\\\/\\\/matis.is\\\/frettir\\\/matis-bydur-thjonustu-sina-vidar-i-nordur-evropu\\\/#breadcrumb\",\"itemListElement\":[{\"@type\":\"ListItem\",\"position\":1,\"name\":\"Home\",\"item\":\"https:\\\/\\\/matis.is\\\/\"},{\"@type\":\"ListItem\",\"position\":2,\"name\":\"Mat\u00eds b\u00fd\u00f0ur \u00fej\u00f3nustu s\u00edna v\u00ed\u00f0ar \u00ed Nor\u00f0ur-Evr\u00f3pu\"}]},{\"@type\":\"WebSite\",\"@id\":\"https:\\\/\\\/matis.is\\\/#website\",\"url\":\"https:\\\/\\\/matis.is\\\/\",\"name\":\"Mat\u00eds\",\"description\":\"Ver\u00f0m\u00e6task\u00f6pun, matv\u00e6la\u00f6ryggi og l\u00fd\u00f0heilsa\",\"publisher\":{\"@id\":\"https:\\\/\\\/matis.is\\\/#organization\"},\"potentialAction\":[{\"@type\":\"SearchAction\",\"target\":{\"@type\":\"EntryPoint\",\"urlTemplate\":\"https:\\\/\\\/matis.is\\\/?s={search_term_string}\"},\"query-input\":{\"@type\":\"PropertyValueSpecification\",\"valueRequired\":true,\"valueName\":\"search_term_string\"}}],\"inLanguage\":\"en-GB\"},{\"@type\":\"Organization\",\"@id\":\"https:\\\/\\\/matis.is\\\/#organization\",\"name\":\"Mat\u00eds ohf.\",\"url\":\"https:\\\/\\\/matis.is\\\/\",\"logo\":{\"@type\":\"ImageObject\",\"inLanguage\":\"en-GB\",\"@id\":\"https:\\\/\\\/matis.is\\\/#\\\/schema\\\/logo\\\/image\\\/\",\"url\":\"https:\\\/\\\/matis.is\\\/wp-content\\\/uploads\\\/2021\\\/02\\\/matis_logo_blatthvitt.png\",\"contentUrl\":\"https:\\\/\\\/matis.is\\\/wp-content\\\/uploads\\\/2021\\\/02\\\/matis_logo_blatthvitt.png\",\"width\":1507,\"height\":1507,\"caption\":\"Mat\u00eds ohf.\"},\"image\":{\"@id\":\"https:\\\/\\\/matis.is\\\/#\\\/schema\\\/logo\\\/image\\\/\"},\"sameAs\":[\"https:\\\/\\\/www.facebook.com\\\/matisiceland\",\"https:\\\/\\\/x.com\\\/matisiceland\",\"https:\\\/\\\/www.instagram.com\\\/matisiceland\\\/\",\"https:\\\/\\\/www.linkedin.com\\\/matisiceland\\\/\",\"https:\\\/\\\/www.youtube.com\\\/channel\\\/UCY-frt3uTqgVZW-DLjoo5bA\"]},{\"@type\":\"Person\",\"@id\":\"https:\\\/\\\/matis.is\\\/#\\\/schema\\\/person\\\/33b92c850c915c93e67f291e3381a49a\",\"name\":\"admin\",\"sameAs\":[\"https:\\\/\\\/matis.mareframe.eu\"],\"url\":\"https:\\\/\\\/matis.is\\\/en\\\/author\\\/thormodurmatis-is\\\/\"}]}<\/script>\n<!-- \/ Yoast SEO plugin. -->","yoast_head_json":{"title":"Mat\u00eds offers its services throughout Northern Europe - Mat\u00eds","robots":{"index":"index","follow":"follow","max-snippet":"max-snippet:-1","max-image-preview":"max-image-preview:large","max-video-preview":"max-video-preview:-1"},"canonical":"https:\/\/matis.is\/en\/frettir\/matis-bydur-thjonustu-sina-vidar-i-nordur-evropu\/","og_locale":"en_GB","og_type":"article","og_title":"Mat\u00eds b\u00fd\u00f0ur \u00fej\u00f3nustu s\u00edna v\u00ed\u00f0ar \u00ed Nor\u00f0ur-Evr\u00f3pu - Mat\u00eds","og_description":"Matv\u00e6laranns\u00f3knir \u00cdslands (Mat\u00eds) hafa gert samstarfssamning vi\u00f0 n\u00fdsk\u00f6punarfyrirt\u00e6ki\u00f0 Bitland Enterprises (BE) sem gerir Mat\u00eds m\u00f6gulegt a\u00f0 bj\u00f3\u00f0a \u00fej\u00f3nustu og r\u00e1\u00f0gj\u00f6f [&hellip;]","og_url":"https:\/\/matis.is\/en\/frettir\/matis-bydur-thjonustu-sina-vidar-i-nordur-evropu\/","og_site_name":"Mat\u00eds","article_publisher":"https:\/\/www.facebook.com\/matisiceland","article_published_time":"2008-01-22T14:02:00+00:00","article_modified_time":"2021-08-27T14:03:49+00:00","og_image":[{"width":640,"height":233,"url":"https:\/\/matis.is\/wp-content\/uploads\/Matis_og_Bitland.jpg","type":"image\/jpeg"}],"author":"admin","twitter_card":"summary_large_image","twitter_creator":"@matisiceland","twitter_site":"@matisiceland","twitter_misc":{"Written by":"admin","Estimated reading time":"1 minute"},"schema":{"@context":"https:\/\/schema.org","@graph":[{"@type":"Article","@id":"https:\/\/matis.is\/frettir\/matis-bydur-thjonustu-sina-vidar-i-nordur-evropu\/#article","isPartOf":{"@id":"https:\/\/matis.is\/frettir\/matis-bydur-thjonustu-sina-vidar-i-nordur-evropu\/"},"author":{"name":"admin","@id":"https:\/\/matis.is\/#\/schema\/person\/33b92c850c915c93e67f291e3381a49a"},"headline":"Mat\u00eds b\u00fd\u00f0ur \u00fej\u00f3nustu s\u00edna v\u00ed\u00f0ar \u00ed Nor\u00f0ur-Evr\u00f3pu","datePublished":"2008-01-22T14:02:00+00:00","dateModified":"2021-08-27T14:03:49+00:00","mainEntityOfPage":{"@id":"https:\/\/matis.is\/frettir\/matis-bydur-thjonustu-sina-vidar-i-nordur-evropu\/"},"wordCount":259,"publisher":{"@id":"https:\/\/matis.is\/#organization"},"image":{"@id":"https:\/\/matis.is\/frettir\/matis-bydur-thjonustu-sina-vidar-i-nordur-evropu\/#primaryimage"},"thumbnailUrl":"https:\/\/matis.is\/wp-content\/uploads\/Matis_og_Bitland.jpg","articleSection":["Fr\u00e9ttir"],"inLanguage":"en-GB"},{"@type":"WebPage","@id":"https:\/\/matis.is\/frettir\/matis-bydur-thjonustu-sina-vidar-i-nordur-evropu\/","url":"https:\/\/matis.is\/frettir\/matis-bydur-thjonustu-sina-vidar-i-nordur-evropu\/","name":"Mat\u00eds offers its services throughout Northern Europe - Mat\u00eds","isPartOf":{"@id":"https:\/\/matis.is\/#website"},"primaryImageOfPage":{"@id":"https:\/\/matis.is\/frettir\/matis-bydur-thjonustu-sina-vidar-i-nordur-evropu\/#primaryimage"},"image":{"@id":"https:\/\/matis.is\/frettir\/matis-bydur-thjonustu-sina-vidar-i-nordur-evropu\/#primaryimage"},"thumbnailUrl":"https:\/\/matis.is\/wp-content\/uploads\/Matis_og_Bitland.jpg","datePublished":"2008-01-22T14:02:00+00:00","dateModified":"2021-08-27T14:03:49+00:00","breadcrumb":{"@id":"https:\/\/matis.is\/frettir\/matis-bydur-thjonustu-sina-vidar-i-nordur-evropu\/#breadcrumb"},"inLanguage":"en-GB","potentialAction":[{"@type":"ReadAction","target":["https:\/\/matis.is\/frettir\/matis-bydur-thjonustu-sina-vidar-i-nordur-evropu\/"]}]},{"@type":"ImageObject","inLanguage":"en-GB","@id":"https:\/\/matis.is\/frettir\/matis-bydur-thjonustu-sina-vidar-i-nordur-evropu\/#primaryimage","url":"https:\/\/matis.is\/wp-content\/uploads\/Matis_og_Bitland.jpg","contentUrl":"https:\/\/matis.is\/wp-content\/uploads\/Matis_og_Bitland.jpg","width":640,"height":233},{"@type":"BreadcrumbList","@id":"https:\/\/matis.is\/frettir\/matis-bydur-thjonustu-sina-vidar-i-nordur-evropu\/#breadcrumb","itemListElement":[{"@type":"ListItem","position":1,"name":"Home","item":"https:\/\/matis.is\/"},{"@type":"ListItem","position":2,"name":"Mat\u00eds b\u00fd\u00f0ur \u00fej\u00f3nustu s\u00edna v\u00ed\u00f0ar \u00ed Nor\u00f0ur-Evr\u00f3pu"}]},{"@type":"WebSite","@id":"https:\/\/matis.is\/#website","url":"https:\/\/matis.is\/","name":"Mat\u00eds","description":"Value creation, food security and public health","publisher":{"@id":"https:\/\/matis.is\/#organization"},"potentialAction":[{"@type":"SearchAction","target":{"@type":"EntryPoint","urlTemplate":"https:\/\/matis.is\/?s={search_term_string}"},"query-input":{"@type":"PropertyValueSpecification","valueRequired":true,"valueName":"search_term_string"}}],"inLanguage":"en-GB"},{"@type":"Organization","@id":"https:\/\/matis.is\/#organization","name":"Mat\u00eds ohf.","url":"https:\/\/matis.is\/","logo":{"@type":"ImageObject","inLanguage":"en-GB","@id":"https:\/\/matis.is\/#\/schema\/logo\/image\/","url":"https:\/\/matis.is\/wp-content\/uploads\/2021\/02\/matis_logo_blatthvitt.png","contentUrl":"https:\/\/matis.is\/wp-content\/uploads\/2021\/02\/matis_logo_blatthvitt.png","width":1507,"height":1507,"caption":"Mat\u00eds ohf."},"image":{"@id":"https:\/\/matis.is\/#\/schema\/logo\/image\/"},"sameAs":["https:\/\/www.facebook.com\/matisiceland","https:\/\/x.com\/matisiceland","https:\/\/www.instagram.com\/matisiceland\/","https:\/\/www.linkedin.com\/matisiceland\/","https:\/\/www.youtube.com\/channel\/UCY-frt3uTqgVZW-DLjoo5bA"]},{"@type":"Person","@id":"https:\/\/matis.is\/#\/schema\/person\/33b92c850c915c93e67f291e3381a49a","name":"admin","sameAs":["https:\/\/matis.mareframe.eu"],"url":"https:\/\/matis.is\/en\/author\/thormodurmatis-is\/"}]}},"spectra_custom_meta":{"_edit_lock":["1630073029:5"],"_wp_old_date":["2021-08-27"],"_thumbnail_id":["43570"],"_wp_page_template":["templates\/template-cover.php"],"_edit_last":["5"],"tengilidur":[""],"_tengilidur":["field_5ef905e0538b2"],"_yoast_wpseo_primary_category":["1973"],"_yoast_wpseo_content_score":["60"],"_yoast_wpseo_estimated-reading-time-minutes":["1"],"wpmm_postgrid_views":["368"],"_uag_css_file_name":["uag-css-43569.css"],"_uag_page_assets":["a:9:{s:3:\"css\";s:263:\".uag-blocks-common-selector{z-index:var(--z-index-desktop) !important}@media (max-width: 976px){.uag-blocks-common-selector{z-index:var(--z-index-tablet) !important}}@media (max-width: 767px){.uag-blocks-common-selector{z-index:var(--z-index-mobile) !important}}\n\";s:2:\"js\";s:0:\"\";s:18:\"current_block_list\";a:6:{i:0;s:12:\"core\/heading\";i:1;s:14:\"core\/paragraph\";i:2;s:12:\"core\/buttons\";i:3;s:11:\"core\/button\";i:4;s:12:\"core\/columns\";i:5;s:11:\"core\/column\";}s:8:\"uag_flag\";b:0;s:11:\"uag_version\";s:10:\"1777040860\";s:6:\"gfonts\";a:0:{}s:10:\"gfonts_url\";s:0:\"\";s:12:\"gfonts_files\";a:0:{}s:14:\"uag_faq_layout\";b:0;}"]},"uagb_featured_image_src":{"full":["https:\/\/matis.is\/wp-content\/uploads\/Matis_og_Bitland.jpg",640,233,false],"thumbnail":["https:\/\/matis.is\/wp-content\/uploads\/Matis_og_Bitland-150x150.jpg",150,150,true],"medium":["https:\/\/matis.is\/wp-content\/uploads\/Matis_og_Bitland-300x109.jpg",300,109,true],"medium_large":["https:\/\/matis.is\/wp-content\/uploads\/Matis_og_Bitland.jpg",640,233,false],"large":["https:\/\/matis.is\/wp-content\/uploads\/Matis_og_Bitland.jpg",640,233,false],"1536x1536":["https:\/\/matis.is\/wp-content\/uploads\/Matis_og_Bitland.jpg",640,233,false],"2048x2048":["https:\/\/matis.is\/wp-content\/uploads\/Matis_og_Bitland.jpg",640,233,false],"trp-custom-language-flag":["https:\/\/matis.is\/wp-content\/uploads\/Matis_og_Bitland.jpg",18,7,false]},"uagb_author_info":{"display_name":"admin","author_link":"https:\/\/matis.is\/en\/author\/thormodurmatis-is\/"},"uagb_comment_info":0,"uagb_excerpt":"Matv\u00e6laranns\u00f3knir \u00cdslands (Mat\u00eds) hafa gert samstarfssamning vi\u00f0 n\u00fdsk\u00f6punarfyrirt\u00e6ki\u00f0 Bitland Enterprises (BE) sem gerir Mat\u00eds m\u00f6gulegt a\u00f0 bj\u00f3\u00f0a \u00fej\u00f3nustu og r\u00e1\u00f0gj\u00f6f [&hellip;]","_links":{"self":[{"href":"https:\/\/matis.is\/en\/wp-json\/wp\/v2\/posts\/43569","targetHints":{"allow":["GET"]}}],"collection":[{"href":"https:\/\/matis.is\/en\/wp-json\/wp\/v2\/posts"}],"about":[{"href":"https:\/\/matis.is\/en\/wp-json\/wp\/v2\/types\/post"}],"author":[{"embeddable":true,"href":"https:\/\/matis.is\/en\/wp-json\/wp\/v2\/users\/1"}],"replies":[{"embeddable":true,"href":"https:\/\/matis.is\/en\/wp-json\/wp\/v2\/comments?post=43569"}],"version-history":[{"count":1,"href":"https:\/\/matis.is\/en\/wp-json\/wp\/v2\/posts\/43569\/revisions"}],"predecessor-version":[{"id":43571,"href":"https:\/\/matis.is\/en\/wp-json\/wp\/v2\/posts\/43569\/revisions\/43571"}],"wp:featuredmedia":[{"embeddable":true,"href":"https:\/\/matis.is\/en\/wp-json\/wp\/v2\/media\/43570"}],"wp:attachment":[{"href":"https:\/\/matis.is\/en\/wp-json\/wp\/v2\/media?parent=43569"}],"wp:term":[{"taxonomy":"category","embeddable":true,"href":"https:\/\/matis.is\/en\/wp-json\/wp\/v2\/categories?post=43569"},{"taxonomy":"post_tag","embeddable":true,"href":"https:\/\/matis.is\/en\/wp-json\/wp\/v2\/tags?post=43569"}],"curies":[{"name":"wp","href":"https:\/\/api.w.org\/{rel}","templated":true}]}}