{"id":43604,"date":"2007-11-29T08:35:00","date_gmt":"2007-11-29T08:35:00","guid":{"rendered":"https:\/\/matis.is\/?p=43604"},"modified":"2021-08-30T08:37:38","modified_gmt":"2021-08-30T08:37:38","slug":"matis-og-sintef-aukid-althjodlegt-samstarf-eflir-rannsoknir-og-throun-i-matvaelaidnadi-a-islandi","status":"publish","type":"post","link":"https:\/\/matis.is\/en\/frettir\/matis-og-sintef-aukid-althjodlegt-samstarf-eflir-rannsoknir-og-throun-i-matvaelaidnadi-a-islandi\/","title":{"rendered":"Mat\u00eds and SINTEF: Increased international cooperation: Strengthens research and development in the food industry in Iceland"},"content":{"rendered":"<h4 class=\"wp-block-heading\">Mat\u00eds (Matv\u00e6laranns\u00f3knir \u00cdslands) and the Norwegian research company SINTEF have entered into an agreement with the aim of promoting research, development and value in the fisheries and food industry in Iceland and Norway. The agreement enables Mat\u00eds to participate in research projects in collaboration with SINTEF and Norwegian companies in aquaculture and food research. The agreement will also increase Mat\u00eds&#039; ability to promote its activities abroad and participate in more international and pan-European research projects.<\/h4>\n\n\n\n<p><strong>Close collaboration with the University of Technology in Trondheim<\/strong><\/p>\n\n\n\n<p>The agreement will also make it possible for Icelandic companies and institutions to develop collaboration with SINTEF and companies and research institutes abroad.<\/p>\n\n\n\n<p>\u00a0<img decoding=\"async\" alt=\"Sj\u00f6fn Sigurg\u00edslad\u00f3ttir, CEO of Mat\u00eds, and Karl Alm\u00e5s, CEO of SINTEF&#039;s Fisheries and Aquaculture Department, hand-sell the agreement in Norway.\" src=\"https:\/\/gamla.matis.is\/media\/frettir\/small\/Matis_og_SINTEF.JPG\"><\/p>\n\n\n\n<p>SINTEF&#039;s main strengths for the Icelandic fisheries and food industry are knowledge in the fisheries sector, such as aquaculture. SINTEF can offer assistance in research and development of cod farming and processing technology in the fisheries sector, including fishing. SINTEF works closely with NTNU (Trondheim University of Technology), which increases the potential of Icelandic educational institutions for international collaboration.<\/p>\n\n\n\n<p>In the same way, Mat\u00eds can contribute expertise to companies in Norway in processing technology in the fisheries sector, aquaculture and biotechnology research for the fisheries sector.<br><br><strong>Contributes to increased knowledge in the Icelandic food industry<\/strong><\/p>\n\n\n\n<p>&quot;Mat\u00eds&#039; vision for the future is to strengthen the competitiveness of the Icelandic food industry. We believe that with our agreement with SINTEF, Mat\u00eds has taken an important step in that direction. SINTEF is a respected knowledge and research company on an international level, which has very valuable knowledge of the challenges facing Icelanders, such as aquaculture and processing technology in the fisheries sector. SINTEF can therefore contribute to increased knowledge in the Icelandic food industry and strengthen the potential of Icelandic companies and universities abroad. The collaboration also opens up new possibilities in research projects on behalf of the European Union. We therefore expect a lot from our collaboration with SINTEF in the coming years and we hope that it will further increase the value in the Icelandic food industry, &quot;says Sj\u00f6fn Sigurg\u00edslad\u00f3ttir, CEO of Mat\u00eds.<\/p>\n\n\n\n<p><strong>About SINTEF:<\/strong>&nbsp;Independent institute for research and development at the University of Technology in Trondheim, Norway. It operates in fisheries and aquaculture, among other places. Also in construction, civil engineering, information technology, chemistry, oil industry and energy industry.<\/p>\n\n\n\n<p><strong>The main objectives of the agreement between Mat\u00eds and SINTEF<\/strong><\/p>\n\n\n\n<ul class=\"wp-block-list\"><li>Work on joint research projects with companies in Iceland and Norway.<\/li><li>Collaborate on consolidating funding for research projects, not least in large European projects.<\/li><li>Mutual presentation of partner companies and research projects.<\/li><\/ul>","protected":false},"excerpt":{"rendered":"<p>Mat\u00eds (Matv\u00e6laranns\u00f3knir \u00cdslands) og norska ranns\u00f3knafyrirt\u00e6ki\u00f0 SINTEF hafa gert me\u00f0 s\u00e9r samkomulag sem hefur \u00fea\u00f0 a\u00f0 markmi\u00f0i a\u00f0 efla ranns\u00f3knir, [&hellip;]<\/p>\n","protected":false},"author":1,"featured_media":39514,"comment_status":"closed","ping_status":"closed","sticky":false,"template":"templates\/template-cover.php","format":"standard","meta":{"_acf_changed":false,"_uag_custom_page_level_css":"","site-sidebar-layout":"default","site-content-layout":"","ast-site-content-layout":"default","site-content-style":"default","site-sidebar-style":"default","ast-global-header-display":"","ast-banner-title-visibility":"","ast-main-header-display":"","ast-hfb-above-header-display":"","ast-hfb-below-header-display":"","ast-hfb-mobile-header-display":"","site-post-title":"","ast-breadcrumbs-content":"","ast-featured-img":"","footer-sml-layout":"","ast-disable-related-posts":"","theme-transparent-header-meta":"","adv-header-id-meta":"","stick-header-meta":"","header-above-stick-meta":"","header-main-stick-meta":"","header-below-stick-meta":"","astra-migrate-meta-layouts":"default","ast-page-background-enabled":"default","ast-page-background-meta":{"desktop":{"background-color":"var(--ast-global-color-5)","background-image":"","background-repeat":"repeat","background-position":"center center","background-size":"auto","background-attachment":"scroll","background-type":"","background-media":"","overlay-type":"","overlay-color":"","overlay-opacity":"","overlay-gradient":""},"tablet":{"background-color":"","background-image":"","background-repeat":"repeat","background-position":"center center","background-size":"auto","background-attachment":"scroll","background-type":"","background-media":"","overlay-type":"","overlay-color":"","overlay-opacity":"","overlay-gradient":""},"mobile":{"background-color":"","background-image":"","background-repeat":"repeat","background-position":"center center","background-size":"auto","background-attachment":"scroll","background-type":"","background-media":"","overlay-type":"","overlay-color":"","overlay-opacity":"","overlay-gradient":""}},"ast-content-background-meta":{"desktop":{"background-color":"var(--ast-global-color-4)","background-image":"","background-repeat":"repeat","background-position":"center center","background-size":"auto","background-attachment":"scroll","background-type":"","background-media":"","overlay-type":"","overlay-color":"","overlay-opacity":"","overlay-gradient":""},"tablet":{"background-color":"var(--ast-global-color-4)","background-image":"","background-repeat":"repeat","background-position":"center center","background-size":"auto","background-attachment":"scroll","background-type":"","background-media":"","overlay-type":"","overlay-color":"","overlay-opacity":"","overlay-gradient":""},"mobile":{"background-color":"var(--ast-global-color-4)","background-image":"","background-repeat":"repeat","background-position":"center center","background-size":"auto","background-attachment":"scroll","background-type":"","background-media":"","overlay-type":"","overlay-color":"","overlay-opacity":"","overlay-gradient":""}},"footnotes":""},"categories":[1973],"tags":[],"class_list":["post-43604","post","type-post","status-publish","format-standard","has-post-thumbnail","hentry","category-frettir"],"acf":[],"yoast_head":"<!-- This site is optimized with the Yoast SEO plugin v27.4 - https:\/\/yoast.com\/product\/yoast-seo-wordpress\/ -->\n<title>Mat\u00eds og SINTEF: Auki\u00f0 al\u00fej\u00f3\u00f0legt samstarf: Eflir ranns\u00f3knir og \u00fer\u00f3un \u00ed matv\u00e6lai\u00f0na\u00f0i \u00e1 \u00cdslandi - Mat\u00eds<\/title>\n<meta name=\"robots\" content=\"index, follow, max-snippet:-1, max-image-preview:large, max-video-preview:-1\" \/>\n<link rel=\"canonical\" href=\"https:\/\/matis.is\/en\/frettir\/matis-og-sintef-aukid-althjodlegt-samstarf-eflir-rannsoknir-og-throun-i-matvaelaidnadi-a-islandi\/\" \/>\n<meta property=\"og:locale\" content=\"en_GB\" \/>\n<meta property=\"og:type\" content=\"article\" \/>\n<meta property=\"og:title\" content=\"Mat\u00eds og SINTEF: Auki\u00f0 al\u00fej\u00f3\u00f0legt samstarf: Eflir ranns\u00f3knir og \u00fer\u00f3un \u00ed matv\u00e6lai\u00f0na\u00f0i \u00e1 \u00cdslandi - Mat\u00eds\" \/>\n<meta property=\"og:description\" content=\"Mat\u00eds (Matv\u00e6laranns\u00f3knir \u00cdslands) og norska ranns\u00f3knafyrirt\u00e6ki\u00f0 SINTEF hafa gert me\u00f0 s\u00e9r samkomulag sem hefur \u00fea\u00f0 a\u00f0 markmi\u00f0i a\u00f0 efla ranns\u00f3knir, [&hellip;]\" \/>\n<meta property=\"og:url\" content=\"https:\/\/matis.is\/en\/frettir\/matis-og-sintef-aukid-althjodlegt-samstarf-eflir-rannsoknir-og-throun-i-matvaelaidnadi-a-islandi\/\" \/>\n<meta property=\"og:site_name\" content=\"Mat\u00eds\" \/>\n<meta property=\"article:publisher\" content=\"https:\/\/www.facebook.com\/matisiceland\" \/>\n<meta property=\"article:published_time\" content=\"2007-11-29T08:35:00+00:00\" \/>\n<meta property=\"article:modified_time\" content=\"2021-08-30T08:37:38+00:00\" \/>\n<meta property=\"og:image\" content=\"https:\/\/matis.is\/wp-content\/uploads\/hus-matis.jpg\" \/>\n\t<meta property=\"og:image:width\" content=\"900\" \/>\n\t<meta property=\"og:image:height\" content=\"420\" \/>\n\t<meta property=\"og:image:type\" content=\"image\/jpeg\" \/>\n<meta name=\"author\" content=\"admin\" \/>\n<meta name=\"twitter:card\" content=\"summary_large_image\" \/>\n<meta name=\"twitter:creator\" content=\"@matisiceland\" \/>\n<meta name=\"twitter:site\" content=\"@matisiceland\" \/>\n<meta name=\"twitter:label1\" content=\"Written by\" \/>\n\t<meta name=\"twitter:data1\" content=\"admin\" \/>\n\t<meta name=\"twitter:label2\" content=\"Estimated reading time\" \/>\n\t<meta name=\"twitter:data2\" content=\"2 minutes\" \/>\n<script type=\"application\/ld+json\" class=\"yoast-schema-graph\">{\"@context\":\"https:\\\/\\\/schema.org\",\"@graph\":[{\"@type\":\"Article\",\"@id\":\"https:\\\/\\\/matis.is\\\/en\\\/frettir\\\/matis-og-sintef-aukid-althjodlegt-samstarf-eflir-rannsoknir-og-throun-i-matvaelaidnadi-a-islandi\\\/#article\",\"isPartOf\":{\"@id\":\"https:\\\/\\\/matis.is\\\/en\\\/frettir\\\/matis-og-sintef-aukid-althjodlegt-samstarf-eflir-rannsoknir-og-throun-i-matvaelaidnadi-a-islandi\\\/\"},\"author\":{\"name\":\"admin\",\"@id\":\"https:\\\/\\\/matis.is\\\/#\\\/schema\\\/person\\\/33b92c850c915c93e67f291e3381a49a\"},\"headline\":\"Mat\u00eds og SINTEF: Auki\u00f0 al\u00fej\u00f3\u00f0legt samstarf: Eflir ranns\u00f3knir og \u00fer\u00f3un \u00ed matv\u00e6lai\u00f0na\u00f0i \u00e1 \u00cdslandi\",\"datePublished\":\"2007-11-29T08:35:00+00:00\",\"dateModified\":\"2021-08-30T08:37:38+00:00\",\"mainEntityOfPage\":{\"@id\":\"https:\\\/\\\/matis.is\\\/en\\\/frettir\\\/matis-og-sintef-aukid-althjodlegt-samstarf-eflir-rannsoknir-og-throun-i-matvaelaidnadi-a-islandi\\\/\"},\"wordCount\":490,\"publisher\":{\"@id\":\"https:\\\/\\\/matis.is\\\/#organization\"},\"image\":{\"@id\":\"https:\\\/\\\/matis.is\\\/en\\\/frettir\\\/matis-og-sintef-aukid-althjodlegt-samstarf-eflir-rannsoknir-og-throun-i-matvaelaidnadi-a-islandi\\\/#primaryimage\"},\"thumbnailUrl\":\"https:\\\/\\\/matis.is\\\/wp-content\\\/uploads\\\/hus-matis.jpg\",\"articleSection\":[\"Fr\u00e9ttir\"],\"inLanguage\":\"en-GB\"},{\"@type\":\"WebPage\",\"@id\":\"https:\\\/\\\/matis.is\\\/en\\\/frettir\\\/matis-og-sintef-aukid-althjodlegt-samstarf-eflir-rannsoknir-og-throun-i-matvaelaidnadi-a-islandi\\\/\",\"url\":\"https:\\\/\\\/matis.is\\\/en\\\/frettir\\\/matis-og-sintef-aukid-althjodlegt-samstarf-eflir-rannsoknir-og-throun-i-matvaelaidnadi-a-islandi\\\/\",\"name\":\"Mat\u00eds og SINTEF: Auki\u00f0 al\u00fej\u00f3\u00f0legt samstarf: Eflir ranns\u00f3knir og \u00fer\u00f3un \u00ed matv\u00e6lai\u00f0na\u00f0i \u00e1 \u00cdslandi - Mat\u00eds\",\"isPartOf\":{\"@id\":\"https:\\\/\\\/matis.is\\\/#website\"},\"primaryImageOfPage\":{\"@id\":\"https:\\\/\\\/matis.is\\\/en\\\/frettir\\\/matis-og-sintef-aukid-althjodlegt-samstarf-eflir-rannsoknir-og-throun-i-matvaelaidnadi-a-islandi\\\/#primaryimage\"},\"image\":{\"@id\":\"https:\\\/\\\/matis.is\\\/en\\\/frettir\\\/matis-og-sintef-aukid-althjodlegt-samstarf-eflir-rannsoknir-og-throun-i-matvaelaidnadi-a-islandi\\\/#primaryimage\"},\"thumbnailUrl\":\"https:\\\/\\\/matis.is\\\/wp-content\\\/uploads\\\/hus-matis.jpg\",\"datePublished\":\"2007-11-29T08:35:00+00:00\",\"dateModified\":\"2021-08-30T08:37:38+00:00\",\"breadcrumb\":{\"@id\":\"https:\\\/\\\/matis.is\\\/en\\\/frettir\\\/matis-og-sintef-aukid-althjodlegt-samstarf-eflir-rannsoknir-og-throun-i-matvaelaidnadi-a-islandi\\\/#breadcrumb\"},\"inLanguage\":\"en-GB\",\"potentialAction\":[{\"@type\":\"ReadAction\",\"target\":[\"https:\\\/\\\/matis.is\\\/en\\\/frettir\\\/matis-og-sintef-aukid-althjodlegt-samstarf-eflir-rannsoknir-og-throun-i-matvaelaidnadi-a-islandi\\\/\"]}]},{\"@type\":\"ImageObject\",\"inLanguage\":\"en-GB\",\"@id\":\"https:\\\/\\\/matis.is\\\/en\\\/frettir\\\/matis-og-sintef-aukid-althjodlegt-samstarf-eflir-rannsoknir-og-throun-i-matvaelaidnadi-a-islandi\\\/#primaryimage\",\"url\":\"https:\\\/\\\/matis.is\\\/wp-content\\\/uploads\\\/hus-matis.jpg\",\"contentUrl\":\"https:\\\/\\\/matis.is\\\/wp-content\\\/uploads\\\/hus-matis.jpg\",\"width\":900,\"height\":420},{\"@type\":\"BreadcrumbList\",\"@id\":\"https:\\\/\\\/matis.is\\\/en\\\/frettir\\\/matis-og-sintef-aukid-althjodlegt-samstarf-eflir-rannsoknir-og-throun-i-matvaelaidnadi-a-islandi\\\/#breadcrumb\",\"itemListElement\":[{\"@type\":\"ListItem\",\"position\":1,\"name\":\"Home\",\"item\":\"https:\\\/\\\/matis.is\\\/\"},{\"@type\":\"ListItem\",\"position\":2,\"name\":\"Mat\u00eds og SINTEF: Auki\u00f0 al\u00fej\u00f3\u00f0legt samstarf: Eflir ranns\u00f3knir og \u00fer\u00f3un \u00ed matv\u00e6lai\u00f0na\u00f0i \u00e1 \u00cdslandi\"}]},{\"@type\":\"WebSite\",\"@id\":\"https:\\\/\\\/matis.is\\\/#website\",\"url\":\"https:\\\/\\\/matis.is\\\/\",\"name\":\"Mat\u00eds\",\"description\":\"Ver\u00f0m\u00e6task\u00f6pun, matv\u00e6la\u00f6ryggi og l\u00fd\u00f0heilsa\",\"publisher\":{\"@id\":\"https:\\\/\\\/matis.is\\\/#organization\"},\"potentialAction\":[{\"@type\":\"SearchAction\",\"target\":{\"@type\":\"EntryPoint\",\"urlTemplate\":\"https:\\\/\\\/matis.is\\\/?s={search_term_string}\"},\"query-input\":{\"@type\":\"PropertyValueSpecification\",\"valueRequired\":true,\"valueName\":\"search_term_string\"}}],\"inLanguage\":\"en-GB\"},{\"@type\":\"Organization\",\"@id\":\"https:\\\/\\\/matis.is\\\/#organization\",\"name\":\"Mat\u00eds ohf.\",\"url\":\"https:\\\/\\\/matis.is\\\/\",\"logo\":{\"@type\":\"ImageObject\",\"inLanguage\":\"en-GB\",\"@id\":\"https:\\\/\\\/matis.is\\\/#\\\/schema\\\/logo\\\/image\\\/\",\"url\":\"https:\\\/\\\/matis.is\\\/wp-content\\\/uploads\\\/2021\\\/02\\\/matis_logo_blatthvitt.png\",\"contentUrl\":\"https:\\\/\\\/matis.is\\\/wp-content\\\/uploads\\\/2021\\\/02\\\/matis_logo_blatthvitt.png\",\"width\":1507,\"height\":1507,\"caption\":\"Mat\u00eds ohf.\"},\"image\":{\"@id\":\"https:\\\/\\\/matis.is\\\/#\\\/schema\\\/logo\\\/image\\\/\"},\"sameAs\":[\"https:\\\/\\\/www.facebook.com\\\/matisiceland\",\"https:\\\/\\\/x.com\\\/matisiceland\",\"https:\\\/\\\/www.instagram.com\\\/matisiceland\\\/\",\"https:\\\/\\\/www.linkedin.com\\\/matisiceland\\\/\",\"https:\\\/\\\/www.youtube.com\\\/channel\\\/UCY-frt3uTqgVZW-DLjoo5bA\"]},{\"@type\":\"Person\",\"@id\":\"https:\\\/\\\/matis.is\\\/#\\\/schema\\\/person\\\/33b92c850c915c93e67f291e3381a49a\",\"name\":\"admin\",\"sameAs\":[\"https:\\\/\\\/matis.mareframe.eu\"],\"url\":\"https:\\\/\\\/matis.is\\\/en\\\/author\\\/thormodurmatis-is\\\/\"}]}<\/script>\n<!-- \/ Yoast SEO plugin. -->","yoast_head_json":{"title":"Mat\u00eds and SINTEF: Increased international cooperation: Strengthens research and development in the food industry in Iceland - Mat\u00eds","robots":{"index":"index","follow":"follow","max-snippet":"max-snippet:-1","max-image-preview":"max-image-preview:large","max-video-preview":"max-video-preview:-1"},"canonical":"https:\/\/matis.is\/en\/frettir\/matis-og-sintef-aukid-althjodlegt-samstarf-eflir-rannsoknir-og-throun-i-matvaelaidnadi-a-islandi\/","og_locale":"en_GB","og_type":"article","og_title":"Mat\u00eds og SINTEF: Auki\u00f0 al\u00fej\u00f3\u00f0legt samstarf: Eflir ranns\u00f3knir og \u00fer\u00f3un \u00ed matv\u00e6lai\u00f0na\u00f0i \u00e1 \u00cdslandi - Mat\u00eds","og_description":"Mat\u00eds (Matv\u00e6laranns\u00f3knir \u00cdslands) og norska ranns\u00f3knafyrirt\u00e6ki\u00f0 SINTEF hafa gert me\u00f0 s\u00e9r samkomulag sem hefur \u00fea\u00f0 a\u00f0 markmi\u00f0i a\u00f0 efla ranns\u00f3knir, [&hellip;]","og_url":"https:\/\/matis.is\/en\/frettir\/matis-og-sintef-aukid-althjodlegt-samstarf-eflir-rannsoknir-og-throun-i-matvaelaidnadi-a-islandi\/","og_site_name":"Mat\u00eds","article_publisher":"https:\/\/www.facebook.com\/matisiceland","article_published_time":"2007-11-29T08:35:00+00:00","article_modified_time":"2021-08-30T08:37:38+00:00","og_image":[{"width":900,"height":420,"url":"https:\/\/matis.is\/wp-content\/uploads\/hus-matis.jpg","type":"image\/jpeg"}],"author":"admin","twitter_card":"summary_large_image","twitter_creator":"@matisiceland","twitter_site":"@matisiceland","twitter_misc":{"Written by":"admin","Estimated reading time":"2 minutes"},"schema":{"@context":"https:\/\/schema.org","@graph":[{"@type":"Article","@id":"https:\/\/matis.is\/en\/frettir\/matis-og-sintef-aukid-althjodlegt-samstarf-eflir-rannsoknir-og-throun-i-matvaelaidnadi-a-islandi\/#article","isPartOf":{"@id":"https:\/\/matis.is\/en\/frettir\/matis-og-sintef-aukid-althjodlegt-samstarf-eflir-rannsoknir-og-throun-i-matvaelaidnadi-a-islandi\/"},"author":{"name":"admin","@id":"https:\/\/matis.is\/#\/schema\/person\/33b92c850c915c93e67f291e3381a49a"},"headline":"Mat\u00eds og SINTEF: Auki\u00f0 al\u00fej\u00f3\u00f0legt samstarf: Eflir ranns\u00f3knir og \u00fer\u00f3un \u00ed matv\u00e6lai\u00f0na\u00f0i \u00e1 \u00cdslandi","datePublished":"2007-11-29T08:35:00+00:00","dateModified":"2021-08-30T08:37:38+00:00","mainEntityOfPage":{"@id":"https:\/\/matis.is\/en\/frettir\/matis-og-sintef-aukid-althjodlegt-samstarf-eflir-rannsoknir-og-throun-i-matvaelaidnadi-a-islandi\/"},"wordCount":490,"publisher":{"@id":"https:\/\/matis.is\/#organization"},"image":{"@id":"https:\/\/matis.is\/en\/frettir\/matis-og-sintef-aukid-althjodlegt-samstarf-eflir-rannsoknir-og-throun-i-matvaelaidnadi-a-islandi\/#primaryimage"},"thumbnailUrl":"https:\/\/matis.is\/wp-content\/uploads\/hus-matis.jpg","articleSection":["Fr\u00e9ttir"],"inLanguage":"en-GB"},{"@type":"WebPage","@id":"https:\/\/matis.is\/en\/frettir\/matis-og-sintef-aukid-althjodlegt-samstarf-eflir-rannsoknir-og-throun-i-matvaelaidnadi-a-islandi\/","url":"https:\/\/matis.is\/en\/frettir\/matis-og-sintef-aukid-althjodlegt-samstarf-eflir-rannsoknir-og-throun-i-matvaelaidnadi-a-islandi\/","name":"Mat\u00eds and SINTEF: Increased international cooperation: Strengthens research and development in the food industry in Iceland - Mat\u00eds","isPartOf":{"@id":"https:\/\/matis.is\/#website"},"primaryImageOfPage":{"@id":"https:\/\/matis.is\/en\/frettir\/matis-og-sintef-aukid-althjodlegt-samstarf-eflir-rannsoknir-og-throun-i-matvaelaidnadi-a-islandi\/#primaryimage"},"image":{"@id":"https:\/\/matis.is\/en\/frettir\/matis-og-sintef-aukid-althjodlegt-samstarf-eflir-rannsoknir-og-throun-i-matvaelaidnadi-a-islandi\/#primaryimage"},"thumbnailUrl":"https:\/\/matis.is\/wp-content\/uploads\/hus-matis.jpg","datePublished":"2007-11-29T08:35:00+00:00","dateModified":"2021-08-30T08:37:38+00:00","breadcrumb":{"@id":"https:\/\/matis.is\/en\/frettir\/matis-og-sintef-aukid-althjodlegt-samstarf-eflir-rannsoknir-og-throun-i-matvaelaidnadi-a-islandi\/#breadcrumb"},"inLanguage":"en-GB","potentialAction":[{"@type":"ReadAction","target":["https:\/\/matis.is\/en\/frettir\/matis-og-sintef-aukid-althjodlegt-samstarf-eflir-rannsoknir-og-throun-i-matvaelaidnadi-a-islandi\/"]}]},{"@type":"ImageObject","inLanguage":"en-GB","@id":"https:\/\/matis.is\/en\/frettir\/matis-og-sintef-aukid-althjodlegt-samstarf-eflir-rannsoknir-og-throun-i-matvaelaidnadi-a-islandi\/#primaryimage","url":"https:\/\/matis.is\/wp-content\/uploads\/hus-matis.jpg","contentUrl":"https:\/\/matis.is\/wp-content\/uploads\/hus-matis.jpg","width":900,"height":420},{"@type":"BreadcrumbList","@id":"https:\/\/matis.is\/en\/frettir\/matis-og-sintef-aukid-althjodlegt-samstarf-eflir-rannsoknir-og-throun-i-matvaelaidnadi-a-islandi\/#breadcrumb","itemListElement":[{"@type":"ListItem","position":1,"name":"Home","item":"https:\/\/matis.is\/"},{"@type":"ListItem","position":2,"name":"Mat\u00eds og SINTEF: Auki\u00f0 al\u00fej\u00f3\u00f0legt samstarf: Eflir ranns\u00f3knir og \u00fer\u00f3un \u00ed matv\u00e6lai\u00f0na\u00f0i \u00e1 \u00cdslandi"}]},{"@type":"WebSite","@id":"https:\/\/matis.is\/#website","url":"https:\/\/matis.is\/","name":"Mat\u00eds","description":"Value creation, food security and public health","publisher":{"@id":"https:\/\/matis.is\/#organization"},"potentialAction":[{"@type":"SearchAction","target":{"@type":"EntryPoint","urlTemplate":"https:\/\/matis.is\/?s={search_term_string}"},"query-input":{"@type":"PropertyValueSpecification","valueRequired":true,"valueName":"search_term_string"}}],"inLanguage":"en-GB"},{"@type":"Organization","@id":"https:\/\/matis.is\/#organization","name":"Mat\u00eds ohf.","url":"https:\/\/matis.is\/","logo":{"@type":"ImageObject","inLanguage":"en-GB","@id":"https:\/\/matis.is\/#\/schema\/logo\/image\/","url":"https:\/\/matis.is\/wp-content\/uploads\/2021\/02\/matis_logo_blatthvitt.png","contentUrl":"https:\/\/matis.is\/wp-content\/uploads\/2021\/02\/matis_logo_blatthvitt.png","width":1507,"height":1507,"caption":"Mat\u00eds ohf."},"image":{"@id":"https:\/\/matis.is\/#\/schema\/logo\/image\/"},"sameAs":["https:\/\/www.facebook.com\/matisiceland","https:\/\/x.com\/matisiceland","https:\/\/www.instagram.com\/matisiceland\/","https:\/\/www.linkedin.com\/matisiceland\/","https:\/\/www.youtube.com\/channel\/UCY-frt3uTqgVZW-DLjoo5bA"]},{"@type":"Person","@id":"https:\/\/matis.is\/#\/schema\/person\/33b92c850c915c93e67f291e3381a49a","name":"admin","sameAs":["https:\/\/matis.mareframe.eu"],"url":"https:\/\/matis.is\/en\/author\/thormodurmatis-is\/"}]}},"spectra_custom_meta":{"_edit_lock":["1630312659:5"],"_wp_old_date":["2021-08-30"],"_thumbnail_id":["39514"],"_wp_page_template":["templates\/template-cover.php"],"_edit_last":["5"],"tengilidur":[""],"_tengilidur":["field_5ef905e0538b2"],"_yoast_wpseo_primary_category":["1973"],"_yoast_wpseo_content_score":["60"],"_yoast_wpseo_estimated-reading-time-minutes":["2"],"wpmm_postgrid_views":["386"],"_uag_css_file_name":["uag-css-43604.css"],"_uag_page_assets":["a:9:{s:3:\"css\";s:263:\".uag-blocks-common-selector{z-index:var(--z-index-desktop) !important}@media (max-width: 976px){.uag-blocks-common-selector{z-index:var(--z-index-tablet) !important}}@media (max-width: 767px){.uag-blocks-common-selector{z-index:var(--z-index-mobile) !important}}\n\";s:2:\"js\";s:0:\"\";s:18:\"current_block_list\";a:7:{i:0;s:12:\"core\/heading\";i:1;s:14:\"core\/paragraph\";i:2;s:9:\"core\/list\";i:3;s:12:\"core\/buttons\";i:4;s:11:\"core\/button\";i:5;s:12:\"core\/columns\";i:6;s:11:\"core\/column\";}s:8:\"uag_flag\";b:0;s:11:\"uag_version\";s:10:\"1777040860\";s:6:\"gfonts\";a:0:{}s:10:\"gfonts_url\";s:0:\"\";s:12:\"gfonts_files\";a:0:{}s:14:\"uag_faq_layout\";b:0;}"]},"uagb_featured_image_src":{"full":["https:\/\/matis.is\/wp-content\/uploads\/hus-matis.jpg",900,420,false],"thumbnail":["https:\/\/matis.is\/wp-content\/uploads\/hus-matis-150x150.jpg",150,150,true],"medium":["https:\/\/matis.is\/wp-content\/uploads\/hus-matis-300x140.jpg",300,140,true],"medium_large":["https:\/\/matis.is\/wp-content\/uploads\/hus-matis-768x358.jpg",768,358,true],"large":["https:\/\/matis.is\/wp-content\/uploads\/hus-matis.jpg",900,420,false],"1536x1536":["https:\/\/matis.is\/wp-content\/uploads\/hus-matis.jpg",900,420,false],"2048x2048":["https:\/\/matis.is\/wp-content\/uploads\/hus-matis.jpg",900,420,false],"trp-custom-language-flag":["https:\/\/matis.is\/wp-content\/uploads\/hus-matis.jpg",18,8,false]},"uagb_author_info":{"display_name":"admin","author_link":"https:\/\/matis.is\/en\/author\/thormodurmatis-is\/"},"uagb_comment_info":0,"uagb_excerpt":"Mat\u00eds (Matv\u00e6laranns\u00f3knir \u00cdslands) og norska ranns\u00f3knafyrirt\u00e6ki\u00f0 SINTEF hafa gert me\u00f0 s\u00e9r samkomulag sem hefur \u00fea\u00f0 a\u00f0 markmi\u00f0i a\u00f0 efla ranns\u00f3knir, [&hellip;]","_links":{"self":[{"href":"https:\/\/matis.is\/en\/wp-json\/wp\/v2\/posts\/43604","targetHints":{"allow":["GET"]}}],"collection":[{"href":"https:\/\/matis.is\/en\/wp-json\/wp\/v2\/posts"}],"about":[{"href":"https:\/\/matis.is\/en\/wp-json\/wp\/v2\/types\/post"}],"author":[{"embeddable":true,"href":"https:\/\/matis.is\/en\/wp-json\/wp\/v2\/users\/1"}],"replies":[{"embeddable":true,"href":"https:\/\/matis.is\/en\/wp-json\/wp\/v2\/comments?post=43604"}],"version-history":[{"count":1,"href":"https:\/\/matis.is\/en\/wp-json\/wp\/v2\/posts\/43604\/revisions"}],"predecessor-version":[{"id":43605,"href":"https:\/\/matis.is\/en\/wp-json\/wp\/v2\/posts\/43604\/revisions\/43605"}],"wp:featuredmedia":[{"embeddable":true,"href":"https:\/\/matis.is\/en\/wp-json\/wp\/v2\/media\/39514"}],"wp:attachment":[{"href":"https:\/\/matis.is\/en\/wp-json\/wp\/v2\/media?parent=43604"}],"wp:term":[{"taxonomy":"category","embeddable":true,"href":"https:\/\/matis.is\/en\/wp-json\/wp\/v2\/categories?post=43604"},{"taxonomy":"post_tag","embeddable":true,"href":"https:\/\/matis.is\/en\/wp-json\/wp\/v2\/tags?post=43604"}],"curies":[{"name":"wp","href":"https:\/\/api.w.org\/{rel}","templated":true}]}}