{"id":43687,"date":"2007-07-11T10:29:00","date_gmt":"2007-07-11T10:29:00","guid":{"rendered":"https:\/\/matis.is\/?p=43687"},"modified":"2021-08-30T10:31:45","modified_gmt":"2021-08-30T10:31:45","slug":"leitad-ad-othekktum-bakterium-i-skaftarkotlum","status":"publish","type":"post","link":"https:\/\/matis.is\/en\/frettir\/leitad-ad-othekktum-bakterium-i-skaftarkotlum\/","title":{"rendered":"Search for unknown bacteria in Skaft\u00e1rk\u00f6tlar"},"content":{"rendered":"<h4 class=\"wp-block-heading\">Mat\u00eds participates in research on the ecosystem of the reservoir in Skaft\u00e1rk\u00f6tlar and oversees the sampling of its microbial flora. It is hoped that unknown species of micro-organisms (bacteria) can be found that can be further studied and used in biotechnology. The ice cap over the lagoon is about 300 meters thick and the lagoon about 100 meters deep and requires a special smelting drill to get through the ice cap.<\/h4>\n\n\n\n<p>For the past two summers, extensive research has been carried out in the Skaft\u00e1r boilers at Vatnaj\u00f6kull. This is a collaborative project of several domestic and foreign companies and institutions, including Mat\u00eds, the National Energy Authority, the Icelandic Meteorological Office, the Institute of Earth Sciences, the University of Hawaii and Montana State University, where \u00deorsteinn \u00deorsteinsson at the National Energy Authority has supervised the project.<\/p>\n\n\n\n<p>Last year, measurements were made and drilled into the western Skaft\u00e1r boiler and the important experience of that trip was used this year when drilling in the eastern boiler. The research expedition took place from 1 to 9 June and measurements were made on the eastern Skaft\u00e1r boiler and \u00c1rni Rafn R\u00fanarsson, an employee of Mat\u00eds microbial research, took part in the expedition and supervised sampling for research on the microbial flora of the reservoir. The expedition was extremely successful as the improved Vatnam\u00e6lingar (OS) smelting drill was used and drilled into the boiler in two places, with good results.<\/p>\n\n\n\n<p><strong>300 meter thick ice cave<\/strong><\/p>\n\n\n\n<p>\u00cdshellan reyndist vera um 300 metra \u00feykk og l\u00f3ni\u00f0 \u00ed katlinum undir \u00edshellunni m\u00e6ldist um 100 metra dj\u00fapt. A\u00f0 auki var n\u00fdr s\u00fdnataki nota\u00f0ur og s\u00fdni tekin \u00e1 mismunandi d\u00fdpi \u00far katlinum fyrir \u00f6rveru- og <a href=\"https:\/\/matis.is\/en\/frettir\/samstarfssamningur-matis-og-als-i-svithjod\/\">chemical measurements<\/a>. \u00dear sem l\u00f3ni\u00f0 er undir \u00edshellu j\u00f6kulsins er um er a\u00f0 r\u00e6\u00f0a einstakar a\u00f0st\u00e6\u00f0ur \u00fear sem sl\u00edkt vatn undir j\u00f6kli er afar sjaldg\u00e6ft og \u00fear a\u00f0 finna mj\u00f6g einangra\u00f0 og vel var\u00f0veitt vistkerfi.<\/p>\n\n\n\n<p>The intention is to make the most of molecular molecular methods for the analysis of the microbial flora of the boiler, and it is even to be expected that there will be previously unknown types of microorganisms that can be further studied and used in biotechnology.<\/p>\n\n\n\n<p><strong>What are microorganisms.<\/strong>\u00a0See more at\u00a0<a href=\"http:\/\/visindavefur.hi.is\/?id=6674\" target=\"_blank\" rel=\"noreferrer noopener\">Science website of the University of Iceland<\/a>.<\/p>\n\n\n\n<figure class=\"wp-block-image\"><img decoding=\"async\" src=\"https:\/\/gamla.matis.is\/media\/frettir\/xlarge\/Skaftark07_040ThorsteinnBorar.jpg\" alt=\"Skaftark07_040ThorsteinnBorar\"\/><\/figure>\n\n\n\n<figure class=\"wp-block-image\"><img decoding=\"async\" src=\"https:\/\/gamla.matis.is\/media\/frettir\/xlarge\/Skaftark07_023BoradIByl.jpg\" alt=\"Skaftark07_023BoradIByl\"\/><\/figure>\n\n\n\n<figure class=\"wp-block-image\"><img decoding=\"async\" src=\"https:\/\/gamla.matis.is\/media\/frettir\/xlarge\/Skaftark07_069ArniOgAndriSotthreinsaSynataka.jpg\" alt=\"Skaftark07_069ArniOgAndriSotthreinsaSynataka\"\/><\/figure>\n\n\n\n<figure class=\"wp-block-image\"><img decoding=\"async\" src=\"https:\/\/gamla.matis.is\/media\/frettir\/xlarge\/syni_ur_synatakal_123.jpg\" alt=\"syni_ur_synatakal_123\"\/><\/figure>","protected":false},"excerpt":{"rendered":"<p>Mat\u00eds tekur \u00fe\u00e1tt \u00ed ranns\u00f3knum \u00e1 l\u00edfr\u00edki l\u00f3nsins \u00ed Skaft\u00e1rk\u00f6tlum og hefur umsj\u00f3n me\u00f0 s\u00fdnat\u00f6ku \u00e1 \u00f6rverufl\u00f3ru \u00feess. Vonir standa [&hellip;]<\/p>\n","protected":false},"author":1,"featured_media":43688,"comment_status":"closed","ping_status":"closed","sticky":false,"template":"templates\/template-cover.php","format":"standard","meta":{"_acf_changed":false,"_uag_custom_page_level_css":"","site-sidebar-layout":"default","site-content-layout":"","ast-site-content-layout":"default","site-content-style":"default","site-sidebar-style":"default","ast-global-header-display":"","ast-banner-title-visibility":"","ast-main-header-display":"","ast-hfb-above-header-display":"","ast-hfb-below-header-display":"","ast-hfb-mobile-header-display":"","site-post-title":"","ast-breadcrumbs-content":"","ast-featured-img":"","footer-sml-layout":"","ast-disable-related-posts":"","theme-transparent-header-meta":"","adv-header-id-meta":"","stick-header-meta":"","header-above-stick-meta":"","header-main-stick-meta":"","header-below-stick-meta":"","astra-migrate-meta-layouts":"default","ast-page-background-enabled":"default","ast-page-background-meta":{"desktop":{"background-color":"var(--ast-global-color-5)","background-image":"","background-repeat":"repeat","background-position":"center center","background-size":"auto","background-attachment":"scroll","background-type":"","background-media":"","overlay-type":"","overlay-color":"","overlay-opacity":"","overlay-gradient":""},"tablet":{"background-color":"","background-image":"","background-repeat":"repeat","background-position":"center center","background-size":"auto","background-attachment":"scroll","background-type":"","background-media":"","overlay-type":"","overlay-color":"","overlay-opacity":"","overlay-gradient":""},"mobile":{"background-color":"","background-image":"","background-repeat":"repeat","background-position":"center center","background-size":"auto","background-attachment":"scroll","background-type":"","background-media":"","overlay-type":"","overlay-color":"","overlay-opacity":"","overlay-gradient":""}},"ast-content-background-meta":{"desktop":{"background-color":"var(--ast-global-color-4)","background-image":"","background-repeat":"repeat","background-position":"center center","background-size":"auto","background-attachment":"scroll","background-type":"","background-media":"","overlay-type":"","overlay-color":"","overlay-opacity":"","overlay-gradient":""},"tablet":{"background-color":"var(--ast-global-color-4)","background-image":"","background-repeat":"repeat","background-position":"center center","background-size":"auto","background-attachment":"scroll","background-type":"","background-media":"","overlay-type":"","overlay-color":"","overlay-opacity":"","overlay-gradient":""},"mobile":{"background-color":"var(--ast-global-color-4)","background-image":"","background-repeat":"repeat","background-position":"center center","background-size":"auto","background-attachment":"scroll","background-type":"","background-media":"","overlay-type":"","overlay-color":"","overlay-opacity":"","overlay-gradient":""}},"footnotes":""},"categories":[1973],"tags":[],"class_list":["post-43687","post","type-post","status-publish","format-standard","has-post-thumbnail","hentry","category-frettir"],"acf":[],"yoast_head":"<!-- This site is optimized with the Yoast SEO plugin v27.4 - https:\/\/yoast.com\/product\/yoast-seo-wordpress\/ -->\n<title>Leita\u00f0 a\u00f0 \u00f3\u00feekktum bakter\u00edum \u00ed Skaft\u00e1rk\u00f6tlum - Mat\u00eds<\/title>\n<meta name=\"robots\" content=\"index, follow, max-snippet:-1, max-image-preview:large, max-video-preview:-1\" \/>\n<link rel=\"canonical\" href=\"https:\/\/matis.is\/en\/frettir\/leitad-ad-othekktum-bakterium-i-skaftarkotlum\/\" \/>\n<meta property=\"og:locale\" content=\"en_GB\" \/>\n<meta property=\"og:type\" content=\"article\" \/>\n<meta property=\"og:title\" content=\"Leita\u00f0 a\u00f0 \u00f3\u00feekktum bakter\u00edum \u00ed Skaft\u00e1rk\u00f6tlum - Mat\u00eds\" \/>\n<meta property=\"og:description\" content=\"Mat\u00eds tekur \u00fe\u00e1tt \u00ed ranns\u00f3knum \u00e1 l\u00edfr\u00edki l\u00f3nsins \u00ed Skaft\u00e1rk\u00f6tlum og hefur umsj\u00f3n me\u00f0 s\u00fdnat\u00f6ku \u00e1 \u00f6rverufl\u00f3ru \u00feess. Vonir standa [&hellip;]\" \/>\n<meta property=\"og:url\" content=\"https:\/\/matis.is\/en\/frettir\/leitad-ad-othekktum-bakterium-i-skaftarkotlum\/\" \/>\n<meta property=\"og:site_name\" content=\"Mat\u00eds\" \/>\n<meta property=\"article:publisher\" content=\"https:\/\/www.facebook.com\/matisiceland\" \/>\n<meta property=\"article:published_time\" content=\"2007-07-11T10:29:00+00:00\" \/>\n<meta property=\"article:modified_time\" content=\"2021-08-30T10:31:45+00:00\" \/>\n<meta property=\"og:image\" content=\"https:\/\/matis.is\/wp-content\/uploads\/Skaftarketill2.jpg\" \/>\n\t<meta property=\"og:image:width\" content=\"800\" \/>\n\t<meta property=\"og:image:height\" content=\"291\" \/>\n\t<meta property=\"og:image:type\" content=\"image\/jpeg\" \/>\n<meta name=\"author\" content=\"admin\" \/>\n<meta name=\"twitter:card\" content=\"summary_large_image\" \/>\n<meta name=\"twitter:creator\" content=\"@matisiceland\" \/>\n<meta name=\"twitter:site\" content=\"@matisiceland\" \/>\n<meta name=\"twitter:label1\" content=\"Written by\" \/>\n\t<meta name=\"twitter:data1\" content=\"admin\" \/>\n\t<meta name=\"twitter:label2\" content=\"Estimated reading time\" \/>\n\t<meta name=\"twitter:data2\" content=\"3 minutes\" \/>\n<script type=\"application\/ld+json\" class=\"yoast-schema-graph\">{\"@context\":\"https:\\\/\\\/schema.org\",\"@graph\":[{\"@type\":\"Article\",\"@id\":\"https:\\\/\\\/matis.is\\\/frettir\\\/leitad-ad-othekktum-bakterium-i-skaftarkotlum\\\/#article\",\"isPartOf\":{\"@id\":\"https:\\\/\\\/matis.is\\\/frettir\\\/leitad-ad-othekktum-bakterium-i-skaftarkotlum\\\/\"},\"author\":{\"name\":\"admin\",\"@id\":\"https:\\\/\\\/matis.is\\\/#\\\/schema\\\/person\\\/33b92c850c915c93e67f291e3381a49a\"},\"headline\":\"Leita\u00f0 a\u00f0 \u00f3\u00feekktum bakter\u00edum \u00ed Skaft\u00e1rk\u00f6tlum\",\"datePublished\":\"2007-07-11T10:29:00+00:00\",\"dateModified\":\"2021-08-30T10:31:45+00:00\",\"mainEntityOfPage\":{\"@id\":\"https:\\\/\\\/matis.is\\\/frettir\\\/leitad-ad-othekktum-bakterium-i-skaftarkotlum\\\/\"},\"wordCount\":402,\"publisher\":{\"@id\":\"https:\\\/\\\/matis.is\\\/#organization\"},\"image\":{\"@id\":\"https:\\\/\\\/matis.is\\\/frettir\\\/leitad-ad-othekktum-bakterium-i-skaftarkotlum\\\/#primaryimage\"},\"thumbnailUrl\":\"https:\\\/\\\/matis.is\\\/wp-content\\\/uploads\\\/Skaftarketill2.jpg\",\"articleSection\":[\"Fr\u00e9ttir\"],\"inLanguage\":\"en-GB\"},{\"@type\":\"WebPage\",\"@id\":\"https:\\\/\\\/matis.is\\\/frettir\\\/leitad-ad-othekktum-bakterium-i-skaftarkotlum\\\/\",\"url\":\"https:\\\/\\\/matis.is\\\/frettir\\\/leitad-ad-othekktum-bakterium-i-skaftarkotlum\\\/\",\"name\":\"Leita\u00f0 a\u00f0 \u00f3\u00feekktum bakter\u00edum \u00ed Skaft\u00e1rk\u00f6tlum - Mat\u00eds\",\"isPartOf\":{\"@id\":\"https:\\\/\\\/matis.is\\\/#website\"},\"primaryImageOfPage\":{\"@id\":\"https:\\\/\\\/matis.is\\\/frettir\\\/leitad-ad-othekktum-bakterium-i-skaftarkotlum\\\/#primaryimage\"},\"image\":{\"@id\":\"https:\\\/\\\/matis.is\\\/frettir\\\/leitad-ad-othekktum-bakterium-i-skaftarkotlum\\\/#primaryimage\"},\"thumbnailUrl\":\"https:\\\/\\\/matis.is\\\/wp-content\\\/uploads\\\/Skaftarketill2.jpg\",\"datePublished\":\"2007-07-11T10:29:00+00:00\",\"dateModified\":\"2021-08-30T10:31:45+00:00\",\"breadcrumb\":{\"@id\":\"https:\\\/\\\/matis.is\\\/frettir\\\/leitad-ad-othekktum-bakterium-i-skaftarkotlum\\\/#breadcrumb\"},\"inLanguage\":\"en-GB\",\"potentialAction\":[{\"@type\":\"ReadAction\",\"target\":[\"https:\\\/\\\/matis.is\\\/frettir\\\/leitad-ad-othekktum-bakterium-i-skaftarkotlum\\\/\"]}]},{\"@type\":\"ImageObject\",\"inLanguage\":\"en-GB\",\"@id\":\"https:\\\/\\\/matis.is\\\/frettir\\\/leitad-ad-othekktum-bakterium-i-skaftarkotlum\\\/#primaryimage\",\"url\":\"https:\\\/\\\/matis.is\\\/wp-content\\\/uploads\\\/Skaftarketill2.jpg\",\"contentUrl\":\"https:\\\/\\\/matis.is\\\/wp-content\\\/uploads\\\/Skaftarketill2.jpg\",\"width\":800,\"height\":291},{\"@type\":\"BreadcrumbList\",\"@id\":\"https:\\\/\\\/matis.is\\\/frettir\\\/leitad-ad-othekktum-bakterium-i-skaftarkotlum\\\/#breadcrumb\",\"itemListElement\":[{\"@type\":\"ListItem\",\"position\":1,\"name\":\"Home\",\"item\":\"https:\\\/\\\/matis.is\\\/\"},{\"@type\":\"ListItem\",\"position\":2,\"name\":\"Leita\u00f0 a\u00f0 \u00f3\u00feekktum bakter\u00edum \u00ed Skaft\u00e1rk\u00f6tlum\"}]},{\"@type\":\"WebSite\",\"@id\":\"https:\\\/\\\/matis.is\\\/#website\",\"url\":\"https:\\\/\\\/matis.is\\\/\",\"name\":\"Mat\u00eds\",\"description\":\"Ver\u00f0m\u00e6task\u00f6pun, matv\u00e6la\u00f6ryggi og l\u00fd\u00f0heilsa\",\"publisher\":{\"@id\":\"https:\\\/\\\/matis.is\\\/#organization\"},\"potentialAction\":[{\"@type\":\"SearchAction\",\"target\":{\"@type\":\"EntryPoint\",\"urlTemplate\":\"https:\\\/\\\/matis.is\\\/?s={search_term_string}\"},\"query-input\":{\"@type\":\"PropertyValueSpecification\",\"valueRequired\":true,\"valueName\":\"search_term_string\"}}],\"inLanguage\":\"en-GB\"},{\"@type\":\"Organization\",\"@id\":\"https:\\\/\\\/matis.is\\\/#organization\",\"name\":\"Mat\u00eds ohf.\",\"url\":\"https:\\\/\\\/matis.is\\\/\",\"logo\":{\"@type\":\"ImageObject\",\"inLanguage\":\"en-GB\",\"@id\":\"https:\\\/\\\/matis.is\\\/#\\\/schema\\\/logo\\\/image\\\/\",\"url\":\"https:\\\/\\\/matis.is\\\/wp-content\\\/uploads\\\/2021\\\/02\\\/matis_logo_blatthvitt.png\",\"contentUrl\":\"https:\\\/\\\/matis.is\\\/wp-content\\\/uploads\\\/2021\\\/02\\\/matis_logo_blatthvitt.png\",\"width\":1507,\"height\":1507,\"caption\":\"Mat\u00eds ohf.\"},\"image\":{\"@id\":\"https:\\\/\\\/matis.is\\\/#\\\/schema\\\/logo\\\/image\\\/\"},\"sameAs\":[\"https:\\\/\\\/www.facebook.com\\\/matisiceland\",\"https:\\\/\\\/x.com\\\/matisiceland\",\"https:\\\/\\\/www.instagram.com\\\/matisiceland\\\/\",\"https:\\\/\\\/www.linkedin.com\\\/matisiceland\\\/\",\"https:\\\/\\\/www.youtube.com\\\/channel\\\/UCY-frt3uTqgVZW-DLjoo5bA\"]},{\"@type\":\"Person\",\"@id\":\"https:\\\/\\\/matis.is\\\/#\\\/schema\\\/person\\\/33b92c850c915c93e67f291e3381a49a\",\"name\":\"admin\",\"sameAs\":[\"https:\\\/\\\/matis.mareframe.eu\"],\"url\":\"https:\\\/\\\/matis.is\\\/en\\\/author\\\/thormodurmatis-is\\\/\"}]}<\/script>\n<!-- \/ Yoast SEO plugin. -->","yoast_head_json":{"title":"Search for unknown bacteria in Skaft\u00e1rk\u00f6tlar - Mat\u00eds","robots":{"index":"index","follow":"follow","max-snippet":"max-snippet:-1","max-image-preview":"max-image-preview:large","max-video-preview":"max-video-preview:-1"},"canonical":"https:\/\/matis.is\/en\/frettir\/leitad-ad-othekktum-bakterium-i-skaftarkotlum\/","og_locale":"en_GB","og_type":"article","og_title":"Leita\u00f0 a\u00f0 \u00f3\u00feekktum bakter\u00edum \u00ed Skaft\u00e1rk\u00f6tlum - Mat\u00eds","og_description":"Mat\u00eds tekur \u00fe\u00e1tt \u00ed ranns\u00f3knum \u00e1 l\u00edfr\u00edki l\u00f3nsins \u00ed Skaft\u00e1rk\u00f6tlum og hefur umsj\u00f3n me\u00f0 s\u00fdnat\u00f6ku \u00e1 \u00f6rverufl\u00f3ru \u00feess. Vonir standa [&hellip;]","og_url":"https:\/\/matis.is\/en\/frettir\/leitad-ad-othekktum-bakterium-i-skaftarkotlum\/","og_site_name":"Mat\u00eds","article_publisher":"https:\/\/www.facebook.com\/matisiceland","article_published_time":"2007-07-11T10:29:00+00:00","article_modified_time":"2021-08-30T10:31:45+00:00","og_image":[{"width":800,"height":291,"url":"https:\/\/matis.is\/wp-content\/uploads\/Skaftarketill2.jpg","type":"image\/jpeg"}],"author":"admin","twitter_card":"summary_large_image","twitter_creator":"@matisiceland","twitter_site":"@matisiceland","twitter_misc":{"Written by":"admin","Estimated reading time":"3 minutes"},"schema":{"@context":"https:\/\/schema.org","@graph":[{"@type":"Article","@id":"https:\/\/matis.is\/frettir\/leitad-ad-othekktum-bakterium-i-skaftarkotlum\/#article","isPartOf":{"@id":"https:\/\/matis.is\/frettir\/leitad-ad-othekktum-bakterium-i-skaftarkotlum\/"},"author":{"name":"admin","@id":"https:\/\/matis.is\/#\/schema\/person\/33b92c850c915c93e67f291e3381a49a"},"headline":"Leita\u00f0 a\u00f0 \u00f3\u00feekktum bakter\u00edum \u00ed Skaft\u00e1rk\u00f6tlum","datePublished":"2007-07-11T10:29:00+00:00","dateModified":"2021-08-30T10:31:45+00:00","mainEntityOfPage":{"@id":"https:\/\/matis.is\/frettir\/leitad-ad-othekktum-bakterium-i-skaftarkotlum\/"},"wordCount":402,"publisher":{"@id":"https:\/\/matis.is\/#organization"},"image":{"@id":"https:\/\/matis.is\/frettir\/leitad-ad-othekktum-bakterium-i-skaftarkotlum\/#primaryimage"},"thumbnailUrl":"https:\/\/matis.is\/wp-content\/uploads\/Skaftarketill2.jpg","articleSection":["Fr\u00e9ttir"],"inLanguage":"en-GB"},{"@type":"WebPage","@id":"https:\/\/matis.is\/frettir\/leitad-ad-othekktum-bakterium-i-skaftarkotlum\/","url":"https:\/\/matis.is\/frettir\/leitad-ad-othekktum-bakterium-i-skaftarkotlum\/","name":"Search for unknown bacteria in Skaft\u00e1rk\u00f6tlar - Mat\u00eds","isPartOf":{"@id":"https:\/\/matis.is\/#website"},"primaryImageOfPage":{"@id":"https:\/\/matis.is\/frettir\/leitad-ad-othekktum-bakterium-i-skaftarkotlum\/#primaryimage"},"image":{"@id":"https:\/\/matis.is\/frettir\/leitad-ad-othekktum-bakterium-i-skaftarkotlum\/#primaryimage"},"thumbnailUrl":"https:\/\/matis.is\/wp-content\/uploads\/Skaftarketill2.jpg","datePublished":"2007-07-11T10:29:00+00:00","dateModified":"2021-08-30T10:31:45+00:00","breadcrumb":{"@id":"https:\/\/matis.is\/frettir\/leitad-ad-othekktum-bakterium-i-skaftarkotlum\/#breadcrumb"},"inLanguage":"en-GB","potentialAction":[{"@type":"ReadAction","target":["https:\/\/matis.is\/frettir\/leitad-ad-othekktum-bakterium-i-skaftarkotlum\/"]}]},{"@type":"ImageObject","inLanguage":"en-GB","@id":"https:\/\/matis.is\/frettir\/leitad-ad-othekktum-bakterium-i-skaftarkotlum\/#primaryimage","url":"https:\/\/matis.is\/wp-content\/uploads\/Skaftarketill2.jpg","contentUrl":"https:\/\/matis.is\/wp-content\/uploads\/Skaftarketill2.jpg","width":800,"height":291},{"@type":"BreadcrumbList","@id":"https:\/\/matis.is\/frettir\/leitad-ad-othekktum-bakterium-i-skaftarkotlum\/#breadcrumb","itemListElement":[{"@type":"ListItem","position":1,"name":"Home","item":"https:\/\/matis.is\/"},{"@type":"ListItem","position":2,"name":"Leita\u00f0 a\u00f0 \u00f3\u00feekktum bakter\u00edum \u00ed Skaft\u00e1rk\u00f6tlum"}]},{"@type":"WebSite","@id":"https:\/\/matis.is\/#website","url":"https:\/\/matis.is\/","name":"Mat\u00eds","description":"Value creation, food security and public health","publisher":{"@id":"https:\/\/matis.is\/#organization"},"potentialAction":[{"@type":"SearchAction","target":{"@type":"EntryPoint","urlTemplate":"https:\/\/matis.is\/?s={search_term_string}"},"query-input":{"@type":"PropertyValueSpecification","valueRequired":true,"valueName":"search_term_string"}}],"inLanguage":"en-GB"},{"@type":"Organization","@id":"https:\/\/matis.is\/#organization","name":"Mat\u00eds ohf.","url":"https:\/\/matis.is\/","logo":{"@type":"ImageObject","inLanguage":"en-GB","@id":"https:\/\/matis.is\/#\/schema\/logo\/image\/","url":"https:\/\/matis.is\/wp-content\/uploads\/2021\/02\/matis_logo_blatthvitt.png","contentUrl":"https:\/\/matis.is\/wp-content\/uploads\/2021\/02\/matis_logo_blatthvitt.png","width":1507,"height":1507,"caption":"Mat\u00eds ohf."},"image":{"@id":"https:\/\/matis.is\/#\/schema\/logo\/image\/"},"sameAs":["https:\/\/www.facebook.com\/matisiceland","https:\/\/x.com\/matisiceland","https:\/\/www.instagram.com\/matisiceland\/","https:\/\/www.linkedin.com\/matisiceland\/","https:\/\/www.youtube.com\/channel\/UCY-frt3uTqgVZW-DLjoo5bA"]},{"@type":"Person","@id":"https:\/\/matis.is\/#\/schema\/person\/33b92c850c915c93e67f291e3381a49a","name":"admin","sameAs":["https:\/\/matis.mareframe.eu"],"url":"https:\/\/matis.is\/en\/author\/thormodurmatis-is\/"}]}},"spectra_custom_meta":{"_edit_lock":["1630319506:5"],"_wp_old_date":["2021-08-30"],"_thumbnail_id":["43688"],"_wp_page_template":["templates\/template-cover.php"],"_edit_last":["5"],"tengilidur":[""],"_tengilidur":["field_5ef905e0538b2"],"_yoast_wpseo_primary_category":["1973"],"_yoast_wpseo_content_score":["30"],"_yoast_wpseo_estimated-reading-time-minutes":["3"],"wpmm_postgrid_views":["415"],"_uag_css_file_name":["uag-css-43687.css"],"_uag_page_assets":["a:9:{s:3:\"css\";s:263:\".uag-blocks-common-selector{z-index:var(--z-index-desktop) !important}@media (max-width: 976px){.uag-blocks-common-selector{z-index:var(--z-index-tablet) !important}}@media (max-width: 767px){.uag-blocks-common-selector{z-index:var(--z-index-mobile) !important}}\n\";s:2:\"js\";s:0:\"\";s:18:\"current_block_list\";a:7:{i:0;s:12:\"core\/heading\";i:1;s:14:\"core\/paragraph\";i:2;s:10:\"core\/image\";i:3;s:12:\"core\/buttons\";i:4;s:11:\"core\/button\";i:5;s:12:\"core\/columns\";i:6;s:11:\"core\/column\";}s:8:\"uag_flag\";b:0;s:11:\"uag_version\";s:10:\"1777300790\";s:6:\"gfonts\";a:0:{}s:10:\"gfonts_url\";s:0:\"\";s:12:\"gfonts_files\";a:0:{}s:14:\"uag_faq_layout\";b:0;}"]},"uagb_featured_image_src":{"full":["https:\/\/matis.is\/wp-content\/uploads\/Skaftarketill2.jpg",800,291,false],"thumbnail":["https:\/\/matis.is\/wp-content\/uploads\/Skaftarketill2-150x150.jpg",150,150,true],"medium":["https:\/\/matis.is\/wp-content\/uploads\/Skaftarketill2-300x109.jpg",300,109,true],"medium_large":["https:\/\/matis.is\/wp-content\/uploads\/Skaftarketill2-768x279.jpg",768,279,true],"large":["https:\/\/matis.is\/wp-content\/uploads\/Skaftarketill2.jpg",800,291,false],"1536x1536":["https:\/\/matis.is\/wp-content\/uploads\/Skaftarketill2.jpg",800,291,false],"2048x2048":["https:\/\/matis.is\/wp-content\/uploads\/Skaftarketill2.jpg",800,291,false],"trp-custom-language-flag":["https:\/\/matis.is\/wp-content\/uploads\/Skaftarketill2.jpg",18,7,false]},"uagb_author_info":{"display_name":"admin","author_link":"https:\/\/matis.is\/en\/author\/thormodurmatis-is\/"},"uagb_comment_info":0,"uagb_excerpt":"Mat\u00eds tekur \u00fe\u00e1tt \u00ed ranns\u00f3knum \u00e1 l\u00edfr\u00edki l\u00f3nsins \u00ed Skaft\u00e1rk\u00f6tlum og hefur umsj\u00f3n me\u00f0 s\u00fdnat\u00f6ku \u00e1 \u00f6rverufl\u00f3ru \u00feess. Vonir standa [&hellip;]","_links":{"self":[{"href":"https:\/\/matis.is\/en\/wp-json\/wp\/v2\/posts\/43687","targetHints":{"allow":["GET"]}}],"collection":[{"href":"https:\/\/matis.is\/en\/wp-json\/wp\/v2\/posts"}],"about":[{"href":"https:\/\/matis.is\/en\/wp-json\/wp\/v2\/types\/post"}],"author":[{"embeddable":true,"href":"https:\/\/matis.is\/en\/wp-json\/wp\/v2\/users\/1"}],"replies":[{"embeddable":true,"href":"https:\/\/matis.is\/en\/wp-json\/wp\/v2\/comments?post=43687"}],"version-history":[{"count":1,"href":"https:\/\/matis.is\/en\/wp-json\/wp\/v2\/posts\/43687\/revisions"}],"predecessor-version":[{"id":43689,"href":"https:\/\/matis.is\/en\/wp-json\/wp\/v2\/posts\/43687\/revisions\/43689"}],"wp:featuredmedia":[{"embeddable":true,"href":"https:\/\/matis.is\/en\/wp-json\/wp\/v2\/media\/43688"}],"wp:attachment":[{"href":"https:\/\/matis.is\/en\/wp-json\/wp\/v2\/media?parent=43687"}],"wp:term":[{"taxonomy":"category","embeddable":true,"href":"https:\/\/matis.is\/en\/wp-json\/wp\/v2\/categories?post=43687"},{"taxonomy":"post_tag","embeddable":true,"href":"https:\/\/matis.is\/en\/wp-json\/wp\/v2\/tags?post=43687"}],"curies":[{"name":"wp","href":"https:\/\/api.w.org\/{rel}","templated":true}]}}