{"id":43704,"date":"2007-06-15T10:41:00","date_gmt":"2007-06-15T10:41:00","guid":{"rendered":"https:\/\/matis.is\/?p=43704"},"modified":"2021-08-30T10:43:00","modified_gmt":"2021-08-30T10:43:00","slug":"islendingar-seu-virkir-thatttakendur-i-sjalfbaerni","status":"publish","type":"post","link":"https:\/\/matis.is\/en\/frettir\/islendingar-seu-virkir-thatttakendur-i-sjalfbaerni\/","title":{"rendered":"Icelanders are active participants in sustainability"},"content":{"rendered":"<h4 class=\"wp-block-heading\">Demands for sustainability in the fisheries sector are constantly increasing, and it is therefore important that Icelandic companies take an active part in development in this field. At Mat\u00eds&#039; international workshop, which took place in Sau\u00f0\u00e1rkr\u00f3kur, it was stated that there are many opportunities for sustainable development in the fisheries sector, but it is necessary for Icelanders to remain vigilant so that they have the opportunity to be at the forefront of discussions on such issues internationally.<\/h4>\n\n\n\n<p>Sustainable development is the development that enables people to meet their needs without reducing the possibilities for future generations to do the same. At an international working meeting of Mat\u00eds (Matv\u00e6laranns\u00f3knir \u00cdslands) and Faroese and Icelandic representatives related to the fisheries sector, a broad consensus was reached on the importance of maintaining sustainability in terms of fishing, processing and transport in foreign markets.<\/p>\n\n\n\n<figure class=\"wp-block-image\"><img decoding=\"async\" src=\"https:\/\/gamla.matis.is\/media\/frettir\/small\/Radstefna.JPG\" alt=\"G\u00edsli Svan Einarsson, director of Versins-V\u00edsindagar\u00f0ur in Skagafj\u00f6r\u00f0ur, Sveinn Margeirsson, Mat\u00eds, and \u00d3lavur Gregersen, project manager of Sustainable Food Information.\"\/><\/figure>\n\n\n\n<p>The workshop is part of a West Nordic project, led by Mat\u00eds, called &quot;Sustainable Food Information&quot;. The project aims to make it easier for companies in the food industry, such as fisheries companies, to demonstrate sustainability. Particular attention is paid to the traceability of marine products, from the target to the consumer, which is the basis for demonstrating sustainable fishing.<\/p>\n\n\n\n<figure class=\"wp-block-image\"><img decoding=\"async\" src=\"https:\/\/gamla.matis.is\/media\/frettir\/small\/Shrimps_at_market_in_Valencia.jpg\" alt=\"Lobster\"\/><\/figure>\n\n\n\n<p>&quot;Demands for sustainability in the fisheries sector and traceability are constantly increasing, not least abroad,&quot; says Sveinn Margeirsson, department manager at Mat\u00eds. &quot;Awareness of environmental issues has increased and the market&#039;s demands are that it can be demonstrated that marine products are produced without over-exploiting resources and that ways are sought to minimize pollution,&quot; says Sveinn.<\/p>\n\n\n\n<p>&quot;Icelanders are in many ways well positioned and have an advantage over many other nations when it comes to traceability. The next step is to use traceability to demonstrate sustainability in the fisheries sector. That is why it is important for Icelanders to remain vigilant and ensure that they remain at the forefront of discussions on such issues in the future. &quot;<\/p>\n\n\n\n<p>Upper picture: G\u00edsli Svan Einarsson, director of Versins-V\u00edsindagar\u00f0ur in Skagafj\u00f6r\u00f0ur, Sveinn Margeirsson, Mat\u00eds, and \u00d3lavur Gregersen, project manager of Sustainable Food Information.<\/p>","protected":false},"excerpt":{"rendered":"<p>Krafa um sj\u00e1lfb\u00e6rni \u00ed sj\u00e1var\u00fatvegi eykst s\u00edfellt og \u00fev\u00ed mikilv\u00e6gt a\u00f0 \u00edslensk fyrirt\u00e6ki taki virkan \u00fe\u00e1tt \u00ed \u00fer\u00f3un \u00e1 \u00fev\u00ed [&hellip;]<\/p>\n","protected":false},"author":1,"featured_media":39514,"comment_status":"closed","ping_status":"closed","sticky":false,"template":"templates\/template-cover.php","format":"standard","meta":{"_acf_changed":false,"_uag_custom_page_level_css":"","site-sidebar-layout":"default","site-content-layout":"","ast-site-content-layout":"default","site-content-style":"default","site-sidebar-style":"default","ast-global-header-display":"","ast-banner-title-visibility":"","ast-main-header-display":"","ast-hfb-above-header-display":"","ast-hfb-below-header-display":"","ast-hfb-mobile-header-display":"","site-post-title":"","ast-breadcrumbs-content":"","ast-featured-img":"","footer-sml-layout":"","ast-disable-related-posts":"","theme-transparent-header-meta":"","adv-header-id-meta":"","stick-header-meta":"","header-above-stick-meta":"","header-main-stick-meta":"","header-below-stick-meta":"","astra-migrate-meta-layouts":"default","ast-page-background-enabled":"default","ast-page-background-meta":{"desktop":{"background-color":"var(--ast-global-color-5)","background-image":"","background-repeat":"repeat","background-position":"center center","background-size":"auto","background-attachment":"scroll","background-type":"","background-media":"","overlay-type":"","overlay-color":"","overlay-opacity":"","overlay-gradient":""},"tablet":{"background-color":"","background-image":"","background-repeat":"repeat","background-position":"center center","background-size":"auto","background-attachment":"scroll","background-type":"","background-media":"","overlay-type":"","overlay-color":"","overlay-opacity":"","overlay-gradient":""},"mobile":{"background-color":"","background-image":"","background-repeat":"repeat","background-position":"center center","background-size":"auto","background-attachment":"scroll","background-type":"","background-media":"","overlay-type":"","overlay-color":"","overlay-opacity":"","overlay-gradient":""}},"ast-content-background-meta":{"desktop":{"background-color":"var(--ast-global-color-4)","background-image":"","background-repeat":"repeat","background-position":"center center","background-size":"auto","background-attachment":"scroll","background-type":"","background-media":"","overlay-type":"","overlay-color":"","overlay-opacity":"","overlay-gradient":""},"tablet":{"background-color":"var(--ast-global-color-4)","background-image":"","background-repeat":"repeat","background-position":"center center","background-size":"auto","background-attachment":"scroll","background-type":"","background-media":"","overlay-type":"","overlay-color":"","overlay-opacity":"","overlay-gradient":""},"mobile":{"background-color":"var(--ast-global-color-4)","background-image":"","background-repeat":"repeat","background-position":"center center","background-size":"auto","background-attachment":"scroll","background-type":"","background-media":"","overlay-type":"","overlay-color":"","overlay-opacity":"","overlay-gradient":""}},"footnotes":""},"categories":[1973],"tags":[],"class_list":["post-43704","post","type-post","status-publish","format-standard","has-post-thumbnail","hentry","category-frettir"],"acf":[],"yoast_head":"<!-- This site is optimized with the Yoast SEO plugin v27.4 - https:\/\/yoast.com\/product\/yoast-seo-wordpress\/ -->\n<title>\u00cdslendingar s\u00e9u virkir \u00fe\u00e1tttakendur \u00ed sj\u00e1lfb\u00e6rni - Mat\u00eds<\/title>\n<meta name=\"robots\" content=\"index, follow, max-snippet:-1, max-image-preview:large, max-video-preview:-1\" \/>\n<link rel=\"canonical\" href=\"https:\/\/matis.is\/en\/frettir\/islendingar-seu-virkir-thatttakendur-i-sjalfbaerni\/\" \/>\n<meta property=\"og:locale\" content=\"en_GB\" \/>\n<meta property=\"og:type\" content=\"article\" \/>\n<meta property=\"og:title\" content=\"\u00cdslendingar s\u00e9u virkir \u00fe\u00e1tttakendur \u00ed sj\u00e1lfb\u00e6rni - Mat\u00eds\" \/>\n<meta property=\"og:description\" content=\"Krafa um sj\u00e1lfb\u00e6rni \u00ed sj\u00e1var\u00fatvegi eykst s\u00edfellt og \u00fev\u00ed mikilv\u00e6gt a\u00f0 \u00edslensk fyrirt\u00e6ki taki virkan \u00fe\u00e1tt \u00ed \u00fer\u00f3un \u00e1 \u00fev\u00ed [&hellip;]\" \/>\n<meta property=\"og:url\" content=\"https:\/\/matis.is\/en\/frettir\/islendingar-seu-virkir-thatttakendur-i-sjalfbaerni\/\" \/>\n<meta property=\"og:site_name\" content=\"Mat\u00eds\" \/>\n<meta property=\"article:publisher\" content=\"https:\/\/www.facebook.com\/matisiceland\" \/>\n<meta property=\"article:published_time\" content=\"2007-06-15T10:41:00+00:00\" \/>\n<meta property=\"article:modified_time\" content=\"2021-08-30T10:43:00+00:00\" \/>\n<meta property=\"og:image\" content=\"https:\/\/matis.is\/wp-content\/uploads\/hus-matis.jpg\" \/>\n\t<meta property=\"og:image:width\" content=\"900\" \/>\n\t<meta property=\"og:image:height\" content=\"420\" \/>\n\t<meta property=\"og:image:type\" content=\"image\/jpeg\" \/>\n<meta name=\"author\" content=\"admin\" \/>\n<meta name=\"twitter:card\" content=\"summary_large_image\" \/>\n<meta name=\"twitter:creator\" content=\"@matisiceland\" \/>\n<meta name=\"twitter:site\" content=\"@matisiceland\" \/>\n<meta name=\"twitter:label1\" content=\"Written by\" \/>\n\t<meta name=\"twitter:data1\" content=\"admin\" \/>\n\t<meta name=\"twitter:label2\" content=\"Estimated reading time\" \/>\n\t<meta name=\"twitter:data2\" content=\"2 minutes\" \/>\n<script type=\"application\/ld+json\" class=\"yoast-schema-graph\">{\"@context\":\"https:\\\/\\\/schema.org\",\"@graph\":[{\"@type\":\"Article\",\"@id\":\"https:\\\/\\\/matis.is\\\/en\\\/frettir\\\/islendingar-seu-virkir-thatttakendur-i-sjalfbaerni\\\/#article\",\"isPartOf\":{\"@id\":\"https:\\\/\\\/matis.is\\\/en\\\/frettir\\\/islendingar-seu-virkir-thatttakendur-i-sjalfbaerni\\\/\"},\"author\":{\"name\":\"admin\",\"@id\":\"https:\\\/\\\/matis.is\\\/#\\\/schema\\\/person\\\/33b92c850c915c93e67f291e3381a49a\"},\"headline\":\"\u00cdslendingar s\u00e9u virkir \u00fe\u00e1tttakendur \u00ed sj\u00e1lfb\u00e6rni\",\"datePublished\":\"2007-06-15T10:41:00+00:00\",\"dateModified\":\"2021-08-30T10:43:00+00:00\",\"mainEntityOfPage\":{\"@id\":\"https:\\\/\\\/matis.is\\\/en\\\/frettir\\\/islendingar-seu-virkir-thatttakendur-i-sjalfbaerni\\\/\"},\"wordCount\":433,\"publisher\":{\"@id\":\"https:\\\/\\\/matis.is\\\/#organization\"},\"image\":{\"@id\":\"https:\\\/\\\/matis.is\\\/en\\\/frettir\\\/islendingar-seu-virkir-thatttakendur-i-sjalfbaerni\\\/#primaryimage\"},\"thumbnailUrl\":\"https:\\\/\\\/matis.is\\\/wp-content\\\/uploads\\\/hus-matis.jpg\",\"articleSection\":[\"Fr\u00e9ttir\"],\"inLanguage\":\"en-GB\"},{\"@type\":\"WebPage\",\"@id\":\"https:\\\/\\\/matis.is\\\/en\\\/frettir\\\/islendingar-seu-virkir-thatttakendur-i-sjalfbaerni\\\/\",\"url\":\"https:\\\/\\\/matis.is\\\/en\\\/frettir\\\/islendingar-seu-virkir-thatttakendur-i-sjalfbaerni\\\/\",\"name\":\"\u00cdslendingar s\u00e9u virkir \u00fe\u00e1tttakendur \u00ed sj\u00e1lfb\u00e6rni - Mat\u00eds\",\"isPartOf\":{\"@id\":\"https:\\\/\\\/matis.is\\\/#website\"},\"primaryImageOfPage\":{\"@id\":\"https:\\\/\\\/matis.is\\\/en\\\/frettir\\\/islendingar-seu-virkir-thatttakendur-i-sjalfbaerni\\\/#primaryimage\"},\"image\":{\"@id\":\"https:\\\/\\\/matis.is\\\/en\\\/frettir\\\/islendingar-seu-virkir-thatttakendur-i-sjalfbaerni\\\/#primaryimage\"},\"thumbnailUrl\":\"https:\\\/\\\/matis.is\\\/wp-content\\\/uploads\\\/hus-matis.jpg\",\"datePublished\":\"2007-06-15T10:41:00+00:00\",\"dateModified\":\"2021-08-30T10:43:00+00:00\",\"breadcrumb\":{\"@id\":\"https:\\\/\\\/matis.is\\\/en\\\/frettir\\\/islendingar-seu-virkir-thatttakendur-i-sjalfbaerni\\\/#breadcrumb\"},\"inLanguage\":\"en-GB\",\"potentialAction\":[{\"@type\":\"ReadAction\",\"target\":[\"https:\\\/\\\/matis.is\\\/en\\\/frettir\\\/islendingar-seu-virkir-thatttakendur-i-sjalfbaerni\\\/\"]}]},{\"@type\":\"ImageObject\",\"inLanguage\":\"en-GB\",\"@id\":\"https:\\\/\\\/matis.is\\\/en\\\/frettir\\\/islendingar-seu-virkir-thatttakendur-i-sjalfbaerni\\\/#primaryimage\",\"url\":\"https:\\\/\\\/matis.is\\\/wp-content\\\/uploads\\\/hus-matis.jpg\",\"contentUrl\":\"https:\\\/\\\/matis.is\\\/wp-content\\\/uploads\\\/hus-matis.jpg\",\"width\":900,\"height\":420},{\"@type\":\"BreadcrumbList\",\"@id\":\"https:\\\/\\\/matis.is\\\/en\\\/frettir\\\/islendingar-seu-virkir-thatttakendur-i-sjalfbaerni\\\/#breadcrumb\",\"itemListElement\":[{\"@type\":\"ListItem\",\"position\":1,\"name\":\"Home\",\"item\":\"https:\\\/\\\/matis.is\\\/\"},{\"@type\":\"ListItem\",\"position\":2,\"name\":\"\u00cdslendingar s\u00e9u virkir \u00fe\u00e1tttakendur \u00ed sj\u00e1lfb\u00e6rni\"}]},{\"@type\":\"WebSite\",\"@id\":\"https:\\\/\\\/matis.is\\\/#website\",\"url\":\"https:\\\/\\\/matis.is\\\/\",\"name\":\"Mat\u00eds\",\"description\":\"Ver\u00f0m\u00e6task\u00f6pun, matv\u00e6la\u00f6ryggi og l\u00fd\u00f0heilsa\",\"publisher\":{\"@id\":\"https:\\\/\\\/matis.is\\\/#organization\"},\"potentialAction\":[{\"@type\":\"SearchAction\",\"target\":{\"@type\":\"EntryPoint\",\"urlTemplate\":\"https:\\\/\\\/matis.is\\\/?s={search_term_string}\"},\"query-input\":{\"@type\":\"PropertyValueSpecification\",\"valueRequired\":true,\"valueName\":\"search_term_string\"}}],\"inLanguage\":\"en-GB\"},{\"@type\":\"Organization\",\"@id\":\"https:\\\/\\\/matis.is\\\/#organization\",\"name\":\"Mat\u00eds ohf.\",\"url\":\"https:\\\/\\\/matis.is\\\/\",\"logo\":{\"@type\":\"ImageObject\",\"inLanguage\":\"en-GB\",\"@id\":\"https:\\\/\\\/matis.is\\\/#\\\/schema\\\/logo\\\/image\\\/\",\"url\":\"https:\\\/\\\/matis.is\\\/wp-content\\\/uploads\\\/2021\\\/02\\\/matis_logo_blatthvitt.png\",\"contentUrl\":\"https:\\\/\\\/matis.is\\\/wp-content\\\/uploads\\\/2021\\\/02\\\/matis_logo_blatthvitt.png\",\"width\":1507,\"height\":1507,\"caption\":\"Mat\u00eds ohf.\"},\"image\":{\"@id\":\"https:\\\/\\\/matis.is\\\/#\\\/schema\\\/logo\\\/image\\\/\"},\"sameAs\":[\"https:\\\/\\\/www.facebook.com\\\/matisiceland\",\"https:\\\/\\\/x.com\\\/matisiceland\",\"https:\\\/\\\/www.instagram.com\\\/matisiceland\\\/\",\"https:\\\/\\\/www.linkedin.com\\\/matisiceland\\\/\",\"https:\\\/\\\/www.youtube.com\\\/channel\\\/UCY-frt3uTqgVZW-DLjoo5bA\"]},{\"@type\":\"Person\",\"@id\":\"https:\\\/\\\/matis.is\\\/#\\\/schema\\\/person\\\/33b92c850c915c93e67f291e3381a49a\",\"name\":\"admin\",\"sameAs\":[\"https:\\\/\\\/matis.mareframe.eu\"],\"url\":\"https:\\\/\\\/matis.is\\\/en\\\/author\\\/thormodurmatis-is\\\/\"}]}<\/script>\n<!-- \/ Yoast SEO plugin. -->","yoast_head_json":{"title":"Icelanders are active participants in sustainability - Mat\u00eds","robots":{"index":"index","follow":"follow","max-snippet":"max-snippet:-1","max-image-preview":"max-image-preview:large","max-video-preview":"max-video-preview:-1"},"canonical":"https:\/\/matis.is\/en\/frettir\/islendingar-seu-virkir-thatttakendur-i-sjalfbaerni\/","og_locale":"en_GB","og_type":"article","og_title":"\u00cdslendingar s\u00e9u virkir \u00fe\u00e1tttakendur \u00ed sj\u00e1lfb\u00e6rni - Mat\u00eds","og_description":"Krafa um sj\u00e1lfb\u00e6rni \u00ed sj\u00e1var\u00fatvegi eykst s\u00edfellt og \u00fev\u00ed mikilv\u00e6gt a\u00f0 \u00edslensk fyrirt\u00e6ki taki virkan \u00fe\u00e1tt \u00ed \u00fer\u00f3un \u00e1 \u00fev\u00ed [&hellip;]","og_url":"https:\/\/matis.is\/en\/frettir\/islendingar-seu-virkir-thatttakendur-i-sjalfbaerni\/","og_site_name":"Mat\u00eds","article_publisher":"https:\/\/www.facebook.com\/matisiceland","article_published_time":"2007-06-15T10:41:00+00:00","article_modified_time":"2021-08-30T10:43:00+00:00","og_image":[{"width":900,"height":420,"url":"https:\/\/matis.is\/wp-content\/uploads\/hus-matis.jpg","type":"image\/jpeg"}],"author":"admin","twitter_card":"summary_large_image","twitter_creator":"@matisiceland","twitter_site":"@matisiceland","twitter_misc":{"Written by":"admin","Estimated reading time":"2 minutes"},"schema":{"@context":"https:\/\/schema.org","@graph":[{"@type":"Article","@id":"https:\/\/matis.is\/en\/frettir\/islendingar-seu-virkir-thatttakendur-i-sjalfbaerni\/#article","isPartOf":{"@id":"https:\/\/matis.is\/en\/frettir\/islendingar-seu-virkir-thatttakendur-i-sjalfbaerni\/"},"author":{"name":"admin","@id":"https:\/\/matis.is\/#\/schema\/person\/33b92c850c915c93e67f291e3381a49a"},"headline":"\u00cdslendingar s\u00e9u virkir \u00fe\u00e1tttakendur \u00ed sj\u00e1lfb\u00e6rni","datePublished":"2007-06-15T10:41:00+00:00","dateModified":"2021-08-30T10:43:00+00:00","mainEntityOfPage":{"@id":"https:\/\/matis.is\/en\/frettir\/islendingar-seu-virkir-thatttakendur-i-sjalfbaerni\/"},"wordCount":433,"publisher":{"@id":"https:\/\/matis.is\/#organization"},"image":{"@id":"https:\/\/matis.is\/en\/frettir\/islendingar-seu-virkir-thatttakendur-i-sjalfbaerni\/#primaryimage"},"thumbnailUrl":"https:\/\/matis.is\/wp-content\/uploads\/hus-matis.jpg","articleSection":["Fr\u00e9ttir"],"inLanguage":"en-GB"},{"@type":"WebPage","@id":"https:\/\/matis.is\/en\/frettir\/islendingar-seu-virkir-thatttakendur-i-sjalfbaerni\/","url":"https:\/\/matis.is\/en\/frettir\/islendingar-seu-virkir-thatttakendur-i-sjalfbaerni\/","name":"Icelanders are active participants in sustainability - Mat\u00eds","isPartOf":{"@id":"https:\/\/matis.is\/#website"},"primaryImageOfPage":{"@id":"https:\/\/matis.is\/en\/frettir\/islendingar-seu-virkir-thatttakendur-i-sjalfbaerni\/#primaryimage"},"image":{"@id":"https:\/\/matis.is\/en\/frettir\/islendingar-seu-virkir-thatttakendur-i-sjalfbaerni\/#primaryimage"},"thumbnailUrl":"https:\/\/matis.is\/wp-content\/uploads\/hus-matis.jpg","datePublished":"2007-06-15T10:41:00+00:00","dateModified":"2021-08-30T10:43:00+00:00","breadcrumb":{"@id":"https:\/\/matis.is\/en\/frettir\/islendingar-seu-virkir-thatttakendur-i-sjalfbaerni\/#breadcrumb"},"inLanguage":"en-GB","potentialAction":[{"@type":"ReadAction","target":["https:\/\/matis.is\/en\/frettir\/islendingar-seu-virkir-thatttakendur-i-sjalfbaerni\/"]}]},{"@type":"ImageObject","inLanguage":"en-GB","@id":"https:\/\/matis.is\/en\/frettir\/islendingar-seu-virkir-thatttakendur-i-sjalfbaerni\/#primaryimage","url":"https:\/\/matis.is\/wp-content\/uploads\/hus-matis.jpg","contentUrl":"https:\/\/matis.is\/wp-content\/uploads\/hus-matis.jpg","width":900,"height":420},{"@type":"BreadcrumbList","@id":"https:\/\/matis.is\/en\/frettir\/islendingar-seu-virkir-thatttakendur-i-sjalfbaerni\/#breadcrumb","itemListElement":[{"@type":"ListItem","position":1,"name":"Home","item":"https:\/\/matis.is\/"},{"@type":"ListItem","position":2,"name":"\u00cdslendingar s\u00e9u virkir \u00fe\u00e1tttakendur \u00ed sj\u00e1lfb\u00e6rni"}]},{"@type":"WebSite","@id":"https:\/\/matis.is\/#website","url":"https:\/\/matis.is\/","name":"Mat\u00eds","description":"Value creation, food security and public health","publisher":{"@id":"https:\/\/matis.is\/#organization"},"potentialAction":[{"@type":"SearchAction","target":{"@type":"EntryPoint","urlTemplate":"https:\/\/matis.is\/?s={search_term_string}"},"query-input":{"@type":"PropertyValueSpecification","valueRequired":true,"valueName":"search_term_string"}}],"inLanguage":"en-GB"},{"@type":"Organization","@id":"https:\/\/matis.is\/#organization","name":"Mat\u00eds ohf.","url":"https:\/\/matis.is\/","logo":{"@type":"ImageObject","inLanguage":"en-GB","@id":"https:\/\/matis.is\/#\/schema\/logo\/image\/","url":"https:\/\/matis.is\/wp-content\/uploads\/2021\/02\/matis_logo_blatthvitt.png","contentUrl":"https:\/\/matis.is\/wp-content\/uploads\/2021\/02\/matis_logo_blatthvitt.png","width":1507,"height":1507,"caption":"Mat\u00eds ohf."},"image":{"@id":"https:\/\/matis.is\/#\/schema\/logo\/image\/"},"sameAs":["https:\/\/www.facebook.com\/matisiceland","https:\/\/x.com\/matisiceland","https:\/\/www.instagram.com\/matisiceland\/","https:\/\/www.linkedin.com\/matisiceland\/","https:\/\/www.youtube.com\/channel\/UCY-frt3uTqgVZW-DLjoo5bA"]},{"@type":"Person","@id":"https:\/\/matis.is\/#\/schema\/person\/33b92c850c915c93e67f291e3381a49a","name":"admin","sameAs":["https:\/\/matis.mareframe.eu"],"url":"https:\/\/matis.is\/en\/author\/thormodurmatis-is\/"}]}},"spectra_custom_meta":{"_edit_lock":["1630320181:5"],"_wp_old_date":["2021-08-30"],"_thumbnail_id":["39514"],"_wp_page_template":["templates\/template-cover.php"],"_edit_last":["5"],"tengilidur":[""],"_tengilidur":["field_5ef905e0538b2"],"_yoast_wpseo_primary_category":["1973"],"_yoast_wpseo_content_score":["30"],"_yoast_wpseo_estimated-reading-time-minutes":["2"],"wpmm_postgrid_views":["357"],"_uag_css_file_name":["uag-css-43704.css"],"_uag_page_assets":["a:9:{s:3:\"css\";s:263:\".uag-blocks-common-selector{z-index:var(--z-index-desktop) !important}@media (max-width: 976px){.uag-blocks-common-selector{z-index:var(--z-index-tablet) !important}}@media (max-width: 767px){.uag-blocks-common-selector{z-index:var(--z-index-mobile) !important}}\n\";s:2:\"js\";s:0:\"\";s:18:\"current_block_list\";a:7:{i:0;s:12:\"core\/heading\";i:1;s:14:\"core\/paragraph\";i:2;s:10:\"core\/image\";i:3;s:12:\"core\/buttons\";i:4;s:11:\"core\/button\";i:5;s:12:\"core\/columns\";i:6;s:11:\"core\/column\";}s:8:\"uag_flag\";b:0;s:11:\"uag_version\";s:10:\"1777040860\";s:6:\"gfonts\";a:0:{}s:10:\"gfonts_url\";s:0:\"\";s:12:\"gfonts_files\";a:0:{}s:14:\"uag_faq_layout\";b:0;}"]},"uagb_featured_image_src":{"full":["https:\/\/matis.is\/wp-content\/uploads\/hus-matis.jpg",900,420,false],"thumbnail":["https:\/\/matis.is\/wp-content\/uploads\/hus-matis-150x150.jpg",150,150,true],"medium":["https:\/\/matis.is\/wp-content\/uploads\/hus-matis-300x140.jpg",300,140,true],"medium_large":["https:\/\/matis.is\/wp-content\/uploads\/hus-matis-768x358.jpg",768,358,true],"large":["https:\/\/matis.is\/wp-content\/uploads\/hus-matis.jpg",900,420,false],"1536x1536":["https:\/\/matis.is\/wp-content\/uploads\/hus-matis.jpg",900,420,false],"2048x2048":["https:\/\/matis.is\/wp-content\/uploads\/hus-matis.jpg",900,420,false],"trp-custom-language-flag":["https:\/\/matis.is\/wp-content\/uploads\/hus-matis.jpg",18,8,false]},"uagb_author_info":{"display_name":"admin","author_link":"https:\/\/matis.is\/en\/author\/thormodurmatis-is\/"},"uagb_comment_info":0,"uagb_excerpt":"Krafa um sj\u00e1lfb\u00e6rni \u00ed sj\u00e1var\u00fatvegi eykst s\u00edfellt og \u00fev\u00ed mikilv\u00e6gt a\u00f0 \u00edslensk fyrirt\u00e6ki taki virkan \u00fe\u00e1tt \u00ed \u00fer\u00f3un \u00e1 \u00fev\u00ed [&hellip;]","_links":{"self":[{"href":"https:\/\/matis.is\/en\/wp-json\/wp\/v2\/posts\/43704","targetHints":{"allow":["GET"]}}],"collection":[{"href":"https:\/\/matis.is\/en\/wp-json\/wp\/v2\/posts"}],"about":[{"href":"https:\/\/matis.is\/en\/wp-json\/wp\/v2\/types\/post"}],"author":[{"embeddable":true,"href":"https:\/\/matis.is\/en\/wp-json\/wp\/v2\/users\/1"}],"replies":[{"embeddable":true,"href":"https:\/\/matis.is\/en\/wp-json\/wp\/v2\/comments?post=43704"}],"version-history":[{"count":1,"href":"https:\/\/matis.is\/en\/wp-json\/wp\/v2\/posts\/43704\/revisions"}],"predecessor-version":[{"id":43705,"href":"https:\/\/matis.is\/en\/wp-json\/wp\/v2\/posts\/43704\/revisions\/43705"}],"wp:featuredmedia":[{"embeddable":true,"href":"https:\/\/matis.is\/en\/wp-json\/wp\/v2\/media\/39514"}],"wp:attachment":[{"href":"https:\/\/matis.is\/en\/wp-json\/wp\/v2\/media?parent=43704"}],"wp:term":[{"taxonomy":"category","embeddable":true,"href":"https:\/\/matis.is\/en\/wp-json\/wp\/v2\/categories?post=43704"},{"taxonomy":"post_tag","embeddable":true,"href":"https:\/\/matis.is\/en\/wp-json\/wp\/v2\/tags?post=43704"}],"curies":[{"name":"wp","href":"https:\/\/api.w.org\/{rel}","templated":true}]}}