{"id":43750,"date":"2007-04-26T12:55:00","date_gmt":"2007-04-26T12:55:00","guid":{"rendered":"https:\/\/matis.is\/?p=43750"},"modified":"2021-08-30T12:56:44","modified_gmt":"2021-08-30T12:56:44","slug":"verid-visindagardar-a-saudarkroki-tekur-til-starfa","status":"publish","type":"post","link":"https:\/\/matis.is\/en\/frettir\/verid-visindagardar-a-saudarkroki-tekur-til-starfa\/","title":{"rendered":"V\u00edsindagar\u00f0ur in Sau\u00f0\u00e1rkr\u00f3kur is starting to work"},"content":{"rendered":"<h4 class=\"wp-block-heading\">Yesterday, the company Veri\u00f0 V\u00edsindagar\u00f0ar ehf. presented at an open meeting in Sau\u00f0\u00e1rkr\u00f3kur. One of the main goals of the Verse is to promote the development of the economy, strengthen research and study opportunities and increase value creation in collaboration with companies in the area.<\/h4>\n\n\n\n<p>At the introductory meeting, the Minister of Fisheries, Einar K. Gu\u00f0finnsson, said that Veri\u00f0 V\u00edsindagar\u00f0ar was a successful way of developing the economy in the area, especially in the food industry. He said that the ministry had made an effort to increase the number of specialist jobs at the ministry&#039;s institutions in the countryside, but that they had increased by the last 25 semesters and that a similar number was at least foreseeable. In his speech, the Minister emphasized the importance of increasing employment opportunities for university-educated people in rural areas, as well as study opportunities, and said that the establishment of Versinn V\u00edsindagar\u00f0ur was part of that.<\/p>\n\n\n\n<p>The company Veri\u00f0 V\u00edsindagar\u00f0ar ehf was founded earlier this year and will handle the operation of teaching and research facilities in the form of science parks in connection with H\u00f3lar University, Mat\u00eds (Matv\u00e6laranns\u00f3knir \u00cdslands), FISK Seafood and other parties. The company aims for further development in this field by creating facilities and a platform for increased collaboration between the business community, domestic and foreign universities and researchers.<\/p>\n\n\n\n<p>V\u00edsindagar\u00f0ur is currently run in a 1,500 square meter building at H\u00e1eyri 1, where H\u00f3lar University has facilities for teaching and research in aquaculture, fish biology, marine and aquatic biology. Mat\u00eds also has operations there for the company Iceprotein, which produces protein from fish cuts. The Minister of Fisheries said at the introductory meeting that Mat\u00eds&#039; participation in research and development work at Verin had, among other things, the aim of creating benefits for the business community and promoting further investment and job creation. The same applies to the activities of research institutes under the Ministry of Fisheries in many parts of the country.<\/p>\n\n\n\n<p>Science parks, such as those that have been opened in Sau\u00f0\u00e1rkr\u00f3kur, have been established at numerous universities abroad because experience shows that such activities are a powerful way to strengthen settlements and communities with extensive university work in close collaboration with companies, institutions and municipalities.<\/p>\n\n\n\n<p>Due to the great interest of those who come to Verin and others, there are already plans to significantly improve the existing housing; such as research facilities and additional work facilities for teachers, students and researchers.<\/p>\n\n\n\n<p>G\u00edsli Svan Einarsson has been appointed managing director of Versinn, having previously worked as a shipping manager at FISK Seafood in Sau\u00f0\u00e1rkr\u00f3kur. G\u00edsli provides all further information by phone: 825 4409.<\/p>","protected":false},"excerpt":{"rendered":"<p>\u00cd g\u00e6r var fyrirt\u00e6ki\u00f0 Veri\u00f0 V\u00edsindagar\u00f0ar ehf. kynnt \u00e1 opnum fundi \u00e1 Sau\u00f0\u00e1rkr\u00f3ki. Eitt af meginmarkmi\u00f0um Versins er a\u00f0 stu\u00f0la [&hellip;]<\/p>\n","protected":false},"author":1,"featured_media":43751,"comment_status":"closed","ping_status":"closed","sticky":false,"template":"templates\/template-cover.php","format":"standard","meta":{"_acf_changed":false,"_uag_custom_page_level_css":"","site-sidebar-layout":"default","site-content-layout":"","ast-site-content-layout":"default","site-content-style":"default","site-sidebar-style":"default","ast-global-header-display":"","ast-banner-title-visibility":"","ast-main-header-display":"","ast-hfb-above-header-display":"","ast-hfb-below-header-display":"","ast-hfb-mobile-header-display":"","site-post-title":"","ast-breadcrumbs-content":"","ast-featured-img":"","footer-sml-layout":"","ast-disable-related-posts":"","theme-transparent-header-meta":"","adv-header-id-meta":"","stick-header-meta":"","header-above-stick-meta":"","header-main-stick-meta":"","header-below-stick-meta":"","astra-migrate-meta-layouts":"default","ast-page-background-enabled":"default","ast-page-background-meta":{"desktop":{"background-color":"var(--ast-global-color-5)","background-image":"","background-repeat":"repeat","background-position":"center center","background-size":"auto","background-attachment":"scroll","background-type":"","background-media":"","overlay-type":"","overlay-color":"","overlay-opacity":"","overlay-gradient":""},"tablet":{"background-color":"","background-image":"","background-repeat":"repeat","background-position":"center center","background-size":"auto","background-attachment":"scroll","background-type":"","background-media":"","overlay-type":"","overlay-color":"","overlay-opacity":"","overlay-gradient":""},"mobile":{"background-color":"","background-image":"","background-repeat":"repeat","background-position":"center center","background-size":"auto","background-attachment":"scroll","background-type":"","background-media":"","overlay-type":"","overlay-color":"","overlay-opacity":"","overlay-gradient":""}},"ast-content-background-meta":{"desktop":{"background-color":"var(--ast-global-color-4)","background-image":"","background-repeat":"repeat","background-position":"center center","background-size":"auto","background-attachment":"scroll","background-type":"","background-media":"","overlay-type":"","overlay-color":"","overlay-opacity":"","overlay-gradient":""},"tablet":{"background-color":"var(--ast-global-color-4)","background-image":"","background-repeat":"repeat","background-position":"center center","background-size":"auto","background-attachment":"scroll","background-type":"","background-media":"","overlay-type":"","overlay-color":"","overlay-opacity":"","overlay-gradient":""},"mobile":{"background-color":"var(--ast-global-color-4)","background-image":"","background-repeat":"repeat","background-position":"center center","background-size":"auto","background-attachment":"scroll","background-type":"","background-media":"","overlay-type":"","overlay-color":"","overlay-opacity":"","overlay-gradient":""}},"footnotes":""},"categories":[1973],"tags":[],"class_list":["post-43750","post","type-post","status-publish","format-standard","has-post-thumbnail","hentry","category-frettir"],"acf":[],"yoast_head":"<!-- This site is optimized with the Yoast SEO plugin v27.4 - https:\/\/yoast.com\/product\/yoast-seo-wordpress\/ -->\n<title>Veri\u00f0 V\u00edsindagar\u00f0ar \u00e1 Sau\u00f0\u00e1rkr\u00f3ki tekur til starfa - Mat\u00eds<\/title>\n<meta name=\"robots\" content=\"index, follow, max-snippet:-1, max-image-preview:large, max-video-preview:-1\" \/>\n<link rel=\"canonical\" href=\"https:\/\/matis.is\/en\/frettir\/verid-visindagardar-a-saudarkroki-tekur-til-starfa\/\" \/>\n<meta property=\"og:locale\" content=\"en_GB\" \/>\n<meta property=\"og:type\" content=\"article\" \/>\n<meta property=\"og:title\" content=\"Veri\u00f0 V\u00edsindagar\u00f0ar \u00e1 Sau\u00f0\u00e1rkr\u00f3ki tekur til starfa - Mat\u00eds\" \/>\n<meta property=\"og:description\" content=\"\u00cd g\u00e6r var fyrirt\u00e6ki\u00f0 Veri\u00f0 V\u00edsindagar\u00f0ar ehf. kynnt \u00e1 opnum fundi \u00e1 Sau\u00f0\u00e1rkr\u00f3ki. Eitt af meginmarkmi\u00f0um Versins er a\u00f0 stu\u00f0la [&hellip;]\" \/>\n<meta property=\"og:url\" content=\"https:\/\/matis.is\/en\/frettir\/verid-visindagardar-a-saudarkroki-tekur-til-starfa\/\" \/>\n<meta property=\"og:site_name\" content=\"Mat\u00eds\" \/>\n<meta property=\"article:publisher\" content=\"https:\/\/www.facebook.com\/matisiceland\" \/>\n<meta property=\"article:published_time\" content=\"2007-04-26T12:55:00+00:00\" \/>\n<meta property=\"article:modified_time\" content=\"2021-08-30T12:56:44+00:00\" \/>\n<meta property=\"og:image\" content=\"https:\/\/matis.is\/wp-content\/uploads\/Verid_fundur.jpg\" \/>\n\t<meta property=\"og:image:width\" content=\"640\" \/>\n\t<meta property=\"og:image:height\" content=\"233\" \/>\n\t<meta property=\"og:image:type\" content=\"image\/jpeg\" \/>\n<meta name=\"author\" content=\"admin\" \/>\n<meta name=\"twitter:card\" content=\"summary_large_image\" \/>\n<meta name=\"twitter:creator\" content=\"@matisiceland\" \/>\n<meta name=\"twitter:site\" content=\"@matisiceland\" \/>\n<meta name=\"twitter:label1\" content=\"Written by\" \/>\n\t<meta name=\"twitter:data1\" content=\"admin\" \/>\n\t<meta name=\"twitter:label2\" content=\"Estimated reading time\" \/>\n\t<meta name=\"twitter:data2\" content=\"2 minutes\" \/>\n<script type=\"application\/ld+json\" class=\"yoast-schema-graph\">{\"@context\":\"https:\\\/\\\/schema.org\",\"@graph\":[{\"@type\":\"Article\",\"@id\":\"https:\\\/\\\/matis.is\\\/frettir\\\/verid-visindagardar-a-saudarkroki-tekur-til-starfa\\\/#article\",\"isPartOf\":{\"@id\":\"https:\\\/\\\/matis.is\\\/frettir\\\/verid-visindagardar-a-saudarkroki-tekur-til-starfa\\\/\"},\"author\":{\"name\":\"admin\",\"@id\":\"https:\\\/\\\/matis.is\\\/#\\\/schema\\\/person\\\/33b92c850c915c93e67f291e3381a49a\"},\"headline\":\"Veri\u00f0 V\u00edsindagar\u00f0ar \u00e1 Sau\u00f0\u00e1rkr\u00f3ki tekur til starfa\",\"datePublished\":\"2007-04-26T12:55:00+00:00\",\"dateModified\":\"2021-08-30T12:56:44+00:00\",\"mainEntityOfPage\":{\"@id\":\"https:\\\/\\\/matis.is\\\/frettir\\\/verid-visindagardar-a-saudarkroki-tekur-til-starfa\\\/\"},\"wordCount\":525,\"publisher\":{\"@id\":\"https:\\\/\\\/matis.is\\\/#organization\"},\"image\":{\"@id\":\"https:\\\/\\\/matis.is\\\/frettir\\\/verid-visindagardar-a-saudarkroki-tekur-til-starfa\\\/#primaryimage\"},\"thumbnailUrl\":\"https:\\\/\\\/matis.is\\\/wp-content\\\/uploads\\\/Verid_fundur.jpg\",\"articleSection\":[\"Fr\u00e9ttir\"],\"inLanguage\":\"en-GB\"},{\"@type\":\"WebPage\",\"@id\":\"https:\\\/\\\/matis.is\\\/frettir\\\/verid-visindagardar-a-saudarkroki-tekur-til-starfa\\\/\",\"url\":\"https:\\\/\\\/matis.is\\\/frettir\\\/verid-visindagardar-a-saudarkroki-tekur-til-starfa\\\/\",\"name\":\"Veri\u00f0 V\u00edsindagar\u00f0ar \u00e1 Sau\u00f0\u00e1rkr\u00f3ki tekur til starfa - Mat\u00eds\",\"isPartOf\":{\"@id\":\"https:\\\/\\\/matis.is\\\/#website\"},\"primaryImageOfPage\":{\"@id\":\"https:\\\/\\\/matis.is\\\/frettir\\\/verid-visindagardar-a-saudarkroki-tekur-til-starfa\\\/#primaryimage\"},\"image\":{\"@id\":\"https:\\\/\\\/matis.is\\\/frettir\\\/verid-visindagardar-a-saudarkroki-tekur-til-starfa\\\/#primaryimage\"},\"thumbnailUrl\":\"https:\\\/\\\/matis.is\\\/wp-content\\\/uploads\\\/Verid_fundur.jpg\",\"datePublished\":\"2007-04-26T12:55:00+00:00\",\"dateModified\":\"2021-08-30T12:56:44+00:00\",\"breadcrumb\":{\"@id\":\"https:\\\/\\\/matis.is\\\/frettir\\\/verid-visindagardar-a-saudarkroki-tekur-til-starfa\\\/#breadcrumb\"},\"inLanguage\":\"en-GB\",\"potentialAction\":[{\"@type\":\"ReadAction\",\"target\":[\"https:\\\/\\\/matis.is\\\/frettir\\\/verid-visindagardar-a-saudarkroki-tekur-til-starfa\\\/\"]}]},{\"@type\":\"ImageObject\",\"inLanguage\":\"en-GB\",\"@id\":\"https:\\\/\\\/matis.is\\\/frettir\\\/verid-visindagardar-a-saudarkroki-tekur-til-starfa\\\/#primaryimage\",\"url\":\"https:\\\/\\\/matis.is\\\/wp-content\\\/uploads\\\/Verid_fundur.jpg\",\"contentUrl\":\"https:\\\/\\\/matis.is\\\/wp-content\\\/uploads\\\/Verid_fundur.jpg\",\"width\":640,\"height\":233},{\"@type\":\"BreadcrumbList\",\"@id\":\"https:\\\/\\\/matis.is\\\/frettir\\\/verid-visindagardar-a-saudarkroki-tekur-til-starfa\\\/#breadcrumb\",\"itemListElement\":[{\"@type\":\"ListItem\",\"position\":1,\"name\":\"Home\",\"item\":\"https:\\\/\\\/matis.is\\\/\"},{\"@type\":\"ListItem\",\"position\":2,\"name\":\"Veri\u00f0 V\u00edsindagar\u00f0ar \u00e1 Sau\u00f0\u00e1rkr\u00f3ki tekur til starfa\"}]},{\"@type\":\"WebSite\",\"@id\":\"https:\\\/\\\/matis.is\\\/#website\",\"url\":\"https:\\\/\\\/matis.is\\\/\",\"name\":\"Mat\u00eds\",\"description\":\"Ver\u00f0m\u00e6task\u00f6pun, matv\u00e6la\u00f6ryggi og l\u00fd\u00f0heilsa\",\"publisher\":{\"@id\":\"https:\\\/\\\/matis.is\\\/#organization\"},\"potentialAction\":[{\"@type\":\"SearchAction\",\"target\":{\"@type\":\"EntryPoint\",\"urlTemplate\":\"https:\\\/\\\/matis.is\\\/?s={search_term_string}\"},\"query-input\":{\"@type\":\"PropertyValueSpecification\",\"valueRequired\":true,\"valueName\":\"search_term_string\"}}],\"inLanguage\":\"en-GB\"},{\"@type\":\"Organization\",\"@id\":\"https:\\\/\\\/matis.is\\\/#organization\",\"name\":\"Mat\u00eds ohf.\",\"url\":\"https:\\\/\\\/matis.is\\\/\",\"logo\":{\"@type\":\"ImageObject\",\"inLanguage\":\"en-GB\",\"@id\":\"https:\\\/\\\/matis.is\\\/#\\\/schema\\\/logo\\\/image\\\/\",\"url\":\"https:\\\/\\\/matis.is\\\/wp-content\\\/uploads\\\/2021\\\/02\\\/matis_logo_blatthvitt.png\",\"contentUrl\":\"https:\\\/\\\/matis.is\\\/wp-content\\\/uploads\\\/2021\\\/02\\\/matis_logo_blatthvitt.png\",\"width\":1507,\"height\":1507,\"caption\":\"Mat\u00eds ohf.\"},\"image\":{\"@id\":\"https:\\\/\\\/matis.is\\\/#\\\/schema\\\/logo\\\/image\\\/\"},\"sameAs\":[\"https:\\\/\\\/www.facebook.com\\\/matisiceland\",\"https:\\\/\\\/x.com\\\/matisiceland\",\"https:\\\/\\\/www.instagram.com\\\/matisiceland\\\/\",\"https:\\\/\\\/www.linkedin.com\\\/matisiceland\\\/\",\"https:\\\/\\\/www.youtube.com\\\/channel\\\/UCY-frt3uTqgVZW-DLjoo5bA\"]},{\"@type\":\"Person\",\"@id\":\"https:\\\/\\\/matis.is\\\/#\\\/schema\\\/person\\\/33b92c850c915c93e67f291e3381a49a\",\"name\":\"admin\",\"sameAs\":[\"https:\\\/\\\/matis.mareframe.eu\"],\"url\":\"https:\\\/\\\/matis.is\\\/en\\\/author\\\/thormodurmatis-is\\\/\"}]}<\/script>\n<!-- \/ Yoast SEO plugin. -->","yoast_head_json":{"title":"V\u00edsindagar\u00f0ur in Sau\u00f0\u00e1rkr\u00f3kur starts working - Mat\u00eds","robots":{"index":"index","follow":"follow","max-snippet":"max-snippet:-1","max-image-preview":"max-image-preview:large","max-video-preview":"max-video-preview:-1"},"canonical":"https:\/\/matis.is\/en\/frettir\/verid-visindagardar-a-saudarkroki-tekur-til-starfa\/","og_locale":"en_GB","og_type":"article","og_title":"Veri\u00f0 V\u00edsindagar\u00f0ar \u00e1 Sau\u00f0\u00e1rkr\u00f3ki tekur til starfa - Mat\u00eds","og_description":"\u00cd g\u00e6r var fyrirt\u00e6ki\u00f0 Veri\u00f0 V\u00edsindagar\u00f0ar ehf. kynnt \u00e1 opnum fundi \u00e1 Sau\u00f0\u00e1rkr\u00f3ki. Eitt af meginmarkmi\u00f0um Versins er a\u00f0 stu\u00f0la [&hellip;]","og_url":"https:\/\/matis.is\/en\/frettir\/verid-visindagardar-a-saudarkroki-tekur-til-starfa\/","og_site_name":"Mat\u00eds","article_publisher":"https:\/\/www.facebook.com\/matisiceland","article_published_time":"2007-04-26T12:55:00+00:00","article_modified_time":"2021-08-30T12:56:44+00:00","og_image":[{"width":640,"height":233,"url":"https:\/\/matis.is\/wp-content\/uploads\/Verid_fundur.jpg","type":"image\/jpeg"}],"author":"admin","twitter_card":"summary_large_image","twitter_creator":"@matisiceland","twitter_site":"@matisiceland","twitter_misc":{"Written by":"admin","Estimated reading time":"2 minutes"},"schema":{"@context":"https:\/\/schema.org","@graph":[{"@type":"Article","@id":"https:\/\/matis.is\/frettir\/verid-visindagardar-a-saudarkroki-tekur-til-starfa\/#article","isPartOf":{"@id":"https:\/\/matis.is\/frettir\/verid-visindagardar-a-saudarkroki-tekur-til-starfa\/"},"author":{"name":"admin","@id":"https:\/\/matis.is\/#\/schema\/person\/33b92c850c915c93e67f291e3381a49a"},"headline":"Veri\u00f0 V\u00edsindagar\u00f0ar \u00e1 Sau\u00f0\u00e1rkr\u00f3ki tekur til starfa","datePublished":"2007-04-26T12:55:00+00:00","dateModified":"2021-08-30T12:56:44+00:00","mainEntityOfPage":{"@id":"https:\/\/matis.is\/frettir\/verid-visindagardar-a-saudarkroki-tekur-til-starfa\/"},"wordCount":525,"publisher":{"@id":"https:\/\/matis.is\/#organization"},"image":{"@id":"https:\/\/matis.is\/frettir\/verid-visindagardar-a-saudarkroki-tekur-til-starfa\/#primaryimage"},"thumbnailUrl":"https:\/\/matis.is\/wp-content\/uploads\/Verid_fundur.jpg","articleSection":["Fr\u00e9ttir"],"inLanguage":"en-GB"},{"@type":"WebPage","@id":"https:\/\/matis.is\/frettir\/verid-visindagardar-a-saudarkroki-tekur-til-starfa\/","url":"https:\/\/matis.is\/frettir\/verid-visindagardar-a-saudarkroki-tekur-til-starfa\/","name":"V\u00edsindagar\u00f0ur in Sau\u00f0\u00e1rkr\u00f3kur starts working - Mat\u00eds","isPartOf":{"@id":"https:\/\/matis.is\/#website"},"primaryImageOfPage":{"@id":"https:\/\/matis.is\/frettir\/verid-visindagardar-a-saudarkroki-tekur-til-starfa\/#primaryimage"},"image":{"@id":"https:\/\/matis.is\/frettir\/verid-visindagardar-a-saudarkroki-tekur-til-starfa\/#primaryimage"},"thumbnailUrl":"https:\/\/matis.is\/wp-content\/uploads\/Verid_fundur.jpg","datePublished":"2007-04-26T12:55:00+00:00","dateModified":"2021-08-30T12:56:44+00:00","breadcrumb":{"@id":"https:\/\/matis.is\/frettir\/verid-visindagardar-a-saudarkroki-tekur-til-starfa\/#breadcrumb"},"inLanguage":"en-GB","potentialAction":[{"@type":"ReadAction","target":["https:\/\/matis.is\/frettir\/verid-visindagardar-a-saudarkroki-tekur-til-starfa\/"]}]},{"@type":"ImageObject","inLanguage":"en-GB","@id":"https:\/\/matis.is\/frettir\/verid-visindagardar-a-saudarkroki-tekur-til-starfa\/#primaryimage","url":"https:\/\/matis.is\/wp-content\/uploads\/Verid_fundur.jpg","contentUrl":"https:\/\/matis.is\/wp-content\/uploads\/Verid_fundur.jpg","width":640,"height":233},{"@type":"BreadcrumbList","@id":"https:\/\/matis.is\/frettir\/verid-visindagardar-a-saudarkroki-tekur-til-starfa\/#breadcrumb","itemListElement":[{"@type":"ListItem","position":1,"name":"Home","item":"https:\/\/matis.is\/"},{"@type":"ListItem","position":2,"name":"Veri\u00f0 V\u00edsindagar\u00f0ar \u00e1 Sau\u00f0\u00e1rkr\u00f3ki tekur til starfa"}]},{"@type":"WebSite","@id":"https:\/\/matis.is\/#website","url":"https:\/\/matis.is\/","name":"Mat\u00eds","description":"Value creation, food security and public health","publisher":{"@id":"https:\/\/matis.is\/#organization"},"potentialAction":[{"@type":"SearchAction","target":{"@type":"EntryPoint","urlTemplate":"https:\/\/matis.is\/?s={search_term_string}"},"query-input":{"@type":"PropertyValueSpecification","valueRequired":true,"valueName":"search_term_string"}}],"inLanguage":"en-GB"},{"@type":"Organization","@id":"https:\/\/matis.is\/#organization","name":"Mat\u00eds ohf.","url":"https:\/\/matis.is\/","logo":{"@type":"ImageObject","inLanguage":"en-GB","@id":"https:\/\/matis.is\/#\/schema\/logo\/image\/","url":"https:\/\/matis.is\/wp-content\/uploads\/2021\/02\/matis_logo_blatthvitt.png","contentUrl":"https:\/\/matis.is\/wp-content\/uploads\/2021\/02\/matis_logo_blatthvitt.png","width":1507,"height":1507,"caption":"Mat\u00eds ohf."},"image":{"@id":"https:\/\/matis.is\/#\/schema\/logo\/image\/"},"sameAs":["https:\/\/www.facebook.com\/matisiceland","https:\/\/x.com\/matisiceland","https:\/\/www.instagram.com\/matisiceland\/","https:\/\/www.linkedin.com\/matisiceland\/","https:\/\/www.youtube.com\/channel\/UCY-frt3uTqgVZW-DLjoo5bA"]},{"@type":"Person","@id":"https:\/\/matis.is\/#\/schema\/person\/33b92c850c915c93e67f291e3381a49a","name":"admin","sameAs":["https:\/\/matis.mareframe.eu"],"url":"https:\/\/matis.is\/en\/author\/thormodurmatis-is\/"}]}},"spectra_custom_meta":{"_edit_lock":["1630328204:5"],"_wp_old_date":["2021-08-30"],"_thumbnail_id":["43751"],"_wp_page_template":["templates\/template-cover.php"],"_edit_last":["5"],"tengilidur":[""],"_tengilidur":["field_5ef905e0538b2"],"_yoast_wpseo_primary_category":["1973"],"_yoast_wpseo_content_score":["30"],"_yoast_wpseo_estimated-reading-time-minutes":["2"],"wpmm_postgrid_views":["357"],"_uag_css_file_name":["uag-css-43750.css"],"_uag_page_assets":["a:9:{s:3:\"css\";s:0:\"\";s:2:\"js\";s:0:\"\";s:18:\"current_block_list\";a:6:{i:0;s:12:\"core\/heading\";i:1;s:14:\"core\/paragraph\";i:2;s:12:\"core\/buttons\";i:3;s:11:\"core\/button\";i:4;s:12:\"core\/columns\";i:5;s:11:\"core\/column\";}s:8:\"uag_flag\";b:0;s:11:\"uag_version\";s:10:\"1777300790\";s:6:\"gfonts\";a:0:{}s:10:\"gfonts_url\";s:0:\"\";s:12:\"gfonts_files\";a:0:{}s:14:\"uag_faq_layout\";b:0;}"]},"uagb_featured_image_src":{"full":["https:\/\/matis.is\/wp-content\/uploads\/Verid_fundur.jpg",640,233,false],"thumbnail":["https:\/\/matis.is\/wp-content\/uploads\/Verid_fundur-150x150.jpg",150,150,true],"medium":["https:\/\/matis.is\/wp-content\/uploads\/Verid_fundur-300x109.jpg",300,109,true],"medium_large":["https:\/\/matis.is\/wp-content\/uploads\/Verid_fundur.jpg",640,233,false],"large":["https:\/\/matis.is\/wp-content\/uploads\/Verid_fundur.jpg",640,233,false],"1536x1536":["https:\/\/matis.is\/wp-content\/uploads\/Verid_fundur.jpg",640,233,false],"2048x2048":["https:\/\/matis.is\/wp-content\/uploads\/Verid_fundur.jpg",640,233,false],"trp-custom-language-flag":["https:\/\/matis.is\/wp-content\/uploads\/Verid_fundur.jpg",18,7,false]},"uagb_author_info":{"display_name":"admin","author_link":"https:\/\/matis.is\/en\/author\/thormodurmatis-is\/"},"uagb_comment_info":0,"uagb_excerpt":"\u00cd g\u00e6r var fyrirt\u00e6ki\u00f0 Veri\u00f0 V\u00edsindagar\u00f0ar ehf. kynnt \u00e1 opnum fundi \u00e1 Sau\u00f0\u00e1rkr\u00f3ki. Eitt af meginmarkmi\u00f0um Versins er a\u00f0 stu\u00f0la [&hellip;]","_links":{"self":[{"href":"https:\/\/matis.is\/en\/wp-json\/wp\/v2\/posts\/43750","targetHints":{"allow":["GET"]}}],"collection":[{"href":"https:\/\/matis.is\/en\/wp-json\/wp\/v2\/posts"}],"about":[{"href":"https:\/\/matis.is\/en\/wp-json\/wp\/v2\/types\/post"}],"author":[{"embeddable":true,"href":"https:\/\/matis.is\/en\/wp-json\/wp\/v2\/users\/1"}],"replies":[{"embeddable":true,"href":"https:\/\/matis.is\/en\/wp-json\/wp\/v2\/comments?post=43750"}],"version-history":[{"count":1,"href":"https:\/\/matis.is\/en\/wp-json\/wp\/v2\/posts\/43750\/revisions"}],"predecessor-version":[{"id":43752,"href":"https:\/\/matis.is\/en\/wp-json\/wp\/v2\/posts\/43750\/revisions\/43752"}],"wp:featuredmedia":[{"embeddable":true,"href":"https:\/\/matis.is\/en\/wp-json\/wp\/v2\/media\/43751"}],"wp:attachment":[{"href":"https:\/\/matis.is\/en\/wp-json\/wp\/v2\/media?parent=43750"}],"wp:term":[{"taxonomy":"category","embeddable":true,"href":"https:\/\/matis.is\/en\/wp-json\/wp\/v2\/categories?post=43750"},{"taxonomy":"post_tag","embeddable":true,"href":"https:\/\/matis.is\/en\/wp-json\/wp\/v2\/tags?post=43750"}],"curies":[{"name":"wp","href":"https:\/\/api.w.org\/{rel}","templated":true}]}}