{"id":43764,"date":"2007-04-13T13:03:00","date_gmt":"2007-04-13T13:03:00","guid":{"rendered":"https:\/\/matis.is\/?p=43764"},"modified":"2021-08-30T13:04:17","modified_gmt":"2021-08-30T13:04:17","slug":"ad-borda-eldisfisk-er-samviskuspurning","status":"publish","type":"post","link":"https:\/\/matis.is\/en\/frettir\/ad-borda-eldisfisk-er-samviskuspurning\/","title":{"rendered":"Eating farmed fish is a matter of conscience"},"content":{"rendered":"<h4 class=\"wp-block-heading\">Discussions about animal welfare and environmentally friendly food production have increased in recent years. The debate takes on various forms and is mixed in with various issues, as recent news from the UK about the pressure of whaling opponents on retail chains not to sell fish from certain Icelandic companies testifies.<\/h4>\n\n\n\n<p>This debate is actually a bit relative, as a large part of humanity can not afford to wonder whether the animals that are put to death have suffered or not before slaughter. Such questions of conscience are, therefore, first and foremost the luxury of rich nations. But these speculations are a fact nonetheless and will probably have an increasing impact on consumer behavior in important Icelandic markets in the coming years.<\/p>\n\n\n\n<p>In aquaculture, emphasis has been placed on establishing various regulations regarding aquaculture, and one of the points of view that has been discussed is precisely animal welfare in aquaculture production. It is therefore important to examine whether different treatment of fish in relation to animal welfare actually affects the quality of the product. If that is the case, it could affect consumers.<\/p>\n\n\n\n<p>In the autumn of 2006, an extensive study was carried out as part of the participation of the Fisheries Research Institute (now Mat\u00eds, ohf) in the EU-funded SEAFOODplus project. The aim was to examine whether farmed cod, which were produced with special regard to animal welfare on the one hand, and on the other hand produced in the traditional way, had different quality characteristics. A consumer survey was also conducted to examine whether consumers had different tastes for these products and whether different information about the fire had an effect on how consumers liked the products.<\/p>\n\n\n\n<p>In the latest issue. Rann\u00edsbla\u00f0i\u00f0 covered two of the members of the study, Emil\u00eda Martinsd\u00f3ttir and Kolbr\u00fan Sveinsd\u00f3ttir, about the study. In short, the results indicate that if consumers did not know whether the farmed fish had been farmed with special regard to the welfare of the fish or not, they would have preferred farmed cod that were farmed in the traditional way.<\/p>\n\n\n\n<p>It turned out, however, that when consumers received information about the farming methods, they preferred the fish that was farmed for the welfare of the fish and found it natural that fish that were farmed in such conditions were more expensive than traditional farmed fish.<\/p>\n\n\n\n<p>These results suggest that food labeling and what information is given on the packaging is important for consumers. They also suggest that people not only use traditional senses when evaluating food, but also eat &quot;with the heart.&quot;<\/p>\n\n\n\n<p>Recently was also&nbsp;<a href=\"http:\/\/www.seafoodplus.org\/ETHICOD_New_SEAFOODplu.556.0.html\" target=\"_blank\" rel=\"noreferrer noopener\">a discussion of this topic on the SEAFOODplus website<\/a><\/p>\n\n\n\n<p><a href=\"https:\/\/gamla.matis.is\/media\/frettir\/\/rannisbladid_1_2007.pdf\" target=\"_blank\" rel=\"noreferrer noopener\">Article in Rann\u00edsbla\u00f0i\u00f0<\/a><\/p>","protected":false},"excerpt":{"rendered":"<p>Umr\u00e6\u00f0a um velfer\u00f0 d\u00fdra og umhverfisv\u00e6na matv\u00e6laframlei\u00f0slu hefur f\u00e6rst \u00ed aukana \u00e1 undanf\u00f6rnum \u00e1rum. Umr\u00e6\u00f0an tekur \u00e1 sig \u00fdmsar myndir [&hellip;]<\/p>\n","protected":false},"author":1,"featured_media":41625,"comment_status":"closed","ping_status":"closed","sticky":false,"template":"templates\/template-cover.php","format":"standard","meta":{"_acf_changed":false,"_uag_custom_page_level_css":"","site-sidebar-layout":"default","site-content-layout":"","ast-site-content-layout":"default","site-content-style":"default","site-sidebar-style":"default","ast-global-header-display":"","ast-banner-title-visibility":"","ast-main-header-display":"","ast-hfb-above-header-display":"","ast-hfb-below-header-display":"","ast-hfb-mobile-header-display":"","site-post-title":"","ast-breadcrumbs-content":"","ast-featured-img":"","footer-sml-layout":"","ast-disable-related-posts":"","theme-transparent-header-meta":"","adv-header-id-meta":"","stick-header-meta":"","header-above-stick-meta":"","header-main-stick-meta":"","header-below-stick-meta":"","astra-migrate-meta-layouts":"default","ast-page-background-enabled":"default","ast-page-background-meta":{"desktop":{"background-color":"var(--ast-global-color-5)","background-image":"","background-repeat":"repeat","background-position":"center center","background-size":"auto","background-attachment":"scroll","background-type":"","background-media":"","overlay-type":"","overlay-color":"","overlay-opacity":"","overlay-gradient":""},"tablet":{"background-color":"","background-image":"","background-repeat":"repeat","background-position":"center center","background-size":"auto","background-attachment":"scroll","background-type":"","background-media":"","overlay-type":"","overlay-color":"","overlay-opacity":"","overlay-gradient":""},"mobile":{"background-color":"","background-image":"","background-repeat":"repeat","background-position":"center center","background-size":"auto","background-attachment":"scroll","background-type":"","background-media":"","overlay-type":"","overlay-color":"","overlay-opacity":"","overlay-gradient":""}},"ast-content-background-meta":{"desktop":{"background-color":"var(--ast-global-color-4)","background-image":"","background-repeat":"repeat","background-position":"center center","background-size":"auto","background-attachment":"scroll","background-type":"","background-media":"","overlay-type":"","overlay-color":"","overlay-opacity":"","overlay-gradient":""},"tablet":{"background-color":"var(--ast-global-color-4)","background-image":"","background-repeat":"repeat","background-position":"center center","background-size":"auto","background-attachment":"scroll","background-type":"","background-media":"","overlay-type":"","overlay-color":"","overlay-opacity":"","overlay-gradient":""},"mobile":{"background-color":"var(--ast-global-color-4)","background-image":"","background-repeat":"repeat","background-position":"center center","background-size":"auto","background-attachment":"scroll","background-type":"","background-media":"","overlay-type":"","overlay-color":"","overlay-opacity":"","overlay-gradient":""}},"footnotes":""},"categories":[1973],"tags":[],"class_list":["post-43764","post","type-post","status-publish","format-standard","has-post-thumbnail","hentry","category-frettir"],"acf":[],"yoast_head":"<!-- This site is optimized with the Yoast SEO plugin v27.4 - https:\/\/yoast.com\/product\/yoast-seo-wordpress\/ -->\n<title>A\u00f0 bor\u00f0a eldisfisk er samviskuspurning - Mat\u00eds<\/title>\n<meta name=\"robots\" content=\"index, follow, max-snippet:-1, max-image-preview:large, max-video-preview:-1\" \/>\n<link rel=\"canonical\" href=\"https:\/\/matis.is\/en\/frettir\/ad-borda-eldisfisk-er-samviskuspurning\/\" \/>\n<meta property=\"og:locale\" content=\"en_GB\" \/>\n<meta property=\"og:type\" content=\"article\" \/>\n<meta property=\"og:title\" content=\"A\u00f0 bor\u00f0a eldisfisk er samviskuspurning - Mat\u00eds\" \/>\n<meta property=\"og:description\" content=\"Umr\u00e6\u00f0a um velfer\u00f0 d\u00fdra og umhverfisv\u00e6na matv\u00e6laframlei\u00f0slu hefur f\u00e6rst \u00ed aukana \u00e1 undanf\u00f6rnum \u00e1rum. Umr\u00e6\u00f0an tekur \u00e1 sig \u00fdmsar myndir [&hellip;]\" \/>\n<meta property=\"og:url\" content=\"https:\/\/matis.is\/en\/frettir\/ad-borda-eldisfisk-er-samviskuspurning\/\" \/>\n<meta property=\"og:site_name\" content=\"Mat\u00eds\" \/>\n<meta property=\"article:publisher\" content=\"https:\/\/www.facebook.com\/matisiceland\" \/>\n<meta property=\"article:published_time\" content=\"2007-04-13T13:03:00+00:00\" \/>\n<meta property=\"article:modified_time\" content=\"2021-08-30T13:04:17+00:00\" \/>\n<meta property=\"og:image\" content=\"https:\/\/matis.is\/wp-content\/uploads\/Fiskeldi_i_kvium.jpg\" \/>\n\t<meta property=\"og:image:width\" content=\"448\" \/>\n\t<meta property=\"og:image:height\" content=\"163\" \/>\n\t<meta property=\"og:image:type\" content=\"image\/jpeg\" \/>\n<meta name=\"author\" content=\"admin\" \/>\n<meta name=\"twitter:card\" content=\"summary_large_image\" \/>\n<meta name=\"twitter:creator\" content=\"@matisiceland\" \/>\n<meta name=\"twitter:site\" content=\"@matisiceland\" \/>\n<meta name=\"twitter:label1\" content=\"Written by\" \/>\n\t<meta name=\"twitter:data1\" content=\"admin\" \/>\n\t<meta name=\"twitter:label2\" content=\"Estimated reading time\" \/>\n\t<meta name=\"twitter:data2\" content=\"2 minutes\" \/>\n<script type=\"application\/ld+json\" class=\"yoast-schema-graph\">{\"@context\":\"https:\\\/\\\/schema.org\",\"@graph\":[{\"@type\":\"Article\",\"@id\":\"https:\\\/\\\/matis.is\\\/en\\\/frettir\\\/ad-borda-eldisfisk-er-samviskuspurning\\\/#article\",\"isPartOf\":{\"@id\":\"https:\\\/\\\/matis.is\\\/en\\\/frettir\\\/ad-borda-eldisfisk-er-samviskuspurning\\\/\"},\"author\":{\"name\":\"admin\",\"@id\":\"https:\\\/\\\/matis.is\\\/#\\\/schema\\\/person\\\/33b92c850c915c93e67f291e3381a49a\"},\"headline\":\"A\u00f0 bor\u00f0a eldisfisk er samviskuspurning\",\"datePublished\":\"2007-04-13T13:03:00+00:00\",\"dateModified\":\"2021-08-30T13:04:17+00:00\",\"mainEntityOfPage\":{\"@id\":\"https:\\\/\\\/matis.is\\\/en\\\/frettir\\\/ad-borda-eldisfisk-er-samviskuspurning\\\/\"},\"wordCount\":518,\"publisher\":{\"@id\":\"https:\\\/\\\/matis.is\\\/#organization\"},\"image\":{\"@id\":\"https:\\\/\\\/matis.is\\\/en\\\/frettir\\\/ad-borda-eldisfisk-er-samviskuspurning\\\/#primaryimage\"},\"thumbnailUrl\":\"https:\\\/\\\/matis.is\\\/wp-content\\\/uploads\\\/Fiskeldi_i_kvium.jpg\",\"articleSection\":[\"Fr\u00e9ttir\"],\"inLanguage\":\"en-GB\"},{\"@type\":\"WebPage\",\"@id\":\"https:\\\/\\\/matis.is\\\/en\\\/frettir\\\/ad-borda-eldisfisk-er-samviskuspurning\\\/\",\"url\":\"https:\\\/\\\/matis.is\\\/en\\\/frettir\\\/ad-borda-eldisfisk-er-samviskuspurning\\\/\",\"name\":\"A\u00f0 bor\u00f0a eldisfisk er samviskuspurning - Mat\u00eds\",\"isPartOf\":{\"@id\":\"https:\\\/\\\/matis.is\\\/#website\"},\"primaryImageOfPage\":{\"@id\":\"https:\\\/\\\/matis.is\\\/en\\\/frettir\\\/ad-borda-eldisfisk-er-samviskuspurning\\\/#primaryimage\"},\"image\":{\"@id\":\"https:\\\/\\\/matis.is\\\/en\\\/frettir\\\/ad-borda-eldisfisk-er-samviskuspurning\\\/#primaryimage\"},\"thumbnailUrl\":\"https:\\\/\\\/matis.is\\\/wp-content\\\/uploads\\\/Fiskeldi_i_kvium.jpg\",\"datePublished\":\"2007-04-13T13:03:00+00:00\",\"dateModified\":\"2021-08-30T13:04:17+00:00\",\"breadcrumb\":{\"@id\":\"https:\\\/\\\/matis.is\\\/en\\\/frettir\\\/ad-borda-eldisfisk-er-samviskuspurning\\\/#breadcrumb\"},\"inLanguage\":\"en-GB\",\"potentialAction\":[{\"@type\":\"ReadAction\",\"target\":[\"https:\\\/\\\/matis.is\\\/en\\\/frettir\\\/ad-borda-eldisfisk-er-samviskuspurning\\\/\"]}]},{\"@type\":\"ImageObject\",\"inLanguage\":\"en-GB\",\"@id\":\"https:\\\/\\\/matis.is\\\/en\\\/frettir\\\/ad-borda-eldisfisk-er-samviskuspurning\\\/#primaryimage\",\"url\":\"https:\\\/\\\/matis.is\\\/wp-content\\\/uploads\\\/Fiskeldi_i_kvium.jpg\",\"contentUrl\":\"https:\\\/\\\/matis.is\\\/wp-content\\\/uploads\\\/Fiskeldi_i_kvium.jpg\",\"width\":448,\"height\":163},{\"@type\":\"BreadcrumbList\",\"@id\":\"https:\\\/\\\/matis.is\\\/en\\\/frettir\\\/ad-borda-eldisfisk-er-samviskuspurning\\\/#breadcrumb\",\"itemListElement\":[{\"@type\":\"ListItem\",\"position\":1,\"name\":\"Home\",\"item\":\"https:\\\/\\\/matis.is\\\/\"},{\"@type\":\"ListItem\",\"position\":2,\"name\":\"A\u00f0 bor\u00f0a eldisfisk er samviskuspurning\"}]},{\"@type\":\"WebSite\",\"@id\":\"https:\\\/\\\/matis.is\\\/#website\",\"url\":\"https:\\\/\\\/matis.is\\\/\",\"name\":\"Mat\u00eds\",\"description\":\"Ver\u00f0m\u00e6task\u00f6pun, matv\u00e6la\u00f6ryggi og l\u00fd\u00f0heilsa\",\"publisher\":{\"@id\":\"https:\\\/\\\/matis.is\\\/#organization\"},\"potentialAction\":[{\"@type\":\"SearchAction\",\"target\":{\"@type\":\"EntryPoint\",\"urlTemplate\":\"https:\\\/\\\/matis.is\\\/?s={search_term_string}\"},\"query-input\":{\"@type\":\"PropertyValueSpecification\",\"valueRequired\":true,\"valueName\":\"search_term_string\"}}],\"inLanguage\":\"en-GB\"},{\"@type\":\"Organization\",\"@id\":\"https:\\\/\\\/matis.is\\\/#organization\",\"name\":\"Mat\u00eds ohf.\",\"url\":\"https:\\\/\\\/matis.is\\\/\",\"logo\":{\"@type\":\"ImageObject\",\"inLanguage\":\"en-GB\",\"@id\":\"https:\\\/\\\/matis.is\\\/#\\\/schema\\\/logo\\\/image\\\/\",\"url\":\"https:\\\/\\\/matis.is\\\/wp-content\\\/uploads\\\/2021\\\/02\\\/matis_logo_blatthvitt.png\",\"contentUrl\":\"https:\\\/\\\/matis.is\\\/wp-content\\\/uploads\\\/2021\\\/02\\\/matis_logo_blatthvitt.png\",\"width\":1507,\"height\":1507,\"caption\":\"Mat\u00eds ohf.\"},\"image\":{\"@id\":\"https:\\\/\\\/matis.is\\\/#\\\/schema\\\/logo\\\/image\\\/\"},\"sameAs\":[\"https:\\\/\\\/www.facebook.com\\\/matisiceland\",\"https:\\\/\\\/x.com\\\/matisiceland\",\"https:\\\/\\\/www.instagram.com\\\/matisiceland\\\/\",\"https:\\\/\\\/www.linkedin.com\\\/matisiceland\\\/\",\"https:\\\/\\\/www.youtube.com\\\/channel\\\/UCY-frt3uTqgVZW-DLjoo5bA\"]},{\"@type\":\"Person\",\"@id\":\"https:\\\/\\\/matis.is\\\/#\\\/schema\\\/person\\\/33b92c850c915c93e67f291e3381a49a\",\"name\":\"admin\",\"sameAs\":[\"https:\\\/\\\/matis.mareframe.eu\"],\"url\":\"https:\\\/\\\/matis.is\\\/en\\\/author\\\/thormodurmatis-is\\\/\"}]}<\/script>\n<!-- \/ Yoast SEO plugin. -->","yoast_head_json":{"title":"Eating farmed fish is a matter of conscience - Mat\u00eds","robots":{"index":"index","follow":"follow","max-snippet":"max-snippet:-1","max-image-preview":"max-image-preview:large","max-video-preview":"max-video-preview:-1"},"canonical":"https:\/\/matis.is\/en\/frettir\/ad-borda-eldisfisk-er-samviskuspurning\/","og_locale":"en_GB","og_type":"article","og_title":"A\u00f0 bor\u00f0a eldisfisk er samviskuspurning - Mat\u00eds","og_description":"Umr\u00e6\u00f0a um velfer\u00f0 d\u00fdra og umhverfisv\u00e6na matv\u00e6laframlei\u00f0slu hefur f\u00e6rst \u00ed aukana \u00e1 undanf\u00f6rnum \u00e1rum. Umr\u00e6\u00f0an tekur \u00e1 sig \u00fdmsar myndir [&hellip;]","og_url":"https:\/\/matis.is\/en\/frettir\/ad-borda-eldisfisk-er-samviskuspurning\/","og_site_name":"Mat\u00eds","article_publisher":"https:\/\/www.facebook.com\/matisiceland","article_published_time":"2007-04-13T13:03:00+00:00","article_modified_time":"2021-08-30T13:04:17+00:00","og_image":[{"width":448,"height":163,"url":"https:\/\/matis.is\/wp-content\/uploads\/Fiskeldi_i_kvium.jpg","type":"image\/jpeg"}],"author":"admin","twitter_card":"summary_large_image","twitter_creator":"@matisiceland","twitter_site":"@matisiceland","twitter_misc":{"Written by":"admin","Estimated reading time":"2 minutes"},"schema":{"@context":"https:\/\/schema.org","@graph":[{"@type":"Article","@id":"https:\/\/matis.is\/en\/frettir\/ad-borda-eldisfisk-er-samviskuspurning\/#article","isPartOf":{"@id":"https:\/\/matis.is\/en\/frettir\/ad-borda-eldisfisk-er-samviskuspurning\/"},"author":{"name":"admin","@id":"https:\/\/matis.is\/#\/schema\/person\/33b92c850c915c93e67f291e3381a49a"},"headline":"A\u00f0 bor\u00f0a eldisfisk er samviskuspurning","datePublished":"2007-04-13T13:03:00+00:00","dateModified":"2021-08-30T13:04:17+00:00","mainEntityOfPage":{"@id":"https:\/\/matis.is\/en\/frettir\/ad-borda-eldisfisk-er-samviskuspurning\/"},"wordCount":518,"publisher":{"@id":"https:\/\/matis.is\/#organization"},"image":{"@id":"https:\/\/matis.is\/en\/frettir\/ad-borda-eldisfisk-er-samviskuspurning\/#primaryimage"},"thumbnailUrl":"https:\/\/matis.is\/wp-content\/uploads\/Fiskeldi_i_kvium.jpg","articleSection":["Fr\u00e9ttir"],"inLanguage":"en-GB"},{"@type":"WebPage","@id":"https:\/\/matis.is\/en\/frettir\/ad-borda-eldisfisk-er-samviskuspurning\/","url":"https:\/\/matis.is\/en\/frettir\/ad-borda-eldisfisk-er-samviskuspurning\/","name":"Eating farmed fish is a matter of conscience - Mat\u00eds","isPartOf":{"@id":"https:\/\/matis.is\/#website"},"primaryImageOfPage":{"@id":"https:\/\/matis.is\/en\/frettir\/ad-borda-eldisfisk-er-samviskuspurning\/#primaryimage"},"image":{"@id":"https:\/\/matis.is\/en\/frettir\/ad-borda-eldisfisk-er-samviskuspurning\/#primaryimage"},"thumbnailUrl":"https:\/\/matis.is\/wp-content\/uploads\/Fiskeldi_i_kvium.jpg","datePublished":"2007-04-13T13:03:00+00:00","dateModified":"2021-08-30T13:04:17+00:00","breadcrumb":{"@id":"https:\/\/matis.is\/en\/frettir\/ad-borda-eldisfisk-er-samviskuspurning\/#breadcrumb"},"inLanguage":"en-GB","potentialAction":[{"@type":"ReadAction","target":["https:\/\/matis.is\/en\/frettir\/ad-borda-eldisfisk-er-samviskuspurning\/"]}]},{"@type":"ImageObject","inLanguage":"en-GB","@id":"https:\/\/matis.is\/en\/frettir\/ad-borda-eldisfisk-er-samviskuspurning\/#primaryimage","url":"https:\/\/matis.is\/wp-content\/uploads\/Fiskeldi_i_kvium.jpg","contentUrl":"https:\/\/matis.is\/wp-content\/uploads\/Fiskeldi_i_kvium.jpg","width":448,"height":163},{"@type":"BreadcrumbList","@id":"https:\/\/matis.is\/en\/frettir\/ad-borda-eldisfisk-er-samviskuspurning\/#breadcrumb","itemListElement":[{"@type":"ListItem","position":1,"name":"Home","item":"https:\/\/matis.is\/"},{"@type":"ListItem","position":2,"name":"A\u00f0 bor\u00f0a eldisfisk er samviskuspurning"}]},{"@type":"WebSite","@id":"https:\/\/matis.is\/#website","url":"https:\/\/matis.is\/","name":"Mat\u00eds","description":"Value creation, food security and public health","publisher":{"@id":"https:\/\/matis.is\/#organization"},"potentialAction":[{"@type":"SearchAction","target":{"@type":"EntryPoint","urlTemplate":"https:\/\/matis.is\/?s={search_term_string}"},"query-input":{"@type":"PropertyValueSpecification","valueRequired":true,"valueName":"search_term_string"}}],"inLanguage":"en-GB"},{"@type":"Organization","@id":"https:\/\/matis.is\/#organization","name":"Mat\u00eds ohf.","url":"https:\/\/matis.is\/","logo":{"@type":"ImageObject","inLanguage":"en-GB","@id":"https:\/\/matis.is\/#\/schema\/logo\/image\/","url":"https:\/\/matis.is\/wp-content\/uploads\/2021\/02\/matis_logo_blatthvitt.png","contentUrl":"https:\/\/matis.is\/wp-content\/uploads\/2021\/02\/matis_logo_blatthvitt.png","width":1507,"height":1507,"caption":"Mat\u00eds ohf."},"image":{"@id":"https:\/\/matis.is\/#\/schema\/logo\/image\/"},"sameAs":["https:\/\/www.facebook.com\/matisiceland","https:\/\/x.com\/matisiceland","https:\/\/www.instagram.com\/matisiceland\/","https:\/\/www.linkedin.com\/matisiceland\/","https:\/\/www.youtube.com\/channel\/UCY-frt3uTqgVZW-DLjoo5bA"]},{"@type":"Person","@id":"https:\/\/matis.is\/#\/schema\/person\/33b92c850c915c93e67f291e3381a49a","name":"admin","sameAs":["https:\/\/matis.mareframe.eu"],"url":"https:\/\/matis.is\/en\/author\/thormodurmatis-is\/"}]}},"spectra_custom_meta":{"_edit_lock":["1630328671:5"],"_wp_old_date":["2021-08-30"],"_thumbnail_id":["41625"],"_wp_page_template":["templates\/template-cover.php"],"_edit_last":["5"],"tengilidur":[""],"_tengilidur":["field_5ef905e0538b2"],"_yoast_wpseo_primary_category":["1973"],"_yoast_wpseo_content_score":["30"],"_yoast_wpseo_estimated-reading-time-minutes":["2"],"wpmm_postgrid_views":["346"],"_uag_css_file_name":["uag-css-43764.css"],"_uag_page_assets":["a:9:{s:3:\"css\";s:263:\".uag-blocks-common-selector{z-index:var(--z-index-desktop) !important}@media (max-width: 976px){.uag-blocks-common-selector{z-index:var(--z-index-tablet) !important}}@media (max-width: 767px){.uag-blocks-common-selector{z-index:var(--z-index-mobile) !important}}\n\";s:2:\"js\";s:0:\"\";s:18:\"current_block_list\";a:6:{i:0;s:12:\"core\/heading\";i:1;s:14:\"core\/paragraph\";i:2;s:12:\"core\/buttons\";i:3;s:11:\"core\/button\";i:4;s:12:\"core\/columns\";i:5;s:11:\"core\/column\";}s:8:\"uag_flag\";b:0;s:11:\"uag_version\";s:10:\"1777300790\";s:6:\"gfonts\";a:0:{}s:10:\"gfonts_url\";s:0:\"\";s:12:\"gfonts_files\";a:0:{}s:14:\"uag_faq_layout\";b:0;}"]},"uagb_featured_image_src":{"full":["https:\/\/matis.is\/wp-content\/uploads\/Fiskeldi_i_kvium.jpg",448,163,false],"thumbnail":["https:\/\/matis.is\/wp-content\/uploads\/Fiskeldi_i_kvium-150x150.jpg",150,150,true],"medium":["https:\/\/matis.is\/wp-content\/uploads\/Fiskeldi_i_kvium-300x109.jpg",300,109,true],"medium_large":["https:\/\/matis.is\/wp-content\/uploads\/Fiskeldi_i_kvium.jpg",448,163,false],"large":["https:\/\/matis.is\/wp-content\/uploads\/Fiskeldi_i_kvium.jpg",448,163,false],"1536x1536":["https:\/\/matis.is\/wp-content\/uploads\/Fiskeldi_i_kvium.jpg",448,163,false],"2048x2048":["https:\/\/matis.is\/wp-content\/uploads\/Fiskeldi_i_kvium.jpg",448,163,false],"trp-custom-language-flag":["https:\/\/matis.is\/wp-content\/uploads\/Fiskeldi_i_kvium.jpg",18,7,false]},"uagb_author_info":{"display_name":"admin","author_link":"https:\/\/matis.is\/en\/author\/thormodurmatis-is\/"},"uagb_comment_info":0,"uagb_excerpt":"Umr\u00e6\u00f0a um velfer\u00f0 d\u00fdra og umhverfisv\u00e6na matv\u00e6laframlei\u00f0slu hefur f\u00e6rst \u00ed aukana \u00e1 undanf\u00f6rnum \u00e1rum. Umr\u00e6\u00f0an tekur \u00e1 sig \u00fdmsar myndir [&hellip;]","_links":{"self":[{"href":"https:\/\/matis.is\/en\/wp-json\/wp\/v2\/posts\/43764","targetHints":{"allow":["GET"]}}],"collection":[{"href":"https:\/\/matis.is\/en\/wp-json\/wp\/v2\/posts"}],"about":[{"href":"https:\/\/matis.is\/en\/wp-json\/wp\/v2\/types\/post"}],"author":[{"embeddable":true,"href":"https:\/\/matis.is\/en\/wp-json\/wp\/v2\/users\/1"}],"replies":[{"embeddable":true,"href":"https:\/\/matis.is\/en\/wp-json\/wp\/v2\/comments?post=43764"}],"version-history":[{"count":1,"href":"https:\/\/matis.is\/en\/wp-json\/wp\/v2\/posts\/43764\/revisions"}],"predecessor-version":[{"id":43765,"href":"https:\/\/matis.is\/en\/wp-json\/wp\/v2\/posts\/43764\/revisions\/43765"}],"wp:featuredmedia":[{"embeddable":true,"href":"https:\/\/matis.is\/en\/wp-json\/wp\/v2\/media\/41625"}],"wp:attachment":[{"href":"https:\/\/matis.is\/en\/wp-json\/wp\/v2\/media?parent=43764"}],"wp:term":[{"taxonomy":"category","embeddable":true,"href":"https:\/\/matis.is\/en\/wp-json\/wp\/v2\/categories?post=43764"},{"taxonomy":"post_tag","embeddable":true,"href":"https:\/\/matis.is\/en\/wp-json\/wp\/v2\/tags?post=43764"}],"curies":[{"name":"wp","href":"https:\/\/api.w.org\/{rel}","templated":true}]}}